{"id":10050,"date":"2022-05-03T23:59:12","date_gmt":"2022-05-03T21:59:12","guid":{"rendered":"https:\/\/lokalmagasinet.no\/?p=10050"},"modified":"2022-05-04T03:11:25","modified_gmt":"2022-05-04T01:11:25","slug":"men-husk-storst-av-alt-er-kjaerligheten","status":"publish","type":"post","link":"https:\/\/lokalmagasinet.no\/?p=10050","title":{"rendered":"&#8211; Men husk: St\u00f8rst av alt er kj\u00e6rligheten!"},"content":{"rendered":"<p style=\"text-align: left;\"><img loading=\"lazy\" decoding=\"async\" class=\"alignleft wp-image-10007 size-medium\" src=\"https:\/\/lokalmagasinet.no\/wp-content\/uploads\/2022\/05\/IMG-0396-300x225.jpg\" alt=\"\" width=\"300\" height=\"225\" srcset=\"https:\/\/lokalmagasinet.no\/wp-content\/uploads\/2022\/05\/IMG-0396-300x225.jpg 300w, https:\/\/lokalmagasinet.no\/wp-content\/uploads\/2022\/05\/IMG-0396-1024x768.jpg 1024w, https:\/\/lokalmagasinet.no\/wp-content\/uploads\/2022\/05\/IMG-0396-150x113.jpg 150w, https:\/\/lokalmagasinet.no\/wp-content\/uploads\/2022\/05\/IMG-0396-768x576.jpg 768w, https:\/\/lokalmagasinet.no\/wp-content\/uploads\/2022\/05\/IMG-0396-1536x1152.jpg 1536w, https:\/\/lokalmagasinet.no\/wp-content\/uploads\/2022\/05\/IMG-0396-scaled.jpg 2048w\" sizes=\"auto, (max-width: 300px) 100vw, 300px\" \/>(Publisert 03.05.22) (Reporter Svein-H. Strand) <strong>Det var tre \u00e5r siden sist, og det skulle v\u00e6re tre talere. Bare to var kommet og hadde talt da ordf\u00f8rer Tom Anders Ludvigsen m\u00e5tte avslutte \u00e5rets 1. mai-markering i Glenneparken, der omtrent like mange var samlet som i 2019. Fra Ap, SV og R\u00f8dt i Vestby, ogs\u00e5 som da.<\/strong><\/p>\n<p>&nbsp;<\/p>\n<p>Og som sist: Etter et tradisjonelt <em><strong><a href=\"https:\/\/lokalmagasinet.no\/?p=10014\">1. mai-tog med musikk og paroler<\/a><\/strong><\/em> som tok &laquo;runden&raquo; fra Son eldresenter, via Storgata og Kol\u00e5sveien og tilbake til Glenneparken, der dagen har v\u00e6rt markert i en \u00e5rrekke.<\/p>\n<p><img loading=\"lazy\" decoding=\"async\" class=\"alignnone size-large wp-image-10008\" src=\"https:\/\/lokalmagasinet.no\/wp-content\/uploads\/2022\/05\/IMG-0398-1024x768.jpg\" alt=\"\" width=\"1024\" height=\"768\" srcset=\"https:\/\/lokalmagasinet.no\/wp-content\/uploads\/2022\/05\/IMG-0398-1024x768.jpg 1024w, https:\/\/lokalmagasinet.no\/wp-content\/uploads\/2022\/05\/IMG-0398-300x225.jpg 300w, https:\/\/lokalmagasinet.no\/wp-content\/uploads\/2022\/05\/IMG-0398-150x113.jpg 150w, https:\/\/lokalmagasinet.no\/wp-content\/uploads\/2022\/05\/IMG-0398-768x576.jpg 768w, https:\/\/lokalmagasinet.no\/wp-content\/uploads\/2022\/05\/IMG-0398-1536x1152.jpg 1536w, https:\/\/lokalmagasinet.no\/wp-content\/uploads\/2022\/05\/IMG-0398-scaled.jpg 2048w\" sizes=\"auto, (max-width: 1024px) 100vw, 1024px\" \/><\/p>\n<p><strong>Ina Libak, tidligere AUF-leder (bildet) holdt en poengtert tale, der hun understreket at &laquo;<em>Arbeid til alle<\/em>&raquo; er jobb nummer 1 for arbeiderbevegelsen.<\/strong><\/p>\n<p>&#8211; Solidaritet er ikke for solskinnsdager.<\/p>\n<p>&#8211; Og vi skal v\u00e6re der for alle som ikke f\u00e5r f\u00f8le fellesskapets stemme &#8211; og for alle som trenger hjelp mot urettferdighet fra &laquo;velferdsstaten&raquo;. Vi er ikke systemet &#8211; vi er hjelpere!<\/p>\n<p><strong>&#8211; Et arbeid skapt av n\u00f8d. Slik ble v\u00e5r ideologi skapt &#8211; i hodene og i hjertene v\u00e5re. Men husk: St\u00f8rst av alt er kj\u00e6rligheten!<\/strong><\/p>\n<p>Innledningsvis minnet Libak om at &laquo;dagen markeres sammen med kamerater over hele verden&raquo;.<\/p>\n<p>&#8211; Vi kommer aldri til \u00e5 gi opp! Folkets lengsel etter frihet kan aldri forsvinne!<\/p>\n<p>&#8211; Og m\u00e5tte de ikke miste h\u00e5pet, de fattige som sulter &#8211; men som st\u00e5r opp hver dag. Dr\u00f8mmen om rettferdighet er mulig!<\/p>\n<p><strong>Naturlig nok var den p\u00e5g\u00e5ende krigen i Ukraina og solidaritet med flyktningene som kommer til Norge et deltema i talen.<\/strong><\/p>\n<p>&#8211; For dem skal vi v\u00e6re et trygt hjem, og de skal selv bidra med det de kan, sa Ina Libak.<\/p>\n<p><img loading=\"lazy\" decoding=\"async\" class=\"alignnone size-large wp-image-10009\" src=\"https:\/\/lokalmagasinet.no\/wp-content\/uploads\/2022\/05\/IMG-0401-1024x768.jpg\" alt=\"\" width=\"1024\" height=\"768\" srcset=\"https:\/\/lokalmagasinet.no\/wp-content\/uploads\/2022\/05\/IMG-0401-1024x768.jpg 1024w, https:\/\/lokalmagasinet.no\/wp-content\/uploads\/2022\/05\/IMG-0401-300x225.jpg 300w, https:\/\/lokalmagasinet.no\/wp-content\/uploads\/2022\/05\/IMG-0401-150x113.jpg 150w, https:\/\/lokalmagasinet.no\/wp-content\/uploads\/2022\/05\/IMG-0401-768x576.jpg 768w, https:\/\/lokalmagasinet.no\/wp-content\/uploads\/2022\/05\/IMG-0401-1536x1152.jpg 1536w, https:\/\/lokalmagasinet.no\/wp-content\/uploads\/2022\/05\/IMG-0401-scaled.jpg 2048w\" sizes=\"auto, (max-width: 1024px) 100vw, 1024px\" \/><\/p>\n<p><strong>Andrea Hermine Kj\u00f8ns\u00f8, leder i Vestby AUF (bildet), tok utgangspunkt i corona-pandemien med tre millioner d\u00f8de p\u00e5 verdensbasis &#8211; og &laquo;de som jobbet og sto p\u00e5&raquo; i helsesektoren da pandemien herjet som verst.<\/strong><\/p>\n<p>&#8211; Over 400 tusen arbeidstakere i Norge har v\u00e6rt permittert eller oppsagt.<\/p>\n<p>&#8211; Mange skoleelever har slitt under pandemien, fastslo Kj\u00f8ns\u00f8.<\/p>\n<p><strong>Hun la til at yrkesfag-elevene, som hun selv tilh\u00f8rer, er &laquo;dritt lei&raquo; av \u00e5 m\u00e5tte betale for sin oppl\u00e6ring.<\/strong><\/p>\n<p>&#8211; Og \u00e9n av fire p\u00e5 yrkesfag avslutter ikke utdanningen. Hvorfor?<\/p>\n<p>&#8211; Noe m\u00e5 gj\u00f8res med dette, og vi klarer best \u00e5 ta i det sammen, avsluttet Kj\u00f8ns\u00f8.<\/p>\n<p>Fra ordf\u00f8reren vanket det blomster og gode ord til hver av talerne. Han benyttet ogs\u00e5 anledningen til \u00e5 rette en stor takk til S\u00e5ner Skolekorps, som alltid stiller opp p\u00e5 dager som disse.<\/p>\n<p><strong>N\u00e5r det gjelder Kj\u00f8ns\u00f8, kunne Ludvigsen fortelle &#8211; til stor applaus &#8211; at yrkesfag-eleven ogs\u00e5 jobber deltid p\u00e5 velkjente restaurant Statholderg\u00e5rden i Oslo. Dette s\u00e5 han som et tegn p\u00e5 besluttsomhet og viljestyrke.<\/strong><\/p>\n<p>&nbsp;<\/p>\n<p>&nbsp;<\/p>\n<p>Views: 130<\/p>","protected":false},"excerpt":{"rendered":"<p>(Publisert 03.05.22) (Reporter Svein-H. Strand) Det var tre \u00e5r siden sist, og det skulle v\u00e6re tre talere. Bare to var kommet og hadde talt da ordf\u00f8rer Tom Anders Ludvigsen m\u00e5tte &#8230; <\/p>\n<p class=\"read-more-container\"><a title=\"&#8211; Men husk: St\u00f8rst av alt er kj\u00e6rligheten!\" class=\"read-more button\" href=\"https:\/\/lokalmagasinet.no\/?p=10050#more-10050\">Les mer<span class=\"screen-reader-text\">&#8211; Men husk: St\u00f8rst av alt er kj\u00e6rligheten!<\/span><\/a><\/p>\n","protected":false},"author":6,"featured_media":0,"comment_status":"closed","ping_status":"open","sticky":false,"template":"","format":"standard","meta":{"footnotes":""},"categories":[1,34],"tags":[],"class_list":["post-10050","post","type-post","status-publish","format-standard","hentry","category-aktuelt","category-debatt"],"yoast_head":"<!-- This site is optimized with the Yoast SEO plugin v27.4 - https:\/\/yoast.com\/product\/yoast-seo-wordpress\/ -->\n<title>- Men husk: St\u00f8rst av alt er kj\u00e6rligheten! | Lokalmagasinet.no<\/title>\n<meta name=\"robots\" content=\"index, follow, max-snippet:-1, max-image-preview:large, max-video-preview:-1\" \/>\n<link rel=\"canonical\" href=\"https:\/\/lokalmagasinet.no\/?p=10050\" \/>\n<meta property=\"og:locale\" content=\"nn_NO\" \/>\n<meta property=\"og:type\" content=\"article\" \/>\n<meta property=\"og:title\" content=\"- Men husk: St\u00f8rst av alt er kj\u00e6rligheten! | Lokalmagasinet.no\" \/>\n<meta property=\"og:description\" content=\"(Publisert 03.05.22) (Reporter Svein-H. Strand) Det var tre \u00e5r siden sist, og det skulle v\u00e6re tre talere. Bare to var kommet og hadde talt da ordf\u00f8rer Tom Anders Ludvigsen m\u00e5tte ... Les mer&#8211; Men husk: St\u00f8rst av alt er kj\u00e6rligheten!\" \/>\n<meta property=\"og:url\" content=\"https:\/\/lokalmagasinet.no\/?p=10050\" \/>\n<meta property=\"og:site_name\" content=\"Lokalmagasinet.no\" \/>\n<meta property=\"article:publisher\" content=\"https:\/\/www.facebook.com\/sveinharald.strand.1\" \/>\n<meta property=\"article:author\" content=\"https:\/\/www.facebook.com\/sveinharald.strand.1\" \/>\n<meta property=\"article:published_time\" content=\"2022-05-03T21:59:12+00:00\" \/>\n<meta property=\"article:modified_time\" content=\"2022-05-04T01:11:25+00:00\" \/>\n<meta property=\"og:image\" content=\"https:\/\/lokalmagasinet.no\/wp-content\/uploads\/2022\/05\/IMG-0396-300x225.jpg\" \/>\n<meta name=\"author\" content=\"Svein-Harald Strand\" \/>\n<meta name=\"twitter:card\" content=\"summary_large_image\" \/>\n<meta name=\"twitter:creator\" content=\"@LMExtra\" \/>\n<meta name=\"twitter:site\" content=\"@LMExtra\" \/>\n<meta name=\"twitter:label1\" content=\"Written by\" \/>\n\t<meta name=\"twitter:data1\" content=\"Svein-Harald Strand\" \/>\n\t<meta name=\"twitter:label2\" content=\"Est. reading time\" \/>\n\t<meta name=\"twitter:data2\" content=\"2 minutt\" \/>\n<script type=\"application\/ld+json\" class=\"yoast-schema-graph\">{\"@context\":\"https:\\\/\\\/schema.org\",\"@graph\":[{\"@type\":\"Article\",\"@id\":\"https:\\\/\\\/lokalmagasinet.no\\\/?p=10050#article\",\"isPartOf\":{\"@id\":\"https:\\\/\\\/lokalmagasinet.no\\\/?p=10050\"},\"author\":{\"name\":\"Svein-Harald Strand\",\"@id\":\"https:\\\/\\\/lokalmagasinet.no\\\/#\\\/schema\\\/person\\\/2e8d221708d3aaf6f577275b5bba4310\"},\"headline\":\"&#8211; Men husk: St\u00f8rst av alt er kj\u00e6rligheten!\",\"datePublished\":\"2022-05-03T21:59:12+00:00\",\"dateModified\":\"2022-05-04T01:11:25+00:00\",\"mainEntityOfPage\":{\"@id\":\"https:\\\/\\\/lokalmagasinet.no\\\/?p=10050\"},\"wordCount\":471,\"publisher\":{\"@id\":\"https:\\\/\\\/lokalmagasinet.no\\\/#organization\"},\"image\":{\"@id\":\"https:\\\/\\\/lokalmagasinet.no\\\/?p=10050#primaryimage\"},\"thumbnailUrl\":\"https:\\\/\\\/lokalmagasinet.no\\\/wp-content\\\/uploads\\\/2022\\\/05\\\/IMG-0396-300x225.jpg\",\"articleSection\":[\"Aktuelt\",\"Debatt\"],\"inLanguage\":\"nn-NO\"},{\"@type\":\"WebPage\",\"@id\":\"https:\\\/\\\/lokalmagasinet.no\\\/?p=10050\",\"url\":\"https:\\\/\\\/lokalmagasinet.no\\\/?p=10050\",\"name\":\"- Men husk: St\u00f8rst av alt er kj\u00e6rligheten! | Lokalmagasinet.no\",\"isPartOf\":{\"@id\":\"https:\\\/\\\/lokalmagasinet.no\\\/#website\"},\"primaryImageOfPage\":{\"@id\":\"https:\\\/\\\/lokalmagasinet.no\\\/?p=10050#primaryimage\"},\"image\":{\"@id\":\"https:\\\/\\\/lokalmagasinet.no\\\/?p=10050#primaryimage\"},\"thumbnailUrl\":\"https:\\\/\\\/lokalmagasinet.no\\\/wp-content\\\/uploads\\\/2022\\\/05\\\/IMG-0396-300x225.jpg\",\"datePublished\":\"2022-05-03T21:59:12+00:00\",\"dateModified\":\"2022-05-04T01:11:25+00:00\",\"breadcrumb\":{\"@id\":\"https:\\\/\\\/lokalmagasinet.no\\\/?p=10050#breadcrumb\"},\"inLanguage\":\"nn-NO\",\"potentialAction\":[{\"@type\":\"ReadAction\",\"target\":[\"https:\\\/\\\/lokalmagasinet.no\\\/?p=10050\"]}]},{\"@type\":\"ImageObject\",\"inLanguage\":\"nn-NO\",\"@id\":\"https:\\\/\\\/lokalmagasinet.no\\\/?p=10050#primaryimage\",\"url\":\"https:\\\/\\\/lokalmagasinet.no\\\/wp-content\\\/uploads\\\/2022\\\/05\\\/IMG-0396-300x225.jpg\",\"contentUrl\":\"https:\\\/\\\/lokalmagasinet.no\\\/wp-content\\\/uploads\\\/2022\\\/05\\\/IMG-0396-300x225.jpg\"},{\"@type\":\"BreadcrumbList\",\"@id\":\"https:\\\/\\\/lokalmagasinet.no\\\/?p=10050#breadcrumb\",\"itemListElement\":[{\"@type\":\"ListItem\",\"position\":1,\"name\":\"Hjem\",\"item\":\"https:\\\/\\\/lokalmagasinet.no\\\/\"},{\"@type\":\"ListItem\",\"position\":2,\"name\":\"&#8211; Men husk: St\u00f8rst av alt er kj\u00e6rligheten!\"}]},{\"@type\":\"WebSite\",\"@id\":\"https:\\\/\\\/lokalmagasinet.no\\\/#website\",\"url\":\"https:\\\/\\\/lokalmagasinet.no\\\/\",\"name\":\"Lokalmagasinet.no\",\"description\":\"Fra fortid og n\u00e5tid. Med st\u00e5sted i det n\u00e6re. Siden 2002.\",\"publisher\":{\"@id\":\"https:\\\/\\\/lokalmagasinet.no\\\/#organization\"},\"potentialAction\":[{\"@type\":\"SearchAction\",\"target\":{\"@type\":\"EntryPoint\",\"urlTemplate\":\"https:\\\/\\\/lokalmagasinet.no\\\/?s={search_term_string}\"},\"query-input\":{\"@type\":\"PropertyValueSpecification\",\"valueRequired\":true,\"valueName\":\"search_term_string\"}}],\"inLanguage\":\"nn-NO\"},{\"@type\":\"Organization\",\"@id\":\"https:\\\/\\\/lokalmagasinet.no\\\/#organization\",\"name\":\"Lokalmagasinet.no\",\"url\":\"https:\\\/\\\/lokalmagasinet.no\\\/\",\"logo\":{\"@type\":\"ImageObject\",\"inLanguage\":\"nn-NO\",\"@id\":\"https:\\\/\\\/lokalmagasinet.no\\\/#\\\/schema\\\/logo\\\/image\\\/\",\"url\":\"https:\\\/\\\/lokalmagasinet.no\\\/wp-content\\\/uploads\\\/2021\\\/03\\\/cropped-cropped-cropped-cropped-cropped-cropped-lmlogo-e1640691300821.jpg\",\"contentUrl\":\"https:\\\/\\\/lokalmagasinet.no\\\/wp-content\\\/uploads\\\/2021\\\/03\\\/cropped-cropped-cropped-cropped-cropped-cropped-lmlogo-e1640691300821.jpg\",\"width\":72,\"height\":118,\"caption\":\"Lokalmagasinet.no\"},\"image\":{\"@id\":\"https:\\\/\\\/lokalmagasinet.no\\\/#\\\/schema\\\/logo\\\/image\\\/\"},\"sameAs\":[\"https:\\\/\\\/www.facebook.com\\\/sveinharald.strand.1\",\"https:\\\/\\\/x.com\\\/LMExtra\"]},{\"@type\":\"Person\",\"@id\":\"https:\\\/\\\/lokalmagasinet.no\\\/#\\\/schema\\\/person\\\/2e8d221708d3aaf6f577275b5bba4310\",\"name\":\"Svein-Harald Strand\",\"image\":{\"@type\":\"ImageObject\",\"inLanguage\":\"nn-NO\",\"@id\":\"https:\\\/\\\/secure.gravatar.com\\\/avatar\\\/c487434bdf6cd7c12e4a88877ae4b12c38d22b7ad64292b49d33ed7503bb7ce1?s=96&d=mm&r=g\",\"url\":\"https:\\\/\\\/secure.gravatar.com\\\/avatar\\\/c487434bdf6cd7c12e4a88877ae4b12c38d22b7ad64292b49d33ed7503bb7ce1?s=96&d=mm&r=g\",\"contentUrl\":\"https:\\\/\\\/secure.gravatar.com\\\/avatar\\\/c487434bdf6cd7c12e4a88877ae4b12c38d22b7ad64292b49d33ed7503bb7ce1?s=96&d=mm&r=g\",\"caption\":\"Svein-Harald Strand\"},\"description\":\"(F. 26.12.1945) Redakt\u00f8r, journalist og informasjonsarbeider siden 1968. ||| I 1963: Redaksjonell praktikant i 8 m\u00e5neder p\u00e5 full tid i Helgeland Arbeiderblad i hjembyen Mosj\u00f8en. ||| Arbeidende pensjonist med hjemmekontor fra 2008 (AFP) og videre som folkepensjonist til n\u00e5.\",\"sameAs\":[\"https:\\\/\\\/lokalmagasinet.no\\\/\",\"https:\\\/\\\/www.facebook.com\\\/sveinharald.strand.1\",\"https:\\\/\\\/x.com\\\/LMExtra\"],\"url\":\"https:\\\/\\\/lokalmagasinet.no\\\/?author=6\"}]}<\/script>\n<!-- \/ Yoast SEO plugin. -->","yoast_head_json":{"title":"- Men husk: St\u00f8rst av alt er kj\u00e6rligheten! | Lokalmagasinet.no","robots":{"index":"index","follow":"follow","max-snippet":"max-snippet:-1","max-image-preview":"max-image-preview:large","max-video-preview":"max-video-preview:-1"},"canonical":"https:\/\/lokalmagasinet.no\/?p=10050","og_locale":"nn_NO","og_type":"article","og_title":"- Men husk: St\u00f8rst av alt er kj\u00e6rligheten! | Lokalmagasinet.no","og_description":"(Publisert 03.05.22) (Reporter Svein-H. Strand) Det var tre \u00e5r siden sist, og det skulle v\u00e6re tre talere. Bare to var kommet og hadde talt da ordf\u00f8rer Tom Anders Ludvigsen m\u00e5tte ... Les mer&#8211; Men husk: St\u00f8rst av alt er kj\u00e6rligheten!","og_url":"https:\/\/lokalmagasinet.no\/?p=10050","og_site_name":"Lokalmagasinet.no","article_publisher":"https:\/\/www.facebook.com\/sveinharald.strand.1","article_author":"https:\/\/www.facebook.com\/sveinharald.strand.1","article_published_time":"2022-05-03T21:59:12+00:00","article_modified_time":"2022-05-04T01:11:25+00:00","og_image":[{"url":"https:\/\/lokalmagasinet.no\/wp-content\/uploads\/2022\/05\/IMG-0396-300x225.jpg","type":"","width":"","height":""}],"author":"Svein-Harald Strand","twitter_card":"summary_large_image","twitter_creator":"@LMExtra","twitter_site":"@LMExtra","twitter_misc":{"Written by":"Svein-Harald Strand","Est. reading time":"2 minutt"},"schema":{"@context":"https:\/\/schema.org","@graph":[{"@type":"Article","@id":"https:\/\/lokalmagasinet.no\/?p=10050#article","isPartOf":{"@id":"https:\/\/lokalmagasinet.no\/?p=10050"},"author":{"name":"Svein-Harald Strand","@id":"https:\/\/lokalmagasinet.no\/#\/schema\/person\/2e8d221708d3aaf6f577275b5bba4310"},"headline":"&#8211; Men husk: St\u00f8rst av alt er kj\u00e6rligheten!","datePublished":"2022-05-03T21:59:12+00:00","dateModified":"2022-05-04T01:11:25+00:00","mainEntityOfPage":{"@id":"https:\/\/lokalmagasinet.no\/?p=10050"},"wordCount":471,"publisher":{"@id":"https:\/\/lokalmagasinet.no\/#organization"},"image":{"@id":"https:\/\/lokalmagasinet.no\/?p=10050#primaryimage"},"thumbnailUrl":"https:\/\/lokalmagasinet.no\/wp-content\/uploads\/2022\/05\/IMG-0396-300x225.jpg","articleSection":["Aktuelt","Debatt"],"inLanguage":"nn-NO"},{"@type":"WebPage","@id":"https:\/\/lokalmagasinet.no\/?p=10050","url":"https:\/\/lokalmagasinet.no\/?p=10050","name":"- Men husk: St\u00f8rst av alt er kj\u00e6rligheten! | Lokalmagasinet.no","isPartOf":{"@id":"https:\/\/lokalmagasinet.no\/#website"},"primaryImageOfPage":{"@id":"https:\/\/lokalmagasinet.no\/?p=10050#primaryimage"},"image":{"@id":"https:\/\/lokalmagasinet.no\/?p=10050#primaryimage"},"thumbnailUrl":"https:\/\/lokalmagasinet.no\/wp-content\/uploads\/2022\/05\/IMG-0396-300x225.jpg","datePublished":"2022-05-03T21:59:12+00:00","dateModified":"2022-05-04T01:11:25+00:00","breadcrumb":{"@id":"https:\/\/lokalmagasinet.no\/?p=10050#breadcrumb"},"inLanguage":"nn-NO","potentialAction":[{"@type":"ReadAction","target":["https:\/\/lokalmagasinet.no\/?p=10050"]}]},{"@type":"ImageObject","inLanguage":"nn-NO","@id":"https:\/\/lokalmagasinet.no\/?p=10050#primaryimage","url":"https:\/\/lokalmagasinet.no\/wp-content\/uploads\/2022\/05\/IMG-0396-300x225.jpg","contentUrl":"https:\/\/lokalmagasinet.no\/wp-content\/uploads\/2022\/05\/IMG-0396-300x225.jpg"},{"@type":"BreadcrumbList","@id":"https:\/\/lokalmagasinet.no\/?p=10050#breadcrumb","itemListElement":[{"@type":"ListItem","position":1,"name":"Hjem","item":"https:\/\/lokalmagasinet.no\/"},{"@type":"ListItem","position":2,"name":"&#8211; Men husk: St\u00f8rst av alt er kj\u00e6rligheten!"}]},{"@type":"WebSite","@id":"https:\/\/lokalmagasinet.no\/#website","url":"https:\/\/lokalmagasinet.no\/","name":"Lokalmagasinet.no","description":"Fra fortid og n\u00e5tid. Med st\u00e5sted i det n\u00e6re. Siden 2002.","publisher":{"@id":"https:\/\/lokalmagasinet.no\/#organization"},"potentialAction":[{"@type":"SearchAction","target":{"@type":"EntryPoint","urlTemplate":"https:\/\/lokalmagasinet.no\/?s={search_term_string}"},"query-input":{"@type":"PropertyValueSpecification","valueRequired":true,"valueName":"search_term_string"}}],"inLanguage":"nn-NO"},{"@type":"Organization","@id":"https:\/\/lokalmagasinet.no\/#organization","name":"Lokalmagasinet.no","url":"https:\/\/lokalmagasinet.no\/","logo":{"@type":"ImageObject","inLanguage":"nn-NO","@id":"https:\/\/lokalmagasinet.no\/#\/schema\/logo\/image\/","url":"https:\/\/lokalmagasinet.no\/wp-content\/uploads\/2021\/03\/cropped-cropped-cropped-cropped-cropped-cropped-lmlogo-e1640691300821.jpg","contentUrl":"https:\/\/lokalmagasinet.no\/wp-content\/uploads\/2021\/03\/cropped-cropped-cropped-cropped-cropped-cropped-lmlogo-e1640691300821.jpg","width":72,"height":118,"caption":"Lokalmagasinet.no"},"image":{"@id":"https:\/\/lokalmagasinet.no\/#\/schema\/logo\/image\/"},"sameAs":["https:\/\/www.facebook.com\/sveinharald.strand.1","https:\/\/x.com\/LMExtra"]},{"@type":"Person","@id":"https:\/\/lokalmagasinet.no\/#\/schema\/person\/2e8d221708d3aaf6f577275b5bba4310","name":"Svein-Harald Strand","image":{"@type":"ImageObject","inLanguage":"nn-NO","@id":"https:\/\/secure.gravatar.com\/avatar\/c487434bdf6cd7c12e4a88877ae4b12c38d22b7ad64292b49d33ed7503bb7ce1?s=96&d=mm&r=g","url":"https:\/\/secure.gravatar.com\/avatar\/c487434bdf6cd7c12e4a88877ae4b12c38d22b7ad64292b49d33ed7503bb7ce1?s=96&d=mm&r=g","contentUrl":"https:\/\/secure.gravatar.com\/avatar\/c487434bdf6cd7c12e4a88877ae4b12c38d22b7ad64292b49d33ed7503bb7ce1?s=96&d=mm&r=g","caption":"Svein-Harald Strand"},"description":"(F. 26.12.1945) Redakt\u00f8r, journalist og informasjonsarbeider siden 1968. ||| I 1963: Redaksjonell praktikant i 8 m\u00e5neder p\u00e5 full tid i Helgeland Arbeiderblad i hjembyen Mosj\u00f8en. ||| Arbeidende pensjonist med hjemmekontor fra 2008 (AFP) og videre som folkepensjonist til n\u00e5.","sameAs":["https:\/\/lokalmagasinet.no\/","https:\/\/www.facebook.com\/sveinharald.strand.1","https:\/\/x.com\/LMExtra"],"url":"https:\/\/lokalmagasinet.no\/?author=6"}]}},"_links":{"self":[{"href":"https:\/\/lokalmagasinet.no\/index.php?rest_route=\/wp\/v2\/posts\/10050","targetHints":{"allow":["GET"]}}],"collection":[{"href":"https:\/\/lokalmagasinet.no\/index.php?rest_route=\/wp\/v2\/posts"}],"about":[{"href":"https:\/\/lokalmagasinet.no\/index.php?rest_route=\/wp\/v2\/types\/post"}],"author":[{"embeddable":true,"href":"https:\/\/lokalmagasinet.no\/index.php?rest_route=\/wp\/v2\/users\/6"}],"replies":[{"embeddable":true,"href":"https:\/\/lokalmagasinet.no\/index.php?rest_route=%2Fwp%2Fv2%2Fcomments&post=10050"}],"version-history":[{"count":26,"href":"https:\/\/lokalmagasinet.no\/index.php?rest_route=\/wp\/v2\/posts\/10050\/revisions"}],"predecessor-version":[{"id":10097,"href":"https:\/\/lokalmagasinet.no\/index.php?rest_route=\/wp\/v2\/posts\/10050\/revisions\/10097"}],"wp:attachment":[{"href":"https:\/\/lokalmagasinet.no\/index.php?rest_route=%2Fwp%2Fv2%2Fmedia&parent=10050"}],"wp:term":[{"taxonomy":"category","embeddable":true,"href":"https:\/\/lokalmagasinet.no\/index.php?rest_route=%2Fwp%2Fv2%2Fcategories&post=10050"},{"taxonomy":"post_tag","embeddable":true,"href":"https:\/\/lokalmagasinet.no\/index.php?rest_route=%2Fwp%2Fv2%2Ftags&post=10050"}],"curies":[{"name":"wp","href":"https:\/\/api.w.org\/{rel}","templated":true}]}}