{"id":10220,"date":"2022-05-11T10:56:16","date_gmt":"2022-05-11T08:56:16","guid":{"rendered":"https:\/\/lokalmagasinet.no\/?p=10220"},"modified":"2024-01-09T22:02:16","modified_gmt":"2024-01-09T21:02:16","slug":"unikt-umistelig-fellesskap-eller-ja-vi-elsker-17-mai","status":"publish","type":"post","link":"https:\/\/lokalmagasinet.no\/?p=10220","title":{"rendered":"Unikt, umistelig fellesskap. Eller: Ja, vi elsker 17. mai!"},"content":{"rendered":"<div align=\"center\">\n<div align=\"center\">\n<div align=\"left\">K\u00c5SERI OG FOTOREPORTASJE HENTET OPP FRA ARKIVET I ANLEDNING GRUNNLOVSJUBILEET 1814-2014. OPPRINNELIG PUBLISERT 19. MAI 2008.<\/div>\n<p><u>\u00a0<\/u><\/p>\n<\/div>\n<\/div>\n<div align=\"center\">\n<p><img loading=\"lazy\" decoding=\"async\" src=\"https:\/\/web.archive.org\/web\/20140519045147im_\/http:\/\/www.lokalmagasinet.no\/ipub\/media\/unikt_fellesskap_600.jpg\" alt=\"\" width=\"600\" height=\"398\" align=\"middle\" border=\"1\" \/><\/p>\n<div align=\"left\"><span class=\"i_skrift_stor\">(Republisert 11.05.2022) <strong>Jeg satt sent i g\u00e5r 18. mai og digitalbladde igjennom noen og f\u00f8rti av mine egne fotoopptak fra 17. mai-feiringen 2008. 17 bilder hadde jeg aller<\/strong><\/span><span class=\"i_skrift_stor\"><strong>ede valgt ut og f\u00e5tt publisert her p\u00e5 Lokalmagasinet.no om kvelden p\u00e5 Dagen. Om du undres, s\u00e5 var det forresten helt tilfeldig at jeg endte opp med 17 i f\u00f8rstevalget. Helt sant. Men s\u00e5 roptes det etter mer, mer.<br \/>\n<\/strong><\/span><span class=\"i_skrift_stor\"><span class=\"i_skrift_stor\"><strong><br \/>\n<\/strong>S\u00c5 HER m\u00e5tte jeg g\u00e5 igjennom alle opptakene igjen. Og det slo meg: Landet v\u00e5rt kryr av s\u00e5kalte medier. De f\u00e5r med seg alt. Fra husbrann til husbr\u00e5k og langt verre ting som skjer i hus. Til v\u00e5r innette krangling i det offentlige rom. Vi kives og strides om saker &amp; ting. Noen ganger er det som om selve Nasjonen skal revne. G\u00e5r det lukt til helvete?<\/span><\/span><\/p>\n<h5 align=\"center\"><strong><span class=\"i_skrift_stor\">MEN S\u00c5 KOMMER 17. MAI <\/span><br \/>\n<\/strong><\/h5>\n<p><span class=\"i_skrift_stor\"><strong><img loading=\"lazy\" decoding=\"async\" src=\"https:\/\/web.archive.org\/web\/20140519045147im_\/http:\/\/www.lokalmagasinet.no\/ipub\/media\/17mai_i_vogna_600.jpg\" alt=\"\" width=\"600\" height=\"477\" align=\"middle\" \/><\/strong><\/span><\/p>\n<div align=\"center\">\n<div align=\"left\">\n<p><span class=\"i_skrift_stor\">JA, s\u00e5 kommer 17. mai. Og se p\u00e5 disse bildene. Hva er det som skjer? <em>Er<\/em> det virkelig barnas dag, som det sies noen ganger? Eller er det familienes dag? Ja, men ikke alle har familier \u2013 kjernefamilie, storfamilie og s\u00e5nn. Noen er veldig aleine og f\u00e5r sm\u00e5 stikk i brystet der p\u00e5 sidelinja n\u00e5r Toget passerer; pr\u00f8ver kanskje kl\u00f8nete \u00e5 finne \u00f8yeblikkets snare og korte familiefellesskap med mennesker som st\u00e5r skulder ved skulder. Et smil og noen f\u00e5 ord. Alt dette er v\u00e5rt, dere! Til og med russen. S\u00e5 hva <em>er <\/em>det som skjer?<\/span><\/p>\n<div align=\"center\"><span class=\"i_skrift_stor\"><img loading=\"lazy\" decoding=\"async\" src=\"https:\/\/web.archive.org\/web\/20140519045147im_\/http:\/\/www.lokalmagasinet.no\/ipub\/media\/russen_igjen_600.jpg\" alt=\"\" width=\"600\" height=\"398\" align=\"middle\" border=\"1\" \/><\/span><\/div>\n<\/div>\n<\/div>\n<div style=\"text-align: left;\" align=\"center\"><\/div>\n<div align=\"center\"><\/div>\n<div align=\"center\"><\/div>\n<div style=\"text-align: left;\" align=\"center\"><span class=\"i_skrift_stor\">HVA SA DU, herr hjemmesitter? Borgerskapets dag? Vel, det m\u00e5 ha v\u00e6rt for lenge siden, da vi hadde en gjennomgripende klassekamp i landet; mer enn vi tror f\u00f8r vi setter oss inn i det, og langt inn i foreningslivet. Fra idrettens til b\u00e5tlivets aktiviteter. I Moss har de enn\u00e5 Arbeidernes B\u00e5tforening p\u00e5 &laquo;Bettongen&raquo; som et minne fra denne tiden.<\/span><\/div>\n<div align=\"center\">\n<div align=\"left\">\n<p>&nbsp;<\/p>\n<p>NOEN FRA ARBEIDERKLASSEN gikk ikke i 17. mai-toget. De hadde sin klassesamlende 1. mai-dag. S\u00e5 var det, noen steder p\u00e5 1950-tallet, et mellomspill der faktisk skolene gikk i tog ogs\u00e5 p\u00e5 1. mai! Skoleklasser gikk sammen bak musikk og faner, som dr\u00f8ye to uker senere.<\/p>\n<p>&nbsp;<\/p>\n<div align=\"center\"><span class=\"i_skrift_stor\"><img loading=\"lazy\" decoding=\"async\" src=\"https:\/\/web.archive.org\/web\/20140519045147im_\/http:\/\/www.lokalmagasinet.no\/ipub\/media\/bunadsdag_600.jpg\" alt=\"\" width=\"600\" height=\"398\" align=\"middle\" border=\"1\" \/><\/span><\/div>\n<div align=\"center\"><\/div>\n<\/div>\n<\/div>\n<div align=\"center\">\n<div align=\"left\">\n<div align=\"center\"><\/div>\n<div style=\"text-align: left;\" align=\"center\"><span class=\"i_skrift_stor\">DET ER SANT, og jeg opplevde det selv der jeg vokste opp i eimen av Landsfader Gerhardsen, med en bestemor som hadde v\u00e6rt med og startet det lokale Arbeiderkvinnelaget, med samhold, samklang og mange andre sam-ting. Som samnorsk. Men det ble sv\u00e6rt n\u00f8ye understreket siste skoledag i april, at det var <em>frivillig<\/em> \u00e5 g\u00e5 i 1. mai-toget. Og noen fikk ikke lov. I korpset hvor jeg senere spilte, var vi en klarinett mindre p\u00e5 1. mai. Hun fikk ikke lov, selv ikke \u00e5 spille, p\u00e5 Arbeidernes dag.<\/span><\/div>\n<p>&nbsp;<\/p>\n<p>I DAG er det flere steder hvor nesten ingen g\u00e5r i 1. mai-tog og bare korpsene gj\u00f8r at det ser ut som et tog, og jeg skal ikke nevne navn. Litt \u00e5 tenke p\u00e5, dere.<\/p>\n<div align=\"center\"><span class=\"i_skrift_stor\"><img loading=\"lazy\" decoding=\"async\" src=\"https:\/\/web.archive.org\/web\/20140519045147im_\/http:\/\/www.lokalmagasinet.no\/ipub\/media\/litt_knis_500.jpg\" alt=\"\" width=\"331\" height=\"500\" align=\"middle\" border=\"1\" \/><\/span><\/div>\n<div align=\"center\"><\/div>\n<div style=\"text-align: left;\" align=\"center\"><span class=\"i_skrift_stor\">NEI, FOLKENS, med de offentlige manifestasjoner som finner sted nesten bak hvert et nes p\u00e5 v\u00e5r Grunnlovsdag, s\u00e5 tror jeg vi m\u00e5 ta inn over oss at vi har et unikt og umistelig fellesskap i dette landet! En stor og sterk kjerne av fellesskap som f\u00e5r lov \u00e5 vise seg fram p\u00e5 grunn av en bevegelse som ble startet av en mann som ble f\u00f8dt for 200 \u00e5r siden den 17. juni. En kranglefant og begersvinger som fikk begeret til \u00e5 g\u00e5 sammen med sine venner allerede den 16.<\/span><\/div>\n<p>&nbsp;<\/p>\n<div align=\"center\"><span class=\"i_skrift_stor\"><img loading=\"lazy\" decoding=\"async\" src=\"https:\/\/web.archive.org\/web\/20140519045147im_\/http:\/\/www.lokalmagasinet.no\/ipub\/media\/4b_500.jpg\" alt=\"\" width=\"331\" height=\"500\" align=\"middle\" \/><\/span><\/div>\n<p><span class=\"i_skrift_stor\"><br \/>\nDET TROR JEG ogs\u00e5 faller mange i hu, alts\u00e5 ikke Wergeland som begersvinger, men som nasjonsbygger, n\u00e5r de g\u00e5r i, eller st\u00e5r og ser p\u00e5, barnetoget. Eller dette borgertoget, som de enn\u00e5 har i mange byer, og her kom da &laquo;det borgerlige&raquo; igjen inn i min artikkel. Men borgere er ikke n\u00f8dvendigvis borgerlige. Nok om det!<\/span><\/p>\n<p>&nbsp;<\/p>\n<div align=\"center\"><span class=\"i_skrift_stor\"><img loading=\"lazy\" decoding=\"async\" src=\"https:\/\/web.archive.org\/web\/20140519045147im_\/http:\/\/www.lokalmagasinet.no\/ipub\/media\/filosofen_500.jpg\" alt=\"\" width=\"331\" height=\"500\" align=\"middle\" border=\"1\" \/><\/span><\/div>\n<p><span class=\"i_skrift_stor\"><br \/>\nJEG SIER TAKK for meg denne 19. mai med to bilder som i sannhet forteller hvor inkluderende 17. mai-tog-greia er blitt.<\/span><\/p>\n<p>F\u00d8RST ser dere <em>Filosofen<\/em> som deltar med egen fane. Jeg bare viser bildet, ellers blir det fort bare &laquo;toill og skitprat&raquo;, som de sier en god del n\u00e6rmere der jeg vokste opp og der b\u00e5de Arbeidernes dag og Grunnlovsdagen var sv\u00e6re greier for b\u00e5de sm\u00e5 og store. S\u00e6rlig for den som spilte i korps fra tidlige saluttmorgen til sene ettermiddag.<\/p>\n<div align=\"center\"><span class=\"i_skrift_stor\"><img loading=\"lazy\" decoding=\"async\" src=\"https:\/\/web.archive.org\/web\/20140519045147im_\/http:\/\/www.lokalmagasinet.no\/ipub\/media\/grubleren_500.jpg\" alt=\"\" width=\"341\" height=\"500\" align=\"middle\" border=\"1\" \/><\/span><\/div>\n<p><span class=\"i_skrift_stor\"><br \/>\nMITT KORPS hadde forresten uniformer med korte, bl\u00e5 jakker og hvite, kritt hvite, bomullsbukser. Dette var s\u00e5pass langt nord at det var s\u00e5vidt sn\u00f8en hadde forsvunnet p\u00e5 uasfalterte gater hvor vi noen ganger marsjerte og spilte s\u00e5 s\u00f8la skvatt.<\/span><\/p>\n<p>DERFOR HADDE VI selvf\u00f8lgelig to bukser. Mellom barnetoget og borgertoget var det alltid bukseskift. Hvorfor de m\u00e5tte la oss ha kritthvite bomullsbukser, har jeg alltid lurt p\u00e5. N\u00e5 er det ingen igjen \u00e5 sp\u00f8rre.<\/p>\n<p>MEN MAN KAN GRUBLE. Derfor avslutter jeg, for \u00e5 kunne g\u00e5 l\u00f8s p\u00e5 dagens redigering av lokalsamfunnets krangler i hverdagen som igjen har inntruffet, med et bilde av <em>Grubleren,<\/em> som sannelig ogs\u00e5 deltok i det nesten endel\u00f8se barnetoget i Son.<\/p>\n<div align=\"center\"><strong><span class=\"i_skrift_stor\">TAKK for denne dagen. Den kaldeste p\u00e5 50 \u00e5r? For noe tull! Ja, vi elsker 17. mai!<\/span><\/strong><\/div>\n<div align=\"center\"><\/div>\n<div align=\"center\"><span class=\"i_skrift_stor\">SVEIN-H. STRAND<\/span><\/div>\n<\/div>\n<\/div>\n<\/div>\n<\/div>\n<p>Views: 103<\/p>","protected":false},"excerpt":{"rendered":"<p>K\u00c5SERI OG FOTOREPORTASJE HENTET OPP FRA ARKIVET I ANLEDNING GRUNNLOVSJUBILEET 1814-2014. OPPRINNELIG PUBLISERT 19. MAI 2008. \u00a0 (Republisert 11.05.2022) Jeg satt sent i g\u00e5r 18. mai og digitalbladde igjennom noen &#8230; <\/p>\n<p class=\"read-more-container\"><a title=\"Unikt, umistelig fellesskap. Eller: Ja, vi elsker 17. mai!\" class=\"read-more button\" href=\"https:\/\/lokalmagasinet.no\/?p=10220#more-10220\">Les mer<span class=\"screen-reader-text\">Unikt, umistelig fellesskap. Eller: Ja, vi elsker 17. mai!<\/span><\/a><\/p>\n","protected":false},"author":6,"featured_media":9714,"comment_status":"closed","ping_status":"closed","sticky":false,"template":"","format":"standard","meta":{"footnotes":""},"categories":[1,42],"tags":[],"class_list":["post-10220","post","type-post","status-publish","format-standard","has-post-thumbnail","hentry","category-aktuelt","category-kaseri","resize-featured-image"],"yoast_head":"<!-- This site is optimized with the Yoast SEO plugin v27.4 - https:\/\/yoast.com\/product\/yoast-seo-wordpress\/ -->\n<title>Unikt, umistelig fellesskap. Eller: Ja, vi elsker 17. mai! | Lokalmagasinet.no<\/title>\n<meta name=\"robots\" content=\"index, follow, max-snippet:-1, max-image-preview:large, max-video-preview:-1\" \/>\n<link rel=\"canonical\" href=\"https:\/\/lokalmagasinet.no\/?p=10220\" \/>\n<meta property=\"og:locale\" content=\"nn_NO\" \/>\n<meta property=\"og:type\" content=\"article\" \/>\n<meta property=\"og:title\" content=\"Unikt, umistelig fellesskap. Eller: Ja, vi elsker 17. mai! | Lokalmagasinet.no\" \/>\n<meta property=\"og:description\" content=\"K\u00c5SERI OG FOTOREPORTASJE HENTET OPP FRA ARKIVET I ANLEDNING GRUNNLOVSJUBILEET 1814-2014. OPPRINNELIG PUBLISERT 19. MAI 2008. \u00a0 (Republisert 11.05.2022) Jeg satt sent i g\u00e5r 18. mai og digitalbladde igjennom noen ... Les merUnikt, umistelig fellesskap. Eller: Ja, vi elsker 17. mai!\" \/>\n<meta property=\"og:url\" content=\"https:\/\/lokalmagasinet.no\/?p=10220\" \/>\n<meta property=\"og:site_name\" content=\"Lokalmagasinet.no\" \/>\n<meta property=\"article:publisher\" content=\"https:\/\/www.facebook.com\/sveinharald.strand.1\" \/>\n<meta property=\"article:author\" content=\"https:\/\/www.facebook.com\/sveinharald.strand.1\" \/>\n<meta property=\"article:published_time\" content=\"2022-05-11T08:56:16+00:00\" \/>\n<meta property=\"article:modified_time\" content=\"2024-01-09T21:02:16+00:00\" \/>\n<meta property=\"og:image\" content=\"https:\/\/lokalmagasinet.no\/wp-content\/uploads\/2022\/04\/norskeflagg.jpg\" \/>\n\t<meta property=\"og:image:width\" content=\"100\" \/>\n\t<meta property=\"og:image:height\" content=\"60\" \/>\n\t<meta property=\"og:image:type\" content=\"image\/jpeg\" \/>\n<meta name=\"author\" content=\"Svein-Harald Strand\" \/>\n<meta name=\"twitter:card\" content=\"summary_large_image\" \/>\n<meta name=\"twitter:creator\" content=\"@LMExtra\" \/>\n<meta name=\"twitter:site\" content=\"@LMExtra\" \/>\n<meta name=\"twitter:label1\" content=\"Written by\" \/>\n\t<meta name=\"twitter:data1\" content=\"Svein-Harald Strand\" \/>\n\t<meta name=\"twitter:label2\" content=\"Est. reading time\" \/>\n\t<meta name=\"twitter:data2\" content=\"4 minutt\" \/>\n<script type=\"application\/ld+json\" class=\"yoast-schema-graph\">{\"@context\":\"https:\\\/\\\/schema.org\",\"@graph\":[{\"@type\":\"Article\",\"@id\":\"https:\\\/\\\/lokalmagasinet.no\\\/?p=10220#article\",\"isPartOf\":{\"@id\":\"https:\\\/\\\/lokalmagasinet.no\\\/?p=10220\"},\"author\":{\"name\":\"Svein-Harald Strand\",\"@id\":\"https:\\\/\\\/lokalmagasinet.no\\\/#\\\/schema\\\/person\\\/2e8d221708d3aaf6f577275b5bba4310\"},\"headline\":\"Unikt, umistelig fellesskap. Eller: Ja, vi elsker 17. mai!\",\"datePublished\":\"2022-05-11T08:56:16+00:00\",\"dateModified\":\"2024-01-09T21:02:16+00:00\",\"mainEntityOfPage\":{\"@id\":\"https:\\\/\\\/lokalmagasinet.no\\\/?p=10220\"},\"wordCount\":867,\"publisher\":{\"@id\":\"https:\\\/\\\/lokalmagasinet.no\\\/#organization\"},\"image\":{\"@id\":\"https:\\\/\\\/lokalmagasinet.no\\\/?p=10220#primaryimage\"},\"thumbnailUrl\":\"https:\\\/\\\/lokalmagasinet.no\\\/wp-content\\\/uploads\\\/2022\\\/04\\\/norskeflagg.jpg\",\"articleSection\":[\"Aktuelt\",\"K\u00e5seri\"],\"inLanguage\":\"nn-NO\"},{\"@type\":\"WebPage\",\"@id\":\"https:\\\/\\\/lokalmagasinet.no\\\/?p=10220\",\"url\":\"https:\\\/\\\/lokalmagasinet.no\\\/?p=10220\",\"name\":\"Unikt, umistelig fellesskap. Eller: Ja, vi elsker 17. mai! | Lokalmagasinet.no\",\"isPartOf\":{\"@id\":\"https:\\\/\\\/lokalmagasinet.no\\\/#website\"},\"primaryImageOfPage\":{\"@id\":\"https:\\\/\\\/lokalmagasinet.no\\\/?p=10220#primaryimage\"},\"image\":{\"@id\":\"https:\\\/\\\/lokalmagasinet.no\\\/?p=10220#primaryimage\"},\"thumbnailUrl\":\"https:\\\/\\\/lokalmagasinet.no\\\/wp-content\\\/uploads\\\/2022\\\/04\\\/norskeflagg.jpg\",\"datePublished\":\"2022-05-11T08:56:16+00:00\",\"dateModified\":\"2024-01-09T21:02:16+00:00\",\"breadcrumb\":{\"@id\":\"https:\\\/\\\/lokalmagasinet.no\\\/?p=10220#breadcrumb\"},\"inLanguage\":\"nn-NO\",\"potentialAction\":[{\"@type\":\"ReadAction\",\"target\":[\"https:\\\/\\\/lokalmagasinet.no\\\/?p=10220\"]}]},{\"@type\":\"ImageObject\",\"inLanguage\":\"nn-NO\",\"@id\":\"https:\\\/\\\/lokalmagasinet.no\\\/?p=10220#primaryimage\",\"url\":\"https:\\\/\\\/lokalmagasinet.no\\\/wp-content\\\/uploads\\\/2022\\\/04\\\/norskeflagg.jpg\",\"contentUrl\":\"https:\\\/\\\/lokalmagasinet.no\\\/wp-content\\\/uploads\\\/2022\\\/04\\\/norskeflagg.jpg\",\"width\":100,\"height\":60},{\"@type\":\"BreadcrumbList\",\"@id\":\"https:\\\/\\\/lokalmagasinet.no\\\/?p=10220#breadcrumb\",\"itemListElement\":[{\"@type\":\"ListItem\",\"position\":1,\"name\":\"Hjem\",\"item\":\"https:\\\/\\\/lokalmagasinet.no\\\/\"},{\"@type\":\"ListItem\",\"position\":2,\"name\":\"Unikt, umistelig fellesskap. Eller: Ja, vi elsker 17. mai!\"}]},{\"@type\":\"WebSite\",\"@id\":\"https:\\\/\\\/lokalmagasinet.no\\\/#website\",\"url\":\"https:\\\/\\\/lokalmagasinet.no\\\/\",\"name\":\"Lokalmagasinet.no\",\"description\":\"Fra fortid og n\u00e5tid. Med st\u00e5sted i det n\u00e6re. Siden 2002.\",\"publisher\":{\"@id\":\"https:\\\/\\\/lokalmagasinet.no\\\/#organization\"},\"potentialAction\":[{\"@type\":\"SearchAction\",\"target\":{\"@type\":\"EntryPoint\",\"urlTemplate\":\"https:\\\/\\\/lokalmagasinet.no\\\/?s={search_term_string}\"},\"query-input\":{\"@type\":\"PropertyValueSpecification\",\"valueRequired\":true,\"valueName\":\"search_term_string\"}}],\"inLanguage\":\"nn-NO\"},{\"@type\":\"Organization\",\"@id\":\"https:\\\/\\\/lokalmagasinet.no\\\/#organization\",\"name\":\"Lokalmagasinet.no\",\"url\":\"https:\\\/\\\/lokalmagasinet.no\\\/\",\"logo\":{\"@type\":\"ImageObject\",\"inLanguage\":\"nn-NO\",\"@id\":\"https:\\\/\\\/lokalmagasinet.no\\\/#\\\/schema\\\/logo\\\/image\\\/\",\"url\":\"https:\\\/\\\/lokalmagasinet.no\\\/wp-content\\\/uploads\\\/2021\\\/03\\\/cropped-cropped-cropped-cropped-cropped-cropped-lmlogo-e1640691300821.jpg\",\"contentUrl\":\"https:\\\/\\\/lokalmagasinet.no\\\/wp-content\\\/uploads\\\/2021\\\/03\\\/cropped-cropped-cropped-cropped-cropped-cropped-lmlogo-e1640691300821.jpg\",\"width\":72,\"height\":118,\"caption\":\"Lokalmagasinet.no\"},\"image\":{\"@id\":\"https:\\\/\\\/lokalmagasinet.no\\\/#\\\/schema\\\/logo\\\/image\\\/\"},\"sameAs\":[\"https:\\\/\\\/www.facebook.com\\\/sveinharald.strand.1\",\"https:\\\/\\\/x.com\\\/LMExtra\"]},{\"@type\":\"Person\",\"@id\":\"https:\\\/\\\/lokalmagasinet.no\\\/#\\\/schema\\\/person\\\/2e8d221708d3aaf6f577275b5bba4310\",\"name\":\"Svein-Harald Strand\",\"image\":{\"@type\":\"ImageObject\",\"inLanguage\":\"nn-NO\",\"@id\":\"https:\\\/\\\/secure.gravatar.com\\\/avatar\\\/c487434bdf6cd7c12e4a88877ae4b12c38d22b7ad64292b49d33ed7503bb7ce1?s=96&d=mm&r=g\",\"url\":\"https:\\\/\\\/secure.gravatar.com\\\/avatar\\\/c487434bdf6cd7c12e4a88877ae4b12c38d22b7ad64292b49d33ed7503bb7ce1?s=96&d=mm&r=g\",\"contentUrl\":\"https:\\\/\\\/secure.gravatar.com\\\/avatar\\\/c487434bdf6cd7c12e4a88877ae4b12c38d22b7ad64292b49d33ed7503bb7ce1?s=96&d=mm&r=g\",\"caption\":\"Svein-Harald Strand\"},\"description\":\"(F. 26.12.1945) Redakt\u00f8r, journalist og informasjonsarbeider siden 1968. ||| I 1963: Redaksjonell praktikant i 8 m\u00e5neder p\u00e5 full tid i Helgeland Arbeiderblad i hjembyen Mosj\u00f8en. ||| Arbeidende pensjonist med hjemmekontor fra 2008 (AFP) og videre som folkepensjonist til n\u00e5.\",\"sameAs\":[\"https:\\\/\\\/lokalmagasinet.no\\\/\",\"https:\\\/\\\/www.facebook.com\\\/sveinharald.strand.1\",\"https:\\\/\\\/x.com\\\/LMExtra\"],\"url\":\"https:\\\/\\\/lokalmagasinet.no\\\/?author=6\"}]}<\/script>\n<!-- \/ Yoast SEO plugin. -->","yoast_head_json":{"title":"Unikt, umistelig fellesskap. Eller: Ja, vi elsker 17. mai! | Lokalmagasinet.no","robots":{"index":"index","follow":"follow","max-snippet":"max-snippet:-1","max-image-preview":"max-image-preview:large","max-video-preview":"max-video-preview:-1"},"canonical":"https:\/\/lokalmagasinet.no\/?p=10220","og_locale":"nn_NO","og_type":"article","og_title":"Unikt, umistelig fellesskap. Eller: Ja, vi elsker 17. mai! | Lokalmagasinet.no","og_description":"K\u00c5SERI OG FOTOREPORTASJE HENTET OPP FRA ARKIVET I ANLEDNING GRUNNLOVSJUBILEET 1814-2014. OPPRINNELIG PUBLISERT 19. MAI 2008. \u00a0 (Republisert 11.05.2022) Jeg satt sent i g\u00e5r 18. mai og digitalbladde igjennom noen ... Les merUnikt, umistelig fellesskap. Eller: Ja, vi elsker 17. mai!","og_url":"https:\/\/lokalmagasinet.no\/?p=10220","og_site_name":"Lokalmagasinet.no","article_publisher":"https:\/\/www.facebook.com\/sveinharald.strand.1","article_author":"https:\/\/www.facebook.com\/sveinharald.strand.1","article_published_time":"2022-05-11T08:56:16+00:00","article_modified_time":"2024-01-09T21:02:16+00:00","og_image":[{"width":100,"height":60,"url":"https:\/\/lokalmagasinet.no\/wp-content\/uploads\/2022\/04\/norskeflagg.jpg","type":"image\/jpeg"}],"author":"Svein-Harald Strand","twitter_card":"summary_large_image","twitter_creator":"@LMExtra","twitter_site":"@LMExtra","twitter_misc":{"Written by":"Svein-Harald Strand","Est. reading time":"4 minutt"},"schema":{"@context":"https:\/\/schema.org","@graph":[{"@type":"Article","@id":"https:\/\/lokalmagasinet.no\/?p=10220#article","isPartOf":{"@id":"https:\/\/lokalmagasinet.no\/?p=10220"},"author":{"name":"Svein-Harald Strand","@id":"https:\/\/lokalmagasinet.no\/#\/schema\/person\/2e8d221708d3aaf6f577275b5bba4310"},"headline":"Unikt, umistelig fellesskap. Eller: Ja, vi elsker 17. mai!","datePublished":"2022-05-11T08:56:16+00:00","dateModified":"2024-01-09T21:02:16+00:00","mainEntityOfPage":{"@id":"https:\/\/lokalmagasinet.no\/?p=10220"},"wordCount":867,"publisher":{"@id":"https:\/\/lokalmagasinet.no\/#organization"},"image":{"@id":"https:\/\/lokalmagasinet.no\/?p=10220#primaryimage"},"thumbnailUrl":"https:\/\/lokalmagasinet.no\/wp-content\/uploads\/2022\/04\/norskeflagg.jpg","articleSection":["Aktuelt","K\u00e5seri"],"inLanguage":"nn-NO"},{"@type":"WebPage","@id":"https:\/\/lokalmagasinet.no\/?p=10220","url":"https:\/\/lokalmagasinet.no\/?p=10220","name":"Unikt, umistelig fellesskap. Eller: Ja, vi elsker 17. mai! | Lokalmagasinet.no","isPartOf":{"@id":"https:\/\/lokalmagasinet.no\/#website"},"primaryImageOfPage":{"@id":"https:\/\/lokalmagasinet.no\/?p=10220#primaryimage"},"image":{"@id":"https:\/\/lokalmagasinet.no\/?p=10220#primaryimage"},"thumbnailUrl":"https:\/\/lokalmagasinet.no\/wp-content\/uploads\/2022\/04\/norskeflagg.jpg","datePublished":"2022-05-11T08:56:16+00:00","dateModified":"2024-01-09T21:02:16+00:00","breadcrumb":{"@id":"https:\/\/lokalmagasinet.no\/?p=10220#breadcrumb"},"inLanguage":"nn-NO","potentialAction":[{"@type":"ReadAction","target":["https:\/\/lokalmagasinet.no\/?p=10220"]}]},{"@type":"ImageObject","inLanguage":"nn-NO","@id":"https:\/\/lokalmagasinet.no\/?p=10220#primaryimage","url":"https:\/\/lokalmagasinet.no\/wp-content\/uploads\/2022\/04\/norskeflagg.jpg","contentUrl":"https:\/\/lokalmagasinet.no\/wp-content\/uploads\/2022\/04\/norskeflagg.jpg","width":100,"height":60},{"@type":"BreadcrumbList","@id":"https:\/\/lokalmagasinet.no\/?p=10220#breadcrumb","itemListElement":[{"@type":"ListItem","position":1,"name":"Hjem","item":"https:\/\/lokalmagasinet.no\/"},{"@type":"ListItem","position":2,"name":"Unikt, umistelig fellesskap. Eller: Ja, vi elsker 17. mai!"}]},{"@type":"WebSite","@id":"https:\/\/lokalmagasinet.no\/#website","url":"https:\/\/lokalmagasinet.no\/","name":"Lokalmagasinet.no","description":"Fra fortid og n\u00e5tid. Med st\u00e5sted i det n\u00e6re. Siden 2002.","publisher":{"@id":"https:\/\/lokalmagasinet.no\/#organization"},"potentialAction":[{"@type":"SearchAction","target":{"@type":"EntryPoint","urlTemplate":"https:\/\/lokalmagasinet.no\/?s={search_term_string}"},"query-input":{"@type":"PropertyValueSpecification","valueRequired":true,"valueName":"search_term_string"}}],"inLanguage":"nn-NO"},{"@type":"Organization","@id":"https:\/\/lokalmagasinet.no\/#organization","name":"Lokalmagasinet.no","url":"https:\/\/lokalmagasinet.no\/","logo":{"@type":"ImageObject","inLanguage":"nn-NO","@id":"https:\/\/lokalmagasinet.no\/#\/schema\/logo\/image\/","url":"https:\/\/lokalmagasinet.no\/wp-content\/uploads\/2021\/03\/cropped-cropped-cropped-cropped-cropped-cropped-lmlogo-e1640691300821.jpg","contentUrl":"https:\/\/lokalmagasinet.no\/wp-content\/uploads\/2021\/03\/cropped-cropped-cropped-cropped-cropped-cropped-lmlogo-e1640691300821.jpg","width":72,"height":118,"caption":"Lokalmagasinet.no"},"image":{"@id":"https:\/\/lokalmagasinet.no\/#\/schema\/logo\/image\/"},"sameAs":["https:\/\/www.facebook.com\/sveinharald.strand.1","https:\/\/x.com\/LMExtra"]},{"@type":"Person","@id":"https:\/\/lokalmagasinet.no\/#\/schema\/person\/2e8d221708d3aaf6f577275b5bba4310","name":"Svein-Harald Strand","image":{"@type":"ImageObject","inLanguage":"nn-NO","@id":"https:\/\/secure.gravatar.com\/avatar\/c487434bdf6cd7c12e4a88877ae4b12c38d22b7ad64292b49d33ed7503bb7ce1?s=96&d=mm&r=g","url":"https:\/\/secure.gravatar.com\/avatar\/c487434bdf6cd7c12e4a88877ae4b12c38d22b7ad64292b49d33ed7503bb7ce1?s=96&d=mm&r=g","contentUrl":"https:\/\/secure.gravatar.com\/avatar\/c487434bdf6cd7c12e4a88877ae4b12c38d22b7ad64292b49d33ed7503bb7ce1?s=96&d=mm&r=g","caption":"Svein-Harald Strand"},"description":"(F. 26.12.1945) Redakt\u00f8r, journalist og informasjonsarbeider siden 1968. ||| I 1963: Redaksjonell praktikant i 8 m\u00e5neder p\u00e5 full tid i Helgeland Arbeiderblad i hjembyen Mosj\u00f8en. ||| Arbeidende pensjonist med hjemmekontor fra 2008 (AFP) og videre som folkepensjonist til n\u00e5.","sameAs":["https:\/\/lokalmagasinet.no\/","https:\/\/www.facebook.com\/sveinharald.strand.1","https:\/\/x.com\/LMExtra"],"url":"https:\/\/lokalmagasinet.no\/?author=6"}]}},"_links":{"self":[{"href":"https:\/\/lokalmagasinet.no\/index.php?rest_route=\/wp\/v2\/posts\/10220","targetHints":{"allow":["GET"]}}],"collection":[{"href":"https:\/\/lokalmagasinet.no\/index.php?rest_route=\/wp\/v2\/posts"}],"about":[{"href":"https:\/\/lokalmagasinet.no\/index.php?rest_route=\/wp\/v2\/types\/post"}],"author":[{"embeddable":true,"href":"https:\/\/lokalmagasinet.no\/index.php?rest_route=\/wp\/v2\/users\/6"}],"replies":[{"embeddable":true,"href":"https:\/\/lokalmagasinet.no\/index.php?rest_route=%2Fwp%2Fv2%2Fcomments&post=10220"}],"version-history":[{"count":21,"href":"https:\/\/lokalmagasinet.no\/index.php?rest_route=\/wp\/v2\/posts\/10220\/revisions"}],"predecessor-version":[{"id":21145,"href":"https:\/\/lokalmagasinet.no\/index.php?rest_route=\/wp\/v2\/posts\/10220\/revisions\/21145"}],"wp:featuredmedia":[{"embeddable":true,"href":"https:\/\/lokalmagasinet.no\/index.php?rest_route=\/wp\/v2\/media\/9714"}],"wp:attachment":[{"href":"https:\/\/lokalmagasinet.no\/index.php?rest_route=%2Fwp%2Fv2%2Fmedia&parent=10220"}],"wp:term":[{"taxonomy":"category","embeddable":true,"href":"https:\/\/lokalmagasinet.no\/index.php?rest_route=%2Fwp%2Fv2%2Fcategories&post=10220"},{"taxonomy":"post_tag","embeddable":true,"href":"https:\/\/lokalmagasinet.no\/index.php?rest_route=%2Fwp%2Fv2%2Ftags&post=10220"}],"curies":[{"name":"wp","href":"https:\/\/api.w.org\/{rel}","templated":true}]}}