{"id":10934,"date":"2022-06-25T18:01:40","date_gmt":"2022-06-25T16:01:40","guid":{"rendered":"https:\/\/lokalmagasinet.no\/?p=10934"},"modified":"2022-06-30T10:00:21","modified_gmt":"2022-06-30T08:00:21","slug":"fiks-ferdig-flyplass-bare-star-der","status":"publish","type":"post","link":"https:\/\/lokalmagasinet.no\/?p=10934","title":{"rendered":"Fiks ferdig flyplass bare st\u00e5r der"},"content":{"rendered":"<p><img loading=\"lazy\" decoding=\"async\" class=\"aligncenter wp-image-10933 size-full\" src=\"https:\/\/lokalmagasinet.no\/wp-content\/uploads\/2022\/06\/242190850_4441785409192905_353208332473553061_n.jpg\" alt=\"\" width=\"1900\" height=\"1276\" srcset=\"https:\/\/lokalmagasinet.no\/wp-content\/uploads\/2022\/06\/242190850_4441785409192905_353208332473553061_n.jpg 1900w, https:\/\/lokalmagasinet.no\/wp-content\/uploads\/2022\/06\/242190850_4441785409192905_353208332473553061_n-300x201.jpg 300w, https:\/\/lokalmagasinet.no\/wp-content\/uploads\/2022\/06\/242190850_4441785409192905_353208332473553061_n-1024x688.jpg 1024w, https:\/\/lokalmagasinet.no\/wp-content\/uploads\/2022\/06\/242190850_4441785409192905_353208332473553061_n-150x101.jpg 150w, https:\/\/lokalmagasinet.no\/wp-content\/uploads\/2022\/06\/242190850_4441785409192905_353208332473553061_n-768x516.jpg 768w, https:\/\/lokalmagasinet.no\/wp-content\/uploads\/2022\/06\/242190850_4441785409192905_353208332473553061_n-1536x1032.jpg 1536w\" sizes=\"auto, (max-width: 1900px) 100vw, 1900px\" \/><\/p>\n<p>Foto: NTB<\/p>\n<p>(Publisert 25.06.22. Kommentar.) (Av Svein-H. Strand) <strong>Den ligger ikke i Son, ikke et annet sted i Vestby eller Follo-regionen heller. Den ligger i v\u00e5r nabokommune i s\u00f8r, Moss, og heter Moss lufthavn Rygge. Og alle skj\u00f8nner at den har et stort og viktig omland \u00e5 betjene.<\/strong><\/p>\n<p>Likevel bare st\u00e5r terminalen der og venter p\u00e5 en ny eier som kan v\u00e6re f\u00f8dselshjelp for et nytt liv med kommersiell sivil drift\u00a0 &#8211; med potensielle reisende fra den svenske Str\u00f6mstad-regionen i s\u00f8r til Stor-Oslo i nord og indre \u00d8stfold i \u00f8st.<\/p>\n<p>En eventuell rullebane nummer tre p\u00e5 Gardermoen er blitt en slags joker. Blir ikke disse planene gjennomf\u00f8rt, s\u00e5 vil man trenge en erstatning for \u00e5 m\u00f8te framtidens behov.<\/p>\n<p>Selv fra regjeringshold blir det pekt p\u00e5 Rygge som et naturlig alternativ til en ny rullebane p\u00e5 v\u00e5r hovedflyplass.<\/p>\n<p><strong>P\u00e5 Facebook-siden for gjen\u00e5pning av lavpris-flyplassen &#8211;\u00a0 som en Venstre-statsr\u00e5d i praksis fikk nedlagt i 2017 gjennom \u00e5 innf\u00f8re en norsk flypassasjeravgift fra 2016 &#8211; der er det n\u00e5 55.400 medlemmer.<\/strong><\/p>\n<p class=\"css-8n3qhe\">Avgiften ble blant annet oppgitt som grunn da lavprisselskapet Ryanair la ned all sin trafikk fra Rygge.<\/p>\n<p class=\"css-8n3qhe\">\u2013 Det g\u00e5r ikke an \u00e5 se p\u00e5 at en slik flyplass st\u00e5r som et monument over hvor galt det kan g\u00e5 n\u00e5r politikerne baller det til med fam\u00f8se vedtak.<\/p>\n<p class=\"css-8n3qhe\">DENNE KRAFTSALVEN &#8211; som det ikke faller vanskelig \u00e5 slutte seg til &#8211; kommer fra Tor Magnus Seglsten, administrator i Facebook-gruppen \u00abVi som \u00f8nsker Rygge flyplass gjen\u00e5pnet\u00bb.<\/p>\n<p class=\"css-8n3qhe\"><strong>I september 2021 ble Moss lufthavn Rygge lagt ut for salg. Jotunfjell Partners (eiere siden 2017) vil selge hele den fysiske pakka &#8211; terminalbygg, parkeringshus og flyoppstillingsplasser. Men enn\u00e5 har ingen interesserte meldt seg. <\/strong><em><br \/>\n<\/em><\/p>\n<p>En flyplass er et typisk samarbeidspsrosjekt, enten den skal v\u00e6re privateid eller ligge i den offentlige Avinor-folden.<\/p>\n<p>SETT FRA DENNE SIDE av kommunegrensen f\u00e5r man dessverre et grelt inntrykk av at det i \u00d8stfold finnes store og kanskje &laquo;nedarvede&raquo; samarbeidsproblemer b\u00e5de p\u00e5 person- og etatsniv\u00e5. Litt avhengig av hva temaet er, men likevel.<\/p>\n<p>Selv folkevalgte p\u00e5 &laquo;\u00f8stfoldbenken&raquo; sier lite om flyplass-saken som er p\u00e5 manges lepper i sosiale medier. I alle fall hvis de ikke blir spurt av Moss Avis eller fylkesledende Fredriksstad Blad.<\/p>\n<p><strong>Avslutningsvis h\u00f8rer det med at samferdselsministeren, Jon-Ivar Nyg\u00e5rd, tilfeldigvis er fra \u00d8stfold og tidligere ordf\u00f8rer i Fredrikstad.<\/strong><\/p>\n<p>Ap-statsr\u00e5den er selvsagt fagminister for hele landet. Men han f\u00e5r neppe smake pisken dersom han engasjerer seg klart, konstruktivt og personlig for \u00e5 f\u00e5 ny kommersiell drift av flyplassen.<\/p>\n<p>For \u00e5 si det s\u00e5nn: Samferdselsminister Nyg\u00e5rd har mye \u00e5 g\u00e5 p\u00e5, \u00e5 d\u00f8mme etter hva vi leser b\u00e5de i sosiale- og tradisjonelle medier.<\/p>\n<p>&nbsp;<\/p>\n<p>Views: 200<\/p>","protected":false},"excerpt":{"rendered":"<p>Foto: NTB (Publisert 25.06.22. Kommentar.) (Av Svein-H. Strand) Den ligger ikke i Son, ikke et annet sted i Vestby eller Follo-regionen heller. Den ligger i v\u00e5r nabokommune i s\u00f8r, Moss, &#8230; <\/p>\n<p class=\"read-more-container\"><a title=\"Fiks ferdig flyplass bare st\u00e5r der\" class=\"read-more button\" href=\"https:\/\/lokalmagasinet.no\/?p=10934#more-10934\">Les mer<span class=\"screen-reader-text\">Fiks ferdig flyplass bare st\u00e5r der<\/span><\/a><\/p>\n","protected":false},"author":6,"featured_media":6283,"comment_status":"closed","ping_status":"open","sticky":false,"template":"","format":"standard","meta":{"footnotes":""},"categories":[1,34],"tags":[],"class_list":["post-10934","post","type-post","status-publish","format-standard","has-post-thumbnail","hentry","category-aktuelt","category-debatt"],"yoast_head":"<!-- This site is optimized with the Yoast SEO plugin v27.4 - https:\/\/yoast.com\/product\/yoast-seo-wordpress\/ -->\n<title>Fiks ferdig flyplass bare st\u00e5r der | Lokalmagasinet.no<\/title>\n<meta name=\"robots\" content=\"index, follow, max-snippet:-1, max-image-preview:large, max-video-preview:-1\" \/>\n<link rel=\"canonical\" href=\"https:\/\/lokalmagasinet.no\/?p=10934\" \/>\n<meta property=\"og:locale\" content=\"nn_NO\" \/>\n<meta property=\"og:type\" content=\"article\" \/>\n<meta property=\"og:title\" content=\"Fiks ferdig flyplass bare st\u00e5r der | Lokalmagasinet.no\" \/>\n<meta property=\"og:description\" content=\"Foto: NTB (Publisert 25.06.22. Kommentar.) (Av Svein-H. Strand) Den ligger ikke i Son, ikke et annet sted i Vestby eller Follo-regionen heller. Den ligger i v\u00e5r nabokommune i s\u00f8r, Moss, ... Les merFiks ferdig flyplass bare st\u00e5r der\" \/>\n<meta property=\"og:url\" content=\"https:\/\/lokalmagasinet.no\/?p=10934\" \/>\n<meta property=\"og:site_name\" content=\"Lokalmagasinet.no\" \/>\n<meta property=\"article:publisher\" content=\"https:\/\/www.facebook.com\/sveinharald.strand.1\" \/>\n<meta property=\"article:author\" content=\"https:\/\/www.facebook.com\/sveinharald.strand.1\" \/>\n<meta property=\"article:published_time\" content=\"2022-06-25T16:01:40+00:00\" \/>\n<meta property=\"article:modified_time\" content=\"2022-06-30T08:00:21+00:00\" \/>\n<meta property=\"og:image\" content=\"https:\/\/lokalmagasinet.no\/wp-content\/uploads\/2021\/11\/journalism2stock200.jpg\" \/>\n\t<meta property=\"og:image:width\" content=\"200\" \/>\n\t<meta property=\"og:image:height\" content=\"165\" \/>\n\t<meta property=\"og:image:type\" content=\"image\/jpeg\" \/>\n<meta name=\"author\" content=\"Svein-Harald Strand\" \/>\n<meta name=\"twitter:card\" content=\"summary_large_image\" \/>\n<meta name=\"twitter:creator\" content=\"@LMExtra\" \/>\n<meta name=\"twitter:site\" content=\"@LMExtra\" \/>\n<meta name=\"twitter:label1\" content=\"Written by\" \/>\n\t<meta name=\"twitter:data1\" content=\"Svein-Harald Strand\" \/>\n\t<meta name=\"twitter:label2\" content=\"Est. reading time\" \/>\n\t<meta name=\"twitter:data2\" content=\"2 minutt\" \/>\n<script type=\"application\/ld+json\" class=\"yoast-schema-graph\">{\"@context\":\"https:\\\/\\\/schema.org\",\"@graph\":[{\"@type\":\"Article\",\"@id\":\"https:\\\/\\\/lokalmagasinet.no\\\/?p=10934#article\",\"isPartOf\":{\"@id\":\"https:\\\/\\\/lokalmagasinet.no\\\/?p=10934\"},\"author\":{\"name\":\"Svein-Harald Strand\",\"@id\":\"https:\\\/\\\/lokalmagasinet.no\\\/#\\\/schema\\\/person\\\/2e8d221708d3aaf6f577275b5bba4310\"},\"headline\":\"Fiks ferdig flyplass bare st\u00e5r der\",\"datePublished\":\"2022-06-25T16:01:40+00:00\",\"dateModified\":\"2022-06-30T08:00:21+00:00\",\"mainEntityOfPage\":{\"@id\":\"https:\\\/\\\/lokalmagasinet.no\\\/?p=10934\"},\"wordCount\":453,\"publisher\":{\"@id\":\"https:\\\/\\\/lokalmagasinet.no\\\/#organization\"},\"image\":{\"@id\":\"https:\\\/\\\/lokalmagasinet.no\\\/?p=10934#primaryimage\"},\"thumbnailUrl\":\"https:\\\/\\\/lokalmagasinet.no\\\/wp-content\\\/uploads\\\/2021\\\/11\\\/journalism2stock200.jpg\",\"articleSection\":[\"Aktuelt\",\"Debatt\"],\"inLanguage\":\"nn-NO\"},{\"@type\":\"WebPage\",\"@id\":\"https:\\\/\\\/lokalmagasinet.no\\\/?p=10934\",\"url\":\"https:\\\/\\\/lokalmagasinet.no\\\/?p=10934\",\"name\":\"Fiks ferdig flyplass bare st\u00e5r der | Lokalmagasinet.no\",\"isPartOf\":{\"@id\":\"https:\\\/\\\/lokalmagasinet.no\\\/#website\"},\"primaryImageOfPage\":{\"@id\":\"https:\\\/\\\/lokalmagasinet.no\\\/?p=10934#primaryimage\"},\"image\":{\"@id\":\"https:\\\/\\\/lokalmagasinet.no\\\/?p=10934#primaryimage\"},\"thumbnailUrl\":\"https:\\\/\\\/lokalmagasinet.no\\\/wp-content\\\/uploads\\\/2021\\\/11\\\/journalism2stock200.jpg\",\"datePublished\":\"2022-06-25T16:01:40+00:00\",\"dateModified\":\"2022-06-30T08:00:21+00:00\",\"breadcrumb\":{\"@id\":\"https:\\\/\\\/lokalmagasinet.no\\\/?p=10934#breadcrumb\"},\"inLanguage\":\"nn-NO\",\"potentialAction\":[{\"@type\":\"ReadAction\",\"target\":[\"https:\\\/\\\/lokalmagasinet.no\\\/?p=10934\"]}]},{\"@type\":\"ImageObject\",\"inLanguage\":\"nn-NO\",\"@id\":\"https:\\\/\\\/lokalmagasinet.no\\\/?p=10934#primaryimage\",\"url\":\"https:\\\/\\\/lokalmagasinet.no\\\/wp-content\\\/uploads\\\/2021\\\/11\\\/journalism2stock200.jpg\",\"contentUrl\":\"https:\\\/\\\/lokalmagasinet.no\\\/wp-content\\\/uploads\\\/2021\\\/11\\\/journalism2stock200.jpg\",\"width\":200,\"height\":165},{\"@type\":\"BreadcrumbList\",\"@id\":\"https:\\\/\\\/lokalmagasinet.no\\\/?p=10934#breadcrumb\",\"itemListElement\":[{\"@type\":\"ListItem\",\"position\":1,\"name\":\"Hjem\",\"item\":\"https:\\\/\\\/lokalmagasinet.no\\\/\"},{\"@type\":\"ListItem\",\"position\":2,\"name\":\"Fiks ferdig flyplass bare st\u00e5r der\"}]},{\"@type\":\"WebSite\",\"@id\":\"https:\\\/\\\/lokalmagasinet.no\\\/#website\",\"url\":\"https:\\\/\\\/lokalmagasinet.no\\\/\",\"name\":\"Lokalmagasinet.no\",\"description\":\"Fra fortid og n\u00e5tid. Med st\u00e5sted i det n\u00e6re. Siden 2002.\",\"publisher\":{\"@id\":\"https:\\\/\\\/lokalmagasinet.no\\\/#organization\"},\"potentialAction\":[{\"@type\":\"SearchAction\",\"target\":{\"@type\":\"EntryPoint\",\"urlTemplate\":\"https:\\\/\\\/lokalmagasinet.no\\\/?s={search_term_string}\"},\"query-input\":{\"@type\":\"PropertyValueSpecification\",\"valueRequired\":true,\"valueName\":\"search_term_string\"}}],\"inLanguage\":\"nn-NO\"},{\"@type\":\"Organization\",\"@id\":\"https:\\\/\\\/lokalmagasinet.no\\\/#organization\",\"name\":\"Lokalmagasinet.no\",\"url\":\"https:\\\/\\\/lokalmagasinet.no\\\/\",\"logo\":{\"@type\":\"ImageObject\",\"inLanguage\":\"nn-NO\",\"@id\":\"https:\\\/\\\/lokalmagasinet.no\\\/#\\\/schema\\\/logo\\\/image\\\/\",\"url\":\"https:\\\/\\\/lokalmagasinet.no\\\/wp-content\\\/uploads\\\/2021\\\/03\\\/cropped-cropped-cropped-cropped-cropped-cropped-lmlogo-e1640691300821.jpg\",\"contentUrl\":\"https:\\\/\\\/lokalmagasinet.no\\\/wp-content\\\/uploads\\\/2021\\\/03\\\/cropped-cropped-cropped-cropped-cropped-cropped-lmlogo-e1640691300821.jpg\",\"width\":72,\"height\":118,\"caption\":\"Lokalmagasinet.no\"},\"image\":{\"@id\":\"https:\\\/\\\/lokalmagasinet.no\\\/#\\\/schema\\\/logo\\\/image\\\/\"},\"sameAs\":[\"https:\\\/\\\/www.facebook.com\\\/sveinharald.strand.1\",\"https:\\\/\\\/x.com\\\/LMExtra\"]},{\"@type\":\"Person\",\"@id\":\"https:\\\/\\\/lokalmagasinet.no\\\/#\\\/schema\\\/person\\\/2e8d221708d3aaf6f577275b5bba4310\",\"name\":\"Svein-Harald Strand\",\"image\":{\"@type\":\"ImageObject\",\"inLanguage\":\"nn-NO\",\"@id\":\"https:\\\/\\\/secure.gravatar.com\\\/avatar\\\/c487434bdf6cd7c12e4a88877ae4b12c38d22b7ad64292b49d33ed7503bb7ce1?s=96&d=mm&r=g\",\"url\":\"https:\\\/\\\/secure.gravatar.com\\\/avatar\\\/c487434bdf6cd7c12e4a88877ae4b12c38d22b7ad64292b49d33ed7503bb7ce1?s=96&d=mm&r=g\",\"contentUrl\":\"https:\\\/\\\/secure.gravatar.com\\\/avatar\\\/c487434bdf6cd7c12e4a88877ae4b12c38d22b7ad64292b49d33ed7503bb7ce1?s=96&d=mm&r=g\",\"caption\":\"Svein-Harald Strand\"},\"description\":\"(F. 26.12.1945) Redakt\u00f8r, journalist og informasjonsarbeider siden 1968. ||| I 1963: Redaksjonell praktikant i 8 m\u00e5neder p\u00e5 full tid i Helgeland Arbeiderblad i hjembyen Mosj\u00f8en. ||| Arbeidende pensjonist med hjemmekontor fra 2008 (AFP) og videre som folkepensjonist til n\u00e5.\",\"sameAs\":[\"https:\\\/\\\/lokalmagasinet.no\\\/\",\"https:\\\/\\\/www.facebook.com\\\/sveinharald.strand.1\",\"https:\\\/\\\/x.com\\\/LMExtra\"],\"url\":\"https:\\\/\\\/lokalmagasinet.no\\\/?author=6\"}]}<\/script>\n<!-- \/ Yoast SEO plugin. -->","yoast_head_json":{"title":"Fiks ferdig flyplass bare st\u00e5r der | Lokalmagasinet.no","robots":{"index":"index","follow":"follow","max-snippet":"max-snippet:-1","max-image-preview":"max-image-preview:large","max-video-preview":"max-video-preview:-1"},"canonical":"https:\/\/lokalmagasinet.no\/?p=10934","og_locale":"nn_NO","og_type":"article","og_title":"Fiks ferdig flyplass bare st\u00e5r der | Lokalmagasinet.no","og_description":"Foto: NTB (Publisert 25.06.22. Kommentar.) (Av Svein-H. Strand) Den ligger ikke i Son, ikke et annet sted i Vestby eller Follo-regionen heller. Den ligger i v\u00e5r nabokommune i s\u00f8r, Moss, ... Les merFiks ferdig flyplass bare st\u00e5r der","og_url":"https:\/\/lokalmagasinet.no\/?p=10934","og_site_name":"Lokalmagasinet.no","article_publisher":"https:\/\/www.facebook.com\/sveinharald.strand.1","article_author":"https:\/\/www.facebook.com\/sveinharald.strand.1","article_published_time":"2022-06-25T16:01:40+00:00","article_modified_time":"2022-06-30T08:00:21+00:00","og_image":[{"width":200,"height":165,"url":"https:\/\/lokalmagasinet.no\/wp-content\/uploads\/2021\/11\/journalism2stock200.jpg","type":"image\/jpeg"}],"author":"Svein-Harald Strand","twitter_card":"summary_large_image","twitter_creator":"@LMExtra","twitter_site":"@LMExtra","twitter_misc":{"Written by":"Svein-Harald Strand","Est. reading time":"2 minutt"},"schema":{"@context":"https:\/\/schema.org","@graph":[{"@type":"Article","@id":"https:\/\/lokalmagasinet.no\/?p=10934#article","isPartOf":{"@id":"https:\/\/lokalmagasinet.no\/?p=10934"},"author":{"name":"Svein-Harald Strand","@id":"https:\/\/lokalmagasinet.no\/#\/schema\/person\/2e8d221708d3aaf6f577275b5bba4310"},"headline":"Fiks ferdig flyplass bare st\u00e5r der","datePublished":"2022-06-25T16:01:40+00:00","dateModified":"2022-06-30T08:00:21+00:00","mainEntityOfPage":{"@id":"https:\/\/lokalmagasinet.no\/?p=10934"},"wordCount":453,"publisher":{"@id":"https:\/\/lokalmagasinet.no\/#organization"},"image":{"@id":"https:\/\/lokalmagasinet.no\/?p=10934#primaryimage"},"thumbnailUrl":"https:\/\/lokalmagasinet.no\/wp-content\/uploads\/2021\/11\/journalism2stock200.jpg","articleSection":["Aktuelt","Debatt"],"inLanguage":"nn-NO"},{"@type":"WebPage","@id":"https:\/\/lokalmagasinet.no\/?p=10934","url":"https:\/\/lokalmagasinet.no\/?p=10934","name":"Fiks ferdig flyplass bare st\u00e5r der | Lokalmagasinet.no","isPartOf":{"@id":"https:\/\/lokalmagasinet.no\/#website"},"primaryImageOfPage":{"@id":"https:\/\/lokalmagasinet.no\/?p=10934#primaryimage"},"image":{"@id":"https:\/\/lokalmagasinet.no\/?p=10934#primaryimage"},"thumbnailUrl":"https:\/\/lokalmagasinet.no\/wp-content\/uploads\/2021\/11\/journalism2stock200.jpg","datePublished":"2022-06-25T16:01:40+00:00","dateModified":"2022-06-30T08:00:21+00:00","breadcrumb":{"@id":"https:\/\/lokalmagasinet.no\/?p=10934#breadcrumb"},"inLanguage":"nn-NO","potentialAction":[{"@type":"ReadAction","target":["https:\/\/lokalmagasinet.no\/?p=10934"]}]},{"@type":"ImageObject","inLanguage":"nn-NO","@id":"https:\/\/lokalmagasinet.no\/?p=10934#primaryimage","url":"https:\/\/lokalmagasinet.no\/wp-content\/uploads\/2021\/11\/journalism2stock200.jpg","contentUrl":"https:\/\/lokalmagasinet.no\/wp-content\/uploads\/2021\/11\/journalism2stock200.jpg","width":200,"height":165},{"@type":"BreadcrumbList","@id":"https:\/\/lokalmagasinet.no\/?p=10934#breadcrumb","itemListElement":[{"@type":"ListItem","position":1,"name":"Hjem","item":"https:\/\/lokalmagasinet.no\/"},{"@type":"ListItem","position":2,"name":"Fiks ferdig flyplass bare st\u00e5r der"}]},{"@type":"WebSite","@id":"https:\/\/lokalmagasinet.no\/#website","url":"https:\/\/lokalmagasinet.no\/","name":"Lokalmagasinet.no","description":"Fra fortid og n\u00e5tid. Med st\u00e5sted i det n\u00e6re. Siden 2002.","publisher":{"@id":"https:\/\/lokalmagasinet.no\/#organization"},"potentialAction":[{"@type":"SearchAction","target":{"@type":"EntryPoint","urlTemplate":"https:\/\/lokalmagasinet.no\/?s={search_term_string}"},"query-input":{"@type":"PropertyValueSpecification","valueRequired":true,"valueName":"search_term_string"}}],"inLanguage":"nn-NO"},{"@type":"Organization","@id":"https:\/\/lokalmagasinet.no\/#organization","name":"Lokalmagasinet.no","url":"https:\/\/lokalmagasinet.no\/","logo":{"@type":"ImageObject","inLanguage":"nn-NO","@id":"https:\/\/lokalmagasinet.no\/#\/schema\/logo\/image\/","url":"https:\/\/lokalmagasinet.no\/wp-content\/uploads\/2021\/03\/cropped-cropped-cropped-cropped-cropped-cropped-lmlogo-e1640691300821.jpg","contentUrl":"https:\/\/lokalmagasinet.no\/wp-content\/uploads\/2021\/03\/cropped-cropped-cropped-cropped-cropped-cropped-lmlogo-e1640691300821.jpg","width":72,"height":118,"caption":"Lokalmagasinet.no"},"image":{"@id":"https:\/\/lokalmagasinet.no\/#\/schema\/logo\/image\/"},"sameAs":["https:\/\/www.facebook.com\/sveinharald.strand.1","https:\/\/x.com\/LMExtra"]},{"@type":"Person","@id":"https:\/\/lokalmagasinet.no\/#\/schema\/person\/2e8d221708d3aaf6f577275b5bba4310","name":"Svein-Harald Strand","image":{"@type":"ImageObject","inLanguage":"nn-NO","@id":"https:\/\/secure.gravatar.com\/avatar\/c487434bdf6cd7c12e4a88877ae4b12c38d22b7ad64292b49d33ed7503bb7ce1?s=96&d=mm&r=g","url":"https:\/\/secure.gravatar.com\/avatar\/c487434bdf6cd7c12e4a88877ae4b12c38d22b7ad64292b49d33ed7503bb7ce1?s=96&d=mm&r=g","contentUrl":"https:\/\/secure.gravatar.com\/avatar\/c487434bdf6cd7c12e4a88877ae4b12c38d22b7ad64292b49d33ed7503bb7ce1?s=96&d=mm&r=g","caption":"Svein-Harald Strand"},"description":"(F. 26.12.1945) Redakt\u00f8r, journalist og informasjonsarbeider siden 1968. ||| I 1963: Redaksjonell praktikant i 8 m\u00e5neder p\u00e5 full tid i Helgeland Arbeiderblad i hjembyen Mosj\u00f8en. ||| Arbeidende pensjonist med hjemmekontor fra 2008 (AFP) og videre som folkepensjonist til n\u00e5.","sameAs":["https:\/\/lokalmagasinet.no\/","https:\/\/www.facebook.com\/sveinharald.strand.1","https:\/\/x.com\/LMExtra"],"url":"https:\/\/lokalmagasinet.no\/?author=6"}]}},"_links":{"self":[{"href":"https:\/\/lokalmagasinet.no\/index.php?rest_route=\/wp\/v2\/posts\/10934","targetHints":{"allow":["GET"]}}],"collection":[{"href":"https:\/\/lokalmagasinet.no\/index.php?rest_route=\/wp\/v2\/posts"}],"about":[{"href":"https:\/\/lokalmagasinet.no\/index.php?rest_route=\/wp\/v2\/types\/post"}],"author":[{"embeddable":true,"href":"https:\/\/lokalmagasinet.no\/index.php?rest_route=\/wp\/v2\/users\/6"}],"replies":[{"embeddable":true,"href":"https:\/\/lokalmagasinet.no\/index.php?rest_route=%2Fwp%2Fv2%2Fcomments&post=10934"}],"version-history":[{"count":10,"href":"https:\/\/lokalmagasinet.no\/index.php?rest_route=\/wp\/v2\/posts\/10934\/revisions"}],"predecessor-version":[{"id":10986,"href":"https:\/\/lokalmagasinet.no\/index.php?rest_route=\/wp\/v2\/posts\/10934\/revisions\/10986"}],"wp:featuredmedia":[{"embeddable":true,"href":"https:\/\/lokalmagasinet.no\/index.php?rest_route=\/wp\/v2\/media\/6283"}],"wp:attachment":[{"href":"https:\/\/lokalmagasinet.no\/index.php?rest_route=%2Fwp%2Fv2%2Fmedia&parent=10934"}],"wp:term":[{"taxonomy":"category","embeddable":true,"href":"https:\/\/lokalmagasinet.no\/index.php?rest_route=%2Fwp%2Fv2%2Fcategories&post=10934"},{"taxonomy":"post_tag","embeddable":true,"href":"https:\/\/lokalmagasinet.no\/index.php?rest_route=%2Fwp%2Fv2%2Ftags&post=10934"}],"curies":[{"name":"wp","href":"https:\/\/api.w.org\/{rel}","templated":true}]}}