{"id":11048,"date":"2022-07-05T17:03:11","date_gmt":"2022-07-05T15:03:11","guid":{"rendered":"https:\/\/lokalmagasinet.no\/?page_id=11048"},"modified":"2023-09-23T11:41:49","modified_gmt":"2023-09-23T09:41:49","slug":"nytt-tiar-under-oyfjellet-2","status":"publish","type":"post","link":"https:\/\/lokalmagasinet.no\/?p=11048","title":{"rendered":"Nytt ti\u00e5r under \u00d8yfjellet"},"content":{"rendered":"<p><em><img loading=\"lazy\" decoding=\"async\" class=\"aligncenter wp-image-3366 size-full\" src=\"https:\/\/lokalmagasinet.no\/wp-content\/uploads\/2021\/05\/vinterdagimosjoen.jpg\" alt=\"\" width=\"1024\" height=\"781\" srcset=\"https:\/\/lokalmagasinet.no\/wp-content\/uploads\/2021\/05\/vinterdagimosjoen.jpg 1024w, https:\/\/lokalmagasinet.no\/wp-content\/uploads\/2021\/05\/vinterdagimosjoen-300x229.jpg 300w, https:\/\/lokalmagasinet.no\/wp-content\/uploads\/2021\/05\/vinterdagimosjoen-768x586.jpg 768w\" sizes=\"auto, (max-width: 1024px) 100vw, 1024px\" \/><\/em><\/p>\n<p style=\"text-align: center;\"><em>LM Arkivfoto \/ Fotograf: \u00d8yvinn Hjorthen, Info Helgeland<br \/>\n<\/em><\/p>\n<p>Et nytt ti\u00e5r har satt seg under \u00d8yfjellet.<\/p>\n<p>Mosj\u00f8en har 4490 innbyggere og et snev av sm\u00e5bysyke. Av landets 19 ladesteder er n\u00e5 bare Mo og Namsos st\u00f8rre.<\/p>\n<p>Jo, det st\u00e5r svart p\u00e5 hvitt i min kj\u00e6re \u201dFasiten \u2013 almanakk for ungdom\u201d. Den ferske industribyen er til og med st\u00f8rre enn Steinkjer, s\u00e5vidt.<\/p>\n<p>MEN AKK &#8211; du min almanakk har jo ogs\u00e5 en annen statistikk. Den sier at dersom vi regner med bykommunene, s\u00e5 er Mosj\u00f8en helt nede p\u00e5 trettifemteplass i innbyggertall.<\/p>\n<p>Byen som vi vokser opp i, selv om den ligger midt i Norge, er langt fra \u00e5 v\u00e6re noe som helst slags midtpunkt i vanlig forstand. Karakteristikken \u201dKnutepunktet p\u00e5 Midt-Helgeland\u201d er ikke akkurat noe \u00e5 briske seg med. Det gj\u00f8r vi da heller ikke.<\/p>\n<p>SEINT P\u00c5 H\u00d8STEN I 1960 begynner det f\u00f8rste etterkrigskullet \u00e5 lese hos presten. I august har flesteparten begynt p\u00e5 realskolen. Kanskje med litt mageknip. Matematikk er splitternytt for oss. Etter den f\u00f8rste matematikktimen blir bokstavene X og Y aldri mer det de har v\u00e6rt.<\/p>\n<p>Mosj\u00f8en interkommunale h\u00f8gere almenskole, tenk det! Splitter ny er den ogs\u00e5, skolen ved Byparken.<\/p>\n<p>Oj, se de smale klasseromsvinduene \u2013 oppe ved taket og nede ved gulvet!<\/p>\n<p><em>\u2013 Mod\u00e6rne arkit\u00e6ktur, f\u00f8rst\u00e5r du!<\/em><\/p>\n<p>Hvor er vi i den store HISTORIENS L\u00d8P? Jo \u2013 ikke mer enn dr\u00f8ye 15 \u00e5r er g\u00e5tt. Bare 15 \u00e5r siden gleden eksploderte i Norge og i lille Mosj\u00f8en, midt i det lange, okkuperte landet v\u00e5rt.<\/p>\n<p>For oss vordende konfirmanter er krigen historie. Det hjelper ikke at denne historien er s\u00e5 n\u00e6r at foreldrene v\u00e5re \u2013 foreldrene til oss ynglinger \u2013 var en del av den. V\u00e5re foreldre er jo nesten gamle, synes vi.<\/p>\n<p>Ja, tidsbegrepet i forbindelse med fortida er en h\u00f8yst relativ sak. Den annen verdenskrig, det er skolepensum; rett og slett et lite hav BAKOVER i tid! For oss unge.<\/p>\n<p>Vi som STORMER FRAM! Fram gjennom gatene p\u00e5 sykkel, spark, ski og \u2013 ja: Til og med p\u00e5 sk\u00f8yter, n\u00e5r striregnet kommer og lager speilholke mellom br\u00f8ytekantene og vi s\u00e5vidt rekker \u00e5 f\u00e5 jernene skrudd p\u00e5 beks\u00f8mskoan f\u00f8r han Jakob Asprem og de andre br\u00f8ytekaran kommer med str\u00f8sand som risler ned fra lasteplanet p\u00e5 kommunebilene.<\/p>\n<p>Vi stormer fram gjennom de stadig flere og stadig tykkere b\u00f8kene som vi leser stadig fortere \u2013 n\u00e5 ogs\u00e5 p\u00e5 et fremmed spr\u00e5k og snart to. Fram gjennom klassetrinnene. Fram gjennom de blendende forelskelsene!<\/p>\n<p>Og vi stormer &#8211; nei vi <em>raser &#8211; <\/em>videre. Stadig videre. Mot DE VOKSNES REKKER! Gjennom filmene \u2013 selvsagt ogs\u00e5 gjennom filmene! Filmene p\u00e5 <em>Mosj\u00f8en Komm. Kino; <\/em>den rare, r\u00f8de brakketarmen ved den forbl\u00e5ste elvebakken i s\u00f8renden av byflata.<\/p>\n<p>Kinobrakka blir etter hvert solid bardunert for \u00e5 st\u00e5 av b\u00e5de den verste s\u00f8rvesten nedover Trangskaret og et amerikansk filmrepertoar med en stadig tyngre og bredere lydfront.<\/p>\n<p>I krigsfilmene &#8211; som kommer p\u00e5 rekke og rad med skaml\u00f8s heltedyrkelse av v\u00e5re, gjerne glattbarberte, gutter i felten &#8211; s\u00e5 er det etter hvert som om vi sitter midt i ragnarokket. En b\u00f8lge av vibrasjoner l\u00f8per fra vest til \u00f8st gjennom den smekkfulle salen i den slitne krigskonstruksjonen n\u00e5r kanonbatteriene spyr ut salve p\u00e5 salve.<\/p>\n<p>NEI KRIGEN, sa du? Det er alts\u00e5 P\u00c5 FILM. En og annen tyskerbrakke finnes fortsatt i byen, ikke bare kinobygningen. Ellers er det lite, om noe, som minner om krigstida. Mosj\u00f8en ble lite merket, rent fysisk. Her falt jo ikke ei bombe. Kanskje er det med p\u00e5 \u00e5 gi avstand?<\/p>\n<p>Sist, men ikke minst: Samfunnet er i rivende utvikling! Gjenoppbyggingen av landet og \u00f8konomien har v\u00e6rt en suksess. Ja, hele den vestlige verden peser fram som et lokomotiv, med tekniske nyvinninger som legger grunnlaget for nye eller forbedrede produkter.<\/p>\n<p>ARBEID TIL STADIG FLERE gir mer penger \u00e5 kj\u00f8pe for. En karusell er satt igang. Med oss etterkrigsbarn hvinende ombord.<\/p>\n<p>Ogs\u00e5 p\u00e5 kulturfronten dukker det stadig opp noe nytt og tildels spektakul\u00e6rt. Ikke minst innenfor underholdningskulturen. <em>Rock`n roll has come to stay!<\/em> Nye grupper og sangere lanseres p\u00e5 l\u00f8pende\u00a0 b\u00e5nd.<\/p>\n<p>Det er liksom det gj\u00e6rer og syder \u2013 ogs\u00e5 i oss selv! Er det noe rart at krigen er langt, langt borte?<\/p>\n<p>Og n\u00e5: EN NY EPOKE skal begynne i v\u00e5re liv.<\/p>\n<p><em>\u2013 Du ska vel konfirmeres?<\/em><\/p>\n<p><em>\u2013 Konfirmeres? Ja ke eillers!<\/em><\/p>\n<p>Ja ke eillers&#8230;?<\/p>\n<p>I JUNI \u00c5RET ETTER st\u00e5r vi s\u00e5 i Guds \u00e5syn for presten. For v\u00e5re stolte foreldre som sitter tett p\u00e5 de harde kirkebenkene, er det bare en h\u00e5ndfull strevsomme gjenoppbyggings\u00e5r mellom fredsv\u00e5ren og denne konfirmasjonss\u00f8ndagen i den n\u00f8kternt vakre Dolstad kirke.<\/p>\n<p>Hvor kort tid det <em>egentlig<\/em> er, bakover til 1945, det skal konfirmantene engang komme til \u00e5 fatte. Men ikke fullt ut f\u00f8r de ser egne barn vokse opp!<\/p>\n<p>Denne konfirmasjonsdagen er en dag \u00e5 huske. Ja, <em>for resten av live<\/em>t \u2013 for resten av det VOKSNE livet som de sier at vi n\u00e5 st\u00e5r ved terskelen til \u2013 vil vi huske denne dagen. Det f\u00f8ler vi s\u00e5 sterkt der vi st\u00e5r i de kvite kappene v\u00e5re og pr\u00f8ver \u00e5 ikke se ned i gulvet hele tida.<\/p>\n<p>Vi vil huske ikke bare en lang konfirmasjonshandling som vi gikk til med b\u00e5de forventning og usikkerhet \u2013 ogs\u00e5 med hensyn til den kristne troen som vi st\u00e5r der for \u00e5 bekrefte.<\/p>\n<p>En blanding av glede og alvor som vi ikke har st\u00f8tt p\u00e5 f\u00f8r, har n\u00e5 samlet seg opp og ligger og trykker p\u00e5 inne i brystkammeret.<\/p>\n<p>NEI, IKKE BARE det som skjer i kirka vil vi huske &#8211; og ikke bare gavene som begynte \u00e5 komme inn av entred\u00f8ra allerede i g\u00e5r kveld. For V\u00e5rherre har ogs\u00e5 v\u00e6rt s\u00e5 god \u00e5 se til at s\u00f8ndag den 4. juni 1961, blir \u00e5rets f\u00f8rste sommerdag p\u00e5 Helgeland!<\/p>\n<p>Sol og 20 gode grader i mosj\u00f8gryta. En dag med en praktfull friskhet som bare oppst\u00e5r p\u00e5 forsommeren. F\u00f8r alt er fullb\u00e5ret; mens kraften fortsatt river i alt levende og driver saft og sevje gjennom vinterhard materie.<\/p>\n<p>P\u00c5 HJEMVEIEN st\u00e5r sola rett i fjeset p\u00e5 oss da vi svinger av fra Skjervgata. I Kirkegata er de stramme bj\u00f8rketr\u00e6rne enn\u00e5 ikke blitt skamfert av fluorr\u00f8yken fra aluminiumsverket, som kom i gang for tre \u00e5r siden \u2013 et n\u00e6ringslokomotiv som er og blir til glede for alt i alt flere tusen mennesker p\u00e5 Midt-Helgeland.<\/p>\n<p>Alt er liksom h\u00f8ytidsfint tilrettelagt i Kirkegata, med flagg og nyss utsprungne, kvasst gr\u00f8nne bj\u00f8rkekroner p\u00e5 begge sider. To stramme rader p\u00e5 neverkvite legger oppover den lange \u201dgogato v\u00e5res\u201d, hvor folk ogs\u00e5 i de aller eldste mosj\u00f8tider fartet til og fra kirka.<\/p>\n<p>S\u00c5 ER VI ALTS\u00c5 blitt voksne. En uensartet liten flokk &#8211; som den neste s\u00f8ndagen, med illr\u00f8de kinn p\u00e5 kne foran alteret der vi mottar Kristi legeme og blod &#8211; kjemper sitt livs kamp mot det veldige knisetrollet som sprenger p\u00e5 inni den uferdige bringa. Bare fordi en eneste knisus ikke kunne dy seg.<\/p>\n<p>Keitete dagdr\u00f8mmere, s\u00f8kende talenter av mange slag. Gode venner og d\u00e5rlige uvenner, mammagutter og pappajenter, kjekkaser og reddharer. Lett bortskjemte, lett undrende etterkrigsbarn.<\/p>\n<p>VOKSNE &#8211; vi?<\/p>\n<p><strong>Svein-Harald Strand<\/strong><\/p>\n<p><em>K\u00e5seriet, fra ca 1990, er tidligere publisert i Lokalmagasinet.no. Her i en litt endret versjon.<\/em><\/p>\n<p>Views: 191<\/p>","protected":false},"excerpt":{"rendered":"<p>LM Arkivfoto \/ Fotograf: \u00d8yvinn Hjorthen, Info Helgeland Et nytt ti\u00e5r har satt seg under \u00d8yfjellet. Mosj\u00f8en har 4490 innbyggere og et snev av sm\u00e5bysyke. Av landets 19 ladesteder er &#8230; <\/p>\n<p class=\"read-more-container\"><a title=\"Nytt ti\u00e5r under \u00d8yfjellet\" class=\"read-more button\" href=\"https:\/\/lokalmagasinet.no\/?p=11048#more-11048\">Les mer<span class=\"screen-reader-text\">Nytt ti\u00e5r under \u00d8yfjellet<\/span><\/a><\/p>\n","protected":false},"author":6,"featured_media":0,"comment_status":"closed","ping_status":"closed","sticky":false,"template":"","format":"standard","meta":{"footnotes":""},"categories":[42,35],"tags":[],"class_list":["post-11048","post","type-post","status-publish","format-standard","hentry","category-kaseri","category-minner"],"yoast_head":"<!-- This site is optimized with the Yoast SEO plugin v27.4 - https:\/\/yoast.com\/product\/yoast-seo-wordpress\/ -->\n<title>Nytt ti\u00e5r under \u00d8yfjellet | Lokalmagasinet.no<\/title>\n<meta name=\"robots\" content=\"index, follow, max-snippet:-1, max-image-preview:large, max-video-preview:-1\" \/>\n<link rel=\"canonical\" href=\"https:\/\/lokalmagasinet.no\/?p=11048\" \/>\n<meta property=\"og:locale\" content=\"nn_NO\" \/>\n<meta property=\"og:type\" content=\"article\" \/>\n<meta property=\"og:title\" content=\"Nytt ti\u00e5r under \u00d8yfjellet | Lokalmagasinet.no\" \/>\n<meta property=\"og:description\" content=\"LM Arkivfoto \/ Fotograf: \u00d8yvinn Hjorthen, Info Helgeland Et nytt ti\u00e5r har satt seg under \u00d8yfjellet. Mosj\u00f8en har 4490 innbyggere og et snev av sm\u00e5bysyke. Av landets 19 ladesteder er ... Les merNytt ti\u00e5r under \u00d8yfjellet\" \/>\n<meta property=\"og:url\" content=\"https:\/\/lokalmagasinet.no\/?p=11048\" \/>\n<meta property=\"og:site_name\" content=\"Lokalmagasinet.no\" \/>\n<meta property=\"article:publisher\" content=\"https:\/\/www.facebook.com\/sveinharald.strand.1\" \/>\n<meta property=\"article:author\" content=\"https:\/\/www.facebook.com\/sveinharald.strand.1\" \/>\n<meta property=\"article:published_time\" content=\"2022-07-05T15:03:11+00:00\" \/>\n<meta property=\"article:modified_time\" content=\"2023-09-23T09:41:49+00:00\" \/>\n<meta property=\"og:image\" content=\"https:\/\/lokalmagasinet.no\/wp-content\/uploads\/2021\/05\/vinterdagimosjoen.jpg\" \/>\n<meta name=\"author\" content=\"Svein-Harald Strand\" \/>\n<meta name=\"twitter:card\" content=\"summary_large_image\" \/>\n<meta name=\"twitter:creator\" content=\"@LMExtra\" \/>\n<meta name=\"twitter:site\" content=\"@LMExtra\" \/>\n<meta name=\"twitter:label1\" content=\"Written by\" \/>\n\t<meta name=\"twitter:data1\" content=\"Svein-Harald Strand\" \/>\n\t<meta name=\"twitter:label2\" content=\"Est. reading time\" \/>\n\t<meta name=\"twitter:data2\" content=\"6 minutt\" \/>\n<script type=\"application\/ld+json\" class=\"yoast-schema-graph\">{\"@context\":\"https:\\\/\\\/schema.org\",\"@graph\":[{\"@type\":\"Article\",\"@id\":\"https:\\\/\\\/lokalmagasinet.no\\\/?p=11048#article\",\"isPartOf\":{\"@id\":\"https:\\\/\\\/lokalmagasinet.no\\\/?p=11048\"},\"author\":{\"name\":\"Svein-Harald Strand\",\"@id\":\"https:\\\/\\\/lokalmagasinet.no\\\/#\\\/schema\\\/person\\\/2e8d221708d3aaf6f577275b5bba4310\"},\"headline\":\"Nytt ti\u00e5r under \u00d8yfjellet\",\"datePublished\":\"2022-07-05T15:03:11+00:00\",\"dateModified\":\"2023-09-23T09:41:49+00:00\",\"mainEntityOfPage\":{\"@id\":\"https:\\\/\\\/lokalmagasinet.no\\\/?p=11048\"},\"wordCount\":1243,\"publisher\":{\"@id\":\"https:\\\/\\\/lokalmagasinet.no\\\/#organization\"},\"image\":{\"@id\":\"https:\\\/\\\/lokalmagasinet.no\\\/?p=11048#primaryimage\"},\"thumbnailUrl\":\"https:\\\/\\\/lokalmagasinet.no\\\/wp-content\\\/uploads\\\/2021\\\/05\\\/vinterdagimosjoen.jpg\",\"articleSection\":[\"K\u00e5seri\",\"Minner\"],\"inLanguage\":\"nn-NO\"},{\"@type\":\"WebPage\",\"@id\":\"https:\\\/\\\/lokalmagasinet.no\\\/?p=11048\",\"url\":\"https:\\\/\\\/lokalmagasinet.no\\\/?p=11048\",\"name\":\"Nytt ti\u00e5r under \u00d8yfjellet | Lokalmagasinet.no\",\"isPartOf\":{\"@id\":\"https:\\\/\\\/lokalmagasinet.no\\\/#website\"},\"primaryImageOfPage\":{\"@id\":\"https:\\\/\\\/lokalmagasinet.no\\\/?p=11048#primaryimage\"},\"image\":{\"@id\":\"https:\\\/\\\/lokalmagasinet.no\\\/?p=11048#primaryimage\"},\"thumbnailUrl\":\"https:\\\/\\\/lokalmagasinet.no\\\/wp-content\\\/uploads\\\/2021\\\/05\\\/vinterdagimosjoen.jpg\",\"datePublished\":\"2022-07-05T15:03:11+00:00\",\"dateModified\":\"2023-09-23T09:41:49+00:00\",\"breadcrumb\":{\"@id\":\"https:\\\/\\\/lokalmagasinet.no\\\/?p=11048#breadcrumb\"},\"inLanguage\":\"nn-NO\",\"potentialAction\":[{\"@type\":\"ReadAction\",\"target\":[\"https:\\\/\\\/lokalmagasinet.no\\\/?p=11048\"]}]},{\"@type\":\"ImageObject\",\"inLanguage\":\"nn-NO\",\"@id\":\"https:\\\/\\\/lokalmagasinet.no\\\/?p=11048#primaryimage\",\"url\":\"https:\\\/\\\/lokalmagasinet.no\\\/wp-content\\\/uploads\\\/2021\\\/05\\\/vinterdagimosjoen.jpg\",\"contentUrl\":\"https:\\\/\\\/lokalmagasinet.no\\\/wp-content\\\/uploads\\\/2021\\\/05\\\/vinterdagimosjoen.jpg\",\"width\":1024,\"height\":781,\"caption\":\"(Foto: \u00d8yvinn Hjorthen)\"},{\"@type\":\"BreadcrumbList\",\"@id\":\"https:\\\/\\\/lokalmagasinet.no\\\/?p=11048#breadcrumb\",\"itemListElement\":[{\"@type\":\"ListItem\",\"position\":1,\"name\":\"Hjem\",\"item\":\"https:\\\/\\\/lokalmagasinet.no\\\/\"},{\"@type\":\"ListItem\",\"position\":2,\"name\":\"Nytt ti\u00e5r under \u00d8yfjellet\"}]},{\"@type\":\"WebSite\",\"@id\":\"https:\\\/\\\/lokalmagasinet.no\\\/#website\",\"url\":\"https:\\\/\\\/lokalmagasinet.no\\\/\",\"name\":\"Lokalmagasinet.no\",\"description\":\"Fra fortid og n\u00e5tid. Med st\u00e5sted i det n\u00e6re. Siden 2002.\",\"publisher\":{\"@id\":\"https:\\\/\\\/lokalmagasinet.no\\\/#organization\"},\"potentialAction\":[{\"@type\":\"SearchAction\",\"target\":{\"@type\":\"EntryPoint\",\"urlTemplate\":\"https:\\\/\\\/lokalmagasinet.no\\\/?s={search_term_string}\"},\"query-input\":{\"@type\":\"PropertyValueSpecification\",\"valueRequired\":true,\"valueName\":\"search_term_string\"}}],\"inLanguage\":\"nn-NO\"},{\"@type\":\"Organization\",\"@id\":\"https:\\\/\\\/lokalmagasinet.no\\\/#organization\",\"name\":\"Lokalmagasinet.no\",\"url\":\"https:\\\/\\\/lokalmagasinet.no\\\/\",\"logo\":{\"@type\":\"ImageObject\",\"inLanguage\":\"nn-NO\",\"@id\":\"https:\\\/\\\/lokalmagasinet.no\\\/#\\\/schema\\\/logo\\\/image\\\/\",\"url\":\"https:\\\/\\\/lokalmagasinet.no\\\/wp-content\\\/uploads\\\/2021\\\/03\\\/cropped-cropped-cropped-cropped-cropped-cropped-lmlogo-e1640691300821.jpg\",\"contentUrl\":\"https:\\\/\\\/lokalmagasinet.no\\\/wp-content\\\/uploads\\\/2021\\\/03\\\/cropped-cropped-cropped-cropped-cropped-cropped-lmlogo-e1640691300821.jpg\",\"width\":72,\"height\":118,\"caption\":\"Lokalmagasinet.no\"},\"image\":{\"@id\":\"https:\\\/\\\/lokalmagasinet.no\\\/#\\\/schema\\\/logo\\\/image\\\/\"},\"sameAs\":[\"https:\\\/\\\/www.facebook.com\\\/sveinharald.strand.1\",\"https:\\\/\\\/x.com\\\/LMExtra\"]},{\"@type\":\"Person\",\"@id\":\"https:\\\/\\\/lokalmagasinet.no\\\/#\\\/schema\\\/person\\\/2e8d221708d3aaf6f577275b5bba4310\",\"name\":\"Svein-Harald Strand\",\"image\":{\"@type\":\"ImageObject\",\"inLanguage\":\"nn-NO\",\"@id\":\"https:\\\/\\\/secure.gravatar.com\\\/avatar\\\/c487434bdf6cd7c12e4a88877ae4b12c38d22b7ad64292b49d33ed7503bb7ce1?s=96&d=mm&r=g\",\"url\":\"https:\\\/\\\/secure.gravatar.com\\\/avatar\\\/c487434bdf6cd7c12e4a88877ae4b12c38d22b7ad64292b49d33ed7503bb7ce1?s=96&d=mm&r=g\",\"contentUrl\":\"https:\\\/\\\/secure.gravatar.com\\\/avatar\\\/c487434bdf6cd7c12e4a88877ae4b12c38d22b7ad64292b49d33ed7503bb7ce1?s=96&d=mm&r=g\",\"caption\":\"Svein-Harald Strand\"},\"description\":\"(F. 26.12.1945) Redakt\u00f8r, journalist og informasjonsarbeider siden 1968. ||| I 1963: Redaksjonell praktikant i 8 m\u00e5neder p\u00e5 full tid i Helgeland Arbeiderblad i hjembyen Mosj\u00f8en. ||| Arbeidende pensjonist med hjemmekontor fra 2008 (AFP) og videre som folkepensjonist til n\u00e5.\",\"sameAs\":[\"https:\\\/\\\/lokalmagasinet.no\\\/\",\"https:\\\/\\\/www.facebook.com\\\/sveinharald.strand.1\",\"https:\\\/\\\/x.com\\\/LMExtra\"],\"url\":\"https:\\\/\\\/lokalmagasinet.no\\\/?author=6\"}]}<\/script>\n<!-- \/ Yoast SEO plugin. -->","yoast_head_json":{"title":"Nytt ti\u00e5r under \u00d8yfjellet | Lokalmagasinet.no","robots":{"index":"index","follow":"follow","max-snippet":"max-snippet:-1","max-image-preview":"max-image-preview:large","max-video-preview":"max-video-preview:-1"},"canonical":"https:\/\/lokalmagasinet.no\/?p=11048","og_locale":"nn_NO","og_type":"article","og_title":"Nytt ti\u00e5r under \u00d8yfjellet | Lokalmagasinet.no","og_description":"LM Arkivfoto \/ Fotograf: \u00d8yvinn Hjorthen, Info Helgeland Et nytt ti\u00e5r har satt seg under \u00d8yfjellet. Mosj\u00f8en har 4490 innbyggere og et snev av sm\u00e5bysyke. Av landets 19 ladesteder er ... Les merNytt ti\u00e5r under \u00d8yfjellet","og_url":"https:\/\/lokalmagasinet.no\/?p=11048","og_site_name":"Lokalmagasinet.no","article_publisher":"https:\/\/www.facebook.com\/sveinharald.strand.1","article_author":"https:\/\/www.facebook.com\/sveinharald.strand.1","article_published_time":"2022-07-05T15:03:11+00:00","article_modified_time":"2023-09-23T09:41:49+00:00","og_image":[{"url":"https:\/\/lokalmagasinet.no\/wp-content\/uploads\/2021\/05\/vinterdagimosjoen.jpg","type":"","width":"","height":""}],"author":"Svein-Harald Strand","twitter_card":"summary_large_image","twitter_creator":"@LMExtra","twitter_site":"@LMExtra","twitter_misc":{"Written by":"Svein-Harald Strand","Est. reading time":"6 minutt"},"schema":{"@context":"https:\/\/schema.org","@graph":[{"@type":"Article","@id":"https:\/\/lokalmagasinet.no\/?p=11048#article","isPartOf":{"@id":"https:\/\/lokalmagasinet.no\/?p=11048"},"author":{"name":"Svein-Harald Strand","@id":"https:\/\/lokalmagasinet.no\/#\/schema\/person\/2e8d221708d3aaf6f577275b5bba4310"},"headline":"Nytt ti\u00e5r under \u00d8yfjellet","datePublished":"2022-07-05T15:03:11+00:00","dateModified":"2023-09-23T09:41:49+00:00","mainEntityOfPage":{"@id":"https:\/\/lokalmagasinet.no\/?p=11048"},"wordCount":1243,"publisher":{"@id":"https:\/\/lokalmagasinet.no\/#organization"},"image":{"@id":"https:\/\/lokalmagasinet.no\/?p=11048#primaryimage"},"thumbnailUrl":"https:\/\/lokalmagasinet.no\/wp-content\/uploads\/2021\/05\/vinterdagimosjoen.jpg","articleSection":["K\u00e5seri","Minner"],"inLanguage":"nn-NO"},{"@type":"WebPage","@id":"https:\/\/lokalmagasinet.no\/?p=11048","url":"https:\/\/lokalmagasinet.no\/?p=11048","name":"Nytt ti\u00e5r under \u00d8yfjellet | Lokalmagasinet.no","isPartOf":{"@id":"https:\/\/lokalmagasinet.no\/#website"},"primaryImageOfPage":{"@id":"https:\/\/lokalmagasinet.no\/?p=11048#primaryimage"},"image":{"@id":"https:\/\/lokalmagasinet.no\/?p=11048#primaryimage"},"thumbnailUrl":"https:\/\/lokalmagasinet.no\/wp-content\/uploads\/2021\/05\/vinterdagimosjoen.jpg","datePublished":"2022-07-05T15:03:11+00:00","dateModified":"2023-09-23T09:41:49+00:00","breadcrumb":{"@id":"https:\/\/lokalmagasinet.no\/?p=11048#breadcrumb"},"inLanguage":"nn-NO","potentialAction":[{"@type":"ReadAction","target":["https:\/\/lokalmagasinet.no\/?p=11048"]}]},{"@type":"ImageObject","inLanguage":"nn-NO","@id":"https:\/\/lokalmagasinet.no\/?p=11048#primaryimage","url":"https:\/\/lokalmagasinet.no\/wp-content\/uploads\/2021\/05\/vinterdagimosjoen.jpg","contentUrl":"https:\/\/lokalmagasinet.no\/wp-content\/uploads\/2021\/05\/vinterdagimosjoen.jpg","width":1024,"height":781,"caption":"(Foto: \u00d8yvinn Hjorthen)"},{"@type":"BreadcrumbList","@id":"https:\/\/lokalmagasinet.no\/?p=11048#breadcrumb","itemListElement":[{"@type":"ListItem","position":1,"name":"Hjem","item":"https:\/\/lokalmagasinet.no\/"},{"@type":"ListItem","position":2,"name":"Nytt ti\u00e5r under \u00d8yfjellet"}]},{"@type":"WebSite","@id":"https:\/\/lokalmagasinet.no\/#website","url":"https:\/\/lokalmagasinet.no\/","name":"Lokalmagasinet.no","description":"Fra fortid og n\u00e5tid. Med st\u00e5sted i det n\u00e6re. Siden 2002.","publisher":{"@id":"https:\/\/lokalmagasinet.no\/#organization"},"potentialAction":[{"@type":"SearchAction","target":{"@type":"EntryPoint","urlTemplate":"https:\/\/lokalmagasinet.no\/?s={search_term_string}"},"query-input":{"@type":"PropertyValueSpecification","valueRequired":true,"valueName":"search_term_string"}}],"inLanguage":"nn-NO"},{"@type":"Organization","@id":"https:\/\/lokalmagasinet.no\/#organization","name":"Lokalmagasinet.no","url":"https:\/\/lokalmagasinet.no\/","logo":{"@type":"ImageObject","inLanguage":"nn-NO","@id":"https:\/\/lokalmagasinet.no\/#\/schema\/logo\/image\/","url":"https:\/\/lokalmagasinet.no\/wp-content\/uploads\/2021\/03\/cropped-cropped-cropped-cropped-cropped-cropped-lmlogo-e1640691300821.jpg","contentUrl":"https:\/\/lokalmagasinet.no\/wp-content\/uploads\/2021\/03\/cropped-cropped-cropped-cropped-cropped-cropped-lmlogo-e1640691300821.jpg","width":72,"height":118,"caption":"Lokalmagasinet.no"},"image":{"@id":"https:\/\/lokalmagasinet.no\/#\/schema\/logo\/image\/"},"sameAs":["https:\/\/www.facebook.com\/sveinharald.strand.1","https:\/\/x.com\/LMExtra"]},{"@type":"Person","@id":"https:\/\/lokalmagasinet.no\/#\/schema\/person\/2e8d221708d3aaf6f577275b5bba4310","name":"Svein-Harald Strand","image":{"@type":"ImageObject","inLanguage":"nn-NO","@id":"https:\/\/secure.gravatar.com\/avatar\/c487434bdf6cd7c12e4a88877ae4b12c38d22b7ad64292b49d33ed7503bb7ce1?s=96&d=mm&r=g","url":"https:\/\/secure.gravatar.com\/avatar\/c487434bdf6cd7c12e4a88877ae4b12c38d22b7ad64292b49d33ed7503bb7ce1?s=96&d=mm&r=g","contentUrl":"https:\/\/secure.gravatar.com\/avatar\/c487434bdf6cd7c12e4a88877ae4b12c38d22b7ad64292b49d33ed7503bb7ce1?s=96&d=mm&r=g","caption":"Svein-Harald Strand"},"description":"(F. 26.12.1945) Redakt\u00f8r, journalist og informasjonsarbeider siden 1968. ||| I 1963: Redaksjonell praktikant i 8 m\u00e5neder p\u00e5 full tid i Helgeland Arbeiderblad i hjembyen Mosj\u00f8en. ||| Arbeidende pensjonist med hjemmekontor fra 2008 (AFP) og videre som folkepensjonist til n\u00e5.","sameAs":["https:\/\/lokalmagasinet.no\/","https:\/\/www.facebook.com\/sveinharald.strand.1","https:\/\/x.com\/LMExtra"],"url":"https:\/\/lokalmagasinet.no\/?author=6"}]}},"_links":{"self":[{"href":"https:\/\/lokalmagasinet.no\/index.php?rest_route=\/wp\/v2\/posts\/11048","targetHints":{"allow":["GET"]}}],"collection":[{"href":"https:\/\/lokalmagasinet.no\/index.php?rest_route=\/wp\/v2\/posts"}],"about":[{"href":"https:\/\/lokalmagasinet.no\/index.php?rest_route=\/wp\/v2\/types\/post"}],"author":[{"embeddable":true,"href":"https:\/\/lokalmagasinet.no\/index.php?rest_route=\/wp\/v2\/users\/6"}],"replies":[{"embeddable":true,"href":"https:\/\/lokalmagasinet.no\/index.php?rest_route=%2Fwp%2Fv2%2Fcomments&post=11048"}],"version-history":[{"count":15,"href":"https:\/\/lokalmagasinet.no\/index.php?rest_route=\/wp\/v2\/posts\/11048\/revisions"}],"predecessor-version":[{"id":18774,"href":"https:\/\/lokalmagasinet.no\/index.php?rest_route=\/wp\/v2\/posts\/11048\/revisions\/18774"}],"wp:attachment":[{"href":"https:\/\/lokalmagasinet.no\/index.php?rest_route=%2Fwp%2Fv2%2Fmedia&parent=11048"}],"wp:term":[{"taxonomy":"category","embeddable":true,"href":"https:\/\/lokalmagasinet.no\/index.php?rest_route=%2Fwp%2Fv2%2Fcategories&post=11048"},{"taxonomy":"post_tag","embeddable":true,"href":"https:\/\/lokalmagasinet.no\/index.php?rest_route=%2Fwp%2Fv2%2Ftags&post=11048"}],"curies":[{"name":"wp","href":"https:\/\/api.w.org\/{rel}","templated":true}]}}