{"id":11064,"date":"2022-07-06T12:46:51","date_gmt":"2022-07-06T10:46:51","guid":{"rendered":"https:\/\/lokalmagasinet.no\/?p=11064"},"modified":"2022-07-06T12:46:51","modified_gmt":"2022-07-06T10:46:51","slug":"makelos-utendorskunst-i-stiftsstaden","status":"publish","type":"post","link":"https:\/\/lokalmagasinet.no\/?p=11064","title":{"rendered":"Makel\u00f8s utend\u00f8rskunst i Stiftsstaden"},"content":{"rendered":"<p>(Av Svein-H. Strand) <strong>Skal du i sommer p\u00e5 reisefot nordover eller s\u00f8rover i det lange landet v\u00e5rt? Da vil jeg sterkt anbefale at du pr\u00f8ver \u00e5 sette av en hel dag til opplevelser i Trondheim. Fra morgen til kveld. Skulle v\u00e6rvarselet ikke v\u00e6re det beste, s\u00e5 legg p\u00e5 minst en halv dag til. La bilen hvile, bruk beina og skj\u00f8t p\u00e5 med en av de mange bussene som dominerer gatebildet i de sentrale str\u00f8k av Stiftsstaden.<br \/>\n<\/strong><\/p>\n<p><img loading=\"lazy\" decoding=\"async\" class=\"size-medium wp-image-11066 alignleft\" src=\"https:\/\/lokalmagasinet.no\/wp-content\/uploads\/2022\/07\/bokomslag-kunstguiden-183x300.jpg\" alt=\"\" width=\"183\" height=\"300\" srcset=\"https:\/\/lokalmagasinet.no\/wp-content\/uploads\/2022\/07\/bokomslag-kunstguiden-183x300.jpg 183w, https:\/\/lokalmagasinet.no\/wp-content\/uploads\/2022\/07\/bokomslag-kunstguiden-624x1024.jpg 624w, https:\/\/lokalmagasinet.no\/wp-content\/uploads\/2022\/07\/bokomslag-kunstguiden-91x150.jpg 91w, https:\/\/lokalmagasinet.no\/wp-content\/uploads\/2022\/07\/bokomslag-kunstguiden-768x1260.jpg 768w, https:\/\/lokalmagasinet.no\/wp-content\/uploads\/2022\/07\/bokomslag-kunstguiden-936x1536.jpg 936w, https:\/\/lokalmagasinet.no\/wp-content\/uploads\/2022\/07\/bokomslag-kunstguiden.jpg 1100w\" sizes=\"auto, (max-width: 183px) 100vw, 183px\" \/><\/p>\n<p>FORDI: Mens Nidarosdomen er kjent for sine skulpturer p\u00e5 Vestfronten, er det visst mindre kjent at byen har en av landets mest offensive satsinger p\u00e5 kunst i uterom. Dette i kommunal regi, naturlig nok.<\/p>\n<p>Og n\u00e5 er den her &#8211; boka <em>Kunstguiden<\/em>, med undertittelen <em>Utend\u00f8rs kunst i Trondheim sentrum. <\/em>Den forteller historien om b\u00e5de skulpturer og kunstneriske utsmykninger.<\/p>\n<p><strong>Her er rikelig med fine bilder &#8211; flere i helsides firmat &#8211; p\u00e5 de 183 sidene.<\/strong><\/p>\n<p>B\u00e5de hvem kunstnerne er, hva\u00a0 skulpturene uttrykker og hvorfor de ble satt opp, er Museumsforlagets journalistiske grep.<\/p>\n<p>I g\u00e5r fikk jeg mitt anmeldereksemplar. Det viste seg \u00e5 v\u00e6re en engelsk utgave, med tittelen <em>Public Art in Trondheim<\/em>. Men det er greit. Jeg og du kan n\u00e5 ogs\u00e5 opplyse utenlandske venner om hva de ikke b\u00f8r g\u00e5 glipp av p\u00e5 bes\u00f8k i den midtnorske hovedstad.<\/p>\n<p><strong>Et journalistisk grep kan jo ogs\u00e5 sies \u00e5 v\u00e6re det at alle kunstverkene er avmerket p\u00e5 et kart i boka. Vil du legge ut p\u00e5 skulpturhistorisk vandring, eller bare f\u00e5 bedre kjennskap til skulpturene, da er dette hva du trenger!<\/strong><\/p>\n<p>Boka er skrevet av kunsthistoriker og fast spaltist i Adresseavisen, Gustav Svihus Borgersen, mens alle bilder er tatt av kunstneren Grethe Britt Fredriksen.<\/p>\n<p>Teksten er dessverre satt i en skrifttype (Avenir Light) som i sin gr\u00e5het reduserer lesbarheten. Gj\u00f8r noe med det i senere opplag!<\/p>\n<p><em>\u00a0<\/em><\/p>\n<p>Views: 106<\/p>","protected":false},"excerpt":{"rendered":"<p>(Av Svein-H. Strand) Skal du i sommer p\u00e5 reisefot nordover eller s\u00f8rover i det lange landet v\u00e5rt? Da vil jeg sterkt anbefale at du pr\u00f8ver \u00e5 sette av en hel &#8230; <\/p>\n<p class=\"read-more-container\"><a title=\"Makel\u00f8s utend\u00f8rskunst i Stiftsstaden\" class=\"read-more button\" href=\"https:\/\/lokalmagasinet.no\/?p=11064#more-11064\">Les mer<span class=\"screen-reader-text\">Makel\u00f8s utend\u00f8rskunst i Stiftsstaden<\/span><\/a><\/p>\n","protected":false},"author":6,"featured_media":0,"comment_status":"closed","ping_status":"open","sticky":false,"template":"","format":"standard","meta":{"footnotes":""},"categories":[1,36],"tags":[],"class_list":["post-11064","post","type-post","status-publish","format-standard","hentry","category-aktuelt","category-kunst"],"yoast_head":"<!-- This site is optimized with the Yoast SEO plugin v27.4 - https:\/\/yoast.com\/product\/yoast-seo-wordpress\/ -->\n<title>Makel\u00f8s utend\u00f8rskunst i Stiftsstaden | Lokalmagasinet.no<\/title>\n<meta name=\"robots\" content=\"index, follow, max-snippet:-1, max-image-preview:large, max-video-preview:-1\" \/>\n<link rel=\"canonical\" href=\"https:\/\/lokalmagasinet.no\/?p=11064\" \/>\n<meta property=\"og:locale\" content=\"nn_NO\" \/>\n<meta property=\"og:type\" content=\"article\" \/>\n<meta property=\"og:title\" content=\"Makel\u00f8s utend\u00f8rskunst i Stiftsstaden | Lokalmagasinet.no\" \/>\n<meta property=\"og:description\" content=\"(Av Svein-H. Strand) Skal du i sommer p\u00e5 reisefot nordover eller s\u00f8rover i det lange landet v\u00e5rt? Da vil jeg sterkt anbefale at du pr\u00f8ver \u00e5 sette av en hel ... Les merMakel\u00f8s utend\u00f8rskunst i Stiftsstaden\" \/>\n<meta property=\"og:url\" content=\"https:\/\/lokalmagasinet.no\/?p=11064\" \/>\n<meta property=\"og:site_name\" content=\"Lokalmagasinet.no\" \/>\n<meta property=\"article:publisher\" content=\"https:\/\/www.facebook.com\/sveinharald.strand.1\" \/>\n<meta property=\"article:author\" content=\"https:\/\/www.facebook.com\/sveinharald.strand.1\" \/>\n<meta property=\"article:published_time\" content=\"2022-07-06T10:46:51+00:00\" \/>\n<meta property=\"og:image\" content=\"https:\/\/lokalmagasinet.no\/wp-content\/uploads\/2022\/07\/bokomslag-kunstguiden-183x300.jpg\" \/>\n<meta name=\"author\" content=\"Svein-Harald Strand\" \/>\n<meta name=\"twitter:card\" content=\"summary_large_image\" \/>\n<meta name=\"twitter:creator\" content=\"@LMExtra\" \/>\n<meta name=\"twitter:site\" content=\"@LMExtra\" \/>\n<meta name=\"twitter:label1\" content=\"Written by\" \/>\n\t<meta name=\"twitter:data1\" content=\"Svein-Harald Strand\" \/>\n\t<meta name=\"twitter:label2\" content=\"Est. reading time\" \/>\n\t<meta name=\"twitter:data2\" content=\"2 minutt\" \/>\n<script type=\"application\/ld+json\" class=\"yoast-schema-graph\">{\"@context\":\"https:\\\/\\\/schema.org\",\"@graph\":[{\"@type\":\"Article\",\"@id\":\"https:\\\/\\\/lokalmagasinet.no\\\/?p=11064#article\",\"isPartOf\":{\"@id\":\"https:\\\/\\\/lokalmagasinet.no\\\/?p=11064\"},\"author\":{\"name\":\"Svein-Harald Strand\",\"@id\":\"https:\\\/\\\/lokalmagasinet.no\\\/#\\\/schema\\\/person\\\/2e8d221708d3aaf6f577275b5bba4310\"},\"headline\":\"Makel\u00f8s utend\u00f8rskunst i Stiftsstaden\",\"datePublished\":\"2022-07-06T10:46:51+00:00\",\"mainEntityOfPage\":{\"@id\":\"https:\\\/\\\/lokalmagasinet.no\\\/?p=11064\"},\"wordCount\":318,\"publisher\":{\"@id\":\"https:\\\/\\\/lokalmagasinet.no\\\/#organization\"},\"image\":{\"@id\":\"https:\\\/\\\/lokalmagasinet.no\\\/?p=11064#primaryimage\"},\"thumbnailUrl\":\"https:\\\/\\\/lokalmagasinet.no\\\/wp-content\\\/uploads\\\/2022\\\/07\\\/bokomslag-kunstguiden-183x300.jpg\",\"articleSection\":[\"Aktuelt\",\"Kunst\"],\"inLanguage\":\"nn-NO\"},{\"@type\":\"WebPage\",\"@id\":\"https:\\\/\\\/lokalmagasinet.no\\\/?p=11064\",\"url\":\"https:\\\/\\\/lokalmagasinet.no\\\/?p=11064\",\"name\":\"Makel\u00f8s utend\u00f8rskunst i Stiftsstaden | Lokalmagasinet.no\",\"isPartOf\":{\"@id\":\"https:\\\/\\\/lokalmagasinet.no\\\/#website\"},\"primaryImageOfPage\":{\"@id\":\"https:\\\/\\\/lokalmagasinet.no\\\/?p=11064#primaryimage\"},\"image\":{\"@id\":\"https:\\\/\\\/lokalmagasinet.no\\\/?p=11064#primaryimage\"},\"thumbnailUrl\":\"https:\\\/\\\/lokalmagasinet.no\\\/wp-content\\\/uploads\\\/2022\\\/07\\\/bokomslag-kunstguiden-183x300.jpg\",\"datePublished\":\"2022-07-06T10:46:51+00:00\",\"breadcrumb\":{\"@id\":\"https:\\\/\\\/lokalmagasinet.no\\\/?p=11064#breadcrumb\"},\"inLanguage\":\"nn-NO\",\"potentialAction\":[{\"@type\":\"ReadAction\",\"target\":[\"https:\\\/\\\/lokalmagasinet.no\\\/?p=11064\"]}]},{\"@type\":\"ImageObject\",\"inLanguage\":\"nn-NO\",\"@id\":\"https:\\\/\\\/lokalmagasinet.no\\\/?p=11064#primaryimage\",\"url\":\"https:\\\/\\\/lokalmagasinet.no\\\/wp-content\\\/uploads\\\/2022\\\/07\\\/bokomslag-kunstguiden.jpg\",\"contentUrl\":\"https:\\\/\\\/lokalmagasinet.no\\\/wp-content\\\/uploads\\\/2022\\\/07\\\/bokomslag-kunstguiden.jpg\",\"width\":1100,\"height\":1805},{\"@type\":\"BreadcrumbList\",\"@id\":\"https:\\\/\\\/lokalmagasinet.no\\\/?p=11064#breadcrumb\",\"itemListElement\":[{\"@type\":\"ListItem\",\"position\":1,\"name\":\"Hjem\",\"item\":\"https:\\\/\\\/lokalmagasinet.no\\\/\"},{\"@type\":\"ListItem\",\"position\":2,\"name\":\"Makel\u00f8s utend\u00f8rskunst i Stiftsstaden\"}]},{\"@type\":\"WebSite\",\"@id\":\"https:\\\/\\\/lokalmagasinet.no\\\/#website\",\"url\":\"https:\\\/\\\/lokalmagasinet.no\\\/\",\"name\":\"Lokalmagasinet.no\",\"description\":\"Fra fortid og n\u00e5tid. Med st\u00e5sted i det n\u00e6re. Siden 2002.\",\"publisher\":{\"@id\":\"https:\\\/\\\/lokalmagasinet.no\\\/#organization\"},\"potentialAction\":[{\"@type\":\"SearchAction\",\"target\":{\"@type\":\"EntryPoint\",\"urlTemplate\":\"https:\\\/\\\/lokalmagasinet.no\\\/?s={search_term_string}\"},\"query-input\":{\"@type\":\"PropertyValueSpecification\",\"valueRequired\":true,\"valueName\":\"search_term_string\"}}],\"inLanguage\":\"nn-NO\"},{\"@type\":\"Organization\",\"@id\":\"https:\\\/\\\/lokalmagasinet.no\\\/#organization\",\"name\":\"Lokalmagasinet.no\",\"url\":\"https:\\\/\\\/lokalmagasinet.no\\\/\",\"logo\":{\"@type\":\"ImageObject\",\"inLanguage\":\"nn-NO\",\"@id\":\"https:\\\/\\\/lokalmagasinet.no\\\/#\\\/schema\\\/logo\\\/image\\\/\",\"url\":\"https:\\\/\\\/lokalmagasinet.no\\\/wp-content\\\/uploads\\\/2021\\\/03\\\/cropped-cropped-cropped-cropped-cropped-cropped-lmlogo-e1640691300821.jpg\",\"contentUrl\":\"https:\\\/\\\/lokalmagasinet.no\\\/wp-content\\\/uploads\\\/2021\\\/03\\\/cropped-cropped-cropped-cropped-cropped-cropped-lmlogo-e1640691300821.jpg\",\"width\":72,\"height\":118,\"caption\":\"Lokalmagasinet.no\"},\"image\":{\"@id\":\"https:\\\/\\\/lokalmagasinet.no\\\/#\\\/schema\\\/logo\\\/image\\\/\"},\"sameAs\":[\"https:\\\/\\\/www.facebook.com\\\/sveinharald.strand.1\",\"https:\\\/\\\/x.com\\\/LMExtra\"]},{\"@type\":\"Person\",\"@id\":\"https:\\\/\\\/lokalmagasinet.no\\\/#\\\/schema\\\/person\\\/2e8d221708d3aaf6f577275b5bba4310\",\"name\":\"Svein-Harald Strand\",\"image\":{\"@type\":\"ImageObject\",\"inLanguage\":\"nn-NO\",\"@id\":\"https:\\\/\\\/secure.gravatar.com\\\/avatar\\\/c487434bdf6cd7c12e4a88877ae4b12c38d22b7ad64292b49d33ed7503bb7ce1?s=96&d=mm&r=g\",\"url\":\"https:\\\/\\\/secure.gravatar.com\\\/avatar\\\/c487434bdf6cd7c12e4a88877ae4b12c38d22b7ad64292b49d33ed7503bb7ce1?s=96&d=mm&r=g\",\"contentUrl\":\"https:\\\/\\\/secure.gravatar.com\\\/avatar\\\/c487434bdf6cd7c12e4a88877ae4b12c38d22b7ad64292b49d33ed7503bb7ce1?s=96&d=mm&r=g\",\"caption\":\"Svein-Harald Strand\"},\"description\":\"(F. 26.12.1945) Redakt\u00f8r, journalist og informasjonsarbeider siden 1968. ||| I 1963: Redaksjonell praktikant i 8 m\u00e5neder p\u00e5 full tid i Helgeland Arbeiderblad i hjembyen Mosj\u00f8en. ||| Arbeidende pensjonist med hjemmekontor fra 2008 (AFP) og videre som folkepensjonist til n\u00e5.\",\"sameAs\":[\"https:\\\/\\\/lokalmagasinet.no\\\/\",\"https:\\\/\\\/www.facebook.com\\\/sveinharald.strand.1\",\"https:\\\/\\\/x.com\\\/LMExtra\"],\"url\":\"https:\\\/\\\/lokalmagasinet.no\\\/?author=6\"}]}<\/script>\n<!-- \/ Yoast SEO plugin. -->","yoast_head_json":{"title":"Makel\u00f8s utend\u00f8rskunst i Stiftsstaden | Lokalmagasinet.no","robots":{"index":"index","follow":"follow","max-snippet":"max-snippet:-1","max-image-preview":"max-image-preview:large","max-video-preview":"max-video-preview:-1"},"canonical":"https:\/\/lokalmagasinet.no\/?p=11064","og_locale":"nn_NO","og_type":"article","og_title":"Makel\u00f8s utend\u00f8rskunst i Stiftsstaden | Lokalmagasinet.no","og_description":"(Av Svein-H. Strand) Skal du i sommer p\u00e5 reisefot nordover eller s\u00f8rover i det lange landet v\u00e5rt? Da vil jeg sterkt anbefale at du pr\u00f8ver \u00e5 sette av en hel ... Les merMakel\u00f8s utend\u00f8rskunst i Stiftsstaden","og_url":"https:\/\/lokalmagasinet.no\/?p=11064","og_site_name":"Lokalmagasinet.no","article_publisher":"https:\/\/www.facebook.com\/sveinharald.strand.1","article_author":"https:\/\/www.facebook.com\/sveinharald.strand.1","article_published_time":"2022-07-06T10:46:51+00:00","og_image":[{"url":"https:\/\/lokalmagasinet.no\/wp-content\/uploads\/2022\/07\/bokomslag-kunstguiden-183x300.jpg","type":"","width":"","height":""}],"author":"Svein-Harald Strand","twitter_card":"summary_large_image","twitter_creator":"@LMExtra","twitter_site":"@LMExtra","twitter_misc":{"Written by":"Svein-Harald Strand","Est. reading time":"2 minutt"},"schema":{"@context":"https:\/\/schema.org","@graph":[{"@type":"Article","@id":"https:\/\/lokalmagasinet.no\/?p=11064#article","isPartOf":{"@id":"https:\/\/lokalmagasinet.no\/?p=11064"},"author":{"name":"Svein-Harald Strand","@id":"https:\/\/lokalmagasinet.no\/#\/schema\/person\/2e8d221708d3aaf6f577275b5bba4310"},"headline":"Makel\u00f8s utend\u00f8rskunst i Stiftsstaden","datePublished":"2022-07-06T10:46:51+00:00","mainEntityOfPage":{"@id":"https:\/\/lokalmagasinet.no\/?p=11064"},"wordCount":318,"publisher":{"@id":"https:\/\/lokalmagasinet.no\/#organization"},"image":{"@id":"https:\/\/lokalmagasinet.no\/?p=11064#primaryimage"},"thumbnailUrl":"https:\/\/lokalmagasinet.no\/wp-content\/uploads\/2022\/07\/bokomslag-kunstguiden-183x300.jpg","articleSection":["Aktuelt","Kunst"],"inLanguage":"nn-NO"},{"@type":"WebPage","@id":"https:\/\/lokalmagasinet.no\/?p=11064","url":"https:\/\/lokalmagasinet.no\/?p=11064","name":"Makel\u00f8s utend\u00f8rskunst i Stiftsstaden | Lokalmagasinet.no","isPartOf":{"@id":"https:\/\/lokalmagasinet.no\/#website"},"primaryImageOfPage":{"@id":"https:\/\/lokalmagasinet.no\/?p=11064#primaryimage"},"image":{"@id":"https:\/\/lokalmagasinet.no\/?p=11064#primaryimage"},"thumbnailUrl":"https:\/\/lokalmagasinet.no\/wp-content\/uploads\/2022\/07\/bokomslag-kunstguiden-183x300.jpg","datePublished":"2022-07-06T10:46:51+00:00","breadcrumb":{"@id":"https:\/\/lokalmagasinet.no\/?p=11064#breadcrumb"},"inLanguage":"nn-NO","potentialAction":[{"@type":"ReadAction","target":["https:\/\/lokalmagasinet.no\/?p=11064"]}]},{"@type":"ImageObject","inLanguage":"nn-NO","@id":"https:\/\/lokalmagasinet.no\/?p=11064#primaryimage","url":"https:\/\/lokalmagasinet.no\/wp-content\/uploads\/2022\/07\/bokomslag-kunstguiden.jpg","contentUrl":"https:\/\/lokalmagasinet.no\/wp-content\/uploads\/2022\/07\/bokomslag-kunstguiden.jpg","width":1100,"height":1805},{"@type":"BreadcrumbList","@id":"https:\/\/lokalmagasinet.no\/?p=11064#breadcrumb","itemListElement":[{"@type":"ListItem","position":1,"name":"Hjem","item":"https:\/\/lokalmagasinet.no\/"},{"@type":"ListItem","position":2,"name":"Makel\u00f8s utend\u00f8rskunst i Stiftsstaden"}]},{"@type":"WebSite","@id":"https:\/\/lokalmagasinet.no\/#website","url":"https:\/\/lokalmagasinet.no\/","name":"Lokalmagasinet.no","description":"Fra fortid og n\u00e5tid. Med st\u00e5sted i det n\u00e6re. Siden 2002.","publisher":{"@id":"https:\/\/lokalmagasinet.no\/#organization"},"potentialAction":[{"@type":"SearchAction","target":{"@type":"EntryPoint","urlTemplate":"https:\/\/lokalmagasinet.no\/?s={search_term_string}"},"query-input":{"@type":"PropertyValueSpecification","valueRequired":true,"valueName":"search_term_string"}}],"inLanguage":"nn-NO"},{"@type":"Organization","@id":"https:\/\/lokalmagasinet.no\/#organization","name":"Lokalmagasinet.no","url":"https:\/\/lokalmagasinet.no\/","logo":{"@type":"ImageObject","inLanguage":"nn-NO","@id":"https:\/\/lokalmagasinet.no\/#\/schema\/logo\/image\/","url":"https:\/\/lokalmagasinet.no\/wp-content\/uploads\/2021\/03\/cropped-cropped-cropped-cropped-cropped-cropped-lmlogo-e1640691300821.jpg","contentUrl":"https:\/\/lokalmagasinet.no\/wp-content\/uploads\/2021\/03\/cropped-cropped-cropped-cropped-cropped-cropped-lmlogo-e1640691300821.jpg","width":72,"height":118,"caption":"Lokalmagasinet.no"},"image":{"@id":"https:\/\/lokalmagasinet.no\/#\/schema\/logo\/image\/"},"sameAs":["https:\/\/www.facebook.com\/sveinharald.strand.1","https:\/\/x.com\/LMExtra"]},{"@type":"Person","@id":"https:\/\/lokalmagasinet.no\/#\/schema\/person\/2e8d221708d3aaf6f577275b5bba4310","name":"Svein-Harald Strand","image":{"@type":"ImageObject","inLanguage":"nn-NO","@id":"https:\/\/secure.gravatar.com\/avatar\/c487434bdf6cd7c12e4a88877ae4b12c38d22b7ad64292b49d33ed7503bb7ce1?s=96&d=mm&r=g","url":"https:\/\/secure.gravatar.com\/avatar\/c487434bdf6cd7c12e4a88877ae4b12c38d22b7ad64292b49d33ed7503bb7ce1?s=96&d=mm&r=g","contentUrl":"https:\/\/secure.gravatar.com\/avatar\/c487434bdf6cd7c12e4a88877ae4b12c38d22b7ad64292b49d33ed7503bb7ce1?s=96&d=mm&r=g","caption":"Svein-Harald Strand"},"description":"(F. 26.12.1945) Redakt\u00f8r, journalist og informasjonsarbeider siden 1968. ||| I 1963: Redaksjonell praktikant i 8 m\u00e5neder p\u00e5 full tid i Helgeland Arbeiderblad i hjembyen Mosj\u00f8en. ||| Arbeidende pensjonist med hjemmekontor fra 2008 (AFP) og videre som folkepensjonist til n\u00e5.","sameAs":["https:\/\/lokalmagasinet.no\/","https:\/\/www.facebook.com\/sveinharald.strand.1","https:\/\/x.com\/LMExtra"],"url":"https:\/\/lokalmagasinet.no\/?author=6"}]}},"_links":{"self":[{"href":"https:\/\/lokalmagasinet.no\/index.php?rest_route=\/wp\/v2\/posts\/11064","targetHints":{"allow":["GET"]}}],"collection":[{"href":"https:\/\/lokalmagasinet.no\/index.php?rest_route=\/wp\/v2\/posts"}],"about":[{"href":"https:\/\/lokalmagasinet.no\/index.php?rest_route=\/wp\/v2\/types\/post"}],"author":[{"embeddable":true,"href":"https:\/\/lokalmagasinet.no\/index.php?rest_route=\/wp\/v2\/users\/6"}],"replies":[{"embeddable":true,"href":"https:\/\/lokalmagasinet.no\/index.php?rest_route=%2Fwp%2Fv2%2Fcomments&post=11064"}],"version-history":[{"count":9,"href":"https:\/\/lokalmagasinet.no\/index.php?rest_route=\/wp\/v2\/posts\/11064\/revisions"}],"predecessor-version":[{"id":11076,"href":"https:\/\/lokalmagasinet.no\/index.php?rest_route=\/wp\/v2\/posts\/11064\/revisions\/11076"}],"wp:attachment":[{"href":"https:\/\/lokalmagasinet.no\/index.php?rest_route=%2Fwp%2Fv2%2Fmedia&parent=11064"}],"wp:term":[{"taxonomy":"category","embeddable":true,"href":"https:\/\/lokalmagasinet.no\/index.php?rest_route=%2Fwp%2Fv2%2Fcategories&post=11064"},{"taxonomy":"post_tag","embeddable":true,"href":"https:\/\/lokalmagasinet.no\/index.php?rest_route=%2Fwp%2Fv2%2Ftags&post=11064"}],"curies":[{"name":"wp","href":"https:\/\/api.w.org\/{rel}","templated":true}]}}