{"id":11089,"date":"2022-07-09T12:14:23","date_gmt":"2022-07-09T10:14:23","guid":{"rendered":"https:\/\/lokalmagasinet.no\/?p=11089"},"modified":"2022-07-09T12:33:57","modified_gmt":"2022-07-09T10:33:57","slug":"nils-kjaer-i-en-klasse-for-seg","status":"publish","type":"post","link":"https:\/\/lokalmagasinet.no\/?p=11089","title":{"rendered":"Nils Kj\u00e6r &#8211; i en klasse for seg"},"content":{"rendered":"<table border=\"0\" width=\"610\" cellspacing=\"0\" cellpadding=\"0\">\n<tbody>\n<tr>\n<td align=\"left\" valign=\"top\"><span class=\"ih_overskrift_2\"><span class=\"ih_overskrift_2\"><strong><img loading=\"lazy\" decoding=\"async\" class=\"size-full wp-image-9515 alignleft\" src=\"https:\/\/lokalmagasinet.no\/wp-content\/uploads\/2022\/04\/nilskjaer.jpg\" alt=\"\" width=\"150\" height=\"207\" srcset=\"https:\/\/lokalmagasinet.no\/wp-content\/uploads\/2022\/04\/nilskjaer.jpg 150w, https:\/\/lokalmagasinet.no\/wp-content\/uploads\/2022\/04\/nilskjaer-109x150.jpg 109w\" sizes=\"auto, (max-width: 150px) 100vw, 150px\" \/>Nils Kj\u00e6r <\/strong>(f\u00f8dt i Holmestrand 1870, d\u00f8d i Son 1924)<strong> regnes som en av de fineste k\u00e5s\u00f8rene og essayistene i den norske presse. Men for mange vil han v\u00e6re mest kjent som forfatteren av skuespillet &laquo;Det lykkelige valg&raquo;.<br \/>\n<\/strong><\/span><\/span><\/p>\n<p><span class=\"ih_overskrift_2\"><span class=\"ih_overskrift_2\">Carl Just, grunnleggeren av norsk journalistutdanning, har i boka \u201dAvisen og journalisten\u201d (Ernst G. Mortensens Forlag, 1968) en kort, men sv\u00e6rt dekkende omtale av Kj\u00e6rs skrivekunst. <\/span><\/span><\/p>\n<p>Ja &#8211; Just er ikke snauere enn at han setter Kj\u00e6r i en klasse for seg, sammen med Gunnar Heiberg, innen denne sjangeren i norsk litteratur. Begge arbeidet tidvis som journalist. Det gjorde ogs\u00e5 Sven Elvestad, som b\u00e5de var en mesterintervjuer og en fremragende essayist og k\u00e5s\u00f8r.<\/p>\n<p>Carl Just skriver<\/p>\n<p><em>\u201dKj\u00e6rs k\u00e5serier, som han kaller epistler, har som Heibergs essayer en kj\u00f8lig-klar form, men er mer underfundige, mer slentrende; de kaller sterkere p\u00e5 smilet og latteren. Han st\u00e5r b\u00f8yd over en maurtue og polemiserer filosofisk mot Salomos l\u00e6re om at man skal g\u00e5 til mauren for \u00e5\u00a0\u00a0bli vis.<\/em><\/p>\n<p><em>Han stirrer p\u00e5 en hummer gjennom en vannkikkert, skildrer dens forunderlige anatomi og meddeler oss sine iakttagelser av dens \u201dgemyttsliv\u201d. P\u00e5 et ensomt sted r\u00f8ker han sin siste sigarett, og mens han betrakter den lette, bl\u00e5, hvirvlende r\u00f8ken, spinner han ut av \u00f8yeblikkets situasjon de mest barokke betraktninger om livskunst og aktuell norsk politikk.&raquo;<\/em><\/p>\n<p>LES OGS\u00c5: Nils Kj\u00e6rs<strong> <a href=\"https:\/\/lokalmagasinet.no\/?p=4780\">Julibrev fra Son<\/a><\/strong><\/td>\n<\/tr>\n<tr>\n<td class=\"ih_mono\" align=\"left\" valign=\"top\"><a name=\"liste\"><\/a><\/td>\n<\/tr>\n<tr>\n<td><img loading=\"lazy\" decoding=\"async\" src=\"https:\/\/web.archive.org\/web\/20040709172827im_\/http:\/\/www.lokalmagasinet.no\/infoadmin\/stat_log.cgi\" width=\"1\" height=\"1\" \/><\/td>\n<\/tr>\n<\/tbody>\n<\/table>\n<p>Views: 120<\/p>","protected":false},"excerpt":{"rendered":"<p>Nils Kj\u00e6r (f\u00f8dt i Holmestrand 1870, d\u00f8d i Son 1924) regnes som en av de fineste k\u00e5s\u00f8rene og essayistene i den norske presse. Men for mange vil han v\u00e6re mest &#8230; <\/p>\n<p class=\"read-more-container\"><a title=\"Nils Kj\u00e6r &#8211; i en klasse for seg\" class=\"read-more button\" href=\"https:\/\/lokalmagasinet.no\/?p=11089#more-11089\">Les mer<span class=\"screen-reader-text\">Nils Kj\u00e6r &#8211; i en klasse for seg<\/span><\/a><\/p>\n","protected":false},"author":6,"featured_media":9515,"comment_status":"closed","ping_status":"open","sticky":false,"template":"","format":"standard","meta":{"footnotes":""},"categories":[47],"tags":[],"class_list":["post-11089","post","type-post","status-publish","format-standard","has-post-thumbnail","hentry","category-litteraert"],"yoast_head":"<!-- This site is optimized with the Yoast SEO plugin v27.4 - https:\/\/yoast.com\/product\/yoast-seo-wordpress\/ -->\n<title>Nils Kj\u00e6r - i en klasse for seg | Lokalmagasinet.no<\/title>\n<meta name=\"robots\" content=\"index, follow, max-snippet:-1, max-image-preview:large, max-video-preview:-1\" \/>\n<link rel=\"canonical\" href=\"https:\/\/lokalmagasinet.no\/?p=11089\" \/>\n<meta property=\"og:locale\" content=\"nn_NO\" \/>\n<meta property=\"og:type\" content=\"article\" \/>\n<meta property=\"og:title\" content=\"Nils Kj\u00e6r - i en klasse for seg | Lokalmagasinet.no\" \/>\n<meta property=\"og:description\" content=\"Nils Kj\u00e6r (f\u00f8dt i Holmestrand 1870, d\u00f8d i Son 1924) regnes som en av de fineste k\u00e5s\u00f8rene og essayistene i den norske presse. Men for mange vil han v\u00e6re mest ... Les merNils Kj\u00e6r &#8211; i en klasse for seg\" \/>\n<meta property=\"og:url\" content=\"https:\/\/lokalmagasinet.no\/?p=11089\" \/>\n<meta property=\"og:site_name\" content=\"Lokalmagasinet.no\" \/>\n<meta property=\"article:publisher\" content=\"https:\/\/www.facebook.com\/sveinharald.strand.1\" \/>\n<meta property=\"article:author\" content=\"https:\/\/www.facebook.com\/sveinharald.strand.1\" \/>\n<meta property=\"article:published_time\" content=\"2022-07-09T10:14:23+00:00\" \/>\n<meta property=\"article:modified_time\" content=\"2022-07-09T10:33:57+00:00\" \/>\n<meta property=\"og:image\" content=\"https:\/\/lokalmagasinet.no\/wp-content\/uploads\/2022\/04\/nilskjaer.jpg\" \/>\n\t<meta property=\"og:image:width\" content=\"150\" \/>\n\t<meta property=\"og:image:height\" content=\"207\" \/>\n\t<meta property=\"og:image:type\" content=\"image\/jpeg\" \/>\n<meta name=\"author\" content=\"Svein-Harald Strand\" \/>\n<meta name=\"twitter:card\" content=\"summary_large_image\" \/>\n<meta name=\"twitter:creator\" content=\"@LMExtra\" \/>\n<meta name=\"twitter:site\" content=\"@LMExtra\" \/>\n<meta name=\"twitter:label1\" content=\"Written by\" \/>\n\t<meta name=\"twitter:data1\" content=\"Svein-Harald Strand\" \/>\n\t<meta name=\"twitter:label2\" content=\"Est. reading time\" \/>\n\t<meta name=\"twitter:data2\" content=\"1 minutt\" \/>\n<script type=\"application\/ld+json\" class=\"yoast-schema-graph\">{\"@context\":\"https:\\\/\\\/schema.org\",\"@graph\":[{\"@type\":\"Article\",\"@id\":\"https:\\\/\\\/lokalmagasinet.no\\\/?p=11089#article\",\"isPartOf\":{\"@id\":\"https:\\\/\\\/lokalmagasinet.no\\\/?p=11089\"},\"author\":{\"name\":\"Svein-Harald Strand\",\"@id\":\"https:\\\/\\\/lokalmagasinet.no\\\/#\\\/schema\\\/person\\\/2e8d221708d3aaf6f577275b5bba4310\"},\"headline\":\"Nils Kj\u00e6r &#8211; i en klasse for seg\",\"datePublished\":\"2022-07-09T10:14:23+00:00\",\"dateModified\":\"2022-07-09T10:33:57+00:00\",\"mainEntityOfPage\":{\"@id\":\"https:\\\/\\\/lokalmagasinet.no\\\/?p=11089\"},\"wordCount\":250,\"publisher\":{\"@id\":\"https:\\\/\\\/lokalmagasinet.no\\\/#organization\"},\"image\":{\"@id\":\"https:\\\/\\\/lokalmagasinet.no\\\/?p=11089#primaryimage\"},\"thumbnailUrl\":\"https:\\\/\\\/lokalmagasinet.no\\\/wp-content\\\/uploads\\\/2022\\\/04\\\/nilskjaer.jpg\",\"articleSection\":[\"Litter\u00e6rt\"],\"inLanguage\":\"nn-NO\"},{\"@type\":\"WebPage\",\"@id\":\"https:\\\/\\\/lokalmagasinet.no\\\/?p=11089\",\"url\":\"https:\\\/\\\/lokalmagasinet.no\\\/?p=11089\",\"name\":\"Nils Kj\u00e6r - i en klasse for seg | Lokalmagasinet.no\",\"isPartOf\":{\"@id\":\"https:\\\/\\\/lokalmagasinet.no\\\/#website\"},\"primaryImageOfPage\":{\"@id\":\"https:\\\/\\\/lokalmagasinet.no\\\/?p=11089#primaryimage\"},\"image\":{\"@id\":\"https:\\\/\\\/lokalmagasinet.no\\\/?p=11089#primaryimage\"},\"thumbnailUrl\":\"https:\\\/\\\/lokalmagasinet.no\\\/wp-content\\\/uploads\\\/2022\\\/04\\\/nilskjaer.jpg\",\"datePublished\":\"2022-07-09T10:14:23+00:00\",\"dateModified\":\"2022-07-09T10:33:57+00:00\",\"breadcrumb\":{\"@id\":\"https:\\\/\\\/lokalmagasinet.no\\\/?p=11089#breadcrumb\"},\"inLanguage\":\"nn-NO\",\"potentialAction\":[{\"@type\":\"ReadAction\",\"target\":[\"https:\\\/\\\/lokalmagasinet.no\\\/?p=11089\"]}]},{\"@type\":\"ImageObject\",\"inLanguage\":\"nn-NO\",\"@id\":\"https:\\\/\\\/lokalmagasinet.no\\\/?p=11089#primaryimage\",\"url\":\"https:\\\/\\\/lokalmagasinet.no\\\/wp-content\\\/uploads\\\/2022\\\/04\\\/nilskjaer.jpg\",\"contentUrl\":\"https:\\\/\\\/lokalmagasinet.no\\\/wp-content\\\/uploads\\\/2022\\\/04\\\/nilskjaer.jpg\",\"width\":150,\"height\":207,\"caption\":\"Tegning av Nils Kj\u00e6r. Hva het tegneren? (LM Arkivfoto)\"},{\"@type\":\"BreadcrumbList\",\"@id\":\"https:\\\/\\\/lokalmagasinet.no\\\/?p=11089#breadcrumb\",\"itemListElement\":[{\"@type\":\"ListItem\",\"position\":1,\"name\":\"Hjem\",\"item\":\"https:\\\/\\\/lokalmagasinet.no\\\/\"},{\"@type\":\"ListItem\",\"position\":2,\"name\":\"Nils Kj\u00e6r &#8211; i en klasse for seg\"}]},{\"@type\":\"WebSite\",\"@id\":\"https:\\\/\\\/lokalmagasinet.no\\\/#website\",\"url\":\"https:\\\/\\\/lokalmagasinet.no\\\/\",\"name\":\"Lokalmagasinet.no\",\"description\":\"Fra fortid og n\u00e5tid. Med st\u00e5sted i det n\u00e6re. Siden 2002.\",\"publisher\":{\"@id\":\"https:\\\/\\\/lokalmagasinet.no\\\/#organization\"},\"potentialAction\":[{\"@type\":\"SearchAction\",\"target\":{\"@type\":\"EntryPoint\",\"urlTemplate\":\"https:\\\/\\\/lokalmagasinet.no\\\/?s={search_term_string}\"},\"query-input\":{\"@type\":\"PropertyValueSpecification\",\"valueRequired\":true,\"valueName\":\"search_term_string\"}}],\"inLanguage\":\"nn-NO\"},{\"@type\":\"Organization\",\"@id\":\"https:\\\/\\\/lokalmagasinet.no\\\/#organization\",\"name\":\"Lokalmagasinet.no\",\"url\":\"https:\\\/\\\/lokalmagasinet.no\\\/\",\"logo\":{\"@type\":\"ImageObject\",\"inLanguage\":\"nn-NO\",\"@id\":\"https:\\\/\\\/lokalmagasinet.no\\\/#\\\/schema\\\/logo\\\/image\\\/\",\"url\":\"https:\\\/\\\/lokalmagasinet.no\\\/wp-content\\\/uploads\\\/2021\\\/03\\\/cropped-cropped-cropped-cropped-cropped-cropped-lmlogo-e1640691300821.jpg\",\"contentUrl\":\"https:\\\/\\\/lokalmagasinet.no\\\/wp-content\\\/uploads\\\/2021\\\/03\\\/cropped-cropped-cropped-cropped-cropped-cropped-lmlogo-e1640691300821.jpg\",\"width\":72,\"height\":118,\"caption\":\"Lokalmagasinet.no\"},\"image\":{\"@id\":\"https:\\\/\\\/lokalmagasinet.no\\\/#\\\/schema\\\/logo\\\/image\\\/\"},\"sameAs\":[\"https:\\\/\\\/www.facebook.com\\\/sveinharald.strand.1\",\"https:\\\/\\\/x.com\\\/LMExtra\"]},{\"@type\":\"Person\",\"@id\":\"https:\\\/\\\/lokalmagasinet.no\\\/#\\\/schema\\\/person\\\/2e8d221708d3aaf6f577275b5bba4310\",\"name\":\"Svein-Harald Strand\",\"image\":{\"@type\":\"ImageObject\",\"inLanguage\":\"nn-NO\",\"@id\":\"https:\\\/\\\/secure.gravatar.com\\\/avatar\\\/c487434bdf6cd7c12e4a88877ae4b12c38d22b7ad64292b49d33ed7503bb7ce1?s=96&d=mm&r=g\",\"url\":\"https:\\\/\\\/secure.gravatar.com\\\/avatar\\\/c487434bdf6cd7c12e4a88877ae4b12c38d22b7ad64292b49d33ed7503bb7ce1?s=96&d=mm&r=g\",\"contentUrl\":\"https:\\\/\\\/secure.gravatar.com\\\/avatar\\\/c487434bdf6cd7c12e4a88877ae4b12c38d22b7ad64292b49d33ed7503bb7ce1?s=96&d=mm&r=g\",\"caption\":\"Svein-Harald Strand\"},\"description\":\"(F. 26.12.1945) Redakt\u00f8r, journalist og informasjonsarbeider siden 1968. ||| I 1963: Redaksjonell praktikant i 8 m\u00e5neder p\u00e5 full tid i Helgeland Arbeiderblad i hjembyen Mosj\u00f8en. ||| Arbeidende pensjonist med hjemmekontor fra 2008 (AFP) og videre som folkepensjonist til n\u00e5.\",\"sameAs\":[\"https:\\\/\\\/lokalmagasinet.no\\\/\",\"https:\\\/\\\/www.facebook.com\\\/sveinharald.strand.1\",\"https:\\\/\\\/x.com\\\/LMExtra\"],\"url\":\"https:\\\/\\\/lokalmagasinet.no\\\/?author=6\"}]}<\/script>\n<!-- \/ Yoast SEO plugin. -->","yoast_head_json":{"title":"Nils Kj\u00e6r - i en klasse for seg | Lokalmagasinet.no","robots":{"index":"index","follow":"follow","max-snippet":"max-snippet:-1","max-image-preview":"max-image-preview:large","max-video-preview":"max-video-preview:-1"},"canonical":"https:\/\/lokalmagasinet.no\/?p=11089","og_locale":"nn_NO","og_type":"article","og_title":"Nils Kj\u00e6r - i en klasse for seg | Lokalmagasinet.no","og_description":"Nils Kj\u00e6r (f\u00f8dt i Holmestrand 1870, d\u00f8d i Son 1924) regnes som en av de fineste k\u00e5s\u00f8rene og essayistene i den norske presse. Men for mange vil han v\u00e6re mest ... Les merNils Kj\u00e6r &#8211; i en klasse for seg","og_url":"https:\/\/lokalmagasinet.no\/?p=11089","og_site_name":"Lokalmagasinet.no","article_publisher":"https:\/\/www.facebook.com\/sveinharald.strand.1","article_author":"https:\/\/www.facebook.com\/sveinharald.strand.1","article_published_time":"2022-07-09T10:14:23+00:00","article_modified_time":"2022-07-09T10:33:57+00:00","og_image":[{"width":150,"height":207,"url":"https:\/\/lokalmagasinet.no\/wp-content\/uploads\/2022\/04\/nilskjaer.jpg","type":"image\/jpeg"}],"author":"Svein-Harald Strand","twitter_card":"summary_large_image","twitter_creator":"@LMExtra","twitter_site":"@LMExtra","twitter_misc":{"Written by":"Svein-Harald Strand","Est. reading time":"1 minutt"},"schema":{"@context":"https:\/\/schema.org","@graph":[{"@type":"Article","@id":"https:\/\/lokalmagasinet.no\/?p=11089#article","isPartOf":{"@id":"https:\/\/lokalmagasinet.no\/?p=11089"},"author":{"name":"Svein-Harald Strand","@id":"https:\/\/lokalmagasinet.no\/#\/schema\/person\/2e8d221708d3aaf6f577275b5bba4310"},"headline":"Nils Kj\u00e6r &#8211; i en klasse for seg","datePublished":"2022-07-09T10:14:23+00:00","dateModified":"2022-07-09T10:33:57+00:00","mainEntityOfPage":{"@id":"https:\/\/lokalmagasinet.no\/?p=11089"},"wordCount":250,"publisher":{"@id":"https:\/\/lokalmagasinet.no\/#organization"},"image":{"@id":"https:\/\/lokalmagasinet.no\/?p=11089#primaryimage"},"thumbnailUrl":"https:\/\/lokalmagasinet.no\/wp-content\/uploads\/2022\/04\/nilskjaer.jpg","articleSection":["Litter\u00e6rt"],"inLanguage":"nn-NO"},{"@type":"WebPage","@id":"https:\/\/lokalmagasinet.no\/?p=11089","url":"https:\/\/lokalmagasinet.no\/?p=11089","name":"Nils Kj\u00e6r - i en klasse for seg | Lokalmagasinet.no","isPartOf":{"@id":"https:\/\/lokalmagasinet.no\/#website"},"primaryImageOfPage":{"@id":"https:\/\/lokalmagasinet.no\/?p=11089#primaryimage"},"image":{"@id":"https:\/\/lokalmagasinet.no\/?p=11089#primaryimage"},"thumbnailUrl":"https:\/\/lokalmagasinet.no\/wp-content\/uploads\/2022\/04\/nilskjaer.jpg","datePublished":"2022-07-09T10:14:23+00:00","dateModified":"2022-07-09T10:33:57+00:00","breadcrumb":{"@id":"https:\/\/lokalmagasinet.no\/?p=11089#breadcrumb"},"inLanguage":"nn-NO","potentialAction":[{"@type":"ReadAction","target":["https:\/\/lokalmagasinet.no\/?p=11089"]}]},{"@type":"ImageObject","inLanguage":"nn-NO","@id":"https:\/\/lokalmagasinet.no\/?p=11089#primaryimage","url":"https:\/\/lokalmagasinet.no\/wp-content\/uploads\/2022\/04\/nilskjaer.jpg","contentUrl":"https:\/\/lokalmagasinet.no\/wp-content\/uploads\/2022\/04\/nilskjaer.jpg","width":150,"height":207,"caption":"Tegning av Nils Kj\u00e6r. Hva het tegneren? (LM Arkivfoto)"},{"@type":"BreadcrumbList","@id":"https:\/\/lokalmagasinet.no\/?p=11089#breadcrumb","itemListElement":[{"@type":"ListItem","position":1,"name":"Hjem","item":"https:\/\/lokalmagasinet.no\/"},{"@type":"ListItem","position":2,"name":"Nils Kj\u00e6r &#8211; i en klasse for seg"}]},{"@type":"WebSite","@id":"https:\/\/lokalmagasinet.no\/#website","url":"https:\/\/lokalmagasinet.no\/","name":"Lokalmagasinet.no","description":"Fra fortid og n\u00e5tid. Med st\u00e5sted i det n\u00e6re. Siden 2002.","publisher":{"@id":"https:\/\/lokalmagasinet.no\/#organization"},"potentialAction":[{"@type":"SearchAction","target":{"@type":"EntryPoint","urlTemplate":"https:\/\/lokalmagasinet.no\/?s={search_term_string}"},"query-input":{"@type":"PropertyValueSpecification","valueRequired":true,"valueName":"search_term_string"}}],"inLanguage":"nn-NO"},{"@type":"Organization","@id":"https:\/\/lokalmagasinet.no\/#organization","name":"Lokalmagasinet.no","url":"https:\/\/lokalmagasinet.no\/","logo":{"@type":"ImageObject","inLanguage":"nn-NO","@id":"https:\/\/lokalmagasinet.no\/#\/schema\/logo\/image\/","url":"https:\/\/lokalmagasinet.no\/wp-content\/uploads\/2021\/03\/cropped-cropped-cropped-cropped-cropped-cropped-lmlogo-e1640691300821.jpg","contentUrl":"https:\/\/lokalmagasinet.no\/wp-content\/uploads\/2021\/03\/cropped-cropped-cropped-cropped-cropped-cropped-lmlogo-e1640691300821.jpg","width":72,"height":118,"caption":"Lokalmagasinet.no"},"image":{"@id":"https:\/\/lokalmagasinet.no\/#\/schema\/logo\/image\/"},"sameAs":["https:\/\/www.facebook.com\/sveinharald.strand.1","https:\/\/x.com\/LMExtra"]},{"@type":"Person","@id":"https:\/\/lokalmagasinet.no\/#\/schema\/person\/2e8d221708d3aaf6f577275b5bba4310","name":"Svein-Harald Strand","image":{"@type":"ImageObject","inLanguage":"nn-NO","@id":"https:\/\/secure.gravatar.com\/avatar\/c487434bdf6cd7c12e4a88877ae4b12c38d22b7ad64292b49d33ed7503bb7ce1?s=96&d=mm&r=g","url":"https:\/\/secure.gravatar.com\/avatar\/c487434bdf6cd7c12e4a88877ae4b12c38d22b7ad64292b49d33ed7503bb7ce1?s=96&d=mm&r=g","contentUrl":"https:\/\/secure.gravatar.com\/avatar\/c487434bdf6cd7c12e4a88877ae4b12c38d22b7ad64292b49d33ed7503bb7ce1?s=96&d=mm&r=g","caption":"Svein-Harald Strand"},"description":"(F. 26.12.1945) Redakt\u00f8r, journalist og informasjonsarbeider siden 1968. ||| I 1963: Redaksjonell praktikant i 8 m\u00e5neder p\u00e5 full tid i Helgeland Arbeiderblad i hjembyen Mosj\u00f8en. ||| Arbeidende pensjonist med hjemmekontor fra 2008 (AFP) og videre som folkepensjonist til n\u00e5.","sameAs":["https:\/\/lokalmagasinet.no\/","https:\/\/www.facebook.com\/sveinharald.strand.1","https:\/\/x.com\/LMExtra"],"url":"https:\/\/lokalmagasinet.no\/?author=6"}]}},"_links":{"self":[{"href":"https:\/\/lokalmagasinet.no\/index.php?rest_route=\/wp\/v2\/posts\/11089","targetHints":{"allow":["GET"]}}],"collection":[{"href":"https:\/\/lokalmagasinet.no\/index.php?rest_route=\/wp\/v2\/posts"}],"about":[{"href":"https:\/\/lokalmagasinet.no\/index.php?rest_route=\/wp\/v2\/types\/post"}],"author":[{"embeddable":true,"href":"https:\/\/lokalmagasinet.no\/index.php?rest_route=\/wp\/v2\/users\/6"}],"replies":[{"embeddable":true,"href":"https:\/\/lokalmagasinet.no\/index.php?rest_route=%2Fwp%2Fv2%2Fcomments&post=11089"}],"version-history":[{"count":14,"href":"https:\/\/lokalmagasinet.no\/index.php?rest_route=\/wp\/v2\/posts\/11089\/revisions"}],"predecessor-version":[{"id":11134,"href":"https:\/\/lokalmagasinet.no\/index.php?rest_route=\/wp\/v2\/posts\/11089\/revisions\/11134"}],"wp:featuredmedia":[{"embeddable":true,"href":"https:\/\/lokalmagasinet.no\/index.php?rest_route=\/wp\/v2\/media\/9515"}],"wp:attachment":[{"href":"https:\/\/lokalmagasinet.no\/index.php?rest_route=%2Fwp%2Fv2%2Fmedia&parent=11089"}],"wp:term":[{"taxonomy":"category","embeddable":true,"href":"https:\/\/lokalmagasinet.no\/index.php?rest_route=%2Fwp%2Fv2%2Fcategories&post=11089"},{"taxonomy":"post_tag","embeddable":true,"href":"https:\/\/lokalmagasinet.no\/index.php?rest_route=%2Fwp%2Fv2%2Ftags&post=11089"}],"curies":[{"name":"wp","href":"https:\/\/api.w.org\/{rel}","templated":true}]}}