{"id":1115,"date":"2022-10-26T10:10:50","date_gmt":"2022-10-26T08:10:50","guid":{"rendered":"http:\/\/lokalmagasinet.no\/?page_id=1115"},"modified":"2022-10-26T10:15:04","modified_gmt":"2022-10-26T08:15:04","slug":"hvori-bestar-pressens-betydning","status":"publish","type":"post","link":"https:\/\/lokalmagasinet.no\/?p=1115","title":{"rendered":"&laquo;Hvori best\u00e5r pressens betydning?&raquo;"},"content":{"rendered":"<p><img loading=\"lazy\" decoding=\"async\" class=\"size-full wp-image-859 aligncenter\" src=\"http:\/\/lokalmagasinet.no\/wp-content\/uploads\/2021\/02\/hansjacobivinduet-1.jpg\" alt=\"\" width=\"750\" height=\"619\" srcset=\"https:\/\/lokalmagasinet.no\/wp-content\/uploads\/2021\/02\/hansjacobivinduet-1.jpg 750w, https:\/\/lokalmagasinet.no\/wp-content\/uploads\/2021\/02\/hansjacobivinduet-1-300x248.jpg 300w\" sizes=\"auto, (max-width: 750px) 100vw, 750px\" \/><\/p>\n<p><span style=\"font-size: 14pt;\"><em>Hans Jacob Hansen, fotografert i 1985 av Sturla Strand, sittende ved vinduet i sin leilighet i Thorneg\u00e5rden. Herfra kunne han p\u00e5 sine gamle dager f\u00f8lge med p\u00e5 det som skjedde nede p\u00e5 torget n\u00e5r han ikke lenger ville eller kunne benytte sin plass p\u00e5 Jugerbenken.<\/em><\/span><\/p>\n<p><span style=\"font-size: 14pt;\"><strong>Kj\u00f8pmannss\u00f8nn Hans Jacob Hansen fra Son var 19 \u00e5r gammel da han skrev denne flotte, innsiktsfulle stilen som elev ved Oslo Handelsgymnasium. Den kunne ogs\u00e5 leses i brosjyren til sommerutstillingen 2019 ved Son kystkultursenter, der kj\u00f8pmannsfamilien Hansen i Thorneg\u00e5rden var temaet.<br \/>\n<\/strong><\/span><\/p>\n<p>(Publisert 17.01.20 og 26.10.22, litt endret)<\/p>\n<p style=\"text-align: center;\"><span style=\"font-size: 24pt;\">Hvori best\u00e5r pressens betydning?<\/span><\/p>\n<p><span style=\"font-size: 14pt;\">I det tyvende \u00e5rhundre er pressen blitt en verdensmakt av rang. Nesten over alt hvor det bor folk som kan lese, har man aviser. De f\u00f8rste aviser vi fikk i Norge stod i opplysningens tjeneste. Gjennom dem n\u00e5dde v\u00e5re folkevennlige diktere frem til b\u00f8nder og arbeidere og spredde kultur og opplysning blant dem.<\/span><\/p>\n<p><span style=\"font-size: 14pt;\">Pressen spilte en stor rolle i det politiske liv. Hvert eneste politiske parti i Norge har sitt eget organ, som med nebb og kl\u00f8r forsvarer den retning det tilh\u00f8rer. Leser man en borgerlig avis f\u00f8r valgene, blir man forferdet over tilstandene i Russland, og arbeiderpartiets presse er fylt med store ord og gylne l\u00f8fter.<\/span><\/p>\n<p><span style=\"font-size: 14pt;\">For at en avis skal kunne eksistere m\u00e5 den v\u00e6re allsidig. Den skal inneholde de siste nyhetene p\u00e5 alle omr\u00e5der. Publikum forlanger \u00e5 holdes underrettet s\u00e5 vel om en sensasjonell boksekamp i Amerika, som om en ny teori av Einstein. Lilkeledes m\u00e5 avisen ha notiser om den siste brand p\u00e5 Eiker, og om den fortsatte borgerkrig i Kina.<\/span><\/p>\n<p><span style=\"font-size: 14pt;\">Den moderne presse har spesielle spalter for kunst, vitenskap og for sport. Dessuten har de fleste aviser gjerne en egen avdeling for barn. Ved sin allsidighet oppn\u00e5r avisene \u00e5 bli lest av folk i alle aldrer og fra alle samfunnslag. De yngste er jo henrykt over \u00e5 lese om slike popul\u00e6re skikkelser som Mikke Mus og Bonzo. Den avis som har de beste sportsreferater blir som regel foretrukket av ungdommen.<\/span><\/p>\n<p><span style=\"font-size: 14pt;\">Pressen er av stor betydning for forretningslivet. De daglige markedsberetninger og b\u00f8rsnoteringer blir omhyggelig studert av forretningsmennene ute p\u00e5 landet, som ikke har anledning til \u00e5 g\u00e5 p\u00e5 b\u00f8rsen til stadighet.<\/span><\/p>\n<p><span style=\"font-size: 14pt;\">For dem som er glade i kunst, bringer avisen hver dag ting av interesse. Det kan v\u00e6re anmeldelse av konserter, malerier og av nye b\u00f8ker. Bokanmelderne er meget nyttige for folk som ikke har nogen st\u00f8rre kjennskap til de forskjellige forfattere. Det skal v\u00e6re sagt til anmeldernes ros, at de skiller klinten fra hveten. N\u00e5r de skriver om en bok, er de ikke redde for \u00e5 si sin mening om den.<\/span><\/p>\n<p><span style=\"font-size: 14pt;\">Den norske presse har ord p\u00e5 seg for \u00e5 h\u00f8re til verdens beste. De ledende aviser blir redigert av menn og kvinner med gode utdannelser og som har praktisk innsikt. V\u00e5r presse er uavhengig. Den lar seg ikke s\u00e5 lett bestikke som avisene i de store land, for eksempel Frankrike.<\/span><\/p>\n<p>&nbsp;<\/p>\n<p>&nbsp;<\/p>\n<p><span style=\"font-size: 10pt;\">Tilrettelagt for Lokalmagasinet.no av Are Strand, desember 2019<\/span><\/p>\n<p>Views: 122<\/p>","protected":false},"excerpt":{"rendered":"<p>Hans Jacob Hansen, fotografert i 1985 av Sturla Strand, sittende ved vinduet i sin leilighet i Thorneg\u00e5rden. Herfra kunne han p\u00e5 sine gamle dager f\u00f8lge med p\u00e5 det som skjedde &#8230; <\/p>\n<p class=\"read-more-container\"><a title=\"&laquo;Hvori best\u00e5r pressens betydning?&raquo;\" class=\"read-more button\" href=\"https:\/\/lokalmagasinet.no\/?p=1115#more-1115\">Les mer<span class=\"screen-reader-text\">&laquo;Hvori best\u00e5r pressens betydning?&raquo;<\/span><\/a><\/p>\n","protected":false},"author":6,"featured_media":1874,"comment_status":"closed","ping_status":"open","sticky":false,"template":"","format":"standard","meta":{"footnotes":""},"categories":[1,7,66,38],"tags":[],"class_list":["post-1115","post","type-post","status-publish","format-standard","has-post-thumbnail","hentry","category-aktuelt","category-historisk-arkiv","category-kronikk","category-presse"],"yoast_head":"<!-- This site is optimized with the Yoast SEO plugin v27.4 - https:\/\/yoast.com\/product\/yoast-seo-wordpress\/ -->\n<title>&quot;Hvori best\u00e5r pressens betydning?&quot; | Lokalmagasinet.no<\/title>\n<meta name=\"robots\" content=\"index, follow, max-snippet:-1, max-image-preview:large, max-video-preview:-1\" \/>\n<link rel=\"canonical\" href=\"https:\/\/lokalmagasinet.no\/?p=1115\" \/>\n<meta property=\"og:locale\" content=\"nn_NO\" \/>\n<meta property=\"og:type\" content=\"article\" \/>\n<meta property=\"og:title\" content=\"&quot;Hvori best\u00e5r pressens betydning?&quot; | Lokalmagasinet.no\" \/>\n<meta property=\"og:description\" content=\"Hans Jacob Hansen, fotografert i 1985 av Sturla Strand, sittende ved vinduet i sin leilighet i Thorneg\u00e5rden. Herfra kunne han p\u00e5 sine gamle dager f\u00f8lge med p\u00e5 det som skjedde ... Les mer&laquo;Hvori best\u00e5r pressens betydning?&raquo;\" \/>\n<meta property=\"og:url\" content=\"https:\/\/lokalmagasinet.no\/?p=1115\" \/>\n<meta property=\"og:site_name\" content=\"Lokalmagasinet.no\" \/>\n<meta property=\"article:publisher\" content=\"https:\/\/www.facebook.com\/sveinharald.strand.1\" \/>\n<meta property=\"article:author\" content=\"https:\/\/www.facebook.com\/sveinharald.strand.1\" \/>\n<meta property=\"article:published_time\" content=\"2022-10-26T08:10:50+00:00\" \/>\n<meta property=\"article:modified_time\" content=\"2022-10-26T08:15:04+00:00\" \/>\n<meta property=\"og:image\" content=\"https:\/\/lokalmagasinet.no\/wp-content\/uploads\/2021\/03\/journalism1_200-e1651420362191.jpg\" \/>\n\t<meta property=\"og:image:width\" content=\"100\" \/>\n\t<meta property=\"og:image:height\" content=\"122\" \/>\n\t<meta property=\"og:image:type\" content=\"image\/jpeg\" \/>\n<meta name=\"author\" content=\"Svein-Harald Strand\" \/>\n<meta name=\"twitter:card\" content=\"summary_large_image\" \/>\n<meta name=\"twitter:creator\" content=\"@LMExtra\" \/>\n<meta name=\"twitter:site\" content=\"@LMExtra\" \/>\n<meta name=\"twitter:label1\" content=\"Written by\" \/>\n\t<meta name=\"twitter:data1\" content=\"Svein-Harald Strand\" \/>\n\t<meta name=\"twitter:label2\" content=\"Est. reading time\" \/>\n\t<meta name=\"twitter:data2\" content=\"3 minutt\" \/>\n<script type=\"application\/ld+json\" class=\"yoast-schema-graph\">{\"@context\":\"https:\\\/\\\/schema.org\",\"@graph\":[{\"@type\":\"Article\",\"@id\":\"https:\\\/\\\/lokalmagasinet.no\\\/?p=1115#article\",\"isPartOf\":{\"@id\":\"https:\\\/\\\/lokalmagasinet.no\\\/?p=1115\"},\"author\":{\"name\":\"Svein-Harald Strand\",\"@id\":\"https:\\\/\\\/lokalmagasinet.no\\\/#\\\/schema\\\/person\\\/2e8d221708d3aaf6f577275b5bba4310\"},\"headline\":\"&laquo;Hvori best\u00e5r pressens betydning?&raquo;\",\"datePublished\":\"2022-10-26T08:10:50+00:00\",\"dateModified\":\"2022-10-26T08:15:04+00:00\",\"mainEntityOfPage\":{\"@id\":\"https:\\\/\\\/lokalmagasinet.no\\\/?p=1115\"},\"wordCount\":516,\"publisher\":{\"@id\":\"https:\\\/\\\/lokalmagasinet.no\\\/#organization\"},\"image\":{\"@id\":\"https:\\\/\\\/lokalmagasinet.no\\\/?p=1115#primaryimage\"},\"thumbnailUrl\":\"https:\\\/\\\/lokalmagasinet.no\\\/wp-content\\\/uploads\\\/2021\\\/03\\\/journalism1_200-e1651420362191.jpg\",\"articleSection\":[\"Aktuelt\",\"Historisk\",\"Kronikk\",\"Presse\"],\"inLanguage\":\"nn-NO\"},{\"@type\":\"WebPage\",\"@id\":\"https:\\\/\\\/lokalmagasinet.no\\\/?p=1115\",\"url\":\"https:\\\/\\\/lokalmagasinet.no\\\/?p=1115\",\"name\":\"\\\"Hvori best\u00e5r pressens betydning?\\\" | Lokalmagasinet.no\",\"isPartOf\":{\"@id\":\"https:\\\/\\\/lokalmagasinet.no\\\/#website\"},\"primaryImageOfPage\":{\"@id\":\"https:\\\/\\\/lokalmagasinet.no\\\/?p=1115#primaryimage\"},\"image\":{\"@id\":\"https:\\\/\\\/lokalmagasinet.no\\\/?p=1115#primaryimage\"},\"thumbnailUrl\":\"https:\\\/\\\/lokalmagasinet.no\\\/wp-content\\\/uploads\\\/2021\\\/03\\\/journalism1_200-e1651420362191.jpg\",\"datePublished\":\"2022-10-26T08:10:50+00:00\",\"dateModified\":\"2022-10-26T08:15:04+00:00\",\"breadcrumb\":{\"@id\":\"https:\\\/\\\/lokalmagasinet.no\\\/?p=1115#breadcrumb\"},\"inLanguage\":\"nn-NO\",\"potentialAction\":[{\"@type\":\"ReadAction\",\"target\":[\"https:\\\/\\\/lokalmagasinet.no\\\/?p=1115\"]}]},{\"@type\":\"ImageObject\",\"inLanguage\":\"nn-NO\",\"@id\":\"https:\\\/\\\/lokalmagasinet.no\\\/?p=1115#primaryimage\",\"url\":\"https:\\\/\\\/lokalmagasinet.no\\\/wp-content\\\/uploads\\\/2021\\\/03\\\/journalism1_200-e1651420362191.jpg\",\"contentUrl\":\"https:\\\/\\\/lokalmagasinet.no\\\/wp-content\\\/uploads\\\/2021\\\/03\\\/journalism1_200-e1651420362191.jpg\",\"width\":100,\"height\":122},{\"@type\":\"BreadcrumbList\",\"@id\":\"https:\\\/\\\/lokalmagasinet.no\\\/?p=1115#breadcrumb\",\"itemListElement\":[{\"@type\":\"ListItem\",\"position\":1,\"name\":\"Hjem\",\"item\":\"https:\\\/\\\/lokalmagasinet.no\\\/\"},{\"@type\":\"ListItem\",\"position\":2,\"name\":\"&#8220;Hvori best\u00e5r pressens betydning?&#8221;\"}]},{\"@type\":\"WebSite\",\"@id\":\"https:\\\/\\\/lokalmagasinet.no\\\/#website\",\"url\":\"https:\\\/\\\/lokalmagasinet.no\\\/\",\"name\":\"Lokalmagasinet.no\",\"description\":\"Fra fortid og n\u00e5tid. Med st\u00e5sted i det n\u00e6re. Siden 2002.\",\"publisher\":{\"@id\":\"https:\\\/\\\/lokalmagasinet.no\\\/#organization\"},\"potentialAction\":[{\"@type\":\"SearchAction\",\"target\":{\"@type\":\"EntryPoint\",\"urlTemplate\":\"https:\\\/\\\/lokalmagasinet.no\\\/?s={search_term_string}\"},\"query-input\":{\"@type\":\"PropertyValueSpecification\",\"valueRequired\":true,\"valueName\":\"search_term_string\"}}],\"inLanguage\":\"nn-NO\"},{\"@type\":\"Organization\",\"@id\":\"https:\\\/\\\/lokalmagasinet.no\\\/#organization\",\"name\":\"Lokalmagasinet.no\",\"url\":\"https:\\\/\\\/lokalmagasinet.no\\\/\",\"logo\":{\"@type\":\"ImageObject\",\"inLanguage\":\"nn-NO\",\"@id\":\"https:\\\/\\\/lokalmagasinet.no\\\/#\\\/schema\\\/logo\\\/image\\\/\",\"url\":\"https:\\\/\\\/lokalmagasinet.no\\\/wp-content\\\/uploads\\\/2021\\\/03\\\/cropped-cropped-cropped-cropped-cropped-cropped-lmlogo-e1640691300821.jpg\",\"contentUrl\":\"https:\\\/\\\/lokalmagasinet.no\\\/wp-content\\\/uploads\\\/2021\\\/03\\\/cropped-cropped-cropped-cropped-cropped-cropped-lmlogo-e1640691300821.jpg\",\"width\":72,\"height\":118,\"caption\":\"Lokalmagasinet.no\"},\"image\":{\"@id\":\"https:\\\/\\\/lokalmagasinet.no\\\/#\\\/schema\\\/logo\\\/image\\\/\"},\"sameAs\":[\"https:\\\/\\\/www.facebook.com\\\/sveinharald.strand.1\",\"https:\\\/\\\/x.com\\\/LMExtra\"]},{\"@type\":\"Person\",\"@id\":\"https:\\\/\\\/lokalmagasinet.no\\\/#\\\/schema\\\/person\\\/2e8d221708d3aaf6f577275b5bba4310\",\"name\":\"Svein-Harald Strand\",\"image\":{\"@type\":\"ImageObject\",\"inLanguage\":\"nn-NO\",\"@id\":\"https:\\\/\\\/secure.gravatar.com\\\/avatar\\\/c487434bdf6cd7c12e4a88877ae4b12c38d22b7ad64292b49d33ed7503bb7ce1?s=96&d=mm&r=g\",\"url\":\"https:\\\/\\\/secure.gravatar.com\\\/avatar\\\/c487434bdf6cd7c12e4a88877ae4b12c38d22b7ad64292b49d33ed7503bb7ce1?s=96&d=mm&r=g\",\"contentUrl\":\"https:\\\/\\\/secure.gravatar.com\\\/avatar\\\/c487434bdf6cd7c12e4a88877ae4b12c38d22b7ad64292b49d33ed7503bb7ce1?s=96&d=mm&r=g\",\"caption\":\"Svein-Harald Strand\"},\"description\":\"(F. 26.12.1945) Redakt\u00f8r, journalist og informasjonsarbeider siden 1968. ||| I 1963: Redaksjonell praktikant i 8 m\u00e5neder p\u00e5 full tid i Helgeland Arbeiderblad i hjembyen Mosj\u00f8en. ||| Arbeidende pensjonist med hjemmekontor fra 2008 (AFP) og videre som folkepensjonist til n\u00e5.\",\"sameAs\":[\"https:\\\/\\\/lokalmagasinet.no\\\/\",\"https:\\\/\\\/www.facebook.com\\\/sveinharald.strand.1\",\"https:\\\/\\\/x.com\\\/LMExtra\"],\"url\":\"https:\\\/\\\/lokalmagasinet.no\\\/?author=6\"}]}<\/script>\n<!-- \/ Yoast SEO plugin. -->","yoast_head_json":{"title":"\"Hvori best\u00e5r pressens betydning?\" | Lokalmagasinet.no","robots":{"index":"index","follow":"follow","max-snippet":"max-snippet:-1","max-image-preview":"max-image-preview:large","max-video-preview":"max-video-preview:-1"},"canonical":"https:\/\/lokalmagasinet.no\/?p=1115","og_locale":"nn_NO","og_type":"article","og_title":"\"Hvori best\u00e5r pressens betydning?\" | Lokalmagasinet.no","og_description":"Hans Jacob Hansen, fotografert i 1985 av Sturla Strand, sittende ved vinduet i sin leilighet i Thorneg\u00e5rden. Herfra kunne han p\u00e5 sine gamle dager f\u00f8lge med p\u00e5 det som skjedde ... Les mer&laquo;Hvori best\u00e5r pressens betydning?&raquo;","og_url":"https:\/\/lokalmagasinet.no\/?p=1115","og_site_name":"Lokalmagasinet.no","article_publisher":"https:\/\/www.facebook.com\/sveinharald.strand.1","article_author":"https:\/\/www.facebook.com\/sveinharald.strand.1","article_published_time":"2022-10-26T08:10:50+00:00","article_modified_time":"2022-10-26T08:15:04+00:00","og_image":[{"width":100,"height":122,"url":"https:\/\/lokalmagasinet.no\/wp-content\/uploads\/2021\/03\/journalism1_200-e1651420362191.jpg","type":"image\/jpeg"}],"author":"Svein-Harald Strand","twitter_card":"summary_large_image","twitter_creator":"@LMExtra","twitter_site":"@LMExtra","twitter_misc":{"Written by":"Svein-Harald Strand","Est. reading time":"3 minutt"},"schema":{"@context":"https:\/\/schema.org","@graph":[{"@type":"Article","@id":"https:\/\/lokalmagasinet.no\/?p=1115#article","isPartOf":{"@id":"https:\/\/lokalmagasinet.no\/?p=1115"},"author":{"name":"Svein-Harald Strand","@id":"https:\/\/lokalmagasinet.no\/#\/schema\/person\/2e8d221708d3aaf6f577275b5bba4310"},"headline":"&laquo;Hvori best\u00e5r pressens betydning?&raquo;","datePublished":"2022-10-26T08:10:50+00:00","dateModified":"2022-10-26T08:15:04+00:00","mainEntityOfPage":{"@id":"https:\/\/lokalmagasinet.no\/?p=1115"},"wordCount":516,"publisher":{"@id":"https:\/\/lokalmagasinet.no\/#organization"},"image":{"@id":"https:\/\/lokalmagasinet.no\/?p=1115#primaryimage"},"thumbnailUrl":"https:\/\/lokalmagasinet.no\/wp-content\/uploads\/2021\/03\/journalism1_200-e1651420362191.jpg","articleSection":["Aktuelt","Historisk","Kronikk","Presse"],"inLanguage":"nn-NO"},{"@type":"WebPage","@id":"https:\/\/lokalmagasinet.no\/?p=1115","url":"https:\/\/lokalmagasinet.no\/?p=1115","name":"\"Hvori best\u00e5r pressens betydning?\" | Lokalmagasinet.no","isPartOf":{"@id":"https:\/\/lokalmagasinet.no\/#website"},"primaryImageOfPage":{"@id":"https:\/\/lokalmagasinet.no\/?p=1115#primaryimage"},"image":{"@id":"https:\/\/lokalmagasinet.no\/?p=1115#primaryimage"},"thumbnailUrl":"https:\/\/lokalmagasinet.no\/wp-content\/uploads\/2021\/03\/journalism1_200-e1651420362191.jpg","datePublished":"2022-10-26T08:10:50+00:00","dateModified":"2022-10-26T08:15:04+00:00","breadcrumb":{"@id":"https:\/\/lokalmagasinet.no\/?p=1115#breadcrumb"},"inLanguage":"nn-NO","potentialAction":[{"@type":"ReadAction","target":["https:\/\/lokalmagasinet.no\/?p=1115"]}]},{"@type":"ImageObject","inLanguage":"nn-NO","@id":"https:\/\/lokalmagasinet.no\/?p=1115#primaryimage","url":"https:\/\/lokalmagasinet.no\/wp-content\/uploads\/2021\/03\/journalism1_200-e1651420362191.jpg","contentUrl":"https:\/\/lokalmagasinet.no\/wp-content\/uploads\/2021\/03\/journalism1_200-e1651420362191.jpg","width":100,"height":122},{"@type":"BreadcrumbList","@id":"https:\/\/lokalmagasinet.no\/?p=1115#breadcrumb","itemListElement":[{"@type":"ListItem","position":1,"name":"Hjem","item":"https:\/\/lokalmagasinet.no\/"},{"@type":"ListItem","position":2,"name":"&#8220;Hvori best\u00e5r pressens betydning?&#8221;"}]},{"@type":"WebSite","@id":"https:\/\/lokalmagasinet.no\/#website","url":"https:\/\/lokalmagasinet.no\/","name":"Lokalmagasinet.no","description":"Fra fortid og n\u00e5tid. Med st\u00e5sted i det n\u00e6re. Siden 2002.","publisher":{"@id":"https:\/\/lokalmagasinet.no\/#organization"},"potentialAction":[{"@type":"SearchAction","target":{"@type":"EntryPoint","urlTemplate":"https:\/\/lokalmagasinet.no\/?s={search_term_string}"},"query-input":{"@type":"PropertyValueSpecification","valueRequired":true,"valueName":"search_term_string"}}],"inLanguage":"nn-NO"},{"@type":"Organization","@id":"https:\/\/lokalmagasinet.no\/#organization","name":"Lokalmagasinet.no","url":"https:\/\/lokalmagasinet.no\/","logo":{"@type":"ImageObject","inLanguage":"nn-NO","@id":"https:\/\/lokalmagasinet.no\/#\/schema\/logo\/image\/","url":"https:\/\/lokalmagasinet.no\/wp-content\/uploads\/2021\/03\/cropped-cropped-cropped-cropped-cropped-cropped-lmlogo-e1640691300821.jpg","contentUrl":"https:\/\/lokalmagasinet.no\/wp-content\/uploads\/2021\/03\/cropped-cropped-cropped-cropped-cropped-cropped-lmlogo-e1640691300821.jpg","width":72,"height":118,"caption":"Lokalmagasinet.no"},"image":{"@id":"https:\/\/lokalmagasinet.no\/#\/schema\/logo\/image\/"},"sameAs":["https:\/\/www.facebook.com\/sveinharald.strand.1","https:\/\/x.com\/LMExtra"]},{"@type":"Person","@id":"https:\/\/lokalmagasinet.no\/#\/schema\/person\/2e8d221708d3aaf6f577275b5bba4310","name":"Svein-Harald Strand","image":{"@type":"ImageObject","inLanguage":"nn-NO","@id":"https:\/\/secure.gravatar.com\/avatar\/c487434bdf6cd7c12e4a88877ae4b12c38d22b7ad64292b49d33ed7503bb7ce1?s=96&d=mm&r=g","url":"https:\/\/secure.gravatar.com\/avatar\/c487434bdf6cd7c12e4a88877ae4b12c38d22b7ad64292b49d33ed7503bb7ce1?s=96&d=mm&r=g","contentUrl":"https:\/\/secure.gravatar.com\/avatar\/c487434bdf6cd7c12e4a88877ae4b12c38d22b7ad64292b49d33ed7503bb7ce1?s=96&d=mm&r=g","caption":"Svein-Harald Strand"},"description":"(F. 26.12.1945) Redakt\u00f8r, journalist og informasjonsarbeider siden 1968. ||| I 1963: Redaksjonell praktikant i 8 m\u00e5neder p\u00e5 full tid i Helgeland Arbeiderblad i hjembyen Mosj\u00f8en. ||| Arbeidende pensjonist med hjemmekontor fra 2008 (AFP) og videre som folkepensjonist til n\u00e5.","sameAs":["https:\/\/lokalmagasinet.no\/","https:\/\/www.facebook.com\/sveinharald.strand.1","https:\/\/x.com\/LMExtra"],"url":"https:\/\/lokalmagasinet.no\/?author=6"}]}},"_links":{"self":[{"href":"https:\/\/lokalmagasinet.no\/index.php?rest_route=\/wp\/v2\/posts\/1115","targetHints":{"allow":["GET"]}}],"collection":[{"href":"https:\/\/lokalmagasinet.no\/index.php?rest_route=\/wp\/v2\/posts"}],"about":[{"href":"https:\/\/lokalmagasinet.no\/index.php?rest_route=\/wp\/v2\/types\/post"}],"author":[{"embeddable":true,"href":"https:\/\/lokalmagasinet.no\/index.php?rest_route=\/wp\/v2\/users\/6"}],"replies":[{"embeddable":true,"href":"https:\/\/lokalmagasinet.no\/index.php?rest_route=%2Fwp%2Fv2%2Fcomments&post=1115"}],"version-history":[{"count":13,"href":"https:\/\/lokalmagasinet.no\/index.php?rest_route=\/wp\/v2\/posts\/1115\/revisions"}],"predecessor-version":[{"id":13030,"href":"https:\/\/lokalmagasinet.no\/index.php?rest_route=\/wp\/v2\/posts\/1115\/revisions\/13030"}],"wp:featuredmedia":[{"embeddable":true,"href":"https:\/\/lokalmagasinet.no\/index.php?rest_route=\/wp\/v2\/media\/1874"}],"wp:attachment":[{"href":"https:\/\/lokalmagasinet.no\/index.php?rest_route=%2Fwp%2Fv2%2Fmedia&parent=1115"}],"wp:term":[{"taxonomy":"category","embeddable":true,"href":"https:\/\/lokalmagasinet.no\/index.php?rest_route=%2Fwp%2Fv2%2Fcategories&post=1115"},{"taxonomy":"post_tag","embeddable":true,"href":"https:\/\/lokalmagasinet.no\/index.php?rest_route=%2Fwp%2Fv2%2Ftags&post=1115"}],"curies":[{"name":"wp","href":"https:\/\/api.w.org\/{rel}","templated":true}]}}