{"id":11279,"date":"2022-07-15T18:17:15","date_gmt":"2022-07-15T16:17:15","guid":{"rendered":"https:\/\/lokalmagasinet.no\/?p=11279"},"modified":"2022-07-15T23:26:33","modified_gmt":"2022-07-15T21:26:33","slug":"moteplass-handleplass-festplass","status":"publish","type":"post","link":"https:\/\/lokalmagasinet.no\/?p=11279","title":{"rendered":"M\u00f8teplass, handleplass, festplass"},"content":{"rendered":"<figure id=\"attachment_6750\" aria-describedby=\"caption-attachment-6750\" style=\"width: 600px\" class=\"wp-caption aligncenter\"><img loading=\"lazy\" decoding=\"async\" class=\"wp-image-6750 size-full\" src=\"https:\/\/lokalmagasinet.no\/wp-content\/uploads\/2021\/11\/Apning-middelaldertorget.jpg\" alt=\"\" width=\"600\" height=\"398\" srcset=\"https:\/\/lokalmagasinet.no\/wp-content\/uploads\/2021\/11\/Apning-middelaldertorget.jpg 600w, https:\/\/lokalmagasinet.no\/wp-content\/uploads\/2021\/11\/Apning-middelaldertorget-300x199.jpg 300w, https:\/\/lokalmagasinet.no\/wp-content\/uploads\/2021\/11\/Apning-middelaldertorget-150x100.jpg 150w\" sizes=\"auto, (max-width: 600px) 100vw, 600px\" \/><figcaption id=\"caption-attachment-6750\" class=\"wp-caption-text\">Fra \u00e5pningen av &laquo;Middelaldertorget&raquo;. (Illustrasjonsfoto: LM Arkiv \/ Svein-H. Strand)<\/figcaption><\/figure>\n<p>(Fra LM 22.11.12) <span class=\"i_skrift_stor\"><strong>\u2013 Soon og Omegns Vel st\u00f8tter forslaget til opprusting av Son torg, men \u00f8nsker minst mulig parkering p\u00e5 denne unike plassen i Son. Det framg\u00e5r av en uttalelse fra velleder Ivar Gudmundsen til Plan- og milj\u00f8utvalget. Torget b\u00f8r f\u00f8rst og fremst v\u00e6re en m\u00f8teplass, handleplass og festplass for tettstedet, p\u00e5pekes det. Uttalelsen gjengis i sin helhet nedenfor.<\/strong><\/span><\/p>\n<p>Soon og Omegns Vel viser til sak som skal behandles i plan- og milj\u00f8utvalget 26.11.2012 om opprusting av Son Torg. Planforslaget er utarbeidet av Landskapsarkitektene Berg &amp; Dyring AS og tar hensyn til kulturminnene som er funnet p\u00e5 torget i \u00e5r. Planen er et resultat av sterkt engasjement fra Riksantikvaren, Akershus fylkeskommune, lokal- og fylkespolitikere og fra lokalbefolkningen.<\/p>\n<p>Planen viser kulturminnene integrert i torget, og at torget ellers f\u00e5r et dekke av storgatestein. Torget og Storgata forbi Thorneg\u00e5rden senkes til opprinnelig niv\u00e5. Demonterbare pullerter gir mulighet for \u00e5 dele inn torget i ulike \u00abrom\u00bb etter behov. Det gis mulighet for 11 parkeringsplasser.<\/p>\n<p>Soon og Omegns Vel st\u00f8tter forslaget, men \u00f8nsker minst mulig parkering p\u00e5 denne unike plassen i Son. Torget b\u00f8r f\u00f8rst og fremst v\u00e6re en m\u00f8teplass og handleplass \u2013 og festplass \u2013 for tettstedet.<\/p>\n<p><strong>Det er gledelig at Vestby kommune n\u00e5 \u2013 for f\u00f8rste gang \u2013 standardhever det offentlige rommet i Son Sentrum, dvs. Storgata og Son Torg, som gjennom flere \u00e5r har f\u00e5tt en stemoderlig behandling.<\/strong><\/p>\n<p>For Soon og Omegns Vel<br \/>\n<strong>Ivar Gudmundsen<\/strong><br \/>\nLeder<\/p>\n<p>Kopi til:<br \/>\nRiksantikvaren<br \/>\nAkershus fylkeskommune<br \/>\nFortidsminneforeningen<br \/>\nSon N\u00e6ringsforening<br \/>\nVestby Historielag<\/p>\n<p>Views: 115<\/p>","protected":false},"excerpt":{"rendered":"<p>(Fra LM 22.11.12) \u2013 Soon og Omegns Vel st\u00f8tter forslaget til opprusting av Son torg, men \u00f8nsker minst mulig parkering p\u00e5 denne unike plassen i Son. Det framg\u00e5r av en &#8230; <\/p>\n<p class=\"read-more-container\"><a title=\"M\u00f8teplass, handleplass, festplass\" class=\"read-more button\" href=\"https:\/\/lokalmagasinet.no\/?p=11279#more-11279\">Les mer<span class=\"screen-reader-text\">M\u00f8teplass, handleplass, festplass<\/span><\/a><\/p>\n","protected":false},"author":6,"featured_media":6283,"comment_status":"closed","ping_status":"open","sticky":false,"template":"","format":"standard","meta":{"footnotes":""},"categories":[34,45],"tags":[],"class_list":["post-11279","post","type-post","status-publish","format-standard","has-post-thumbnail","hentry","category-debatt","category-son-sentrum"],"yoast_head":"<!-- This site is optimized with the Yoast SEO plugin v27.4 - https:\/\/yoast.com\/product\/yoast-seo-wordpress\/ -->\n<title>M\u00f8teplass, handleplass, festplass | Lokalmagasinet.no<\/title>\n<meta name=\"robots\" content=\"index, follow, max-snippet:-1, max-image-preview:large, max-video-preview:-1\" \/>\n<link rel=\"canonical\" href=\"https:\/\/lokalmagasinet.no\/?p=11279\" \/>\n<meta property=\"og:locale\" content=\"nn_NO\" \/>\n<meta property=\"og:type\" content=\"article\" \/>\n<meta property=\"og:title\" content=\"M\u00f8teplass, handleplass, festplass | Lokalmagasinet.no\" \/>\n<meta property=\"og:description\" content=\"(Fra LM 22.11.12) \u2013 Soon og Omegns Vel st\u00f8tter forslaget til opprusting av Son torg, men \u00f8nsker minst mulig parkering p\u00e5 denne unike plassen i Son. Det framg\u00e5r av en ... Les merM\u00f8teplass, handleplass, festplass\" \/>\n<meta property=\"og:url\" content=\"https:\/\/lokalmagasinet.no\/?p=11279\" \/>\n<meta property=\"og:site_name\" content=\"Lokalmagasinet.no\" \/>\n<meta property=\"article:publisher\" content=\"https:\/\/www.facebook.com\/sveinharald.strand.1\" \/>\n<meta property=\"article:author\" content=\"https:\/\/www.facebook.com\/sveinharald.strand.1\" \/>\n<meta property=\"article:published_time\" content=\"2022-07-15T16:17:15+00:00\" \/>\n<meta property=\"article:modified_time\" content=\"2022-07-15T21:26:33+00:00\" \/>\n<meta property=\"og:image\" content=\"https:\/\/lokalmagasinet.no\/wp-content\/uploads\/2021\/11\/journalism2stock200.jpg\" \/>\n\t<meta property=\"og:image:width\" content=\"200\" \/>\n\t<meta property=\"og:image:height\" content=\"165\" \/>\n\t<meta property=\"og:image:type\" content=\"image\/jpeg\" \/>\n<meta name=\"author\" content=\"Svein-Harald Strand\" \/>\n<meta name=\"twitter:card\" content=\"summary_large_image\" \/>\n<meta name=\"twitter:creator\" content=\"@LMExtra\" \/>\n<meta name=\"twitter:site\" content=\"@LMExtra\" \/>\n<meta name=\"twitter:label1\" content=\"Written by\" \/>\n\t<meta name=\"twitter:data1\" content=\"Svein-Harald Strand\" \/>\n\t<meta name=\"twitter:label2\" content=\"Est. reading time\" \/>\n\t<meta name=\"twitter:data2\" content=\"1 minutt\" \/>\n<script type=\"application\/ld+json\" class=\"yoast-schema-graph\">{\"@context\":\"https:\\\/\\\/schema.org\",\"@graph\":[{\"@type\":\"Article\",\"@id\":\"https:\\\/\\\/lokalmagasinet.no\\\/?p=11279#article\",\"isPartOf\":{\"@id\":\"https:\\\/\\\/lokalmagasinet.no\\\/?p=11279\"},\"author\":{\"name\":\"Svein-Harald Strand\",\"@id\":\"https:\\\/\\\/lokalmagasinet.no\\\/#\\\/schema\\\/person\\\/2e8d221708d3aaf6f577275b5bba4310\"},\"headline\":\"M\u00f8teplass, handleplass, festplass\",\"datePublished\":\"2022-07-15T16:17:15+00:00\",\"dateModified\":\"2022-07-15T21:26:33+00:00\",\"mainEntityOfPage\":{\"@id\":\"https:\\\/\\\/lokalmagasinet.no\\\/?p=11279\"},\"wordCount\":276,\"publisher\":{\"@id\":\"https:\\\/\\\/lokalmagasinet.no\\\/#organization\"},\"image\":{\"@id\":\"https:\\\/\\\/lokalmagasinet.no\\\/?p=11279#primaryimage\"},\"thumbnailUrl\":\"https:\\\/\\\/lokalmagasinet.no\\\/wp-content\\\/uploads\\\/2021\\\/11\\\/journalism2stock200.jpg\",\"articleSection\":[\"Debatt\",\"Son sentrum\"],\"inLanguage\":\"nn-NO\"},{\"@type\":\"WebPage\",\"@id\":\"https:\\\/\\\/lokalmagasinet.no\\\/?p=11279\",\"url\":\"https:\\\/\\\/lokalmagasinet.no\\\/?p=11279\",\"name\":\"M\u00f8teplass, handleplass, festplass | Lokalmagasinet.no\",\"isPartOf\":{\"@id\":\"https:\\\/\\\/lokalmagasinet.no\\\/#website\"},\"primaryImageOfPage\":{\"@id\":\"https:\\\/\\\/lokalmagasinet.no\\\/?p=11279#primaryimage\"},\"image\":{\"@id\":\"https:\\\/\\\/lokalmagasinet.no\\\/?p=11279#primaryimage\"},\"thumbnailUrl\":\"https:\\\/\\\/lokalmagasinet.no\\\/wp-content\\\/uploads\\\/2021\\\/11\\\/journalism2stock200.jpg\",\"datePublished\":\"2022-07-15T16:17:15+00:00\",\"dateModified\":\"2022-07-15T21:26:33+00:00\",\"breadcrumb\":{\"@id\":\"https:\\\/\\\/lokalmagasinet.no\\\/?p=11279#breadcrumb\"},\"inLanguage\":\"nn-NO\",\"potentialAction\":[{\"@type\":\"ReadAction\",\"target\":[\"https:\\\/\\\/lokalmagasinet.no\\\/?p=11279\"]}]},{\"@type\":\"ImageObject\",\"inLanguage\":\"nn-NO\",\"@id\":\"https:\\\/\\\/lokalmagasinet.no\\\/?p=11279#primaryimage\",\"url\":\"https:\\\/\\\/lokalmagasinet.no\\\/wp-content\\\/uploads\\\/2021\\\/11\\\/journalism2stock200.jpg\",\"contentUrl\":\"https:\\\/\\\/lokalmagasinet.no\\\/wp-content\\\/uploads\\\/2021\\\/11\\\/journalism2stock200.jpg\",\"width\":200,\"height\":165},{\"@type\":\"BreadcrumbList\",\"@id\":\"https:\\\/\\\/lokalmagasinet.no\\\/?p=11279#breadcrumb\",\"itemListElement\":[{\"@type\":\"ListItem\",\"position\":1,\"name\":\"Hjem\",\"item\":\"https:\\\/\\\/lokalmagasinet.no\\\/\"},{\"@type\":\"ListItem\",\"position\":2,\"name\":\"M\u00f8teplass, handleplass, festplass\"}]},{\"@type\":\"WebSite\",\"@id\":\"https:\\\/\\\/lokalmagasinet.no\\\/#website\",\"url\":\"https:\\\/\\\/lokalmagasinet.no\\\/\",\"name\":\"Lokalmagasinet.no\",\"description\":\"Fra fortid og n\u00e5tid. Med st\u00e5sted i det n\u00e6re. Siden 2002.\",\"publisher\":{\"@id\":\"https:\\\/\\\/lokalmagasinet.no\\\/#organization\"},\"potentialAction\":[{\"@type\":\"SearchAction\",\"target\":{\"@type\":\"EntryPoint\",\"urlTemplate\":\"https:\\\/\\\/lokalmagasinet.no\\\/?s={search_term_string}\"},\"query-input\":{\"@type\":\"PropertyValueSpecification\",\"valueRequired\":true,\"valueName\":\"search_term_string\"}}],\"inLanguage\":\"nn-NO\"},{\"@type\":\"Organization\",\"@id\":\"https:\\\/\\\/lokalmagasinet.no\\\/#organization\",\"name\":\"Lokalmagasinet.no\",\"url\":\"https:\\\/\\\/lokalmagasinet.no\\\/\",\"logo\":{\"@type\":\"ImageObject\",\"inLanguage\":\"nn-NO\",\"@id\":\"https:\\\/\\\/lokalmagasinet.no\\\/#\\\/schema\\\/logo\\\/image\\\/\",\"url\":\"https:\\\/\\\/lokalmagasinet.no\\\/wp-content\\\/uploads\\\/2021\\\/03\\\/cropped-cropped-cropped-cropped-cropped-cropped-lmlogo-e1640691300821.jpg\",\"contentUrl\":\"https:\\\/\\\/lokalmagasinet.no\\\/wp-content\\\/uploads\\\/2021\\\/03\\\/cropped-cropped-cropped-cropped-cropped-cropped-lmlogo-e1640691300821.jpg\",\"width\":72,\"height\":118,\"caption\":\"Lokalmagasinet.no\"},\"image\":{\"@id\":\"https:\\\/\\\/lokalmagasinet.no\\\/#\\\/schema\\\/logo\\\/image\\\/\"},\"sameAs\":[\"https:\\\/\\\/www.facebook.com\\\/sveinharald.strand.1\",\"https:\\\/\\\/x.com\\\/LMExtra\"]},{\"@type\":\"Person\",\"@id\":\"https:\\\/\\\/lokalmagasinet.no\\\/#\\\/schema\\\/person\\\/2e8d221708d3aaf6f577275b5bba4310\",\"name\":\"Svein-Harald Strand\",\"image\":{\"@type\":\"ImageObject\",\"inLanguage\":\"nn-NO\",\"@id\":\"https:\\\/\\\/secure.gravatar.com\\\/avatar\\\/c487434bdf6cd7c12e4a88877ae4b12c38d22b7ad64292b49d33ed7503bb7ce1?s=96&d=mm&r=g\",\"url\":\"https:\\\/\\\/secure.gravatar.com\\\/avatar\\\/c487434bdf6cd7c12e4a88877ae4b12c38d22b7ad64292b49d33ed7503bb7ce1?s=96&d=mm&r=g\",\"contentUrl\":\"https:\\\/\\\/secure.gravatar.com\\\/avatar\\\/c487434bdf6cd7c12e4a88877ae4b12c38d22b7ad64292b49d33ed7503bb7ce1?s=96&d=mm&r=g\",\"caption\":\"Svein-Harald Strand\"},\"description\":\"(F. 26.12.1945) Redakt\u00f8r, journalist og informasjonsarbeider siden 1968. ||| I 1963: Redaksjonell praktikant i 8 m\u00e5neder p\u00e5 full tid i Helgeland Arbeiderblad i hjembyen Mosj\u00f8en. ||| Arbeidende pensjonist med hjemmekontor fra 2008 (AFP) og videre som folkepensjonist til n\u00e5.\",\"sameAs\":[\"https:\\\/\\\/lokalmagasinet.no\\\/\",\"https:\\\/\\\/www.facebook.com\\\/sveinharald.strand.1\",\"https:\\\/\\\/x.com\\\/LMExtra\"],\"url\":\"https:\\\/\\\/lokalmagasinet.no\\\/?author=6\"}]}<\/script>\n<!-- \/ Yoast SEO plugin. -->","yoast_head_json":{"title":"M\u00f8teplass, handleplass, festplass | Lokalmagasinet.no","robots":{"index":"index","follow":"follow","max-snippet":"max-snippet:-1","max-image-preview":"max-image-preview:large","max-video-preview":"max-video-preview:-1"},"canonical":"https:\/\/lokalmagasinet.no\/?p=11279","og_locale":"nn_NO","og_type":"article","og_title":"M\u00f8teplass, handleplass, festplass | Lokalmagasinet.no","og_description":"(Fra LM 22.11.12) \u2013 Soon og Omegns Vel st\u00f8tter forslaget til opprusting av Son torg, men \u00f8nsker minst mulig parkering p\u00e5 denne unike plassen i Son. Det framg\u00e5r av en ... Les merM\u00f8teplass, handleplass, festplass","og_url":"https:\/\/lokalmagasinet.no\/?p=11279","og_site_name":"Lokalmagasinet.no","article_publisher":"https:\/\/www.facebook.com\/sveinharald.strand.1","article_author":"https:\/\/www.facebook.com\/sveinharald.strand.1","article_published_time":"2022-07-15T16:17:15+00:00","article_modified_time":"2022-07-15T21:26:33+00:00","og_image":[{"width":200,"height":165,"url":"https:\/\/lokalmagasinet.no\/wp-content\/uploads\/2021\/11\/journalism2stock200.jpg","type":"image\/jpeg"}],"author":"Svein-Harald Strand","twitter_card":"summary_large_image","twitter_creator":"@LMExtra","twitter_site":"@LMExtra","twitter_misc":{"Written by":"Svein-Harald Strand","Est. reading time":"1 minutt"},"schema":{"@context":"https:\/\/schema.org","@graph":[{"@type":"Article","@id":"https:\/\/lokalmagasinet.no\/?p=11279#article","isPartOf":{"@id":"https:\/\/lokalmagasinet.no\/?p=11279"},"author":{"name":"Svein-Harald Strand","@id":"https:\/\/lokalmagasinet.no\/#\/schema\/person\/2e8d221708d3aaf6f577275b5bba4310"},"headline":"M\u00f8teplass, handleplass, festplass","datePublished":"2022-07-15T16:17:15+00:00","dateModified":"2022-07-15T21:26:33+00:00","mainEntityOfPage":{"@id":"https:\/\/lokalmagasinet.no\/?p=11279"},"wordCount":276,"publisher":{"@id":"https:\/\/lokalmagasinet.no\/#organization"},"image":{"@id":"https:\/\/lokalmagasinet.no\/?p=11279#primaryimage"},"thumbnailUrl":"https:\/\/lokalmagasinet.no\/wp-content\/uploads\/2021\/11\/journalism2stock200.jpg","articleSection":["Debatt","Son sentrum"],"inLanguage":"nn-NO"},{"@type":"WebPage","@id":"https:\/\/lokalmagasinet.no\/?p=11279","url":"https:\/\/lokalmagasinet.no\/?p=11279","name":"M\u00f8teplass, handleplass, festplass | Lokalmagasinet.no","isPartOf":{"@id":"https:\/\/lokalmagasinet.no\/#website"},"primaryImageOfPage":{"@id":"https:\/\/lokalmagasinet.no\/?p=11279#primaryimage"},"image":{"@id":"https:\/\/lokalmagasinet.no\/?p=11279#primaryimage"},"thumbnailUrl":"https:\/\/lokalmagasinet.no\/wp-content\/uploads\/2021\/11\/journalism2stock200.jpg","datePublished":"2022-07-15T16:17:15+00:00","dateModified":"2022-07-15T21:26:33+00:00","breadcrumb":{"@id":"https:\/\/lokalmagasinet.no\/?p=11279#breadcrumb"},"inLanguage":"nn-NO","potentialAction":[{"@type":"ReadAction","target":["https:\/\/lokalmagasinet.no\/?p=11279"]}]},{"@type":"ImageObject","inLanguage":"nn-NO","@id":"https:\/\/lokalmagasinet.no\/?p=11279#primaryimage","url":"https:\/\/lokalmagasinet.no\/wp-content\/uploads\/2021\/11\/journalism2stock200.jpg","contentUrl":"https:\/\/lokalmagasinet.no\/wp-content\/uploads\/2021\/11\/journalism2stock200.jpg","width":200,"height":165},{"@type":"BreadcrumbList","@id":"https:\/\/lokalmagasinet.no\/?p=11279#breadcrumb","itemListElement":[{"@type":"ListItem","position":1,"name":"Hjem","item":"https:\/\/lokalmagasinet.no\/"},{"@type":"ListItem","position":2,"name":"M\u00f8teplass, handleplass, festplass"}]},{"@type":"WebSite","@id":"https:\/\/lokalmagasinet.no\/#website","url":"https:\/\/lokalmagasinet.no\/","name":"Lokalmagasinet.no","description":"Fra fortid og n\u00e5tid. Med st\u00e5sted i det n\u00e6re. Siden 2002.","publisher":{"@id":"https:\/\/lokalmagasinet.no\/#organization"},"potentialAction":[{"@type":"SearchAction","target":{"@type":"EntryPoint","urlTemplate":"https:\/\/lokalmagasinet.no\/?s={search_term_string}"},"query-input":{"@type":"PropertyValueSpecification","valueRequired":true,"valueName":"search_term_string"}}],"inLanguage":"nn-NO"},{"@type":"Organization","@id":"https:\/\/lokalmagasinet.no\/#organization","name":"Lokalmagasinet.no","url":"https:\/\/lokalmagasinet.no\/","logo":{"@type":"ImageObject","inLanguage":"nn-NO","@id":"https:\/\/lokalmagasinet.no\/#\/schema\/logo\/image\/","url":"https:\/\/lokalmagasinet.no\/wp-content\/uploads\/2021\/03\/cropped-cropped-cropped-cropped-cropped-cropped-lmlogo-e1640691300821.jpg","contentUrl":"https:\/\/lokalmagasinet.no\/wp-content\/uploads\/2021\/03\/cropped-cropped-cropped-cropped-cropped-cropped-lmlogo-e1640691300821.jpg","width":72,"height":118,"caption":"Lokalmagasinet.no"},"image":{"@id":"https:\/\/lokalmagasinet.no\/#\/schema\/logo\/image\/"},"sameAs":["https:\/\/www.facebook.com\/sveinharald.strand.1","https:\/\/x.com\/LMExtra"]},{"@type":"Person","@id":"https:\/\/lokalmagasinet.no\/#\/schema\/person\/2e8d221708d3aaf6f577275b5bba4310","name":"Svein-Harald Strand","image":{"@type":"ImageObject","inLanguage":"nn-NO","@id":"https:\/\/secure.gravatar.com\/avatar\/c487434bdf6cd7c12e4a88877ae4b12c38d22b7ad64292b49d33ed7503bb7ce1?s=96&d=mm&r=g","url":"https:\/\/secure.gravatar.com\/avatar\/c487434bdf6cd7c12e4a88877ae4b12c38d22b7ad64292b49d33ed7503bb7ce1?s=96&d=mm&r=g","contentUrl":"https:\/\/secure.gravatar.com\/avatar\/c487434bdf6cd7c12e4a88877ae4b12c38d22b7ad64292b49d33ed7503bb7ce1?s=96&d=mm&r=g","caption":"Svein-Harald Strand"},"description":"(F. 26.12.1945) Redakt\u00f8r, journalist og informasjonsarbeider siden 1968. ||| I 1963: Redaksjonell praktikant i 8 m\u00e5neder p\u00e5 full tid i Helgeland Arbeiderblad i hjembyen Mosj\u00f8en. ||| Arbeidende pensjonist med hjemmekontor fra 2008 (AFP) og videre som folkepensjonist til n\u00e5.","sameAs":["https:\/\/lokalmagasinet.no\/","https:\/\/www.facebook.com\/sveinharald.strand.1","https:\/\/x.com\/LMExtra"],"url":"https:\/\/lokalmagasinet.no\/?author=6"}]}},"_links":{"self":[{"href":"https:\/\/lokalmagasinet.no\/index.php?rest_route=\/wp\/v2\/posts\/11279","targetHints":{"allow":["GET"]}}],"collection":[{"href":"https:\/\/lokalmagasinet.no\/index.php?rest_route=\/wp\/v2\/posts"}],"about":[{"href":"https:\/\/lokalmagasinet.no\/index.php?rest_route=\/wp\/v2\/types\/post"}],"author":[{"embeddable":true,"href":"https:\/\/lokalmagasinet.no\/index.php?rest_route=\/wp\/v2\/users\/6"}],"replies":[{"embeddable":true,"href":"https:\/\/lokalmagasinet.no\/index.php?rest_route=%2Fwp%2Fv2%2Fcomments&post=11279"}],"version-history":[{"count":3,"href":"https:\/\/lokalmagasinet.no\/index.php?rest_route=\/wp\/v2\/posts\/11279\/revisions"}],"predecessor-version":[{"id":11285,"href":"https:\/\/lokalmagasinet.no\/index.php?rest_route=\/wp\/v2\/posts\/11279\/revisions\/11285"}],"wp:featuredmedia":[{"embeddable":true,"href":"https:\/\/lokalmagasinet.no\/index.php?rest_route=\/wp\/v2\/media\/6283"}],"wp:attachment":[{"href":"https:\/\/lokalmagasinet.no\/index.php?rest_route=%2Fwp%2Fv2%2Fmedia&parent=11279"}],"wp:term":[{"taxonomy":"category","embeddable":true,"href":"https:\/\/lokalmagasinet.no\/index.php?rest_route=%2Fwp%2Fv2%2Fcategories&post=11279"},{"taxonomy":"post_tag","embeddable":true,"href":"https:\/\/lokalmagasinet.no\/index.php?rest_route=%2Fwp%2Fv2%2Ftags&post=11279"}],"curies":[{"name":"wp","href":"https:\/\/api.w.org\/{rel}","templated":true}]}}