{"id":11304,"date":"2022-07-17T08:48:27","date_gmt":"2022-07-17T06:48:27","guid":{"rendered":"https:\/\/lokalmagasinet.no\/?p=11304"},"modified":"2022-07-20T14:32:42","modified_gmt":"2022-07-20T12:32:42","slug":"sommerlig-rekordpagang-etter-bjerkeved","status":"publish","type":"post","link":"https:\/\/lokalmagasinet.no\/?p=11304","title":{"rendered":"Sommerlig rekordp\u00e5gang etter bjerkeved"},"content":{"rendered":"<div id=\":112\" class=\"Ar Au Ao\">\n<div id=\":yb\" class=\"Am Al editable LW-avf tS-tW tS-tY\" tabindex=\"1\" role=\"textbox\" contenteditable=\"true\" spellcheck=\"false\" aria-label=\"Meldingstekst\" aria-multiline=\"true\">\n<p><img loading=\"lazy\" decoding=\"async\" class=\"size-medium wp-image-712 alignleft\" src=\"https:\/\/lokalmagasinet.no\/wp-content\/uploads\/2021\/02\/stigeydeimobil_400-179x300.jpg\" alt=\"\" width=\"179\" height=\"300\" srcset=\"https:\/\/lokalmagasinet.no\/wp-content\/uploads\/2021\/02\/stigeydeimobil_400-179x300.jpg 179w, https:\/\/lokalmagasinet.no\/wp-content\/uploads\/2021\/02\/stigeydeimobil_400.jpg 476w\" sizes=\"auto, (max-width: 179px) 100vw, 179px\" \/>(Publisert 17.07.22) (Reporter Svein-H. Strand) <strong>Follo Vedservice i Vestby har gjennom 35 \u00e5r aldri hatt st\u00f8rre p\u00e5gang etter bjerkeved som n\u00e5 i juli. Salget har tidligere \u00e5r v\u00e6rt frav\u00e6rende i sommerm\u00e5nedene, forteller innehaver Stig Eyde (bildet) til Lokalmagasinet.no. Han viser til at store mengder bjerkeved som selges i Norge er import ved fra Baltiske land. Fordi disse landene er avhengig av r\u00e5virke fra Russland, har produksjonen mer eller mindre stoppet opp.<\/strong><\/p>\n<p>&#8211; For \u00e5 ta Estland, s\u00e5 har de jo ikke mye skog selv, da landet best\u00e5r av store myromr\u00e5der. I tilegg til dette har noen land allerede innf\u00f8rt forbud mot eksport av ved. Som kjent er jo situasjonen i EU prek\u00e6r grunnet mangel p\u00e5 gass.<\/p>\n<p>Eyde har nettopp kommet hjem fra Ungarn, der bensin- og dieselpriser fremdeles er holdt kunstige lave.<\/p>\n<p><em>(LM Arkivfoto\/Svein-H. Strand)<\/em><\/p>\n<p>&#8211; Men du f\u00e5r bare fylle 40 liter per tanking. Gass og str\u00f8m er subsidiert av regjeringen, slik at vanlige mennesker ikke skal lide. Ungarn innf\u00f8rte forbud mot eksport av fyringsved denne uken. Og flere land vil f\u00f8lge etter, mener Eyde.<\/p>\n<p>&#8211; Her i Norge vil vi f\u00e5 et underskudd p\u00e5 ved, vil jeg anta &#8211; selv om det aldri har v\u00e6rt produsert mer ved enn i \u00e5r. Men s\u00e5 fyrer jo vi mer med ved grunnet en uanstendig h\u00f8y str\u00f8mpris. Jeg s\u00e5 et regnestykke som viste at en sekk bjerkeved har en \u00abstr\u00f8mverdi\u00bb p\u00e5 kr. 256.- grunnet de h\u00f8ye str\u00f8mprisene. Og n\u00e5r vi n\u00e5 ser hvordan myndighetene har inng\u00e5tt avtaler med EU om eksport av str\u00f8m, s\u00e5 blinker varsellampene for en rasjonalisering som er begrunnet i manglende vann i bassengene. Og da blir det jo ikke produsert noe str\u00f8m, oppsummerer den regionale storleverand\u00f8ren.<\/p>\n<p>Follo Vedservice har mottatt bestillinger p\u00e5 store mengder bjerkeved for levering i august.<\/p>\n<p><strong>&#8211; Vi har hugget og laget bjerkeved i store menger fra egen skog som n\u00e5 er t\u00f8rket og klar for levering. V\u00e5re gamle kunder vil bli oppfordret til \u00e5 bestille p\u00e5 v\u00e5r nettside s\u00e5 tidlig som mulig. Jeg er redd for at mangel p\u00e5 t\u00f8rr bjerkeved vil vise seg \u00e5 bli en realitet i vinter, tilf\u00f8yer Stig Eyde.<\/strong><\/p>\n<\/div>\n<\/div>\n<p>Views: 104<\/p>","protected":false},"excerpt":{"rendered":"<p>(Publisert 17.07.22) (Reporter Svein-H. Strand) Follo Vedservice i Vestby har gjennom 35 \u00e5r aldri hatt st\u00f8rre p\u00e5gang etter bjerkeved som n\u00e5 i juli. Salget har tidligere \u00e5r v\u00e6rt frav\u00e6rende i &#8230; <\/p>\n<p class=\"read-more-container\"><a title=\"Sommerlig rekordp\u00e5gang etter bjerkeved\" class=\"read-more button\" href=\"https:\/\/lokalmagasinet.no\/?p=11304#more-11304\">Les mer<span class=\"screen-reader-text\">Sommerlig rekordp\u00e5gang etter bjerkeved<\/span><\/a><\/p>\n","protected":false},"author":6,"featured_media":9635,"comment_status":"closed","ping_status":"open","sticky":false,"template":"","format":"standard","meta":{"footnotes":""},"categories":[1],"tags":[],"class_list":["post-11304","post","type-post","status-publish","format-standard","has-post-thumbnail","hentry","category-aktuelt","resize-featured-image"],"yoast_head":"<!-- This site is optimized with the Yoast SEO plugin v27.4 - https:\/\/yoast.com\/product\/yoast-seo-wordpress\/ -->\n<title>Sommerlig rekordp\u00e5gang etter bjerkeved | Lokalmagasinet.no<\/title>\n<meta name=\"robots\" content=\"index, follow, max-snippet:-1, max-image-preview:large, max-video-preview:-1\" \/>\n<link rel=\"canonical\" href=\"https:\/\/lokalmagasinet.no\/?p=11304\" \/>\n<meta property=\"og:locale\" content=\"nn_NO\" \/>\n<meta property=\"og:type\" content=\"article\" \/>\n<meta property=\"og:title\" content=\"Sommerlig rekordp\u00e5gang etter bjerkeved | Lokalmagasinet.no\" \/>\n<meta property=\"og:description\" content=\"(Publisert 17.07.22) (Reporter Svein-H. Strand) Follo Vedservice i Vestby har gjennom 35 \u00e5r aldri hatt st\u00f8rre p\u00e5gang etter bjerkeved som n\u00e5 i juli. Salget har tidligere \u00e5r v\u00e6rt frav\u00e6rende i ... Les merSommerlig rekordp\u00e5gang etter bjerkeved\" \/>\n<meta property=\"og:url\" content=\"https:\/\/lokalmagasinet.no\/?p=11304\" \/>\n<meta property=\"og:site_name\" content=\"Lokalmagasinet.no\" \/>\n<meta property=\"article:publisher\" content=\"https:\/\/www.facebook.com\/sveinharald.strand.1\" \/>\n<meta property=\"article:author\" content=\"https:\/\/www.facebook.com\/sveinharald.strand.1\" \/>\n<meta property=\"article:published_time\" content=\"2022-07-17T06:48:27+00:00\" \/>\n<meta property=\"article:modified_time\" content=\"2022-07-20T12:32:42+00:00\" \/>\n<meta property=\"og:image\" content=\"https:\/\/lokalmagasinet.no\/wp-content\/uploads\/2021\/03\/cropped-cropped-cropped-lmlogo-e1640691300821.jpg\" \/>\n\t<meta property=\"og:image:width\" content=\"72\" \/>\n\t<meta property=\"og:image:height\" content=\"118\" \/>\n\t<meta property=\"og:image:type\" content=\"image\/jpeg\" \/>\n<meta name=\"author\" content=\"Svein-Harald Strand\" \/>\n<meta name=\"twitter:card\" content=\"summary_large_image\" \/>\n<meta name=\"twitter:creator\" content=\"@LMExtra\" \/>\n<meta name=\"twitter:site\" content=\"@LMExtra\" \/>\n<meta name=\"twitter:label1\" content=\"Written by\" \/>\n\t<meta name=\"twitter:data1\" content=\"Svein-Harald Strand\" \/>\n\t<meta name=\"twitter:label2\" content=\"Est. reading time\" \/>\n\t<meta name=\"twitter:data2\" content=\"2 minutt\" \/>\n<script type=\"application\/ld+json\" class=\"yoast-schema-graph\">{\"@context\":\"https:\\\/\\\/schema.org\",\"@graph\":[{\"@type\":\"Article\",\"@id\":\"https:\\\/\\\/lokalmagasinet.no\\\/?p=11304#article\",\"isPartOf\":{\"@id\":\"https:\\\/\\\/lokalmagasinet.no\\\/?p=11304\"},\"author\":{\"name\":\"Svein-Harald Strand\",\"@id\":\"https:\\\/\\\/lokalmagasinet.no\\\/#\\\/schema\\\/person\\\/2e8d221708d3aaf6f577275b5bba4310\"},\"headline\":\"Sommerlig rekordp\u00e5gang etter bjerkeved\",\"datePublished\":\"2022-07-17T06:48:27+00:00\",\"dateModified\":\"2022-07-20T12:32:42+00:00\",\"mainEntityOfPage\":{\"@id\":\"https:\\\/\\\/lokalmagasinet.no\\\/?p=11304\"},\"wordCount\":381,\"publisher\":{\"@id\":\"https:\\\/\\\/lokalmagasinet.no\\\/#organization\"},\"image\":{\"@id\":\"https:\\\/\\\/lokalmagasinet.no\\\/?p=11304#primaryimage\"},\"thumbnailUrl\":\"https:\\\/\\\/lokalmagasinet.no\\\/wp-content\\\/uploads\\\/2021\\\/03\\\/cropped-cropped-cropped-lmlogo-e1640691300821.jpg\",\"articleSection\":[\"Aktuelt\"],\"inLanguage\":\"nn-NO\"},{\"@type\":\"WebPage\",\"@id\":\"https:\\\/\\\/lokalmagasinet.no\\\/?p=11304\",\"url\":\"https:\\\/\\\/lokalmagasinet.no\\\/?p=11304\",\"name\":\"Sommerlig rekordp\u00e5gang etter bjerkeved | Lokalmagasinet.no\",\"isPartOf\":{\"@id\":\"https:\\\/\\\/lokalmagasinet.no\\\/#website\"},\"primaryImageOfPage\":{\"@id\":\"https:\\\/\\\/lokalmagasinet.no\\\/?p=11304#primaryimage\"},\"image\":{\"@id\":\"https:\\\/\\\/lokalmagasinet.no\\\/?p=11304#primaryimage\"},\"thumbnailUrl\":\"https:\\\/\\\/lokalmagasinet.no\\\/wp-content\\\/uploads\\\/2021\\\/03\\\/cropped-cropped-cropped-lmlogo-e1640691300821.jpg\",\"datePublished\":\"2022-07-17T06:48:27+00:00\",\"dateModified\":\"2022-07-20T12:32:42+00:00\",\"breadcrumb\":{\"@id\":\"https:\\\/\\\/lokalmagasinet.no\\\/?p=11304#breadcrumb\"},\"inLanguage\":\"nn-NO\",\"potentialAction\":[{\"@type\":\"ReadAction\",\"target\":[\"https:\\\/\\\/lokalmagasinet.no\\\/?p=11304\"]}]},{\"@type\":\"ImageObject\",\"inLanguage\":\"nn-NO\",\"@id\":\"https:\\\/\\\/lokalmagasinet.no\\\/?p=11304#primaryimage\",\"url\":\"https:\\\/\\\/lokalmagasinet.no\\\/wp-content\\\/uploads\\\/2021\\\/03\\\/cropped-cropped-cropped-lmlogo-e1640691300821.jpg\",\"contentUrl\":\"https:\\\/\\\/lokalmagasinet.no\\\/wp-content\\\/uploads\\\/2021\\\/03\\\/cropped-cropped-cropped-lmlogo-e1640691300821.jpg\",\"width\":72,\"height\":118},{\"@type\":\"BreadcrumbList\",\"@id\":\"https:\\\/\\\/lokalmagasinet.no\\\/?p=11304#breadcrumb\",\"itemListElement\":[{\"@type\":\"ListItem\",\"position\":1,\"name\":\"Hjem\",\"item\":\"https:\\\/\\\/lokalmagasinet.no\\\/\"},{\"@type\":\"ListItem\",\"position\":2,\"name\":\"Sommerlig rekordp\u00e5gang etter bjerkeved\"}]},{\"@type\":\"WebSite\",\"@id\":\"https:\\\/\\\/lokalmagasinet.no\\\/#website\",\"url\":\"https:\\\/\\\/lokalmagasinet.no\\\/\",\"name\":\"Lokalmagasinet.no\",\"description\":\"Fra fortid og n\u00e5tid. Med st\u00e5sted i det n\u00e6re. Siden 2002.\",\"publisher\":{\"@id\":\"https:\\\/\\\/lokalmagasinet.no\\\/#organization\"},\"potentialAction\":[{\"@type\":\"SearchAction\",\"target\":{\"@type\":\"EntryPoint\",\"urlTemplate\":\"https:\\\/\\\/lokalmagasinet.no\\\/?s={search_term_string}\"},\"query-input\":{\"@type\":\"PropertyValueSpecification\",\"valueRequired\":true,\"valueName\":\"search_term_string\"}}],\"inLanguage\":\"nn-NO\"},{\"@type\":\"Organization\",\"@id\":\"https:\\\/\\\/lokalmagasinet.no\\\/#organization\",\"name\":\"Lokalmagasinet.no\",\"url\":\"https:\\\/\\\/lokalmagasinet.no\\\/\",\"logo\":{\"@type\":\"ImageObject\",\"inLanguage\":\"nn-NO\",\"@id\":\"https:\\\/\\\/lokalmagasinet.no\\\/#\\\/schema\\\/logo\\\/image\\\/\",\"url\":\"https:\\\/\\\/lokalmagasinet.no\\\/wp-content\\\/uploads\\\/2021\\\/03\\\/cropped-cropped-cropped-cropped-cropped-cropped-lmlogo-e1640691300821.jpg\",\"contentUrl\":\"https:\\\/\\\/lokalmagasinet.no\\\/wp-content\\\/uploads\\\/2021\\\/03\\\/cropped-cropped-cropped-cropped-cropped-cropped-lmlogo-e1640691300821.jpg\",\"width\":72,\"height\":118,\"caption\":\"Lokalmagasinet.no\"},\"image\":{\"@id\":\"https:\\\/\\\/lokalmagasinet.no\\\/#\\\/schema\\\/logo\\\/image\\\/\"},\"sameAs\":[\"https:\\\/\\\/www.facebook.com\\\/sveinharald.strand.1\",\"https:\\\/\\\/x.com\\\/LMExtra\"]},{\"@type\":\"Person\",\"@id\":\"https:\\\/\\\/lokalmagasinet.no\\\/#\\\/schema\\\/person\\\/2e8d221708d3aaf6f577275b5bba4310\",\"name\":\"Svein-Harald Strand\",\"image\":{\"@type\":\"ImageObject\",\"inLanguage\":\"nn-NO\",\"@id\":\"https:\\\/\\\/secure.gravatar.com\\\/avatar\\\/c487434bdf6cd7c12e4a88877ae4b12c38d22b7ad64292b49d33ed7503bb7ce1?s=96&d=mm&r=g\",\"url\":\"https:\\\/\\\/secure.gravatar.com\\\/avatar\\\/c487434bdf6cd7c12e4a88877ae4b12c38d22b7ad64292b49d33ed7503bb7ce1?s=96&d=mm&r=g\",\"contentUrl\":\"https:\\\/\\\/secure.gravatar.com\\\/avatar\\\/c487434bdf6cd7c12e4a88877ae4b12c38d22b7ad64292b49d33ed7503bb7ce1?s=96&d=mm&r=g\",\"caption\":\"Svein-Harald Strand\"},\"description\":\"(F. 26.12.1945) Redakt\u00f8r, journalist og informasjonsarbeider siden 1968. ||| I 1963: Redaksjonell praktikant i 8 m\u00e5neder p\u00e5 full tid i Helgeland Arbeiderblad i hjembyen Mosj\u00f8en. ||| Arbeidende pensjonist med hjemmekontor fra 2008 (AFP) og videre som folkepensjonist til n\u00e5.\",\"sameAs\":[\"https:\\\/\\\/lokalmagasinet.no\\\/\",\"https:\\\/\\\/www.facebook.com\\\/sveinharald.strand.1\",\"https:\\\/\\\/x.com\\\/LMExtra\"],\"url\":\"https:\\\/\\\/lokalmagasinet.no\\\/?author=6\"}]}<\/script>\n<!-- \/ Yoast SEO plugin. -->","yoast_head_json":{"title":"Sommerlig rekordp\u00e5gang etter bjerkeved | Lokalmagasinet.no","robots":{"index":"index","follow":"follow","max-snippet":"max-snippet:-1","max-image-preview":"max-image-preview:large","max-video-preview":"max-video-preview:-1"},"canonical":"https:\/\/lokalmagasinet.no\/?p=11304","og_locale":"nn_NO","og_type":"article","og_title":"Sommerlig rekordp\u00e5gang etter bjerkeved | Lokalmagasinet.no","og_description":"(Publisert 17.07.22) (Reporter Svein-H. Strand) Follo Vedservice i Vestby har gjennom 35 \u00e5r aldri hatt st\u00f8rre p\u00e5gang etter bjerkeved som n\u00e5 i juli. Salget har tidligere \u00e5r v\u00e6rt frav\u00e6rende i ... Les merSommerlig rekordp\u00e5gang etter bjerkeved","og_url":"https:\/\/lokalmagasinet.no\/?p=11304","og_site_name":"Lokalmagasinet.no","article_publisher":"https:\/\/www.facebook.com\/sveinharald.strand.1","article_author":"https:\/\/www.facebook.com\/sveinharald.strand.1","article_published_time":"2022-07-17T06:48:27+00:00","article_modified_time":"2022-07-20T12:32:42+00:00","og_image":[{"width":72,"height":118,"url":"https:\/\/lokalmagasinet.no\/wp-content\/uploads\/2021\/03\/cropped-cropped-cropped-lmlogo-e1640691300821.jpg","type":"image\/jpeg"}],"author":"Svein-Harald Strand","twitter_card":"summary_large_image","twitter_creator":"@LMExtra","twitter_site":"@LMExtra","twitter_misc":{"Written by":"Svein-Harald Strand","Est. reading time":"2 minutt"},"schema":{"@context":"https:\/\/schema.org","@graph":[{"@type":"Article","@id":"https:\/\/lokalmagasinet.no\/?p=11304#article","isPartOf":{"@id":"https:\/\/lokalmagasinet.no\/?p=11304"},"author":{"name":"Svein-Harald Strand","@id":"https:\/\/lokalmagasinet.no\/#\/schema\/person\/2e8d221708d3aaf6f577275b5bba4310"},"headline":"Sommerlig rekordp\u00e5gang etter bjerkeved","datePublished":"2022-07-17T06:48:27+00:00","dateModified":"2022-07-20T12:32:42+00:00","mainEntityOfPage":{"@id":"https:\/\/lokalmagasinet.no\/?p=11304"},"wordCount":381,"publisher":{"@id":"https:\/\/lokalmagasinet.no\/#organization"},"image":{"@id":"https:\/\/lokalmagasinet.no\/?p=11304#primaryimage"},"thumbnailUrl":"https:\/\/lokalmagasinet.no\/wp-content\/uploads\/2021\/03\/cropped-cropped-cropped-lmlogo-e1640691300821.jpg","articleSection":["Aktuelt"],"inLanguage":"nn-NO"},{"@type":"WebPage","@id":"https:\/\/lokalmagasinet.no\/?p=11304","url":"https:\/\/lokalmagasinet.no\/?p=11304","name":"Sommerlig rekordp\u00e5gang etter bjerkeved | Lokalmagasinet.no","isPartOf":{"@id":"https:\/\/lokalmagasinet.no\/#website"},"primaryImageOfPage":{"@id":"https:\/\/lokalmagasinet.no\/?p=11304#primaryimage"},"image":{"@id":"https:\/\/lokalmagasinet.no\/?p=11304#primaryimage"},"thumbnailUrl":"https:\/\/lokalmagasinet.no\/wp-content\/uploads\/2021\/03\/cropped-cropped-cropped-lmlogo-e1640691300821.jpg","datePublished":"2022-07-17T06:48:27+00:00","dateModified":"2022-07-20T12:32:42+00:00","breadcrumb":{"@id":"https:\/\/lokalmagasinet.no\/?p=11304#breadcrumb"},"inLanguage":"nn-NO","potentialAction":[{"@type":"ReadAction","target":["https:\/\/lokalmagasinet.no\/?p=11304"]}]},{"@type":"ImageObject","inLanguage":"nn-NO","@id":"https:\/\/lokalmagasinet.no\/?p=11304#primaryimage","url":"https:\/\/lokalmagasinet.no\/wp-content\/uploads\/2021\/03\/cropped-cropped-cropped-lmlogo-e1640691300821.jpg","contentUrl":"https:\/\/lokalmagasinet.no\/wp-content\/uploads\/2021\/03\/cropped-cropped-cropped-lmlogo-e1640691300821.jpg","width":72,"height":118},{"@type":"BreadcrumbList","@id":"https:\/\/lokalmagasinet.no\/?p=11304#breadcrumb","itemListElement":[{"@type":"ListItem","position":1,"name":"Hjem","item":"https:\/\/lokalmagasinet.no\/"},{"@type":"ListItem","position":2,"name":"Sommerlig rekordp\u00e5gang etter bjerkeved"}]},{"@type":"WebSite","@id":"https:\/\/lokalmagasinet.no\/#website","url":"https:\/\/lokalmagasinet.no\/","name":"Lokalmagasinet.no","description":"Fra fortid og n\u00e5tid. Med st\u00e5sted i det n\u00e6re. Siden 2002.","publisher":{"@id":"https:\/\/lokalmagasinet.no\/#organization"},"potentialAction":[{"@type":"SearchAction","target":{"@type":"EntryPoint","urlTemplate":"https:\/\/lokalmagasinet.no\/?s={search_term_string}"},"query-input":{"@type":"PropertyValueSpecification","valueRequired":true,"valueName":"search_term_string"}}],"inLanguage":"nn-NO"},{"@type":"Organization","@id":"https:\/\/lokalmagasinet.no\/#organization","name":"Lokalmagasinet.no","url":"https:\/\/lokalmagasinet.no\/","logo":{"@type":"ImageObject","inLanguage":"nn-NO","@id":"https:\/\/lokalmagasinet.no\/#\/schema\/logo\/image\/","url":"https:\/\/lokalmagasinet.no\/wp-content\/uploads\/2021\/03\/cropped-cropped-cropped-cropped-cropped-cropped-lmlogo-e1640691300821.jpg","contentUrl":"https:\/\/lokalmagasinet.no\/wp-content\/uploads\/2021\/03\/cropped-cropped-cropped-cropped-cropped-cropped-lmlogo-e1640691300821.jpg","width":72,"height":118,"caption":"Lokalmagasinet.no"},"image":{"@id":"https:\/\/lokalmagasinet.no\/#\/schema\/logo\/image\/"},"sameAs":["https:\/\/www.facebook.com\/sveinharald.strand.1","https:\/\/x.com\/LMExtra"]},{"@type":"Person","@id":"https:\/\/lokalmagasinet.no\/#\/schema\/person\/2e8d221708d3aaf6f577275b5bba4310","name":"Svein-Harald Strand","image":{"@type":"ImageObject","inLanguage":"nn-NO","@id":"https:\/\/secure.gravatar.com\/avatar\/c487434bdf6cd7c12e4a88877ae4b12c38d22b7ad64292b49d33ed7503bb7ce1?s=96&d=mm&r=g","url":"https:\/\/secure.gravatar.com\/avatar\/c487434bdf6cd7c12e4a88877ae4b12c38d22b7ad64292b49d33ed7503bb7ce1?s=96&d=mm&r=g","contentUrl":"https:\/\/secure.gravatar.com\/avatar\/c487434bdf6cd7c12e4a88877ae4b12c38d22b7ad64292b49d33ed7503bb7ce1?s=96&d=mm&r=g","caption":"Svein-Harald Strand"},"description":"(F. 26.12.1945) Redakt\u00f8r, journalist og informasjonsarbeider siden 1968. ||| I 1963: Redaksjonell praktikant i 8 m\u00e5neder p\u00e5 full tid i Helgeland Arbeiderblad i hjembyen Mosj\u00f8en. ||| Arbeidende pensjonist med hjemmekontor fra 2008 (AFP) og videre som folkepensjonist til n\u00e5.","sameAs":["https:\/\/lokalmagasinet.no\/","https:\/\/www.facebook.com\/sveinharald.strand.1","https:\/\/x.com\/LMExtra"],"url":"https:\/\/lokalmagasinet.no\/?author=6"}]}},"_links":{"self":[{"href":"https:\/\/lokalmagasinet.no\/index.php?rest_route=\/wp\/v2\/posts\/11304","targetHints":{"allow":["GET"]}}],"collection":[{"href":"https:\/\/lokalmagasinet.no\/index.php?rest_route=\/wp\/v2\/posts"}],"about":[{"href":"https:\/\/lokalmagasinet.no\/index.php?rest_route=\/wp\/v2\/types\/post"}],"author":[{"embeddable":true,"href":"https:\/\/lokalmagasinet.no\/index.php?rest_route=\/wp\/v2\/users\/6"}],"replies":[{"embeddable":true,"href":"https:\/\/lokalmagasinet.no\/index.php?rest_route=%2Fwp%2Fv2%2Fcomments&post=11304"}],"version-history":[{"count":5,"href":"https:\/\/lokalmagasinet.no\/index.php?rest_route=\/wp\/v2\/posts\/11304\/revisions"}],"predecessor-version":[{"id":11379,"href":"https:\/\/lokalmagasinet.no\/index.php?rest_route=\/wp\/v2\/posts\/11304\/revisions\/11379"}],"wp:featuredmedia":[{"embeddable":true,"href":"https:\/\/lokalmagasinet.no\/index.php?rest_route=\/wp\/v2\/media\/9635"}],"wp:attachment":[{"href":"https:\/\/lokalmagasinet.no\/index.php?rest_route=%2Fwp%2Fv2%2Fmedia&parent=11304"}],"wp:term":[{"taxonomy":"category","embeddable":true,"href":"https:\/\/lokalmagasinet.no\/index.php?rest_route=%2Fwp%2Fv2%2Fcategories&post=11304"},{"taxonomy":"post_tag","embeddable":true,"href":"https:\/\/lokalmagasinet.no\/index.php?rest_route=%2Fwp%2Fv2%2Ftags&post=11304"}],"curies":[{"name":"wp","href":"https:\/\/api.w.org\/{rel}","templated":true}]}}