{"id":11383,"date":"2022-07-21T15:59:14","date_gmt":"2022-07-21T13:59:14","guid":{"rendered":"https:\/\/lokalmagasinet.no\/?p=11383"},"modified":"2022-07-21T16:42:37","modified_gmt":"2022-07-21T14:42:37","slug":"hvor-lang-utrykningstid","status":"publish","type":"post","link":"https:\/\/lokalmagasinet.no\/?p=11383","title":{"rendered":"Hvor lang utrykningstid?"},"content":{"rendered":"<p align=\"left\"><span class=\"i_skrift_stor\"><strong>Hvordan er egentlig brannberedskapen i verneomr\u00e5det i Son? Hvor lang er utrykningstiden om natten p\u00e5 glatt vinterf\u00f8re <\/strong><\/span><span class=\"i_skrift_stor\"><strong><span class=\"i_skrift_normal\">\u2013 <\/span>i en uvarslet pr\u00f8ve? <\/strong><\/span><\/p>\n<p align=\"left\"><span class=\"i_skrift_stor\"><span class=\"i_skrift_normal\"><span class=\"i_skrift_mini\">(Fra LM <\/span><\/span>19.01.14.) (Republisert og litt endret 21.07.22.) <\/span><span class=\"i_skrift_stor\">R\u00e5dmannens spesialr\u00e5dgiver Roald Haugberg fors\u00f8kte i sin tid \u00e5 f\u00e5 omklassifisert Son fra &laquo;<em>meget <\/em>brannfarlig omr\u00e5de&raquo; til &laquo;brannfarlig omr\u00e5de&raquo;. Dette for \u00e5 kunne akseptere lengre utrykningstid.<br \/>\n<\/span><\/p>\n<p align=\"left\"><span class=\"i_skrift_stor\">I forbindelse med overgang til Mossedistriktets brann- og redningsetat ble det foretatt en utrykningspr\u00f8ve. Pr\u00f8ven ble gjennomf\u00f8rt p\u00e5 godt sommerf\u00f8re.<br \/>\n<\/span><\/p>\n<p align=\"left\"><strong><span class=\"i_skrift_stor\">Utrykningstiden tilfredsstilte da det som tilsvarer kravet for &laquo;brannfarlig omr\u00e5de&raquo;. Det hele var &laquo;en <\/span><span class=\"i_skrift_stor\">solskinnshistorie&raquo;, som pr\u00f8ven ble kalt av Ivar Gudmundsen, leder i Soon og Omegns Vel. <\/span><\/strong><em><span class=\"i_skrift_stor\">(Mer under bildet.)<\/span><\/em><\/p>\n<p align=\"center\"><span class=\"i_skrift_stor\"><img loading=\"lazy\" decoding=\"async\" src=\"https:\/\/web.archive.org\/web\/20200125005828im_\/http:\/\/www.lokalmagasinet.no\/ipub\/media\/laerdalsoyri2_600.jpg\" alt=\"\" width=\"600\" height=\"450\" align=\"middle\" border=\"1\" \/><\/span><\/p>\n<p align=\"center\"><span class=\"i_skrift_stor\"><em><span class=\"i_skrift_mini\">Foto fr\u00e5 L\u00e6rdals\u00f8yri: lokalhistoriewikipedia.no \/ Elin Olsen<\/span><\/em><br \/>\n<\/span><\/p>\n<p><span class=\"i_skrift_stor\"><strong>Bygningsmilj\u00f8et fr\u00e5 1700- og 1800-talet som blei ramma av den katastrofale brannen i natt inng\u00e5r i verdsarvstaden<em> &laquo;Vestnorsk fjordlandskap&raquo;<\/em>.<\/strong><br \/>\n<\/span><\/p>\n<div align=\"center\">\n<p align=\"center\"><span class=\"i_skrift_stor\"><img loading=\"lazy\" decoding=\"async\" src=\"https:\/\/web.archive.org\/web\/20200125005828im_\/http:\/\/www.lokalmagasinet.no\/ipub\/media\/laerdalsoiri_600.jpg\" alt=\"\" width=\"600\" height=\"368\" align=\"middle\" border=\"1\" \/><\/span><\/p>\n<p><span class=\"i_skrift_stor\"><span class=\"i_skrift_mini\"><em>Foto fr\u00e5 L\u00e6rdals\u00f8yri: lokalhistoriewikipedia.no \/ Elin Olsen<\/em><\/span><\/span><\/p>\n<\/div>\n<p><span class=\"i_skrift_stor\">Verneomr\u00e5det Gamle L\u00e6rdals\u00f8yri hadde 161 bygningar. To av dei er freda. Ei av desse blei totalskadd i brannen, medan tre bevaringsverdige hus gjekk tapt.<\/span><\/p>\n<p><span class=\"i_skrift_stor\">L\u00e6rdals\u00f8yri er tettstad og administrasjonssenter i L\u00e6rdal kommune i Sogn og Fjordane med om lag 1150 innbyggjarar i tettstaden (2012).<\/span><\/p>\n<p><span class=\"i_skrift_stor\">Staden ligg ved botnen av L\u00e6rdalsfjorden, der L\u00e6rdalselva renn ut i fjorden. Han var opphavleg ein marknadsplass for handel mellom fjellbygdene p\u00e5 Austlandet og sj\u00f8bygdene p\u00e5 Vestlandet.<\/span><\/p>\n<p><span class=\"i_skrift_stor\">I 1830- og 1840-\u00e5ra var det planar om \u00e5 gje L\u00e6rdals\u00f8yri status som ladestad, og i 1842 vedtok Regjeringa \u00e5 gje slik status til L\u00e6rdals\u00f8yri, Haugesund og Namsos.<\/span><\/p>\n<p><span class=\"i_skrift_stor\">Men dette vart avvist i Odelstinget. Haugesund og Namsos fekk status som ladestader noko seinare, men L\u00e6rdals\u00f8yri fekk det aldri.<\/span><\/p>\n<p>Kilde: lokalwikipedia.no<\/p>\n<p>Views: 107<\/p>","protected":false},"excerpt":{"rendered":"<p>Hvordan er egentlig brannberedskapen i verneomr\u00e5det i Son? Hvor lang er utrykningstiden om natten p\u00e5 glatt vinterf\u00f8re \u2013 i en uvarslet pr\u00f8ve? (Fra LM 19.01.14.) (Republisert og litt endret 21.07.22.) &#8230; <\/p>\n<p class=\"read-more-container\"><a title=\"Hvor lang utrykningstid?\" class=\"read-more button\" href=\"https:\/\/lokalmagasinet.no\/?p=11383#more-11383\">Les mer<span class=\"screen-reader-text\">Hvor lang utrykningstid?<\/span><\/a><\/p>\n","protected":false},"author":6,"featured_media":6283,"comment_status":"closed","ping_status":"open","sticky":false,"template":"","format":"standard","meta":{"footnotes":""},"categories":[1,45],"tags":[],"class_list":["post-11383","post","type-post","status-publish","format-standard","has-post-thumbnail","hentry","category-aktuelt","category-son-sentrum"],"yoast_head":"<!-- This site is optimized with the Yoast SEO plugin v27.4 - https:\/\/yoast.com\/product\/yoast-seo-wordpress\/ -->\n<title>Hvor lang utrykningstid? | Lokalmagasinet.no<\/title>\n<meta name=\"robots\" content=\"index, follow, max-snippet:-1, max-image-preview:large, max-video-preview:-1\" \/>\n<link rel=\"canonical\" href=\"https:\/\/lokalmagasinet.no\/?p=11383\" \/>\n<meta property=\"og:locale\" content=\"nn_NO\" \/>\n<meta property=\"og:type\" content=\"article\" \/>\n<meta property=\"og:title\" content=\"Hvor lang utrykningstid? | Lokalmagasinet.no\" \/>\n<meta property=\"og:description\" content=\"Hvordan er egentlig brannberedskapen i verneomr\u00e5det i Son? Hvor lang er utrykningstiden om natten p\u00e5 glatt vinterf\u00f8re \u2013 i en uvarslet pr\u00f8ve? (Fra LM 19.01.14.) (Republisert og litt endret 21.07.22.) ... Les merHvor lang utrykningstid?\" \/>\n<meta property=\"og:url\" content=\"https:\/\/lokalmagasinet.no\/?p=11383\" \/>\n<meta property=\"og:site_name\" content=\"Lokalmagasinet.no\" \/>\n<meta property=\"article:publisher\" content=\"https:\/\/www.facebook.com\/sveinharald.strand.1\" \/>\n<meta property=\"article:author\" content=\"https:\/\/www.facebook.com\/sveinharald.strand.1\" \/>\n<meta property=\"article:published_time\" content=\"2022-07-21T13:59:14+00:00\" \/>\n<meta property=\"article:modified_time\" content=\"2022-07-21T14:42:37+00:00\" \/>\n<meta property=\"og:image\" content=\"https:\/\/lokalmagasinet.no\/wp-content\/uploads\/2021\/11\/journalism2stock200.jpg\" \/>\n\t<meta property=\"og:image:width\" content=\"200\" \/>\n\t<meta property=\"og:image:height\" content=\"165\" \/>\n\t<meta property=\"og:image:type\" content=\"image\/jpeg\" \/>\n<meta name=\"author\" content=\"Svein-Harald Strand\" \/>\n<meta name=\"twitter:card\" content=\"summary_large_image\" \/>\n<meta name=\"twitter:creator\" content=\"@LMExtra\" \/>\n<meta name=\"twitter:site\" content=\"@LMExtra\" \/>\n<meta name=\"twitter:label1\" content=\"Written by\" \/>\n\t<meta name=\"twitter:data1\" content=\"Svein-Harald Strand\" \/>\n\t<meta name=\"twitter:label2\" content=\"Est. reading time\" \/>\n\t<meta name=\"twitter:data2\" content=\"1 minutt\" \/>\n<script type=\"application\/ld+json\" class=\"yoast-schema-graph\">{\"@context\":\"https:\\\/\\\/schema.org\",\"@graph\":[{\"@type\":\"Article\",\"@id\":\"https:\\\/\\\/lokalmagasinet.no\\\/?p=11383#article\",\"isPartOf\":{\"@id\":\"https:\\\/\\\/lokalmagasinet.no\\\/?p=11383\"},\"author\":{\"name\":\"Svein-Harald Strand\",\"@id\":\"https:\\\/\\\/lokalmagasinet.no\\\/#\\\/schema\\\/person\\\/2e8d221708d3aaf6f577275b5bba4310\"},\"headline\":\"Hvor lang utrykningstid?\",\"datePublished\":\"2022-07-21T13:59:14+00:00\",\"dateModified\":\"2022-07-21T14:42:37+00:00\",\"mainEntityOfPage\":{\"@id\":\"https:\\\/\\\/lokalmagasinet.no\\\/?p=11383\"},\"wordCount\":290,\"publisher\":{\"@id\":\"https:\\\/\\\/lokalmagasinet.no\\\/#organization\"},\"image\":{\"@id\":\"https:\\\/\\\/lokalmagasinet.no\\\/?p=11383#primaryimage\"},\"thumbnailUrl\":\"https:\\\/\\\/lokalmagasinet.no\\\/wp-content\\\/uploads\\\/2021\\\/11\\\/journalism2stock200.jpg\",\"articleSection\":[\"Aktuelt\",\"Son sentrum\"],\"inLanguage\":\"nn-NO\"},{\"@type\":\"WebPage\",\"@id\":\"https:\\\/\\\/lokalmagasinet.no\\\/?p=11383\",\"url\":\"https:\\\/\\\/lokalmagasinet.no\\\/?p=11383\",\"name\":\"Hvor lang utrykningstid? | Lokalmagasinet.no\",\"isPartOf\":{\"@id\":\"https:\\\/\\\/lokalmagasinet.no\\\/#website\"},\"primaryImageOfPage\":{\"@id\":\"https:\\\/\\\/lokalmagasinet.no\\\/?p=11383#primaryimage\"},\"image\":{\"@id\":\"https:\\\/\\\/lokalmagasinet.no\\\/?p=11383#primaryimage\"},\"thumbnailUrl\":\"https:\\\/\\\/lokalmagasinet.no\\\/wp-content\\\/uploads\\\/2021\\\/11\\\/journalism2stock200.jpg\",\"datePublished\":\"2022-07-21T13:59:14+00:00\",\"dateModified\":\"2022-07-21T14:42:37+00:00\",\"breadcrumb\":{\"@id\":\"https:\\\/\\\/lokalmagasinet.no\\\/?p=11383#breadcrumb\"},\"inLanguage\":\"nn-NO\",\"potentialAction\":[{\"@type\":\"ReadAction\",\"target\":[\"https:\\\/\\\/lokalmagasinet.no\\\/?p=11383\"]}]},{\"@type\":\"ImageObject\",\"inLanguage\":\"nn-NO\",\"@id\":\"https:\\\/\\\/lokalmagasinet.no\\\/?p=11383#primaryimage\",\"url\":\"https:\\\/\\\/lokalmagasinet.no\\\/wp-content\\\/uploads\\\/2021\\\/11\\\/journalism2stock200.jpg\",\"contentUrl\":\"https:\\\/\\\/lokalmagasinet.no\\\/wp-content\\\/uploads\\\/2021\\\/11\\\/journalism2stock200.jpg\",\"width\":200,\"height\":165},{\"@type\":\"BreadcrumbList\",\"@id\":\"https:\\\/\\\/lokalmagasinet.no\\\/?p=11383#breadcrumb\",\"itemListElement\":[{\"@type\":\"ListItem\",\"position\":1,\"name\":\"Hjem\",\"item\":\"https:\\\/\\\/lokalmagasinet.no\\\/\"},{\"@type\":\"ListItem\",\"position\":2,\"name\":\"Hvor lang utrykningstid?\"}]},{\"@type\":\"WebSite\",\"@id\":\"https:\\\/\\\/lokalmagasinet.no\\\/#website\",\"url\":\"https:\\\/\\\/lokalmagasinet.no\\\/\",\"name\":\"Lokalmagasinet.no\",\"description\":\"Fra fortid og n\u00e5tid. Med st\u00e5sted i det n\u00e6re. Siden 2002.\",\"publisher\":{\"@id\":\"https:\\\/\\\/lokalmagasinet.no\\\/#organization\"},\"potentialAction\":[{\"@type\":\"SearchAction\",\"target\":{\"@type\":\"EntryPoint\",\"urlTemplate\":\"https:\\\/\\\/lokalmagasinet.no\\\/?s={search_term_string}\"},\"query-input\":{\"@type\":\"PropertyValueSpecification\",\"valueRequired\":true,\"valueName\":\"search_term_string\"}}],\"inLanguage\":\"nn-NO\"},{\"@type\":\"Organization\",\"@id\":\"https:\\\/\\\/lokalmagasinet.no\\\/#organization\",\"name\":\"Lokalmagasinet.no\",\"url\":\"https:\\\/\\\/lokalmagasinet.no\\\/\",\"logo\":{\"@type\":\"ImageObject\",\"inLanguage\":\"nn-NO\",\"@id\":\"https:\\\/\\\/lokalmagasinet.no\\\/#\\\/schema\\\/logo\\\/image\\\/\",\"url\":\"https:\\\/\\\/lokalmagasinet.no\\\/wp-content\\\/uploads\\\/2021\\\/03\\\/cropped-cropped-cropped-cropped-cropped-cropped-lmlogo-e1640691300821.jpg\",\"contentUrl\":\"https:\\\/\\\/lokalmagasinet.no\\\/wp-content\\\/uploads\\\/2021\\\/03\\\/cropped-cropped-cropped-cropped-cropped-cropped-lmlogo-e1640691300821.jpg\",\"width\":72,\"height\":118,\"caption\":\"Lokalmagasinet.no\"},\"image\":{\"@id\":\"https:\\\/\\\/lokalmagasinet.no\\\/#\\\/schema\\\/logo\\\/image\\\/\"},\"sameAs\":[\"https:\\\/\\\/www.facebook.com\\\/sveinharald.strand.1\",\"https:\\\/\\\/x.com\\\/LMExtra\"]},{\"@type\":\"Person\",\"@id\":\"https:\\\/\\\/lokalmagasinet.no\\\/#\\\/schema\\\/person\\\/2e8d221708d3aaf6f577275b5bba4310\",\"name\":\"Svein-Harald Strand\",\"image\":{\"@type\":\"ImageObject\",\"inLanguage\":\"nn-NO\",\"@id\":\"https:\\\/\\\/secure.gravatar.com\\\/avatar\\\/c487434bdf6cd7c12e4a88877ae4b12c38d22b7ad64292b49d33ed7503bb7ce1?s=96&d=mm&r=g\",\"url\":\"https:\\\/\\\/secure.gravatar.com\\\/avatar\\\/c487434bdf6cd7c12e4a88877ae4b12c38d22b7ad64292b49d33ed7503bb7ce1?s=96&d=mm&r=g\",\"contentUrl\":\"https:\\\/\\\/secure.gravatar.com\\\/avatar\\\/c487434bdf6cd7c12e4a88877ae4b12c38d22b7ad64292b49d33ed7503bb7ce1?s=96&d=mm&r=g\",\"caption\":\"Svein-Harald Strand\"},\"description\":\"(F. 26.12.1945) Redakt\u00f8r, journalist og informasjonsarbeider siden 1968. ||| I 1963: Redaksjonell praktikant i 8 m\u00e5neder p\u00e5 full tid i Helgeland Arbeiderblad i hjembyen Mosj\u00f8en. ||| Arbeidende pensjonist med hjemmekontor fra 2008 (AFP) og videre som folkepensjonist til n\u00e5.\",\"sameAs\":[\"https:\\\/\\\/lokalmagasinet.no\\\/\",\"https:\\\/\\\/www.facebook.com\\\/sveinharald.strand.1\",\"https:\\\/\\\/x.com\\\/LMExtra\"],\"url\":\"https:\\\/\\\/lokalmagasinet.no\\\/?author=6\"}]}<\/script>\n<!-- \/ Yoast SEO plugin. -->","yoast_head_json":{"title":"Hvor lang utrykningstid? | Lokalmagasinet.no","robots":{"index":"index","follow":"follow","max-snippet":"max-snippet:-1","max-image-preview":"max-image-preview:large","max-video-preview":"max-video-preview:-1"},"canonical":"https:\/\/lokalmagasinet.no\/?p=11383","og_locale":"nn_NO","og_type":"article","og_title":"Hvor lang utrykningstid? | Lokalmagasinet.no","og_description":"Hvordan er egentlig brannberedskapen i verneomr\u00e5det i Son? Hvor lang er utrykningstiden om natten p\u00e5 glatt vinterf\u00f8re \u2013 i en uvarslet pr\u00f8ve? (Fra LM 19.01.14.) (Republisert og litt endret 21.07.22.) ... Les merHvor lang utrykningstid?","og_url":"https:\/\/lokalmagasinet.no\/?p=11383","og_site_name":"Lokalmagasinet.no","article_publisher":"https:\/\/www.facebook.com\/sveinharald.strand.1","article_author":"https:\/\/www.facebook.com\/sveinharald.strand.1","article_published_time":"2022-07-21T13:59:14+00:00","article_modified_time":"2022-07-21T14:42:37+00:00","og_image":[{"width":200,"height":165,"url":"https:\/\/lokalmagasinet.no\/wp-content\/uploads\/2021\/11\/journalism2stock200.jpg","type":"image\/jpeg"}],"author":"Svein-Harald Strand","twitter_card":"summary_large_image","twitter_creator":"@LMExtra","twitter_site":"@LMExtra","twitter_misc":{"Written by":"Svein-Harald Strand","Est. reading time":"1 minutt"},"schema":{"@context":"https:\/\/schema.org","@graph":[{"@type":"Article","@id":"https:\/\/lokalmagasinet.no\/?p=11383#article","isPartOf":{"@id":"https:\/\/lokalmagasinet.no\/?p=11383"},"author":{"name":"Svein-Harald Strand","@id":"https:\/\/lokalmagasinet.no\/#\/schema\/person\/2e8d221708d3aaf6f577275b5bba4310"},"headline":"Hvor lang utrykningstid?","datePublished":"2022-07-21T13:59:14+00:00","dateModified":"2022-07-21T14:42:37+00:00","mainEntityOfPage":{"@id":"https:\/\/lokalmagasinet.no\/?p=11383"},"wordCount":290,"publisher":{"@id":"https:\/\/lokalmagasinet.no\/#organization"},"image":{"@id":"https:\/\/lokalmagasinet.no\/?p=11383#primaryimage"},"thumbnailUrl":"https:\/\/lokalmagasinet.no\/wp-content\/uploads\/2021\/11\/journalism2stock200.jpg","articleSection":["Aktuelt","Son sentrum"],"inLanguage":"nn-NO"},{"@type":"WebPage","@id":"https:\/\/lokalmagasinet.no\/?p=11383","url":"https:\/\/lokalmagasinet.no\/?p=11383","name":"Hvor lang utrykningstid? | Lokalmagasinet.no","isPartOf":{"@id":"https:\/\/lokalmagasinet.no\/#website"},"primaryImageOfPage":{"@id":"https:\/\/lokalmagasinet.no\/?p=11383#primaryimage"},"image":{"@id":"https:\/\/lokalmagasinet.no\/?p=11383#primaryimage"},"thumbnailUrl":"https:\/\/lokalmagasinet.no\/wp-content\/uploads\/2021\/11\/journalism2stock200.jpg","datePublished":"2022-07-21T13:59:14+00:00","dateModified":"2022-07-21T14:42:37+00:00","breadcrumb":{"@id":"https:\/\/lokalmagasinet.no\/?p=11383#breadcrumb"},"inLanguage":"nn-NO","potentialAction":[{"@type":"ReadAction","target":["https:\/\/lokalmagasinet.no\/?p=11383"]}]},{"@type":"ImageObject","inLanguage":"nn-NO","@id":"https:\/\/lokalmagasinet.no\/?p=11383#primaryimage","url":"https:\/\/lokalmagasinet.no\/wp-content\/uploads\/2021\/11\/journalism2stock200.jpg","contentUrl":"https:\/\/lokalmagasinet.no\/wp-content\/uploads\/2021\/11\/journalism2stock200.jpg","width":200,"height":165},{"@type":"BreadcrumbList","@id":"https:\/\/lokalmagasinet.no\/?p=11383#breadcrumb","itemListElement":[{"@type":"ListItem","position":1,"name":"Hjem","item":"https:\/\/lokalmagasinet.no\/"},{"@type":"ListItem","position":2,"name":"Hvor lang utrykningstid?"}]},{"@type":"WebSite","@id":"https:\/\/lokalmagasinet.no\/#website","url":"https:\/\/lokalmagasinet.no\/","name":"Lokalmagasinet.no","description":"Fra fortid og n\u00e5tid. Med st\u00e5sted i det n\u00e6re. Siden 2002.","publisher":{"@id":"https:\/\/lokalmagasinet.no\/#organization"},"potentialAction":[{"@type":"SearchAction","target":{"@type":"EntryPoint","urlTemplate":"https:\/\/lokalmagasinet.no\/?s={search_term_string}"},"query-input":{"@type":"PropertyValueSpecification","valueRequired":true,"valueName":"search_term_string"}}],"inLanguage":"nn-NO"},{"@type":"Organization","@id":"https:\/\/lokalmagasinet.no\/#organization","name":"Lokalmagasinet.no","url":"https:\/\/lokalmagasinet.no\/","logo":{"@type":"ImageObject","inLanguage":"nn-NO","@id":"https:\/\/lokalmagasinet.no\/#\/schema\/logo\/image\/","url":"https:\/\/lokalmagasinet.no\/wp-content\/uploads\/2021\/03\/cropped-cropped-cropped-cropped-cropped-cropped-lmlogo-e1640691300821.jpg","contentUrl":"https:\/\/lokalmagasinet.no\/wp-content\/uploads\/2021\/03\/cropped-cropped-cropped-cropped-cropped-cropped-lmlogo-e1640691300821.jpg","width":72,"height":118,"caption":"Lokalmagasinet.no"},"image":{"@id":"https:\/\/lokalmagasinet.no\/#\/schema\/logo\/image\/"},"sameAs":["https:\/\/www.facebook.com\/sveinharald.strand.1","https:\/\/x.com\/LMExtra"]},{"@type":"Person","@id":"https:\/\/lokalmagasinet.no\/#\/schema\/person\/2e8d221708d3aaf6f577275b5bba4310","name":"Svein-Harald Strand","image":{"@type":"ImageObject","inLanguage":"nn-NO","@id":"https:\/\/secure.gravatar.com\/avatar\/c487434bdf6cd7c12e4a88877ae4b12c38d22b7ad64292b49d33ed7503bb7ce1?s=96&d=mm&r=g","url":"https:\/\/secure.gravatar.com\/avatar\/c487434bdf6cd7c12e4a88877ae4b12c38d22b7ad64292b49d33ed7503bb7ce1?s=96&d=mm&r=g","contentUrl":"https:\/\/secure.gravatar.com\/avatar\/c487434bdf6cd7c12e4a88877ae4b12c38d22b7ad64292b49d33ed7503bb7ce1?s=96&d=mm&r=g","caption":"Svein-Harald Strand"},"description":"(F. 26.12.1945) Redakt\u00f8r, journalist og informasjonsarbeider siden 1968. ||| I 1963: Redaksjonell praktikant i 8 m\u00e5neder p\u00e5 full tid i Helgeland Arbeiderblad i hjembyen Mosj\u00f8en. ||| Arbeidende pensjonist med hjemmekontor fra 2008 (AFP) og videre som folkepensjonist til n\u00e5.","sameAs":["https:\/\/lokalmagasinet.no\/","https:\/\/www.facebook.com\/sveinharald.strand.1","https:\/\/x.com\/LMExtra"],"url":"https:\/\/lokalmagasinet.no\/?author=6"}]}},"_links":{"self":[{"href":"https:\/\/lokalmagasinet.no\/index.php?rest_route=\/wp\/v2\/posts\/11383","targetHints":{"allow":["GET"]}}],"collection":[{"href":"https:\/\/lokalmagasinet.no\/index.php?rest_route=\/wp\/v2\/posts"}],"about":[{"href":"https:\/\/lokalmagasinet.no\/index.php?rest_route=\/wp\/v2\/types\/post"}],"author":[{"embeddable":true,"href":"https:\/\/lokalmagasinet.no\/index.php?rest_route=\/wp\/v2\/users\/6"}],"replies":[{"embeddable":true,"href":"https:\/\/lokalmagasinet.no\/index.php?rest_route=%2Fwp%2Fv2%2Fcomments&post=11383"}],"version-history":[{"count":6,"href":"https:\/\/lokalmagasinet.no\/index.php?rest_route=\/wp\/v2\/posts\/11383\/revisions"}],"predecessor-version":[{"id":11390,"href":"https:\/\/lokalmagasinet.no\/index.php?rest_route=\/wp\/v2\/posts\/11383\/revisions\/11390"}],"wp:featuredmedia":[{"embeddable":true,"href":"https:\/\/lokalmagasinet.no\/index.php?rest_route=\/wp\/v2\/media\/6283"}],"wp:attachment":[{"href":"https:\/\/lokalmagasinet.no\/index.php?rest_route=%2Fwp%2Fv2%2Fmedia&parent=11383"}],"wp:term":[{"taxonomy":"category","embeddable":true,"href":"https:\/\/lokalmagasinet.no\/index.php?rest_route=%2Fwp%2Fv2%2Fcategories&post=11383"},{"taxonomy":"post_tag","embeddable":true,"href":"https:\/\/lokalmagasinet.no\/index.php?rest_route=%2Fwp%2Fv2%2Ftags&post=11383"}],"curies":[{"name":"wp","href":"https:\/\/api.w.org\/{rel}","templated":true}]}}