{"id":11603,"date":"2022-07-29T22:08:24","date_gmt":"2022-07-29T20:08:24","guid":{"rendered":"https:\/\/lokalmagasinet.no\/?p=11603"},"modified":"2024-02-03T02:44:55","modified_gmt":"2024-02-03T01:44:55","slug":"da-norge-kom-til-et-veiskille","status":"publish","type":"post","link":"https:\/\/lokalmagasinet.no\/?p=11603","title":{"rendered":"Da Norge kom til et veiskille"},"content":{"rendered":"<figure id=\"attachment_11617\" aria-describedby=\"caption-attachment-11617\" style=\"width: 201px\" class=\"wp-caption aligncenter\"><img loading=\"lazy\" decoding=\"async\" class=\"size-medium wp-image-11617\" src=\"https:\/\/lokalmagasinet.no\/wp-content\/uploads\/2022\/07\/Olav-Den-Hellige-pa-Lilletorget-i-Sarpsborg-201x300.jpg\" alt=\"\" width=\"201\" height=\"300\" srcset=\"https:\/\/lokalmagasinet.no\/wp-content\/uploads\/2022\/07\/Olav-Den-Hellige-pa-Lilletorget-i-Sarpsborg-201x300.jpg 201w, https:\/\/lokalmagasinet.no\/wp-content\/uploads\/2022\/07\/Olav-Den-Hellige-pa-Lilletorget-i-Sarpsborg-100x150.jpg 100w, https:\/\/lokalmagasinet.no\/wp-content\/uploads\/2022\/07\/Olav-Den-Hellige-pa-Lilletorget-i-Sarpsborg.jpg 482w\" sizes=\"auto, (max-width: 201px) 100vw, 201px\" \/><figcaption id=\"caption-attachment-11617\" class=\"wp-caption-text\">Olav Den Hellige p\u00e5 Lilletorget i Sarpsborg<\/figcaption><\/figure>\n<h4 style=\"text-align: center;\">FORANDRINGER<\/h4>\n<p style=\"text-align: center;\"><strong><em>K\u00e5seri av Sidsel Grue. Fremf\u00f8rt f\u00f8rste gang i 2008, p\u00e5 Son kystkultursenter.<\/em><\/strong><\/p>\n<p>Jeg har h\u00f8rt det er blitt sagt, at om vi ikke hadde hatt 400 \u00e5r med danskestyre, som endte med Grunnloven 17. mai 1814, s\u00e5 kan det hende at 29. juli hadde v\u00e6rt v\u00e5r nasjonaldag.<\/p>\n<p>Selv om den n\u00e5 ikke er det, s\u00e5 er 29. juli offisiell flaggdag \u2013 og det sier noe om at dette er en viktig dag i Norges historie.<\/p>\n<p>Olsok er den dagen vi minnes slaget p\u00e5 Stiklestad 29. juli 1030, hvor kong Olav Haraldson ble drept. Det slaget f\u00f8rte til mange forandringer. Det var en dag hvor Norge kom til et veiskille, og landet tok en annen retning etter den dagen.<\/p>\n<p>Det var den dagen som forandret Olav Haraldson fra viking og konge, til \u00e5 bli Hellige Olav. Det blir mer om dette etter hvert, men f\u00f8rst noe om andre forandringer.<\/p>\n<p>Er det noe som er sikkert her i livet, s\u00e5 er det at forandringer skjer, enten vi vil eller ei. Noen forandringer velger vi selv, andre f\u00e5r vi bare servert \u2013 enten vi liker smaken av dem eller ei. Som den pessimist jeg er, pleier jeg \u00e5 si at s\u00e5 \u00e5 si alle forandringer er til det verre. Men heldigvis har jeg ikke alltid rett i den p\u00e5standen.<\/p>\n<p>Noe som garantert stadig forandrer seg i Norge, er V\u00c6RET. \u00abAlle snakker om det, men ingen gj\u00f8r noe med det.\u00bb Men s\u00e5 har vi i hvert fall noe \u00e5 snakke sammen om! Og optimisten sier: \u00abEtter regn, kommer sol!\u00bb Pessimisten sier: \u00abEtter sol kommer det regn!\u00bb<\/p>\n<p>Jeg leste en gang en liten betraktning skrevet av \u00d8yvind Hartberg. Han \u00f8nsket seg en dag UTEN V\u00c6R \u2013 for da kunne vi kanskje snakke med hverandre om noe annet? Noen dypereliggende tanker og meninger, kanskje? Kanskje til og med om Gud?<\/p>\n<p>Slaget p\u00e5 Stiklestad f\u00f8rte etter hvert til positive forandringer, men selve kampen var jo en blodig og grusom aff\u00e6re. Men av og til m\u00e5 det v\u00e6re lov til \u00e5 lage noe litt muntert ut av alvor, n\u00e5r man har f\u00e5tt det litt p\u00e5 avstand \u2013 s\u00e5nn omtrent 1000 \u00e5r!<\/p>\n<p>Og litt muntert ble det da forfatter og tegner Kjell Aukrust og hans \u00abBror min\u00bb tok for seg det som skjedde p\u00e5 Stiklestad. De hadde l\u00e5nt Snorres kongesagaer p\u00e5 biblioteket, og leste med stor interesse om slaget.<\/p>\n<p>Siden \u00abBror min\u00bb allerede den gangen var interessert i statistikk, s\u00e5 regnet han ut at krigerne p\u00e5 Stiklestad m\u00e5tte ha v\u00e6rt sv\u00e6rt lave. Han tok utgangspunkt i norske rekrutters h\u00f8yde desiste 100 \u00e5r. Rekruttene er blitt h\u00f8yere. S\u00e5 regnet \u00abBror min\u00bb seg bakover, og fant ut at de som sloss p\u00e5 Stiklestad ikke kunne ha v\u00e6rt h\u00f8yere enn maks 47 cm.<\/p>\n<p>Og dette f\u00f8rte til at Kjell Aukrust gjorde f\u00f8lgende:<\/p>\n<p>\u00abJeg trakk dorullen fra badet gjennom gangen og inn p\u00e5 barnev\u00e6relset. P\u00e5 rullen tegnet jeg slaget p\u00e5 Stiklestad, Tore Hund, H\u00e5rek fra Tj\u00f8tta og Bondeh\u00e6ren. Bondeh\u00e6ren ble diger og uovervinnelig. Den vokste og vokste i metervis bortetter. Ingen kunne st\u00e5 seg mot en slik mengde. Bondeh\u00e6ren kunne bare av den som stengte seg inn og tok litt t\u00e5\u2019 rullen.<\/p>\n<p>Hvis norske soldater har vokst s\u00e5 mye opp gjennom \u00e5rene, da kan man virkelig snakke om forandring! Dessverre er ikke menneskenes krigslyst redusert tilsvarende.<\/p>\n<p>Denne historien fikk meg til \u00e5 tenke p\u00e5 et dikt av ROLF JACOBSEN \u00abOm \u00e5 vokse nedover\u00bb. Rolf Jacobsen skrev mye om hvordan maskiner, urbanisering, invadering av naturen o.l., skaper store forandringer i menneskenes liv. Og diktet handler om noe av det.<\/p>\n<p>OM \u00c5 VOKSE NEDOVER<br \/>\n<em>Jo st\u00f8rre byene blir<\/em><br \/>\n<em>jo mindre blir menneskene.<\/em><br \/>\n<em>Jo h\u00f8yere husene stikker mot skyene<\/em><br \/>\n<em>jo lavere blir de som m\u00e5 bo der.<\/em><br \/>\n<em>I New York er du bare 10 cm.<\/em><br \/>\n<em>I London og Singapore kanskje en engelsk fot.<\/em><br \/>\n<em>Og byene vokser og vokser<\/em><br \/>\n<em>og livet ditt blir mindre og mindre verdt.<\/em><br \/>\n<em>Snart er vi h\u00f8ye som gresstuster bare,<\/em><br \/>\n<em>og kan tas med en plenklipper<\/em><br \/>\n<em>tidlig en s\u00f8ndag formiddag.<\/em><br \/>\n<em>Eller hva tror du?<\/em><\/p>\n<p>* Noen kjemper FOR forandringer. Noen kjemper I MOT.<\/p>\n<p>* Mange ganger settes det likhetstegn mellom forandring og fremskritt &#8211; fremskritt blir fremstilt som et gode. Men fremskritt er noen ganger tilbakeskritt &#8211; eller rent forfall.<\/p>\n<p>Jeg skrev et lite dikt for noen \u00e5r siden, som jeg synes passer her:<\/p>\n<p><em>Alt nytt er ikke flott.<\/em><br \/>\n<em>Alt gammelt er ikke godt.<\/em><br \/>\n<em>Men la oss f\u00e5 ha noe i fred.<\/em><br \/>\n<em>La noe st\u00e5 p\u00e5 samme sted.<\/em><br \/>\n<em>Mellom fortid og fremtid<\/em><br \/>\n<em>det trengs en bro.<\/em><br \/>\n<em>Vi trenger noen r\u00f8tter<\/em><br \/>\n<em>skal livet v\u00e5rt kunne gro<\/em>.<br \/>\nSidsel Grue 2002<\/p>\n<p>* Og n\u00e5 skal vi begi oss ut p\u00e5 broen som f\u00f8rer til fortiden, til v\u00e5re historiske r\u00f8tter. Men jeg er ikke historiker. Jeg har intet eksamensbevis p\u00e5 at jeg har snust \u2013 og nyst \u2013 meg gjennom gamle papirer i haugevis. Ikke har jeg en tidsmaskin i bakg\u00e5rden heller.<\/p>\n<p>De begrensede kunnskapene jeg har om \u00e5r 1030 og der omkring, har jeg fra folk som har gravd seg gjennom gamle papirer.<\/p>\n<p>Lars Roar Langslet har skrevet en bok som rett og slett heter \u00abOlav den hellige\u00bb. Der skriver han blant annet:<\/p>\n<p><em>\u00abMange nordmenn henger enn\u00e5 ved en seiglivet karikatur av v\u00e5re forfedre for 1000 \u00e5r siden <\/em><em>som noen slags lavpannede skautroll, stormende frem fra sine t\u00f8mmerkoier med \u00f8kser og <\/em><em>spyd. Vi innbys til \u00e5 tro at de l\u00e5 langt under v\u00e5rt niv\u00e5 for tankeevne og sivilisert adferd.<\/em><\/p>\n<p><em>Ogs\u00e5 konger og h\u00f8vdinger fra den tiden blir ofte fremstilt i historiske tabl\u00e5er som lett <\/em><em>oppstasede vesener av samme primitive rase, uten mer avanserte tanker i hodet enn makt <\/em><em>og erobring, pluss litt kristendom som ferniss.<\/em><\/p>\n<p><em>Forskerne har for lengst gjennomhullet denne myten om vikingtiden som en primitiv fase i <\/em><em>kulturutviklingen. Folk tenkte nok annerledes om mangt, hadde andre livshorisonter, men de <\/em><em>var hverken dummere eller mer \u00abprimitive\u00bb enn vi er, og i skaperevne og virketrang, stod <\/em><em>de ikke tilbake for noen.\u00bb<\/em><\/p>\n<p>* Det er noe med dette at vi er BARN AV V\u00c5R TID. Vi lever ut fra de forutsetningene vi har, ut fra den kunnskapen vi har tilgang p\u00e5. Men s\u00e5 er det noen som finner p\u00e5 noe nytt, oppdager noe nytt, tar sjansen p\u00e5 \u00e5 pr\u00f8ve noe nytt &#8211; og s\u00e5 f\u00e5r vi FORANDRINGER.<\/p>\n<p>* Olav Haraldson var et barn av sin tid, men ogs\u00e5 en som gikk nye veier. Han var viking. P\u00e5 sine ferder l\u00e6rte han om kristendommen og ble d\u00f8pt. Han ble konge av Norge. Han \u00f8nsket at folket hans skulle tro p\u00e5 Kristus. \u00c5 ha kongemakt gjorde det mulig \u00e5 p\u00e5virke mennesker.<\/p>\n<p>Ja, makt gir muligheter \u2013 ikke bare til \u00e5 gj\u00f8re noe negativt.<\/p>\n<p>* Olav Haraldson ble kalt LYKKEMANNEN. Sv\u00e6rt mye gikk bra for ham. Men p\u00e5 Stiklestad var det slutt p\u00e5 hell og lykke. Han ble drept av dem som ikke \u00f8nsket en sterk konge. Mye bedre med en passiv konge p\u00e5 tronen \u2013 s\u00e5 kunne disse stormennene i stor grad holde p\u00e5 med sitt, og ut\u00f8ve den makten de mente var n\u00f8dvendig for \u00e5 beholde sin makt. De kjempet MOT forandringer.<\/p>\n<p>* Men s\u00e5 vant kong Olav p\u00e5 et vis likevel. Norge ble et kristent land med en kristen befolkning, og lovene ble mer i samsvar med Jesu befaling om barmhjertighet.<\/p>\n<p>Og Olav selv var vel den som gjennomgikk den st\u00f8rste forandringen. Han stilte opp p\u00e5 Stiklestad som viking og konge \u2013 og etter slaget ble han ganske snart til OLAV DEN HELLIGE, SANKT OLAV.<\/p>\n<p>Det finnes legender om Olav fra lenge f\u00f8r slaget, som har tegn til mirakler i seg, men det var f\u00f8rst etter hans d\u00f8d at mirakelhistoriene ble mange. Den mest kjente forteller at da hans legeme ble gravd opp ett \u00e5r etter at han d\u00f8de, s\u00e5 det ut som om han nettopp var lagt i jorden, og h\u00e5r og negler hadde vokst.<\/p>\n<p>Lars Roar Langslet stiller i sin bok disse sp\u00f8rsm\u00e5lene:<\/p>\n<p><em>\u00abHvordan kunne det skje at en konge som hadde lagt seg ut med det meste av landet, og <\/em><em>som falt mot en knusende overmakt p\u00e5 slagmarken, allikevel etter f\u00e5 m\u00e5neder ble b\u00e5ret <\/em><em>frem til helgenverdighet \u2013 ogs\u00e5 av sine tidligere motstandere? Og hvordan gikk det til at <\/em><em>Olavskulten bredte seg s\u00e5 forbausende raskt i Norge og det \u00f8vrige Norden, og til store deler<\/em><br \/>\n<em>av Europa?\u00bb<\/em><\/p>\n<p>For det gjorde den. I Norge ble det etter hvert sv\u00e6rt mange kirker og kapeller som var viet til Hellige Olav, og han ble fremstilt i bildekunst og i diktning. Han var en mirakelskaper. Pilgrimer valfartet til hans grav i Nidaros, og han ble helgen for handelsfolk og for sj\u00f8folk.<\/p>\n<p>Og slik var det i hele Norden \u2013 Island, Gr\u00f8nland, F\u00e6r\u00f8yene og Orken\u00f8yene innbefattet. I hele Europa spredte det seg at Olav var en hellig mann, og Olavskulten spredte seg helt til Konstantinopel \u2013 og enda lenger. I f\u00f8dselskirken i Betlehem er det s\u00f8yler hvor helgener er malt i helfigur, og der finnes v\u00e5r egen St. Olav! (Bildet er malt ca \u00e5r 1200.)<\/p>\n<p>Hellige Olav var med p\u00e5 \u00e5 gj\u00f8re Norge kjent i verden.<\/p>\n<p>* Man kan fortsette med \u00e5 spekulere p\u00e5 hvordan kong Olav kunne bli en helgen, bli hellig, bli St. Olav. Kanskje er forklaringen rett og slett at det er mer mellom himmel og jord enn vi kan fatte? For noe m\u00e5tte ha skjedd som skapte denne store forandringen i folks syn p\u00e5 Olav. Han kunne jo bare ha blitt begravet, og s\u00e5 var han \u00abute or soga\u00bb.<\/p>\n<p>* Etter at JESUS d\u00f8de, og disiplene hans deretter hadde f\u00e5tt vite at han var st\u00e5tt opp fra de d\u00f8de \u2013 var de likevel redde og motl\u00f8se. Hva skulle de gj\u00f8re n\u00e5? S\u00e5 kom Pinsedagen. Noe spesielt m\u00e5tte de ha opplevd, noe spesielt m\u00e5tte ha skjedd, siden disiplene plutselig begynte \u00e5 fortelle om Jesus p\u00e5 \u00e5pen gate \u2013 og budskapet spredte seg \u2013 og en dag n\u00e5dde det helt til Olav Haraldson\u2026<\/p>\n<p>* Winston Churchill skal ha sagt: \u00abDet er en &#8211; i bunn og grunn &#8211; t\u00e5pelig oppfatning at bare det en forst\u00e5r kan v\u00e6re sant.\u00bb<\/p>\n<p>* \u00abKjemp for alt hva du har kj\u00e6rt, d\u00f8 om s\u00e5 det gjelder\u00bb, st\u00e5r det i en kjent salme. Olav Haraldson gjorde nettopp det. Og vi kjemper sm\u00e5 og store kamper i v\u00e5rt eget liv.<\/p>\n<p>Noen av dem f\u00f8rer til forandringer.<\/p>\n<p>Views: 162<\/p>","protected":false},"excerpt":{"rendered":"<p>FORANDRINGER K\u00e5seri av Sidsel Grue. Fremf\u00f8rt f\u00f8rste gang i 2008, p\u00e5 Son kystkultursenter. Jeg har h\u00f8rt det er blitt sagt, at om vi ikke hadde hatt 400 \u00e5r med danskestyre, &#8230; <\/p>\n<p class=\"read-more-container\"><a title=\"Da Norge kom til et veiskille\" class=\"read-more button\" href=\"https:\/\/lokalmagasinet.no\/?p=11603#more-11603\">Les mer<span class=\"screen-reader-text\">Da Norge kom til et veiskille<\/span><\/a><\/p>\n","protected":false},"author":6,"featured_media":0,"comment_status":"closed","ping_status":"closed","sticky":false,"template":"","format":"standard","meta":{"footnotes":""},"categories":[1,7],"tags":[],"class_list":["post-11603","post","type-post","status-publish","format-standard","hentry","category-aktuelt","category-historisk-arkiv"],"yoast_head":"<!-- This site is optimized with the Yoast SEO plugin v27.4 - https:\/\/yoast.com\/product\/yoast-seo-wordpress\/ -->\n<title>Da Norge kom til et veiskille | Lokalmagasinet.no<\/title>\n<meta name=\"robots\" content=\"index, follow, max-snippet:-1, max-image-preview:large, max-video-preview:-1\" \/>\n<link rel=\"canonical\" href=\"https:\/\/lokalmagasinet.no\/?p=11603\" \/>\n<meta property=\"og:locale\" content=\"nn_NO\" \/>\n<meta property=\"og:type\" content=\"article\" \/>\n<meta property=\"og:title\" content=\"Da Norge kom til et veiskille | Lokalmagasinet.no\" \/>\n<meta property=\"og:description\" content=\"FORANDRINGER K\u00e5seri av Sidsel Grue. Fremf\u00f8rt f\u00f8rste gang i 2008, p\u00e5 Son kystkultursenter. Jeg har h\u00f8rt det er blitt sagt, at om vi ikke hadde hatt 400 \u00e5r med danskestyre, ... Les merDa Norge kom til et veiskille\" \/>\n<meta property=\"og:url\" content=\"https:\/\/lokalmagasinet.no\/?p=11603\" \/>\n<meta property=\"og:site_name\" content=\"Lokalmagasinet.no\" \/>\n<meta property=\"article:publisher\" content=\"https:\/\/www.facebook.com\/sveinharald.strand.1\" \/>\n<meta property=\"article:author\" content=\"https:\/\/www.facebook.com\/sveinharald.strand.1\" \/>\n<meta property=\"article:published_time\" content=\"2022-07-29T20:08:24+00:00\" \/>\n<meta property=\"article:modified_time\" content=\"2024-02-03T01:44:55+00:00\" \/>\n<meta property=\"og:image\" content=\"https:\/\/lokalmagasinet.no\/wp-content\/uploads\/2022\/07\/Olav-Den-Hellige-pa-Lilletorget-i-Sarpsborg-201x300.jpg\" \/>\n<meta name=\"author\" content=\"Svein-Harald Strand\" \/>\n<meta name=\"twitter:card\" content=\"summary_large_image\" \/>\n<meta name=\"twitter:creator\" content=\"@LMExtra\" \/>\n<meta name=\"twitter:site\" content=\"@LMExtra\" \/>\n<meta name=\"twitter:label1\" content=\"Written by\" \/>\n\t<meta name=\"twitter:data1\" content=\"Svein-Harald Strand\" \/>\n\t<meta name=\"twitter:label2\" content=\"Est. reading time\" \/>\n\t<meta name=\"twitter:data2\" content=\"9 minutt\" \/>\n<script type=\"application\/ld+json\" class=\"yoast-schema-graph\">{\"@context\":\"https:\\\/\\\/schema.org\",\"@graph\":[{\"@type\":\"Article\",\"@id\":\"https:\\\/\\\/lokalmagasinet.no\\\/?p=11603#article\",\"isPartOf\":{\"@id\":\"https:\\\/\\\/lokalmagasinet.no\\\/?p=11603\"},\"author\":{\"name\":\"Svein-Harald Strand\",\"@id\":\"https:\\\/\\\/lokalmagasinet.no\\\/#\\\/schema\\\/person\\\/2e8d221708d3aaf6f577275b5bba4310\"},\"headline\":\"Da Norge kom til et veiskille\",\"datePublished\":\"2022-07-29T20:08:24+00:00\",\"dateModified\":\"2024-02-03T01:44:55+00:00\",\"mainEntityOfPage\":{\"@id\":\"https:\\\/\\\/lokalmagasinet.no\\\/?p=11603\"},\"wordCount\":1752,\"publisher\":{\"@id\":\"https:\\\/\\\/lokalmagasinet.no\\\/#organization\"},\"image\":{\"@id\":\"https:\\\/\\\/lokalmagasinet.no\\\/?p=11603#primaryimage\"},\"thumbnailUrl\":\"https:\\\/\\\/lokalmagasinet.no\\\/wp-content\\\/uploads\\\/2022\\\/07\\\/Olav-Den-Hellige-pa-Lilletorget-i-Sarpsborg-201x300.jpg\",\"articleSection\":[\"Aktuelt\",\"Historisk\"],\"inLanguage\":\"nn-NO\"},{\"@type\":\"WebPage\",\"@id\":\"https:\\\/\\\/lokalmagasinet.no\\\/?p=11603\",\"url\":\"https:\\\/\\\/lokalmagasinet.no\\\/?p=11603\",\"name\":\"Da Norge kom til et veiskille | Lokalmagasinet.no\",\"isPartOf\":{\"@id\":\"https:\\\/\\\/lokalmagasinet.no\\\/#website\"},\"primaryImageOfPage\":{\"@id\":\"https:\\\/\\\/lokalmagasinet.no\\\/?p=11603#primaryimage\"},\"image\":{\"@id\":\"https:\\\/\\\/lokalmagasinet.no\\\/?p=11603#primaryimage\"},\"thumbnailUrl\":\"https:\\\/\\\/lokalmagasinet.no\\\/wp-content\\\/uploads\\\/2022\\\/07\\\/Olav-Den-Hellige-pa-Lilletorget-i-Sarpsborg-201x300.jpg\",\"datePublished\":\"2022-07-29T20:08:24+00:00\",\"dateModified\":\"2024-02-03T01:44:55+00:00\",\"breadcrumb\":{\"@id\":\"https:\\\/\\\/lokalmagasinet.no\\\/?p=11603#breadcrumb\"},\"inLanguage\":\"nn-NO\",\"potentialAction\":[{\"@type\":\"ReadAction\",\"target\":[\"https:\\\/\\\/lokalmagasinet.no\\\/?p=11603\"]}]},{\"@type\":\"ImageObject\",\"inLanguage\":\"nn-NO\",\"@id\":\"https:\\\/\\\/lokalmagasinet.no\\\/?p=11603#primaryimage\",\"url\":\"https:\\\/\\\/lokalmagasinet.no\\\/wp-content\\\/uploads\\\/2022\\\/07\\\/Olav-Den-Hellige-pa-Lilletorget-i-Sarpsborg.jpg\",\"contentUrl\":\"https:\\\/\\\/lokalmagasinet.no\\\/wp-content\\\/uploads\\\/2022\\\/07\\\/Olav-Den-Hellige-pa-Lilletorget-i-Sarpsborg.jpg\",\"width\":482,\"height\":720,\"caption\":\"Olav Den Hellige p\u00e5 Lilletorget i Sarpsborg\"},{\"@type\":\"BreadcrumbList\",\"@id\":\"https:\\\/\\\/lokalmagasinet.no\\\/?p=11603#breadcrumb\",\"itemListElement\":[{\"@type\":\"ListItem\",\"position\":1,\"name\":\"Hjem\",\"item\":\"https:\\\/\\\/lokalmagasinet.no\\\/\"},{\"@type\":\"ListItem\",\"position\":2,\"name\":\"Da Norge kom til et veiskille\"}]},{\"@type\":\"WebSite\",\"@id\":\"https:\\\/\\\/lokalmagasinet.no\\\/#website\",\"url\":\"https:\\\/\\\/lokalmagasinet.no\\\/\",\"name\":\"Lokalmagasinet.no\",\"description\":\"Fra fortid og n\u00e5tid. Med st\u00e5sted i det n\u00e6re. Siden 2002.\",\"publisher\":{\"@id\":\"https:\\\/\\\/lokalmagasinet.no\\\/#organization\"},\"potentialAction\":[{\"@type\":\"SearchAction\",\"target\":{\"@type\":\"EntryPoint\",\"urlTemplate\":\"https:\\\/\\\/lokalmagasinet.no\\\/?s={search_term_string}\"},\"query-input\":{\"@type\":\"PropertyValueSpecification\",\"valueRequired\":true,\"valueName\":\"search_term_string\"}}],\"inLanguage\":\"nn-NO\"},{\"@type\":\"Organization\",\"@id\":\"https:\\\/\\\/lokalmagasinet.no\\\/#organization\",\"name\":\"Lokalmagasinet.no\",\"url\":\"https:\\\/\\\/lokalmagasinet.no\\\/\",\"logo\":{\"@type\":\"ImageObject\",\"inLanguage\":\"nn-NO\",\"@id\":\"https:\\\/\\\/lokalmagasinet.no\\\/#\\\/schema\\\/logo\\\/image\\\/\",\"url\":\"https:\\\/\\\/lokalmagasinet.no\\\/wp-content\\\/uploads\\\/2021\\\/03\\\/cropped-cropped-cropped-cropped-cropped-cropped-lmlogo-e1640691300821.jpg\",\"contentUrl\":\"https:\\\/\\\/lokalmagasinet.no\\\/wp-content\\\/uploads\\\/2021\\\/03\\\/cropped-cropped-cropped-cropped-cropped-cropped-lmlogo-e1640691300821.jpg\",\"width\":72,\"height\":118,\"caption\":\"Lokalmagasinet.no\"},\"image\":{\"@id\":\"https:\\\/\\\/lokalmagasinet.no\\\/#\\\/schema\\\/logo\\\/image\\\/\"},\"sameAs\":[\"https:\\\/\\\/www.facebook.com\\\/sveinharald.strand.1\",\"https:\\\/\\\/x.com\\\/LMExtra\"]},{\"@type\":\"Person\",\"@id\":\"https:\\\/\\\/lokalmagasinet.no\\\/#\\\/schema\\\/person\\\/2e8d221708d3aaf6f577275b5bba4310\",\"name\":\"Svein-Harald Strand\",\"image\":{\"@type\":\"ImageObject\",\"inLanguage\":\"nn-NO\",\"@id\":\"https:\\\/\\\/secure.gravatar.com\\\/avatar\\\/c487434bdf6cd7c12e4a88877ae4b12c38d22b7ad64292b49d33ed7503bb7ce1?s=96&d=mm&r=g\",\"url\":\"https:\\\/\\\/secure.gravatar.com\\\/avatar\\\/c487434bdf6cd7c12e4a88877ae4b12c38d22b7ad64292b49d33ed7503bb7ce1?s=96&d=mm&r=g\",\"contentUrl\":\"https:\\\/\\\/secure.gravatar.com\\\/avatar\\\/c487434bdf6cd7c12e4a88877ae4b12c38d22b7ad64292b49d33ed7503bb7ce1?s=96&d=mm&r=g\",\"caption\":\"Svein-Harald Strand\"},\"description\":\"(F. 26.12.1945) Redakt\u00f8r, journalist og informasjonsarbeider siden 1968. ||| I 1963: Redaksjonell praktikant i 8 m\u00e5neder p\u00e5 full tid i Helgeland Arbeiderblad i hjembyen Mosj\u00f8en. ||| Arbeidende pensjonist med hjemmekontor fra 2008 (AFP) og videre som folkepensjonist til n\u00e5.\",\"sameAs\":[\"https:\\\/\\\/lokalmagasinet.no\\\/\",\"https:\\\/\\\/www.facebook.com\\\/sveinharald.strand.1\",\"https:\\\/\\\/x.com\\\/LMExtra\"],\"url\":\"https:\\\/\\\/lokalmagasinet.no\\\/?author=6\"}]}<\/script>\n<!-- \/ Yoast SEO plugin. -->","yoast_head_json":{"title":"Da Norge kom til et veiskille | Lokalmagasinet.no","robots":{"index":"index","follow":"follow","max-snippet":"max-snippet:-1","max-image-preview":"max-image-preview:large","max-video-preview":"max-video-preview:-1"},"canonical":"https:\/\/lokalmagasinet.no\/?p=11603","og_locale":"nn_NO","og_type":"article","og_title":"Da Norge kom til et veiskille | Lokalmagasinet.no","og_description":"FORANDRINGER K\u00e5seri av Sidsel Grue. Fremf\u00f8rt f\u00f8rste gang i 2008, p\u00e5 Son kystkultursenter. Jeg har h\u00f8rt det er blitt sagt, at om vi ikke hadde hatt 400 \u00e5r med danskestyre, ... Les merDa Norge kom til et veiskille","og_url":"https:\/\/lokalmagasinet.no\/?p=11603","og_site_name":"Lokalmagasinet.no","article_publisher":"https:\/\/www.facebook.com\/sveinharald.strand.1","article_author":"https:\/\/www.facebook.com\/sveinharald.strand.1","article_published_time":"2022-07-29T20:08:24+00:00","article_modified_time":"2024-02-03T01:44:55+00:00","og_image":[{"url":"https:\/\/lokalmagasinet.no\/wp-content\/uploads\/2022\/07\/Olav-Den-Hellige-pa-Lilletorget-i-Sarpsborg-201x300.jpg","type":"","width":"","height":""}],"author":"Svein-Harald Strand","twitter_card":"summary_large_image","twitter_creator":"@LMExtra","twitter_site":"@LMExtra","twitter_misc":{"Written by":"Svein-Harald Strand","Est. reading time":"9 minutt"},"schema":{"@context":"https:\/\/schema.org","@graph":[{"@type":"Article","@id":"https:\/\/lokalmagasinet.no\/?p=11603#article","isPartOf":{"@id":"https:\/\/lokalmagasinet.no\/?p=11603"},"author":{"name":"Svein-Harald Strand","@id":"https:\/\/lokalmagasinet.no\/#\/schema\/person\/2e8d221708d3aaf6f577275b5bba4310"},"headline":"Da Norge kom til et veiskille","datePublished":"2022-07-29T20:08:24+00:00","dateModified":"2024-02-03T01:44:55+00:00","mainEntityOfPage":{"@id":"https:\/\/lokalmagasinet.no\/?p=11603"},"wordCount":1752,"publisher":{"@id":"https:\/\/lokalmagasinet.no\/#organization"},"image":{"@id":"https:\/\/lokalmagasinet.no\/?p=11603#primaryimage"},"thumbnailUrl":"https:\/\/lokalmagasinet.no\/wp-content\/uploads\/2022\/07\/Olav-Den-Hellige-pa-Lilletorget-i-Sarpsborg-201x300.jpg","articleSection":["Aktuelt","Historisk"],"inLanguage":"nn-NO"},{"@type":"WebPage","@id":"https:\/\/lokalmagasinet.no\/?p=11603","url":"https:\/\/lokalmagasinet.no\/?p=11603","name":"Da Norge kom til et veiskille | Lokalmagasinet.no","isPartOf":{"@id":"https:\/\/lokalmagasinet.no\/#website"},"primaryImageOfPage":{"@id":"https:\/\/lokalmagasinet.no\/?p=11603#primaryimage"},"image":{"@id":"https:\/\/lokalmagasinet.no\/?p=11603#primaryimage"},"thumbnailUrl":"https:\/\/lokalmagasinet.no\/wp-content\/uploads\/2022\/07\/Olav-Den-Hellige-pa-Lilletorget-i-Sarpsborg-201x300.jpg","datePublished":"2022-07-29T20:08:24+00:00","dateModified":"2024-02-03T01:44:55+00:00","breadcrumb":{"@id":"https:\/\/lokalmagasinet.no\/?p=11603#breadcrumb"},"inLanguage":"nn-NO","potentialAction":[{"@type":"ReadAction","target":["https:\/\/lokalmagasinet.no\/?p=11603"]}]},{"@type":"ImageObject","inLanguage":"nn-NO","@id":"https:\/\/lokalmagasinet.no\/?p=11603#primaryimage","url":"https:\/\/lokalmagasinet.no\/wp-content\/uploads\/2022\/07\/Olav-Den-Hellige-pa-Lilletorget-i-Sarpsborg.jpg","contentUrl":"https:\/\/lokalmagasinet.no\/wp-content\/uploads\/2022\/07\/Olav-Den-Hellige-pa-Lilletorget-i-Sarpsborg.jpg","width":482,"height":720,"caption":"Olav Den Hellige p\u00e5 Lilletorget i Sarpsborg"},{"@type":"BreadcrumbList","@id":"https:\/\/lokalmagasinet.no\/?p=11603#breadcrumb","itemListElement":[{"@type":"ListItem","position":1,"name":"Hjem","item":"https:\/\/lokalmagasinet.no\/"},{"@type":"ListItem","position":2,"name":"Da Norge kom til et veiskille"}]},{"@type":"WebSite","@id":"https:\/\/lokalmagasinet.no\/#website","url":"https:\/\/lokalmagasinet.no\/","name":"Lokalmagasinet.no","description":"Fra fortid og n\u00e5tid. Med st\u00e5sted i det n\u00e6re. Siden 2002.","publisher":{"@id":"https:\/\/lokalmagasinet.no\/#organization"},"potentialAction":[{"@type":"SearchAction","target":{"@type":"EntryPoint","urlTemplate":"https:\/\/lokalmagasinet.no\/?s={search_term_string}"},"query-input":{"@type":"PropertyValueSpecification","valueRequired":true,"valueName":"search_term_string"}}],"inLanguage":"nn-NO"},{"@type":"Organization","@id":"https:\/\/lokalmagasinet.no\/#organization","name":"Lokalmagasinet.no","url":"https:\/\/lokalmagasinet.no\/","logo":{"@type":"ImageObject","inLanguage":"nn-NO","@id":"https:\/\/lokalmagasinet.no\/#\/schema\/logo\/image\/","url":"https:\/\/lokalmagasinet.no\/wp-content\/uploads\/2021\/03\/cropped-cropped-cropped-cropped-cropped-cropped-lmlogo-e1640691300821.jpg","contentUrl":"https:\/\/lokalmagasinet.no\/wp-content\/uploads\/2021\/03\/cropped-cropped-cropped-cropped-cropped-cropped-lmlogo-e1640691300821.jpg","width":72,"height":118,"caption":"Lokalmagasinet.no"},"image":{"@id":"https:\/\/lokalmagasinet.no\/#\/schema\/logo\/image\/"},"sameAs":["https:\/\/www.facebook.com\/sveinharald.strand.1","https:\/\/x.com\/LMExtra"]},{"@type":"Person","@id":"https:\/\/lokalmagasinet.no\/#\/schema\/person\/2e8d221708d3aaf6f577275b5bba4310","name":"Svein-Harald Strand","image":{"@type":"ImageObject","inLanguage":"nn-NO","@id":"https:\/\/secure.gravatar.com\/avatar\/c487434bdf6cd7c12e4a88877ae4b12c38d22b7ad64292b49d33ed7503bb7ce1?s=96&d=mm&r=g","url":"https:\/\/secure.gravatar.com\/avatar\/c487434bdf6cd7c12e4a88877ae4b12c38d22b7ad64292b49d33ed7503bb7ce1?s=96&d=mm&r=g","contentUrl":"https:\/\/secure.gravatar.com\/avatar\/c487434bdf6cd7c12e4a88877ae4b12c38d22b7ad64292b49d33ed7503bb7ce1?s=96&d=mm&r=g","caption":"Svein-Harald Strand"},"description":"(F. 26.12.1945) Redakt\u00f8r, journalist og informasjonsarbeider siden 1968. ||| I 1963: Redaksjonell praktikant i 8 m\u00e5neder p\u00e5 full tid i Helgeland Arbeiderblad i hjembyen Mosj\u00f8en. ||| Arbeidende pensjonist med hjemmekontor fra 2008 (AFP) og videre som folkepensjonist til n\u00e5.","sameAs":["https:\/\/lokalmagasinet.no\/","https:\/\/www.facebook.com\/sveinharald.strand.1","https:\/\/x.com\/LMExtra"],"url":"https:\/\/lokalmagasinet.no\/?author=6"}]}},"_links":{"self":[{"href":"https:\/\/lokalmagasinet.no\/index.php?rest_route=\/wp\/v2\/posts\/11603","targetHints":{"allow":["GET"]}}],"collection":[{"href":"https:\/\/lokalmagasinet.no\/index.php?rest_route=\/wp\/v2\/posts"}],"about":[{"href":"https:\/\/lokalmagasinet.no\/index.php?rest_route=\/wp\/v2\/types\/post"}],"author":[{"embeddable":true,"href":"https:\/\/lokalmagasinet.no\/index.php?rest_route=\/wp\/v2\/users\/6"}],"replies":[{"embeddable":true,"href":"https:\/\/lokalmagasinet.no\/index.php?rest_route=%2Fwp%2Fv2%2Fcomments&post=11603"}],"version-history":[{"count":15,"href":"https:\/\/lokalmagasinet.no\/index.php?rest_route=\/wp\/v2\/posts\/11603\/revisions"}],"predecessor-version":[{"id":21736,"href":"https:\/\/lokalmagasinet.no\/index.php?rest_route=\/wp\/v2\/posts\/11603\/revisions\/21736"}],"wp:attachment":[{"href":"https:\/\/lokalmagasinet.no\/index.php?rest_route=%2Fwp%2Fv2%2Fmedia&parent=11603"}],"wp:term":[{"taxonomy":"category","embeddable":true,"href":"https:\/\/lokalmagasinet.no\/index.php?rest_route=%2Fwp%2Fv2%2Fcategories&post=11603"},{"taxonomy":"post_tag","embeddable":true,"href":"https:\/\/lokalmagasinet.no\/index.php?rest_route=%2Fwp%2Fv2%2Ftags&post=11603"}],"curies":[{"name":"wp","href":"https:\/\/api.w.org\/{rel}","templated":true}]}}