{"id":11621,"date":"2022-08-01T02:34:48","date_gmt":"2022-08-01T00:34:48","guid":{"rendered":"https:\/\/lokalmagasinet.no\/?p=11621"},"modified":"2022-08-01T12:10:51","modified_gmt":"2022-08-01T10:10:51","slug":"11621","status":"publish","type":"post","link":"https:\/\/lokalmagasinet.no\/?p=11621","title":{"rendered":"Omlegging og nytenkning &#8211; N\u00c5 FORAN ET JUBILEUM"},"content":{"rendered":"<p><img loading=\"lazy\" decoding=\"async\" class=\"aligncenter wp-image-11608 size-large\" src=\"https:\/\/lokalmagasinet.no\/wp-content\/uploads\/2022\/07\/IMG-07061-scaled-e1659282190890-1024x768.jpg\" alt=\"\" width=\"1024\" height=\"768\" srcset=\"https:\/\/lokalmagasinet.no\/wp-content\/uploads\/2022\/07\/IMG-07061-scaled-e1659282190890-1024x768.jpg 1024w, https:\/\/lokalmagasinet.no\/wp-content\/uploads\/2022\/07\/IMG-07061-scaled-e1659282190890-300x225.jpg 300w, https:\/\/lokalmagasinet.no\/wp-content\/uploads\/2022\/07\/IMG-07061-scaled-e1659282190890-150x113.jpg 150w, https:\/\/lokalmagasinet.no\/wp-content\/uploads\/2022\/07\/IMG-07061-scaled-e1659282190890-768x576.jpg 768w, https:\/\/lokalmagasinet.no\/wp-content\/uploads\/2022\/07\/IMG-07061-scaled-e1659282190890-1536x1152.jpg 1536w, https:\/\/lokalmagasinet.no\/wp-content\/uploads\/2022\/07\/IMG-07061-scaled-e1659282190890.jpg 2048w\" sizes=\"auto, (max-width: 1024px) 100vw, 1024px\" \/><\/p>\n<p><em><strong>Da telleverket 29. juli viste ialt 656.820 bes\u00f8k p\u00e5 &laquo;nye&raquo; LM,\u00a0 fikk Fredrik Skavlans artige tegning fast plass p\u00e5 redakt\u00f8rens kontor.<\/strong> <\/em><\/p>\n<p>(Publisert 01.08.22. Oppdatert senest 12:04) <strong>I natt sa vi farvel til juli og \u00f8nsket august velkommen. Omlegging og nytenkning byr seg n\u00e5 fram som fast punkt i redaksjonens dagsorden &#8211; fire m\u00e5neder framover. 2. desember vil vi ha v\u00e6rt p\u00e5 verdensveven uten avbrudd i 20 \u00e5r. Dette m\u00e5 selvf\u00f8lgelig markeres p\u00e5 h\u00f8velig vis. Og tiltak m\u00e5 forberedes.<\/strong><\/p>\n<p>F\u00f8rst: Her er en oppsummering av rikets tilstand for LM p\u00e5 WordPress-plattform:<\/p>\n<p>Rett nok heter det at &laquo;tid er penger&raquo;. Men NYTENKNING i den redaksjonelle og publiseringsmessige sammenheng koster heldigvis ingen ting.<\/p>\n<p>OMLEGGING, derimot, vil i de fleste tilfeller v\u00e6re en kostnad &#8211; stor eller liten.<\/p>\n<p>Den fatale krasjen p\u00e5 leverand\u00f8rens server i USA i november 2020 \u00f8dela over 8500 datafiler &#8211; i den forstand at den tekniske kvalitet var for d\u00e5rlig til at &laquo;backup-filene&raquo; kunne brukes.<\/p>\n<p><strong>Overgangen til WordPress publiseringsl\u00f8sning har i og for seg ikke kostet mye. P\u00e5 pluss-siden m\u00e5 ogs\u00e5 nevnes at vi som et ledd i denne prosessen har f\u00e5tt en driftsteknisk forankring hos WordPress-spesialisten Nordic Hosting AS.<\/strong><\/p>\n<p>Hos dem kan vi b\u00e5de bestille tjenester og s\u00f8ke r\u00e5d via en fast kontaktperson &#8211; per telefon eller epost. Men det koster, b\u00e5de tjenestene i seg selv og omfanget av framtidsrettet dialog.<\/p>\n<p>Hvordan finner vi kostnadsdekning for tiltak fram mot jubileet? Det antydes for eksempel at en penere og &laquo;renere&raquo; LM vil koste <em>&laquo;noen titalls tusen&raquo;<\/em>.<\/p>\n<p>Vil leserne v\u00e6re med p\u00e5 \u00e5 dekke dette? Vanskelig \u00e5 si f\u00f8r vi vet hva rammevilk\u00e5rene b\u00f8r eller kan v\u00e6re:<\/p>\n<p>En aksjon med sluttdato &#8211; eller et betalingskonsept for pluss-saker (+), slik de aller fleste av landets aviser n\u00e5 har?<\/p>\n<p><strong>Sistnevnte alternativ ville kunne dekke ikke bare engangskostnader, men gi driftsbudsjettet et tiltrengt l\u00f8ft.<\/strong><\/p>\n<p>Og det m\u00e5 sies: Faste merinntekter i forhold til dagens budsjett vil eventuelt bli benyttet til tjenester som vil gi LM et l\u00f8ft ogs\u00e5 innholdsmessig.<\/p>\n<p>For da er det snakk om innkj\u00f8p av stoff &#8211; tema- og feature-reportasjer med forankring i kjernekonseptet gjennom 20 \u00e5r:<\/p>\n<p><em>&laquo;Fra fortid og n\u00e5tid &#8211; med st\u00e5sted i det n\u00e6re.&raquo;<\/em><\/p>\n<p><strong>Svein-H. Strand<\/strong> LM-redakt\u00f8r<\/p>\n<p><img loading=\"lazy\" decoding=\"async\" class=\"alignnone size-full wp-image-2939\" src=\"https:\/\/lokalmagasinet.no\/wp-content\/uploads\/2021\/04\/sveinh_100.jpg\" alt=\"\" width=\"66\" height=\"100\" \/><\/p>\n<p>&nbsp;<\/p>\n<p>&nbsp;<\/p>\n<p>Views: 124<\/p>","protected":false},"excerpt":{"rendered":"<p>Da telleverket 29. juli viste ialt 656.820 bes\u00f8k p\u00e5 &laquo;nye&raquo; LM,\u00a0 fikk Fredrik Skavlans artige tegning fast plass p\u00e5 redakt\u00f8rens kontor. (Publisert 01.08.22. Oppdatert senest 12:04) I natt sa vi &#8230; <\/p>\n<p class=\"read-more-container\"><a title=\"Omlegging og nytenkning &#8211; N\u00c5 FORAN ET JUBILEUM\" class=\"read-more button\" href=\"https:\/\/lokalmagasinet.no\/?p=11621#more-11621\">Les mer<span class=\"screen-reader-text\">Omlegging og nytenkning &#8211; N\u00c5 FORAN ET JUBILEUM<\/span><\/a><\/p>\n","protected":false},"author":6,"featured_media":6283,"comment_status":"closed","ping_status":"open","sticky":false,"template":"","format":"standard","meta":{"footnotes":""},"categories":[1,12],"tags":[],"class_list":["post-11621","post","type-post","status-publish","format-standard","has-post-thumbnail","hentry","category-aktuelt","category-byggerapporter"],"yoast_head":"<!-- This site is optimized with the Yoast SEO plugin v27.4 - https:\/\/yoast.com\/product\/yoast-seo-wordpress\/ -->\n<title>Omlegging og nytenkning - N\u00c5 FORAN ET JUBILEUM | Lokalmagasinet.no<\/title>\n<meta name=\"robots\" content=\"index, follow, max-snippet:-1, max-image-preview:large, max-video-preview:-1\" \/>\n<link rel=\"canonical\" href=\"https:\/\/lokalmagasinet.no\/?p=11621\" \/>\n<meta property=\"og:locale\" content=\"nn_NO\" \/>\n<meta property=\"og:type\" content=\"article\" \/>\n<meta property=\"og:title\" content=\"Omlegging og nytenkning - N\u00c5 FORAN ET JUBILEUM | Lokalmagasinet.no\" \/>\n<meta property=\"og:description\" content=\"Da telleverket 29. juli viste ialt 656.820 bes\u00f8k p\u00e5 &laquo;nye&raquo; LM,\u00a0 fikk Fredrik Skavlans artige tegning fast plass p\u00e5 redakt\u00f8rens kontor. (Publisert 01.08.22. Oppdatert senest 12:04) I natt sa vi ... Les merOmlegging og nytenkning &#8211; N\u00c5 FORAN ET JUBILEUM\" \/>\n<meta property=\"og:url\" content=\"https:\/\/lokalmagasinet.no\/?p=11621\" \/>\n<meta property=\"og:site_name\" content=\"Lokalmagasinet.no\" \/>\n<meta property=\"article:publisher\" content=\"https:\/\/www.facebook.com\/sveinharald.strand.1\" \/>\n<meta property=\"article:author\" content=\"https:\/\/www.facebook.com\/sveinharald.strand.1\" \/>\n<meta property=\"article:published_time\" content=\"2022-08-01T00:34:48+00:00\" \/>\n<meta property=\"article:modified_time\" content=\"2022-08-01T10:10:51+00:00\" \/>\n<meta property=\"og:image\" content=\"https:\/\/lokalmagasinet.no\/wp-content\/uploads\/2021\/11\/journalism2stock200.jpg\" \/>\n\t<meta property=\"og:image:width\" content=\"200\" \/>\n\t<meta property=\"og:image:height\" content=\"165\" \/>\n\t<meta property=\"og:image:type\" content=\"image\/jpeg\" \/>\n<meta name=\"author\" content=\"Svein-Harald Strand\" \/>\n<meta name=\"twitter:card\" content=\"summary_large_image\" \/>\n<meta name=\"twitter:creator\" content=\"@LMExtra\" \/>\n<meta name=\"twitter:site\" content=\"@LMExtra\" \/>\n<meta name=\"twitter:label1\" content=\"Written by\" \/>\n\t<meta name=\"twitter:data1\" content=\"Svein-Harald Strand\" \/>\n\t<meta name=\"twitter:label2\" content=\"Est. reading time\" \/>\n\t<meta name=\"twitter:data2\" content=\"2 minutt\" \/>\n<script type=\"application\/ld+json\" class=\"yoast-schema-graph\">{\"@context\":\"https:\\\/\\\/schema.org\",\"@graph\":[{\"@type\":\"Article\",\"@id\":\"https:\\\/\\\/lokalmagasinet.no\\\/?p=11621#article\",\"isPartOf\":{\"@id\":\"https:\\\/\\\/lokalmagasinet.no\\\/?p=11621\"},\"author\":{\"name\":\"Svein-Harald Strand\",\"@id\":\"https:\\\/\\\/lokalmagasinet.no\\\/#\\\/schema\\\/person\\\/2e8d221708d3aaf6f577275b5bba4310\"},\"headline\":\"Omlegging og nytenkning &#8211; N\u00c5 FORAN ET JUBILEUM\",\"datePublished\":\"2022-08-01T00:34:48+00:00\",\"dateModified\":\"2022-08-01T10:10:51+00:00\",\"mainEntityOfPage\":{\"@id\":\"https:\\\/\\\/lokalmagasinet.no\\\/?p=11621\"},\"wordCount\":384,\"publisher\":{\"@id\":\"https:\\\/\\\/lokalmagasinet.no\\\/#organization\"},\"image\":{\"@id\":\"https:\\\/\\\/lokalmagasinet.no\\\/?p=11621#primaryimage\"},\"thumbnailUrl\":\"https:\\\/\\\/lokalmagasinet.no\\\/wp-content\\\/uploads\\\/2021\\\/11\\\/journalism2stock200.jpg\",\"articleSection\":[\"Aktuelt\",\"Byggerapporter\"],\"inLanguage\":\"nn-NO\"},{\"@type\":\"WebPage\",\"@id\":\"https:\\\/\\\/lokalmagasinet.no\\\/?p=11621\",\"url\":\"https:\\\/\\\/lokalmagasinet.no\\\/?p=11621\",\"name\":\"Omlegging og nytenkning - N\u00c5 FORAN ET JUBILEUM | Lokalmagasinet.no\",\"isPartOf\":{\"@id\":\"https:\\\/\\\/lokalmagasinet.no\\\/#website\"},\"primaryImageOfPage\":{\"@id\":\"https:\\\/\\\/lokalmagasinet.no\\\/?p=11621#primaryimage\"},\"image\":{\"@id\":\"https:\\\/\\\/lokalmagasinet.no\\\/?p=11621#primaryimage\"},\"thumbnailUrl\":\"https:\\\/\\\/lokalmagasinet.no\\\/wp-content\\\/uploads\\\/2021\\\/11\\\/journalism2stock200.jpg\",\"datePublished\":\"2022-08-01T00:34:48+00:00\",\"dateModified\":\"2022-08-01T10:10:51+00:00\",\"breadcrumb\":{\"@id\":\"https:\\\/\\\/lokalmagasinet.no\\\/?p=11621#breadcrumb\"},\"inLanguage\":\"nn-NO\",\"potentialAction\":[{\"@type\":\"ReadAction\",\"target\":[\"https:\\\/\\\/lokalmagasinet.no\\\/?p=11621\"]}]},{\"@type\":\"ImageObject\",\"inLanguage\":\"nn-NO\",\"@id\":\"https:\\\/\\\/lokalmagasinet.no\\\/?p=11621#primaryimage\",\"url\":\"https:\\\/\\\/lokalmagasinet.no\\\/wp-content\\\/uploads\\\/2021\\\/11\\\/journalism2stock200.jpg\",\"contentUrl\":\"https:\\\/\\\/lokalmagasinet.no\\\/wp-content\\\/uploads\\\/2021\\\/11\\\/journalism2stock200.jpg\",\"width\":200,\"height\":165},{\"@type\":\"BreadcrumbList\",\"@id\":\"https:\\\/\\\/lokalmagasinet.no\\\/?p=11621#breadcrumb\",\"itemListElement\":[{\"@type\":\"ListItem\",\"position\":1,\"name\":\"Hjem\",\"item\":\"https:\\\/\\\/lokalmagasinet.no\\\/\"},{\"@type\":\"ListItem\",\"position\":2,\"name\":\"Omlegging og nytenkning &#8211; N\u00c5 FORAN ET JUBILEUM\"}]},{\"@type\":\"WebSite\",\"@id\":\"https:\\\/\\\/lokalmagasinet.no\\\/#website\",\"url\":\"https:\\\/\\\/lokalmagasinet.no\\\/\",\"name\":\"Lokalmagasinet.no\",\"description\":\"Fra fortid og n\u00e5tid. Med st\u00e5sted i det n\u00e6re. Siden 2002.\",\"publisher\":{\"@id\":\"https:\\\/\\\/lokalmagasinet.no\\\/#organization\"},\"potentialAction\":[{\"@type\":\"SearchAction\",\"target\":{\"@type\":\"EntryPoint\",\"urlTemplate\":\"https:\\\/\\\/lokalmagasinet.no\\\/?s={search_term_string}\"},\"query-input\":{\"@type\":\"PropertyValueSpecification\",\"valueRequired\":true,\"valueName\":\"search_term_string\"}}],\"inLanguage\":\"nn-NO\"},{\"@type\":\"Organization\",\"@id\":\"https:\\\/\\\/lokalmagasinet.no\\\/#organization\",\"name\":\"Lokalmagasinet.no\",\"url\":\"https:\\\/\\\/lokalmagasinet.no\\\/\",\"logo\":{\"@type\":\"ImageObject\",\"inLanguage\":\"nn-NO\",\"@id\":\"https:\\\/\\\/lokalmagasinet.no\\\/#\\\/schema\\\/logo\\\/image\\\/\",\"url\":\"https:\\\/\\\/lokalmagasinet.no\\\/wp-content\\\/uploads\\\/2021\\\/03\\\/cropped-cropped-cropped-cropped-cropped-cropped-lmlogo-e1640691300821.jpg\",\"contentUrl\":\"https:\\\/\\\/lokalmagasinet.no\\\/wp-content\\\/uploads\\\/2021\\\/03\\\/cropped-cropped-cropped-cropped-cropped-cropped-lmlogo-e1640691300821.jpg\",\"width\":72,\"height\":118,\"caption\":\"Lokalmagasinet.no\"},\"image\":{\"@id\":\"https:\\\/\\\/lokalmagasinet.no\\\/#\\\/schema\\\/logo\\\/image\\\/\"},\"sameAs\":[\"https:\\\/\\\/www.facebook.com\\\/sveinharald.strand.1\",\"https:\\\/\\\/x.com\\\/LMExtra\"]},{\"@type\":\"Person\",\"@id\":\"https:\\\/\\\/lokalmagasinet.no\\\/#\\\/schema\\\/person\\\/2e8d221708d3aaf6f577275b5bba4310\",\"name\":\"Svein-Harald Strand\",\"image\":{\"@type\":\"ImageObject\",\"inLanguage\":\"nn-NO\",\"@id\":\"https:\\\/\\\/secure.gravatar.com\\\/avatar\\\/c487434bdf6cd7c12e4a88877ae4b12c38d22b7ad64292b49d33ed7503bb7ce1?s=96&d=mm&r=g\",\"url\":\"https:\\\/\\\/secure.gravatar.com\\\/avatar\\\/c487434bdf6cd7c12e4a88877ae4b12c38d22b7ad64292b49d33ed7503bb7ce1?s=96&d=mm&r=g\",\"contentUrl\":\"https:\\\/\\\/secure.gravatar.com\\\/avatar\\\/c487434bdf6cd7c12e4a88877ae4b12c38d22b7ad64292b49d33ed7503bb7ce1?s=96&d=mm&r=g\",\"caption\":\"Svein-Harald Strand\"},\"description\":\"(F. 26.12.1945) Redakt\u00f8r, journalist og informasjonsarbeider siden 1968. ||| I 1963: Redaksjonell praktikant i 8 m\u00e5neder p\u00e5 full tid i Helgeland Arbeiderblad i hjembyen Mosj\u00f8en. ||| Arbeidende pensjonist med hjemmekontor fra 2008 (AFP) og videre som folkepensjonist til n\u00e5.\",\"sameAs\":[\"https:\\\/\\\/lokalmagasinet.no\\\/\",\"https:\\\/\\\/www.facebook.com\\\/sveinharald.strand.1\",\"https:\\\/\\\/x.com\\\/LMExtra\"],\"url\":\"https:\\\/\\\/lokalmagasinet.no\\\/?author=6\"}]}<\/script>\n<!-- \/ Yoast SEO plugin. -->","yoast_head_json":{"title":"Omlegging og nytenkning - N\u00c5 FORAN ET JUBILEUM | Lokalmagasinet.no","robots":{"index":"index","follow":"follow","max-snippet":"max-snippet:-1","max-image-preview":"max-image-preview:large","max-video-preview":"max-video-preview:-1"},"canonical":"https:\/\/lokalmagasinet.no\/?p=11621","og_locale":"nn_NO","og_type":"article","og_title":"Omlegging og nytenkning - N\u00c5 FORAN ET JUBILEUM | Lokalmagasinet.no","og_description":"Da telleverket 29. juli viste ialt 656.820 bes\u00f8k p\u00e5 &laquo;nye&raquo; LM,\u00a0 fikk Fredrik Skavlans artige tegning fast plass p\u00e5 redakt\u00f8rens kontor. (Publisert 01.08.22. Oppdatert senest 12:04) I natt sa vi ... Les merOmlegging og nytenkning &#8211; N\u00c5 FORAN ET JUBILEUM","og_url":"https:\/\/lokalmagasinet.no\/?p=11621","og_site_name":"Lokalmagasinet.no","article_publisher":"https:\/\/www.facebook.com\/sveinharald.strand.1","article_author":"https:\/\/www.facebook.com\/sveinharald.strand.1","article_published_time":"2022-08-01T00:34:48+00:00","article_modified_time":"2022-08-01T10:10:51+00:00","og_image":[{"width":200,"height":165,"url":"https:\/\/lokalmagasinet.no\/wp-content\/uploads\/2021\/11\/journalism2stock200.jpg","type":"image\/jpeg"}],"author":"Svein-Harald Strand","twitter_card":"summary_large_image","twitter_creator":"@LMExtra","twitter_site":"@LMExtra","twitter_misc":{"Written by":"Svein-Harald Strand","Est. reading time":"2 minutt"},"schema":{"@context":"https:\/\/schema.org","@graph":[{"@type":"Article","@id":"https:\/\/lokalmagasinet.no\/?p=11621#article","isPartOf":{"@id":"https:\/\/lokalmagasinet.no\/?p=11621"},"author":{"name":"Svein-Harald Strand","@id":"https:\/\/lokalmagasinet.no\/#\/schema\/person\/2e8d221708d3aaf6f577275b5bba4310"},"headline":"Omlegging og nytenkning &#8211; N\u00c5 FORAN ET JUBILEUM","datePublished":"2022-08-01T00:34:48+00:00","dateModified":"2022-08-01T10:10:51+00:00","mainEntityOfPage":{"@id":"https:\/\/lokalmagasinet.no\/?p=11621"},"wordCount":384,"publisher":{"@id":"https:\/\/lokalmagasinet.no\/#organization"},"image":{"@id":"https:\/\/lokalmagasinet.no\/?p=11621#primaryimage"},"thumbnailUrl":"https:\/\/lokalmagasinet.no\/wp-content\/uploads\/2021\/11\/journalism2stock200.jpg","articleSection":["Aktuelt","Byggerapporter"],"inLanguage":"nn-NO"},{"@type":"WebPage","@id":"https:\/\/lokalmagasinet.no\/?p=11621","url":"https:\/\/lokalmagasinet.no\/?p=11621","name":"Omlegging og nytenkning - N\u00c5 FORAN ET JUBILEUM | Lokalmagasinet.no","isPartOf":{"@id":"https:\/\/lokalmagasinet.no\/#website"},"primaryImageOfPage":{"@id":"https:\/\/lokalmagasinet.no\/?p=11621#primaryimage"},"image":{"@id":"https:\/\/lokalmagasinet.no\/?p=11621#primaryimage"},"thumbnailUrl":"https:\/\/lokalmagasinet.no\/wp-content\/uploads\/2021\/11\/journalism2stock200.jpg","datePublished":"2022-08-01T00:34:48+00:00","dateModified":"2022-08-01T10:10:51+00:00","breadcrumb":{"@id":"https:\/\/lokalmagasinet.no\/?p=11621#breadcrumb"},"inLanguage":"nn-NO","potentialAction":[{"@type":"ReadAction","target":["https:\/\/lokalmagasinet.no\/?p=11621"]}]},{"@type":"ImageObject","inLanguage":"nn-NO","@id":"https:\/\/lokalmagasinet.no\/?p=11621#primaryimage","url":"https:\/\/lokalmagasinet.no\/wp-content\/uploads\/2021\/11\/journalism2stock200.jpg","contentUrl":"https:\/\/lokalmagasinet.no\/wp-content\/uploads\/2021\/11\/journalism2stock200.jpg","width":200,"height":165},{"@type":"BreadcrumbList","@id":"https:\/\/lokalmagasinet.no\/?p=11621#breadcrumb","itemListElement":[{"@type":"ListItem","position":1,"name":"Hjem","item":"https:\/\/lokalmagasinet.no\/"},{"@type":"ListItem","position":2,"name":"Omlegging og nytenkning &#8211; N\u00c5 FORAN ET JUBILEUM"}]},{"@type":"WebSite","@id":"https:\/\/lokalmagasinet.no\/#website","url":"https:\/\/lokalmagasinet.no\/","name":"Lokalmagasinet.no","description":"Fra fortid og n\u00e5tid. Med st\u00e5sted i det n\u00e6re. Siden 2002.","publisher":{"@id":"https:\/\/lokalmagasinet.no\/#organization"},"potentialAction":[{"@type":"SearchAction","target":{"@type":"EntryPoint","urlTemplate":"https:\/\/lokalmagasinet.no\/?s={search_term_string}"},"query-input":{"@type":"PropertyValueSpecification","valueRequired":true,"valueName":"search_term_string"}}],"inLanguage":"nn-NO"},{"@type":"Organization","@id":"https:\/\/lokalmagasinet.no\/#organization","name":"Lokalmagasinet.no","url":"https:\/\/lokalmagasinet.no\/","logo":{"@type":"ImageObject","inLanguage":"nn-NO","@id":"https:\/\/lokalmagasinet.no\/#\/schema\/logo\/image\/","url":"https:\/\/lokalmagasinet.no\/wp-content\/uploads\/2021\/03\/cropped-cropped-cropped-cropped-cropped-cropped-lmlogo-e1640691300821.jpg","contentUrl":"https:\/\/lokalmagasinet.no\/wp-content\/uploads\/2021\/03\/cropped-cropped-cropped-cropped-cropped-cropped-lmlogo-e1640691300821.jpg","width":72,"height":118,"caption":"Lokalmagasinet.no"},"image":{"@id":"https:\/\/lokalmagasinet.no\/#\/schema\/logo\/image\/"},"sameAs":["https:\/\/www.facebook.com\/sveinharald.strand.1","https:\/\/x.com\/LMExtra"]},{"@type":"Person","@id":"https:\/\/lokalmagasinet.no\/#\/schema\/person\/2e8d221708d3aaf6f577275b5bba4310","name":"Svein-Harald Strand","image":{"@type":"ImageObject","inLanguage":"nn-NO","@id":"https:\/\/secure.gravatar.com\/avatar\/c487434bdf6cd7c12e4a88877ae4b12c38d22b7ad64292b49d33ed7503bb7ce1?s=96&d=mm&r=g","url":"https:\/\/secure.gravatar.com\/avatar\/c487434bdf6cd7c12e4a88877ae4b12c38d22b7ad64292b49d33ed7503bb7ce1?s=96&d=mm&r=g","contentUrl":"https:\/\/secure.gravatar.com\/avatar\/c487434bdf6cd7c12e4a88877ae4b12c38d22b7ad64292b49d33ed7503bb7ce1?s=96&d=mm&r=g","caption":"Svein-Harald Strand"},"description":"(F. 26.12.1945) Redakt\u00f8r, journalist og informasjonsarbeider siden 1968. ||| I 1963: Redaksjonell praktikant i 8 m\u00e5neder p\u00e5 full tid i Helgeland Arbeiderblad i hjembyen Mosj\u00f8en. ||| Arbeidende pensjonist med hjemmekontor fra 2008 (AFP) og videre som folkepensjonist til n\u00e5.","sameAs":["https:\/\/lokalmagasinet.no\/","https:\/\/www.facebook.com\/sveinharald.strand.1","https:\/\/x.com\/LMExtra"],"url":"https:\/\/lokalmagasinet.no\/?author=6"}]}},"_links":{"self":[{"href":"https:\/\/lokalmagasinet.no\/index.php?rest_route=\/wp\/v2\/posts\/11621","targetHints":{"allow":["GET"]}}],"collection":[{"href":"https:\/\/lokalmagasinet.no\/index.php?rest_route=\/wp\/v2\/posts"}],"about":[{"href":"https:\/\/lokalmagasinet.no\/index.php?rest_route=\/wp\/v2\/types\/post"}],"author":[{"embeddable":true,"href":"https:\/\/lokalmagasinet.no\/index.php?rest_route=\/wp\/v2\/users\/6"}],"replies":[{"embeddable":true,"href":"https:\/\/lokalmagasinet.no\/index.php?rest_route=%2Fwp%2Fv2%2Fcomments&post=11621"}],"version-history":[{"count":25,"href":"https:\/\/lokalmagasinet.no\/index.php?rest_route=\/wp\/v2\/posts\/11621\/revisions"}],"predecessor-version":[{"id":11646,"href":"https:\/\/lokalmagasinet.no\/index.php?rest_route=\/wp\/v2\/posts\/11621\/revisions\/11646"}],"wp:featuredmedia":[{"embeddable":true,"href":"https:\/\/lokalmagasinet.no\/index.php?rest_route=\/wp\/v2\/media\/6283"}],"wp:attachment":[{"href":"https:\/\/lokalmagasinet.no\/index.php?rest_route=%2Fwp%2Fv2%2Fmedia&parent=11621"}],"wp:term":[{"taxonomy":"category","embeddable":true,"href":"https:\/\/lokalmagasinet.no\/index.php?rest_route=%2Fwp%2Fv2%2Fcategories&post=11621"},{"taxonomy":"post_tag","embeddable":true,"href":"https:\/\/lokalmagasinet.no\/index.php?rest_route=%2Fwp%2Fv2%2Ftags&post=11621"}],"curies":[{"name":"wp","href":"https:\/\/api.w.org\/{rel}","templated":true}]}}