{"id":11722,"date":"2022-08-16T21:57:25","date_gmt":"2022-08-16T19:57:25","guid":{"rendered":"https:\/\/lokalmagasinet.no\/?p=11722"},"modified":"2022-08-26T01:26:31","modified_gmt":"2022-08-25T23:26:31","slug":"for-et-rokka-gittarband","status":"publish","type":"post","link":"https:\/\/lokalmagasinet.no\/?p=11722","title":{"rendered":"FOR ET &laquo;ROKKA GITTAR-BAND&raquo;!"},"content":{"rendered":"<div class=\"\" dir=\"auto\">\n<div id=\"jsc_c_2m\" class=\"ecm0bbzt hv4rvrfc ihqw7lf3 dati1w0a\" data-ad-comet-preview=\"message\" data-ad-preview=\"message\">\n<div class=\"j83agx80 cbu4d94t ew0dbk1b irj2b8pg\">\n<div class=\"qzhwtbm6 knvmm38d\">\n<div class=\"kvgmc6g5 cxmmr5t8 oygrvhab hcukyx3x c1et5uql ii04i59q\">\n<div dir=\"auto\"><img loading=\"lazy\" decoding=\"async\" class=\"aligncenter wp-image-11697 size-full\" src=\"https:\/\/lokalmagasinet.no\/wp-content\/uploads\/2022\/08\/IMG-1564-scaled.jpg\" alt=\"\" width=\"2048\" height=\"1536\" srcset=\"https:\/\/lokalmagasinet.no\/wp-content\/uploads\/2022\/08\/IMG-1564-scaled.jpg 2048w, https:\/\/lokalmagasinet.no\/wp-content\/uploads\/2022\/08\/IMG-1564-300x225.jpg 300w, https:\/\/lokalmagasinet.no\/wp-content\/uploads\/2022\/08\/IMG-1564-1024x768.jpg 1024w, https:\/\/lokalmagasinet.no\/wp-content\/uploads\/2022\/08\/IMG-1564-150x113.jpg 150w, https:\/\/lokalmagasinet.no\/wp-content\/uploads\/2022\/08\/IMG-1564-768x576.jpg 768w, https:\/\/lokalmagasinet.no\/wp-content\/uploads\/2022\/08\/IMG-1564-1536x1152.jpg 1536w\" sizes=\"auto, (max-width: 2048px) 100vw, 2048px\" \/><\/div>\n<\/div>\n<\/div>\n<\/div>\n<\/div>\n<\/div>\n<div dir=\"auto\"><\/div>\n<div class=\"\" dir=\"auto\">\n<div id=\"jsc_c_2m\" class=\"ecm0bbzt hv4rvrfc ihqw7lf3 dati1w0a\" data-ad-comet-preview=\"message\" data-ad-preview=\"message\">\n<div class=\"j83agx80 cbu4d94t ew0dbk1b irj2b8pg\">\n<div class=\"qzhwtbm6 knvmm38d\">\n<div class=\"cxmmr5t8 oygrvhab hcukyx3x c1et5uql o9v6fnle ii04i59q\">\n<div dir=\"auto\">\n<div id=\":5fw\" class=\"Ar Au\">\n<div id=\":5fs\" class=\"Am Al editable LW-avf tS-tW tS-tY\" tabindex=\"1\" role=\"textbox\" contenteditable=\"true\" spellcheck=\"false\" aria-label=\"Meldingstekst\" aria-multiline=\"true\">\n<p><em>Lydvolumet sto nok ikke tilbake for hvilket som helst av dagens rockeband. I kombinasjon med effektpedaler som sologitarist Tore Heggelund (t.h.) kunne aktivere etter behov \u2013 s\u00e5 ble det nesten for mye for en som sto inntil scenen en halvtimes tid.<\/em><\/p>\n<p>(Publisert 16.08.22) (Reporter Svein-H. Strand) <strong>Gitarbandet The Stingrays har tatt navn etter en Shadows-l\u00e5t fra 1965. \u00c8n av av de rundt 400 registrerte l\u00e5ter i Shadows-katalogen, etter over 60 \u00e5rs virke. Den ble selvf\u00f8lgelig spilt, og det var bra. Selv en Shads-fan som meg siden ungdoms\u00e5rene kan nemlig ikke huske \u00e5 ha h\u00f8rt den f\u00f8r. Og Stingray er ogs\u00e5 navnet p\u00e5 en hellefisk som tilfeldigvis (?) er en ROKKE\u2026<\/strong><\/p>\n<p>Dette kunne bandleder Even Trygve Hansen fortelle under konserten p\u00e5 Son torg s\u00f8ndag ettermiddag.<\/p>\n<p>Lokal tilh\u00f8righet for Even Trygve fra B\u00e6rum: Rundt 70 \u00e5r i hytte p\u00e5 Laksa rett over Sonskilen! Det holder, med tanke p\u00e5 \u2013 ja, p\u00e5 en hovedtanke bak Soond\u00f8gn-konseptet.<\/p>\n<p>Og som de kan spille, disse velvoksne karene som han er leder for! Men s\u00e5 hadde de ogs\u00e5 hatt mange og gode \u00f8vingstimer fram mot denne dagen. Et st\u00f8rre Shadowband-arrangement i R\u00e5de for noen uker siden ble vel en slags generalpr\u00f8ve.<\/p>\n<p>De har ellers spilt sammen \u201ctil og fra\u201d i flere \u00e5r, bare m\u00e5 det tilf\u00f8yes. Men ogs\u00e5 at Even Trygve (som undertegnede) er pensjonert journalist. Og senest redakt\u00f8r \u2013 i fagbladet med det greie navnet Fagpressen.<\/p>\n<p><strong>Som journalist har Even Trygve jobbet b\u00e5de i Aftenposten og i VG. P\u00e5 en utenlandsreise da han var ansatt i VG, st\u00f8tte han helt tilfeldig p\u00e5 ingen ringere enn Beatles-legenden Paul McCartney. Det m\u00e5tte jo bli \u2013 og ble \u2013 et kjapt intervju.<\/strong><\/p>\n<p><img loading=\"lazy\" decoding=\"async\" class=\"aligncenter wp-image-11690 size-large\" src=\"https:\/\/lokalmagasinet.no\/wp-content\/uploads\/2022\/08\/IMG-1783-1024x768.jpg\" alt=\"\" width=\"1024\" height=\"768\" srcset=\"https:\/\/lokalmagasinet.no\/wp-content\/uploads\/2022\/08\/IMG-1783-1024x768.jpg 1024w, https:\/\/lokalmagasinet.no\/wp-content\/uploads\/2022\/08\/IMG-1783-300x225.jpg 300w, https:\/\/lokalmagasinet.no\/wp-content\/uploads\/2022\/08\/IMG-1783-150x113.jpg 150w, https:\/\/lokalmagasinet.no\/wp-content\/uploads\/2022\/08\/IMG-1783-768x576.jpg 768w, https:\/\/lokalmagasinet.no\/wp-content\/uploads\/2022\/08\/IMG-1783.jpg 1333w\" sizes=\"auto, (max-width: 1024px) 100vw, 1024px\" \/><\/p>\n<p><strong><em>Her er bassist Leif Erik Lillejordet. Bak ham ser vi trommeslager Magnar Bergo.<\/em><\/strong><\/p>\n<p><img loading=\"lazy\" decoding=\"async\" class=\"aligncenter wp-image-11695 size-large\" src=\"https:\/\/lokalmagasinet.no\/wp-content\/uploads\/2022\/08\/IMG-1644-1024x768.jpg\" alt=\"\" width=\"1024\" height=\"768\" srcset=\"https:\/\/lokalmagasinet.no\/wp-content\/uploads\/2022\/08\/IMG-1644-1024x768.jpg 1024w, https:\/\/lokalmagasinet.no\/wp-content\/uploads\/2022\/08\/IMG-1644-300x225.jpg 300w, https:\/\/lokalmagasinet.no\/wp-content\/uploads\/2022\/08\/IMG-1644-150x113.jpg 150w, https:\/\/lokalmagasinet.no\/wp-content\/uploads\/2022\/08\/IMG-1644-768x576.jpg 768w, https:\/\/lokalmagasinet.no\/wp-content\/uploads\/2022\/08\/IMG-1644-1536x1152.jpg 1536w, https:\/\/lokalmagasinet.no\/wp-content\/uploads\/2022\/08\/IMG-1644-scaled.jpg 2048w\" sizes=\"auto, (max-width: 1024px) 100vw, 1024px\" \/><\/p>\n<p><strong><em>I forgrunnen bandleder og\u00a0 rytmegitarist Even Trygve Hansen.<\/em><\/strong><\/p>\n<p><img loading=\"lazy\" decoding=\"async\" class=\"aligncenter wp-image-11697 size-large\" src=\"https:\/\/lokalmagasinet.no\/wp-content\/uploads\/2022\/08\/IMG-1564-1024x768.jpg\" alt=\"\" width=\"1024\" height=\"768\" srcset=\"https:\/\/lokalmagasinet.no\/wp-content\/uploads\/2022\/08\/IMG-1564-1024x768.jpg 1024w, https:\/\/lokalmagasinet.no\/wp-content\/uploads\/2022\/08\/IMG-1564-300x225.jpg 300w, https:\/\/lokalmagasinet.no\/wp-content\/uploads\/2022\/08\/IMG-1564-150x113.jpg 150w, https:\/\/lokalmagasinet.no\/wp-content\/uploads\/2022\/08\/IMG-1564-768x576.jpg 768w, https:\/\/lokalmagasinet.no\/wp-content\/uploads\/2022\/08\/IMG-1564-1536x1152.jpg 1536w, https:\/\/lokalmagasinet.no\/wp-content\/uploads\/2022\/08\/IMG-1564-scaled.jpg 2048w\" sizes=\"auto, (max-width: 1024px) 100vw, 1024px\" \/><\/p>\n<p><strong><em>Sologitarist Tore Heggelund (t.h.) har spilt i flere norske band gjennom de siste ti\u00e5rene.<\/em><\/strong><\/p>\n<p>SOLO P\u00c5 SEKSSTRENGERS BASSGITAR. Til en av l\u00e5tene tok sologitarist Tore Heggelund forsiktig opp en bassgitar til \u00e5 spille solo-\/melodilinjen med dype toner. Denne gitaren tilh\u00f8rte en gang Jet Harris (hvil i fred). Han var den f\u00f8rste bassisten i The Shadows`.<\/p>\n<p><strong>Med denne gitaren, som n\u00e5 er i Tores eie, ga Jet Harris ut to singler som ble engelske listetopper! P\u00e5 trommer hadde han med seg Tony Meehan (hvil i fred), som ogs\u00e5 hadde sluttet i The Shadows. Rock-historie!<\/strong><\/p>\n<\/div>\n<\/div>\n<\/div>\n<\/div>\n<div class=\"cxmmr5t8 oygrvhab hcukyx3x c1et5uql o9v6fnle ii04i59q\">\n<div dir=\"auto\"><\/div>\n<\/div>\n<\/div>\n<\/div>\n<\/div>\n<\/div>\n<p>Views: 235<\/p>","protected":false},"excerpt":{"rendered":"<p>Lydvolumet sto nok ikke tilbake for hvilket som helst av dagens rockeband. I kombinasjon med effektpedaler som sologitarist Tore Heggelund (t.h.) kunne aktivere etter behov \u2013 s\u00e5 ble det nesten &#8230; <\/p>\n<p class=\"read-more-container\"><a title=\"FOR ET &laquo;ROKKA GITTAR-BAND&raquo;!\" class=\"read-more button\" href=\"https:\/\/lokalmagasinet.no\/?p=11722#more-11722\">Les mer<span class=\"screen-reader-text\">FOR ET &laquo;ROKKA GITTAR-BAND&raquo;!<\/span><\/a><\/p>\n","protected":false},"author":6,"featured_media":1874,"comment_status":"closed","ping_status":"open","sticky":false,"template":"","format":"standard","meta":{"footnotes":""},"categories":[1],"tags":[],"class_list":["post-11722","post","type-post","status-publish","format-standard","has-post-thumbnail","hentry","category-aktuelt"],"yoast_head":"<!-- This site is optimized with the Yoast SEO plugin v27.4 - https:\/\/yoast.com\/product\/yoast-seo-wordpress\/ -->\n<title>FOR ET &quot;ROKKA GITTAR-BAND&quot;! | Lokalmagasinet.no<\/title>\n<meta name=\"robots\" content=\"index, follow, max-snippet:-1, max-image-preview:large, max-video-preview:-1\" \/>\n<link rel=\"canonical\" href=\"https:\/\/lokalmagasinet.no\/?p=11722\" \/>\n<meta property=\"og:locale\" content=\"nn_NO\" \/>\n<meta property=\"og:type\" content=\"article\" \/>\n<meta property=\"og:title\" content=\"FOR ET &quot;ROKKA GITTAR-BAND&quot;! | Lokalmagasinet.no\" \/>\n<meta property=\"og:description\" content=\"Lydvolumet sto nok ikke tilbake for hvilket som helst av dagens rockeband. I kombinasjon med effektpedaler som sologitarist Tore Heggelund (t.h.) kunne aktivere etter behov \u2013 s\u00e5 ble det nesten ... Les merFOR ET &laquo;ROKKA GITTAR-BAND&raquo;!\" \/>\n<meta property=\"og:url\" content=\"https:\/\/lokalmagasinet.no\/?p=11722\" \/>\n<meta property=\"og:site_name\" content=\"Lokalmagasinet.no\" \/>\n<meta property=\"article:publisher\" content=\"https:\/\/www.facebook.com\/sveinharald.strand.1\" \/>\n<meta property=\"article:author\" content=\"https:\/\/www.facebook.com\/sveinharald.strand.1\" \/>\n<meta property=\"article:published_time\" content=\"2022-08-16T19:57:25+00:00\" \/>\n<meta property=\"article:modified_time\" content=\"2022-08-25T23:26:31+00:00\" \/>\n<meta property=\"og:image\" content=\"https:\/\/lokalmagasinet.no\/wp-content\/uploads\/2021\/03\/journalism1_200-e1651420362191.jpg\" \/>\n\t<meta property=\"og:image:width\" content=\"100\" \/>\n\t<meta property=\"og:image:height\" content=\"122\" \/>\n\t<meta property=\"og:image:type\" content=\"image\/jpeg\" \/>\n<meta name=\"author\" content=\"Svein-Harald Strand\" \/>\n<meta name=\"twitter:card\" content=\"summary_large_image\" \/>\n<meta name=\"twitter:creator\" content=\"@LMExtra\" \/>\n<meta name=\"twitter:site\" content=\"@LMExtra\" \/>\n<meta name=\"twitter:label1\" content=\"Written by\" \/>\n\t<meta name=\"twitter:data1\" content=\"Svein-Harald Strand\" \/>\n\t<meta name=\"twitter:label2\" content=\"Est. reading time\" \/>\n\t<meta name=\"twitter:data2\" content=\"2 minutt\" \/>\n<script type=\"application\/ld+json\" class=\"yoast-schema-graph\">{\"@context\":\"https:\\\/\\\/schema.org\",\"@graph\":[{\"@type\":\"Article\",\"@id\":\"https:\\\/\\\/lokalmagasinet.no\\\/?p=11722#article\",\"isPartOf\":{\"@id\":\"https:\\\/\\\/lokalmagasinet.no\\\/?p=11722\"},\"author\":{\"name\":\"Svein-Harald Strand\",\"@id\":\"https:\\\/\\\/lokalmagasinet.no\\\/#\\\/schema\\\/person\\\/2e8d221708d3aaf6f577275b5bba4310\"},\"headline\":\"FOR ET &laquo;ROKKA GITTAR-BAND&raquo;!\",\"datePublished\":\"2022-08-16T19:57:25+00:00\",\"dateModified\":\"2022-08-25T23:26:31+00:00\",\"mainEntityOfPage\":{\"@id\":\"https:\\\/\\\/lokalmagasinet.no\\\/?p=11722\"},\"wordCount\":403,\"publisher\":{\"@id\":\"https:\\\/\\\/lokalmagasinet.no\\\/#organization\"},\"image\":{\"@id\":\"https:\\\/\\\/lokalmagasinet.no\\\/?p=11722#primaryimage\"},\"thumbnailUrl\":\"https:\\\/\\\/lokalmagasinet.no\\\/wp-content\\\/uploads\\\/2021\\\/03\\\/journalism1_200-e1651420362191.jpg\",\"articleSection\":[\"Aktuelt\"],\"inLanguage\":\"nn-NO\"},{\"@type\":\"WebPage\",\"@id\":\"https:\\\/\\\/lokalmagasinet.no\\\/?p=11722\",\"url\":\"https:\\\/\\\/lokalmagasinet.no\\\/?p=11722\",\"name\":\"FOR ET \\\"ROKKA GITTAR-BAND\\\"! | Lokalmagasinet.no\",\"isPartOf\":{\"@id\":\"https:\\\/\\\/lokalmagasinet.no\\\/#website\"},\"primaryImageOfPage\":{\"@id\":\"https:\\\/\\\/lokalmagasinet.no\\\/?p=11722#primaryimage\"},\"image\":{\"@id\":\"https:\\\/\\\/lokalmagasinet.no\\\/?p=11722#primaryimage\"},\"thumbnailUrl\":\"https:\\\/\\\/lokalmagasinet.no\\\/wp-content\\\/uploads\\\/2021\\\/03\\\/journalism1_200-e1651420362191.jpg\",\"datePublished\":\"2022-08-16T19:57:25+00:00\",\"dateModified\":\"2022-08-25T23:26:31+00:00\",\"breadcrumb\":{\"@id\":\"https:\\\/\\\/lokalmagasinet.no\\\/?p=11722#breadcrumb\"},\"inLanguage\":\"nn-NO\",\"potentialAction\":[{\"@type\":\"ReadAction\",\"target\":[\"https:\\\/\\\/lokalmagasinet.no\\\/?p=11722\"]}]},{\"@type\":\"ImageObject\",\"inLanguage\":\"nn-NO\",\"@id\":\"https:\\\/\\\/lokalmagasinet.no\\\/?p=11722#primaryimage\",\"url\":\"https:\\\/\\\/lokalmagasinet.no\\\/wp-content\\\/uploads\\\/2021\\\/03\\\/journalism1_200-e1651420362191.jpg\",\"contentUrl\":\"https:\\\/\\\/lokalmagasinet.no\\\/wp-content\\\/uploads\\\/2021\\\/03\\\/journalism1_200-e1651420362191.jpg\",\"width\":100,\"height\":122},{\"@type\":\"BreadcrumbList\",\"@id\":\"https:\\\/\\\/lokalmagasinet.no\\\/?p=11722#breadcrumb\",\"itemListElement\":[{\"@type\":\"ListItem\",\"position\":1,\"name\":\"Hjem\",\"item\":\"https:\\\/\\\/lokalmagasinet.no\\\/\"},{\"@type\":\"ListItem\",\"position\":2,\"name\":\"FOR ET &#8220;ROKKA GITTAR-BAND&#8221;!\"}]},{\"@type\":\"WebSite\",\"@id\":\"https:\\\/\\\/lokalmagasinet.no\\\/#website\",\"url\":\"https:\\\/\\\/lokalmagasinet.no\\\/\",\"name\":\"Lokalmagasinet.no\",\"description\":\"Fra fortid og n\u00e5tid. Med st\u00e5sted i det n\u00e6re. Siden 2002.\",\"publisher\":{\"@id\":\"https:\\\/\\\/lokalmagasinet.no\\\/#organization\"},\"potentialAction\":[{\"@type\":\"SearchAction\",\"target\":{\"@type\":\"EntryPoint\",\"urlTemplate\":\"https:\\\/\\\/lokalmagasinet.no\\\/?s={search_term_string}\"},\"query-input\":{\"@type\":\"PropertyValueSpecification\",\"valueRequired\":true,\"valueName\":\"search_term_string\"}}],\"inLanguage\":\"nn-NO\"},{\"@type\":\"Organization\",\"@id\":\"https:\\\/\\\/lokalmagasinet.no\\\/#organization\",\"name\":\"Lokalmagasinet.no\",\"url\":\"https:\\\/\\\/lokalmagasinet.no\\\/\",\"logo\":{\"@type\":\"ImageObject\",\"inLanguage\":\"nn-NO\",\"@id\":\"https:\\\/\\\/lokalmagasinet.no\\\/#\\\/schema\\\/logo\\\/image\\\/\",\"url\":\"https:\\\/\\\/lokalmagasinet.no\\\/wp-content\\\/uploads\\\/2021\\\/03\\\/cropped-cropped-cropped-cropped-cropped-cropped-lmlogo-e1640691300821.jpg\",\"contentUrl\":\"https:\\\/\\\/lokalmagasinet.no\\\/wp-content\\\/uploads\\\/2021\\\/03\\\/cropped-cropped-cropped-cropped-cropped-cropped-lmlogo-e1640691300821.jpg\",\"width\":72,\"height\":118,\"caption\":\"Lokalmagasinet.no\"},\"image\":{\"@id\":\"https:\\\/\\\/lokalmagasinet.no\\\/#\\\/schema\\\/logo\\\/image\\\/\"},\"sameAs\":[\"https:\\\/\\\/www.facebook.com\\\/sveinharald.strand.1\",\"https:\\\/\\\/x.com\\\/LMExtra\"]},{\"@type\":\"Person\",\"@id\":\"https:\\\/\\\/lokalmagasinet.no\\\/#\\\/schema\\\/person\\\/2e8d221708d3aaf6f577275b5bba4310\",\"name\":\"Svein-Harald Strand\",\"image\":{\"@type\":\"ImageObject\",\"inLanguage\":\"nn-NO\",\"@id\":\"https:\\\/\\\/secure.gravatar.com\\\/avatar\\\/c487434bdf6cd7c12e4a88877ae4b12c38d22b7ad64292b49d33ed7503bb7ce1?s=96&d=mm&r=g\",\"url\":\"https:\\\/\\\/secure.gravatar.com\\\/avatar\\\/c487434bdf6cd7c12e4a88877ae4b12c38d22b7ad64292b49d33ed7503bb7ce1?s=96&d=mm&r=g\",\"contentUrl\":\"https:\\\/\\\/secure.gravatar.com\\\/avatar\\\/c487434bdf6cd7c12e4a88877ae4b12c38d22b7ad64292b49d33ed7503bb7ce1?s=96&d=mm&r=g\",\"caption\":\"Svein-Harald Strand\"},\"description\":\"(F. 26.12.1945) Redakt\u00f8r, journalist og informasjonsarbeider siden 1968. ||| I 1963: Redaksjonell praktikant i 8 m\u00e5neder p\u00e5 full tid i Helgeland Arbeiderblad i hjembyen Mosj\u00f8en. ||| Arbeidende pensjonist med hjemmekontor fra 2008 (AFP) og videre som folkepensjonist til n\u00e5.\",\"sameAs\":[\"https:\\\/\\\/lokalmagasinet.no\\\/\",\"https:\\\/\\\/www.facebook.com\\\/sveinharald.strand.1\",\"https:\\\/\\\/x.com\\\/LMExtra\"],\"url\":\"https:\\\/\\\/lokalmagasinet.no\\\/?author=6\"}]}<\/script>\n<!-- \/ Yoast SEO plugin. -->","yoast_head_json":{"title":"FOR ET \"ROKKA GITTAR-BAND\"! | Lokalmagasinet.no","robots":{"index":"index","follow":"follow","max-snippet":"max-snippet:-1","max-image-preview":"max-image-preview:large","max-video-preview":"max-video-preview:-1"},"canonical":"https:\/\/lokalmagasinet.no\/?p=11722","og_locale":"nn_NO","og_type":"article","og_title":"FOR ET \"ROKKA GITTAR-BAND\"! | Lokalmagasinet.no","og_description":"Lydvolumet sto nok ikke tilbake for hvilket som helst av dagens rockeband. I kombinasjon med effektpedaler som sologitarist Tore Heggelund (t.h.) kunne aktivere etter behov \u2013 s\u00e5 ble det nesten ... Les merFOR ET &laquo;ROKKA GITTAR-BAND&raquo;!","og_url":"https:\/\/lokalmagasinet.no\/?p=11722","og_site_name":"Lokalmagasinet.no","article_publisher":"https:\/\/www.facebook.com\/sveinharald.strand.1","article_author":"https:\/\/www.facebook.com\/sveinharald.strand.1","article_published_time":"2022-08-16T19:57:25+00:00","article_modified_time":"2022-08-25T23:26:31+00:00","og_image":[{"width":100,"height":122,"url":"https:\/\/lokalmagasinet.no\/wp-content\/uploads\/2021\/03\/journalism1_200-e1651420362191.jpg","type":"image\/jpeg"}],"author":"Svein-Harald Strand","twitter_card":"summary_large_image","twitter_creator":"@LMExtra","twitter_site":"@LMExtra","twitter_misc":{"Written by":"Svein-Harald Strand","Est. reading time":"2 minutt"},"schema":{"@context":"https:\/\/schema.org","@graph":[{"@type":"Article","@id":"https:\/\/lokalmagasinet.no\/?p=11722#article","isPartOf":{"@id":"https:\/\/lokalmagasinet.no\/?p=11722"},"author":{"name":"Svein-Harald Strand","@id":"https:\/\/lokalmagasinet.no\/#\/schema\/person\/2e8d221708d3aaf6f577275b5bba4310"},"headline":"FOR ET &laquo;ROKKA GITTAR-BAND&raquo;!","datePublished":"2022-08-16T19:57:25+00:00","dateModified":"2022-08-25T23:26:31+00:00","mainEntityOfPage":{"@id":"https:\/\/lokalmagasinet.no\/?p=11722"},"wordCount":403,"publisher":{"@id":"https:\/\/lokalmagasinet.no\/#organization"},"image":{"@id":"https:\/\/lokalmagasinet.no\/?p=11722#primaryimage"},"thumbnailUrl":"https:\/\/lokalmagasinet.no\/wp-content\/uploads\/2021\/03\/journalism1_200-e1651420362191.jpg","articleSection":["Aktuelt"],"inLanguage":"nn-NO"},{"@type":"WebPage","@id":"https:\/\/lokalmagasinet.no\/?p=11722","url":"https:\/\/lokalmagasinet.no\/?p=11722","name":"FOR ET \"ROKKA GITTAR-BAND\"! | Lokalmagasinet.no","isPartOf":{"@id":"https:\/\/lokalmagasinet.no\/#website"},"primaryImageOfPage":{"@id":"https:\/\/lokalmagasinet.no\/?p=11722#primaryimage"},"image":{"@id":"https:\/\/lokalmagasinet.no\/?p=11722#primaryimage"},"thumbnailUrl":"https:\/\/lokalmagasinet.no\/wp-content\/uploads\/2021\/03\/journalism1_200-e1651420362191.jpg","datePublished":"2022-08-16T19:57:25+00:00","dateModified":"2022-08-25T23:26:31+00:00","breadcrumb":{"@id":"https:\/\/lokalmagasinet.no\/?p=11722#breadcrumb"},"inLanguage":"nn-NO","potentialAction":[{"@type":"ReadAction","target":["https:\/\/lokalmagasinet.no\/?p=11722"]}]},{"@type":"ImageObject","inLanguage":"nn-NO","@id":"https:\/\/lokalmagasinet.no\/?p=11722#primaryimage","url":"https:\/\/lokalmagasinet.no\/wp-content\/uploads\/2021\/03\/journalism1_200-e1651420362191.jpg","contentUrl":"https:\/\/lokalmagasinet.no\/wp-content\/uploads\/2021\/03\/journalism1_200-e1651420362191.jpg","width":100,"height":122},{"@type":"BreadcrumbList","@id":"https:\/\/lokalmagasinet.no\/?p=11722#breadcrumb","itemListElement":[{"@type":"ListItem","position":1,"name":"Hjem","item":"https:\/\/lokalmagasinet.no\/"},{"@type":"ListItem","position":2,"name":"FOR ET &#8220;ROKKA GITTAR-BAND&#8221;!"}]},{"@type":"WebSite","@id":"https:\/\/lokalmagasinet.no\/#website","url":"https:\/\/lokalmagasinet.no\/","name":"Lokalmagasinet.no","description":"Fra fortid og n\u00e5tid. Med st\u00e5sted i det n\u00e6re. Siden 2002.","publisher":{"@id":"https:\/\/lokalmagasinet.no\/#organization"},"potentialAction":[{"@type":"SearchAction","target":{"@type":"EntryPoint","urlTemplate":"https:\/\/lokalmagasinet.no\/?s={search_term_string}"},"query-input":{"@type":"PropertyValueSpecification","valueRequired":true,"valueName":"search_term_string"}}],"inLanguage":"nn-NO"},{"@type":"Organization","@id":"https:\/\/lokalmagasinet.no\/#organization","name":"Lokalmagasinet.no","url":"https:\/\/lokalmagasinet.no\/","logo":{"@type":"ImageObject","inLanguage":"nn-NO","@id":"https:\/\/lokalmagasinet.no\/#\/schema\/logo\/image\/","url":"https:\/\/lokalmagasinet.no\/wp-content\/uploads\/2021\/03\/cropped-cropped-cropped-cropped-cropped-cropped-lmlogo-e1640691300821.jpg","contentUrl":"https:\/\/lokalmagasinet.no\/wp-content\/uploads\/2021\/03\/cropped-cropped-cropped-cropped-cropped-cropped-lmlogo-e1640691300821.jpg","width":72,"height":118,"caption":"Lokalmagasinet.no"},"image":{"@id":"https:\/\/lokalmagasinet.no\/#\/schema\/logo\/image\/"},"sameAs":["https:\/\/www.facebook.com\/sveinharald.strand.1","https:\/\/x.com\/LMExtra"]},{"@type":"Person","@id":"https:\/\/lokalmagasinet.no\/#\/schema\/person\/2e8d221708d3aaf6f577275b5bba4310","name":"Svein-Harald Strand","image":{"@type":"ImageObject","inLanguage":"nn-NO","@id":"https:\/\/secure.gravatar.com\/avatar\/c487434bdf6cd7c12e4a88877ae4b12c38d22b7ad64292b49d33ed7503bb7ce1?s=96&d=mm&r=g","url":"https:\/\/secure.gravatar.com\/avatar\/c487434bdf6cd7c12e4a88877ae4b12c38d22b7ad64292b49d33ed7503bb7ce1?s=96&d=mm&r=g","contentUrl":"https:\/\/secure.gravatar.com\/avatar\/c487434bdf6cd7c12e4a88877ae4b12c38d22b7ad64292b49d33ed7503bb7ce1?s=96&d=mm&r=g","caption":"Svein-Harald Strand"},"description":"(F. 26.12.1945) Redakt\u00f8r, journalist og informasjonsarbeider siden 1968. ||| I 1963: Redaksjonell praktikant i 8 m\u00e5neder p\u00e5 full tid i Helgeland Arbeiderblad i hjembyen Mosj\u00f8en. ||| Arbeidende pensjonist med hjemmekontor fra 2008 (AFP) og videre som folkepensjonist til n\u00e5.","sameAs":["https:\/\/lokalmagasinet.no\/","https:\/\/www.facebook.com\/sveinharald.strand.1","https:\/\/x.com\/LMExtra"],"url":"https:\/\/lokalmagasinet.no\/?author=6"}]}},"_links":{"self":[{"href":"https:\/\/lokalmagasinet.no\/index.php?rest_route=\/wp\/v2\/posts\/11722","targetHints":{"allow":["GET"]}}],"collection":[{"href":"https:\/\/lokalmagasinet.no\/index.php?rest_route=\/wp\/v2\/posts"}],"about":[{"href":"https:\/\/lokalmagasinet.no\/index.php?rest_route=\/wp\/v2\/types\/post"}],"author":[{"embeddable":true,"href":"https:\/\/lokalmagasinet.no\/index.php?rest_route=\/wp\/v2\/users\/6"}],"replies":[{"embeddable":true,"href":"https:\/\/lokalmagasinet.no\/index.php?rest_route=%2Fwp%2Fv2%2Fcomments&post=11722"}],"version-history":[{"count":23,"href":"https:\/\/lokalmagasinet.no\/index.php?rest_route=\/wp\/v2\/posts\/11722\/revisions"}],"predecessor-version":[{"id":11905,"href":"https:\/\/lokalmagasinet.no\/index.php?rest_route=\/wp\/v2\/posts\/11722\/revisions\/11905"}],"wp:featuredmedia":[{"embeddable":true,"href":"https:\/\/lokalmagasinet.no\/index.php?rest_route=\/wp\/v2\/media\/1874"}],"wp:attachment":[{"href":"https:\/\/lokalmagasinet.no\/index.php?rest_route=%2Fwp%2Fv2%2Fmedia&parent=11722"}],"wp:term":[{"taxonomy":"category","embeddable":true,"href":"https:\/\/lokalmagasinet.no\/index.php?rest_route=%2Fwp%2Fv2%2Fcategories&post=11722"},{"taxonomy":"post_tag","embeddable":true,"href":"https:\/\/lokalmagasinet.no\/index.php?rest_route=%2Fwp%2Fv2%2Ftags&post=11722"}],"curies":[{"name":"wp","href":"https:\/\/api.w.org\/{rel}","templated":true}]}}