{"id":11942,"date":"2022-08-27T19:27:13","date_gmt":"2022-08-27T17:27:13","guid":{"rendered":"https:\/\/lokalmagasinet.no\/?p=11942"},"modified":"2022-08-28T18:52:56","modified_gmt":"2022-08-28T16:52:56","slug":"2003-eu-prosjekt-overtar-oslofjord-info-i-son","status":"publish","type":"post","link":"https:\/\/lokalmagasinet.no\/?p=11942","title":{"rendered":"2003: EU-prosjekt overtar Oslofjord Info i Son"},"content":{"rendered":"\r\n<p><img loading=\"lazy\" decoding=\"async\" class=\"size-medium wp-image-7937 alignleft\" src=\"https:\/\/lokalmagasinet.no\/wp-content\/uploads\/2022\/01\/koggen_avson-300x170.jpg\" alt=\"\" width=\"300\" height=\"170\" srcset=\"https:\/\/lokalmagasinet.no\/wp-content\/uploads\/2022\/01\/koggen_avson-300x170.jpg 300w, https:\/\/lokalmagasinet.no\/wp-content\/uploads\/2022\/01\/koggen_avson-150x85.jpg 150w, https:\/\/lokalmagasinet.no\/wp-content\/uploads\/2022\/01\/koggen_avson-768x434.jpg 768w, https:\/\/lokalmagasinet.no\/wp-content\/uploads\/2022\/01\/koggen_avson.jpg 800w\" sizes=\"auto, (max-width: 300px) 100vw, 300px\" \/><\/p>\r\n<p>(Fra LM 03.01.2003) (Republisert 27.08.22)<strong> Deltakerne i organisasjonen Oslofjord Info har besluttet \u00e5 avvikle aktivitetene og kontoret i Son. Rettigheter og forpliktelser er overf\u00f8rt til EU-prosjektet SuPortNet II. <\/strong><\/p>\r\n\r\n\r\n\r\n<p>Her samarbeider Norge med flere andre land, blant annet om \u00e5 redusere milj\u00f8skader som f\u00f8lge av \u00f8kt b\u00e5tbruk.<\/p>\r\n\r\n<p>2003: EU-prosjekt overtar Oslofjord Info i Son<\/p>\r\n\r\n<p>\u00d8STFOLD fylkeskommune er operativ leder for prosjektet, som er tre\u00e5rig. Foruten Norge omfatter det Uddevalla i Sverige samt havner i Polen, Estland, Litauen, Latvia og Tyskland.<\/p>\r\n\r\n\r\n\r\n<p><strong>SuPortNet st\u00e5r for Sustainable Network of Ports, eller Varige havnenettverk som det kan kalles p\u00e5 norsk.<\/strong><\/p>\r\n\r\n\r\n\r\n<p>DELTAKERE i den norske delen er myndigheter og b\u00e5thavner i deler av Oslofjorden, S\u00f8rlandskysten og kystomr\u00e5det opp til Hordaland.<\/p>\r\n\r\n\r\n\r\n<p>I tillegg kommer organisasjoner og myndigheter som har ansvar for \u00e5 legge til rette for sikkerhet og milj\u00f8 for dem som ferdes langs kysten.<\/p>\r\n\r\n\r\n\r\n<p>M\u00c5LSETTINGEN for den norske delen er \u00e5 forebygge milj\u00f8skader i kystsonen som f\u00f8lge av \u00f8kt b\u00e5tbruk. I tillegg er det planlagt \u00e5 utvikle et felles informasjonssystem for b\u00e5tturister for hele SuPortNet-omr\u00e5det.<\/p>\r\n\r\n\r\n\r\n<p><strong>Oslofjorden friluftsr\u00e5d leder milj\u00f8prosjektet, g\u00e5r det fram av en pressemelding fra Akershus fylkeskommune.<\/strong><\/p>\r\n\r\n\r\n\r\n<p>Oslofjord Info ble etablert i februar 2000. Det var en videref\u00f8ring av et eksisterende informasjons- og kompetansesenter for Oslofjorden som tidligere havneleder Albert Larsen drev i Son. Larsen ble ogs\u00e5 daglig leder i Oslofjord Info, der fylkeskommuner, kommuner og havner i Oslofjorden var deltakere.<\/p>\r\n\r\n\r\n\r\n<p>M\u00e5lsettingen med Oslofjord Info var \u00e5 styrke Oslofjord-omr\u00e5det som arena for b\u00e5tturisme. Organisasjonen ble avviklet 1. juni 2002, men oppgavene videref\u00f8res alts\u00e5 n\u00e5 gjennom EU-prosjektet.<\/p>\r\n<p>Views: 131<\/p>","protected":false},"excerpt":{"rendered":"<p>(Fra LM 03.01.2003) (Republisert 27.08.22) Deltakerne i organisasjonen Oslofjord Info har besluttet \u00e5 avvikle aktivitetene og kontoret i Son. Rettigheter og forpliktelser er overf\u00f8rt til EU-prosjektet SuPortNet II. Her samarbeider &#8230; <\/p>\n<p class=\"read-more-container\"><a title=\"2003: EU-prosjekt overtar Oslofjord Info i Son\" class=\"read-more button\" href=\"https:\/\/lokalmagasinet.no\/?p=11942#more-11942\">Les mer<span class=\"screen-reader-text\">2003: EU-prosjekt overtar Oslofjord Info i Son<\/span><\/a><\/p>\n","protected":false},"author":6,"featured_media":0,"comment_status":"closed","ping_status":"open","sticky":false,"template":"","format":"standard","meta":{"footnotes":""},"categories":[7],"tags":[],"class_list":["post-11942","post","type-post","status-publish","format-standard","hentry","category-historisk-arkiv"],"yoast_head":"<!-- This site is optimized with the Yoast SEO plugin v27.4 - https:\/\/yoast.com\/product\/yoast-seo-wordpress\/ -->\n<title>2003: EU-prosjekt overtar Oslofjord Info i Son | Lokalmagasinet.no<\/title>\n<meta name=\"robots\" content=\"index, follow, max-snippet:-1, max-image-preview:large, max-video-preview:-1\" \/>\n<link rel=\"canonical\" href=\"https:\/\/lokalmagasinet.no\/?p=11942\" \/>\n<meta property=\"og:locale\" content=\"nn_NO\" \/>\n<meta property=\"og:type\" content=\"article\" \/>\n<meta property=\"og:title\" content=\"2003: EU-prosjekt overtar Oslofjord Info i Son | Lokalmagasinet.no\" \/>\n<meta property=\"og:description\" content=\"(Fra LM 03.01.2003) (Republisert 27.08.22) Deltakerne i organisasjonen Oslofjord Info har besluttet \u00e5 avvikle aktivitetene og kontoret i Son. Rettigheter og forpliktelser er overf\u00f8rt til EU-prosjektet SuPortNet II. Her samarbeider ... Les mer2003: EU-prosjekt overtar Oslofjord Info i Son\" \/>\n<meta property=\"og:url\" content=\"https:\/\/lokalmagasinet.no\/?p=11942\" \/>\n<meta property=\"og:site_name\" content=\"Lokalmagasinet.no\" \/>\n<meta property=\"article:publisher\" content=\"https:\/\/www.facebook.com\/sveinharald.strand.1\" \/>\n<meta property=\"article:author\" content=\"https:\/\/www.facebook.com\/sveinharald.strand.1\" \/>\n<meta property=\"article:published_time\" content=\"2022-08-27T17:27:13+00:00\" \/>\n<meta property=\"article:modified_time\" content=\"2022-08-28T16:52:56+00:00\" \/>\n<meta property=\"og:image\" content=\"https:\/\/lokalmagasinet.no\/wp-content\/uploads\/2022\/01\/koggen_avson-300x170.jpg\" \/>\n<meta name=\"author\" content=\"Svein-Harald Strand\" \/>\n<meta name=\"twitter:card\" content=\"summary_large_image\" \/>\n<meta name=\"twitter:creator\" content=\"@LMExtra\" \/>\n<meta name=\"twitter:site\" content=\"@LMExtra\" \/>\n<meta name=\"twitter:label1\" content=\"Written by\" \/>\n\t<meta name=\"twitter:data1\" content=\"Svein-Harald Strand\" \/>\n\t<meta name=\"twitter:label2\" content=\"Est. reading time\" \/>\n\t<meta name=\"twitter:data2\" content=\"1 minutt\" \/>\n<script type=\"application\/ld+json\" class=\"yoast-schema-graph\">{\"@context\":\"https:\\\/\\\/schema.org\",\"@graph\":[{\"@type\":\"Article\",\"@id\":\"https:\\\/\\\/lokalmagasinet.no\\\/?p=11942#article\",\"isPartOf\":{\"@id\":\"https:\\\/\\\/lokalmagasinet.no\\\/?p=11942\"},\"author\":{\"name\":\"Svein-Harald Strand\",\"@id\":\"https:\\\/\\\/lokalmagasinet.no\\\/#\\\/schema\\\/person\\\/2e8d221708d3aaf6f577275b5bba4310\"},\"headline\":\"2003: EU-prosjekt overtar Oslofjord Info i Son\",\"datePublished\":\"2022-08-27T17:27:13+00:00\",\"dateModified\":\"2022-08-28T16:52:56+00:00\",\"mainEntityOfPage\":{\"@id\":\"https:\\\/\\\/lokalmagasinet.no\\\/?p=11942\"},\"wordCount\":268,\"publisher\":{\"@id\":\"https:\\\/\\\/lokalmagasinet.no\\\/#organization\"},\"image\":{\"@id\":\"https:\\\/\\\/lokalmagasinet.no\\\/?p=11942#primaryimage\"},\"thumbnailUrl\":\"https:\\\/\\\/lokalmagasinet.no\\\/wp-content\\\/uploads\\\/2022\\\/01\\\/koggen_avson-300x170.jpg\",\"articleSection\":[\"Historisk\"],\"inLanguage\":\"nn-NO\"},{\"@type\":\"WebPage\",\"@id\":\"https:\\\/\\\/lokalmagasinet.no\\\/?p=11942\",\"url\":\"https:\\\/\\\/lokalmagasinet.no\\\/?p=11942\",\"name\":\"2003: EU-prosjekt overtar Oslofjord Info i Son | Lokalmagasinet.no\",\"isPartOf\":{\"@id\":\"https:\\\/\\\/lokalmagasinet.no\\\/#website\"},\"primaryImageOfPage\":{\"@id\":\"https:\\\/\\\/lokalmagasinet.no\\\/?p=11942#primaryimage\"},\"image\":{\"@id\":\"https:\\\/\\\/lokalmagasinet.no\\\/?p=11942#primaryimage\"},\"thumbnailUrl\":\"https:\\\/\\\/lokalmagasinet.no\\\/wp-content\\\/uploads\\\/2022\\\/01\\\/koggen_avson-300x170.jpg\",\"datePublished\":\"2022-08-27T17:27:13+00:00\",\"dateModified\":\"2022-08-28T16:52:56+00:00\",\"breadcrumb\":{\"@id\":\"https:\\\/\\\/lokalmagasinet.no\\\/?p=11942#breadcrumb\"},\"inLanguage\":\"nn-NO\",\"potentialAction\":[{\"@type\":\"ReadAction\",\"target\":[\"https:\\\/\\\/lokalmagasinet.no\\\/?p=11942\"]}]},{\"@type\":\"ImageObject\",\"inLanguage\":\"nn-NO\",\"@id\":\"https:\\\/\\\/lokalmagasinet.no\\\/?p=11942#primaryimage\",\"url\":\"https:\\\/\\\/lokalmagasinet.no\\\/wp-content\\\/uploads\\\/2022\\\/01\\\/koggen_avson.jpg\",\"contentUrl\":\"https:\\\/\\\/lokalmagasinet.no\\\/wp-content\\\/uploads\\\/2022\\\/01\\\/koggen_avson.jpg\",\"width\":800,\"height\":452,\"caption\":\"cof\"},{\"@type\":\"BreadcrumbList\",\"@id\":\"https:\\\/\\\/lokalmagasinet.no\\\/?p=11942#breadcrumb\",\"itemListElement\":[{\"@type\":\"ListItem\",\"position\":1,\"name\":\"Hjem\",\"item\":\"https:\\\/\\\/lokalmagasinet.no\\\/\"},{\"@type\":\"ListItem\",\"position\":2,\"name\":\"2003: EU-prosjekt overtar Oslofjord Info i Son\"}]},{\"@type\":\"WebSite\",\"@id\":\"https:\\\/\\\/lokalmagasinet.no\\\/#website\",\"url\":\"https:\\\/\\\/lokalmagasinet.no\\\/\",\"name\":\"Lokalmagasinet.no\",\"description\":\"Fra fortid og n\u00e5tid. Med st\u00e5sted i det n\u00e6re. Siden 2002.\",\"publisher\":{\"@id\":\"https:\\\/\\\/lokalmagasinet.no\\\/#organization\"},\"potentialAction\":[{\"@type\":\"SearchAction\",\"target\":{\"@type\":\"EntryPoint\",\"urlTemplate\":\"https:\\\/\\\/lokalmagasinet.no\\\/?s={search_term_string}\"},\"query-input\":{\"@type\":\"PropertyValueSpecification\",\"valueRequired\":true,\"valueName\":\"search_term_string\"}}],\"inLanguage\":\"nn-NO\"},{\"@type\":\"Organization\",\"@id\":\"https:\\\/\\\/lokalmagasinet.no\\\/#organization\",\"name\":\"Lokalmagasinet.no\",\"url\":\"https:\\\/\\\/lokalmagasinet.no\\\/\",\"logo\":{\"@type\":\"ImageObject\",\"inLanguage\":\"nn-NO\",\"@id\":\"https:\\\/\\\/lokalmagasinet.no\\\/#\\\/schema\\\/logo\\\/image\\\/\",\"url\":\"https:\\\/\\\/lokalmagasinet.no\\\/wp-content\\\/uploads\\\/2021\\\/03\\\/cropped-cropped-cropped-cropped-cropped-cropped-lmlogo-e1640691300821.jpg\",\"contentUrl\":\"https:\\\/\\\/lokalmagasinet.no\\\/wp-content\\\/uploads\\\/2021\\\/03\\\/cropped-cropped-cropped-cropped-cropped-cropped-lmlogo-e1640691300821.jpg\",\"width\":72,\"height\":118,\"caption\":\"Lokalmagasinet.no\"},\"image\":{\"@id\":\"https:\\\/\\\/lokalmagasinet.no\\\/#\\\/schema\\\/logo\\\/image\\\/\"},\"sameAs\":[\"https:\\\/\\\/www.facebook.com\\\/sveinharald.strand.1\",\"https:\\\/\\\/x.com\\\/LMExtra\"]},{\"@type\":\"Person\",\"@id\":\"https:\\\/\\\/lokalmagasinet.no\\\/#\\\/schema\\\/person\\\/2e8d221708d3aaf6f577275b5bba4310\",\"name\":\"Svein-Harald Strand\",\"image\":{\"@type\":\"ImageObject\",\"inLanguage\":\"nn-NO\",\"@id\":\"https:\\\/\\\/secure.gravatar.com\\\/avatar\\\/c487434bdf6cd7c12e4a88877ae4b12c38d22b7ad64292b49d33ed7503bb7ce1?s=96&d=mm&r=g\",\"url\":\"https:\\\/\\\/secure.gravatar.com\\\/avatar\\\/c487434bdf6cd7c12e4a88877ae4b12c38d22b7ad64292b49d33ed7503bb7ce1?s=96&d=mm&r=g\",\"contentUrl\":\"https:\\\/\\\/secure.gravatar.com\\\/avatar\\\/c487434bdf6cd7c12e4a88877ae4b12c38d22b7ad64292b49d33ed7503bb7ce1?s=96&d=mm&r=g\",\"caption\":\"Svein-Harald Strand\"},\"description\":\"(F. 26.12.1945) Redakt\u00f8r, journalist og informasjonsarbeider siden 1968. ||| I 1963: Redaksjonell praktikant i 8 m\u00e5neder p\u00e5 full tid i Helgeland Arbeiderblad i hjembyen Mosj\u00f8en. ||| Arbeidende pensjonist med hjemmekontor fra 2008 (AFP) og videre som folkepensjonist til n\u00e5.\",\"sameAs\":[\"https:\\\/\\\/lokalmagasinet.no\\\/\",\"https:\\\/\\\/www.facebook.com\\\/sveinharald.strand.1\",\"https:\\\/\\\/x.com\\\/LMExtra\"],\"url\":\"https:\\\/\\\/lokalmagasinet.no\\\/?author=6\"}]}<\/script>\n<!-- \/ Yoast SEO plugin. -->","yoast_head_json":{"title":"2003: EU-prosjekt overtar Oslofjord Info i Son | Lokalmagasinet.no","robots":{"index":"index","follow":"follow","max-snippet":"max-snippet:-1","max-image-preview":"max-image-preview:large","max-video-preview":"max-video-preview:-1"},"canonical":"https:\/\/lokalmagasinet.no\/?p=11942","og_locale":"nn_NO","og_type":"article","og_title":"2003: EU-prosjekt overtar Oslofjord Info i Son | Lokalmagasinet.no","og_description":"(Fra LM 03.01.2003) (Republisert 27.08.22) Deltakerne i organisasjonen Oslofjord Info har besluttet \u00e5 avvikle aktivitetene og kontoret i Son. Rettigheter og forpliktelser er overf\u00f8rt til EU-prosjektet SuPortNet II. Her samarbeider ... Les mer2003: EU-prosjekt overtar Oslofjord Info i Son","og_url":"https:\/\/lokalmagasinet.no\/?p=11942","og_site_name":"Lokalmagasinet.no","article_publisher":"https:\/\/www.facebook.com\/sveinharald.strand.1","article_author":"https:\/\/www.facebook.com\/sveinharald.strand.1","article_published_time":"2022-08-27T17:27:13+00:00","article_modified_time":"2022-08-28T16:52:56+00:00","og_image":[{"url":"https:\/\/lokalmagasinet.no\/wp-content\/uploads\/2022\/01\/koggen_avson-300x170.jpg","type":"","width":"","height":""}],"author":"Svein-Harald Strand","twitter_card":"summary_large_image","twitter_creator":"@LMExtra","twitter_site":"@LMExtra","twitter_misc":{"Written by":"Svein-Harald Strand","Est. reading time":"1 minutt"},"schema":{"@context":"https:\/\/schema.org","@graph":[{"@type":"Article","@id":"https:\/\/lokalmagasinet.no\/?p=11942#article","isPartOf":{"@id":"https:\/\/lokalmagasinet.no\/?p=11942"},"author":{"name":"Svein-Harald Strand","@id":"https:\/\/lokalmagasinet.no\/#\/schema\/person\/2e8d221708d3aaf6f577275b5bba4310"},"headline":"2003: EU-prosjekt overtar Oslofjord Info i Son","datePublished":"2022-08-27T17:27:13+00:00","dateModified":"2022-08-28T16:52:56+00:00","mainEntityOfPage":{"@id":"https:\/\/lokalmagasinet.no\/?p=11942"},"wordCount":268,"publisher":{"@id":"https:\/\/lokalmagasinet.no\/#organization"},"image":{"@id":"https:\/\/lokalmagasinet.no\/?p=11942#primaryimage"},"thumbnailUrl":"https:\/\/lokalmagasinet.no\/wp-content\/uploads\/2022\/01\/koggen_avson-300x170.jpg","articleSection":["Historisk"],"inLanguage":"nn-NO"},{"@type":"WebPage","@id":"https:\/\/lokalmagasinet.no\/?p=11942","url":"https:\/\/lokalmagasinet.no\/?p=11942","name":"2003: EU-prosjekt overtar Oslofjord Info i Son | Lokalmagasinet.no","isPartOf":{"@id":"https:\/\/lokalmagasinet.no\/#website"},"primaryImageOfPage":{"@id":"https:\/\/lokalmagasinet.no\/?p=11942#primaryimage"},"image":{"@id":"https:\/\/lokalmagasinet.no\/?p=11942#primaryimage"},"thumbnailUrl":"https:\/\/lokalmagasinet.no\/wp-content\/uploads\/2022\/01\/koggen_avson-300x170.jpg","datePublished":"2022-08-27T17:27:13+00:00","dateModified":"2022-08-28T16:52:56+00:00","breadcrumb":{"@id":"https:\/\/lokalmagasinet.no\/?p=11942#breadcrumb"},"inLanguage":"nn-NO","potentialAction":[{"@type":"ReadAction","target":["https:\/\/lokalmagasinet.no\/?p=11942"]}]},{"@type":"ImageObject","inLanguage":"nn-NO","@id":"https:\/\/lokalmagasinet.no\/?p=11942#primaryimage","url":"https:\/\/lokalmagasinet.no\/wp-content\/uploads\/2022\/01\/koggen_avson.jpg","contentUrl":"https:\/\/lokalmagasinet.no\/wp-content\/uploads\/2022\/01\/koggen_avson.jpg","width":800,"height":452,"caption":"cof"},{"@type":"BreadcrumbList","@id":"https:\/\/lokalmagasinet.no\/?p=11942#breadcrumb","itemListElement":[{"@type":"ListItem","position":1,"name":"Hjem","item":"https:\/\/lokalmagasinet.no\/"},{"@type":"ListItem","position":2,"name":"2003: EU-prosjekt overtar Oslofjord Info i Son"}]},{"@type":"WebSite","@id":"https:\/\/lokalmagasinet.no\/#website","url":"https:\/\/lokalmagasinet.no\/","name":"Lokalmagasinet.no","description":"Fra fortid og n\u00e5tid. Med st\u00e5sted i det n\u00e6re. Siden 2002.","publisher":{"@id":"https:\/\/lokalmagasinet.no\/#organization"},"potentialAction":[{"@type":"SearchAction","target":{"@type":"EntryPoint","urlTemplate":"https:\/\/lokalmagasinet.no\/?s={search_term_string}"},"query-input":{"@type":"PropertyValueSpecification","valueRequired":true,"valueName":"search_term_string"}}],"inLanguage":"nn-NO"},{"@type":"Organization","@id":"https:\/\/lokalmagasinet.no\/#organization","name":"Lokalmagasinet.no","url":"https:\/\/lokalmagasinet.no\/","logo":{"@type":"ImageObject","inLanguage":"nn-NO","@id":"https:\/\/lokalmagasinet.no\/#\/schema\/logo\/image\/","url":"https:\/\/lokalmagasinet.no\/wp-content\/uploads\/2021\/03\/cropped-cropped-cropped-cropped-cropped-cropped-lmlogo-e1640691300821.jpg","contentUrl":"https:\/\/lokalmagasinet.no\/wp-content\/uploads\/2021\/03\/cropped-cropped-cropped-cropped-cropped-cropped-lmlogo-e1640691300821.jpg","width":72,"height":118,"caption":"Lokalmagasinet.no"},"image":{"@id":"https:\/\/lokalmagasinet.no\/#\/schema\/logo\/image\/"},"sameAs":["https:\/\/www.facebook.com\/sveinharald.strand.1","https:\/\/x.com\/LMExtra"]},{"@type":"Person","@id":"https:\/\/lokalmagasinet.no\/#\/schema\/person\/2e8d221708d3aaf6f577275b5bba4310","name":"Svein-Harald Strand","image":{"@type":"ImageObject","inLanguage":"nn-NO","@id":"https:\/\/secure.gravatar.com\/avatar\/c487434bdf6cd7c12e4a88877ae4b12c38d22b7ad64292b49d33ed7503bb7ce1?s=96&d=mm&r=g","url":"https:\/\/secure.gravatar.com\/avatar\/c487434bdf6cd7c12e4a88877ae4b12c38d22b7ad64292b49d33ed7503bb7ce1?s=96&d=mm&r=g","contentUrl":"https:\/\/secure.gravatar.com\/avatar\/c487434bdf6cd7c12e4a88877ae4b12c38d22b7ad64292b49d33ed7503bb7ce1?s=96&d=mm&r=g","caption":"Svein-Harald Strand"},"description":"(F. 26.12.1945) Redakt\u00f8r, journalist og informasjonsarbeider siden 1968. ||| I 1963: Redaksjonell praktikant i 8 m\u00e5neder p\u00e5 full tid i Helgeland Arbeiderblad i hjembyen Mosj\u00f8en. ||| Arbeidende pensjonist med hjemmekontor fra 2008 (AFP) og videre som folkepensjonist til n\u00e5.","sameAs":["https:\/\/lokalmagasinet.no\/","https:\/\/www.facebook.com\/sveinharald.strand.1","https:\/\/x.com\/LMExtra"],"url":"https:\/\/lokalmagasinet.no\/?author=6"}]}},"_links":{"self":[{"href":"https:\/\/lokalmagasinet.no\/index.php?rest_route=\/wp\/v2\/posts\/11942","targetHints":{"allow":["GET"]}}],"collection":[{"href":"https:\/\/lokalmagasinet.no\/index.php?rest_route=\/wp\/v2\/posts"}],"about":[{"href":"https:\/\/lokalmagasinet.no\/index.php?rest_route=\/wp\/v2\/types\/post"}],"author":[{"embeddable":true,"href":"https:\/\/lokalmagasinet.no\/index.php?rest_route=\/wp\/v2\/users\/6"}],"replies":[{"embeddable":true,"href":"https:\/\/lokalmagasinet.no\/index.php?rest_route=%2Fwp%2Fv2%2Fcomments&post=11942"}],"version-history":[{"count":11,"href":"https:\/\/lokalmagasinet.no\/index.php?rest_route=\/wp\/v2\/posts\/11942\/revisions"}],"predecessor-version":[{"id":11982,"href":"https:\/\/lokalmagasinet.no\/index.php?rest_route=\/wp\/v2\/posts\/11942\/revisions\/11982"}],"wp:attachment":[{"href":"https:\/\/lokalmagasinet.no\/index.php?rest_route=%2Fwp%2Fv2%2Fmedia&parent=11942"}],"wp:term":[{"taxonomy":"category","embeddable":true,"href":"https:\/\/lokalmagasinet.no\/index.php?rest_route=%2Fwp%2Fv2%2Fcategories&post=11942"},{"taxonomy":"post_tag","embeddable":true,"href":"https:\/\/lokalmagasinet.no\/index.php?rest_route=%2Fwp%2Fv2%2Ftags&post=11942"}],"curies":[{"name":"wp","href":"https:\/\/api.w.org\/{rel}","templated":true}]}}