{"id":12279,"date":"2022-10-05T19:49:48","date_gmt":"2022-10-05T17:49:48","guid":{"rendered":"https:\/\/lokalmagasinet.no\/?p=12279"},"modified":"2022-10-06T20:03:31","modified_gmt":"2022-10-06T18:03:31","slug":"barn-og-unge-pluss-og-minus-i-rapport","status":"publish","type":"post","link":"https:\/\/lokalmagasinet.no\/?p=12279","title":{"rendered":"Barn og unge: Pluss og minus i rapport"},"content":{"rendered":"\r\n<p>(Publisert 05.10.22) (Reporter Svein-H. Strand) <strong>Vestby kommune har etablert flere overordnede planer og m\u00e5l for sitt arbeid med \u00e5 forebygge og f\u00f8lge opp utfordringer blant barn og unge. Det viser en forvaltningsrapport fra tidligere i \u00e5r. Kommunen arbeider ogs\u00e5 med \u00e5 lage en plan for kommunens forebyggende arbeid &#8211; i samsvar med kravene som stilles i barnevernloven.<\/strong><\/p>\r\n<p>Flere tilbud for \u00e5 forebygge og f\u00f8lge opp barn og unge er kommet opp \u00e5 st\u00e5. Og en har &laquo;i all hovedsak&raquo; sikret tydelig fordeling av ansvaret knyttet til dette arbeidet.<\/p>\r\n<p>Unders\u00f8kelsen viste da ogs\u00e5 at at flere ansatte sier de opplever en tydelig ansvarsfordeling mellom tjenestene.<\/p>\r\n<p>MEN DET TRENGTES bedre oversikt over &#8211; og formidling ut til alle tjenestene &#8211; n\u00e5r det gjelder hva som er kommunens m\u00e5l og planer innen forebyggende arbeid.<\/p>\r\n<p>Av tiltak som gjensto i mai var \u00e5 innf\u00f8re modellen Bedre Tverrfaglig innsats (Bli Z ). Og appen <em>\u00abUng Arena Vestby \u2013 appen for deg som er ung i Vestby kommune\u00bb. <\/em>Men ogs\u00e5 \u00e5 etablere et kompetansesenter for bl.a. \u00e5 sikre bedre oversikt over hvilke tilbud som faktisk finnes.<\/p>\r\n<p><strong>Unders\u00f8kelsen viste videre at det ikke fantes et godt nok system for samhandling mellom tjenestene. Det kunne til dels v\u00e6re personavhengig om det var tilstrekkelig samarbeid i enkeltsaker. Ikke minst manglet det et system for \u00e5 samhandle i de mer komplekse sakene.<\/strong><\/p>\r\n<p>Revisjonen merket seg at kommunen &#8211; bl.a. gjennom utviklingsarbeid foran barnevernsreformen &#8211; var opptatt av \u00e5 bedre samarbeidet mellom tjenestene som arbeider med dette.<\/p>\r\n<p>I rapporten understrekes det likevel at tjenestene <em>har plikt<\/em> til \u00e5 samarbeide for \u00e5 sikre koordinerte og helhetlige tjenester til barn og unge.<\/p>\r\n<p><strong>Og fra 1. august 2022 gjelder: \u00d8<em>kt plikt<\/em> til \u00e5 sikre at velferdstjenestene jobber sammen for \u00e5 sikre forebyggende arbeid og tidliginnsats.<\/strong><\/p>\r\n<p>ANDRE FUNN:<\/p>\r\n<p>-Hadde ikke sikret et tilstrekkelig samarbeid med spesialisthelsetjenestene.<\/p>\r\n<p>-Utfordringer knyttet til samarbeidet mellom kommunen og den regionale barne- og ungdomspsykiatrisk poliklinikk (BUP).<\/p>\r\n<p>-Ikke sikret god nok oppf\u00f8lging av barn og unge som har sammensatte vansker og lidelser.<\/p>\r\n<p>Revisjonen understreket at samarbeidet mellom kommunen og BUP er avgj\u00f8rende for \u00e5 sikre god kvalitet og sammenheng i tjenestene til barn og unge som trenger oppf\u00f8lging av spesialisthelsetjenestene.<\/p>\r\n<p><strong>Et utkast til samarbeidsavtale mellom kommunen og BUP var utarbeidet, og denne avtalen var (mai 2022) klar for signering.<\/strong><\/p>\r\n<p>INDIVIDUELL PLAN. Vestby kommune har i all hovedsak retningslinjer og rutiner for \u00e5 utarbeide individuell plan for barn og unge som trenger langvarige og koordinerte tjenester.<\/p>\r\n<p><strong>Revisjonen fant samtidig at ikke alle ansatte var godt nok kjent med sitt ansvar og sine oppgaver i arbeidet med \u00e5 lage individuell plan. Dermed risikerer en at ikke alle som har behov for individuell plan, f\u00e5r dette.<\/strong><\/p>\r\n<p>Dette er ikke i samsvar med krav i regelverket (bl.a. \u00a7 2-5 i pasient- og brukerrettighetsloven). Individuell plan er et viktig samhandlingsverkt\u00f8y for barn og unge som har behov for langvarige og koordinerte tjenester fra kommunen.<\/p>\r\n<p>BRUKERMEDVIRKNING. Kommunen b\u00f8r i st\u00f8rre grad systematisere brukermedvirkning i evaluering av tjenestetilbud til barn og unge.<\/p>\r\n<p><strong>Tjenestene har jevnlig samtaler med barn\/unge og p\u00e5r\u00f8rende. Men brukermedvirkning &#8211; gjennom evaluering av tjenester og tilbud &#8211; blir ikke systematisk gjennomf\u00f8rt i alle tjenester.<\/strong><\/p>\r\n<p>ANBEFALINGER: Basert p\u00e5 det som kommer fram i unders\u00f8kelsen anbefalte revisjonen at kommunen oppretter f\u00f8lgende tiltak:<\/p>\r\n\r\n\r\n\r\n<ol class=\"wp-block-list\">\r\n<li><em>Etablerer en overordnet oversikt over<\/em><br \/>a) m\u00e5l og planer innen psykisk helse- og rusarbeid rettet mor barn og unge<br \/>b) etablerte tiltak og tilbud innen rus- og psykisk helsearbeid for barn og unge<\/li>\r\n<li><em>Sikrer at alle ansatte er tilstrekkelig kjent med<\/em><br \/>a) rutiner og verkt\u00f8y som er etablert for \u00e5 sikre kartlegging og oppf\u00f8lging av barn og unge med behov for oppf\u00f8lging.<br \/>b) ansvar og oppgaver i arbeidet med individuell plan, og sikrer at barn med behov for individuell plan f\u00e5r tilbud om dette.<\/li>\r\n<li>Sikrer at det blir etablert klare samarbeidsstrukturer og tilfredsstillende samarbeid mellom kommunale tjenester som jobber med barn\/unge og familier i kommunen.<\/li>\r\n<li>Sikrer systematisk samarbeid med spesialisthelsetjenesten knyttet til barn og unge med behov for oppf\u00f8lging av spesialisthelsetjenestene. Sikrer systematisk brukermedvirkning i evaluering av tjenester rettet mot barn og unge.<\/li>\r\n<\/ol>\r\n<p>Views: 88<\/p>","protected":false},"excerpt":{"rendered":"<p>(Publisert 05.10.22) (Reporter Svein-H. Strand) Vestby kommune har etablert flere overordnede planer og m\u00e5l for sitt arbeid med \u00e5 forebygge og f\u00f8lge opp utfordringer blant barn og unge. Det viser &#8230; <\/p>\n<p class=\"read-more-container\"><a title=\"Barn og unge: Pluss og minus i rapport\" class=\"read-more button\" href=\"https:\/\/lokalmagasinet.no\/?p=12279#more-12279\">Les mer<span class=\"screen-reader-text\">Barn og unge: Pluss og minus i rapport<\/span><\/a><\/p>\n","protected":false},"author":6,"featured_media":6283,"comment_status":"closed","ping_status":"open","sticky":false,"template":"","format":"standard","meta":{"footnotes":""},"categories":[1],"tags":[],"class_list":["post-12279","post","type-post","status-publish","format-standard","has-post-thumbnail","hentry","category-aktuelt"],"yoast_head":"<!-- This site is optimized with the Yoast SEO plugin v27.4 - https:\/\/yoast.com\/product\/yoast-seo-wordpress\/ -->\n<title>Barn og unge: Pluss og minus i rapport | Lokalmagasinet.no<\/title>\n<meta name=\"robots\" content=\"index, follow, max-snippet:-1, max-image-preview:large, max-video-preview:-1\" \/>\n<link rel=\"canonical\" href=\"https:\/\/lokalmagasinet.no\/?p=12279\" \/>\n<meta property=\"og:locale\" content=\"nn_NO\" \/>\n<meta property=\"og:type\" content=\"article\" \/>\n<meta property=\"og:title\" content=\"Barn og unge: Pluss og minus i rapport | Lokalmagasinet.no\" \/>\n<meta property=\"og:description\" content=\"(Publisert 05.10.22) (Reporter Svein-H. Strand) Vestby kommune har etablert flere overordnede planer og m\u00e5l for sitt arbeid med \u00e5 forebygge og f\u00f8lge opp utfordringer blant barn og unge. Det viser ... Les merBarn og unge: Pluss og minus i rapport\" \/>\n<meta property=\"og:url\" content=\"https:\/\/lokalmagasinet.no\/?p=12279\" \/>\n<meta property=\"og:site_name\" content=\"Lokalmagasinet.no\" \/>\n<meta property=\"article:publisher\" content=\"https:\/\/www.facebook.com\/sveinharald.strand.1\" \/>\n<meta property=\"article:author\" content=\"https:\/\/www.facebook.com\/sveinharald.strand.1\" \/>\n<meta property=\"article:published_time\" content=\"2022-10-05T17:49:48+00:00\" \/>\n<meta property=\"article:modified_time\" content=\"2022-10-06T18:03:31+00:00\" \/>\n<meta property=\"og:image\" content=\"https:\/\/lokalmagasinet.no\/wp-content\/uploads\/2021\/11\/journalism2stock200.jpg\" \/>\n\t<meta property=\"og:image:width\" content=\"200\" \/>\n\t<meta property=\"og:image:height\" content=\"165\" \/>\n\t<meta property=\"og:image:type\" content=\"image\/jpeg\" \/>\n<meta name=\"author\" content=\"Svein-Harald Strand\" \/>\n<meta name=\"twitter:card\" content=\"summary_large_image\" \/>\n<meta name=\"twitter:creator\" content=\"@LMExtra\" \/>\n<meta name=\"twitter:site\" content=\"@LMExtra\" \/>\n<meta name=\"twitter:label1\" content=\"Written by\" \/>\n\t<meta name=\"twitter:data1\" content=\"Svein-Harald Strand\" \/>\n\t<meta name=\"twitter:label2\" content=\"Est. reading time\" \/>\n\t<meta name=\"twitter:data2\" content=\"3 minutt\" \/>\n<script type=\"application\/ld+json\" class=\"yoast-schema-graph\">{\"@context\":\"https:\\\/\\\/schema.org\",\"@graph\":[{\"@type\":\"Article\",\"@id\":\"https:\\\/\\\/lokalmagasinet.no\\\/?p=12279#article\",\"isPartOf\":{\"@id\":\"https:\\\/\\\/lokalmagasinet.no\\\/?p=12279\"},\"author\":{\"name\":\"Svein-Harald Strand\",\"@id\":\"https:\\\/\\\/lokalmagasinet.no\\\/#\\\/schema\\\/person\\\/2e8d221708d3aaf6f577275b5bba4310\"},\"headline\":\"Barn og unge: Pluss og minus i rapport\",\"datePublished\":\"2022-10-05T17:49:48+00:00\",\"dateModified\":\"2022-10-06T18:03:31+00:00\",\"mainEntityOfPage\":{\"@id\":\"https:\\\/\\\/lokalmagasinet.no\\\/?p=12279\"},\"wordCount\":682,\"publisher\":{\"@id\":\"https:\\\/\\\/lokalmagasinet.no\\\/#organization\"},\"image\":{\"@id\":\"https:\\\/\\\/lokalmagasinet.no\\\/?p=12279#primaryimage\"},\"thumbnailUrl\":\"https:\\\/\\\/lokalmagasinet.no\\\/wp-content\\\/uploads\\\/2021\\\/11\\\/journalism2stock200.jpg\",\"articleSection\":[\"Aktuelt\"],\"inLanguage\":\"nn-NO\"},{\"@type\":\"WebPage\",\"@id\":\"https:\\\/\\\/lokalmagasinet.no\\\/?p=12279\",\"url\":\"https:\\\/\\\/lokalmagasinet.no\\\/?p=12279\",\"name\":\"Barn og unge: Pluss og minus i rapport | Lokalmagasinet.no\",\"isPartOf\":{\"@id\":\"https:\\\/\\\/lokalmagasinet.no\\\/#website\"},\"primaryImageOfPage\":{\"@id\":\"https:\\\/\\\/lokalmagasinet.no\\\/?p=12279#primaryimage\"},\"image\":{\"@id\":\"https:\\\/\\\/lokalmagasinet.no\\\/?p=12279#primaryimage\"},\"thumbnailUrl\":\"https:\\\/\\\/lokalmagasinet.no\\\/wp-content\\\/uploads\\\/2021\\\/11\\\/journalism2stock200.jpg\",\"datePublished\":\"2022-10-05T17:49:48+00:00\",\"dateModified\":\"2022-10-06T18:03:31+00:00\",\"breadcrumb\":{\"@id\":\"https:\\\/\\\/lokalmagasinet.no\\\/?p=12279#breadcrumb\"},\"inLanguage\":\"nn-NO\",\"potentialAction\":[{\"@type\":\"ReadAction\",\"target\":[\"https:\\\/\\\/lokalmagasinet.no\\\/?p=12279\"]}]},{\"@type\":\"ImageObject\",\"inLanguage\":\"nn-NO\",\"@id\":\"https:\\\/\\\/lokalmagasinet.no\\\/?p=12279#primaryimage\",\"url\":\"https:\\\/\\\/lokalmagasinet.no\\\/wp-content\\\/uploads\\\/2021\\\/11\\\/journalism2stock200.jpg\",\"contentUrl\":\"https:\\\/\\\/lokalmagasinet.no\\\/wp-content\\\/uploads\\\/2021\\\/11\\\/journalism2stock200.jpg\",\"width\":200,\"height\":165},{\"@type\":\"BreadcrumbList\",\"@id\":\"https:\\\/\\\/lokalmagasinet.no\\\/?p=12279#breadcrumb\",\"itemListElement\":[{\"@type\":\"ListItem\",\"position\":1,\"name\":\"Hjem\",\"item\":\"https:\\\/\\\/lokalmagasinet.no\\\/\"},{\"@type\":\"ListItem\",\"position\":2,\"name\":\"Barn og unge: Pluss og minus i rapport\"}]},{\"@type\":\"WebSite\",\"@id\":\"https:\\\/\\\/lokalmagasinet.no\\\/#website\",\"url\":\"https:\\\/\\\/lokalmagasinet.no\\\/\",\"name\":\"Lokalmagasinet.no\",\"description\":\"Fra fortid og n\u00e5tid. Med st\u00e5sted i det n\u00e6re. Siden 2002.\",\"publisher\":{\"@id\":\"https:\\\/\\\/lokalmagasinet.no\\\/#organization\"},\"potentialAction\":[{\"@type\":\"SearchAction\",\"target\":{\"@type\":\"EntryPoint\",\"urlTemplate\":\"https:\\\/\\\/lokalmagasinet.no\\\/?s={search_term_string}\"},\"query-input\":{\"@type\":\"PropertyValueSpecification\",\"valueRequired\":true,\"valueName\":\"search_term_string\"}}],\"inLanguage\":\"nn-NO\"},{\"@type\":\"Organization\",\"@id\":\"https:\\\/\\\/lokalmagasinet.no\\\/#organization\",\"name\":\"Lokalmagasinet.no\",\"url\":\"https:\\\/\\\/lokalmagasinet.no\\\/\",\"logo\":{\"@type\":\"ImageObject\",\"inLanguage\":\"nn-NO\",\"@id\":\"https:\\\/\\\/lokalmagasinet.no\\\/#\\\/schema\\\/logo\\\/image\\\/\",\"url\":\"https:\\\/\\\/lokalmagasinet.no\\\/wp-content\\\/uploads\\\/2021\\\/03\\\/cropped-cropped-cropped-cropped-cropped-cropped-lmlogo-e1640691300821.jpg\",\"contentUrl\":\"https:\\\/\\\/lokalmagasinet.no\\\/wp-content\\\/uploads\\\/2021\\\/03\\\/cropped-cropped-cropped-cropped-cropped-cropped-lmlogo-e1640691300821.jpg\",\"width\":72,\"height\":118,\"caption\":\"Lokalmagasinet.no\"},\"image\":{\"@id\":\"https:\\\/\\\/lokalmagasinet.no\\\/#\\\/schema\\\/logo\\\/image\\\/\"},\"sameAs\":[\"https:\\\/\\\/www.facebook.com\\\/sveinharald.strand.1\",\"https:\\\/\\\/x.com\\\/LMExtra\"]},{\"@type\":\"Person\",\"@id\":\"https:\\\/\\\/lokalmagasinet.no\\\/#\\\/schema\\\/person\\\/2e8d221708d3aaf6f577275b5bba4310\",\"name\":\"Svein-Harald Strand\",\"image\":{\"@type\":\"ImageObject\",\"inLanguage\":\"nn-NO\",\"@id\":\"https:\\\/\\\/secure.gravatar.com\\\/avatar\\\/c487434bdf6cd7c12e4a88877ae4b12c38d22b7ad64292b49d33ed7503bb7ce1?s=96&d=mm&r=g\",\"url\":\"https:\\\/\\\/secure.gravatar.com\\\/avatar\\\/c487434bdf6cd7c12e4a88877ae4b12c38d22b7ad64292b49d33ed7503bb7ce1?s=96&d=mm&r=g\",\"contentUrl\":\"https:\\\/\\\/secure.gravatar.com\\\/avatar\\\/c487434bdf6cd7c12e4a88877ae4b12c38d22b7ad64292b49d33ed7503bb7ce1?s=96&d=mm&r=g\",\"caption\":\"Svein-Harald Strand\"},\"description\":\"(F. 26.12.1945) Redakt\u00f8r, journalist og informasjonsarbeider siden 1968. ||| I 1963: Redaksjonell praktikant i 8 m\u00e5neder p\u00e5 full tid i Helgeland Arbeiderblad i hjembyen Mosj\u00f8en. ||| Arbeidende pensjonist med hjemmekontor fra 2008 (AFP) og videre som folkepensjonist til n\u00e5.\",\"sameAs\":[\"https:\\\/\\\/lokalmagasinet.no\\\/\",\"https:\\\/\\\/www.facebook.com\\\/sveinharald.strand.1\",\"https:\\\/\\\/x.com\\\/LMExtra\"],\"url\":\"https:\\\/\\\/lokalmagasinet.no\\\/?author=6\"}]}<\/script>\n<!-- \/ Yoast SEO plugin. -->","yoast_head_json":{"title":"Barn og unge: Pluss og minus i rapport | Lokalmagasinet.no","robots":{"index":"index","follow":"follow","max-snippet":"max-snippet:-1","max-image-preview":"max-image-preview:large","max-video-preview":"max-video-preview:-1"},"canonical":"https:\/\/lokalmagasinet.no\/?p=12279","og_locale":"nn_NO","og_type":"article","og_title":"Barn og unge: Pluss og minus i rapport | Lokalmagasinet.no","og_description":"(Publisert 05.10.22) (Reporter Svein-H. Strand) Vestby kommune har etablert flere overordnede planer og m\u00e5l for sitt arbeid med \u00e5 forebygge og f\u00f8lge opp utfordringer blant barn og unge. Det viser ... Les merBarn og unge: Pluss og minus i rapport","og_url":"https:\/\/lokalmagasinet.no\/?p=12279","og_site_name":"Lokalmagasinet.no","article_publisher":"https:\/\/www.facebook.com\/sveinharald.strand.1","article_author":"https:\/\/www.facebook.com\/sveinharald.strand.1","article_published_time":"2022-10-05T17:49:48+00:00","article_modified_time":"2022-10-06T18:03:31+00:00","og_image":[{"width":200,"height":165,"url":"https:\/\/lokalmagasinet.no\/wp-content\/uploads\/2021\/11\/journalism2stock200.jpg","type":"image\/jpeg"}],"author":"Svein-Harald Strand","twitter_card":"summary_large_image","twitter_creator":"@LMExtra","twitter_site":"@LMExtra","twitter_misc":{"Written by":"Svein-Harald Strand","Est. reading time":"3 minutt"},"schema":{"@context":"https:\/\/schema.org","@graph":[{"@type":"Article","@id":"https:\/\/lokalmagasinet.no\/?p=12279#article","isPartOf":{"@id":"https:\/\/lokalmagasinet.no\/?p=12279"},"author":{"name":"Svein-Harald Strand","@id":"https:\/\/lokalmagasinet.no\/#\/schema\/person\/2e8d221708d3aaf6f577275b5bba4310"},"headline":"Barn og unge: Pluss og minus i rapport","datePublished":"2022-10-05T17:49:48+00:00","dateModified":"2022-10-06T18:03:31+00:00","mainEntityOfPage":{"@id":"https:\/\/lokalmagasinet.no\/?p=12279"},"wordCount":682,"publisher":{"@id":"https:\/\/lokalmagasinet.no\/#organization"},"image":{"@id":"https:\/\/lokalmagasinet.no\/?p=12279#primaryimage"},"thumbnailUrl":"https:\/\/lokalmagasinet.no\/wp-content\/uploads\/2021\/11\/journalism2stock200.jpg","articleSection":["Aktuelt"],"inLanguage":"nn-NO"},{"@type":"WebPage","@id":"https:\/\/lokalmagasinet.no\/?p=12279","url":"https:\/\/lokalmagasinet.no\/?p=12279","name":"Barn og unge: Pluss og minus i rapport | Lokalmagasinet.no","isPartOf":{"@id":"https:\/\/lokalmagasinet.no\/#website"},"primaryImageOfPage":{"@id":"https:\/\/lokalmagasinet.no\/?p=12279#primaryimage"},"image":{"@id":"https:\/\/lokalmagasinet.no\/?p=12279#primaryimage"},"thumbnailUrl":"https:\/\/lokalmagasinet.no\/wp-content\/uploads\/2021\/11\/journalism2stock200.jpg","datePublished":"2022-10-05T17:49:48+00:00","dateModified":"2022-10-06T18:03:31+00:00","breadcrumb":{"@id":"https:\/\/lokalmagasinet.no\/?p=12279#breadcrumb"},"inLanguage":"nn-NO","potentialAction":[{"@type":"ReadAction","target":["https:\/\/lokalmagasinet.no\/?p=12279"]}]},{"@type":"ImageObject","inLanguage":"nn-NO","@id":"https:\/\/lokalmagasinet.no\/?p=12279#primaryimage","url":"https:\/\/lokalmagasinet.no\/wp-content\/uploads\/2021\/11\/journalism2stock200.jpg","contentUrl":"https:\/\/lokalmagasinet.no\/wp-content\/uploads\/2021\/11\/journalism2stock200.jpg","width":200,"height":165},{"@type":"BreadcrumbList","@id":"https:\/\/lokalmagasinet.no\/?p=12279#breadcrumb","itemListElement":[{"@type":"ListItem","position":1,"name":"Hjem","item":"https:\/\/lokalmagasinet.no\/"},{"@type":"ListItem","position":2,"name":"Barn og unge: Pluss og minus i rapport"}]},{"@type":"WebSite","@id":"https:\/\/lokalmagasinet.no\/#website","url":"https:\/\/lokalmagasinet.no\/","name":"Lokalmagasinet.no","description":"Fra fortid og n\u00e5tid. Med st\u00e5sted i det n\u00e6re. Siden 2002.","publisher":{"@id":"https:\/\/lokalmagasinet.no\/#organization"},"potentialAction":[{"@type":"SearchAction","target":{"@type":"EntryPoint","urlTemplate":"https:\/\/lokalmagasinet.no\/?s={search_term_string}"},"query-input":{"@type":"PropertyValueSpecification","valueRequired":true,"valueName":"search_term_string"}}],"inLanguage":"nn-NO"},{"@type":"Organization","@id":"https:\/\/lokalmagasinet.no\/#organization","name":"Lokalmagasinet.no","url":"https:\/\/lokalmagasinet.no\/","logo":{"@type":"ImageObject","inLanguage":"nn-NO","@id":"https:\/\/lokalmagasinet.no\/#\/schema\/logo\/image\/","url":"https:\/\/lokalmagasinet.no\/wp-content\/uploads\/2021\/03\/cropped-cropped-cropped-cropped-cropped-cropped-lmlogo-e1640691300821.jpg","contentUrl":"https:\/\/lokalmagasinet.no\/wp-content\/uploads\/2021\/03\/cropped-cropped-cropped-cropped-cropped-cropped-lmlogo-e1640691300821.jpg","width":72,"height":118,"caption":"Lokalmagasinet.no"},"image":{"@id":"https:\/\/lokalmagasinet.no\/#\/schema\/logo\/image\/"},"sameAs":["https:\/\/www.facebook.com\/sveinharald.strand.1","https:\/\/x.com\/LMExtra"]},{"@type":"Person","@id":"https:\/\/lokalmagasinet.no\/#\/schema\/person\/2e8d221708d3aaf6f577275b5bba4310","name":"Svein-Harald Strand","image":{"@type":"ImageObject","inLanguage":"nn-NO","@id":"https:\/\/secure.gravatar.com\/avatar\/c487434bdf6cd7c12e4a88877ae4b12c38d22b7ad64292b49d33ed7503bb7ce1?s=96&d=mm&r=g","url":"https:\/\/secure.gravatar.com\/avatar\/c487434bdf6cd7c12e4a88877ae4b12c38d22b7ad64292b49d33ed7503bb7ce1?s=96&d=mm&r=g","contentUrl":"https:\/\/secure.gravatar.com\/avatar\/c487434bdf6cd7c12e4a88877ae4b12c38d22b7ad64292b49d33ed7503bb7ce1?s=96&d=mm&r=g","caption":"Svein-Harald Strand"},"description":"(F. 26.12.1945) Redakt\u00f8r, journalist og informasjonsarbeider siden 1968. ||| I 1963: Redaksjonell praktikant i 8 m\u00e5neder p\u00e5 full tid i Helgeland Arbeiderblad i hjembyen Mosj\u00f8en. ||| Arbeidende pensjonist med hjemmekontor fra 2008 (AFP) og videre som folkepensjonist til n\u00e5.","sameAs":["https:\/\/lokalmagasinet.no\/","https:\/\/www.facebook.com\/sveinharald.strand.1","https:\/\/x.com\/LMExtra"],"url":"https:\/\/lokalmagasinet.no\/?author=6"}]}},"_links":{"self":[{"href":"https:\/\/lokalmagasinet.no\/index.php?rest_route=\/wp\/v2\/posts\/12279","targetHints":{"allow":["GET"]}}],"collection":[{"href":"https:\/\/lokalmagasinet.no\/index.php?rest_route=\/wp\/v2\/posts"}],"about":[{"href":"https:\/\/lokalmagasinet.no\/index.php?rest_route=\/wp\/v2\/types\/post"}],"author":[{"embeddable":true,"href":"https:\/\/lokalmagasinet.no\/index.php?rest_route=\/wp\/v2\/users\/6"}],"replies":[{"embeddable":true,"href":"https:\/\/lokalmagasinet.no\/index.php?rest_route=%2Fwp%2Fv2%2Fcomments&post=12279"}],"version-history":[{"count":18,"href":"https:\/\/lokalmagasinet.no\/index.php?rest_route=\/wp\/v2\/posts\/12279\/revisions"}],"predecessor-version":[{"id":12615,"href":"https:\/\/lokalmagasinet.no\/index.php?rest_route=\/wp\/v2\/posts\/12279\/revisions\/12615"}],"wp:featuredmedia":[{"embeddable":true,"href":"https:\/\/lokalmagasinet.no\/index.php?rest_route=\/wp\/v2\/media\/6283"}],"wp:attachment":[{"href":"https:\/\/lokalmagasinet.no\/index.php?rest_route=%2Fwp%2Fv2%2Fmedia&parent=12279"}],"wp:term":[{"taxonomy":"category","embeddable":true,"href":"https:\/\/lokalmagasinet.no\/index.php?rest_route=%2Fwp%2Fv2%2Fcategories&post=12279"},{"taxonomy":"post_tag","embeddable":true,"href":"https:\/\/lokalmagasinet.no\/index.php?rest_route=%2Fwp%2Fv2%2Ftags&post=12279"}],"curies":[{"name":"wp","href":"https:\/\/api.w.org\/{rel}","templated":true}]}}