{"id":12851,"date":"2022-10-19T18:47:00","date_gmt":"2022-10-19T16:47:00","guid":{"rendered":"https:\/\/lokalmagasinet.no\/?p=12851"},"modified":"2022-10-23T20:01:40","modified_gmt":"2022-10-23T18:01:40","slug":"har-10-000-sekker-med-ved-fra-egen-skog","status":"publish","type":"post","link":"https:\/\/lokalmagasinet.no\/?p=12851","title":{"rendered":"Har 10.000 sekker med ved fra egen skog"},"content":{"rendered":"\r\n<p>(Publisert 19.10.22) (Reporter Svein-H. Strand) <strong>Stig Eyde p\u00e5 Berg g\u00e5rd i Vestby har i en \u00e5rrekke v\u00e6rt blant de st\u00f8rste forhandlerne av ved i Follo-regionen. Og ikke bare har han ofte importert kammert\u00f8rket ved fra de baltiske land &#8211; brakt med lastebiler til g\u00e5rden. Han har ogs\u00e5 sin egen skog p\u00e5 Berg som har funnet veien til tusener av sekker p\u00e5 \u00e5rsbasis.<\/strong><\/p>\r\n\r\n\r\n\r\n<p><img loading=\"lazy\" decoding=\"async\" class=\"size-medium wp-image-712 alignleft\" src=\"https:\/\/lokalmagasinet.no\/wp-content\/uploads\/2021\/02\/stigeydeimobil_400-179x300.jpg\" alt=\"\" width=\"179\" height=\"300\" srcset=\"https:\/\/lokalmagasinet.no\/wp-content\/uploads\/2021\/02\/stigeydeimobil_400-179x300.jpg 179w, https:\/\/lokalmagasinet.no\/wp-content\/uploads\/2021\/02\/stigeydeimobil_400.jpg 476w\" sizes=\"auto, (max-width: 179px) 100vw, 179px\" \/>Ettersp\u00f8rselen etter fyringsved i sekk har s\u00e5 \u00e5 si \u00f8kt med str\u00f8mprisen i S\u00f8r-Norge. En telefon til Stig Eyde (bildet; foto LM Arkiv) bekrefter ikke overraskende at det bare renner inn med bestillinger, der ogs\u00e5.<\/p>\r\n\r\n\r\n\r\n<p>&#8211; Vet du hva &#8211; midt p\u00e5 sommeren, i juli, gikk det ut 6000 sekker med 20- og 30 centimeter vedskier!<\/p>\r\n\r\n\r\n\r\n<p><em>&#8211; Fra egen skog?<\/em><\/p>\r\n\r\n\r\n\r\n<p>&#8211; Ja, ikke noe var fra Baltikum, det trengtes ikke.<\/p>\r\n\r\n\r\n\r\n<p><em>&#8211; Si meg, hvor mye skog har du egentlig?<\/em><\/p>\r\n\r\n\r\n\r\n<p>&#8211; Rundt 500 m\u00e5l.<\/p>\r\n<p><strong>NESTE GENERASJON<\/strong><\/p>\r\n\r\n\r\n\r\n<p><em>&#8211; Det er jo litt \u00e5 ta av, men hva med framtiden?<\/em><\/p>\r\n\r\n\r\n\r\n<p>&#8211; Da kan jeg fortelle at det i g\u00e5r var folk her fra Viken Skog som satte ned 17.000 planter, blant annet gran. Og det ble gravd og gr\u00f8ftet i stor stil til neste generasjon, som seg h\u00f8r og b\u00f8r, forsikrer vedmannen p\u00e5 Berg.<\/p>\r\n\r\n\r\n\r\n<p>Om det m\u00e5 v\u00e6re lov \u00e5 tilf\u00f8ye: En generasjon der 20- og 30 centimeter fin fyringsved i sekk fortsatt er \u00e5 f\u00e5, m\u00e5 vi h\u00e5pe.<\/p>\r\n<p>Views: 97<\/p>","protected":false},"excerpt":{"rendered":"<p>(Publisert 19.10.22) (Reporter Svein-H. Strand) Stig Eyde p\u00e5 Berg g\u00e5rd i Vestby har i en \u00e5rrekke v\u00e6rt blant de st\u00f8rste forhandlerne av ved i Follo-regionen. Og ikke bare har han &#8230; <\/p>\n<p class=\"read-more-container\"><a title=\"Har 10.000 sekker med ved fra egen skog\" class=\"read-more button\" href=\"https:\/\/lokalmagasinet.no\/?p=12851#more-12851\">Les mer<span class=\"screen-reader-text\">Har 10.000 sekker med ved fra egen skog<\/span><\/a><\/p>\n","protected":false},"author":6,"featured_media":6283,"comment_status":"closed","ping_status":"open","sticky":false,"template":"","format":"standard","meta":{"footnotes":""},"categories":[1,67],"tags":[],"class_list":["post-12851","post","type-post","status-publish","format-standard","has-post-thumbnail","hentry","category-aktuelt","category-fyringsved"],"yoast_head":"<!-- This site is optimized with the Yoast SEO plugin v27.4 - https:\/\/yoast.com\/product\/yoast-seo-wordpress\/ -->\n<title>Har 10.000 sekker med ved fra egen skog | Lokalmagasinet.no<\/title>\n<meta name=\"robots\" content=\"index, follow, max-snippet:-1, max-image-preview:large, max-video-preview:-1\" \/>\n<link rel=\"canonical\" href=\"https:\/\/lokalmagasinet.no\/?p=12851\" \/>\n<meta property=\"og:locale\" content=\"nn_NO\" \/>\n<meta property=\"og:type\" content=\"article\" \/>\n<meta property=\"og:title\" content=\"Har 10.000 sekker med ved fra egen skog | Lokalmagasinet.no\" \/>\n<meta property=\"og:description\" content=\"(Publisert 19.10.22) (Reporter Svein-H. Strand) Stig Eyde p\u00e5 Berg g\u00e5rd i Vestby har i en \u00e5rrekke v\u00e6rt blant de st\u00f8rste forhandlerne av ved i Follo-regionen. Og ikke bare har han ... Les merHar 10.000 sekker med ved fra egen skog\" \/>\n<meta property=\"og:url\" content=\"https:\/\/lokalmagasinet.no\/?p=12851\" \/>\n<meta property=\"og:site_name\" content=\"Lokalmagasinet.no\" \/>\n<meta property=\"article:publisher\" content=\"https:\/\/www.facebook.com\/sveinharald.strand.1\" \/>\n<meta property=\"article:author\" content=\"https:\/\/www.facebook.com\/sveinharald.strand.1\" \/>\n<meta property=\"article:published_time\" content=\"2022-10-19T16:47:00+00:00\" \/>\n<meta property=\"article:modified_time\" content=\"2022-10-23T18:01:40+00:00\" \/>\n<meta property=\"og:image\" content=\"https:\/\/lokalmagasinet.no\/wp-content\/uploads\/2021\/11\/journalism2stock200.jpg\" \/>\n\t<meta property=\"og:image:width\" content=\"200\" \/>\n\t<meta property=\"og:image:height\" content=\"165\" \/>\n\t<meta property=\"og:image:type\" content=\"image\/jpeg\" \/>\n<meta name=\"author\" content=\"Svein-Harald Strand\" \/>\n<meta name=\"twitter:card\" content=\"summary_large_image\" \/>\n<meta name=\"twitter:creator\" content=\"@LMExtra\" \/>\n<meta name=\"twitter:site\" content=\"@LMExtra\" \/>\n<meta name=\"twitter:label1\" content=\"Written by\" \/>\n\t<meta name=\"twitter:data1\" content=\"Svein-Harald Strand\" \/>\n\t<meta name=\"twitter:label2\" content=\"Est. reading time\" \/>\n\t<meta name=\"twitter:data2\" content=\"1 minutt\" \/>\n<script type=\"application\/ld+json\" class=\"yoast-schema-graph\">{\"@context\":\"https:\\\/\\\/schema.org\",\"@graph\":[{\"@type\":\"Article\",\"@id\":\"https:\\\/\\\/lokalmagasinet.no\\\/?p=12851#article\",\"isPartOf\":{\"@id\":\"https:\\\/\\\/lokalmagasinet.no\\\/?p=12851\"},\"author\":{\"name\":\"Svein-Harald Strand\",\"@id\":\"https:\\\/\\\/lokalmagasinet.no\\\/#\\\/schema\\\/person\\\/2e8d221708d3aaf6f577275b5bba4310\"},\"headline\":\"Har 10.000 sekker med ved fra egen skog\",\"datePublished\":\"2022-10-19T16:47:00+00:00\",\"dateModified\":\"2022-10-23T18:01:40+00:00\",\"mainEntityOfPage\":{\"@id\":\"https:\\\/\\\/lokalmagasinet.no\\\/?p=12851\"},\"wordCount\":241,\"publisher\":{\"@id\":\"https:\\\/\\\/lokalmagasinet.no\\\/#organization\"},\"image\":{\"@id\":\"https:\\\/\\\/lokalmagasinet.no\\\/?p=12851#primaryimage\"},\"thumbnailUrl\":\"https:\\\/\\\/lokalmagasinet.no\\\/wp-content\\\/uploads\\\/2021\\\/11\\\/journalism2stock200.jpg\",\"articleSection\":[\"Aktuelt\",\"Fyringsved\"],\"inLanguage\":\"nn-NO\"},{\"@type\":\"WebPage\",\"@id\":\"https:\\\/\\\/lokalmagasinet.no\\\/?p=12851\",\"url\":\"https:\\\/\\\/lokalmagasinet.no\\\/?p=12851\",\"name\":\"Har 10.000 sekker med ved fra egen skog | Lokalmagasinet.no\",\"isPartOf\":{\"@id\":\"https:\\\/\\\/lokalmagasinet.no\\\/#website\"},\"primaryImageOfPage\":{\"@id\":\"https:\\\/\\\/lokalmagasinet.no\\\/?p=12851#primaryimage\"},\"image\":{\"@id\":\"https:\\\/\\\/lokalmagasinet.no\\\/?p=12851#primaryimage\"},\"thumbnailUrl\":\"https:\\\/\\\/lokalmagasinet.no\\\/wp-content\\\/uploads\\\/2021\\\/11\\\/journalism2stock200.jpg\",\"datePublished\":\"2022-10-19T16:47:00+00:00\",\"dateModified\":\"2022-10-23T18:01:40+00:00\",\"breadcrumb\":{\"@id\":\"https:\\\/\\\/lokalmagasinet.no\\\/?p=12851#breadcrumb\"},\"inLanguage\":\"nn-NO\",\"potentialAction\":[{\"@type\":\"ReadAction\",\"target\":[\"https:\\\/\\\/lokalmagasinet.no\\\/?p=12851\"]}]},{\"@type\":\"ImageObject\",\"inLanguage\":\"nn-NO\",\"@id\":\"https:\\\/\\\/lokalmagasinet.no\\\/?p=12851#primaryimage\",\"url\":\"https:\\\/\\\/lokalmagasinet.no\\\/wp-content\\\/uploads\\\/2021\\\/11\\\/journalism2stock200.jpg\",\"contentUrl\":\"https:\\\/\\\/lokalmagasinet.no\\\/wp-content\\\/uploads\\\/2021\\\/11\\\/journalism2stock200.jpg\",\"width\":200,\"height\":165},{\"@type\":\"BreadcrumbList\",\"@id\":\"https:\\\/\\\/lokalmagasinet.no\\\/?p=12851#breadcrumb\",\"itemListElement\":[{\"@type\":\"ListItem\",\"position\":1,\"name\":\"Hjem\",\"item\":\"https:\\\/\\\/lokalmagasinet.no\\\/\"},{\"@type\":\"ListItem\",\"position\":2,\"name\":\"Har 10.000 sekker med ved fra egen skog\"}]},{\"@type\":\"WebSite\",\"@id\":\"https:\\\/\\\/lokalmagasinet.no\\\/#website\",\"url\":\"https:\\\/\\\/lokalmagasinet.no\\\/\",\"name\":\"Lokalmagasinet.no\",\"description\":\"Fra fortid og n\u00e5tid. Med st\u00e5sted i det n\u00e6re. Siden 2002.\",\"publisher\":{\"@id\":\"https:\\\/\\\/lokalmagasinet.no\\\/#organization\"},\"potentialAction\":[{\"@type\":\"SearchAction\",\"target\":{\"@type\":\"EntryPoint\",\"urlTemplate\":\"https:\\\/\\\/lokalmagasinet.no\\\/?s={search_term_string}\"},\"query-input\":{\"@type\":\"PropertyValueSpecification\",\"valueRequired\":true,\"valueName\":\"search_term_string\"}}],\"inLanguage\":\"nn-NO\"},{\"@type\":\"Organization\",\"@id\":\"https:\\\/\\\/lokalmagasinet.no\\\/#organization\",\"name\":\"Lokalmagasinet.no\",\"url\":\"https:\\\/\\\/lokalmagasinet.no\\\/\",\"logo\":{\"@type\":\"ImageObject\",\"inLanguage\":\"nn-NO\",\"@id\":\"https:\\\/\\\/lokalmagasinet.no\\\/#\\\/schema\\\/logo\\\/image\\\/\",\"url\":\"https:\\\/\\\/lokalmagasinet.no\\\/wp-content\\\/uploads\\\/2021\\\/03\\\/cropped-cropped-cropped-cropped-cropped-cropped-lmlogo-e1640691300821.jpg\",\"contentUrl\":\"https:\\\/\\\/lokalmagasinet.no\\\/wp-content\\\/uploads\\\/2021\\\/03\\\/cropped-cropped-cropped-cropped-cropped-cropped-lmlogo-e1640691300821.jpg\",\"width\":72,\"height\":118,\"caption\":\"Lokalmagasinet.no\"},\"image\":{\"@id\":\"https:\\\/\\\/lokalmagasinet.no\\\/#\\\/schema\\\/logo\\\/image\\\/\"},\"sameAs\":[\"https:\\\/\\\/www.facebook.com\\\/sveinharald.strand.1\",\"https:\\\/\\\/x.com\\\/LMExtra\"]},{\"@type\":\"Person\",\"@id\":\"https:\\\/\\\/lokalmagasinet.no\\\/#\\\/schema\\\/person\\\/2e8d221708d3aaf6f577275b5bba4310\",\"name\":\"Svein-Harald Strand\",\"image\":{\"@type\":\"ImageObject\",\"inLanguage\":\"nn-NO\",\"@id\":\"https:\\\/\\\/secure.gravatar.com\\\/avatar\\\/c487434bdf6cd7c12e4a88877ae4b12c38d22b7ad64292b49d33ed7503bb7ce1?s=96&d=mm&r=g\",\"url\":\"https:\\\/\\\/secure.gravatar.com\\\/avatar\\\/c487434bdf6cd7c12e4a88877ae4b12c38d22b7ad64292b49d33ed7503bb7ce1?s=96&d=mm&r=g\",\"contentUrl\":\"https:\\\/\\\/secure.gravatar.com\\\/avatar\\\/c487434bdf6cd7c12e4a88877ae4b12c38d22b7ad64292b49d33ed7503bb7ce1?s=96&d=mm&r=g\",\"caption\":\"Svein-Harald Strand\"},\"description\":\"(F. 26.12.1945) Redakt\u00f8r, journalist og informasjonsarbeider siden 1968. ||| I 1963: Redaksjonell praktikant i 8 m\u00e5neder p\u00e5 full tid i Helgeland Arbeiderblad i hjembyen Mosj\u00f8en. ||| Arbeidende pensjonist med hjemmekontor fra 2008 (AFP) og videre som folkepensjonist til n\u00e5.\",\"sameAs\":[\"https:\\\/\\\/lokalmagasinet.no\\\/\",\"https:\\\/\\\/www.facebook.com\\\/sveinharald.strand.1\",\"https:\\\/\\\/x.com\\\/LMExtra\"],\"url\":\"https:\\\/\\\/lokalmagasinet.no\\\/?author=6\"}]}<\/script>\n<!-- \/ Yoast SEO plugin. -->","yoast_head_json":{"title":"Har 10.000 sekker med ved fra egen skog | Lokalmagasinet.no","robots":{"index":"index","follow":"follow","max-snippet":"max-snippet:-1","max-image-preview":"max-image-preview:large","max-video-preview":"max-video-preview:-1"},"canonical":"https:\/\/lokalmagasinet.no\/?p=12851","og_locale":"nn_NO","og_type":"article","og_title":"Har 10.000 sekker med ved fra egen skog | Lokalmagasinet.no","og_description":"(Publisert 19.10.22) (Reporter Svein-H. Strand) Stig Eyde p\u00e5 Berg g\u00e5rd i Vestby har i en \u00e5rrekke v\u00e6rt blant de st\u00f8rste forhandlerne av ved i Follo-regionen. Og ikke bare har han ... Les merHar 10.000 sekker med ved fra egen skog","og_url":"https:\/\/lokalmagasinet.no\/?p=12851","og_site_name":"Lokalmagasinet.no","article_publisher":"https:\/\/www.facebook.com\/sveinharald.strand.1","article_author":"https:\/\/www.facebook.com\/sveinharald.strand.1","article_published_time":"2022-10-19T16:47:00+00:00","article_modified_time":"2022-10-23T18:01:40+00:00","og_image":[{"width":200,"height":165,"url":"https:\/\/lokalmagasinet.no\/wp-content\/uploads\/2021\/11\/journalism2stock200.jpg","type":"image\/jpeg"}],"author":"Svein-Harald Strand","twitter_card":"summary_large_image","twitter_creator":"@LMExtra","twitter_site":"@LMExtra","twitter_misc":{"Written by":"Svein-Harald Strand","Est. reading time":"1 minutt"},"schema":{"@context":"https:\/\/schema.org","@graph":[{"@type":"Article","@id":"https:\/\/lokalmagasinet.no\/?p=12851#article","isPartOf":{"@id":"https:\/\/lokalmagasinet.no\/?p=12851"},"author":{"name":"Svein-Harald Strand","@id":"https:\/\/lokalmagasinet.no\/#\/schema\/person\/2e8d221708d3aaf6f577275b5bba4310"},"headline":"Har 10.000 sekker med ved fra egen skog","datePublished":"2022-10-19T16:47:00+00:00","dateModified":"2022-10-23T18:01:40+00:00","mainEntityOfPage":{"@id":"https:\/\/lokalmagasinet.no\/?p=12851"},"wordCount":241,"publisher":{"@id":"https:\/\/lokalmagasinet.no\/#organization"},"image":{"@id":"https:\/\/lokalmagasinet.no\/?p=12851#primaryimage"},"thumbnailUrl":"https:\/\/lokalmagasinet.no\/wp-content\/uploads\/2021\/11\/journalism2stock200.jpg","articleSection":["Aktuelt","Fyringsved"],"inLanguage":"nn-NO"},{"@type":"WebPage","@id":"https:\/\/lokalmagasinet.no\/?p=12851","url":"https:\/\/lokalmagasinet.no\/?p=12851","name":"Har 10.000 sekker med ved fra egen skog | Lokalmagasinet.no","isPartOf":{"@id":"https:\/\/lokalmagasinet.no\/#website"},"primaryImageOfPage":{"@id":"https:\/\/lokalmagasinet.no\/?p=12851#primaryimage"},"image":{"@id":"https:\/\/lokalmagasinet.no\/?p=12851#primaryimage"},"thumbnailUrl":"https:\/\/lokalmagasinet.no\/wp-content\/uploads\/2021\/11\/journalism2stock200.jpg","datePublished":"2022-10-19T16:47:00+00:00","dateModified":"2022-10-23T18:01:40+00:00","breadcrumb":{"@id":"https:\/\/lokalmagasinet.no\/?p=12851#breadcrumb"},"inLanguage":"nn-NO","potentialAction":[{"@type":"ReadAction","target":["https:\/\/lokalmagasinet.no\/?p=12851"]}]},{"@type":"ImageObject","inLanguage":"nn-NO","@id":"https:\/\/lokalmagasinet.no\/?p=12851#primaryimage","url":"https:\/\/lokalmagasinet.no\/wp-content\/uploads\/2021\/11\/journalism2stock200.jpg","contentUrl":"https:\/\/lokalmagasinet.no\/wp-content\/uploads\/2021\/11\/journalism2stock200.jpg","width":200,"height":165},{"@type":"BreadcrumbList","@id":"https:\/\/lokalmagasinet.no\/?p=12851#breadcrumb","itemListElement":[{"@type":"ListItem","position":1,"name":"Hjem","item":"https:\/\/lokalmagasinet.no\/"},{"@type":"ListItem","position":2,"name":"Har 10.000 sekker med ved fra egen skog"}]},{"@type":"WebSite","@id":"https:\/\/lokalmagasinet.no\/#website","url":"https:\/\/lokalmagasinet.no\/","name":"Lokalmagasinet.no","description":"Fra fortid og n\u00e5tid. Med st\u00e5sted i det n\u00e6re. Siden 2002.","publisher":{"@id":"https:\/\/lokalmagasinet.no\/#organization"},"potentialAction":[{"@type":"SearchAction","target":{"@type":"EntryPoint","urlTemplate":"https:\/\/lokalmagasinet.no\/?s={search_term_string}"},"query-input":{"@type":"PropertyValueSpecification","valueRequired":true,"valueName":"search_term_string"}}],"inLanguage":"nn-NO"},{"@type":"Organization","@id":"https:\/\/lokalmagasinet.no\/#organization","name":"Lokalmagasinet.no","url":"https:\/\/lokalmagasinet.no\/","logo":{"@type":"ImageObject","inLanguage":"nn-NO","@id":"https:\/\/lokalmagasinet.no\/#\/schema\/logo\/image\/","url":"https:\/\/lokalmagasinet.no\/wp-content\/uploads\/2021\/03\/cropped-cropped-cropped-cropped-cropped-cropped-lmlogo-e1640691300821.jpg","contentUrl":"https:\/\/lokalmagasinet.no\/wp-content\/uploads\/2021\/03\/cropped-cropped-cropped-cropped-cropped-cropped-lmlogo-e1640691300821.jpg","width":72,"height":118,"caption":"Lokalmagasinet.no"},"image":{"@id":"https:\/\/lokalmagasinet.no\/#\/schema\/logo\/image\/"},"sameAs":["https:\/\/www.facebook.com\/sveinharald.strand.1","https:\/\/x.com\/LMExtra"]},{"@type":"Person","@id":"https:\/\/lokalmagasinet.no\/#\/schema\/person\/2e8d221708d3aaf6f577275b5bba4310","name":"Svein-Harald Strand","image":{"@type":"ImageObject","inLanguage":"nn-NO","@id":"https:\/\/secure.gravatar.com\/avatar\/c487434bdf6cd7c12e4a88877ae4b12c38d22b7ad64292b49d33ed7503bb7ce1?s=96&d=mm&r=g","url":"https:\/\/secure.gravatar.com\/avatar\/c487434bdf6cd7c12e4a88877ae4b12c38d22b7ad64292b49d33ed7503bb7ce1?s=96&d=mm&r=g","contentUrl":"https:\/\/secure.gravatar.com\/avatar\/c487434bdf6cd7c12e4a88877ae4b12c38d22b7ad64292b49d33ed7503bb7ce1?s=96&d=mm&r=g","caption":"Svein-Harald Strand"},"description":"(F. 26.12.1945) Redakt\u00f8r, journalist og informasjonsarbeider siden 1968. ||| I 1963: Redaksjonell praktikant i 8 m\u00e5neder p\u00e5 full tid i Helgeland Arbeiderblad i hjembyen Mosj\u00f8en. ||| Arbeidende pensjonist med hjemmekontor fra 2008 (AFP) og videre som folkepensjonist til n\u00e5.","sameAs":["https:\/\/lokalmagasinet.no\/","https:\/\/www.facebook.com\/sveinharald.strand.1","https:\/\/x.com\/LMExtra"],"url":"https:\/\/lokalmagasinet.no\/?author=6"}]}},"_links":{"self":[{"href":"https:\/\/lokalmagasinet.no\/index.php?rest_route=\/wp\/v2\/posts\/12851","targetHints":{"allow":["GET"]}}],"collection":[{"href":"https:\/\/lokalmagasinet.no\/index.php?rest_route=\/wp\/v2\/posts"}],"about":[{"href":"https:\/\/lokalmagasinet.no\/index.php?rest_route=\/wp\/v2\/types\/post"}],"author":[{"embeddable":true,"href":"https:\/\/lokalmagasinet.no\/index.php?rest_route=\/wp\/v2\/users\/6"}],"replies":[{"embeddable":true,"href":"https:\/\/lokalmagasinet.no\/index.php?rest_route=%2Fwp%2Fv2%2Fcomments&post=12851"}],"version-history":[{"count":15,"href":"https:\/\/lokalmagasinet.no\/index.php?rest_route=\/wp\/v2\/posts\/12851\/revisions"}],"predecessor-version":[{"id":12981,"href":"https:\/\/lokalmagasinet.no\/index.php?rest_route=\/wp\/v2\/posts\/12851\/revisions\/12981"}],"wp:featuredmedia":[{"embeddable":true,"href":"https:\/\/lokalmagasinet.no\/index.php?rest_route=\/wp\/v2\/media\/6283"}],"wp:attachment":[{"href":"https:\/\/lokalmagasinet.no\/index.php?rest_route=%2Fwp%2Fv2%2Fmedia&parent=12851"}],"wp:term":[{"taxonomy":"category","embeddable":true,"href":"https:\/\/lokalmagasinet.no\/index.php?rest_route=%2Fwp%2Fv2%2Fcategories&post=12851"},{"taxonomy":"post_tag","embeddable":true,"href":"https:\/\/lokalmagasinet.no\/index.php?rest_route=%2Fwp%2Fv2%2Ftags&post=12851"}],"curies":[{"name":"wp","href":"https:\/\/api.w.org\/{rel}","templated":true}]}}