{"id":13992,"date":"2023-01-07T20:48:00","date_gmt":"2023-01-07T19:48:00","guid":{"rendered":"https:\/\/lokalmagasinet.no\/?p=13992"},"modified":"2023-01-08T12:19:50","modified_gmt":"2023-01-08T11:19:50","slug":"gottwaldt-og-naerup-brodre-og-naboer","status":"publish","type":"post","link":"https:\/\/lokalmagasinet.no\/?p=13992","title":{"rendered":"Gottwaldt og N\u00e6rup &#8211; br\u00f8dre og naboer"},"content":{"rendered":"<figure id=\"attachment_1361\" aria-describedby=\"caption-attachment-1361\" style=\"width: 217px\" class=\"wp-caption alignleft\"><img loading=\"lazy\" decoding=\"async\" class=\"wp-image-1361 size-medium\" src=\"https:\/\/lokalmagasinet.no\/wp-content\/uploads\/2021\/02\/standard_b-l-gottwaldt-217x300.jpg\" alt=\"\" width=\"217\" height=\"300\" srcset=\"https:\/\/lokalmagasinet.no\/wp-content\/uploads\/2021\/02\/standard_b-l-gottwaldt-217x300.jpg 217w, https:\/\/lokalmagasinet.no\/wp-content\/uploads\/2021\/02\/standard_b-l-gottwaldt-741x1024.jpg 741w, https:\/\/lokalmagasinet.no\/wp-content\/uploads\/2021\/02\/standard_b-l-gottwaldt-768x1062.jpg 768w, https:\/\/lokalmagasinet.no\/wp-content\/uploads\/2021\/02\/standard_b-l-gottwaldt.jpg 868w\" sizes=\"auto, (max-width: 217px) 100vw, 217px\" \/><figcaption id=\"caption-attachment-1361\" class=\"wp-caption-text\"><strong>Birger Lund Gottwaldt. <\/strong>Foto fra 1950. Fotograf: Ukjent\/NTB Scanpix.<strong><br \/><\/strong><\/figcaption><\/figure>\r\n\r\n<p>(Publisert 07.01.23) (Av Svein-H. Strand) <strong>Under LM-fanen &laquo;Fra fortid og n\u00e5tid&raquo; skal vi i noen innlegg i vinter dykke litt ned i den n\u00e6re fortid &#8211; med mer og mindre kjente navn som tema.<\/strong><\/p>\r\n<p>Men en ny generasjon er vokst fram siden LM startet p\u00e5 sitt f\u00f8rste hele drifts\u00e5r i januar 2003. S\u00e5 det vil jo i utgangspunktet v\u00e6re litt ulikt hvor mye kunnskap om dette som finnes blant unge og eldre. Selv i Son, der de aktuelle personene bodde i kortere eller lengre tid, som fastboende eller som faste sommergjester.<\/p>\r\n<p>HER ER f\u00f8rste artikkel om to br\u00f8dre med ulikt etternavn og som var n\u00e6re naboer i Strandgata &#8211; i alle fall store deler av \u00e5ret. Han som definitivt var fastboende, det var ingeni\u00f8r Ernst N\u00e6rup (1881-1977), s\u00f8nn av Alfred Hagbarth N\u00e6rup, som skjenket Son Folkebad til Son skole. Han bodde i &laquo;det gule huset&raquo; (som mange sa) nord i Strandgata, i nr. 9.<\/p>\r\n<p><strong>Broren &#8211; Birger Lund Gottwaldt &#8211; holdt hus noen f\u00e5 skritt s\u00f8rover. Der gata svinger og g\u00e5r videre mot huset hvor den eksentriske kunstmaler Carl D\u00f8rnberger bodde og arbeidet.<\/strong><\/p>\r\n<p>Jeg var s\u00e5 heldig &#8211; godt hjulpet av min svigerfar &#8211; at jeg fikk intervjuet Gottwald som frilanser for Moss Dagblad. Utgangspunktet var hans bakgrunn som marineoffiser og radiopioner. En pioner innen radiotelefoni og polarflyvning.<\/p>\r\n<p><strong>I 1926 deltok han som radiooperat\u00f8r i Roald Amundsens polflyvning med luftskipet &laquo;Norge&raquo;. Et krevende intervjuobjekt for en ung frilansjournalist. Mer om det senere.<\/strong><\/p>\r\n<p style=\"text-align: center;\"><strong><span style=\"color: #33cccc;\">FAKTABOKS<\/span><\/strong><\/p>\r\n<p style=\"text-align: left;\">Birger Lund Gottwaldt. Opprinnelig navn N\u00e6rup, men i Kirkeboken ogs\u00e5 oppf\u00f8rt som Gottwaldt. Formell navneendring til Gottwaldt i 1901. F\u00f8dt 29. august 1880, Kristiania. D\u00f8d 14. april 1968, Oslo.\u00a0<\/p>\r\n<p style=\"text-align: left;\">Foreldre: Fogd Alfred Hagbarth N\u00e6rup (1850\u20131938) og Petra Alvilde Lund (1849\u20131921).<\/p>\r\n<p style=\"text-align: left;\">Gift 16.12.1906 med Ruth Bruu (f. 9.6.1887), datter av grosserer Thorvald Bruu (1857\u20131913) og Cornelia Bull (1860\u20131942).<\/p>\r\n<div class=\"article-text article-text--snl\" style=\"text-align: left;\">\u00a0<\/div>\r\n<p>&nbsp;<\/p>\r\n\r\n\r\n\r\n\r\n<p>Views: 205<\/p>","protected":false},"excerpt":{"rendered":"<p>(Publisert 07.01.23) (Av Svein-H. Strand) Under LM-fanen &laquo;Fra fortid og n\u00e5tid&raquo; skal vi i noen innlegg i vinter dykke litt ned i den n\u00e6re fortid &#8211; med mer og mindre &#8230; <\/p>\n<p class=\"read-more-container\"><a title=\"Gottwaldt og N\u00e6rup &#8211; br\u00f8dre og naboer\" class=\"read-more button\" href=\"https:\/\/lokalmagasinet.no\/?p=13992#more-13992\">Les mer<span class=\"screen-reader-text\">Gottwaldt og N\u00e6rup &#8211; br\u00f8dre og naboer<\/span><\/a><\/p>\n","protected":false},"author":6,"featured_media":0,"comment_status":"closed","ping_status":"open","sticky":false,"template":"","format":"standard","meta":{"footnotes":""},"categories":[7],"tags":[],"class_list":["post-13992","post","type-post","status-publish","format-standard","hentry","category-historisk-arkiv"],"yoast_head":"<!-- This site is optimized with the Yoast SEO plugin v27.4 - https:\/\/yoast.com\/product\/yoast-seo-wordpress\/ -->\n<title>Gottwaldt og N\u00e6rup - br\u00f8dre og naboer | Lokalmagasinet.no<\/title>\n<meta name=\"robots\" content=\"index, follow, max-snippet:-1, max-image-preview:large, max-video-preview:-1\" \/>\n<link rel=\"canonical\" href=\"https:\/\/lokalmagasinet.no\/?p=13992\" \/>\n<meta property=\"og:locale\" content=\"nn_NO\" \/>\n<meta property=\"og:type\" content=\"article\" \/>\n<meta property=\"og:title\" content=\"Gottwaldt og N\u00e6rup - br\u00f8dre og naboer | Lokalmagasinet.no\" \/>\n<meta property=\"og:description\" content=\"(Publisert 07.01.23) (Av Svein-H. Strand) Under LM-fanen &laquo;Fra fortid og n\u00e5tid&raquo; skal vi i noen innlegg i vinter dykke litt ned i den n\u00e6re fortid &#8211; med mer og mindre ... Les merGottwaldt og N\u00e6rup &#8211; br\u00f8dre og naboer\" \/>\n<meta property=\"og:url\" content=\"https:\/\/lokalmagasinet.no\/?p=13992\" \/>\n<meta property=\"og:site_name\" content=\"Lokalmagasinet.no\" \/>\n<meta property=\"article:publisher\" content=\"https:\/\/www.facebook.com\/sveinharald.strand.1\" \/>\n<meta property=\"article:author\" content=\"https:\/\/www.facebook.com\/sveinharald.strand.1\" \/>\n<meta property=\"article:published_time\" content=\"2023-01-07T19:48:00+00:00\" \/>\n<meta property=\"article:modified_time\" content=\"2023-01-08T11:19:50+00:00\" \/>\n<meta property=\"og:image\" content=\"https:\/\/lokalmagasinet.no\/wp-content\/uploads\/2021\/02\/standard_b-l-gottwaldt-217x300.jpg\" \/>\n<meta name=\"author\" content=\"Svein-Harald Strand\" \/>\n<meta name=\"twitter:card\" content=\"summary_large_image\" \/>\n<meta name=\"twitter:creator\" content=\"@LMExtra\" \/>\n<meta name=\"twitter:site\" content=\"@LMExtra\" \/>\n<meta name=\"twitter:label1\" content=\"Written by\" \/>\n\t<meta name=\"twitter:data1\" content=\"Svein-Harald Strand\" \/>\n\t<meta name=\"twitter:label2\" content=\"Est. reading time\" \/>\n\t<meta name=\"twitter:data2\" content=\"2 minutt\" \/>\n<script type=\"application\/ld+json\" class=\"yoast-schema-graph\">{\"@context\":\"https:\\\/\\\/schema.org\",\"@graph\":[{\"@type\":\"Article\",\"@id\":\"https:\\\/\\\/lokalmagasinet.no\\\/?p=13992#article\",\"isPartOf\":{\"@id\":\"https:\\\/\\\/lokalmagasinet.no\\\/?p=13992\"},\"author\":{\"name\":\"Svein-Harald Strand\",\"@id\":\"https:\\\/\\\/lokalmagasinet.no\\\/#\\\/schema\\\/person\\\/2e8d221708d3aaf6f577275b5bba4310\"},\"headline\":\"Gottwaldt og N\u00e6rup &#8211; br\u00f8dre og naboer\",\"datePublished\":\"2023-01-07T19:48:00+00:00\",\"dateModified\":\"2023-01-08T11:19:50+00:00\",\"mainEntityOfPage\":{\"@id\":\"https:\\\/\\\/lokalmagasinet.no\\\/?p=13992\"},\"wordCount\":332,\"publisher\":{\"@id\":\"https:\\\/\\\/lokalmagasinet.no\\\/#organization\"},\"image\":{\"@id\":\"https:\\\/\\\/lokalmagasinet.no\\\/?p=13992#primaryimage\"},\"thumbnailUrl\":\"https:\\\/\\\/lokalmagasinet.no\\\/wp-content\\\/uploads\\\/2021\\\/02\\\/standard_b-l-gottwaldt-217x300.jpg\",\"articleSection\":[\"Historisk\"],\"inLanguage\":\"nn-NO\"},{\"@type\":\"WebPage\",\"@id\":\"https:\\\/\\\/lokalmagasinet.no\\\/?p=13992\",\"url\":\"https:\\\/\\\/lokalmagasinet.no\\\/?p=13992\",\"name\":\"Gottwaldt og N\u00e6rup - br\u00f8dre og naboer | Lokalmagasinet.no\",\"isPartOf\":{\"@id\":\"https:\\\/\\\/lokalmagasinet.no\\\/#website\"},\"primaryImageOfPage\":{\"@id\":\"https:\\\/\\\/lokalmagasinet.no\\\/?p=13992#primaryimage\"},\"image\":{\"@id\":\"https:\\\/\\\/lokalmagasinet.no\\\/?p=13992#primaryimage\"},\"thumbnailUrl\":\"https:\\\/\\\/lokalmagasinet.no\\\/wp-content\\\/uploads\\\/2021\\\/02\\\/standard_b-l-gottwaldt-217x300.jpg\",\"datePublished\":\"2023-01-07T19:48:00+00:00\",\"dateModified\":\"2023-01-08T11:19:50+00:00\",\"breadcrumb\":{\"@id\":\"https:\\\/\\\/lokalmagasinet.no\\\/?p=13992#breadcrumb\"},\"inLanguage\":\"nn-NO\",\"potentialAction\":[{\"@type\":\"ReadAction\",\"target\":[\"https:\\\/\\\/lokalmagasinet.no\\\/?p=13992\"]}]},{\"@type\":\"ImageObject\",\"inLanguage\":\"nn-NO\",\"@id\":\"https:\\\/\\\/lokalmagasinet.no\\\/?p=13992#primaryimage\",\"url\":\"https:\\\/\\\/lokalmagasinet.no\\\/wp-content\\\/uploads\\\/2021\\\/02\\\/standard_b-l-gottwaldt.jpg\",\"contentUrl\":\"https:\\\/\\\/lokalmagasinet.no\\\/wp-content\\\/uploads\\\/2021\\\/02\\\/standard_b-l-gottwaldt.jpg\",\"width\":868,\"height\":1200,\"caption\":\"Birger Lund Gottwaldt.\"},{\"@type\":\"BreadcrumbList\",\"@id\":\"https:\\\/\\\/lokalmagasinet.no\\\/?p=13992#breadcrumb\",\"itemListElement\":[{\"@type\":\"ListItem\",\"position\":1,\"name\":\"Hjem\",\"item\":\"https:\\\/\\\/lokalmagasinet.no\\\/\"},{\"@type\":\"ListItem\",\"position\":2,\"name\":\"Gottwaldt og N\u00e6rup &#8211; br\u00f8dre og naboer\"}]},{\"@type\":\"WebSite\",\"@id\":\"https:\\\/\\\/lokalmagasinet.no\\\/#website\",\"url\":\"https:\\\/\\\/lokalmagasinet.no\\\/\",\"name\":\"Lokalmagasinet.no\",\"description\":\"Fra fortid og n\u00e5tid. Med st\u00e5sted i det n\u00e6re. Siden 2002.\",\"publisher\":{\"@id\":\"https:\\\/\\\/lokalmagasinet.no\\\/#organization\"},\"potentialAction\":[{\"@type\":\"SearchAction\",\"target\":{\"@type\":\"EntryPoint\",\"urlTemplate\":\"https:\\\/\\\/lokalmagasinet.no\\\/?s={search_term_string}\"},\"query-input\":{\"@type\":\"PropertyValueSpecification\",\"valueRequired\":true,\"valueName\":\"search_term_string\"}}],\"inLanguage\":\"nn-NO\"},{\"@type\":\"Organization\",\"@id\":\"https:\\\/\\\/lokalmagasinet.no\\\/#organization\",\"name\":\"Lokalmagasinet.no\",\"url\":\"https:\\\/\\\/lokalmagasinet.no\\\/\",\"logo\":{\"@type\":\"ImageObject\",\"inLanguage\":\"nn-NO\",\"@id\":\"https:\\\/\\\/lokalmagasinet.no\\\/#\\\/schema\\\/logo\\\/image\\\/\",\"url\":\"https:\\\/\\\/lokalmagasinet.no\\\/wp-content\\\/uploads\\\/2021\\\/03\\\/cropped-cropped-cropped-cropped-cropped-cropped-lmlogo-e1640691300821.jpg\",\"contentUrl\":\"https:\\\/\\\/lokalmagasinet.no\\\/wp-content\\\/uploads\\\/2021\\\/03\\\/cropped-cropped-cropped-cropped-cropped-cropped-lmlogo-e1640691300821.jpg\",\"width\":72,\"height\":118,\"caption\":\"Lokalmagasinet.no\"},\"image\":{\"@id\":\"https:\\\/\\\/lokalmagasinet.no\\\/#\\\/schema\\\/logo\\\/image\\\/\"},\"sameAs\":[\"https:\\\/\\\/www.facebook.com\\\/sveinharald.strand.1\",\"https:\\\/\\\/x.com\\\/LMExtra\"]},{\"@type\":\"Person\",\"@id\":\"https:\\\/\\\/lokalmagasinet.no\\\/#\\\/schema\\\/person\\\/2e8d221708d3aaf6f577275b5bba4310\",\"name\":\"Svein-Harald Strand\",\"image\":{\"@type\":\"ImageObject\",\"inLanguage\":\"nn-NO\",\"@id\":\"https:\\\/\\\/secure.gravatar.com\\\/avatar\\\/c487434bdf6cd7c12e4a88877ae4b12c38d22b7ad64292b49d33ed7503bb7ce1?s=96&d=mm&r=g\",\"url\":\"https:\\\/\\\/secure.gravatar.com\\\/avatar\\\/c487434bdf6cd7c12e4a88877ae4b12c38d22b7ad64292b49d33ed7503bb7ce1?s=96&d=mm&r=g\",\"contentUrl\":\"https:\\\/\\\/secure.gravatar.com\\\/avatar\\\/c487434bdf6cd7c12e4a88877ae4b12c38d22b7ad64292b49d33ed7503bb7ce1?s=96&d=mm&r=g\",\"caption\":\"Svein-Harald Strand\"},\"description\":\"(F. 26.12.1945) Redakt\u00f8r, journalist og informasjonsarbeider siden 1968. ||| I 1963: Redaksjonell praktikant i 8 m\u00e5neder p\u00e5 full tid i Helgeland Arbeiderblad i hjembyen Mosj\u00f8en. ||| Arbeidende pensjonist med hjemmekontor fra 2008 (AFP) og videre som folkepensjonist til n\u00e5.\",\"sameAs\":[\"https:\\\/\\\/lokalmagasinet.no\\\/\",\"https:\\\/\\\/www.facebook.com\\\/sveinharald.strand.1\",\"https:\\\/\\\/x.com\\\/LMExtra\"],\"url\":\"https:\\\/\\\/lokalmagasinet.no\\\/?author=6\"}]}<\/script>\n<!-- \/ Yoast SEO plugin. -->","yoast_head_json":{"title":"Gottwaldt og N\u00e6rup - br\u00f8dre og naboer | Lokalmagasinet.no","robots":{"index":"index","follow":"follow","max-snippet":"max-snippet:-1","max-image-preview":"max-image-preview:large","max-video-preview":"max-video-preview:-1"},"canonical":"https:\/\/lokalmagasinet.no\/?p=13992","og_locale":"nn_NO","og_type":"article","og_title":"Gottwaldt og N\u00e6rup - br\u00f8dre og naboer | Lokalmagasinet.no","og_description":"(Publisert 07.01.23) (Av Svein-H. Strand) Under LM-fanen &laquo;Fra fortid og n\u00e5tid&raquo; skal vi i noen innlegg i vinter dykke litt ned i den n\u00e6re fortid &#8211; med mer og mindre ... Les merGottwaldt og N\u00e6rup &#8211; br\u00f8dre og naboer","og_url":"https:\/\/lokalmagasinet.no\/?p=13992","og_site_name":"Lokalmagasinet.no","article_publisher":"https:\/\/www.facebook.com\/sveinharald.strand.1","article_author":"https:\/\/www.facebook.com\/sveinharald.strand.1","article_published_time":"2023-01-07T19:48:00+00:00","article_modified_time":"2023-01-08T11:19:50+00:00","og_image":[{"url":"https:\/\/lokalmagasinet.no\/wp-content\/uploads\/2021\/02\/standard_b-l-gottwaldt-217x300.jpg","type":"","width":"","height":""}],"author":"Svein-Harald Strand","twitter_card":"summary_large_image","twitter_creator":"@LMExtra","twitter_site":"@LMExtra","twitter_misc":{"Written by":"Svein-Harald Strand","Est. reading time":"2 minutt"},"schema":{"@context":"https:\/\/schema.org","@graph":[{"@type":"Article","@id":"https:\/\/lokalmagasinet.no\/?p=13992#article","isPartOf":{"@id":"https:\/\/lokalmagasinet.no\/?p=13992"},"author":{"name":"Svein-Harald Strand","@id":"https:\/\/lokalmagasinet.no\/#\/schema\/person\/2e8d221708d3aaf6f577275b5bba4310"},"headline":"Gottwaldt og N\u00e6rup &#8211; br\u00f8dre og naboer","datePublished":"2023-01-07T19:48:00+00:00","dateModified":"2023-01-08T11:19:50+00:00","mainEntityOfPage":{"@id":"https:\/\/lokalmagasinet.no\/?p=13992"},"wordCount":332,"publisher":{"@id":"https:\/\/lokalmagasinet.no\/#organization"},"image":{"@id":"https:\/\/lokalmagasinet.no\/?p=13992#primaryimage"},"thumbnailUrl":"https:\/\/lokalmagasinet.no\/wp-content\/uploads\/2021\/02\/standard_b-l-gottwaldt-217x300.jpg","articleSection":["Historisk"],"inLanguage":"nn-NO"},{"@type":"WebPage","@id":"https:\/\/lokalmagasinet.no\/?p=13992","url":"https:\/\/lokalmagasinet.no\/?p=13992","name":"Gottwaldt og N\u00e6rup - br\u00f8dre og naboer | Lokalmagasinet.no","isPartOf":{"@id":"https:\/\/lokalmagasinet.no\/#website"},"primaryImageOfPage":{"@id":"https:\/\/lokalmagasinet.no\/?p=13992#primaryimage"},"image":{"@id":"https:\/\/lokalmagasinet.no\/?p=13992#primaryimage"},"thumbnailUrl":"https:\/\/lokalmagasinet.no\/wp-content\/uploads\/2021\/02\/standard_b-l-gottwaldt-217x300.jpg","datePublished":"2023-01-07T19:48:00+00:00","dateModified":"2023-01-08T11:19:50+00:00","breadcrumb":{"@id":"https:\/\/lokalmagasinet.no\/?p=13992#breadcrumb"},"inLanguage":"nn-NO","potentialAction":[{"@type":"ReadAction","target":["https:\/\/lokalmagasinet.no\/?p=13992"]}]},{"@type":"ImageObject","inLanguage":"nn-NO","@id":"https:\/\/lokalmagasinet.no\/?p=13992#primaryimage","url":"https:\/\/lokalmagasinet.no\/wp-content\/uploads\/2021\/02\/standard_b-l-gottwaldt.jpg","contentUrl":"https:\/\/lokalmagasinet.no\/wp-content\/uploads\/2021\/02\/standard_b-l-gottwaldt.jpg","width":868,"height":1200,"caption":"Birger Lund Gottwaldt."},{"@type":"BreadcrumbList","@id":"https:\/\/lokalmagasinet.no\/?p=13992#breadcrumb","itemListElement":[{"@type":"ListItem","position":1,"name":"Hjem","item":"https:\/\/lokalmagasinet.no\/"},{"@type":"ListItem","position":2,"name":"Gottwaldt og N\u00e6rup &#8211; br\u00f8dre og naboer"}]},{"@type":"WebSite","@id":"https:\/\/lokalmagasinet.no\/#website","url":"https:\/\/lokalmagasinet.no\/","name":"Lokalmagasinet.no","description":"Fra fortid og n\u00e5tid. Med st\u00e5sted i det n\u00e6re. Siden 2002.","publisher":{"@id":"https:\/\/lokalmagasinet.no\/#organization"},"potentialAction":[{"@type":"SearchAction","target":{"@type":"EntryPoint","urlTemplate":"https:\/\/lokalmagasinet.no\/?s={search_term_string}"},"query-input":{"@type":"PropertyValueSpecification","valueRequired":true,"valueName":"search_term_string"}}],"inLanguage":"nn-NO"},{"@type":"Organization","@id":"https:\/\/lokalmagasinet.no\/#organization","name":"Lokalmagasinet.no","url":"https:\/\/lokalmagasinet.no\/","logo":{"@type":"ImageObject","inLanguage":"nn-NO","@id":"https:\/\/lokalmagasinet.no\/#\/schema\/logo\/image\/","url":"https:\/\/lokalmagasinet.no\/wp-content\/uploads\/2021\/03\/cropped-cropped-cropped-cropped-cropped-cropped-lmlogo-e1640691300821.jpg","contentUrl":"https:\/\/lokalmagasinet.no\/wp-content\/uploads\/2021\/03\/cropped-cropped-cropped-cropped-cropped-cropped-lmlogo-e1640691300821.jpg","width":72,"height":118,"caption":"Lokalmagasinet.no"},"image":{"@id":"https:\/\/lokalmagasinet.no\/#\/schema\/logo\/image\/"},"sameAs":["https:\/\/www.facebook.com\/sveinharald.strand.1","https:\/\/x.com\/LMExtra"]},{"@type":"Person","@id":"https:\/\/lokalmagasinet.no\/#\/schema\/person\/2e8d221708d3aaf6f577275b5bba4310","name":"Svein-Harald Strand","image":{"@type":"ImageObject","inLanguage":"nn-NO","@id":"https:\/\/secure.gravatar.com\/avatar\/c487434bdf6cd7c12e4a88877ae4b12c38d22b7ad64292b49d33ed7503bb7ce1?s=96&d=mm&r=g","url":"https:\/\/secure.gravatar.com\/avatar\/c487434bdf6cd7c12e4a88877ae4b12c38d22b7ad64292b49d33ed7503bb7ce1?s=96&d=mm&r=g","contentUrl":"https:\/\/secure.gravatar.com\/avatar\/c487434bdf6cd7c12e4a88877ae4b12c38d22b7ad64292b49d33ed7503bb7ce1?s=96&d=mm&r=g","caption":"Svein-Harald Strand"},"description":"(F. 26.12.1945) Redakt\u00f8r, journalist og informasjonsarbeider siden 1968. ||| I 1963: Redaksjonell praktikant i 8 m\u00e5neder p\u00e5 full tid i Helgeland Arbeiderblad i hjembyen Mosj\u00f8en. ||| Arbeidende pensjonist med hjemmekontor fra 2008 (AFP) og videre som folkepensjonist til n\u00e5.","sameAs":["https:\/\/lokalmagasinet.no\/","https:\/\/www.facebook.com\/sveinharald.strand.1","https:\/\/x.com\/LMExtra"],"url":"https:\/\/lokalmagasinet.no\/?author=6"}]}},"_links":{"self":[{"href":"https:\/\/lokalmagasinet.no\/index.php?rest_route=\/wp\/v2\/posts\/13992","targetHints":{"allow":["GET"]}}],"collection":[{"href":"https:\/\/lokalmagasinet.no\/index.php?rest_route=\/wp\/v2\/posts"}],"about":[{"href":"https:\/\/lokalmagasinet.no\/index.php?rest_route=\/wp\/v2\/types\/post"}],"author":[{"embeddable":true,"href":"https:\/\/lokalmagasinet.no\/index.php?rest_route=\/wp\/v2\/users\/6"}],"replies":[{"embeddable":true,"href":"https:\/\/lokalmagasinet.no\/index.php?rest_route=%2Fwp%2Fv2%2Fcomments&post=13992"}],"version-history":[{"count":19,"href":"https:\/\/lokalmagasinet.no\/index.php?rest_route=\/wp\/v2\/posts\/13992\/revisions"}],"predecessor-version":[{"id":14016,"href":"https:\/\/lokalmagasinet.no\/index.php?rest_route=\/wp\/v2\/posts\/13992\/revisions\/14016"}],"wp:attachment":[{"href":"https:\/\/lokalmagasinet.no\/index.php?rest_route=%2Fwp%2Fv2%2Fmedia&parent=13992"}],"wp:term":[{"taxonomy":"category","embeddable":true,"href":"https:\/\/lokalmagasinet.no\/index.php?rest_route=%2Fwp%2Fv2%2Fcategories&post=13992"},{"taxonomy":"post_tag","embeddable":true,"href":"https:\/\/lokalmagasinet.no\/index.php?rest_route=%2Fwp%2Fv2%2Ftags&post=13992"}],"curies":[{"name":"wp","href":"https:\/\/api.w.org\/{rel}","templated":true}]}}