{"id":14104,"date":"2023-01-16T17:14:54","date_gmt":"2023-01-16T16:14:54","guid":{"rendered":"https:\/\/lokalmagasinet.no\/?p=14104"},"modified":"2023-01-16T23:36:00","modified_gmt":"2023-01-16T22:36:00","slug":"kunstnere-og-kunst-prosjekter-i-kommunale-prosesser","status":"publish","type":"post","link":"https:\/\/lokalmagasinet.no\/?p=14104","title":{"rendered":"Kunstnere og kunst-prosjekter i kommunale prosesser"},"content":{"rendered":"\r\n<p><img loading=\"lazy\" decoding=\"async\" class=\"size-medium wp-image-14117 alignleft\" src=\"https:\/\/lokalmagasinet.no\/wp-content\/uploads\/2023\/01\/Redaktorportrett-Kristine-Wessel-225x300.jpg\" alt=\"\" width=\"225\" height=\"300\" srcset=\"https:\/\/lokalmagasinet.no\/wp-content\/uploads\/2023\/01\/Redaktorportrett-Kristine-Wessel-225x300.jpg 225w, https:\/\/lokalmagasinet.no\/wp-content\/uploads\/2023\/01\/Redaktorportrett-Kristine-Wessel-768x1024.jpg 768w, https:\/\/lokalmagasinet.no\/wp-content\/uploads\/2023\/01\/Redaktorportrett-Kristine-Wessel-113x150.jpg 113w, https:\/\/lokalmagasinet.no\/wp-content\/uploads\/2023\/01\/Redaktorportrett-Kristine-Wessel-1152x1536.jpg 1152w, https:\/\/lokalmagasinet.no\/wp-content\/uploads\/2023\/01\/Redaktorportrett-Kristine-Wessel-scaled.jpg 1536w\" sizes=\"auto, (max-width: 225px) 100vw, 225px\" \/>(Publisert 16.01.23) (Redigert fra pressemelding) <strong>Hvilken rolle kan kunstnere og kunstprosjekter ha i kommunale prosesser? Fra 19. januar kan interesserte f\u00e5 et innblikk i muligheter som byr seg fram i s\u00e5 m\u00e5te. Da lanseres boka <em>Kunsten \u00e5 utvikle et sted<\/em>.<\/strong><\/p>\r\n\r\n\r\n\r\n<p>Det skjer i Kristiansand Kunsthall. I forbindelse med lanseringen inviterer Kristiansand kommune, Kulturbyr\u00e5et Mes\u00e9n og Museumsforlaget til et frokostseminar i Kunsthallen. Om kunst og stedsutvikling.<\/p>\r\n<p>BILDET:<em> &#8211; Vi opplevde raskt at det vi egentlig \u00f8nsket, oppsto n\u00e5r vi dyrket prosessen med kunstnerne og dialogen med alle involverte. Fokuset m\u00e5tte flyttes fra resultat til prosess. Veien ble m\u00e5let, sier kurator Kristine K. Wessel. (<\/em>Foto: Museumsforlaget)<em><br \/><\/em><\/p>\r\n\r\n\r\n\r\n<p>De siste ti\u00e5rene har vi sett en framvekst av tiltak og ordninger som stimulerer kunstnere til \u00e5 arbeide med kunst i lokalsamfunn.<\/p>\r\n<p><strong>Denne utviklingen \u00e5pner for nye samarbeidsformer i stedsutvikling. B\u00e5de p\u00e5 tvers av sektorer og mellom kunstfeltet og lokale myndigheter.<\/strong><\/p>\r\n<p>I KRISTIANSAND var kunstprosjekter i offentlige rom en viktig del i 2020 &#8211; \u00e5ret da S\u00f8gne, Songdalen og Kristiansand ble til \u00e9n kommune. For \u00e5 sitere kommunens arkitekt Christina Rasmussen, slik hun er gjengitt i boka:<\/p>\r\n\r\n\r\n\r\n\r\n\r\n<p>&#8211; Vi var opptatt av \u00e5 bli kjent med stedene i den sammensl\u00e5tte kommunen og nysgjerrige p\u00e5 hvordan kunsten kunne ta opp og formidle planfaglige temaer. Og hvordan kunsten fostrer dialog p\u00e5 andre m\u00e5ter enn vi er vant med i planprosesser.<\/p>\r\n\r\n\r\n\r\n<p>Arkitekten oppsummerer:<\/p>\r\n\r\n\r\n\r\n<p><a><strong>&#8211; I flere norske kommuner p\u00e5g\u00e5r det spennende arbeid og utforskning i skillet mellom kunst i offentlig rom og stedsutvikling. Jeg oppfatter at det er et stort potensial i slike prosesser.<\/strong> <\/a><\/p>\r\n<p>&#8211; For meg som planlegger var prosessen med kunstnerne og arbeidet med kunstprosjektene i SNART Kristiansand en unik mulighet for \u00e5 bli bedre kjent med deler av kommunen.<\/p>\r\n\r\n\r\n\r\n\r\n\r\n\r\n\r\n<p>FORFATTERNE av boka har intervjuet b\u00e5de lokalbefolkning og kunstnere som deltok i prosjektene. Kunsten \u00e5 utvikle et sted er et engasjert portrett av hva som kan skje i m\u00f8tet mellom sted, kunst og publikum.<\/p>\r\n\r\n\r\n\r\n<p>&#8211; Vi opplevde raskt at det vi egentlig \u00f8nsket, oppsto n\u00e5r vi dyrket prosessen med kunstnerne og dialogen med alle involverte. Fokuset m\u00e5tte flyttes fra resultat til prosess. Veien ble m\u00e5let, sier kurator Kristine K. Wessel.<\/p>\r\n\r\n\r\n\r\n<p>BIDRAGSYTERE: Eivind Hofstad Evjemo<strong>, <\/strong>Cecilie Nissen<strong>, <\/strong>Tiril Flom<strong>, <\/strong>Kristine K. Wessel og Christina Rasmussen.<\/p>\r\n\r\n\r\n\r\n<p>KUNSTNERE: Christina Leithe Hansen, Ilona Valkonen, Jon S. Lunde, Jo Ravn Abusland, Pia Eikaas, Sandra Norrbin, Signe Solberg, Sigurd Tenningen, Shwan Dler Qaradaki, Trond Nicholas Perry og \u00c5smund Solberg.<\/p>\r\n\r\n\r\n\r\n<p>REDAKT\u00d8RER: <em>Kristine K. Wessel<\/em> (f. 1970) har hovedfag i medievitenskap fra Universitetet i Bergen og driver Kulturbyr\u00e5et Mes\u00e9n, som utvikler kunstprosjekter i offentlige rom. Wessel har siden 2019 v\u00e6rt engasjert som kurator og kunstfaglig prosjektleder for SNART Kristiansand.<\/p>\r\n<p><em><a>Christina Rasmussen <\/a><\/em>(f. 1986) er utdannet arkitekt fra arkitekturh\u00f8yskolen Saint-Luc i Br\u00fcssel og byplanlegger fra Universitetet i Aalborg. Hun jobber som planr\u00e5dgiver i <a>areal- og transportenheten <\/a>i Kristiansand kommune, og har v\u00e6rt kommunens prosjektleder under prosjektet SNART Kristiansand.<\/p>\r\n\r\n\r\n\r\n<p>Boka er utgitt med st\u00f8tte fra Kristiansand kommune, samt Finsk-norsk kulturinstitutt, Fritt ord og KORO (Kunst i offentlig rom).<\/p>\r\n<p>&nbsp;<\/p>\r\n<p>Views: 89<\/p>","protected":false},"excerpt":{"rendered":"<p>(Publisert 16.01.23) (Redigert fra pressemelding) Hvilken rolle kan kunstnere og kunstprosjekter ha i kommunale prosesser? Fra 19. januar kan interesserte f\u00e5 et innblikk i muligheter som byr seg fram i &#8230; <\/p>\n<p class=\"read-more-container\"><a title=\"Kunstnere og kunst-prosjekter i kommunale prosesser\" class=\"read-more button\" href=\"https:\/\/lokalmagasinet.no\/?p=14104#more-14104\">Les mer<span class=\"screen-reader-text\">Kunstnere og kunst-prosjekter i kommunale prosesser<\/span><\/a><\/p>\n","protected":false},"author":6,"featured_media":6283,"comment_status":"closed","ping_status":"open","sticky":false,"template":"","format":"standard","meta":{"footnotes":""},"categories":[1,77,76],"tags":[],"class_list":["post-14104","post","type-post","status-publish","format-standard","has-post-thumbnail","hentry","category-aktuelt","category-bokslipp","category-stedsutvikling"],"yoast_head":"<!-- This site is optimized with the Yoast SEO plugin v27.4 - https:\/\/yoast.com\/product\/yoast-seo-wordpress\/ -->\n<title>Kunstnere og kunst-prosjekter i kommunale prosesser | Lokalmagasinet.no<\/title>\n<meta name=\"robots\" content=\"index, follow, max-snippet:-1, max-image-preview:large, max-video-preview:-1\" \/>\n<link rel=\"canonical\" href=\"https:\/\/lokalmagasinet.no\/?p=14104\" \/>\n<meta property=\"og:locale\" content=\"nn_NO\" \/>\n<meta property=\"og:type\" content=\"article\" \/>\n<meta property=\"og:title\" content=\"Kunstnere og kunst-prosjekter i kommunale prosesser | Lokalmagasinet.no\" \/>\n<meta property=\"og:description\" content=\"(Publisert 16.01.23) (Redigert fra pressemelding) Hvilken rolle kan kunstnere og kunstprosjekter ha i kommunale prosesser? Fra 19. januar kan interesserte f\u00e5 et innblikk i muligheter som byr seg fram i ... Les merKunstnere og kunst-prosjekter i kommunale prosesser\" \/>\n<meta property=\"og:url\" content=\"https:\/\/lokalmagasinet.no\/?p=14104\" \/>\n<meta property=\"og:site_name\" content=\"Lokalmagasinet.no\" \/>\n<meta property=\"article:publisher\" content=\"https:\/\/www.facebook.com\/sveinharald.strand.1\" \/>\n<meta property=\"article:author\" content=\"https:\/\/www.facebook.com\/sveinharald.strand.1\" \/>\n<meta property=\"article:published_time\" content=\"2023-01-16T16:14:54+00:00\" \/>\n<meta property=\"article:modified_time\" content=\"2023-01-16T22:36:00+00:00\" \/>\n<meta property=\"og:image\" content=\"https:\/\/lokalmagasinet.no\/wp-content\/uploads\/2021\/11\/journalism2stock200.jpg\" \/>\n\t<meta property=\"og:image:width\" content=\"200\" \/>\n\t<meta property=\"og:image:height\" content=\"165\" \/>\n\t<meta property=\"og:image:type\" content=\"image\/jpeg\" \/>\n<meta name=\"author\" content=\"Svein-Harald Strand\" \/>\n<meta name=\"twitter:card\" content=\"summary_large_image\" \/>\n<meta name=\"twitter:creator\" content=\"@LMExtra\" \/>\n<meta name=\"twitter:site\" content=\"@LMExtra\" \/>\n<meta name=\"twitter:label1\" content=\"Written by\" \/>\n\t<meta name=\"twitter:data1\" content=\"Svein-Harald Strand\" \/>\n\t<meta name=\"twitter:label2\" content=\"Est. reading time\" \/>\n\t<meta name=\"twitter:data2\" content=\"3 minutt\" \/>\n<script type=\"application\/ld+json\" class=\"yoast-schema-graph\">{\"@context\":\"https:\\\/\\\/schema.org\",\"@graph\":[{\"@type\":\"Article\",\"@id\":\"https:\\\/\\\/lokalmagasinet.no\\\/?p=14104#article\",\"isPartOf\":{\"@id\":\"https:\\\/\\\/lokalmagasinet.no\\\/?p=14104\"},\"author\":{\"name\":\"Svein-Harald Strand\",\"@id\":\"https:\\\/\\\/lokalmagasinet.no\\\/#\\\/schema\\\/person\\\/2e8d221708d3aaf6f577275b5bba4310\"},\"headline\":\"Kunstnere og kunst-prosjekter i kommunale prosesser\",\"datePublished\":\"2023-01-16T16:14:54+00:00\",\"dateModified\":\"2023-01-16T22:36:00+00:00\",\"mainEntityOfPage\":{\"@id\":\"https:\\\/\\\/lokalmagasinet.no\\\/?p=14104\"},\"wordCount\":513,\"publisher\":{\"@id\":\"https:\\\/\\\/lokalmagasinet.no\\\/#organization\"},\"image\":{\"@id\":\"https:\\\/\\\/lokalmagasinet.no\\\/?p=14104#primaryimage\"},\"thumbnailUrl\":\"https:\\\/\\\/lokalmagasinet.no\\\/wp-content\\\/uploads\\\/2021\\\/11\\\/journalism2stock200.jpg\",\"articleSection\":[\"Aktuelt\",\"Bokslipp\",\"Stedsutvikling\"],\"inLanguage\":\"nn-NO\"},{\"@type\":\"WebPage\",\"@id\":\"https:\\\/\\\/lokalmagasinet.no\\\/?p=14104\",\"url\":\"https:\\\/\\\/lokalmagasinet.no\\\/?p=14104\",\"name\":\"Kunstnere og kunst-prosjekter i kommunale prosesser | Lokalmagasinet.no\",\"isPartOf\":{\"@id\":\"https:\\\/\\\/lokalmagasinet.no\\\/#website\"},\"primaryImageOfPage\":{\"@id\":\"https:\\\/\\\/lokalmagasinet.no\\\/?p=14104#primaryimage\"},\"image\":{\"@id\":\"https:\\\/\\\/lokalmagasinet.no\\\/?p=14104#primaryimage\"},\"thumbnailUrl\":\"https:\\\/\\\/lokalmagasinet.no\\\/wp-content\\\/uploads\\\/2021\\\/11\\\/journalism2stock200.jpg\",\"datePublished\":\"2023-01-16T16:14:54+00:00\",\"dateModified\":\"2023-01-16T22:36:00+00:00\",\"breadcrumb\":{\"@id\":\"https:\\\/\\\/lokalmagasinet.no\\\/?p=14104#breadcrumb\"},\"inLanguage\":\"nn-NO\",\"potentialAction\":[{\"@type\":\"ReadAction\",\"target\":[\"https:\\\/\\\/lokalmagasinet.no\\\/?p=14104\"]}]},{\"@type\":\"ImageObject\",\"inLanguage\":\"nn-NO\",\"@id\":\"https:\\\/\\\/lokalmagasinet.no\\\/?p=14104#primaryimage\",\"url\":\"https:\\\/\\\/lokalmagasinet.no\\\/wp-content\\\/uploads\\\/2021\\\/11\\\/journalism2stock200.jpg\",\"contentUrl\":\"https:\\\/\\\/lokalmagasinet.no\\\/wp-content\\\/uploads\\\/2021\\\/11\\\/journalism2stock200.jpg\",\"width\":200,\"height\":165},{\"@type\":\"BreadcrumbList\",\"@id\":\"https:\\\/\\\/lokalmagasinet.no\\\/?p=14104#breadcrumb\",\"itemListElement\":[{\"@type\":\"ListItem\",\"position\":1,\"name\":\"Hjem\",\"item\":\"https:\\\/\\\/lokalmagasinet.no\\\/\"},{\"@type\":\"ListItem\",\"position\":2,\"name\":\"Kunstnere og kunst-prosjekter i kommunale prosesser\"}]},{\"@type\":\"WebSite\",\"@id\":\"https:\\\/\\\/lokalmagasinet.no\\\/#website\",\"url\":\"https:\\\/\\\/lokalmagasinet.no\\\/\",\"name\":\"Lokalmagasinet.no\",\"description\":\"Fra fortid og n\u00e5tid. Med st\u00e5sted i det n\u00e6re. Siden 2002.\",\"publisher\":{\"@id\":\"https:\\\/\\\/lokalmagasinet.no\\\/#organization\"},\"potentialAction\":[{\"@type\":\"SearchAction\",\"target\":{\"@type\":\"EntryPoint\",\"urlTemplate\":\"https:\\\/\\\/lokalmagasinet.no\\\/?s={search_term_string}\"},\"query-input\":{\"@type\":\"PropertyValueSpecification\",\"valueRequired\":true,\"valueName\":\"search_term_string\"}}],\"inLanguage\":\"nn-NO\"},{\"@type\":\"Organization\",\"@id\":\"https:\\\/\\\/lokalmagasinet.no\\\/#organization\",\"name\":\"Lokalmagasinet.no\",\"url\":\"https:\\\/\\\/lokalmagasinet.no\\\/\",\"logo\":{\"@type\":\"ImageObject\",\"inLanguage\":\"nn-NO\",\"@id\":\"https:\\\/\\\/lokalmagasinet.no\\\/#\\\/schema\\\/logo\\\/image\\\/\",\"url\":\"https:\\\/\\\/lokalmagasinet.no\\\/wp-content\\\/uploads\\\/2021\\\/03\\\/cropped-cropped-cropped-cropped-cropped-cropped-lmlogo-e1640691300821.jpg\",\"contentUrl\":\"https:\\\/\\\/lokalmagasinet.no\\\/wp-content\\\/uploads\\\/2021\\\/03\\\/cropped-cropped-cropped-cropped-cropped-cropped-lmlogo-e1640691300821.jpg\",\"width\":72,\"height\":118,\"caption\":\"Lokalmagasinet.no\"},\"image\":{\"@id\":\"https:\\\/\\\/lokalmagasinet.no\\\/#\\\/schema\\\/logo\\\/image\\\/\"},\"sameAs\":[\"https:\\\/\\\/www.facebook.com\\\/sveinharald.strand.1\",\"https:\\\/\\\/x.com\\\/LMExtra\"]},{\"@type\":\"Person\",\"@id\":\"https:\\\/\\\/lokalmagasinet.no\\\/#\\\/schema\\\/person\\\/2e8d221708d3aaf6f577275b5bba4310\",\"name\":\"Svein-Harald Strand\",\"image\":{\"@type\":\"ImageObject\",\"inLanguage\":\"nn-NO\",\"@id\":\"https:\\\/\\\/secure.gravatar.com\\\/avatar\\\/c487434bdf6cd7c12e4a88877ae4b12c38d22b7ad64292b49d33ed7503bb7ce1?s=96&d=mm&r=g\",\"url\":\"https:\\\/\\\/secure.gravatar.com\\\/avatar\\\/c487434bdf6cd7c12e4a88877ae4b12c38d22b7ad64292b49d33ed7503bb7ce1?s=96&d=mm&r=g\",\"contentUrl\":\"https:\\\/\\\/secure.gravatar.com\\\/avatar\\\/c487434bdf6cd7c12e4a88877ae4b12c38d22b7ad64292b49d33ed7503bb7ce1?s=96&d=mm&r=g\",\"caption\":\"Svein-Harald Strand\"},\"description\":\"(F. 26.12.1945) Redakt\u00f8r, journalist og informasjonsarbeider siden 1968. ||| I 1963: Redaksjonell praktikant i 8 m\u00e5neder p\u00e5 full tid i Helgeland Arbeiderblad i hjembyen Mosj\u00f8en. ||| Arbeidende pensjonist med hjemmekontor fra 2008 (AFP) og videre som folkepensjonist til n\u00e5.\",\"sameAs\":[\"https:\\\/\\\/lokalmagasinet.no\\\/\",\"https:\\\/\\\/www.facebook.com\\\/sveinharald.strand.1\",\"https:\\\/\\\/x.com\\\/LMExtra\"],\"url\":\"https:\\\/\\\/lokalmagasinet.no\\\/?author=6\"}]}<\/script>\n<!-- \/ Yoast SEO plugin. -->","yoast_head_json":{"title":"Kunstnere og kunst-prosjekter i kommunale prosesser | Lokalmagasinet.no","robots":{"index":"index","follow":"follow","max-snippet":"max-snippet:-1","max-image-preview":"max-image-preview:large","max-video-preview":"max-video-preview:-1"},"canonical":"https:\/\/lokalmagasinet.no\/?p=14104","og_locale":"nn_NO","og_type":"article","og_title":"Kunstnere og kunst-prosjekter i kommunale prosesser | Lokalmagasinet.no","og_description":"(Publisert 16.01.23) (Redigert fra pressemelding) Hvilken rolle kan kunstnere og kunstprosjekter ha i kommunale prosesser? Fra 19. januar kan interesserte f\u00e5 et innblikk i muligheter som byr seg fram i ... Les merKunstnere og kunst-prosjekter i kommunale prosesser","og_url":"https:\/\/lokalmagasinet.no\/?p=14104","og_site_name":"Lokalmagasinet.no","article_publisher":"https:\/\/www.facebook.com\/sveinharald.strand.1","article_author":"https:\/\/www.facebook.com\/sveinharald.strand.1","article_published_time":"2023-01-16T16:14:54+00:00","article_modified_time":"2023-01-16T22:36:00+00:00","og_image":[{"width":200,"height":165,"url":"https:\/\/lokalmagasinet.no\/wp-content\/uploads\/2021\/11\/journalism2stock200.jpg","type":"image\/jpeg"}],"author":"Svein-Harald Strand","twitter_card":"summary_large_image","twitter_creator":"@LMExtra","twitter_site":"@LMExtra","twitter_misc":{"Written by":"Svein-Harald Strand","Est. reading time":"3 minutt"},"schema":{"@context":"https:\/\/schema.org","@graph":[{"@type":"Article","@id":"https:\/\/lokalmagasinet.no\/?p=14104#article","isPartOf":{"@id":"https:\/\/lokalmagasinet.no\/?p=14104"},"author":{"name":"Svein-Harald Strand","@id":"https:\/\/lokalmagasinet.no\/#\/schema\/person\/2e8d221708d3aaf6f577275b5bba4310"},"headline":"Kunstnere og kunst-prosjekter i kommunale prosesser","datePublished":"2023-01-16T16:14:54+00:00","dateModified":"2023-01-16T22:36:00+00:00","mainEntityOfPage":{"@id":"https:\/\/lokalmagasinet.no\/?p=14104"},"wordCount":513,"publisher":{"@id":"https:\/\/lokalmagasinet.no\/#organization"},"image":{"@id":"https:\/\/lokalmagasinet.no\/?p=14104#primaryimage"},"thumbnailUrl":"https:\/\/lokalmagasinet.no\/wp-content\/uploads\/2021\/11\/journalism2stock200.jpg","articleSection":["Aktuelt","Bokslipp","Stedsutvikling"],"inLanguage":"nn-NO"},{"@type":"WebPage","@id":"https:\/\/lokalmagasinet.no\/?p=14104","url":"https:\/\/lokalmagasinet.no\/?p=14104","name":"Kunstnere og kunst-prosjekter i kommunale prosesser | Lokalmagasinet.no","isPartOf":{"@id":"https:\/\/lokalmagasinet.no\/#website"},"primaryImageOfPage":{"@id":"https:\/\/lokalmagasinet.no\/?p=14104#primaryimage"},"image":{"@id":"https:\/\/lokalmagasinet.no\/?p=14104#primaryimage"},"thumbnailUrl":"https:\/\/lokalmagasinet.no\/wp-content\/uploads\/2021\/11\/journalism2stock200.jpg","datePublished":"2023-01-16T16:14:54+00:00","dateModified":"2023-01-16T22:36:00+00:00","breadcrumb":{"@id":"https:\/\/lokalmagasinet.no\/?p=14104#breadcrumb"},"inLanguage":"nn-NO","potentialAction":[{"@type":"ReadAction","target":["https:\/\/lokalmagasinet.no\/?p=14104"]}]},{"@type":"ImageObject","inLanguage":"nn-NO","@id":"https:\/\/lokalmagasinet.no\/?p=14104#primaryimage","url":"https:\/\/lokalmagasinet.no\/wp-content\/uploads\/2021\/11\/journalism2stock200.jpg","contentUrl":"https:\/\/lokalmagasinet.no\/wp-content\/uploads\/2021\/11\/journalism2stock200.jpg","width":200,"height":165},{"@type":"BreadcrumbList","@id":"https:\/\/lokalmagasinet.no\/?p=14104#breadcrumb","itemListElement":[{"@type":"ListItem","position":1,"name":"Hjem","item":"https:\/\/lokalmagasinet.no\/"},{"@type":"ListItem","position":2,"name":"Kunstnere og kunst-prosjekter i kommunale prosesser"}]},{"@type":"WebSite","@id":"https:\/\/lokalmagasinet.no\/#website","url":"https:\/\/lokalmagasinet.no\/","name":"Lokalmagasinet.no","description":"Fra fortid og n\u00e5tid. Med st\u00e5sted i det n\u00e6re. Siden 2002.","publisher":{"@id":"https:\/\/lokalmagasinet.no\/#organization"},"potentialAction":[{"@type":"SearchAction","target":{"@type":"EntryPoint","urlTemplate":"https:\/\/lokalmagasinet.no\/?s={search_term_string}"},"query-input":{"@type":"PropertyValueSpecification","valueRequired":true,"valueName":"search_term_string"}}],"inLanguage":"nn-NO"},{"@type":"Organization","@id":"https:\/\/lokalmagasinet.no\/#organization","name":"Lokalmagasinet.no","url":"https:\/\/lokalmagasinet.no\/","logo":{"@type":"ImageObject","inLanguage":"nn-NO","@id":"https:\/\/lokalmagasinet.no\/#\/schema\/logo\/image\/","url":"https:\/\/lokalmagasinet.no\/wp-content\/uploads\/2021\/03\/cropped-cropped-cropped-cropped-cropped-cropped-lmlogo-e1640691300821.jpg","contentUrl":"https:\/\/lokalmagasinet.no\/wp-content\/uploads\/2021\/03\/cropped-cropped-cropped-cropped-cropped-cropped-lmlogo-e1640691300821.jpg","width":72,"height":118,"caption":"Lokalmagasinet.no"},"image":{"@id":"https:\/\/lokalmagasinet.no\/#\/schema\/logo\/image\/"},"sameAs":["https:\/\/www.facebook.com\/sveinharald.strand.1","https:\/\/x.com\/LMExtra"]},{"@type":"Person","@id":"https:\/\/lokalmagasinet.no\/#\/schema\/person\/2e8d221708d3aaf6f577275b5bba4310","name":"Svein-Harald Strand","image":{"@type":"ImageObject","inLanguage":"nn-NO","@id":"https:\/\/secure.gravatar.com\/avatar\/c487434bdf6cd7c12e4a88877ae4b12c38d22b7ad64292b49d33ed7503bb7ce1?s=96&d=mm&r=g","url":"https:\/\/secure.gravatar.com\/avatar\/c487434bdf6cd7c12e4a88877ae4b12c38d22b7ad64292b49d33ed7503bb7ce1?s=96&d=mm&r=g","contentUrl":"https:\/\/secure.gravatar.com\/avatar\/c487434bdf6cd7c12e4a88877ae4b12c38d22b7ad64292b49d33ed7503bb7ce1?s=96&d=mm&r=g","caption":"Svein-Harald Strand"},"description":"(F. 26.12.1945) Redakt\u00f8r, journalist og informasjonsarbeider siden 1968. ||| I 1963: Redaksjonell praktikant i 8 m\u00e5neder p\u00e5 full tid i Helgeland Arbeiderblad i hjembyen Mosj\u00f8en. ||| Arbeidende pensjonist med hjemmekontor fra 2008 (AFP) og videre som folkepensjonist til n\u00e5.","sameAs":["https:\/\/lokalmagasinet.no\/","https:\/\/www.facebook.com\/sveinharald.strand.1","https:\/\/x.com\/LMExtra"],"url":"https:\/\/lokalmagasinet.no\/?author=6"}]}},"_links":{"self":[{"href":"https:\/\/lokalmagasinet.no\/index.php?rest_route=\/wp\/v2\/posts\/14104","targetHints":{"allow":["GET"]}}],"collection":[{"href":"https:\/\/lokalmagasinet.no\/index.php?rest_route=\/wp\/v2\/posts"}],"about":[{"href":"https:\/\/lokalmagasinet.no\/index.php?rest_route=\/wp\/v2\/types\/post"}],"author":[{"embeddable":true,"href":"https:\/\/lokalmagasinet.no\/index.php?rest_route=\/wp\/v2\/users\/6"}],"replies":[{"embeddable":true,"href":"https:\/\/lokalmagasinet.no\/index.php?rest_route=%2Fwp%2Fv2%2Fcomments&post=14104"}],"version-history":[{"count":16,"href":"https:\/\/lokalmagasinet.no\/index.php?rest_route=\/wp\/v2\/posts\/14104\/revisions"}],"predecessor-version":[{"id":14127,"href":"https:\/\/lokalmagasinet.no\/index.php?rest_route=\/wp\/v2\/posts\/14104\/revisions\/14127"}],"wp:featuredmedia":[{"embeddable":true,"href":"https:\/\/lokalmagasinet.no\/index.php?rest_route=\/wp\/v2\/media\/6283"}],"wp:attachment":[{"href":"https:\/\/lokalmagasinet.no\/index.php?rest_route=%2Fwp%2Fv2%2Fmedia&parent=14104"}],"wp:term":[{"taxonomy":"category","embeddable":true,"href":"https:\/\/lokalmagasinet.no\/index.php?rest_route=%2Fwp%2Fv2%2Fcategories&post=14104"},{"taxonomy":"post_tag","embeddable":true,"href":"https:\/\/lokalmagasinet.no\/index.php?rest_route=%2Fwp%2Fv2%2Ftags&post=14104"}],"curies":[{"name":"wp","href":"https:\/\/api.w.org\/{rel}","templated":true}]}}