{"id":14152,"date":"2023-01-17T20:11:11","date_gmt":"2023-01-17T19:11:11","guid":{"rendered":"https:\/\/lokalmagasinet.no\/?p=14152"},"modified":"2023-01-22T01:13:19","modified_gmt":"2023-01-22T00:13:19","slug":"det-var-en-gang-varmekraft-eller-kraftvarmeverk","status":"publish","type":"post","link":"https:\/\/lokalmagasinet.no\/?p=14152","title":{"rendered":"Det var en gang: Varmekraft- eller kraft-varmeverk"},"content":{"rendered":"\r\n<p>(Publisert 17.01.23) <strong>Tiden g\u00e5r &#8211; ti\u00e5rene ogs\u00e5, fortere enn vi tror! Og med skiftende fokus p\u00e5 forsyningskildene enten det gjelder energi eller varme. <\/strong><\/p>\r\n\r\n\r\n\r\n<p>Noe som i v\u00e5r tid &#8211; med vannkraft, kjernekraft, vindkraft og solenergi &#8211; ofte er en og samme sak, ikke sant?<\/p>\r\n\r\n\r\n\r\n<p>Nok om det &#8211; og over til dagens relevante klipp fra gode, gamle Vestby Avis. Med bildetekst som er p\u00e5f\u00f8rt i dag og som vi lar tale for seg. <em><strong>St.<\/strong><\/em><\/p>\r\n<figure id=\"attachment_13769\" aria-describedby=\"caption-attachment-13769\" style=\"width: 1416px\" class=\"wp-caption alignnone\"><img loading=\"lazy\" decoding=\"async\" class=\"size-full wp-image-13769\" src=\"https:\/\/lokalmagasinet.no\/wp-content\/uploads\/2022\/12\/Varmekraft.jpg\" alt=\"\" width=\"1416\" height=\"1392\" srcset=\"https:\/\/lokalmagasinet.no\/wp-content\/uploads\/2022\/12\/Varmekraft.jpg 1416w, https:\/\/lokalmagasinet.no\/wp-content\/uploads\/2022\/12\/Varmekraft-300x295.jpg 300w, https:\/\/lokalmagasinet.no\/wp-content\/uploads\/2022\/12\/Varmekraft-1024x1007.jpg 1024w, https:\/\/lokalmagasinet.no\/wp-content\/uploads\/2022\/12\/Varmekraft-150x147.jpg 150w, https:\/\/lokalmagasinet.no\/wp-content\/uploads\/2022\/12\/Varmekraft-768x755.jpg 768w\" sizes=\"auto, (max-width: 1416px) 100vw, 1416px\" \/><figcaption id=\"caption-attachment-13769\" class=\"wp-caption-text\"><strong>Energisp\u00f8rsm\u00e5let har v\u00e6rt h\u00f8yt p\u00e5 medienes dagsorden i flere ti\u00e5r n\u00e5. Dessverre har vi ikke noen datering p\u00e5 dette bildet fra en artikkel i gode, gamle Vestby Avis. Men det er jo fra 1980-tallet, og VA ble nedlagt i 1986. Den dyktige, unge journalisten er fortsatt oppe og g\u00e5r &#8211; i VG. Hei, Svein! \ud83d\ude42<\/strong><\/figcaption><\/figure>\r\n<p>Views: 85<\/p>","protected":false},"excerpt":{"rendered":"<p>(Publisert 17.01.23) Tiden g\u00e5r &#8211; ti\u00e5rene ogs\u00e5, fortere enn vi tror! Og med skiftende fokus p\u00e5 forsyningskildene enten det gjelder energi eller varme. Noe som i v\u00e5r tid &#8211; med &#8230; <\/p>\n<p class=\"read-more-container\"><a title=\"Det var en gang: Varmekraft- eller kraft-varmeverk\" class=\"read-more button\" href=\"https:\/\/lokalmagasinet.no\/?p=14152#more-14152\">Les mer<span class=\"screen-reader-text\">Det var en gang: Varmekraft- eller kraft-varmeverk<\/span><\/a><\/p>\n","protected":false},"author":6,"featured_media":1874,"comment_status":"closed","ping_status":"open","sticky":false,"template":"","format":"standard","meta":{"footnotes":""},"categories":[79,15,35],"tags":[],"class_list":["post-14152","post","type-post","status-publish","format-standard","has-post-thumbnail","hentry","category-energiforsyning","category-lokalnytt","category-minner"],"yoast_head":"<!-- This site is optimized with the Yoast SEO plugin v27.5 - https:\/\/yoast.com\/product\/yoast-seo-wordpress\/ -->\n<title>Det var en gang: Varmekraft- eller kraft-varmeverk | Lokalmagasinet.no<\/title>\n<meta name=\"robots\" content=\"index, follow, max-snippet:-1, max-image-preview:large, max-video-preview:-1\" \/>\n<link rel=\"canonical\" href=\"https:\/\/lokalmagasinet.no\/?p=14152\" \/>\n<meta property=\"og:locale\" content=\"nn_NO\" \/>\n<meta property=\"og:type\" content=\"article\" \/>\n<meta property=\"og:title\" content=\"Det var en gang: Varmekraft- eller kraft-varmeverk | Lokalmagasinet.no\" \/>\n<meta property=\"og:description\" content=\"(Publisert 17.01.23) Tiden g\u00e5r &#8211; ti\u00e5rene ogs\u00e5, fortere enn vi tror! Og med skiftende fokus p\u00e5 forsyningskildene enten det gjelder energi eller varme. Noe som i v\u00e5r tid &#8211; med ... Les merDet var en gang: Varmekraft- eller kraft-varmeverk\" \/>\n<meta property=\"og:url\" content=\"https:\/\/lokalmagasinet.no\/?p=14152\" \/>\n<meta property=\"og:site_name\" content=\"Lokalmagasinet.no\" \/>\n<meta property=\"article:publisher\" content=\"https:\/\/www.facebook.com\/sveinharald.strand.1\" \/>\n<meta property=\"article:author\" content=\"https:\/\/www.facebook.com\/sveinharald.strand.1\" \/>\n<meta property=\"article:published_time\" content=\"2023-01-17T19:11:11+00:00\" \/>\n<meta property=\"article:modified_time\" content=\"2023-01-22T00:13:19+00:00\" \/>\n<meta property=\"og:image\" content=\"https:\/\/lokalmagasinet.no\/wp-content\/uploads\/2021\/03\/journalism1_200-e1651420362191.jpg\" \/>\n\t<meta property=\"og:image:width\" content=\"100\" \/>\n\t<meta property=\"og:image:height\" content=\"122\" \/>\n\t<meta property=\"og:image:type\" content=\"image\/jpeg\" \/>\n<meta name=\"author\" content=\"Svein-Harald Strand\" \/>\n<meta name=\"twitter:card\" content=\"summary_large_image\" \/>\n<meta name=\"twitter:creator\" content=\"@LMExtra\" \/>\n<meta name=\"twitter:site\" content=\"@LMExtra\" \/>\n<meta name=\"twitter:label1\" content=\"Written by\" \/>\n\t<meta name=\"twitter:data1\" content=\"Svein-Harald Strand\" \/>\n\t<meta name=\"twitter:label2\" content=\"Est. reading time\" \/>\n\t<meta name=\"twitter:data2\" content=\"1 minutt\" \/>\n<script type=\"application\/ld+json\" class=\"yoast-schema-graph\">{\"@context\":\"https:\\\/\\\/schema.org\",\"@graph\":[{\"@type\":\"Article\",\"@id\":\"https:\\\/\\\/lokalmagasinet.no\\\/?p=14152#article\",\"isPartOf\":{\"@id\":\"https:\\\/\\\/lokalmagasinet.no\\\/?p=14152\"},\"author\":{\"name\":\"Svein-Harald Strand\",\"@id\":\"https:\\\/\\\/lokalmagasinet.no\\\/#\\\/schema\\\/person\\\/2e8d221708d3aaf6f577275b5bba4310\"},\"headline\":\"Det var en gang: Varmekraft- eller kraft-varmeverk\",\"datePublished\":\"2023-01-17T19:11:11+00:00\",\"dateModified\":\"2023-01-22T00:13:19+00:00\",\"mainEntityOfPage\":{\"@id\":\"https:\\\/\\\/lokalmagasinet.no\\\/?p=14152\"},\"wordCount\":152,\"publisher\":{\"@id\":\"https:\\\/\\\/lokalmagasinet.no\\\/#organization\"},\"image\":{\"@id\":\"https:\\\/\\\/lokalmagasinet.no\\\/?p=14152#primaryimage\"},\"thumbnailUrl\":\"https:\\\/\\\/lokalmagasinet.no\\\/wp-content\\\/uploads\\\/2021\\\/03\\\/journalism1_200-e1651420362191.jpg\",\"articleSection\":[\"Energiforsyning\",\"Lokalnytt\",\"Minner\"],\"inLanguage\":\"nn-NO\"},{\"@type\":\"WebPage\",\"@id\":\"https:\\\/\\\/lokalmagasinet.no\\\/?p=14152\",\"url\":\"https:\\\/\\\/lokalmagasinet.no\\\/?p=14152\",\"name\":\"Det var en gang: Varmekraft- eller kraft-varmeverk | Lokalmagasinet.no\",\"isPartOf\":{\"@id\":\"https:\\\/\\\/lokalmagasinet.no\\\/#website\"},\"primaryImageOfPage\":{\"@id\":\"https:\\\/\\\/lokalmagasinet.no\\\/?p=14152#primaryimage\"},\"image\":{\"@id\":\"https:\\\/\\\/lokalmagasinet.no\\\/?p=14152#primaryimage\"},\"thumbnailUrl\":\"https:\\\/\\\/lokalmagasinet.no\\\/wp-content\\\/uploads\\\/2021\\\/03\\\/journalism1_200-e1651420362191.jpg\",\"datePublished\":\"2023-01-17T19:11:11+00:00\",\"dateModified\":\"2023-01-22T00:13:19+00:00\",\"breadcrumb\":{\"@id\":\"https:\\\/\\\/lokalmagasinet.no\\\/?p=14152#breadcrumb\"},\"inLanguage\":\"nn-NO\",\"potentialAction\":[{\"@type\":\"ReadAction\",\"target\":[\"https:\\\/\\\/lokalmagasinet.no\\\/?p=14152\"]}]},{\"@type\":\"ImageObject\",\"inLanguage\":\"nn-NO\",\"@id\":\"https:\\\/\\\/lokalmagasinet.no\\\/?p=14152#primaryimage\",\"url\":\"https:\\\/\\\/lokalmagasinet.no\\\/wp-content\\\/uploads\\\/2021\\\/03\\\/journalism1_200-e1651420362191.jpg\",\"contentUrl\":\"https:\\\/\\\/lokalmagasinet.no\\\/wp-content\\\/uploads\\\/2021\\\/03\\\/journalism1_200-e1651420362191.jpg\",\"width\":100,\"height\":122},{\"@type\":\"BreadcrumbList\",\"@id\":\"https:\\\/\\\/lokalmagasinet.no\\\/?p=14152#breadcrumb\",\"itemListElement\":[{\"@type\":\"ListItem\",\"position\":1,\"name\":\"Hjem\",\"item\":\"https:\\\/\\\/lokalmagasinet.no\\\/\"},{\"@type\":\"ListItem\",\"position\":2,\"name\":\"Det var en gang: Varmekraft- eller kraft-varmeverk\"}]},{\"@type\":\"WebSite\",\"@id\":\"https:\\\/\\\/lokalmagasinet.no\\\/#website\",\"url\":\"https:\\\/\\\/lokalmagasinet.no\\\/\",\"name\":\"Lokalmagasinet.no\",\"description\":\"Fra fortid og n\u00e5tid. Med st\u00e5sted i det n\u00e6re. Siden 2002.\",\"publisher\":{\"@id\":\"https:\\\/\\\/lokalmagasinet.no\\\/#organization\"},\"potentialAction\":[{\"@type\":\"SearchAction\",\"target\":{\"@type\":\"EntryPoint\",\"urlTemplate\":\"https:\\\/\\\/lokalmagasinet.no\\\/?s={search_term_string}\"},\"query-input\":{\"@type\":\"PropertyValueSpecification\",\"valueRequired\":true,\"valueName\":\"search_term_string\"}}],\"inLanguage\":\"nn-NO\"},{\"@type\":\"Organization\",\"@id\":\"https:\\\/\\\/lokalmagasinet.no\\\/#organization\",\"name\":\"Lokalmagasinet.no\",\"url\":\"https:\\\/\\\/lokalmagasinet.no\\\/\",\"logo\":{\"@type\":\"ImageObject\",\"inLanguage\":\"nn-NO\",\"@id\":\"https:\\\/\\\/lokalmagasinet.no\\\/#\\\/schema\\\/logo\\\/image\\\/\",\"url\":\"https:\\\/\\\/lokalmagasinet.no\\\/wp-content\\\/uploads\\\/2021\\\/03\\\/cropped-cropped-cropped-cropped-cropped-cropped-lmlogo-e1640691300821.jpg\",\"contentUrl\":\"https:\\\/\\\/lokalmagasinet.no\\\/wp-content\\\/uploads\\\/2021\\\/03\\\/cropped-cropped-cropped-cropped-cropped-cropped-lmlogo-e1640691300821.jpg\",\"width\":72,\"height\":118,\"caption\":\"Lokalmagasinet.no\"},\"image\":{\"@id\":\"https:\\\/\\\/lokalmagasinet.no\\\/#\\\/schema\\\/logo\\\/image\\\/\"},\"sameAs\":[\"https:\\\/\\\/www.facebook.com\\\/sveinharald.strand.1\",\"https:\\\/\\\/x.com\\\/LMExtra\"]},{\"@type\":\"Person\",\"@id\":\"https:\\\/\\\/lokalmagasinet.no\\\/#\\\/schema\\\/person\\\/2e8d221708d3aaf6f577275b5bba4310\",\"name\":\"Svein-Harald Strand\",\"image\":{\"@type\":\"ImageObject\",\"inLanguage\":\"nn-NO\",\"@id\":\"https:\\\/\\\/secure.gravatar.com\\\/avatar\\\/c487434bdf6cd7c12e4a88877ae4b12c38d22b7ad64292b49d33ed7503bb7ce1?s=96&d=mm&r=g\",\"url\":\"https:\\\/\\\/secure.gravatar.com\\\/avatar\\\/c487434bdf6cd7c12e4a88877ae4b12c38d22b7ad64292b49d33ed7503bb7ce1?s=96&d=mm&r=g\",\"contentUrl\":\"https:\\\/\\\/secure.gravatar.com\\\/avatar\\\/c487434bdf6cd7c12e4a88877ae4b12c38d22b7ad64292b49d33ed7503bb7ce1?s=96&d=mm&r=g\",\"caption\":\"Svein-Harald Strand\"},\"description\":\"(F. 26.12.1945) Redakt\u00f8r, journalist og informasjonsarbeider siden 1968. ||| I 1963: Redaksjonell praktikant i 8 m\u00e5neder p\u00e5 full tid i Helgeland Arbeiderblad i hjembyen Mosj\u00f8en. ||| Arbeidende pensjonist med hjemmekontor fra 2008 (AFP) og videre som folkepensjonist til n\u00e5.\",\"sameAs\":[\"https:\\\/\\\/lokalmagasinet.no\\\/\",\"https:\\\/\\\/www.facebook.com\\\/sveinharald.strand.1\",\"https:\\\/\\\/x.com\\\/LMExtra\"],\"url\":\"https:\\\/\\\/lokalmagasinet.no\\\/?author=6\"}]}<\/script>\n<!-- \/ Yoast SEO plugin. -->","yoast_head_json":{"title":"Det var en gang: Varmekraft- eller kraft-varmeverk | Lokalmagasinet.no","robots":{"index":"index","follow":"follow","max-snippet":"max-snippet:-1","max-image-preview":"max-image-preview:large","max-video-preview":"max-video-preview:-1"},"canonical":"https:\/\/lokalmagasinet.no\/?p=14152","og_locale":"nn_NO","og_type":"article","og_title":"Det var en gang: Varmekraft- eller kraft-varmeverk | Lokalmagasinet.no","og_description":"(Publisert 17.01.23) Tiden g\u00e5r &#8211; ti\u00e5rene ogs\u00e5, fortere enn vi tror! Og med skiftende fokus p\u00e5 forsyningskildene enten det gjelder energi eller varme. Noe som i v\u00e5r tid &#8211; med ... Les merDet var en gang: Varmekraft- eller kraft-varmeverk","og_url":"https:\/\/lokalmagasinet.no\/?p=14152","og_site_name":"Lokalmagasinet.no","article_publisher":"https:\/\/www.facebook.com\/sveinharald.strand.1","article_author":"https:\/\/www.facebook.com\/sveinharald.strand.1","article_published_time":"2023-01-17T19:11:11+00:00","article_modified_time":"2023-01-22T00:13:19+00:00","og_image":[{"width":100,"height":122,"url":"https:\/\/lokalmagasinet.no\/wp-content\/uploads\/2021\/03\/journalism1_200-e1651420362191.jpg","type":"image\/jpeg"}],"author":"Svein-Harald Strand","twitter_card":"summary_large_image","twitter_creator":"@LMExtra","twitter_site":"@LMExtra","twitter_misc":{"Written by":"Svein-Harald Strand","Est. reading time":"1 minutt"},"schema":{"@context":"https:\/\/schema.org","@graph":[{"@type":"Article","@id":"https:\/\/lokalmagasinet.no\/?p=14152#article","isPartOf":{"@id":"https:\/\/lokalmagasinet.no\/?p=14152"},"author":{"name":"Svein-Harald Strand","@id":"https:\/\/lokalmagasinet.no\/#\/schema\/person\/2e8d221708d3aaf6f577275b5bba4310"},"headline":"Det var en gang: Varmekraft- eller kraft-varmeverk","datePublished":"2023-01-17T19:11:11+00:00","dateModified":"2023-01-22T00:13:19+00:00","mainEntityOfPage":{"@id":"https:\/\/lokalmagasinet.no\/?p=14152"},"wordCount":152,"publisher":{"@id":"https:\/\/lokalmagasinet.no\/#organization"},"image":{"@id":"https:\/\/lokalmagasinet.no\/?p=14152#primaryimage"},"thumbnailUrl":"https:\/\/lokalmagasinet.no\/wp-content\/uploads\/2021\/03\/journalism1_200-e1651420362191.jpg","articleSection":["Energiforsyning","Lokalnytt","Minner"],"inLanguage":"nn-NO"},{"@type":"WebPage","@id":"https:\/\/lokalmagasinet.no\/?p=14152","url":"https:\/\/lokalmagasinet.no\/?p=14152","name":"Det var en gang: Varmekraft- eller kraft-varmeverk | Lokalmagasinet.no","isPartOf":{"@id":"https:\/\/lokalmagasinet.no\/#website"},"primaryImageOfPage":{"@id":"https:\/\/lokalmagasinet.no\/?p=14152#primaryimage"},"image":{"@id":"https:\/\/lokalmagasinet.no\/?p=14152#primaryimage"},"thumbnailUrl":"https:\/\/lokalmagasinet.no\/wp-content\/uploads\/2021\/03\/journalism1_200-e1651420362191.jpg","datePublished":"2023-01-17T19:11:11+00:00","dateModified":"2023-01-22T00:13:19+00:00","breadcrumb":{"@id":"https:\/\/lokalmagasinet.no\/?p=14152#breadcrumb"},"inLanguage":"nn-NO","potentialAction":[{"@type":"ReadAction","target":["https:\/\/lokalmagasinet.no\/?p=14152"]}]},{"@type":"ImageObject","inLanguage":"nn-NO","@id":"https:\/\/lokalmagasinet.no\/?p=14152#primaryimage","url":"https:\/\/lokalmagasinet.no\/wp-content\/uploads\/2021\/03\/journalism1_200-e1651420362191.jpg","contentUrl":"https:\/\/lokalmagasinet.no\/wp-content\/uploads\/2021\/03\/journalism1_200-e1651420362191.jpg","width":100,"height":122},{"@type":"BreadcrumbList","@id":"https:\/\/lokalmagasinet.no\/?p=14152#breadcrumb","itemListElement":[{"@type":"ListItem","position":1,"name":"Hjem","item":"https:\/\/lokalmagasinet.no\/"},{"@type":"ListItem","position":2,"name":"Det var en gang: Varmekraft- eller kraft-varmeverk"}]},{"@type":"WebSite","@id":"https:\/\/lokalmagasinet.no\/#website","url":"https:\/\/lokalmagasinet.no\/","name":"Lokalmagasinet.no","description":"Fra fortid og n\u00e5tid. Med st\u00e5sted i det n\u00e6re. Siden 2002.","publisher":{"@id":"https:\/\/lokalmagasinet.no\/#organization"},"potentialAction":[{"@type":"SearchAction","target":{"@type":"EntryPoint","urlTemplate":"https:\/\/lokalmagasinet.no\/?s={search_term_string}"},"query-input":{"@type":"PropertyValueSpecification","valueRequired":true,"valueName":"search_term_string"}}],"inLanguage":"nn-NO"},{"@type":"Organization","@id":"https:\/\/lokalmagasinet.no\/#organization","name":"Lokalmagasinet.no","url":"https:\/\/lokalmagasinet.no\/","logo":{"@type":"ImageObject","inLanguage":"nn-NO","@id":"https:\/\/lokalmagasinet.no\/#\/schema\/logo\/image\/","url":"https:\/\/lokalmagasinet.no\/wp-content\/uploads\/2021\/03\/cropped-cropped-cropped-cropped-cropped-cropped-lmlogo-e1640691300821.jpg","contentUrl":"https:\/\/lokalmagasinet.no\/wp-content\/uploads\/2021\/03\/cropped-cropped-cropped-cropped-cropped-cropped-lmlogo-e1640691300821.jpg","width":72,"height":118,"caption":"Lokalmagasinet.no"},"image":{"@id":"https:\/\/lokalmagasinet.no\/#\/schema\/logo\/image\/"},"sameAs":["https:\/\/www.facebook.com\/sveinharald.strand.1","https:\/\/x.com\/LMExtra"]},{"@type":"Person","@id":"https:\/\/lokalmagasinet.no\/#\/schema\/person\/2e8d221708d3aaf6f577275b5bba4310","name":"Svein-Harald Strand","image":{"@type":"ImageObject","inLanguage":"nn-NO","@id":"https:\/\/secure.gravatar.com\/avatar\/c487434bdf6cd7c12e4a88877ae4b12c38d22b7ad64292b49d33ed7503bb7ce1?s=96&d=mm&r=g","url":"https:\/\/secure.gravatar.com\/avatar\/c487434bdf6cd7c12e4a88877ae4b12c38d22b7ad64292b49d33ed7503bb7ce1?s=96&d=mm&r=g","contentUrl":"https:\/\/secure.gravatar.com\/avatar\/c487434bdf6cd7c12e4a88877ae4b12c38d22b7ad64292b49d33ed7503bb7ce1?s=96&d=mm&r=g","caption":"Svein-Harald Strand"},"description":"(F. 26.12.1945) Redakt\u00f8r, journalist og informasjonsarbeider siden 1968. ||| I 1963: Redaksjonell praktikant i 8 m\u00e5neder p\u00e5 full tid i Helgeland Arbeiderblad i hjembyen Mosj\u00f8en. ||| Arbeidende pensjonist med hjemmekontor fra 2008 (AFP) og videre som folkepensjonist til n\u00e5.","sameAs":["https:\/\/lokalmagasinet.no\/","https:\/\/www.facebook.com\/sveinharald.strand.1","https:\/\/x.com\/LMExtra"],"url":"https:\/\/lokalmagasinet.no\/?author=6"}]}},"_links":{"self":[{"href":"https:\/\/lokalmagasinet.no\/index.php?rest_route=\/wp\/v2\/posts\/14152","targetHints":{"allow":["GET"]}}],"collection":[{"href":"https:\/\/lokalmagasinet.no\/index.php?rest_route=\/wp\/v2\/posts"}],"about":[{"href":"https:\/\/lokalmagasinet.no\/index.php?rest_route=\/wp\/v2\/types\/post"}],"author":[{"embeddable":true,"href":"https:\/\/lokalmagasinet.no\/index.php?rest_route=\/wp\/v2\/users\/6"}],"replies":[{"embeddable":true,"href":"https:\/\/lokalmagasinet.no\/index.php?rest_route=%2Fwp%2Fv2%2Fcomments&post=14152"}],"version-history":[{"count":6,"href":"https:\/\/lokalmagasinet.no\/index.php?rest_route=\/wp\/v2\/posts\/14152\/revisions"}],"predecessor-version":[{"id":14224,"href":"https:\/\/lokalmagasinet.no\/index.php?rest_route=\/wp\/v2\/posts\/14152\/revisions\/14224"}],"wp:featuredmedia":[{"embeddable":true,"href":"https:\/\/lokalmagasinet.no\/index.php?rest_route=\/wp\/v2\/media\/1874"}],"wp:attachment":[{"href":"https:\/\/lokalmagasinet.no\/index.php?rest_route=%2Fwp%2Fv2%2Fmedia&parent=14152"}],"wp:term":[{"taxonomy":"category","embeddable":true,"href":"https:\/\/lokalmagasinet.no\/index.php?rest_route=%2Fwp%2Fv2%2Fcategories&post=14152"},{"taxonomy":"post_tag","embeddable":true,"href":"https:\/\/lokalmagasinet.no\/index.php?rest_route=%2Fwp%2Fv2%2Ftags&post=14152"}],"curies":[{"name":"wp","href":"https:\/\/api.w.org\/{rel}","templated":true}]}}