{"id":14171,"date":"2023-02-05T13:43:11","date_gmt":"2023-02-05T12:43:11","guid":{"rendered":"https:\/\/lokalmagasinet.no\/?p=14171"},"modified":"2023-02-05T13:49:40","modified_gmt":"2023-02-05T12:49:40","slug":"for-lite-marked-for-fiske-som-naering","status":"publish","type":"post","link":"https:\/\/lokalmagasinet.no\/?p=14171","title":{"rendered":"&laquo;For lite marked for fiske som n\u00e6ring&#8230;&raquo;"},"content":{"rendered":"\r\n<figure id=\"attachment_14278\" aria-describedby=\"caption-attachment-14278\" style=\"width: 300px\" class=\"wp-caption alignleft\"><img loading=\"lazy\" decoding=\"async\" class=\"wp-image-14278 size-medium\" src=\"https:\/\/lokalmagasinet.no\/wp-content\/uploads\/2023\/01\/Pjaken1-scaled-e1674675280937-300x213.jpg\" alt=\"\" width=\"300\" height=\"213\" srcset=\"https:\/\/lokalmagasinet.no\/wp-content\/uploads\/2023\/01\/Pjaken1-scaled-e1674675280937-300x213.jpg 300w, https:\/\/lokalmagasinet.no\/wp-content\/uploads\/2023\/01\/Pjaken1-scaled-e1674675280937-150x106.jpg 150w, https:\/\/lokalmagasinet.no\/wp-content\/uploads\/2023\/01\/Pjaken1-scaled-e1674675280937-768x544.jpg 768w, https:\/\/lokalmagasinet.no\/wp-content\/uploads\/2023\/01\/Pjaken1-scaled-e1674675280937.jpg 800w\" sizes=\"auto, (max-width: 300px) 100vw, 300px\" \/><figcaption id=\"caption-attachment-14278\" class=\"wp-caption-text\"><strong>Vadb\u00e5ter i fiskerhavna nedenfor Pj\u00e5ken. <\/strong>(Foto fra trykksak\/dokument.)<\/figcaption><\/figure>\r\n<p>(Publisert 05.02.23) (Av Gunnar Egil Kristiansen; siste temadel.) <strong>Soon og Omegns Fiskerforening ble stiftet i Son i 1912. Foreningen sto fra 1927 tilsluttet Norges Fiskarlag. Dette gjennom overbygningen Oslofjorden Fiskarlag, stiftet 9. februar 1936. <\/strong><\/p>\r\n<p>&nbsp;<\/p>\r\n<p><em>Fiske som n\u00e6ring ble ikke noe s\u00e6rlig framherskende i Son f\u00f8r siste halvdel av 1800-tallet. \u00c5rsaken skal v\u00e6re at det f\u00f8r den tid var \u00abfor lite marked\u00bb, for f\u00e5 mennesker, til at fiske som n\u00e6ring kunne svare seg.<\/em><\/p>\r\n\r\n\r\n\r\n<p>Men med \u00f8kt folketall og et st\u00f8rre kj\u00f8pevillig marked &#8211; Kristiania inkludert &#8211; tok n\u00e6ringa seg opp. Det starta med makrell, seinere kom sild, ansjos, brisling, hummer, reker og andre fiskeslag.<\/p>\r\n\r\n\r\n\r\n<p>I Son Leksikon st\u00e5r det at foreningen ble stiftet i 1912 &#8211; dessverre uten noen oversikt over hvem som tok initiativet.<\/p>\r\n<p><strong>DET F\u00d8RSTE STYRET<\/strong><\/p>\r\n<p>Men i anledning foreningens 50-\u00e5rsjubileum finner vi foreningens f\u00f8rste styre:<\/p>\r\n\r\n\r\n\r\n<p>Formann var Arnt Andresen, og sammen med seg hadde han Josef Svendsen, Kj\u00f8vangen, samt Otto Ottersen, Erik Sj\u00f8vold og Lauritz Olsen. P\u00e5 dette festm\u00f8tet deltok ellers to av stifterne av laget; Sigvald Karlsen og Adolf Andresen.<\/p>\r\n\r\n\r\n\r\n<p><strong>F\u00f8rste gang offentligheten fikk kjennskap til foreningen var i 1914. Da skrev Kristiania-avisa Social-Demokraten at foreningen hadde s\u00f8kt havnedirekt\u00f8ren om \u00e5 f\u00e5 utredet muligheten for en havn eller beskyttelsesmolo i Son. Kommunestyret hadde anbefalt s\u00f8knaden. <\/strong><\/p>\r\n\r\n\r\n\r\n<p>Det skal vise seg at saken om ei god havn for fiskere og fritidsb\u00e5ter ville oppta soningenes fiskere gjennom mange \u00e5r framover.<\/p>\r\n\r\n\r\n\r\n\r\n\r\n<p><strong>NOEN TILLITSMENN<\/strong><\/p>\r\n<p>Det har alts\u00e5 ikke lyktes \u00e5 framskaffe navnene p\u00e5 dem som starta foreningen i 1912. F\u00f8rste gang vi finner styret i Soon og Omegns Fiskerforening omtalt, er i Fiskarlagets eget organ Fiskaren hvor det 5. august 1931 st\u00e5r at fisker Ludv. Olsen var formann, Sigvart Karlsen kasserer, Josef Svendsen sekret\u00e6 Fisker Asbj\u00f8rn Svendsen og H\u00e5kon Guldbrandsen var styremedlemmer i laget, som den gang besto av 30 medlemmer.<\/p>\r\n\r\n\r\n\r\n<p>\u00c5ret etter finner vi en nekrolog om Lauritz Olsen fraKj\u00f8vangen som ved sin d\u00f8d var et av lagets eldste medlemmer og som hadde v\u00e6rt med i styret for \u00d8stlandske Fiskeriselskap gjennom flere \u00e5r.<\/p>\r\n<p>&nbsp;<\/p>\r\n<p>Tilrettelagt av Svein-H. Strand<\/p>\r\n<p>Views: 208<\/p>","protected":false},"excerpt":{"rendered":"<p>(Publisert 05.02.23) (Av Gunnar Egil Kristiansen; siste temadel.) Soon og Omegns Fiskerforening ble stiftet i Son i 1912. Foreningen sto fra 1927 tilsluttet Norges Fiskarlag. Dette gjennom overbygningen Oslofjorden Fiskarlag, &#8230; <\/p>\n<p class=\"read-more-container\"><a title=\"&laquo;For lite marked for fiske som n\u00e6ring&#8230;&raquo;\" class=\"read-more button\" href=\"https:\/\/lokalmagasinet.no\/?p=14171#more-14171\">Les mer<span class=\"screen-reader-text\">&laquo;For lite marked for fiske som n\u00e6ring&#8230;&raquo;<\/span><\/a><\/p>\n","protected":false},"author":6,"featured_media":0,"comment_status":"closed","ping_status":"open","sticky":false,"template":"","format":"standard","meta":{"footnotes":""},"categories":[7,78],"tags":[],"class_list":["post-14171","post","type-post","status-publish","format-standard","hentry","category-historisk-arkiv","category-yrkesfiske"],"yoast_head":"<!-- This site is optimized with the Yoast SEO plugin v27.4 - https:\/\/yoast.com\/product\/yoast-seo-wordpress\/ -->\n<title>&quot;For lite marked for fiske som n\u00e6ring...&quot; | Lokalmagasinet.no<\/title>\n<meta name=\"robots\" content=\"index, follow, max-snippet:-1, max-image-preview:large, max-video-preview:-1\" \/>\n<link rel=\"canonical\" href=\"https:\/\/lokalmagasinet.no\/?p=14171\" \/>\n<meta property=\"og:locale\" content=\"nn_NO\" \/>\n<meta property=\"og:type\" content=\"article\" \/>\n<meta property=\"og:title\" content=\"&quot;For lite marked for fiske som n\u00e6ring...&quot; | Lokalmagasinet.no\" \/>\n<meta property=\"og:description\" content=\"(Publisert 05.02.23) (Av Gunnar Egil Kristiansen; siste temadel.) Soon og Omegns Fiskerforening ble stiftet i Son i 1912. Foreningen sto fra 1927 tilsluttet Norges Fiskarlag. Dette gjennom overbygningen Oslofjorden Fiskarlag, ... Les mer&laquo;For lite marked for fiske som n\u00e6ring&#8230;&raquo;\" \/>\n<meta property=\"og:url\" content=\"https:\/\/lokalmagasinet.no\/?p=14171\" \/>\n<meta property=\"og:site_name\" content=\"Lokalmagasinet.no\" \/>\n<meta property=\"article:publisher\" content=\"https:\/\/www.facebook.com\/sveinharald.strand.1\" \/>\n<meta property=\"article:author\" content=\"https:\/\/www.facebook.com\/sveinharald.strand.1\" \/>\n<meta property=\"article:published_time\" content=\"2023-02-05T12:43:11+00:00\" \/>\n<meta property=\"article:modified_time\" content=\"2023-02-05T12:49:40+00:00\" \/>\n<meta property=\"og:image\" content=\"https:\/\/lokalmagasinet.no\/wp-content\/uploads\/2023\/01\/Pjaken1-scaled-e1674675280937-300x213.jpg\" \/>\n<meta name=\"author\" content=\"Svein-Harald Strand\" \/>\n<meta name=\"twitter:card\" content=\"summary_large_image\" \/>\n<meta name=\"twitter:creator\" content=\"@LMExtra\" \/>\n<meta name=\"twitter:site\" content=\"@LMExtra\" \/>\n<meta name=\"twitter:label1\" content=\"Written by\" \/>\n\t<meta name=\"twitter:data1\" content=\"Svein-Harald Strand\" \/>\n\t<meta name=\"twitter:label2\" content=\"Est. reading time\" \/>\n\t<meta name=\"twitter:data2\" content=\"2 minutt\" \/>\n<script type=\"application\/ld+json\" class=\"yoast-schema-graph\">{\"@context\":\"https:\\\/\\\/schema.org\",\"@graph\":[{\"@type\":\"Article\",\"@id\":\"https:\\\/\\\/lokalmagasinet.no\\\/?p=14171#article\",\"isPartOf\":{\"@id\":\"https:\\\/\\\/lokalmagasinet.no\\\/?p=14171\"},\"author\":{\"name\":\"Svein-Harald Strand\",\"@id\":\"https:\\\/\\\/lokalmagasinet.no\\\/#\\\/schema\\\/person\\\/2e8d221708d3aaf6f577275b5bba4310\"},\"headline\":\"&laquo;For lite marked for fiske som n\u00e6ring&#8230;&raquo;\",\"datePublished\":\"2023-02-05T12:43:11+00:00\",\"dateModified\":\"2023-02-05T12:49:40+00:00\",\"mainEntityOfPage\":{\"@id\":\"https:\\\/\\\/lokalmagasinet.no\\\/?p=14171\"},\"wordCount\":379,\"publisher\":{\"@id\":\"https:\\\/\\\/lokalmagasinet.no\\\/#organization\"},\"image\":{\"@id\":\"https:\\\/\\\/lokalmagasinet.no\\\/?p=14171#primaryimage\"},\"thumbnailUrl\":\"https:\\\/\\\/lokalmagasinet.no\\\/wp-content\\\/uploads\\\/2023\\\/01\\\/Pjaken1-scaled-e1674675280937-300x213.jpg\",\"articleSection\":[\"Historisk\",\"Yrkesfiske\"],\"inLanguage\":\"nn-NO\"},{\"@type\":\"WebPage\",\"@id\":\"https:\\\/\\\/lokalmagasinet.no\\\/?p=14171\",\"url\":\"https:\\\/\\\/lokalmagasinet.no\\\/?p=14171\",\"name\":\"\\\"For lite marked for fiske som n\u00e6ring...\\\" | Lokalmagasinet.no\",\"isPartOf\":{\"@id\":\"https:\\\/\\\/lokalmagasinet.no\\\/#website\"},\"primaryImageOfPage\":{\"@id\":\"https:\\\/\\\/lokalmagasinet.no\\\/?p=14171#primaryimage\"},\"image\":{\"@id\":\"https:\\\/\\\/lokalmagasinet.no\\\/?p=14171#primaryimage\"},\"thumbnailUrl\":\"https:\\\/\\\/lokalmagasinet.no\\\/wp-content\\\/uploads\\\/2023\\\/01\\\/Pjaken1-scaled-e1674675280937-300x213.jpg\",\"datePublished\":\"2023-02-05T12:43:11+00:00\",\"dateModified\":\"2023-02-05T12:49:40+00:00\",\"breadcrumb\":{\"@id\":\"https:\\\/\\\/lokalmagasinet.no\\\/?p=14171#breadcrumb\"},\"inLanguage\":\"nn-NO\",\"potentialAction\":[{\"@type\":\"ReadAction\",\"target\":[\"https:\\\/\\\/lokalmagasinet.no\\\/?p=14171\"]}]},{\"@type\":\"ImageObject\",\"inLanguage\":\"nn-NO\",\"@id\":\"https:\\\/\\\/lokalmagasinet.no\\\/?p=14171#primaryimage\",\"url\":\"https:\\\/\\\/lokalmagasinet.no\\\/wp-content\\\/uploads\\\/2023\\\/01\\\/Pjaken1-scaled-e1674675280937.jpg\",\"contentUrl\":\"https:\\\/\\\/lokalmagasinet.no\\\/wp-content\\\/uploads\\\/2023\\\/01\\\/Pjaken1-scaled-e1674675280937.jpg\",\"width\":800,\"height\":567,\"caption\":\"Vadb\u00e5ter i fiskerhavna nedenfor Pj\u00e5ken.(Avfotografert fra trykksak\\\/dokument.)\"},{\"@type\":\"BreadcrumbList\",\"@id\":\"https:\\\/\\\/lokalmagasinet.no\\\/?p=14171#breadcrumb\",\"itemListElement\":[{\"@type\":\"ListItem\",\"position\":1,\"name\":\"Hjem\",\"item\":\"https:\\\/\\\/lokalmagasinet.no\\\/\"},{\"@type\":\"ListItem\",\"position\":2,\"name\":\"&#8220;For lite marked for fiske som n\u00e6ring&#8230;&#8221;\"}]},{\"@type\":\"WebSite\",\"@id\":\"https:\\\/\\\/lokalmagasinet.no\\\/#website\",\"url\":\"https:\\\/\\\/lokalmagasinet.no\\\/\",\"name\":\"Lokalmagasinet.no\",\"description\":\"Fra fortid og n\u00e5tid. Med st\u00e5sted i det n\u00e6re. Siden 2002.\",\"publisher\":{\"@id\":\"https:\\\/\\\/lokalmagasinet.no\\\/#organization\"},\"potentialAction\":[{\"@type\":\"SearchAction\",\"target\":{\"@type\":\"EntryPoint\",\"urlTemplate\":\"https:\\\/\\\/lokalmagasinet.no\\\/?s={search_term_string}\"},\"query-input\":{\"@type\":\"PropertyValueSpecification\",\"valueRequired\":true,\"valueName\":\"search_term_string\"}}],\"inLanguage\":\"nn-NO\"},{\"@type\":\"Organization\",\"@id\":\"https:\\\/\\\/lokalmagasinet.no\\\/#organization\",\"name\":\"Lokalmagasinet.no\",\"url\":\"https:\\\/\\\/lokalmagasinet.no\\\/\",\"logo\":{\"@type\":\"ImageObject\",\"inLanguage\":\"nn-NO\",\"@id\":\"https:\\\/\\\/lokalmagasinet.no\\\/#\\\/schema\\\/logo\\\/image\\\/\",\"url\":\"https:\\\/\\\/lokalmagasinet.no\\\/wp-content\\\/uploads\\\/2021\\\/03\\\/cropped-cropped-cropped-cropped-cropped-cropped-lmlogo-e1640691300821.jpg\",\"contentUrl\":\"https:\\\/\\\/lokalmagasinet.no\\\/wp-content\\\/uploads\\\/2021\\\/03\\\/cropped-cropped-cropped-cropped-cropped-cropped-lmlogo-e1640691300821.jpg\",\"width\":72,\"height\":118,\"caption\":\"Lokalmagasinet.no\"},\"image\":{\"@id\":\"https:\\\/\\\/lokalmagasinet.no\\\/#\\\/schema\\\/logo\\\/image\\\/\"},\"sameAs\":[\"https:\\\/\\\/www.facebook.com\\\/sveinharald.strand.1\",\"https:\\\/\\\/x.com\\\/LMExtra\"]},{\"@type\":\"Person\",\"@id\":\"https:\\\/\\\/lokalmagasinet.no\\\/#\\\/schema\\\/person\\\/2e8d221708d3aaf6f577275b5bba4310\",\"name\":\"Svein-Harald Strand\",\"image\":{\"@type\":\"ImageObject\",\"inLanguage\":\"nn-NO\",\"@id\":\"https:\\\/\\\/secure.gravatar.com\\\/avatar\\\/c487434bdf6cd7c12e4a88877ae4b12c38d22b7ad64292b49d33ed7503bb7ce1?s=96&d=mm&r=g\",\"url\":\"https:\\\/\\\/secure.gravatar.com\\\/avatar\\\/c487434bdf6cd7c12e4a88877ae4b12c38d22b7ad64292b49d33ed7503bb7ce1?s=96&d=mm&r=g\",\"contentUrl\":\"https:\\\/\\\/secure.gravatar.com\\\/avatar\\\/c487434bdf6cd7c12e4a88877ae4b12c38d22b7ad64292b49d33ed7503bb7ce1?s=96&d=mm&r=g\",\"caption\":\"Svein-Harald Strand\"},\"description\":\"(F. 26.12.1945) Redakt\u00f8r, journalist og informasjonsarbeider siden 1968. ||| I 1963: Redaksjonell praktikant i 8 m\u00e5neder p\u00e5 full tid i Helgeland Arbeiderblad i hjembyen Mosj\u00f8en. ||| Arbeidende pensjonist med hjemmekontor fra 2008 (AFP) og videre som folkepensjonist til n\u00e5.\",\"sameAs\":[\"https:\\\/\\\/lokalmagasinet.no\\\/\",\"https:\\\/\\\/www.facebook.com\\\/sveinharald.strand.1\",\"https:\\\/\\\/x.com\\\/LMExtra\"],\"url\":\"https:\\\/\\\/lokalmagasinet.no\\\/?author=6\"}]}<\/script>\n<!-- \/ Yoast SEO plugin. -->","yoast_head_json":{"title":"\"For lite marked for fiske som n\u00e6ring...\" | Lokalmagasinet.no","robots":{"index":"index","follow":"follow","max-snippet":"max-snippet:-1","max-image-preview":"max-image-preview:large","max-video-preview":"max-video-preview:-1"},"canonical":"https:\/\/lokalmagasinet.no\/?p=14171","og_locale":"nn_NO","og_type":"article","og_title":"\"For lite marked for fiske som n\u00e6ring...\" | Lokalmagasinet.no","og_description":"(Publisert 05.02.23) (Av Gunnar Egil Kristiansen; siste temadel.) Soon og Omegns Fiskerforening ble stiftet i Son i 1912. Foreningen sto fra 1927 tilsluttet Norges Fiskarlag. Dette gjennom overbygningen Oslofjorden Fiskarlag, ... Les mer&laquo;For lite marked for fiske som n\u00e6ring&#8230;&raquo;","og_url":"https:\/\/lokalmagasinet.no\/?p=14171","og_site_name":"Lokalmagasinet.no","article_publisher":"https:\/\/www.facebook.com\/sveinharald.strand.1","article_author":"https:\/\/www.facebook.com\/sveinharald.strand.1","article_published_time":"2023-02-05T12:43:11+00:00","article_modified_time":"2023-02-05T12:49:40+00:00","og_image":[{"url":"https:\/\/lokalmagasinet.no\/wp-content\/uploads\/2023\/01\/Pjaken1-scaled-e1674675280937-300x213.jpg","type":"","width":"","height":""}],"author":"Svein-Harald Strand","twitter_card":"summary_large_image","twitter_creator":"@LMExtra","twitter_site":"@LMExtra","twitter_misc":{"Written by":"Svein-Harald Strand","Est. reading time":"2 minutt"},"schema":{"@context":"https:\/\/schema.org","@graph":[{"@type":"Article","@id":"https:\/\/lokalmagasinet.no\/?p=14171#article","isPartOf":{"@id":"https:\/\/lokalmagasinet.no\/?p=14171"},"author":{"name":"Svein-Harald Strand","@id":"https:\/\/lokalmagasinet.no\/#\/schema\/person\/2e8d221708d3aaf6f577275b5bba4310"},"headline":"&laquo;For lite marked for fiske som n\u00e6ring&#8230;&raquo;","datePublished":"2023-02-05T12:43:11+00:00","dateModified":"2023-02-05T12:49:40+00:00","mainEntityOfPage":{"@id":"https:\/\/lokalmagasinet.no\/?p=14171"},"wordCount":379,"publisher":{"@id":"https:\/\/lokalmagasinet.no\/#organization"},"image":{"@id":"https:\/\/lokalmagasinet.no\/?p=14171#primaryimage"},"thumbnailUrl":"https:\/\/lokalmagasinet.no\/wp-content\/uploads\/2023\/01\/Pjaken1-scaled-e1674675280937-300x213.jpg","articleSection":["Historisk","Yrkesfiske"],"inLanguage":"nn-NO"},{"@type":"WebPage","@id":"https:\/\/lokalmagasinet.no\/?p=14171","url":"https:\/\/lokalmagasinet.no\/?p=14171","name":"\"For lite marked for fiske som n\u00e6ring...\" | Lokalmagasinet.no","isPartOf":{"@id":"https:\/\/lokalmagasinet.no\/#website"},"primaryImageOfPage":{"@id":"https:\/\/lokalmagasinet.no\/?p=14171#primaryimage"},"image":{"@id":"https:\/\/lokalmagasinet.no\/?p=14171#primaryimage"},"thumbnailUrl":"https:\/\/lokalmagasinet.no\/wp-content\/uploads\/2023\/01\/Pjaken1-scaled-e1674675280937-300x213.jpg","datePublished":"2023-02-05T12:43:11+00:00","dateModified":"2023-02-05T12:49:40+00:00","breadcrumb":{"@id":"https:\/\/lokalmagasinet.no\/?p=14171#breadcrumb"},"inLanguage":"nn-NO","potentialAction":[{"@type":"ReadAction","target":["https:\/\/lokalmagasinet.no\/?p=14171"]}]},{"@type":"ImageObject","inLanguage":"nn-NO","@id":"https:\/\/lokalmagasinet.no\/?p=14171#primaryimage","url":"https:\/\/lokalmagasinet.no\/wp-content\/uploads\/2023\/01\/Pjaken1-scaled-e1674675280937.jpg","contentUrl":"https:\/\/lokalmagasinet.no\/wp-content\/uploads\/2023\/01\/Pjaken1-scaled-e1674675280937.jpg","width":800,"height":567,"caption":"Vadb\u00e5ter i fiskerhavna nedenfor Pj\u00e5ken.(Avfotografert fra trykksak\/dokument.)"},{"@type":"BreadcrumbList","@id":"https:\/\/lokalmagasinet.no\/?p=14171#breadcrumb","itemListElement":[{"@type":"ListItem","position":1,"name":"Hjem","item":"https:\/\/lokalmagasinet.no\/"},{"@type":"ListItem","position":2,"name":"&#8220;For lite marked for fiske som n\u00e6ring&#8230;&#8221;"}]},{"@type":"WebSite","@id":"https:\/\/lokalmagasinet.no\/#website","url":"https:\/\/lokalmagasinet.no\/","name":"Lokalmagasinet.no","description":"Fra fortid og n\u00e5tid. Med st\u00e5sted i det n\u00e6re. Siden 2002.","publisher":{"@id":"https:\/\/lokalmagasinet.no\/#organization"},"potentialAction":[{"@type":"SearchAction","target":{"@type":"EntryPoint","urlTemplate":"https:\/\/lokalmagasinet.no\/?s={search_term_string}"},"query-input":{"@type":"PropertyValueSpecification","valueRequired":true,"valueName":"search_term_string"}}],"inLanguage":"nn-NO"},{"@type":"Organization","@id":"https:\/\/lokalmagasinet.no\/#organization","name":"Lokalmagasinet.no","url":"https:\/\/lokalmagasinet.no\/","logo":{"@type":"ImageObject","inLanguage":"nn-NO","@id":"https:\/\/lokalmagasinet.no\/#\/schema\/logo\/image\/","url":"https:\/\/lokalmagasinet.no\/wp-content\/uploads\/2021\/03\/cropped-cropped-cropped-cropped-cropped-cropped-lmlogo-e1640691300821.jpg","contentUrl":"https:\/\/lokalmagasinet.no\/wp-content\/uploads\/2021\/03\/cropped-cropped-cropped-cropped-cropped-cropped-lmlogo-e1640691300821.jpg","width":72,"height":118,"caption":"Lokalmagasinet.no"},"image":{"@id":"https:\/\/lokalmagasinet.no\/#\/schema\/logo\/image\/"},"sameAs":["https:\/\/www.facebook.com\/sveinharald.strand.1","https:\/\/x.com\/LMExtra"]},{"@type":"Person","@id":"https:\/\/lokalmagasinet.no\/#\/schema\/person\/2e8d221708d3aaf6f577275b5bba4310","name":"Svein-Harald Strand","image":{"@type":"ImageObject","inLanguage":"nn-NO","@id":"https:\/\/secure.gravatar.com\/avatar\/c487434bdf6cd7c12e4a88877ae4b12c38d22b7ad64292b49d33ed7503bb7ce1?s=96&d=mm&r=g","url":"https:\/\/secure.gravatar.com\/avatar\/c487434bdf6cd7c12e4a88877ae4b12c38d22b7ad64292b49d33ed7503bb7ce1?s=96&d=mm&r=g","contentUrl":"https:\/\/secure.gravatar.com\/avatar\/c487434bdf6cd7c12e4a88877ae4b12c38d22b7ad64292b49d33ed7503bb7ce1?s=96&d=mm&r=g","caption":"Svein-Harald Strand"},"description":"(F. 26.12.1945) Redakt\u00f8r, journalist og informasjonsarbeider siden 1968. ||| I 1963: Redaksjonell praktikant i 8 m\u00e5neder p\u00e5 full tid i Helgeland Arbeiderblad i hjembyen Mosj\u00f8en. ||| Arbeidende pensjonist med hjemmekontor fra 2008 (AFP) og videre som folkepensjonist til n\u00e5.","sameAs":["https:\/\/lokalmagasinet.no\/","https:\/\/www.facebook.com\/sveinharald.strand.1","https:\/\/x.com\/LMExtra"],"url":"https:\/\/lokalmagasinet.no\/?author=6"}]}},"_links":{"self":[{"href":"https:\/\/lokalmagasinet.no\/index.php?rest_route=\/wp\/v2\/posts\/14171","targetHints":{"allow":["GET"]}}],"collection":[{"href":"https:\/\/lokalmagasinet.no\/index.php?rest_route=\/wp\/v2\/posts"}],"about":[{"href":"https:\/\/lokalmagasinet.no\/index.php?rest_route=\/wp\/v2\/types\/post"}],"author":[{"embeddable":true,"href":"https:\/\/lokalmagasinet.no\/index.php?rest_route=\/wp\/v2\/users\/6"}],"replies":[{"embeddable":true,"href":"https:\/\/lokalmagasinet.no\/index.php?rest_route=%2Fwp%2Fv2%2Fcomments&post=14171"}],"version-history":[{"count":21,"href":"https:\/\/lokalmagasinet.no\/index.php?rest_route=\/wp\/v2\/posts\/14171\/revisions"}],"predecessor-version":[{"id":14382,"href":"https:\/\/lokalmagasinet.no\/index.php?rest_route=\/wp\/v2\/posts\/14171\/revisions\/14382"}],"wp:attachment":[{"href":"https:\/\/lokalmagasinet.no\/index.php?rest_route=%2Fwp%2Fv2%2Fmedia&parent=14171"}],"wp:term":[{"taxonomy":"category","embeddable":true,"href":"https:\/\/lokalmagasinet.no\/index.php?rest_route=%2Fwp%2Fv2%2Fcategories&post=14171"},{"taxonomy":"post_tag","embeddable":true,"href":"https:\/\/lokalmagasinet.no\/index.php?rest_route=%2Fwp%2Fv2%2Ftags&post=14171"}],"curies":[{"name":"wp","href":"https:\/\/api.w.org\/{rel}","templated":true}]}}