{"id":14200,"date":"2023-01-23T22:04:46","date_gmt":"2023-01-23T21:04:46","guid":{"rendered":"https:\/\/lokalmagasinet.no\/?p=14200"},"modified":"2023-02-02T01:59:54","modified_gmt":"2023-02-02T00:59:54","slug":"randi-tok-ansvar-for-not-og-garn-torka-til-pjakerane","status":"publish","type":"post","link":"https:\/\/lokalmagasinet.no\/?p=14200","title":{"rendered":"Randi tok ansvar for not- og garn-t\u00f8rka til \u00abPj\u00e5kerane\u00bb"},"content":{"rendered":"\n\n\n\n<figure id=\"attachment_14204\" aria-describedby=\"caption-attachment-14204\" style=\"width: 879px\" class=\"wp-caption alignnone\"><img loading=\"lazy\" decoding=\"async\" class=\"wp-image-14204 size-full\" src=\"https:\/\/lokalmagasinet.no\/wp-content\/uploads\/2023\/01\/5-Randi-bestemor-Sofie-Trine-og-tante-Ellen1.jpg\" alt=\"\" width=\"879\" height=\"1204\" srcset=\"https:\/\/lokalmagasinet.no\/wp-content\/uploads\/2023\/01\/5-Randi-bestemor-Sofie-Trine-og-tante-Ellen1.jpg 879w, https:\/\/lokalmagasinet.no\/wp-content\/uploads\/2023\/01\/5-Randi-bestemor-Sofie-Trine-og-tante-Ellen1-219x300.jpg 219w, https:\/\/lokalmagasinet.no\/wp-content\/uploads\/2023\/01\/5-Randi-bestemor-Sofie-Trine-og-tante-Ellen1-748x1024.jpg 748w, https:\/\/lokalmagasinet.no\/wp-content\/uploads\/2023\/01\/5-Randi-bestemor-Sofie-Trine-og-tante-Ellen1-110x150.jpg 110w, https:\/\/lokalmagasinet.no\/wp-content\/uploads\/2023\/01\/5-Randi-bestemor-Sofie-Trine-og-tante-Ellen1-768x1052.jpg 768w\" sizes=\"auto, (max-width: 879px) 100vw, 879px\" \/><figcaption id=\"caption-attachment-14204\" class=\"wp-caption-text\"><strong>Fint firkl\u00f8ver ute p\u00e5 trappa i Pj\u00e5ken: Randi, bestemor Sofie, Trine og tante Ellen.<\/strong><\/figcaption><\/figure>\n\n(Andre del om Son-fiskerne. Publisert 23.01.23) (Av Gunnar Egil Kristiansen) (Tilrettelagt av Svein-H. Strand) <strong>\u00abPj\u00e5kerane\u00bb drev notfiske p\u00e5 brisling, sild og sardiner b\u00e5de i Oslofjorden, p\u00e5 S\u00f8rlandet og dels Vestlandet. Randi Fredriksen tok ogs\u00e5 ansvaret for \u00e5 fordele bruken av Pj\u00e5keranes not- og garn-t\u00f8rke: \u00abg\u00e6lje\u00bb. Dette var krevende nok. <\/strong>\n\nN\u00e5r vestlandsfiskerne s\u00f8kte til Oslofjorden under sommerens brislingfiske og fikk behov for \u00e5 t\u00f8rke n\u00f8ter og redskap, da falt det i Randis lodd \u00e5 vise kl\u00f8kt og rettferd. Anlegget m\u00e5tte selvsagt v\u00e6re tilgjengelig for<strong> \u00ab<\/strong>Pj\u00e5kerane\u00bb sine egne bruk n\u00e5r de var p\u00e5 heimtur fra feltet!\n\nRandi var som voksen datter tydelig stolt av faren og hans tidlige arbeid for \u00e5 bedre arbeidsfolks arbeids- og livsvilk\u00e5r. I \u00e5rene med h\u00f8y ledighet og f\u00e5 rettigheter for arbeidstakere, hadde far Ludvig (og mor Valborg) 12 barn \u00e5 s\u00f8rge for.\n\nRandi mente faren sto fjellst\u00f8tt i arbeidet p\u00e5 \u00abGr\u00f8stadsaga\u00bb (se f\u00f8rste del), p\u00e5 tross av hans politiske virke &#8211; som lett kunne blitt et problem i forhold til arbeidsgiver.\n\n\n\n\n\n\n\n\n\n\n\n\n\n\n\n\n\n\n\n<strong>I likhet med far \u2013 og mor-&nbsp; tok ogs\u00e5 Randi Fredriksen skrittet ut i lokalpolitikken. I 1951 ble hun nominert p\u00e5 4. plass til Son Arbeiderparti, og med 192 stemmer bak seg ble hun innvalgt i bystyret.<\/strong>\n\n\n\n\n\nI januar finner vi at hun er blitt satt opp som f\u00f8rste vara til skolestyret i Son. Og i 1955: Formannskapet har innstilt Randi som en av fire kvinnelige domsmenn &#8211; blant elleve menn.\n\n\n\n\n\n\u00c5ret etter ble Randi innvalgt i husstellnemnda og som 1. vara til skolestyret. I 1959 ble hun igjen valgt til domsmann.\n\nI 1960 ble hun gjenvalgt som formann i husstellnemnda og fast medlem av skolestyret, I 1963 ble hun p\u00e5nytt gjenvalgt som formann i husstellnemnda.\n\n\n\n\n\n<strong>I denne sammenhengen skal vi heller ikke unnlate \u00e5 nevne at hennes mann, Norbom, ogs\u00e5 satt i bystyret og bekledte en rekke verv med betydning innen lokaldemokratiet i Son.<\/strong>\n\n<figure id=\"attachment_14205\" aria-describedby=\"caption-attachment-14205\" style=\"width: 2048px\" class=\"wp-caption alignnone\"><img loading=\"lazy\" decoding=\"async\" class=\"size-full wp-image-14205\" src=\"https:\/\/lokalmagasinet.no\/wp-content\/uploads\/2023\/01\/4-Kjernefamilien-1957.-Fra-venstre-Turid-Norbom-Randi-med-Trine-pa-fanget-Jorn-og-Wenche.1-scaled.jpg\" alt=\"\" width=\"2048\" height=\"1520\" srcset=\"https:\/\/lokalmagasinet.no\/wp-content\/uploads\/2023\/01\/4-Kjernefamilien-1957.-Fra-venstre-Turid-Norbom-Randi-med-Trine-pa-fanget-Jorn-og-Wenche.1-scaled.jpg 2048w, https:\/\/lokalmagasinet.no\/wp-content\/uploads\/2023\/01\/4-Kjernefamilien-1957.-Fra-venstre-Turid-Norbom-Randi-med-Trine-pa-fanget-Jorn-og-Wenche.1-300x223.jpg 300w, https:\/\/lokalmagasinet.no\/wp-content\/uploads\/2023\/01\/4-Kjernefamilien-1957.-Fra-venstre-Turid-Norbom-Randi-med-Trine-pa-fanget-Jorn-og-Wenche.1-1024x760.jpg 1024w, https:\/\/lokalmagasinet.no\/wp-content\/uploads\/2023\/01\/4-Kjernefamilien-1957.-Fra-venstre-Turid-Norbom-Randi-med-Trine-pa-fanget-Jorn-og-Wenche.1-150x111.jpg 150w, https:\/\/lokalmagasinet.no\/wp-content\/uploads\/2023\/01\/4-Kjernefamilien-1957.-Fra-venstre-Turid-Norbom-Randi-med-Trine-pa-fanget-Jorn-og-Wenche.1-768x570.jpg 768w, https:\/\/lokalmagasinet.no\/wp-content\/uploads\/2023\/01\/4-Kjernefamilien-1957.-Fra-venstre-Turid-Norbom-Randi-med-Trine-pa-fanget-Jorn-og-Wenche.1-1536x1140.jpg 1536w\" sizes=\"auto, (max-width: 2048px) 100vw, 2048px\" \/><figcaption id=\"caption-attachment-14205\" class=\"wp-caption-text\"><strong>Kjernefamilien i 1957. Fra venstre Turid, Norbom, Randi med Trine p\u00e5 fanget, J\u00f8rn og Wenche.<\/strong><\/figcaption><\/figure>\n\n\n\n\n<p style=\"text-align: center;\"><strong>MANGE \u00c5 &laquo;SLEKTE P\u00c5&raquo; I POLITIKKEN<\/strong><\/p>\nS\u00e5 m\u00e5 det ogs\u00e5 sies at Randi ikke hadde bare mor og far \u00ab\u00e5 slekte p\u00e5\u00bb innen politikken: Bror, Thorstein Ludvigsen, (AP) var ordf\u00f8rer i tre perioder i Vestby.\n\nNev\u00f8, Tom Anders Ludvigsen, (AP) er per 2023 i sin tredje periode som ordf\u00f8rer i Vestby.\n\nSvigerinne, Sonja Ludvigsen, (AP) var stortingsrepresentant og sosialminister.\n\n\n\n\n\nS\u00f8nn, J\u00f8rn Andreas Fredriksen, var lokalpolitiker p\u00e5 1970- og 1980-tallet, bl.a. formann i Vestby Arbeiderparti, gruppeleder i formannskapet og kommunestyret. Han satt i bygningsr\u00e5det og skolestyret, og han var leder i AOFs lokallag (Arbeiderbevegelsens opplysningsforbund).\n\n\n\n\n<h4 style=\"text-align: center;\"><strong>FREDRIKSENS KOLONIAL<\/strong><\/h4>\n\n\n\n\n<strong>Ved inngangen til 1960-\u00e5ra etablerte hun Fredriksen Kolonial, som hun drev sammen med datter Wenche. Randi hadde sett seg ut boligfeltene Str\u00f8mbr\u00e5ten og De\u00f8r skog som da var under utbygging. Her s\u00e5 de et framtidig markedsgrunnlag.<\/strong>\n\n\n\n\n\nDe fikk leid underetasjen i bolighuset til Karsten og Aagot Gulliksen i Sonsveien 11 i Son. Her mente de \u00e5 kunne v\u00e6re i p\u00e5vente av et utvidet markedsgrunnlag og \u00abrett tid\u00bb for mer permanent virksomhet i nye lokaliteter.\n\n\n\n\n\nMen etter noen \u00e5r viste det seg at det ikke var mulig \u00e5 f\u00e5 byggetillatelse p\u00e5 det \u00f8nskede omr\u00e5det. Da s\u00e5 Wenche giftet seg og flyttet til S\u00e5ner, og heller ikke noen av de \u00f8vrige barn \u00f8nsket \u00e5 overta driften framover, besluttet Randi \u00e5 avvikle forretningen.\n\n\n\n\n\nVi finner ikke annen omtale av denne butikken i lokalavisene enn de gangene Randi er omtalt n\u00e5r hun s\u00f8kte om bevilling for \u00e5 selge \u00f8l i skatteklasse 2 og jule\u00f8l klasse 2&nbsp;.\n\n\n\n\n\n<strong>Sommeren 1972 ble b\u00e5de Randi og datter Trine engasjert i sommer\u00e5pent bakeriutsalg for det Mosse-baserte Brehmers bakeri i Son. <\/strong>\n\n\n\n\n\nSalget gikk som \u00abvarmt hvetebr\u00f8d\u00bb. L\u00f8nnen var 12,50 kr\/time, noe som var i overkant i bransjen den gang. Sp\u00f8rsm\u00e5l om en gjentakelse p\u00e5f\u00f8lgende sommer ble avsl\u00e5tt. Randi ville n\u00e5 v\u00e6re tilstedev\u00e6rende mor og bestemor.\n<h4 style=\"text-align: center;\">DR\u00d8MMEN OM NY BOLIG BLE REALISERT<\/h4>\n<strong>I 1984 fikk Randi og Norbom realisert dr\u00f8mmen om ny bolig p\u00e5 den tilst\u00f8tende nabotomta som Randi hadde investert i s\u00e5 tidlig som i 1958. I 1985 flyttet de inn i nyhuset, og datter Turid med sin familie flyttet inn i huset som Norbom og Randi fikk bygd i 1947.<\/strong>\n\n\n\n\n\nSammen med Norbom, som n\u00e5 hadde avviklet ringnotfiskeriene, hadde Randi flere gode \u00e5r som bestemor og pensjonist. Hun ble etter hvert langvarig syk og dement, og d\u00f8de p\u00e5 Vestby Sykehjem 8. desember 2000.\n\n\n\n\n\nRandi er husket for sin omsorgsfulle omtanke for barn, mann og barnebarn, sitt store hjerterom, et til tider utrolig h\u00f8yt aktivitetsniv\u00e5 &#8211; og ikke minst sitt eiegode hum\u00f8r.&nbsp;\n\n\n\n\n\n\n\n&nbsp;\n\n\n\n\n\nKILDER SOM ER BENYTTET:\n\n\n\n\n\n1 Folketellinga for Garder i Vestby kommune 1920:\nhttps:\/\/www.digitalarkivet.no\/census\/person\/pf01073674001974\n\n2 Digitalarkivet:\nhttps:\/\/www.digitalarkivet.no\/view\/327\/pv00000005339005\n\n3 \u00ab\u00c6gteviede\u00bb i Moss Avis 5. januar 1903 og \u00abMoss bryggearbeiderforening\u00bb i Moss Avis 20. juli 1903.\n\n4 \u00ab70 \u00e5r\u00bb i Moss Avis 26. juli 1944.\n\n5 \u00ab14. april 1918 \u2013 en historisk dag. Vestby Arbeiderparti ble stiftet for 60 \u00e5r siden. I protokollen fra stiftelsesm\u00f8tet, som ble holdt p\u00e5 \u00d8stby den 14. april 1918, heter det, ordrett gjengitt:\u00bb\n\n6 Akershus Arbeiderblad 2. oktober 1928 s. 3.\n\n7 \u00d8stlandets blad 23. september 1931 s. 3.\n\n8 \u00ab60 \u00e5r\u00bb i Akershus Amtstidende 14. desember 1944 og \u00abVestby Arbeiderparti\u00bb i \u00c5rbok 1996 Arbeiderbevegelsens Historielag i Akershus side 97.\n\n9 Akershus Amtstidende 20. november 1920 s. 2.\n\n10 https:\/\/lokalhistoriewiki.no\/wiki\/Arthur_Rosenberg\n\n11 https:\/\/www.ssb.no\/a\/histstat\/tabeller\/24-28.html\n\n12 https:\/\/www.samlerhuset.no\/norsk\/sedler\/tyske-okkupasjonssedler-5sedler.\n\n13 Akershus Amtstidende 7. september 1951.\n\n14 Moss Avis 10. oktober 1951.\n\n15 Moss Avis 13. oktober 1955.\n\n16 Moss Avis 14. januar 1956\n\n17 Moss Avis 29. september 1959.\n\n18 Moss Avis 2. februar 1960.\n\n19 Moss Dagblad 13. desember 1963.\n\n20 https:\/\/no.wikipedia.org \u203a wiki \u203a Liste_over_ordf\u00f8rere_i_Vestby\n\n21 https:\/\/no.wikipedia.org\/wiki\/Tom_Anders_Ludvigsen\n\n22 https:\/\/no.wikipedia.org\/wiki\/Sonja_Ludvigsen\n\n23 Moss Avis 6. november 1964. Moss Avis 5. mars 1966. Moss Dagblad 6. november 1967 og 26. februar 1968.\n\n\n\n\n\n\n\n\n\n\n\n\n\n&nbsp;\n\n\n\n\n\n\n\n&nbsp;\n\n<p>Views: 317<\/p>","protected":false},"excerpt":{"rendered":"<p>(Andre del om Son-fiskerne. Publisert 23.01.23) (Av Gunnar Egil Kristiansen) (Tilrettelagt av Svein-H. Strand) \u00abPj\u00e5kerane\u00bb drev notfiske p\u00e5 brisling, sild og sardiner b\u00e5de i Oslofjorden, p\u00e5 S\u00f8rlandet og dels Vestlandet. &#8230; <\/p>\n<p class=\"read-more-container\"><a title=\"Randi tok ansvar for not- og garn-t\u00f8rka til \u00abPj\u00e5kerane\u00bb\" class=\"read-more button\" href=\"https:\/\/lokalmagasinet.no\/?p=14200#more-14200\">Les mer<span class=\"screen-reader-text\">Randi tok ansvar for not- og garn-t\u00f8rka til \u00abPj\u00e5kerane\u00bb<\/span><\/a><\/p>\n","protected":false},"author":6,"featured_media":1874,"comment_status":"closed","ping_status":"open","sticky":false,"template":"","format":"standard","meta":{"footnotes":""},"categories":[81,35,78],"tags":[],"class_list":["post-14200","post","type-post","status-publish","format-standard","has-post-thumbnail","hentry","category-lokalpolitikk","category-minner","category-yrkesfiske"],"yoast_head":"<!-- This site is optimized with the Yoast SEO plugin v27.4 - https:\/\/yoast.com\/product\/yoast-seo-wordpress\/ -->\n<title>Randi tok ansvar for not- og garn-t\u00f8rka til \u00abPj\u00e5kerane\u00bb | Lokalmagasinet.no<\/title>\n<meta name=\"robots\" content=\"index, follow, max-snippet:-1, max-image-preview:large, max-video-preview:-1\" \/>\n<link rel=\"canonical\" href=\"https:\/\/lokalmagasinet.no\/?p=14200\" \/>\n<meta property=\"og:locale\" content=\"nn_NO\" \/>\n<meta property=\"og:type\" content=\"article\" \/>\n<meta property=\"og:title\" content=\"Randi tok ansvar for not- og garn-t\u00f8rka til \u00abPj\u00e5kerane\u00bb | Lokalmagasinet.no\" \/>\n<meta property=\"og:description\" content=\"(Andre del om Son-fiskerne. Publisert 23.01.23) (Av Gunnar Egil Kristiansen) (Tilrettelagt av Svein-H. Strand) \u00abPj\u00e5kerane\u00bb drev notfiske p\u00e5 brisling, sild og sardiner b\u00e5de i Oslofjorden, p\u00e5 S\u00f8rlandet og dels Vestlandet. ... Les merRandi tok ansvar for not- og garn-t\u00f8rka til \u00abPj\u00e5kerane\u00bb\" \/>\n<meta property=\"og:url\" content=\"https:\/\/lokalmagasinet.no\/?p=14200\" \/>\n<meta property=\"og:site_name\" content=\"Lokalmagasinet.no\" \/>\n<meta property=\"article:publisher\" content=\"https:\/\/www.facebook.com\/sveinharald.strand.1\" \/>\n<meta property=\"article:author\" content=\"https:\/\/www.facebook.com\/sveinharald.strand.1\" \/>\n<meta property=\"article:published_time\" content=\"2023-01-23T21:04:46+00:00\" \/>\n<meta property=\"article:modified_time\" content=\"2023-02-02T00:59:54+00:00\" \/>\n<meta property=\"og:image\" content=\"https:\/\/lokalmagasinet.no\/wp-content\/uploads\/2021\/03\/journalism1_200-e1651420362191.jpg\" \/>\n\t<meta property=\"og:image:width\" content=\"100\" \/>\n\t<meta property=\"og:image:height\" content=\"122\" \/>\n\t<meta property=\"og:image:type\" content=\"image\/jpeg\" \/>\n<meta name=\"author\" content=\"Svein-Harald Strand\" \/>\n<meta name=\"twitter:card\" content=\"summary_large_image\" \/>\n<meta name=\"twitter:creator\" content=\"@LMExtra\" \/>\n<meta name=\"twitter:site\" content=\"@LMExtra\" \/>\n<meta name=\"twitter:label1\" content=\"Written by\" \/>\n\t<meta name=\"twitter:data1\" content=\"Svein-Harald Strand\" \/>\n\t<meta name=\"twitter:label2\" content=\"Est. reading time\" \/>\n\t<meta name=\"twitter:data2\" content=\"5 minutt\" \/>\n<script type=\"application\/ld+json\" class=\"yoast-schema-graph\">{\"@context\":\"https:\\\/\\\/schema.org\",\"@graph\":[{\"@type\":\"Article\",\"@id\":\"https:\\\/\\\/lokalmagasinet.no\\\/?p=14200#article\",\"isPartOf\":{\"@id\":\"https:\\\/\\\/lokalmagasinet.no\\\/?p=14200\"},\"author\":{\"name\":\"Svein-Harald Strand\",\"@id\":\"https:\\\/\\\/lokalmagasinet.no\\\/#\\\/schema\\\/person\\\/2e8d221708d3aaf6f577275b5bba4310\"},\"headline\":\"Randi tok ansvar for not- og garn-t\u00f8rka til \u00abPj\u00e5kerane\u00bb\",\"datePublished\":\"2023-01-23T21:04:46+00:00\",\"dateModified\":\"2023-02-02T00:59:54+00:00\",\"mainEntityOfPage\":{\"@id\":\"https:\\\/\\\/lokalmagasinet.no\\\/?p=14200\"},\"wordCount\":987,\"publisher\":{\"@id\":\"https:\\\/\\\/lokalmagasinet.no\\\/#organization\"},\"image\":{\"@id\":\"https:\\\/\\\/lokalmagasinet.no\\\/?p=14200#primaryimage\"},\"thumbnailUrl\":\"https:\\\/\\\/lokalmagasinet.no\\\/wp-content\\\/uploads\\\/2021\\\/03\\\/journalism1_200-e1651420362191.jpg\",\"articleSection\":[\"Lokalpolitikk\",\"Minner\",\"Yrkesfiske\"],\"inLanguage\":\"nn-NO\"},{\"@type\":\"WebPage\",\"@id\":\"https:\\\/\\\/lokalmagasinet.no\\\/?p=14200\",\"url\":\"https:\\\/\\\/lokalmagasinet.no\\\/?p=14200\",\"name\":\"Randi tok ansvar for not- og garn-t\u00f8rka til \u00abPj\u00e5kerane\u00bb | Lokalmagasinet.no\",\"isPartOf\":{\"@id\":\"https:\\\/\\\/lokalmagasinet.no\\\/#website\"},\"primaryImageOfPage\":{\"@id\":\"https:\\\/\\\/lokalmagasinet.no\\\/?p=14200#primaryimage\"},\"image\":{\"@id\":\"https:\\\/\\\/lokalmagasinet.no\\\/?p=14200#primaryimage\"},\"thumbnailUrl\":\"https:\\\/\\\/lokalmagasinet.no\\\/wp-content\\\/uploads\\\/2021\\\/03\\\/journalism1_200-e1651420362191.jpg\",\"datePublished\":\"2023-01-23T21:04:46+00:00\",\"dateModified\":\"2023-02-02T00:59:54+00:00\",\"breadcrumb\":{\"@id\":\"https:\\\/\\\/lokalmagasinet.no\\\/?p=14200#breadcrumb\"},\"inLanguage\":\"nn-NO\",\"potentialAction\":[{\"@type\":\"ReadAction\",\"target\":[\"https:\\\/\\\/lokalmagasinet.no\\\/?p=14200\"]}]},{\"@type\":\"ImageObject\",\"inLanguage\":\"nn-NO\",\"@id\":\"https:\\\/\\\/lokalmagasinet.no\\\/?p=14200#primaryimage\",\"url\":\"https:\\\/\\\/lokalmagasinet.no\\\/wp-content\\\/uploads\\\/2021\\\/03\\\/journalism1_200-e1651420362191.jpg\",\"contentUrl\":\"https:\\\/\\\/lokalmagasinet.no\\\/wp-content\\\/uploads\\\/2021\\\/03\\\/journalism1_200-e1651420362191.jpg\",\"width\":100,\"height\":122},{\"@type\":\"BreadcrumbList\",\"@id\":\"https:\\\/\\\/lokalmagasinet.no\\\/?p=14200#breadcrumb\",\"itemListElement\":[{\"@type\":\"ListItem\",\"position\":1,\"name\":\"Hjem\",\"item\":\"https:\\\/\\\/lokalmagasinet.no\\\/\"},{\"@type\":\"ListItem\",\"position\":2,\"name\":\"Randi tok ansvar for not- og garn-t\u00f8rka til \u00abPj\u00e5kerane\u00bb\"}]},{\"@type\":\"WebSite\",\"@id\":\"https:\\\/\\\/lokalmagasinet.no\\\/#website\",\"url\":\"https:\\\/\\\/lokalmagasinet.no\\\/\",\"name\":\"Lokalmagasinet.no\",\"description\":\"Fra fortid og n\u00e5tid. Med st\u00e5sted i det n\u00e6re. Siden 2002.\",\"publisher\":{\"@id\":\"https:\\\/\\\/lokalmagasinet.no\\\/#organization\"},\"potentialAction\":[{\"@type\":\"SearchAction\",\"target\":{\"@type\":\"EntryPoint\",\"urlTemplate\":\"https:\\\/\\\/lokalmagasinet.no\\\/?s={search_term_string}\"},\"query-input\":{\"@type\":\"PropertyValueSpecification\",\"valueRequired\":true,\"valueName\":\"search_term_string\"}}],\"inLanguage\":\"nn-NO\"},{\"@type\":\"Organization\",\"@id\":\"https:\\\/\\\/lokalmagasinet.no\\\/#organization\",\"name\":\"Lokalmagasinet.no\",\"url\":\"https:\\\/\\\/lokalmagasinet.no\\\/\",\"logo\":{\"@type\":\"ImageObject\",\"inLanguage\":\"nn-NO\",\"@id\":\"https:\\\/\\\/lokalmagasinet.no\\\/#\\\/schema\\\/logo\\\/image\\\/\",\"url\":\"https:\\\/\\\/lokalmagasinet.no\\\/wp-content\\\/uploads\\\/2021\\\/03\\\/cropped-cropped-cropped-cropped-cropped-cropped-lmlogo-e1640691300821.jpg\",\"contentUrl\":\"https:\\\/\\\/lokalmagasinet.no\\\/wp-content\\\/uploads\\\/2021\\\/03\\\/cropped-cropped-cropped-cropped-cropped-cropped-lmlogo-e1640691300821.jpg\",\"width\":72,\"height\":118,\"caption\":\"Lokalmagasinet.no\"},\"image\":{\"@id\":\"https:\\\/\\\/lokalmagasinet.no\\\/#\\\/schema\\\/logo\\\/image\\\/\"},\"sameAs\":[\"https:\\\/\\\/www.facebook.com\\\/sveinharald.strand.1\",\"https:\\\/\\\/x.com\\\/LMExtra\"]},{\"@type\":\"Person\",\"@id\":\"https:\\\/\\\/lokalmagasinet.no\\\/#\\\/schema\\\/person\\\/2e8d221708d3aaf6f577275b5bba4310\",\"name\":\"Svein-Harald Strand\",\"image\":{\"@type\":\"ImageObject\",\"inLanguage\":\"nn-NO\",\"@id\":\"https:\\\/\\\/secure.gravatar.com\\\/avatar\\\/c487434bdf6cd7c12e4a88877ae4b12c38d22b7ad64292b49d33ed7503bb7ce1?s=96&d=mm&r=g\",\"url\":\"https:\\\/\\\/secure.gravatar.com\\\/avatar\\\/c487434bdf6cd7c12e4a88877ae4b12c38d22b7ad64292b49d33ed7503bb7ce1?s=96&d=mm&r=g\",\"contentUrl\":\"https:\\\/\\\/secure.gravatar.com\\\/avatar\\\/c487434bdf6cd7c12e4a88877ae4b12c38d22b7ad64292b49d33ed7503bb7ce1?s=96&d=mm&r=g\",\"caption\":\"Svein-Harald Strand\"},\"description\":\"(F. 26.12.1945) Redakt\u00f8r, journalist og informasjonsarbeider siden 1968. ||| I 1963: Redaksjonell praktikant i 8 m\u00e5neder p\u00e5 full tid i Helgeland Arbeiderblad i hjembyen Mosj\u00f8en. ||| Arbeidende pensjonist med hjemmekontor fra 2008 (AFP) og videre som folkepensjonist til n\u00e5.\",\"sameAs\":[\"https:\\\/\\\/lokalmagasinet.no\\\/\",\"https:\\\/\\\/www.facebook.com\\\/sveinharald.strand.1\",\"https:\\\/\\\/x.com\\\/LMExtra\"],\"url\":\"https:\\\/\\\/lokalmagasinet.no\\\/?author=6\"}]}<\/script>\n<!-- \/ Yoast SEO plugin. -->","yoast_head_json":{"title":"Randi tok ansvar for not- og garn-t\u00f8rka til \u00abPj\u00e5kerane\u00bb | Lokalmagasinet.no","robots":{"index":"index","follow":"follow","max-snippet":"max-snippet:-1","max-image-preview":"max-image-preview:large","max-video-preview":"max-video-preview:-1"},"canonical":"https:\/\/lokalmagasinet.no\/?p=14200","og_locale":"nn_NO","og_type":"article","og_title":"Randi tok ansvar for not- og garn-t\u00f8rka til \u00abPj\u00e5kerane\u00bb | Lokalmagasinet.no","og_description":"(Andre del om Son-fiskerne. Publisert 23.01.23) (Av Gunnar Egil Kristiansen) (Tilrettelagt av Svein-H. Strand) \u00abPj\u00e5kerane\u00bb drev notfiske p\u00e5 brisling, sild og sardiner b\u00e5de i Oslofjorden, p\u00e5 S\u00f8rlandet og dels Vestlandet. ... Les merRandi tok ansvar for not- og garn-t\u00f8rka til \u00abPj\u00e5kerane\u00bb","og_url":"https:\/\/lokalmagasinet.no\/?p=14200","og_site_name":"Lokalmagasinet.no","article_publisher":"https:\/\/www.facebook.com\/sveinharald.strand.1","article_author":"https:\/\/www.facebook.com\/sveinharald.strand.1","article_published_time":"2023-01-23T21:04:46+00:00","article_modified_time":"2023-02-02T00:59:54+00:00","og_image":[{"width":100,"height":122,"url":"https:\/\/lokalmagasinet.no\/wp-content\/uploads\/2021\/03\/journalism1_200-e1651420362191.jpg","type":"image\/jpeg"}],"author":"Svein-Harald Strand","twitter_card":"summary_large_image","twitter_creator":"@LMExtra","twitter_site":"@LMExtra","twitter_misc":{"Written by":"Svein-Harald Strand","Est. reading time":"5 minutt"},"schema":{"@context":"https:\/\/schema.org","@graph":[{"@type":"Article","@id":"https:\/\/lokalmagasinet.no\/?p=14200#article","isPartOf":{"@id":"https:\/\/lokalmagasinet.no\/?p=14200"},"author":{"name":"Svein-Harald Strand","@id":"https:\/\/lokalmagasinet.no\/#\/schema\/person\/2e8d221708d3aaf6f577275b5bba4310"},"headline":"Randi tok ansvar for not- og garn-t\u00f8rka til \u00abPj\u00e5kerane\u00bb","datePublished":"2023-01-23T21:04:46+00:00","dateModified":"2023-02-02T00:59:54+00:00","mainEntityOfPage":{"@id":"https:\/\/lokalmagasinet.no\/?p=14200"},"wordCount":987,"publisher":{"@id":"https:\/\/lokalmagasinet.no\/#organization"},"image":{"@id":"https:\/\/lokalmagasinet.no\/?p=14200#primaryimage"},"thumbnailUrl":"https:\/\/lokalmagasinet.no\/wp-content\/uploads\/2021\/03\/journalism1_200-e1651420362191.jpg","articleSection":["Lokalpolitikk","Minner","Yrkesfiske"],"inLanguage":"nn-NO"},{"@type":"WebPage","@id":"https:\/\/lokalmagasinet.no\/?p=14200","url":"https:\/\/lokalmagasinet.no\/?p=14200","name":"Randi tok ansvar for not- og garn-t\u00f8rka til \u00abPj\u00e5kerane\u00bb | Lokalmagasinet.no","isPartOf":{"@id":"https:\/\/lokalmagasinet.no\/#website"},"primaryImageOfPage":{"@id":"https:\/\/lokalmagasinet.no\/?p=14200#primaryimage"},"image":{"@id":"https:\/\/lokalmagasinet.no\/?p=14200#primaryimage"},"thumbnailUrl":"https:\/\/lokalmagasinet.no\/wp-content\/uploads\/2021\/03\/journalism1_200-e1651420362191.jpg","datePublished":"2023-01-23T21:04:46+00:00","dateModified":"2023-02-02T00:59:54+00:00","breadcrumb":{"@id":"https:\/\/lokalmagasinet.no\/?p=14200#breadcrumb"},"inLanguage":"nn-NO","potentialAction":[{"@type":"ReadAction","target":["https:\/\/lokalmagasinet.no\/?p=14200"]}]},{"@type":"ImageObject","inLanguage":"nn-NO","@id":"https:\/\/lokalmagasinet.no\/?p=14200#primaryimage","url":"https:\/\/lokalmagasinet.no\/wp-content\/uploads\/2021\/03\/journalism1_200-e1651420362191.jpg","contentUrl":"https:\/\/lokalmagasinet.no\/wp-content\/uploads\/2021\/03\/journalism1_200-e1651420362191.jpg","width":100,"height":122},{"@type":"BreadcrumbList","@id":"https:\/\/lokalmagasinet.no\/?p=14200#breadcrumb","itemListElement":[{"@type":"ListItem","position":1,"name":"Hjem","item":"https:\/\/lokalmagasinet.no\/"},{"@type":"ListItem","position":2,"name":"Randi tok ansvar for not- og garn-t\u00f8rka til \u00abPj\u00e5kerane\u00bb"}]},{"@type":"WebSite","@id":"https:\/\/lokalmagasinet.no\/#website","url":"https:\/\/lokalmagasinet.no\/","name":"Lokalmagasinet.no","description":"Fra fortid og n\u00e5tid. Med st\u00e5sted i det n\u00e6re. Siden 2002.","publisher":{"@id":"https:\/\/lokalmagasinet.no\/#organization"},"potentialAction":[{"@type":"SearchAction","target":{"@type":"EntryPoint","urlTemplate":"https:\/\/lokalmagasinet.no\/?s={search_term_string}"},"query-input":{"@type":"PropertyValueSpecification","valueRequired":true,"valueName":"search_term_string"}}],"inLanguage":"nn-NO"},{"@type":"Organization","@id":"https:\/\/lokalmagasinet.no\/#organization","name":"Lokalmagasinet.no","url":"https:\/\/lokalmagasinet.no\/","logo":{"@type":"ImageObject","inLanguage":"nn-NO","@id":"https:\/\/lokalmagasinet.no\/#\/schema\/logo\/image\/","url":"https:\/\/lokalmagasinet.no\/wp-content\/uploads\/2021\/03\/cropped-cropped-cropped-cropped-cropped-cropped-lmlogo-e1640691300821.jpg","contentUrl":"https:\/\/lokalmagasinet.no\/wp-content\/uploads\/2021\/03\/cropped-cropped-cropped-cropped-cropped-cropped-lmlogo-e1640691300821.jpg","width":72,"height":118,"caption":"Lokalmagasinet.no"},"image":{"@id":"https:\/\/lokalmagasinet.no\/#\/schema\/logo\/image\/"},"sameAs":["https:\/\/www.facebook.com\/sveinharald.strand.1","https:\/\/x.com\/LMExtra"]},{"@type":"Person","@id":"https:\/\/lokalmagasinet.no\/#\/schema\/person\/2e8d221708d3aaf6f577275b5bba4310","name":"Svein-Harald Strand","image":{"@type":"ImageObject","inLanguage":"nn-NO","@id":"https:\/\/secure.gravatar.com\/avatar\/c487434bdf6cd7c12e4a88877ae4b12c38d22b7ad64292b49d33ed7503bb7ce1?s=96&d=mm&r=g","url":"https:\/\/secure.gravatar.com\/avatar\/c487434bdf6cd7c12e4a88877ae4b12c38d22b7ad64292b49d33ed7503bb7ce1?s=96&d=mm&r=g","contentUrl":"https:\/\/secure.gravatar.com\/avatar\/c487434bdf6cd7c12e4a88877ae4b12c38d22b7ad64292b49d33ed7503bb7ce1?s=96&d=mm&r=g","caption":"Svein-Harald Strand"},"description":"(F. 26.12.1945) Redakt\u00f8r, journalist og informasjonsarbeider siden 1968. ||| I 1963: Redaksjonell praktikant i 8 m\u00e5neder p\u00e5 full tid i Helgeland Arbeiderblad i hjembyen Mosj\u00f8en. ||| Arbeidende pensjonist med hjemmekontor fra 2008 (AFP) og videre som folkepensjonist til n\u00e5.","sameAs":["https:\/\/lokalmagasinet.no\/","https:\/\/www.facebook.com\/sveinharald.strand.1","https:\/\/x.com\/LMExtra"],"url":"https:\/\/lokalmagasinet.no\/?author=6"}]}},"_links":{"self":[{"href":"https:\/\/lokalmagasinet.no\/index.php?rest_route=\/wp\/v2\/posts\/14200","targetHints":{"allow":["GET"]}}],"collection":[{"href":"https:\/\/lokalmagasinet.no\/index.php?rest_route=\/wp\/v2\/posts"}],"about":[{"href":"https:\/\/lokalmagasinet.no\/index.php?rest_route=\/wp\/v2\/types\/post"}],"author":[{"embeddable":true,"href":"https:\/\/lokalmagasinet.no\/index.php?rest_route=\/wp\/v2\/users\/6"}],"replies":[{"embeddable":true,"href":"https:\/\/lokalmagasinet.no\/index.php?rest_route=%2Fwp%2Fv2%2Fcomments&post=14200"}],"version-history":[{"count":20,"href":"https:\/\/lokalmagasinet.no\/index.php?rest_route=\/wp\/v2\/posts\/14200\/revisions"}],"predecessor-version":[{"id":14332,"href":"https:\/\/lokalmagasinet.no\/index.php?rest_route=\/wp\/v2\/posts\/14200\/revisions\/14332"}],"wp:featuredmedia":[{"embeddable":true,"href":"https:\/\/lokalmagasinet.no\/index.php?rest_route=\/wp\/v2\/media\/1874"}],"wp:attachment":[{"href":"https:\/\/lokalmagasinet.no\/index.php?rest_route=%2Fwp%2Fv2%2Fmedia&parent=14200"}],"wp:term":[{"taxonomy":"category","embeddable":true,"href":"https:\/\/lokalmagasinet.no\/index.php?rest_route=%2Fwp%2Fv2%2Fcategories&post=14200"},{"taxonomy":"post_tag","embeddable":true,"href":"https:\/\/lokalmagasinet.no\/index.php?rest_route=%2Fwp%2Fv2%2Ftags&post=14200"}],"curies":[{"name":"wp","href":"https:\/\/api.w.org\/{rel}","templated":true}]}}