{"id":14456,"date":"2023-02-11T19:13:18","date_gmt":"2023-02-11T18:13:18","guid":{"rendered":"https:\/\/lokalmagasinet.no\/?p=14456"},"modified":"2023-02-11T19:17:17","modified_gmt":"2023-02-11T18:17:17","slug":"lenkeproblem-pa-fb-men-det-ga-flere-besok","status":"publish","type":"post","link":"https:\/\/lokalmagasinet.no\/?p=14456","title":{"rendered":"Lenkeproblem p\u00e5 Fb &#8211; men det ga flere bes\u00f8k&#8230;"},"content":{"rendered":"<p><img loading=\"lazy\" decoding=\"async\" class=\"size-full wp-image-4533 alignleft\" src=\"https:\/\/lokalmagasinet.no\/wp-content\/uploads\/2021\/06\/oppoverpil_300-e1638299649913.jpg\" alt=\"\" width=\"300\" height=\"188\" \/>(Publisert 11.02.23) <strong>Onsdag denne uka fikk vi et uforst\u00e5elig problem med forh\u00e5ndsvisning av LM-saker p\u00e5 Facebook. Lenker til sakene virket ikke, uansett hvor mye du klikket p\u00e5 dem. <\/strong><\/p>\n<p>Vel \u00e5 merke hvis du hadde logget deg inn fra en datamaskin.<\/p>\n<p>Ja, av en eller annen grunn var det ikke spor av &laquo;r\u00e5tne lenker&raquo; hvis du brukte mobilen.<\/p>\n<p>Problemet ble selvsagt kommunisert p\u00e5 redakt\u00f8rens side med 5000 Fb-venner og nesten 200 f\u00f8lgere. Samtidig som vi fortsatte \u00e5 forh\u00e5ndsvise v\u00e5re nye publiseringer.<\/p>\n<p><strong>Torsdag gikk. Og fredag. Men lenkene virket fortsatt ikke. Heller ikke n\u00e5r vi delte v\u00e5re egne saker p\u00e5 andres Fb-sider. Likevel gikk bes\u00f8kstallene markert opp for torsdag og fredag! S\u00e5 her er det mange som har brukt mobilen.<br \/>\n<\/strong><\/p>\n<figure id=\"attachment_1310\" aria-describedby=\"caption-attachment-1310\" style=\"width: 300px\" class=\"wp-caption alignleft\"><img loading=\"lazy\" decoding=\"async\" class=\"size-full wp-image-1310\" src=\"https:\/\/lokalmagasinet.no\/wp-content\/uploads\/2021\/02\/gladunge_stock.jpg\" alt=\"\" width=\"300\" height=\"200\" \/><figcaption id=\"caption-attachment-1310\" class=\"wp-caption-text\">(Illustrasjonsfoto: LM Arkiv)<\/figcaption><\/figure>\n<p>S\u00c5 BLE DET L\u00d8RDAG. Spenningen var stor &#8211; og gleden ditto &#8211; da redakt\u00f8ren i formiddag startet sin PC og snart kunne konstatere: Lenkene virket igjen som de skulle: <em>Rett til saken!<\/em><\/p>\n<p>Men f\u00f8r det settes punktum i denne saken, alts\u00e5 innlegget:<\/p>\n<p>Over 40 \u00e5rs erfaring fra n\u00e6rkontakt med datatrollene har gjort at det nok er mye som skal til f\u00f8r jeg blir <em>veldig<\/em> overrasket. Ikke minst n\u00e5r det gjelder internett og sosiale medier.<\/p>\n<p>For eksempel dersom URL-lenkene igjen har g\u00e5tt &laquo;i vrangl\u00e5s&raquo; &#8211; n\u00e5 i kveld.<\/p>\n<p>UANSETT: Med en viss erfaring som gravende reporter er det mer enn fristende \u00e5 pr\u00f8ve \u00e5 avdekke hvem som egentlig sitter ved rattet &laquo;bak kulissene&raquo;. Alts\u00e5 n\u00e5r s\u00e5nne ting skjer.<\/p>\n<p><strong>Blir jeg straffet fordi jeg &#8211; s\u00e5 langt &#8211; ikke har sett meg r\u00e5d til \u00e5 abonnere p\u00e5 et par av produktene som gang p\u00e5 gang, gjennom hele dagen, br\u00e5tt popper opp i bildet p\u00e5 min laptop?<\/strong><\/p>\n<p>Her er det snakk om hjelp til blant annet \u00e5 &laquo;rense&raquo; &#8211; rettere <em>fullrense<\/em> &#8211; sentrale deler i datasystemet.<\/p>\n<p>OG INNIMELLOM seiler det inn pristilbud p\u00e5 80 (\u00e5tti) prosent for et \u00e5rs abonnement. For det f\u00f8rste \u00e5ret&#8230; Enda er det snakk om en kostnad p\u00e5 mellom 500 og 600 kroner hvis du betaler med kredittkortet ditt.<\/p>\n<p>For noen av produktene har jeg sl\u00e5tt til p\u00e5 tilbudet om en gratis pr\u00f8veperiode. Som n\u00e5 er utl\u00f8pt. Og det er ikke bra, forst\u00e5r jeg p\u00e5 budskapet som i det ene tilfellet fyller hele &#8211; ja<em> hele<\/em> &#8211; skjermen min.<\/p>\n<p>MEN DA er tiden kommet til \u00e5 sjekke lenketilstanden for Lokalmagasinet.no fra laptopen enda en gang. F\u00f8lg med &#8211; og ha en fortsatt fin l\u00f8rdag!<\/p>\n<p><em><strong>St.<\/strong><\/em><\/p>\n<p>&nbsp;<\/p>\n<p>&nbsp;<\/p>\n<p>&nbsp;<\/p>\n<p>&nbsp;<\/p>\n<p>&nbsp;<\/p>\n<p>&nbsp;<\/p>\n<p>Views: 109<\/p>","protected":false},"excerpt":{"rendered":"<p>(Publisert 11.02.23) Onsdag denne uka fikk vi et uforst\u00e5elig problem med forh\u00e5ndsvisning av LM-saker p\u00e5 Facebook. Lenker til sakene virket ikke, uansett hvor mye du klikket p\u00e5 dem. Vel \u00e5 &#8230; <\/p>\n<p class=\"read-more-container\"><a title=\"Lenkeproblem p\u00e5 Fb &#8211; men det ga flere bes\u00f8k&#8230;\" class=\"read-more button\" href=\"https:\/\/lokalmagasinet.no\/?p=14456#more-14456\">Les mer<span class=\"screen-reader-text\">Lenkeproblem p\u00e5 Fb &#8211; men det ga flere bes\u00f8k&#8230;<\/span><\/a><\/p>\n","protected":false},"author":6,"featured_media":0,"comment_status":"closed","ping_status":"open","sticky":false,"template":"","format":"standard","meta":{"footnotes":""},"categories":[1,66],"tags":[],"class_list":["post-14456","post","type-post","status-publish","format-standard","hentry","category-aktuelt","category-kronikk"],"yoast_head":"<!-- This site is optimized with the Yoast SEO plugin v27.4 - https:\/\/yoast.com\/product\/yoast-seo-wordpress\/ -->\n<title>Lenkeproblem p\u00e5 Fb - men det ga flere bes\u00f8k... | Lokalmagasinet.no<\/title>\n<meta name=\"robots\" content=\"index, follow, max-snippet:-1, max-image-preview:large, max-video-preview:-1\" \/>\n<link rel=\"canonical\" href=\"https:\/\/lokalmagasinet.no\/?p=14456\" \/>\n<meta property=\"og:locale\" content=\"nn_NO\" \/>\n<meta property=\"og:type\" content=\"article\" \/>\n<meta property=\"og:title\" content=\"Lenkeproblem p\u00e5 Fb - men det ga flere bes\u00f8k... | Lokalmagasinet.no\" \/>\n<meta property=\"og:description\" content=\"(Publisert 11.02.23) Onsdag denne uka fikk vi et uforst\u00e5elig problem med forh\u00e5ndsvisning av LM-saker p\u00e5 Facebook. Lenker til sakene virket ikke, uansett hvor mye du klikket p\u00e5 dem. Vel \u00e5 ... Les merLenkeproblem p\u00e5 Fb &#8211; men det ga flere bes\u00f8k&#8230;\" \/>\n<meta property=\"og:url\" content=\"https:\/\/lokalmagasinet.no\/?p=14456\" \/>\n<meta property=\"og:site_name\" content=\"Lokalmagasinet.no\" \/>\n<meta property=\"article:publisher\" content=\"https:\/\/www.facebook.com\/sveinharald.strand.1\" \/>\n<meta property=\"article:author\" content=\"https:\/\/www.facebook.com\/sveinharald.strand.1\" \/>\n<meta property=\"article:published_time\" content=\"2023-02-11T18:13:18+00:00\" \/>\n<meta property=\"article:modified_time\" content=\"2023-02-11T18:17:17+00:00\" \/>\n<meta property=\"og:image\" content=\"https:\/\/lokalmagasinet.no\/wp-content\/uploads\/2021\/06\/oppoverpil_300-e1638299649913.jpg\" \/>\n<meta name=\"author\" content=\"Svein-Harald Strand\" \/>\n<meta name=\"twitter:card\" content=\"summary_large_image\" \/>\n<meta name=\"twitter:creator\" content=\"@LMExtra\" \/>\n<meta name=\"twitter:site\" content=\"@LMExtra\" \/>\n<meta name=\"twitter:label1\" content=\"Written by\" \/>\n\t<meta name=\"twitter:data1\" content=\"Svein-Harald Strand\" \/>\n\t<meta name=\"twitter:label2\" content=\"Est. reading time\" \/>\n\t<meta name=\"twitter:data2\" content=\"2 minutt\" \/>\n<script type=\"application\/ld+json\" class=\"yoast-schema-graph\">{\"@context\":\"https:\\\/\\\/schema.org\",\"@graph\":[{\"@type\":\"Article\",\"@id\":\"https:\\\/\\\/lokalmagasinet.no\\\/?p=14456#article\",\"isPartOf\":{\"@id\":\"https:\\\/\\\/lokalmagasinet.no\\\/?p=14456\"},\"author\":{\"name\":\"Svein-Harald Strand\",\"@id\":\"https:\\\/\\\/lokalmagasinet.no\\\/#\\\/schema\\\/person\\\/2e8d221708d3aaf6f577275b5bba4310\"},\"headline\":\"Lenkeproblem p\u00e5 Fb &#8211; men det ga flere bes\u00f8k&#8230;\",\"datePublished\":\"2023-02-11T18:13:18+00:00\",\"dateModified\":\"2023-02-11T18:17:17+00:00\",\"mainEntityOfPage\":{\"@id\":\"https:\\\/\\\/lokalmagasinet.no\\\/?p=14456\"},\"wordCount\":437,\"publisher\":{\"@id\":\"https:\\\/\\\/lokalmagasinet.no\\\/#organization\"},\"image\":{\"@id\":\"https:\\\/\\\/lokalmagasinet.no\\\/?p=14456#primaryimage\"},\"thumbnailUrl\":\"https:\\\/\\\/lokalmagasinet.no\\\/wp-content\\\/uploads\\\/2021\\\/06\\\/oppoverpil_300-e1638299649913.jpg\",\"articleSection\":[\"Aktuelt\",\"Kronikk\"],\"inLanguage\":\"nn-NO\"},{\"@type\":\"WebPage\",\"@id\":\"https:\\\/\\\/lokalmagasinet.no\\\/?p=14456\",\"url\":\"https:\\\/\\\/lokalmagasinet.no\\\/?p=14456\",\"name\":\"Lenkeproblem p\u00e5 Fb - men det ga flere bes\u00f8k... | Lokalmagasinet.no\",\"isPartOf\":{\"@id\":\"https:\\\/\\\/lokalmagasinet.no\\\/#website\"},\"primaryImageOfPage\":{\"@id\":\"https:\\\/\\\/lokalmagasinet.no\\\/?p=14456#primaryimage\"},\"image\":{\"@id\":\"https:\\\/\\\/lokalmagasinet.no\\\/?p=14456#primaryimage\"},\"thumbnailUrl\":\"https:\\\/\\\/lokalmagasinet.no\\\/wp-content\\\/uploads\\\/2021\\\/06\\\/oppoverpil_300-e1638299649913.jpg\",\"datePublished\":\"2023-02-11T18:13:18+00:00\",\"dateModified\":\"2023-02-11T18:17:17+00:00\",\"breadcrumb\":{\"@id\":\"https:\\\/\\\/lokalmagasinet.no\\\/?p=14456#breadcrumb\"},\"inLanguage\":\"nn-NO\",\"potentialAction\":[{\"@type\":\"ReadAction\",\"target\":[\"https:\\\/\\\/lokalmagasinet.no\\\/?p=14456\"]}]},{\"@type\":\"ImageObject\",\"inLanguage\":\"nn-NO\",\"@id\":\"https:\\\/\\\/lokalmagasinet.no\\\/?p=14456#primaryimage\",\"url\":\"https:\\\/\\\/lokalmagasinet.no\\\/wp-content\\\/uploads\\\/2021\\\/06\\\/oppoverpil_300-e1638299649913.jpg\",\"contentUrl\":\"https:\\\/\\\/lokalmagasinet.no\\\/wp-content\\\/uploads\\\/2021\\\/06\\\/oppoverpil_300-e1638299649913.jpg\",\"width\":300,\"height\":188},{\"@type\":\"BreadcrumbList\",\"@id\":\"https:\\\/\\\/lokalmagasinet.no\\\/?p=14456#breadcrumb\",\"itemListElement\":[{\"@type\":\"ListItem\",\"position\":1,\"name\":\"Hjem\",\"item\":\"https:\\\/\\\/lokalmagasinet.no\\\/\"},{\"@type\":\"ListItem\",\"position\":2,\"name\":\"Lenkeproblem p\u00e5 Fb &#8211; men det ga flere bes\u00f8k&#8230;\"}]},{\"@type\":\"WebSite\",\"@id\":\"https:\\\/\\\/lokalmagasinet.no\\\/#website\",\"url\":\"https:\\\/\\\/lokalmagasinet.no\\\/\",\"name\":\"Lokalmagasinet.no\",\"description\":\"Fra fortid og n\u00e5tid. Med st\u00e5sted i det n\u00e6re. Siden 2002.\",\"publisher\":{\"@id\":\"https:\\\/\\\/lokalmagasinet.no\\\/#organization\"},\"potentialAction\":[{\"@type\":\"SearchAction\",\"target\":{\"@type\":\"EntryPoint\",\"urlTemplate\":\"https:\\\/\\\/lokalmagasinet.no\\\/?s={search_term_string}\"},\"query-input\":{\"@type\":\"PropertyValueSpecification\",\"valueRequired\":true,\"valueName\":\"search_term_string\"}}],\"inLanguage\":\"nn-NO\"},{\"@type\":\"Organization\",\"@id\":\"https:\\\/\\\/lokalmagasinet.no\\\/#organization\",\"name\":\"Lokalmagasinet.no\",\"url\":\"https:\\\/\\\/lokalmagasinet.no\\\/\",\"logo\":{\"@type\":\"ImageObject\",\"inLanguage\":\"nn-NO\",\"@id\":\"https:\\\/\\\/lokalmagasinet.no\\\/#\\\/schema\\\/logo\\\/image\\\/\",\"url\":\"https:\\\/\\\/lokalmagasinet.no\\\/wp-content\\\/uploads\\\/2021\\\/03\\\/cropped-cropped-cropped-cropped-cropped-cropped-lmlogo-e1640691300821.jpg\",\"contentUrl\":\"https:\\\/\\\/lokalmagasinet.no\\\/wp-content\\\/uploads\\\/2021\\\/03\\\/cropped-cropped-cropped-cropped-cropped-cropped-lmlogo-e1640691300821.jpg\",\"width\":72,\"height\":118,\"caption\":\"Lokalmagasinet.no\"},\"image\":{\"@id\":\"https:\\\/\\\/lokalmagasinet.no\\\/#\\\/schema\\\/logo\\\/image\\\/\"},\"sameAs\":[\"https:\\\/\\\/www.facebook.com\\\/sveinharald.strand.1\",\"https:\\\/\\\/x.com\\\/LMExtra\"]},{\"@type\":\"Person\",\"@id\":\"https:\\\/\\\/lokalmagasinet.no\\\/#\\\/schema\\\/person\\\/2e8d221708d3aaf6f577275b5bba4310\",\"name\":\"Svein-Harald Strand\",\"image\":{\"@type\":\"ImageObject\",\"inLanguage\":\"nn-NO\",\"@id\":\"https:\\\/\\\/secure.gravatar.com\\\/avatar\\\/c487434bdf6cd7c12e4a88877ae4b12c38d22b7ad64292b49d33ed7503bb7ce1?s=96&d=mm&r=g\",\"url\":\"https:\\\/\\\/secure.gravatar.com\\\/avatar\\\/c487434bdf6cd7c12e4a88877ae4b12c38d22b7ad64292b49d33ed7503bb7ce1?s=96&d=mm&r=g\",\"contentUrl\":\"https:\\\/\\\/secure.gravatar.com\\\/avatar\\\/c487434bdf6cd7c12e4a88877ae4b12c38d22b7ad64292b49d33ed7503bb7ce1?s=96&d=mm&r=g\",\"caption\":\"Svein-Harald Strand\"},\"description\":\"(F. 26.12.1945) Redakt\u00f8r, journalist og informasjonsarbeider siden 1968. ||| I 1963: Redaksjonell praktikant i 8 m\u00e5neder p\u00e5 full tid i Helgeland Arbeiderblad i hjembyen Mosj\u00f8en. ||| Arbeidende pensjonist med hjemmekontor fra 2008 (AFP) og videre som folkepensjonist til n\u00e5.\",\"sameAs\":[\"https:\\\/\\\/lokalmagasinet.no\\\/\",\"https:\\\/\\\/www.facebook.com\\\/sveinharald.strand.1\",\"https:\\\/\\\/x.com\\\/LMExtra\"],\"url\":\"https:\\\/\\\/lokalmagasinet.no\\\/?author=6\"}]}<\/script>\n<!-- \/ Yoast SEO plugin. -->","yoast_head_json":{"title":"Lenkeproblem p\u00e5 Fb - men det ga flere bes\u00f8k... | Lokalmagasinet.no","robots":{"index":"index","follow":"follow","max-snippet":"max-snippet:-1","max-image-preview":"max-image-preview:large","max-video-preview":"max-video-preview:-1"},"canonical":"https:\/\/lokalmagasinet.no\/?p=14456","og_locale":"nn_NO","og_type":"article","og_title":"Lenkeproblem p\u00e5 Fb - men det ga flere bes\u00f8k... | Lokalmagasinet.no","og_description":"(Publisert 11.02.23) Onsdag denne uka fikk vi et uforst\u00e5elig problem med forh\u00e5ndsvisning av LM-saker p\u00e5 Facebook. Lenker til sakene virket ikke, uansett hvor mye du klikket p\u00e5 dem. Vel \u00e5 ... Les merLenkeproblem p\u00e5 Fb &#8211; men det ga flere bes\u00f8k&#8230;","og_url":"https:\/\/lokalmagasinet.no\/?p=14456","og_site_name":"Lokalmagasinet.no","article_publisher":"https:\/\/www.facebook.com\/sveinharald.strand.1","article_author":"https:\/\/www.facebook.com\/sveinharald.strand.1","article_published_time":"2023-02-11T18:13:18+00:00","article_modified_time":"2023-02-11T18:17:17+00:00","og_image":[{"url":"https:\/\/lokalmagasinet.no\/wp-content\/uploads\/2021\/06\/oppoverpil_300-e1638299649913.jpg","type":"","width":"","height":""}],"author":"Svein-Harald Strand","twitter_card":"summary_large_image","twitter_creator":"@LMExtra","twitter_site":"@LMExtra","twitter_misc":{"Written by":"Svein-Harald Strand","Est. reading time":"2 minutt"},"schema":{"@context":"https:\/\/schema.org","@graph":[{"@type":"Article","@id":"https:\/\/lokalmagasinet.no\/?p=14456#article","isPartOf":{"@id":"https:\/\/lokalmagasinet.no\/?p=14456"},"author":{"name":"Svein-Harald Strand","@id":"https:\/\/lokalmagasinet.no\/#\/schema\/person\/2e8d221708d3aaf6f577275b5bba4310"},"headline":"Lenkeproblem p\u00e5 Fb &#8211; men det ga flere bes\u00f8k&#8230;","datePublished":"2023-02-11T18:13:18+00:00","dateModified":"2023-02-11T18:17:17+00:00","mainEntityOfPage":{"@id":"https:\/\/lokalmagasinet.no\/?p=14456"},"wordCount":437,"publisher":{"@id":"https:\/\/lokalmagasinet.no\/#organization"},"image":{"@id":"https:\/\/lokalmagasinet.no\/?p=14456#primaryimage"},"thumbnailUrl":"https:\/\/lokalmagasinet.no\/wp-content\/uploads\/2021\/06\/oppoverpil_300-e1638299649913.jpg","articleSection":["Aktuelt","Kronikk"],"inLanguage":"nn-NO"},{"@type":"WebPage","@id":"https:\/\/lokalmagasinet.no\/?p=14456","url":"https:\/\/lokalmagasinet.no\/?p=14456","name":"Lenkeproblem p\u00e5 Fb - men det ga flere bes\u00f8k... | Lokalmagasinet.no","isPartOf":{"@id":"https:\/\/lokalmagasinet.no\/#website"},"primaryImageOfPage":{"@id":"https:\/\/lokalmagasinet.no\/?p=14456#primaryimage"},"image":{"@id":"https:\/\/lokalmagasinet.no\/?p=14456#primaryimage"},"thumbnailUrl":"https:\/\/lokalmagasinet.no\/wp-content\/uploads\/2021\/06\/oppoverpil_300-e1638299649913.jpg","datePublished":"2023-02-11T18:13:18+00:00","dateModified":"2023-02-11T18:17:17+00:00","breadcrumb":{"@id":"https:\/\/lokalmagasinet.no\/?p=14456#breadcrumb"},"inLanguage":"nn-NO","potentialAction":[{"@type":"ReadAction","target":["https:\/\/lokalmagasinet.no\/?p=14456"]}]},{"@type":"ImageObject","inLanguage":"nn-NO","@id":"https:\/\/lokalmagasinet.no\/?p=14456#primaryimage","url":"https:\/\/lokalmagasinet.no\/wp-content\/uploads\/2021\/06\/oppoverpil_300-e1638299649913.jpg","contentUrl":"https:\/\/lokalmagasinet.no\/wp-content\/uploads\/2021\/06\/oppoverpil_300-e1638299649913.jpg","width":300,"height":188},{"@type":"BreadcrumbList","@id":"https:\/\/lokalmagasinet.no\/?p=14456#breadcrumb","itemListElement":[{"@type":"ListItem","position":1,"name":"Hjem","item":"https:\/\/lokalmagasinet.no\/"},{"@type":"ListItem","position":2,"name":"Lenkeproblem p\u00e5 Fb &#8211; men det ga flere bes\u00f8k&#8230;"}]},{"@type":"WebSite","@id":"https:\/\/lokalmagasinet.no\/#website","url":"https:\/\/lokalmagasinet.no\/","name":"Lokalmagasinet.no","description":"Fra fortid og n\u00e5tid. Med st\u00e5sted i det n\u00e6re. Siden 2002.","publisher":{"@id":"https:\/\/lokalmagasinet.no\/#organization"},"potentialAction":[{"@type":"SearchAction","target":{"@type":"EntryPoint","urlTemplate":"https:\/\/lokalmagasinet.no\/?s={search_term_string}"},"query-input":{"@type":"PropertyValueSpecification","valueRequired":true,"valueName":"search_term_string"}}],"inLanguage":"nn-NO"},{"@type":"Organization","@id":"https:\/\/lokalmagasinet.no\/#organization","name":"Lokalmagasinet.no","url":"https:\/\/lokalmagasinet.no\/","logo":{"@type":"ImageObject","inLanguage":"nn-NO","@id":"https:\/\/lokalmagasinet.no\/#\/schema\/logo\/image\/","url":"https:\/\/lokalmagasinet.no\/wp-content\/uploads\/2021\/03\/cropped-cropped-cropped-cropped-cropped-cropped-lmlogo-e1640691300821.jpg","contentUrl":"https:\/\/lokalmagasinet.no\/wp-content\/uploads\/2021\/03\/cropped-cropped-cropped-cropped-cropped-cropped-lmlogo-e1640691300821.jpg","width":72,"height":118,"caption":"Lokalmagasinet.no"},"image":{"@id":"https:\/\/lokalmagasinet.no\/#\/schema\/logo\/image\/"},"sameAs":["https:\/\/www.facebook.com\/sveinharald.strand.1","https:\/\/x.com\/LMExtra"]},{"@type":"Person","@id":"https:\/\/lokalmagasinet.no\/#\/schema\/person\/2e8d221708d3aaf6f577275b5bba4310","name":"Svein-Harald Strand","image":{"@type":"ImageObject","inLanguage":"nn-NO","@id":"https:\/\/secure.gravatar.com\/avatar\/c487434bdf6cd7c12e4a88877ae4b12c38d22b7ad64292b49d33ed7503bb7ce1?s=96&d=mm&r=g","url":"https:\/\/secure.gravatar.com\/avatar\/c487434bdf6cd7c12e4a88877ae4b12c38d22b7ad64292b49d33ed7503bb7ce1?s=96&d=mm&r=g","contentUrl":"https:\/\/secure.gravatar.com\/avatar\/c487434bdf6cd7c12e4a88877ae4b12c38d22b7ad64292b49d33ed7503bb7ce1?s=96&d=mm&r=g","caption":"Svein-Harald Strand"},"description":"(F. 26.12.1945) Redakt\u00f8r, journalist og informasjonsarbeider siden 1968. ||| I 1963: Redaksjonell praktikant i 8 m\u00e5neder p\u00e5 full tid i Helgeland Arbeiderblad i hjembyen Mosj\u00f8en. ||| Arbeidende pensjonist med hjemmekontor fra 2008 (AFP) og videre som folkepensjonist til n\u00e5.","sameAs":["https:\/\/lokalmagasinet.no\/","https:\/\/www.facebook.com\/sveinharald.strand.1","https:\/\/x.com\/LMExtra"],"url":"https:\/\/lokalmagasinet.no\/?author=6"}]}},"_links":{"self":[{"href":"https:\/\/lokalmagasinet.no\/index.php?rest_route=\/wp\/v2\/posts\/14456","targetHints":{"allow":["GET"]}}],"collection":[{"href":"https:\/\/lokalmagasinet.no\/index.php?rest_route=\/wp\/v2\/posts"}],"about":[{"href":"https:\/\/lokalmagasinet.no\/index.php?rest_route=\/wp\/v2\/types\/post"}],"author":[{"embeddable":true,"href":"https:\/\/lokalmagasinet.no\/index.php?rest_route=\/wp\/v2\/users\/6"}],"replies":[{"embeddable":true,"href":"https:\/\/lokalmagasinet.no\/index.php?rest_route=%2Fwp%2Fv2%2Fcomments&post=14456"}],"version-history":[{"count":16,"href":"https:\/\/lokalmagasinet.no\/index.php?rest_route=\/wp\/v2\/posts\/14456\/revisions"}],"predecessor-version":[{"id":14472,"href":"https:\/\/lokalmagasinet.no\/index.php?rest_route=\/wp\/v2\/posts\/14456\/revisions\/14472"}],"wp:attachment":[{"href":"https:\/\/lokalmagasinet.no\/index.php?rest_route=%2Fwp%2Fv2%2Fmedia&parent=14456"}],"wp:term":[{"taxonomy":"category","embeddable":true,"href":"https:\/\/lokalmagasinet.no\/index.php?rest_route=%2Fwp%2Fv2%2Fcategories&post=14456"},{"taxonomy":"post_tag","embeddable":true,"href":"https:\/\/lokalmagasinet.no\/index.php?rest_route=%2Fwp%2Fv2%2Ftags&post=14456"}],"curies":[{"name":"wp","href":"https:\/\/api.w.org\/{rel}","templated":true}]}}