{"id":14668,"date":"2023-02-18T12:06:25","date_gmt":"2023-02-18T11:06:25","guid":{"rendered":"https:\/\/lokalmagasinet.no\/?p=14668"},"modified":"2024-03-04T09:23:31","modified_gmt":"2024-03-04T08:23:31","slug":"postens-historie-i-soon-son","status":"publish","type":"post","link":"https:\/\/lokalmagasinet.no\/?p=14668","title":{"rendered":"POSTENS HISTORIE I SOON\/SON"},"content":{"rendered":"<p><img loading=\"lazy\" decoding=\"async\" class=\"size-full wp-image-14671 aligncenter\" src=\"https:\/\/lokalmagasinet.no\/wp-content\/uploads\/2023\/02\/postenlogo-499.png\" alt=\"\" width=\"499\" height=\"453\" srcset=\"https:\/\/lokalmagasinet.no\/wp-content\/uploads\/2023\/02\/postenlogo-499.png 499w, https:\/\/lokalmagasinet.no\/wp-content\/uploads\/2023\/02\/postenlogo-499-300x272.png 300w, https:\/\/lokalmagasinet.no\/wp-content\/uploads\/2023\/02\/postenlogo-499-150x136.png 150w\" sizes=\"auto, (max-width: 499px) 100vw, 499px\" \/><\/p>\n<p style=\"text-align: center;\"><em>Dette gamle norske postemblemet er hentet fra nettleksikonet no.wikipedia.<\/em><\/p>\n<h3><strong>(Fra Herison.no)<\/strong> S\u00e5 utrolig fort enkelte ting blir historie, ikke minst rundt offentlige tjenester som Posten! I 2002, da Lokalmagasinet.no ble f\u00f8dt, ble 1555 Son postkontor i Atlantic-senteret nedlagt. Posten begynte da \u00e5 g\u00e5 over til <em>Post i butikk<\/em>. Det ble f\u00f8rst bestemt at postfunksjonene skulle flyttes til en bensinstasjon p\u00e5 Tegneby ved gamle E 6, flere kilometer utenfor Son. Begrunnelsen var &laquo;at det ikke fantes butikker i Son som hadde plass&raquo;, som det heter i nettleksikonet lokalhistoriewiki.no<\/h3>\n<p style=\"text-align: center;\"><u><em>Tilrettelagt av Svein-H. Strand<\/em><br \/>\n<\/u><\/p>\n<p>Samme sted kan vi videre lese:<\/p>\n<p>Etter store protester gikk Posten med p\u00e5 \u00e5 beholde det gamle lokalet, med innredning som Post i butikk, inntil videre. En helsekostbutikk flyttet inn der etter en tid, og Son klarte dermed \u00e5 beholde posten i sentrum.\u00a0Etter et par \u00e5r utvidet Kiwi-butikken i sentrum, og det ble dermed plass til \u00e5 flytte dit slik at man fikk mer regul\u00e6re forhold for Post i butikk.<\/p>\n<p><strong>Men hvor langt bak i tid g\u00e5r historien om Postens virksomhet i Son, og hva sier historien? Vi har g\u00e5tt rett inn i Postens egen historiebok (kildeangivelse nederst). Og her er det som st\u00e5r om tjenestetilbudet i Soon og Son. <\/strong><\/p>\n<p><em>Den originale spr\u00e5kdrakten er beholdt; teksten er bare lettere redigert noen f\u00e5 steder<\/em><\/p>\n<p style=\"text-align: center;\">1555 SOON. Post\u00e5pneri &#8211; Vestby (Akershus)<\/p>\n<p style=\"text-align: center;\">Opprettet: 1856-08-21<\/p>\n<p><strong>SOON post\u00e5pneri, i Vestby prestegjeld, Ager og Folloug fogderier, under Christiania postkontor, var if\u00f8lge en eldre post\u00e5pnerprotokoll i virksomhet fra 21.8.1856 med sesong i den tiden da stedet ble anl\u00f8pet av dampskipet &laquo;Moss&raquo;. (Dept.Skriv av 18.8.1856).<\/strong><\/p>\n<p>Ved Kgl.res. av 8.6.1864 ble bestemt at post\u00e5pneriet fra 1.7.1864 skulle ha hel\u00e5rlig virksomhet og at det inntil videre ble opprettet en bipostrute fra samme tid mellom Soon og H\u00f8len post\u00e5pnerier i forbindelse med landpostene mellom Christiania og Svinesund. Sirk. 16, 13.6.1864.<\/p>\n<p style=\"text-align: center;\"><strong>Fra poststedsfortegnelsen 1891 er navnet skrevet SON.<\/strong><\/p>\n<p>\u25ba Post\u00e5pneriet ble fra 1.7.1956 lagt under Moss postkontor. Sirk. 13, 7.6.1956.<\/p>\n<p>Ved etablering av nye poststedsgrupper ble post\u00e5pneriet fra 1.11.1973 benevnt underpostkontor, Sirk. 41, 31.10.1973, og fikk fra 1.1.1977 status av postkontor C, Sirk. 35, 10.12.1976.<\/p>\n<p>Status ble fra 1.5.1986 endret til postkontor B. Sirk. 12, 3.4.1986.<\/p>\n<p>\u25ba Postkontoret ble fra 1.1.1990 lagt under Ski postomr\u00e5de. Sirk. 39, 7.12.1989.<\/p>\n<p><strong>Ved omorganisering av postnummersystemet fra 1.3.1999 fikk postboksadressatene under postkontoret 1555 SON tildelt postnr 1556.<\/strong><\/p>\n<p>\u25ba Datostempel ble if\u00f8lge &laquo;Norske Filatelistika&raquo; tilsendt f\u00f8rst den 26.3.1866 av 1-rings type med stenskrift bokstaver.<\/p>\n<h5 style=\"text-align: center;\"><strong>POST\u00c5PNERE \/ STYRERE \/ POSTMESTERE<\/strong><\/h5>\n<p>Handelsfullm. O. L. Hansen 21.8.1856, fast 1.7.1864.<\/p>\n<p>Handelsborger Juul Gulbrandsen 1.7.1873.<\/p>\n<p>Agent O. S. Hansen kst 11.4.1894, fast 1.6.1894.<\/p>\n<p>Enke Emilie Hansen kst. 20.10.1896.<\/p>\n<p>Frk. Gusta Andersen kst. 1.12.1896.<\/p>\n<p>Severin Holter, midlertidig fra 14.1.1897, fast 1.6.1897.<\/p>\n<p>Hans Marinius Hansen 27.9.1906 (f. 1859).<\/p>\n<p>Postelev Torleif Sundre 1.11.1929 (f. 1902).<\/p>\n<p>Helge Gr\u00f8nbeck 1.2.1937 (f. 1907).<\/p>\n<p>\u00c5se Olsen midlertidig fra 12.5.1945.<\/p>\n<p>Post\u00e5pner Aslaug Gulbrandsen 1.5.1947 (f. 1902).<\/p>\n<p>Post\u00e5pner Odd Toralf Holter 1.6.1964 (f. 1914).<\/p>\n<p>Post\u00e5pnerass. Hans Jakob Bjerke 1.2.1967 (f. 1928).<\/p>\n<p>Underkontorstyrer Signe Marie Gyland 1.10.1968 (f. 1947).<\/p>\n<p>Odd Toralf Holter 1.7.1971 (f. 1914).<\/p>\n<p>Postkass. Erik Rolf Halvorsen 1.3.1977 (f. 1948).<\/p>\n<p>Postkass.V Roar Arild Gj\u00f8lstad 1.1.1981 (f. 1953).<\/p>\n<p><strong>Den\/de f\u00f8rst kjente \u00e5rlige post\u00e5pnerl\u00f8nninger var<\/strong><\/p>\n<p>i 1856 til 1863 20 Spd.<\/p>\n<p>I 1864 var l\u00f8nnen 50 Spd.,<\/p>\n<p>i 1875 kr 256 (64 Spd.),<\/p>\n<p>i 1896 kr 520,-,<\/p>\n<p>i 1901 kr 650,-,<\/p>\n<p>i 1907 kr 700,-,<\/p>\n<p>i 1914 kr 750,-<\/p>\n<p>og fra 1917 kr 900,-.<\/p>\n<p><strong>Fra 1.7.1917 ble det gitt midlertidig dyrtidstillegg med 50 % av l\u00f8nnen.<\/strong><\/p>\n<h6>(KILDE: Maihaugen, Postmuseet\/Poststedsdatabasen)<\/h6>\n<p>Views: 376<\/p>","protected":false},"excerpt":{"rendered":"<p>Dette gamle norske postemblemet er hentet fra nettleksikonet no.wikipedia. (Fra Herison.no) S\u00e5 utrolig fort enkelte ting blir historie, ikke minst rundt offentlige tjenester som Posten! I 2002, da Lokalmagasinet.no ble &#8230; <\/p>\n<p class=\"read-more-container\"><a title=\"POSTENS HISTORIE I SOON\/SON\" class=\"read-more button\" href=\"https:\/\/lokalmagasinet.no\/?p=14668#more-14668\">Les mer<span class=\"screen-reader-text\">POSTENS HISTORIE I SOON\/SON<\/span><\/a><\/p>\n","protected":false},"author":6,"featured_media":0,"comment_status":"closed","ping_status":"closed","sticky":false,"template":"","format":"standard","meta":{"footnotes":""},"categories":[1,7],"tags":[],"class_list":["post-14668","post","type-post","status-publish","format-standard","hentry","category-aktuelt","category-historisk-arkiv"],"yoast_head":"<!-- This site is optimized with the Yoast SEO plugin v27.4 - https:\/\/yoast.com\/product\/yoast-seo-wordpress\/ -->\n<title>POSTENS HISTORIE I SOON\/SON | Lokalmagasinet.no<\/title>\n<meta name=\"robots\" content=\"index, follow, max-snippet:-1, max-image-preview:large, max-video-preview:-1\" \/>\n<link rel=\"canonical\" href=\"https:\/\/lokalmagasinet.no\/?p=14668\" \/>\n<meta property=\"og:locale\" content=\"nn_NO\" \/>\n<meta property=\"og:type\" content=\"article\" \/>\n<meta property=\"og:title\" content=\"POSTENS HISTORIE I SOON\/SON | Lokalmagasinet.no\" \/>\n<meta property=\"og:description\" content=\"Dette gamle norske postemblemet er hentet fra nettleksikonet no.wikipedia. (Fra Herison.no) S\u00e5 utrolig fort enkelte ting blir historie, ikke minst rundt offentlige tjenester som Posten! I 2002, da Lokalmagasinet.no ble ... Les merPOSTENS HISTORIE I SOON\/SON\" \/>\n<meta property=\"og:url\" content=\"https:\/\/lokalmagasinet.no\/?p=14668\" \/>\n<meta property=\"og:site_name\" content=\"Lokalmagasinet.no\" \/>\n<meta property=\"article:publisher\" content=\"https:\/\/www.facebook.com\/sveinharald.strand.1\" \/>\n<meta property=\"article:author\" content=\"https:\/\/www.facebook.com\/sveinharald.strand.1\" \/>\n<meta property=\"article:published_time\" content=\"2023-02-18T11:06:25+00:00\" \/>\n<meta property=\"article:modified_time\" content=\"2024-03-04T08:23:31+00:00\" \/>\n<meta property=\"og:image\" content=\"https:\/\/lokalmagasinet.no\/wp-content\/uploads\/2023\/02\/postenlogo-499.png\" \/>\n<meta name=\"author\" content=\"Svein-Harald Strand\" \/>\n<meta name=\"twitter:card\" content=\"summary_large_image\" \/>\n<meta name=\"twitter:creator\" content=\"@LMExtra\" \/>\n<meta name=\"twitter:site\" content=\"@LMExtra\" \/>\n<meta name=\"twitter:label1\" content=\"Written by\" \/>\n\t<meta name=\"twitter:data1\" content=\"Svein-Harald Strand\" \/>\n\t<meta name=\"twitter:label2\" content=\"Est. reading time\" \/>\n\t<meta name=\"twitter:data2\" content=\"3 minutt\" \/>\n<script type=\"application\/ld+json\" class=\"yoast-schema-graph\">{\"@context\":\"https:\\\/\\\/schema.org\",\"@graph\":[{\"@type\":\"Article\",\"@id\":\"https:\\\/\\\/lokalmagasinet.no\\\/?p=14668#article\",\"isPartOf\":{\"@id\":\"https:\\\/\\\/lokalmagasinet.no\\\/?p=14668\"},\"author\":{\"name\":\"Svein-Harald Strand\",\"@id\":\"https:\\\/\\\/lokalmagasinet.no\\\/#\\\/schema\\\/person\\\/2e8d221708d3aaf6f577275b5bba4310\"},\"headline\":\"POSTENS HISTORIE I SOON\\\/SON\",\"datePublished\":\"2023-02-18T11:06:25+00:00\",\"dateModified\":\"2024-03-04T08:23:31+00:00\",\"mainEntityOfPage\":{\"@id\":\"https:\\\/\\\/lokalmagasinet.no\\\/?p=14668\"},\"wordCount\":531,\"publisher\":{\"@id\":\"https:\\\/\\\/lokalmagasinet.no\\\/#organization\"},\"image\":{\"@id\":\"https:\\\/\\\/lokalmagasinet.no\\\/?p=14668#primaryimage\"},\"thumbnailUrl\":\"https:\\\/\\\/lokalmagasinet.no\\\/wp-content\\\/uploads\\\/2023\\\/02\\\/postenlogo-499.png\",\"articleSection\":[\"Aktuelt\",\"Historisk\"],\"inLanguage\":\"nn-NO\"},{\"@type\":\"WebPage\",\"@id\":\"https:\\\/\\\/lokalmagasinet.no\\\/?p=14668\",\"url\":\"https:\\\/\\\/lokalmagasinet.no\\\/?p=14668\",\"name\":\"POSTENS HISTORIE I SOON\\\/SON | Lokalmagasinet.no\",\"isPartOf\":{\"@id\":\"https:\\\/\\\/lokalmagasinet.no\\\/#website\"},\"primaryImageOfPage\":{\"@id\":\"https:\\\/\\\/lokalmagasinet.no\\\/?p=14668#primaryimage\"},\"image\":{\"@id\":\"https:\\\/\\\/lokalmagasinet.no\\\/?p=14668#primaryimage\"},\"thumbnailUrl\":\"https:\\\/\\\/lokalmagasinet.no\\\/wp-content\\\/uploads\\\/2023\\\/02\\\/postenlogo-499.png\",\"datePublished\":\"2023-02-18T11:06:25+00:00\",\"dateModified\":\"2024-03-04T08:23:31+00:00\",\"breadcrumb\":{\"@id\":\"https:\\\/\\\/lokalmagasinet.no\\\/?p=14668#breadcrumb\"},\"inLanguage\":\"nn-NO\",\"potentialAction\":[{\"@type\":\"ReadAction\",\"target\":[\"https:\\\/\\\/lokalmagasinet.no\\\/?p=14668\"]}]},{\"@type\":\"ImageObject\",\"inLanguage\":\"nn-NO\",\"@id\":\"https:\\\/\\\/lokalmagasinet.no\\\/?p=14668#primaryimage\",\"url\":\"https:\\\/\\\/lokalmagasinet.no\\\/wp-content\\\/uploads\\\/2023\\\/02\\\/postenlogo-499.png\",\"contentUrl\":\"https:\\\/\\\/lokalmagasinet.no\\\/wp-content\\\/uploads\\\/2023\\\/02\\\/postenlogo-499.png\",\"width\":499,\"height\":453,\"caption\":\"Logo for Posten Norge.\"},{\"@type\":\"BreadcrumbList\",\"@id\":\"https:\\\/\\\/lokalmagasinet.no\\\/?p=14668#breadcrumb\",\"itemListElement\":[{\"@type\":\"ListItem\",\"position\":1,\"name\":\"Hjem\",\"item\":\"https:\\\/\\\/lokalmagasinet.no\\\/\"},{\"@type\":\"ListItem\",\"position\":2,\"name\":\"POSTENS HISTORIE I SOON\\\/SON\"}]},{\"@type\":\"WebSite\",\"@id\":\"https:\\\/\\\/lokalmagasinet.no\\\/#website\",\"url\":\"https:\\\/\\\/lokalmagasinet.no\\\/\",\"name\":\"Lokalmagasinet.no\",\"description\":\"Fra fortid og n\u00e5tid. Med st\u00e5sted i det n\u00e6re. Siden 2002.\",\"publisher\":{\"@id\":\"https:\\\/\\\/lokalmagasinet.no\\\/#organization\"},\"potentialAction\":[{\"@type\":\"SearchAction\",\"target\":{\"@type\":\"EntryPoint\",\"urlTemplate\":\"https:\\\/\\\/lokalmagasinet.no\\\/?s={search_term_string}\"},\"query-input\":{\"@type\":\"PropertyValueSpecification\",\"valueRequired\":true,\"valueName\":\"search_term_string\"}}],\"inLanguage\":\"nn-NO\"},{\"@type\":\"Organization\",\"@id\":\"https:\\\/\\\/lokalmagasinet.no\\\/#organization\",\"name\":\"Lokalmagasinet.no\",\"url\":\"https:\\\/\\\/lokalmagasinet.no\\\/\",\"logo\":{\"@type\":\"ImageObject\",\"inLanguage\":\"nn-NO\",\"@id\":\"https:\\\/\\\/lokalmagasinet.no\\\/#\\\/schema\\\/logo\\\/image\\\/\",\"url\":\"https:\\\/\\\/lokalmagasinet.no\\\/wp-content\\\/uploads\\\/2021\\\/03\\\/cropped-cropped-cropped-cropped-cropped-cropped-lmlogo-e1640691300821.jpg\",\"contentUrl\":\"https:\\\/\\\/lokalmagasinet.no\\\/wp-content\\\/uploads\\\/2021\\\/03\\\/cropped-cropped-cropped-cropped-cropped-cropped-lmlogo-e1640691300821.jpg\",\"width\":72,\"height\":118,\"caption\":\"Lokalmagasinet.no\"},\"image\":{\"@id\":\"https:\\\/\\\/lokalmagasinet.no\\\/#\\\/schema\\\/logo\\\/image\\\/\"},\"sameAs\":[\"https:\\\/\\\/www.facebook.com\\\/sveinharald.strand.1\",\"https:\\\/\\\/x.com\\\/LMExtra\"]},{\"@type\":\"Person\",\"@id\":\"https:\\\/\\\/lokalmagasinet.no\\\/#\\\/schema\\\/person\\\/2e8d221708d3aaf6f577275b5bba4310\",\"name\":\"Svein-Harald Strand\",\"image\":{\"@type\":\"ImageObject\",\"inLanguage\":\"nn-NO\",\"@id\":\"https:\\\/\\\/secure.gravatar.com\\\/avatar\\\/c487434bdf6cd7c12e4a88877ae4b12c38d22b7ad64292b49d33ed7503bb7ce1?s=96&d=mm&r=g\",\"url\":\"https:\\\/\\\/secure.gravatar.com\\\/avatar\\\/c487434bdf6cd7c12e4a88877ae4b12c38d22b7ad64292b49d33ed7503bb7ce1?s=96&d=mm&r=g\",\"contentUrl\":\"https:\\\/\\\/secure.gravatar.com\\\/avatar\\\/c487434bdf6cd7c12e4a88877ae4b12c38d22b7ad64292b49d33ed7503bb7ce1?s=96&d=mm&r=g\",\"caption\":\"Svein-Harald Strand\"},\"description\":\"(F. 26.12.1945) Redakt\u00f8r, journalist og informasjonsarbeider siden 1968. ||| I 1963: Redaksjonell praktikant i 8 m\u00e5neder p\u00e5 full tid i Helgeland Arbeiderblad i hjembyen Mosj\u00f8en. ||| Arbeidende pensjonist med hjemmekontor fra 2008 (AFP) og videre som folkepensjonist til n\u00e5.\",\"sameAs\":[\"https:\\\/\\\/lokalmagasinet.no\\\/\",\"https:\\\/\\\/www.facebook.com\\\/sveinharald.strand.1\",\"https:\\\/\\\/x.com\\\/LMExtra\"],\"url\":\"https:\\\/\\\/lokalmagasinet.no\\\/?author=6\"}]}<\/script>\n<!-- \/ Yoast SEO plugin. -->","yoast_head_json":{"title":"POSTENS HISTORIE I SOON\/SON | Lokalmagasinet.no","robots":{"index":"index","follow":"follow","max-snippet":"max-snippet:-1","max-image-preview":"max-image-preview:large","max-video-preview":"max-video-preview:-1"},"canonical":"https:\/\/lokalmagasinet.no\/?p=14668","og_locale":"nn_NO","og_type":"article","og_title":"POSTENS HISTORIE I SOON\/SON | Lokalmagasinet.no","og_description":"Dette gamle norske postemblemet er hentet fra nettleksikonet no.wikipedia. (Fra Herison.no) S\u00e5 utrolig fort enkelte ting blir historie, ikke minst rundt offentlige tjenester som Posten! I 2002, da Lokalmagasinet.no ble ... Les merPOSTENS HISTORIE I SOON\/SON","og_url":"https:\/\/lokalmagasinet.no\/?p=14668","og_site_name":"Lokalmagasinet.no","article_publisher":"https:\/\/www.facebook.com\/sveinharald.strand.1","article_author":"https:\/\/www.facebook.com\/sveinharald.strand.1","article_published_time":"2023-02-18T11:06:25+00:00","article_modified_time":"2024-03-04T08:23:31+00:00","og_image":[{"url":"https:\/\/lokalmagasinet.no\/wp-content\/uploads\/2023\/02\/postenlogo-499.png","type":"","width":"","height":""}],"author":"Svein-Harald Strand","twitter_card":"summary_large_image","twitter_creator":"@LMExtra","twitter_site":"@LMExtra","twitter_misc":{"Written by":"Svein-Harald Strand","Est. reading time":"3 minutt"},"schema":{"@context":"https:\/\/schema.org","@graph":[{"@type":"Article","@id":"https:\/\/lokalmagasinet.no\/?p=14668#article","isPartOf":{"@id":"https:\/\/lokalmagasinet.no\/?p=14668"},"author":{"name":"Svein-Harald Strand","@id":"https:\/\/lokalmagasinet.no\/#\/schema\/person\/2e8d221708d3aaf6f577275b5bba4310"},"headline":"POSTENS HISTORIE I SOON\/SON","datePublished":"2023-02-18T11:06:25+00:00","dateModified":"2024-03-04T08:23:31+00:00","mainEntityOfPage":{"@id":"https:\/\/lokalmagasinet.no\/?p=14668"},"wordCount":531,"publisher":{"@id":"https:\/\/lokalmagasinet.no\/#organization"},"image":{"@id":"https:\/\/lokalmagasinet.no\/?p=14668#primaryimage"},"thumbnailUrl":"https:\/\/lokalmagasinet.no\/wp-content\/uploads\/2023\/02\/postenlogo-499.png","articleSection":["Aktuelt","Historisk"],"inLanguage":"nn-NO"},{"@type":"WebPage","@id":"https:\/\/lokalmagasinet.no\/?p=14668","url":"https:\/\/lokalmagasinet.no\/?p=14668","name":"POSTENS HISTORIE I SOON\/SON | Lokalmagasinet.no","isPartOf":{"@id":"https:\/\/lokalmagasinet.no\/#website"},"primaryImageOfPage":{"@id":"https:\/\/lokalmagasinet.no\/?p=14668#primaryimage"},"image":{"@id":"https:\/\/lokalmagasinet.no\/?p=14668#primaryimage"},"thumbnailUrl":"https:\/\/lokalmagasinet.no\/wp-content\/uploads\/2023\/02\/postenlogo-499.png","datePublished":"2023-02-18T11:06:25+00:00","dateModified":"2024-03-04T08:23:31+00:00","breadcrumb":{"@id":"https:\/\/lokalmagasinet.no\/?p=14668#breadcrumb"},"inLanguage":"nn-NO","potentialAction":[{"@type":"ReadAction","target":["https:\/\/lokalmagasinet.no\/?p=14668"]}]},{"@type":"ImageObject","inLanguage":"nn-NO","@id":"https:\/\/lokalmagasinet.no\/?p=14668#primaryimage","url":"https:\/\/lokalmagasinet.no\/wp-content\/uploads\/2023\/02\/postenlogo-499.png","contentUrl":"https:\/\/lokalmagasinet.no\/wp-content\/uploads\/2023\/02\/postenlogo-499.png","width":499,"height":453,"caption":"Logo for Posten Norge."},{"@type":"BreadcrumbList","@id":"https:\/\/lokalmagasinet.no\/?p=14668#breadcrumb","itemListElement":[{"@type":"ListItem","position":1,"name":"Hjem","item":"https:\/\/lokalmagasinet.no\/"},{"@type":"ListItem","position":2,"name":"POSTENS HISTORIE I SOON\/SON"}]},{"@type":"WebSite","@id":"https:\/\/lokalmagasinet.no\/#website","url":"https:\/\/lokalmagasinet.no\/","name":"Lokalmagasinet.no","description":"Fra fortid og n\u00e5tid. Med st\u00e5sted i det n\u00e6re. Siden 2002.","publisher":{"@id":"https:\/\/lokalmagasinet.no\/#organization"},"potentialAction":[{"@type":"SearchAction","target":{"@type":"EntryPoint","urlTemplate":"https:\/\/lokalmagasinet.no\/?s={search_term_string}"},"query-input":{"@type":"PropertyValueSpecification","valueRequired":true,"valueName":"search_term_string"}}],"inLanguage":"nn-NO"},{"@type":"Organization","@id":"https:\/\/lokalmagasinet.no\/#organization","name":"Lokalmagasinet.no","url":"https:\/\/lokalmagasinet.no\/","logo":{"@type":"ImageObject","inLanguage":"nn-NO","@id":"https:\/\/lokalmagasinet.no\/#\/schema\/logo\/image\/","url":"https:\/\/lokalmagasinet.no\/wp-content\/uploads\/2021\/03\/cropped-cropped-cropped-cropped-cropped-cropped-lmlogo-e1640691300821.jpg","contentUrl":"https:\/\/lokalmagasinet.no\/wp-content\/uploads\/2021\/03\/cropped-cropped-cropped-cropped-cropped-cropped-lmlogo-e1640691300821.jpg","width":72,"height":118,"caption":"Lokalmagasinet.no"},"image":{"@id":"https:\/\/lokalmagasinet.no\/#\/schema\/logo\/image\/"},"sameAs":["https:\/\/www.facebook.com\/sveinharald.strand.1","https:\/\/x.com\/LMExtra"]},{"@type":"Person","@id":"https:\/\/lokalmagasinet.no\/#\/schema\/person\/2e8d221708d3aaf6f577275b5bba4310","name":"Svein-Harald Strand","image":{"@type":"ImageObject","inLanguage":"nn-NO","@id":"https:\/\/secure.gravatar.com\/avatar\/c487434bdf6cd7c12e4a88877ae4b12c38d22b7ad64292b49d33ed7503bb7ce1?s=96&d=mm&r=g","url":"https:\/\/secure.gravatar.com\/avatar\/c487434bdf6cd7c12e4a88877ae4b12c38d22b7ad64292b49d33ed7503bb7ce1?s=96&d=mm&r=g","contentUrl":"https:\/\/secure.gravatar.com\/avatar\/c487434bdf6cd7c12e4a88877ae4b12c38d22b7ad64292b49d33ed7503bb7ce1?s=96&d=mm&r=g","caption":"Svein-Harald Strand"},"description":"(F. 26.12.1945) Redakt\u00f8r, journalist og informasjonsarbeider siden 1968. ||| I 1963: Redaksjonell praktikant i 8 m\u00e5neder p\u00e5 full tid i Helgeland Arbeiderblad i hjembyen Mosj\u00f8en. ||| Arbeidende pensjonist med hjemmekontor fra 2008 (AFP) og videre som folkepensjonist til n\u00e5.","sameAs":["https:\/\/lokalmagasinet.no\/","https:\/\/www.facebook.com\/sveinharald.strand.1","https:\/\/x.com\/LMExtra"],"url":"https:\/\/lokalmagasinet.no\/?author=6"}]}},"_links":{"self":[{"href":"https:\/\/lokalmagasinet.no\/index.php?rest_route=\/wp\/v2\/posts\/14668","targetHints":{"allow":["GET"]}}],"collection":[{"href":"https:\/\/lokalmagasinet.no\/index.php?rest_route=\/wp\/v2\/posts"}],"about":[{"href":"https:\/\/lokalmagasinet.no\/index.php?rest_route=\/wp\/v2\/types\/post"}],"author":[{"embeddable":true,"href":"https:\/\/lokalmagasinet.no\/index.php?rest_route=\/wp\/v2\/users\/6"}],"replies":[{"embeddable":true,"href":"https:\/\/lokalmagasinet.no\/index.php?rest_route=%2Fwp%2Fv2%2Fcomments&post=14668"}],"version-history":[{"count":7,"href":"https:\/\/lokalmagasinet.no\/index.php?rest_route=\/wp\/v2\/posts\/14668\/revisions"}],"predecessor-version":[{"id":14677,"href":"https:\/\/lokalmagasinet.no\/index.php?rest_route=\/wp\/v2\/posts\/14668\/revisions\/14677"}],"wp:attachment":[{"href":"https:\/\/lokalmagasinet.no\/index.php?rest_route=%2Fwp%2Fv2%2Fmedia&parent=14668"}],"wp:term":[{"taxonomy":"category","embeddable":true,"href":"https:\/\/lokalmagasinet.no\/index.php?rest_route=%2Fwp%2Fv2%2Fcategories&post=14668"},{"taxonomy":"post_tag","embeddable":true,"href":"https:\/\/lokalmagasinet.no\/index.php?rest_route=%2Fwp%2Fv2%2Ftags&post=14668"}],"curies":[{"name":"wp","href":"https:\/\/api.w.org\/{rel}","templated":true}]}}