{"id":14679,"date":"2023-02-20T13:48:00","date_gmt":"2023-02-20T12:48:00","guid":{"rendered":"https:\/\/lokalmagasinet.no\/?p=14679"},"modified":"2023-02-22T16:18:10","modified_gmt":"2023-02-22T15:18:10","slug":"post-i-butikk-blir-flyttet-fire-kilometer","status":"publish","type":"post","link":"https:\/\/lokalmagasinet.no\/?p=14679","title":{"rendered":"Post i Butikk: Flyttes fire kilometer"},"content":{"rendered":"<figure id=\"attachment_14678\" aria-describedby=\"caption-attachment-14678\" style=\"width: 1024px\" class=\"wp-caption aligncenter\"><img loading=\"lazy\" decoding=\"async\" class=\"wp-image-14678 size-large\" src=\"https:\/\/lokalmagasinet.no\/wp-content\/uploads\/2023\/02\/IMG-2556-1024x1015.jpg\" alt=\"\" width=\"1024\" height=\"1015\" srcset=\"https:\/\/lokalmagasinet.no\/wp-content\/uploads\/2023\/02\/IMG-2556-1024x1015.jpg 1024w, https:\/\/lokalmagasinet.no\/wp-content\/uploads\/2023\/02\/IMG-2556-300x297.jpg 300w, https:\/\/lokalmagasinet.no\/wp-content\/uploads\/2023\/02\/IMG-2556-150x150.jpg 150w, https:\/\/lokalmagasinet.no\/wp-content\/uploads\/2023\/02\/IMG-2556-768x761.jpg 768w, https:\/\/lokalmagasinet.no\/wp-content\/uploads\/2023\/02\/IMG-2556-1536x1523.jpg 1536w, https:\/\/lokalmagasinet.no\/wp-content\/uploads\/2023\/02\/IMG-2556-scaled.jpg 2048w\" sizes=\"auto, (max-width: 1024px) 100vw, 1024px\" \/><figcaption id=\"caption-attachment-14678\" class=\"wp-caption-text\"><strong>Den bl\u00e5 linjen viser det som trolig er raskeste kj\u00f8revei fra Kiwi Son i Havnegata og ned til Rema 1000 i Gartnerveien p\u00e5 S\u00f8ndre Brevik.<\/strong> <strong>Utenom sentrum: Oppover Storgata, s\u00e5 til Sigurd Stenes vei og videre til Brevikveien.<\/strong> (Illustrasjon generert fra Google kart.)<\/figcaption><\/figure>\n<p>(Publisert 20.02.23)\u00a0 (Av Svein-H. Strand) <strong>Post i Butikk blir flyttet litt over 4 kilometer &#8211; ikke 2,5 kilometer som vi tidligere har skrevet &#8211; n\u00e5r tjenesten snart overf\u00f8res fra Kiwi Son til Rema 1000 Son p\u00e5 S\u00f8ndre Brevik. Normal kj\u00f8retid med bil fra Son sentrum blir cirka 8 minutter.<\/strong><\/p>\n<p>Det viser kvitteringer fra en rekke drosjeturer til dette omr\u00e5det i private sammenhenger. Fra Skoleveien 2 der jeg har hjemmekontor, til en adresse i Ringveien med avkj\u00f8rsel vis a vis Rema 1000-butikken.<\/p>\n<p>Isolert sett er det kanskje b\u00e5de hyggelig og riktig at de mange som bor i\u00a0 boligfeltene p\u00e5 Store Brevik n\u00e5 f\u00e5r &laquo;sin egen&raquo; Post i Butikk. Med alle de viktige tjenester som Posten Norge utf\u00f8rer, i tillegg til \u00e5 ta h\u00e5nd om brevpost.<\/p>\n<p>For pakkepost: B\u00e5de levering, eventuell frankering og mottak, i tillegg til \u00e5 huse et hundretalls postbokser av litt ulike st\u00f8rrelser &#8211; for b\u00e5de firmaer og private som bare trenger postboksadresse.<\/p>\n<p><strong>Men det er jo sv\u00e6rt lite hyggelig &#8211; eller logisk, for den saks skyld &#8211; at slike tjenester ikke lenger skal v\u00e6re tilgjengelige i Son sentrum! Og at dette for tiden bare kan avgj\u00f8res p\u00e5 anbudsbasis, er vanskelig \u00e5 forst\u00e5 n\u00e5r det sl\u00e5r ut p\u00e5 denne m\u00e5ten.<br \/>\n<\/strong><\/p>\n<p>Den gamle Hollenderstaden har gjennom noen \u00e5r n\u00e5 f\u00e5tt litt sterkere muskler n\u00e5r det gjelder tjenester for b\u00e5de fastboende, faste sommergjester og tilfeldige bes\u00f8kende. Det trengtes.<\/p>\n<p>Rett nok mistet vi tilgangen til bankkontor da Sparebank 1 \u00d8stfold Akershus flyttet til Vestby sentrum og solgte hele bankg\u00e5rden til annet bruk. Men etableringen av Apoteket i Son &#8211; og senere Vinmonopolets butikk i kategori 2 &#8211; var milep\u00e6ler med tanke p\u00e5 styrkebygging. For b\u00e5tfolket var det tidligere slik at ikke s\u00e5 rent f\u00e5 satte kursen over fjorden, mot Polet i Holmestrand &#8211; n\u00e5r de f\u00f8rst var ute p\u00e5 b\u00f8ljan bl\u00e5.<\/p>\n<p><strong>DET ALLER SISTE i denne saken er at det n\u00e5 er satt ut store, postr\u00f8de bokser utenfor butikklokalene til Kiwi Son. Dette er for brev og pakker som skal henholdsvis hentes eller sendes. Mer om dette kommer i en egen sak.\u00a0<\/strong><\/p>\n<p>Views: 242<\/p>","protected":false},"excerpt":{"rendered":"<p>(Publisert 20.02.23)\u00a0 (Av Svein-H. Strand) Post i Butikk blir flyttet litt over 4 kilometer &#8211; ikke 2,5 kilometer som vi tidligere har skrevet &#8211; n\u00e5r tjenesten snart overf\u00f8res fra Kiwi &#8230; <\/p>\n<p class=\"read-more-container\"><a title=\"Post i Butikk: Flyttes fire kilometer\" class=\"read-more button\" href=\"https:\/\/lokalmagasinet.no\/?p=14679#more-14679\">Les mer<span class=\"screen-reader-text\">Post i Butikk: Flyttes fire kilometer<\/span><\/a><\/p>\n","protected":false},"author":6,"featured_media":0,"comment_status":"closed","ping_status":"open","sticky":false,"template":"","format":"standard","meta":{"footnotes":""},"categories":[1,66],"tags":[],"class_list":["post-14679","post","type-post","status-publish","format-standard","hentry","category-aktuelt","category-kronikk"],"yoast_head":"<!-- This site is optimized with the Yoast SEO plugin v27.4 - https:\/\/yoast.com\/product\/yoast-seo-wordpress\/ -->\n<title>Post i Butikk: Flyttes fire kilometer | Lokalmagasinet.no<\/title>\n<meta name=\"robots\" content=\"index, follow, max-snippet:-1, max-image-preview:large, max-video-preview:-1\" \/>\n<link rel=\"canonical\" href=\"https:\/\/lokalmagasinet.no\/?p=14679\" \/>\n<meta property=\"og:locale\" content=\"nn_NO\" \/>\n<meta property=\"og:type\" content=\"article\" \/>\n<meta property=\"og:title\" content=\"Post i Butikk: Flyttes fire kilometer | Lokalmagasinet.no\" \/>\n<meta property=\"og:description\" content=\"(Publisert 20.02.23)\u00a0 (Av Svein-H. Strand) Post i Butikk blir flyttet litt over 4 kilometer &#8211; ikke 2,5 kilometer som vi tidligere har skrevet &#8211; n\u00e5r tjenesten snart overf\u00f8res fra Kiwi ... Les merPost i Butikk: Flyttes fire kilometer\" \/>\n<meta property=\"og:url\" content=\"https:\/\/lokalmagasinet.no\/?p=14679\" \/>\n<meta property=\"og:site_name\" content=\"Lokalmagasinet.no\" \/>\n<meta property=\"article:publisher\" content=\"https:\/\/www.facebook.com\/sveinharald.strand.1\" \/>\n<meta property=\"article:author\" content=\"https:\/\/www.facebook.com\/sveinharald.strand.1\" \/>\n<meta property=\"article:published_time\" content=\"2023-02-20T12:48:00+00:00\" \/>\n<meta property=\"article:modified_time\" content=\"2023-02-22T15:18:10+00:00\" \/>\n<meta property=\"og:image\" content=\"https:\/\/lokalmagasinet.no\/wp-content\/uploads\/2023\/02\/IMG-2556-1024x1015.jpg\" \/>\n<meta name=\"author\" content=\"Svein-Harald Strand\" \/>\n<meta name=\"twitter:card\" content=\"summary_large_image\" \/>\n<meta name=\"twitter:creator\" content=\"@LMExtra\" \/>\n<meta name=\"twitter:site\" content=\"@LMExtra\" \/>\n<meta name=\"twitter:label1\" content=\"Written by\" \/>\n\t<meta name=\"twitter:data1\" content=\"Svein-Harald Strand\" \/>\n\t<meta name=\"twitter:label2\" content=\"Est. reading time\" \/>\n\t<meta name=\"twitter:data2\" content=\"2 minutt\" \/>\n<script type=\"application\/ld+json\" class=\"yoast-schema-graph\">{\"@context\":\"https:\\\/\\\/schema.org\",\"@graph\":[{\"@type\":\"Article\",\"@id\":\"https:\\\/\\\/lokalmagasinet.no\\\/?p=14679#article\",\"isPartOf\":{\"@id\":\"https:\\\/\\\/lokalmagasinet.no\\\/?p=14679\"},\"author\":{\"name\":\"Svein-Harald Strand\",\"@id\":\"https:\\\/\\\/lokalmagasinet.no\\\/#\\\/schema\\\/person\\\/2e8d221708d3aaf6f577275b5bba4310\"},\"headline\":\"Post i Butikk: Flyttes fire kilometer\",\"datePublished\":\"2023-02-20T12:48:00+00:00\",\"dateModified\":\"2023-02-22T15:18:10+00:00\",\"mainEntityOfPage\":{\"@id\":\"https:\\\/\\\/lokalmagasinet.no\\\/?p=14679\"},\"wordCount\":416,\"publisher\":{\"@id\":\"https:\\\/\\\/lokalmagasinet.no\\\/#organization\"},\"image\":{\"@id\":\"https:\\\/\\\/lokalmagasinet.no\\\/?p=14679#primaryimage\"},\"thumbnailUrl\":\"https:\\\/\\\/lokalmagasinet.no\\\/wp-content\\\/uploads\\\/2023\\\/02\\\/IMG-2556-1024x1015.jpg\",\"articleSection\":[\"Aktuelt\",\"Kronikk\"],\"inLanguage\":\"nn-NO\"},{\"@type\":\"WebPage\",\"@id\":\"https:\\\/\\\/lokalmagasinet.no\\\/?p=14679\",\"url\":\"https:\\\/\\\/lokalmagasinet.no\\\/?p=14679\",\"name\":\"Post i Butikk: Flyttes fire kilometer | Lokalmagasinet.no\",\"isPartOf\":{\"@id\":\"https:\\\/\\\/lokalmagasinet.no\\\/#website\"},\"primaryImageOfPage\":{\"@id\":\"https:\\\/\\\/lokalmagasinet.no\\\/?p=14679#primaryimage\"},\"image\":{\"@id\":\"https:\\\/\\\/lokalmagasinet.no\\\/?p=14679#primaryimage\"},\"thumbnailUrl\":\"https:\\\/\\\/lokalmagasinet.no\\\/wp-content\\\/uploads\\\/2023\\\/02\\\/IMG-2556-1024x1015.jpg\",\"datePublished\":\"2023-02-20T12:48:00+00:00\",\"dateModified\":\"2023-02-22T15:18:10+00:00\",\"breadcrumb\":{\"@id\":\"https:\\\/\\\/lokalmagasinet.no\\\/?p=14679#breadcrumb\"},\"inLanguage\":\"nn-NO\",\"potentialAction\":[{\"@type\":\"ReadAction\",\"target\":[\"https:\\\/\\\/lokalmagasinet.no\\\/?p=14679\"]}]},{\"@type\":\"ImageObject\",\"inLanguage\":\"nn-NO\",\"@id\":\"https:\\\/\\\/lokalmagasinet.no\\\/?p=14679#primaryimage\",\"url\":\"https:\\\/\\\/lokalmagasinet.no\\\/wp-content\\\/uploads\\\/2023\\\/02\\\/IMG-2556-1024x1015.jpg\",\"contentUrl\":\"https:\\\/\\\/lokalmagasinet.no\\\/wp-content\\\/uploads\\\/2023\\\/02\\\/IMG-2556-1024x1015.jpg\"},{\"@type\":\"BreadcrumbList\",\"@id\":\"https:\\\/\\\/lokalmagasinet.no\\\/?p=14679#breadcrumb\",\"itemListElement\":[{\"@type\":\"ListItem\",\"position\":1,\"name\":\"Hjem\",\"item\":\"https:\\\/\\\/lokalmagasinet.no\\\/\"},{\"@type\":\"ListItem\",\"position\":2,\"name\":\"Post i Butikk: Flyttes fire kilometer\"}]},{\"@type\":\"WebSite\",\"@id\":\"https:\\\/\\\/lokalmagasinet.no\\\/#website\",\"url\":\"https:\\\/\\\/lokalmagasinet.no\\\/\",\"name\":\"Lokalmagasinet.no\",\"description\":\"Fra fortid og n\u00e5tid. Med st\u00e5sted i det n\u00e6re. Siden 2002.\",\"publisher\":{\"@id\":\"https:\\\/\\\/lokalmagasinet.no\\\/#organization\"},\"potentialAction\":[{\"@type\":\"SearchAction\",\"target\":{\"@type\":\"EntryPoint\",\"urlTemplate\":\"https:\\\/\\\/lokalmagasinet.no\\\/?s={search_term_string}\"},\"query-input\":{\"@type\":\"PropertyValueSpecification\",\"valueRequired\":true,\"valueName\":\"search_term_string\"}}],\"inLanguage\":\"nn-NO\"},{\"@type\":\"Organization\",\"@id\":\"https:\\\/\\\/lokalmagasinet.no\\\/#organization\",\"name\":\"Lokalmagasinet.no\",\"url\":\"https:\\\/\\\/lokalmagasinet.no\\\/\",\"logo\":{\"@type\":\"ImageObject\",\"inLanguage\":\"nn-NO\",\"@id\":\"https:\\\/\\\/lokalmagasinet.no\\\/#\\\/schema\\\/logo\\\/image\\\/\",\"url\":\"https:\\\/\\\/lokalmagasinet.no\\\/wp-content\\\/uploads\\\/2021\\\/03\\\/cropped-cropped-cropped-cropped-cropped-cropped-lmlogo-e1640691300821.jpg\",\"contentUrl\":\"https:\\\/\\\/lokalmagasinet.no\\\/wp-content\\\/uploads\\\/2021\\\/03\\\/cropped-cropped-cropped-cropped-cropped-cropped-lmlogo-e1640691300821.jpg\",\"width\":72,\"height\":118,\"caption\":\"Lokalmagasinet.no\"},\"image\":{\"@id\":\"https:\\\/\\\/lokalmagasinet.no\\\/#\\\/schema\\\/logo\\\/image\\\/\"},\"sameAs\":[\"https:\\\/\\\/www.facebook.com\\\/sveinharald.strand.1\",\"https:\\\/\\\/x.com\\\/LMExtra\"]},{\"@type\":\"Person\",\"@id\":\"https:\\\/\\\/lokalmagasinet.no\\\/#\\\/schema\\\/person\\\/2e8d221708d3aaf6f577275b5bba4310\",\"name\":\"Svein-Harald Strand\",\"image\":{\"@type\":\"ImageObject\",\"inLanguage\":\"nn-NO\",\"@id\":\"https:\\\/\\\/secure.gravatar.com\\\/avatar\\\/c487434bdf6cd7c12e4a88877ae4b12c38d22b7ad64292b49d33ed7503bb7ce1?s=96&d=mm&r=g\",\"url\":\"https:\\\/\\\/secure.gravatar.com\\\/avatar\\\/c487434bdf6cd7c12e4a88877ae4b12c38d22b7ad64292b49d33ed7503bb7ce1?s=96&d=mm&r=g\",\"contentUrl\":\"https:\\\/\\\/secure.gravatar.com\\\/avatar\\\/c487434bdf6cd7c12e4a88877ae4b12c38d22b7ad64292b49d33ed7503bb7ce1?s=96&d=mm&r=g\",\"caption\":\"Svein-Harald Strand\"},\"description\":\"(F. 26.12.1945) Redakt\u00f8r, journalist og informasjonsarbeider siden 1968. ||| I 1963: Redaksjonell praktikant i 8 m\u00e5neder p\u00e5 full tid i Helgeland Arbeiderblad i hjembyen Mosj\u00f8en. ||| Arbeidende pensjonist med hjemmekontor fra 2008 (AFP) og videre som folkepensjonist til n\u00e5.\",\"sameAs\":[\"https:\\\/\\\/lokalmagasinet.no\\\/\",\"https:\\\/\\\/www.facebook.com\\\/sveinharald.strand.1\",\"https:\\\/\\\/x.com\\\/LMExtra\"],\"url\":\"https:\\\/\\\/lokalmagasinet.no\\\/?author=6\"}]}<\/script>\n<!-- \/ Yoast SEO plugin. -->","yoast_head_json":{"title":"Post i Butikk: Flyttes fire kilometer | Lokalmagasinet.no","robots":{"index":"index","follow":"follow","max-snippet":"max-snippet:-1","max-image-preview":"max-image-preview:large","max-video-preview":"max-video-preview:-1"},"canonical":"https:\/\/lokalmagasinet.no\/?p=14679","og_locale":"nn_NO","og_type":"article","og_title":"Post i Butikk: Flyttes fire kilometer | Lokalmagasinet.no","og_description":"(Publisert 20.02.23)\u00a0 (Av Svein-H. Strand) Post i Butikk blir flyttet litt over 4 kilometer &#8211; ikke 2,5 kilometer som vi tidligere har skrevet &#8211; n\u00e5r tjenesten snart overf\u00f8res fra Kiwi ... Les merPost i Butikk: Flyttes fire kilometer","og_url":"https:\/\/lokalmagasinet.no\/?p=14679","og_site_name":"Lokalmagasinet.no","article_publisher":"https:\/\/www.facebook.com\/sveinharald.strand.1","article_author":"https:\/\/www.facebook.com\/sveinharald.strand.1","article_published_time":"2023-02-20T12:48:00+00:00","article_modified_time":"2023-02-22T15:18:10+00:00","og_image":[{"url":"https:\/\/lokalmagasinet.no\/wp-content\/uploads\/2023\/02\/IMG-2556-1024x1015.jpg","type":"","width":"","height":""}],"author":"Svein-Harald Strand","twitter_card":"summary_large_image","twitter_creator":"@LMExtra","twitter_site":"@LMExtra","twitter_misc":{"Written by":"Svein-Harald Strand","Est. reading time":"2 minutt"},"schema":{"@context":"https:\/\/schema.org","@graph":[{"@type":"Article","@id":"https:\/\/lokalmagasinet.no\/?p=14679#article","isPartOf":{"@id":"https:\/\/lokalmagasinet.no\/?p=14679"},"author":{"name":"Svein-Harald Strand","@id":"https:\/\/lokalmagasinet.no\/#\/schema\/person\/2e8d221708d3aaf6f577275b5bba4310"},"headline":"Post i Butikk: Flyttes fire kilometer","datePublished":"2023-02-20T12:48:00+00:00","dateModified":"2023-02-22T15:18:10+00:00","mainEntityOfPage":{"@id":"https:\/\/lokalmagasinet.no\/?p=14679"},"wordCount":416,"publisher":{"@id":"https:\/\/lokalmagasinet.no\/#organization"},"image":{"@id":"https:\/\/lokalmagasinet.no\/?p=14679#primaryimage"},"thumbnailUrl":"https:\/\/lokalmagasinet.no\/wp-content\/uploads\/2023\/02\/IMG-2556-1024x1015.jpg","articleSection":["Aktuelt","Kronikk"],"inLanguage":"nn-NO"},{"@type":"WebPage","@id":"https:\/\/lokalmagasinet.no\/?p=14679","url":"https:\/\/lokalmagasinet.no\/?p=14679","name":"Post i Butikk: Flyttes fire kilometer | Lokalmagasinet.no","isPartOf":{"@id":"https:\/\/lokalmagasinet.no\/#website"},"primaryImageOfPage":{"@id":"https:\/\/lokalmagasinet.no\/?p=14679#primaryimage"},"image":{"@id":"https:\/\/lokalmagasinet.no\/?p=14679#primaryimage"},"thumbnailUrl":"https:\/\/lokalmagasinet.no\/wp-content\/uploads\/2023\/02\/IMG-2556-1024x1015.jpg","datePublished":"2023-02-20T12:48:00+00:00","dateModified":"2023-02-22T15:18:10+00:00","breadcrumb":{"@id":"https:\/\/lokalmagasinet.no\/?p=14679#breadcrumb"},"inLanguage":"nn-NO","potentialAction":[{"@type":"ReadAction","target":["https:\/\/lokalmagasinet.no\/?p=14679"]}]},{"@type":"ImageObject","inLanguage":"nn-NO","@id":"https:\/\/lokalmagasinet.no\/?p=14679#primaryimage","url":"https:\/\/lokalmagasinet.no\/wp-content\/uploads\/2023\/02\/IMG-2556-1024x1015.jpg","contentUrl":"https:\/\/lokalmagasinet.no\/wp-content\/uploads\/2023\/02\/IMG-2556-1024x1015.jpg"},{"@type":"BreadcrumbList","@id":"https:\/\/lokalmagasinet.no\/?p=14679#breadcrumb","itemListElement":[{"@type":"ListItem","position":1,"name":"Hjem","item":"https:\/\/lokalmagasinet.no\/"},{"@type":"ListItem","position":2,"name":"Post i Butikk: Flyttes fire kilometer"}]},{"@type":"WebSite","@id":"https:\/\/lokalmagasinet.no\/#website","url":"https:\/\/lokalmagasinet.no\/","name":"Lokalmagasinet.no","description":"Fra fortid og n\u00e5tid. Med st\u00e5sted i det n\u00e6re. Siden 2002.","publisher":{"@id":"https:\/\/lokalmagasinet.no\/#organization"},"potentialAction":[{"@type":"SearchAction","target":{"@type":"EntryPoint","urlTemplate":"https:\/\/lokalmagasinet.no\/?s={search_term_string}"},"query-input":{"@type":"PropertyValueSpecification","valueRequired":true,"valueName":"search_term_string"}}],"inLanguage":"nn-NO"},{"@type":"Organization","@id":"https:\/\/lokalmagasinet.no\/#organization","name":"Lokalmagasinet.no","url":"https:\/\/lokalmagasinet.no\/","logo":{"@type":"ImageObject","inLanguage":"nn-NO","@id":"https:\/\/lokalmagasinet.no\/#\/schema\/logo\/image\/","url":"https:\/\/lokalmagasinet.no\/wp-content\/uploads\/2021\/03\/cropped-cropped-cropped-cropped-cropped-cropped-lmlogo-e1640691300821.jpg","contentUrl":"https:\/\/lokalmagasinet.no\/wp-content\/uploads\/2021\/03\/cropped-cropped-cropped-cropped-cropped-cropped-lmlogo-e1640691300821.jpg","width":72,"height":118,"caption":"Lokalmagasinet.no"},"image":{"@id":"https:\/\/lokalmagasinet.no\/#\/schema\/logo\/image\/"},"sameAs":["https:\/\/www.facebook.com\/sveinharald.strand.1","https:\/\/x.com\/LMExtra"]},{"@type":"Person","@id":"https:\/\/lokalmagasinet.no\/#\/schema\/person\/2e8d221708d3aaf6f577275b5bba4310","name":"Svein-Harald Strand","image":{"@type":"ImageObject","inLanguage":"nn-NO","@id":"https:\/\/secure.gravatar.com\/avatar\/c487434bdf6cd7c12e4a88877ae4b12c38d22b7ad64292b49d33ed7503bb7ce1?s=96&d=mm&r=g","url":"https:\/\/secure.gravatar.com\/avatar\/c487434bdf6cd7c12e4a88877ae4b12c38d22b7ad64292b49d33ed7503bb7ce1?s=96&d=mm&r=g","contentUrl":"https:\/\/secure.gravatar.com\/avatar\/c487434bdf6cd7c12e4a88877ae4b12c38d22b7ad64292b49d33ed7503bb7ce1?s=96&d=mm&r=g","caption":"Svein-Harald Strand"},"description":"(F. 26.12.1945) Redakt\u00f8r, journalist og informasjonsarbeider siden 1968. ||| I 1963: Redaksjonell praktikant i 8 m\u00e5neder p\u00e5 full tid i Helgeland Arbeiderblad i hjembyen Mosj\u00f8en. ||| Arbeidende pensjonist med hjemmekontor fra 2008 (AFP) og videre som folkepensjonist til n\u00e5.","sameAs":["https:\/\/lokalmagasinet.no\/","https:\/\/www.facebook.com\/sveinharald.strand.1","https:\/\/x.com\/LMExtra"],"url":"https:\/\/lokalmagasinet.no\/?author=6"}]}},"_links":{"self":[{"href":"https:\/\/lokalmagasinet.no\/index.php?rest_route=\/wp\/v2\/posts\/14679","targetHints":{"allow":["GET"]}}],"collection":[{"href":"https:\/\/lokalmagasinet.no\/index.php?rest_route=\/wp\/v2\/posts"}],"about":[{"href":"https:\/\/lokalmagasinet.no\/index.php?rest_route=\/wp\/v2\/types\/post"}],"author":[{"embeddable":true,"href":"https:\/\/lokalmagasinet.no\/index.php?rest_route=\/wp\/v2\/users\/6"}],"replies":[{"embeddable":true,"href":"https:\/\/lokalmagasinet.no\/index.php?rest_route=%2Fwp%2Fv2%2Fcomments&post=14679"}],"version-history":[{"count":18,"href":"https:\/\/lokalmagasinet.no\/index.php?rest_route=\/wp\/v2\/posts\/14679\/revisions"}],"predecessor-version":[{"id":14719,"href":"https:\/\/lokalmagasinet.no\/index.php?rest_route=\/wp\/v2\/posts\/14679\/revisions\/14719"}],"wp:attachment":[{"href":"https:\/\/lokalmagasinet.no\/index.php?rest_route=%2Fwp%2Fv2%2Fmedia&parent=14679"}],"wp:term":[{"taxonomy":"category","embeddable":true,"href":"https:\/\/lokalmagasinet.no\/index.php?rest_route=%2Fwp%2Fv2%2Fcategories&post=14679"},{"taxonomy":"post_tag","embeddable":true,"href":"https:\/\/lokalmagasinet.no\/index.php?rest_route=%2Fwp%2Fv2%2Ftags&post=14679"}],"curies":[{"name":"wp","href":"https:\/\/api.w.org\/{rel}","templated":true}]}}