{"id":14722,"date":"2023-02-23T02:04:13","date_gmt":"2023-02-23T01:04:13","guid":{"rendered":"https:\/\/lokalmagasinet.no\/?p=14722"},"modified":"2023-02-23T13:23:59","modified_gmt":"2023-02-23T12:23:59","slug":"posten-stor-sak-i-det-naere","status":"publish","type":"post","link":"https:\/\/lokalmagasinet.no\/?p=14722","title":{"rendered":"Posten &#8211; STOR sak i det n\u00e6re"},"content":{"rendered":"<p><img loading=\"lazy\" decoding=\"async\" class=\"size-full wp-image-1251 alignleft\" src=\"https:\/\/lokalmagasinet.no\/wp-content\/uploads\/2021\/02\/fortvilet_200b_stock.jpg\" alt=\"\" width=\"200\" height=\"183\" \/>(Publisert 23.02.23) <strong>At Son fra m\u00e5nedsskiftet ikke lenger skal ha fulle posttjenester i sentrumsomr\u00e5det har v\u00e6rt en stor sak siden nyheten ble kjent. Og dette gjennom et informasjonsbrev stilet til de som leier postboks. <\/strong><\/p>\n<p>(Ill.foto: LM Arkiv)<\/p>\n<p>Strand Prinfo, enkeltpersonforetaket som utgir Lokalmagasinet.no, har v\u00e6rt leietaker i flere ti\u00e5r. Helt fra da Son hadde et Postkontor.<strong><br \/>\n<\/strong><\/p>\n<p>V\u00e5r &laquo;SISTE&raquo;-melding <em>Slutt p\u00e5 Post i Butikk hos Kiwi Son<\/em> ble lagt ut ved 22-tiden om kvelden mandag 13. februar, utelukkende basert p\u00e5 innholdet i brevet fra Posten Norge AS.<\/p>\n<p>DETTE ER N\u00c5 den mest leste saken i LM de siste 30 dagene &#8211; og da naturlig nok ogs\u00e5 p\u00e5 10 dagers-basis. Og den oppf\u00f8lgende LM-saken &#8211; om at Kiwi Son tapte mot Rema 1000 Son i en anbudskonkurranse &#8211; er den tiende mest leste.<\/p>\n<p><strong>Tallet p\u00e5 visninger av \u00e5pningssaken over de 30 siste dager er s\u00e5 mye som 35 prosent h\u00f8yere enn sak nummer to: <em>Fikk ikke beholde siste husmannsplass i Vestby<\/em>. Det er langt mellom hver gang det er s\u00e5 stor forskjell p\u00e5 innlegg i l\u00f8pet av en m\u00e5neds tid.<br \/>\n<\/strong><\/p>\n<p>\u00c5 HA TILGANG til en postboks og andre posttjenester i gangavstand fra kontoret &#8211; nesten n\u00e5r det skal v\u00e6re p\u00e5 dag- og tidlig kveldstid &#8211; er et gode ikke minst for sm\u00e5 n\u00e6ringsdrivende. Spesielt n\u00e5r det ogs\u00e5 kan v\u00e6re ens privatadresse.<\/p>\n<p>HVOR STOR VERDI denne komboen faktisk har, det ser vi f\u00f8rst n\u00e5r vi skal miste den. Legg til at du ogs\u00e5 kan f\u00e5 handlet dine dagligvarer &laquo;i samme slengen&raquo; hvis du har tid. Og kanskje kan dette ogs\u00e5 verdiberegnes i kroner og \u00f8re. For b\u00e5de butikkeier og de som bruker Postens tjenester.<\/p>\n<p><strong>D\u00e9t kan jo v\u00e6re noe \u00e5 regne p\u00e5 for en samfunns\u00f8konom. Ogs\u00e5 n\u00e5r n\u00f8dvendig adresseendring for de som dropper \u00e5 ha postboks p\u00e5 S\u00f8ndre Brevik tas med i premissene.<\/strong><\/p>\n<p>S\u00c5 KAN VI SELV sjekke hva relevante fagkilder har \u00e5 melde om &laquo;tilfellet Son&raquo;. Ja, S\u00f8ndre Brevik er jo egentlig ikke i Son, selv om det ofte kan se s\u00e5nn ut n\u00e5r boliger skal selges. Son er et s\u00e5 flott sted &#8211; med en interessant historie bakover til den s\u00e5kalte Hollendertiden &#8211; at alene navnet har en egenverdi.<\/p>\n<p>De fleste voksne kjenner det gamle uttrykket<em> &laquo;Dra te\u00b4 Moss&raquo;,\u00a0 <\/em>som helst brukes i lystige og uformelle sammenhenger.<\/p>\n<p><strong>Fristende som det er, s\u00e5 vil det likevel ganske sikkert v\u00e6re feil \u00e5 bruke det her i en lederartikkel. Om at nye Post i Butikk i Son blir etablert bare noen titalls meter fra kommunegrensen til Moss.<\/strong><\/p>\n<p>Det er selvf\u00f8lgelig ikke det de har tenkt eller sagt i den aktuelle Divisjonen i den store, landsdekkende bedriften Posten Norge AS.<\/p>\n<p>PROBLEMET ER i bunn og grunn at Son i en \u00e5rrekke n\u00e5 bare har hatt \u00e9n dagligvarebutikk. Den m\u00e5tte naturlig nok ha Post i Butikk da ordningen ble etablert. Den andre Kiwi-butikken i omr\u00e5det fikk jo etablere seg p\u00e5 Sletta, langt \u00f8st for sentrum.<\/p>\n<p>S\u00e5 ble anbudsprinsippet innf\u00f8rt &#8211; og slo inn over hele landet som obligatorisk ordning. Kan det v\u00e6re bare vi som mener at dette aldri skulle ha skjedd? Og at det er noe Samferdselsdepartementet burde vurdere \u00e5 endre til fordel for konkrete, faglige vurderinger av hva som tjener et lokalsamfunn best!<\/p>\n<p><strong>Svein-H. Strand<\/strong><\/p>\n<p><em>Redakt\u00f8r, Lokalmagasinet.no<\/em><\/p>\n<p>Views: 131<\/p>","protected":false},"excerpt":{"rendered":"<p>(Publisert 23.02.23) At Son fra m\u00e5nedsskiftet ikke lenger skal ha fulle posttjenester i sentrumsomr\u00e5det har v\u00e6rt en stor sak siden nyheten ble kjent. Og dette gjennom et informasjonsbrev stilet til &#8230; <\/p>\n<p class=\"read-more-container\"><a title=\"Posten &#8211; STOR sak i det n\u00e6re\" class=\"read-more button\" href=\"https:\/\/lokalmagasinet.no\/?p=14722#more-14722\">Les mer<span class=\"screen-reader-text\">Posten &#8211; STOR sak i det n\u00e6re<\/span><\/a><\/p>\n","protected":false},"author":6,"featured_media":0,"comment_status":"closed","ping_status":"open","sticky":false,"template":"","format":"standard","meta":{"footnotes":""},"categories":[1,16,45],"tags":[],"class_list":["post-14722","post","type-post","status-publish","format-standard","hentry","category-aktuelt","category-lederartikkel","category-son-sentrum"],"yoast_head":"<!-- This site is optimized with the Yoast SEO plugin v27.4 - https:\/\/yoast.com\/product\/yoast-seo-wordpress\/ -->\n<title>Posten - STOR sak i det n\u00e6re | Lokalmagasinet.no<\/title>\n<meta name=\"robots\" content=\"index, follow, max-snippet:-1, max-image-preview:large, max-video-preview:-1\" \/>\n<link rel=\"canonical\" href=\"https:\/\/lokalmagasinet.no\/?p=14722\" \/>\n<meta property=\"og:locale\" content=\"nn_NO\" \/>\n<meta property=\"og:type\" content=\"article\" \/>\n<meta property=\"og:title\" content=\"Posten - STOR sak i det n\u00e6re | Lokalmagasinet.no\" \/>\n<meta property=\"og:description\" content=\"(Publisert 23.02.23) At Son fra m\u00e5nedsskiftet ikke lenger skal ha fulle posttjenester i sentrumsomr\u00e5det har v\u00e6rt en stor sak siden nyheten ble kjent. Og dette gjennom et informasjonsbrev stilet til ... Les merPosten &#8211; STOR sak i det n\u00e6re\" \/>\n<meta property=\"og:url\" content=\"https:\/\/lokalmagasinet.no\/?p=14722\" \/>\n<meta property=\"og:site_name\" content=\"Lokalmagasinet.no\" \/>\n<meta property=\"article:publisher\" content=\"https:\/\/www.facebook.com\/sveinharald.strand.1\" \/>\n<meta property=\"article:author\" content=\"https:\/\/www.facebook.com\/sveinharald.strand.1\" \/>\n<meta property=\"article:published_time\" content=\"2023-02-23T01:04:13+00:00\" \/>\n<meta property=\"article:modified_time\" content=\"2023-02-23T12:23:59+00:00\" \/>\n<meta property=\"og:image\" content=\"https:\/\/lokalmagasinet.no\/wp-content\/uploads\/2021\/02\/fortvilet_200b_stock.jpg\" \/>\n<meta name=\"author\" content=\"Svein-Harald Strand\" \/>\n<meta name=\"twitter:card\" content=\"summary_large_image\" \/>\n<meta name=\"twitter:creator\" content=\"@LMExtra\" \/>\n<meta name=\"twitter:site\" content=\"@LMExtra\" \/>\n<meta name=\"twitter:label1\" content=\"Written by\" \/>\n\t<meta name=\"twitter:data1\" content=\"Svein-Harald Strand\" \/>\n\t<meta name=\"twitter:label2\" content=\"Est. reading time\" \/>\n\t<meta name=\"twitter:data2\" content=\"3 minutt\" \/>\n<script type=\"application\/ld+json\" class=\"yoast-schema-graph\">{\"@context\":\"https:\\\/\\\/schema.org\",\"@graph\":[{\"@type\":\"Article\",\"@id\":\"https:\\\/\\\/lokalmagasinet.no\\\/?p=14722#article\",\"isPartOf\":{\"@id\":\"https:\\\/\\\/lokalmagasinet.no\\\/?p=14722\"},\"author\":{\"name\":\"Svein-Harald Strand\",\"@id\":\"https:\\\/\\\/lokalmagasinet.no\\\/#\\\/schema\\\/person\\\/2e8d221708d3aaf6f577275b5bba4310\"},\"headline\":\"Posten &#8211; STOR sak i det n\u00e6re\",\"datePublished\":\"2023-02-23T01:04:13+00:00\",\"dateModified\":\"2023-02-23T12:23:59+00:00\",\"mainEntityOfPage\":{\"@id\":\"https:\\\/\\\/lokalmagasinet.no\\\/?p=14722\"},\"wordCount\":567,\"publisher\":{\"@id\":\"https:\\\/\\\/lokalmagasinet.no\\\/#organization\"},\"image\":{\"@id\":\"https:\\\/\\\/lokalmagasinet.no\\\/?p=14722#primaryimage\"},\"thumbnailUrl\":\"https:\\\/\\\/lokalmagasinet.no\\\/wp-content\\\/uploads\\\/2021\\\/02\\\/fortvilet_200b_stock.jpg\",\"articleSection\":[\"Aktuelt\",\"Lederartikkel\",\"Son sentrum\"],\"inLanguage\":\"nn-NO\"},{\"@type\":\"WebPage\",\"@id\":\"https:\\\/\\\/lokalmagasinet.no\\\/?p=14722\",\"url\":\"https:\\\/\\\/lokalmagasinet.no\\\/?p=14722\",\"name\":\"Posten - STOR sak i det n\u00e6re | Lokalmagasinet.no\",\"isPartOf\":{\"@id\":\"https:\\\/\\\/lokalmagasinet.no\\\/#website\"},\"primaryImageOfPage\":{\"@id\":\"https:\\\/\\\/lokalmagasinet.no\\\/?p=14722#primaryimage\"},\"image\":{\"@id\":\"https:\\\/\\\/lokalmagasinet.no\\\/?p=14722#primaryimage\"},\"thumbnailUrl\":\"https:\\\/\\\/lokalmagasinet.no\\\/wp-content\\\/uploads\\\/2021\\\/02\\\/fortvilet_200b_stock.jpg\",\"datePublished\":\"2023-02-23T01:04:13+00:00\",\"dateModified\":\"2023-02-23T12:23:59+00:00\",\"breadcrumb\":{\"@id\":\"https:\\\/\\\/lokalmagasinet.no\\\/?p=14722#breadcrumb\"},\"inLanguage\":\"nn-NO\",\"potentialAction\":[{\"@type\":\"ReadAction\",\"target\":[\"https:\\\/\\\/lokalmagasinet.no\\\/?p=14722\"]}]},{\"@type\":\"ImageObject\",\"inLanguage\":\"nn-NO\",\"@id\":\"https:\\\/\\\/lokalmagasinet.no\\\/?p=14722#primaryimage\",\"url\":\"https:\\\/\\\/lokalmagasinet.no\\\/wp-content\\\/uploads\\\/2021\\\/02\\\/fortvilet_200b_stock.jpg\",\"contentUrl\":\"https:\\\/\\\/lokalmagasinet.no\\\/wp-content\\\/uploads\\\/2021\\\/02\\\/fortvilet_200b_stock.jpg\",\"width\":200,\"height\":183,\"caption\":\"Illustrasjon: VA Arkiv foto \\\/ stock.exchng\"},{\"@type\":\"BreadcrumbList\",\"@id\":\"https:\\\/\\\/lokalmagasinet.no\\\/?p=14722#breadcrumb\",\"itemListElement\":[{\"@type\":\"ListItem\",\"position\":1,\"name\":\"Hjem\",\"item\":\"https:\\\/\\\/lokalmagasinet.no\\\/\"},{\"@type\":\"ListItem\",\"position\":2,\"name\":\"Posten &#8211; STOR sak i det n\u00e6re\"}]},{\"@type\":\"WebSite\",\"@id\":\"https:\\\/\\\/lokalmagasinet.no\\\/#website\",\"url\":\"https:\\\/\\\/lokalmagasinet.no\\\/\",\"name\":\"Lokalmagasinet.no\",\"description\":\"Fra fortid og n\u00e5tid. Med st\u00e5sted i det n\u00e6re. Siden 2002.\",\"publisher\":{\"@id\":\"https:\\\/\\\/lokalmagasinet.no\\\/#organization\"},\"potentialAction\":[{\"@type\":\"SearchAction\",\"target\":{\"@type\":\"EntryPoint\",\"urlTemplate\":\"https:\\\/\\\/lokalmagasinet.no\\\/?s={search_term_string}\"},\"query-input\":{\"@type\":\"PropertyValueSpecification\",\"valueRequired\":true,\"valueName\":\"search_term_string\"}}],\"inLanguage\":\"nn-NO\"},{\"@type\":\"Organization\",\"@id\":\"https:\\\/\\\/lokalmagasinet.no\\\/#organization\",\"name\":\"Lokalmagasinet.no\",\"url\":\"https:\\\/\\\/lokalmagasinet.no\\\/\",\"logo\":{\"@type\":\"ImageObject\",\"inLanguage\":\"nn-NO\",\"@id\":\"https:\\\/\\\/lokalmagasinet.no\\\/#\\\/schema\\\/logo\\\/image\\\/\",\"url\":\"https:\\\/\\\/lokalmagasinet.no\\\/wp-content\\\/uploads\\\/2021\\\/03\\\/cropped-cropped-cropped-cropped-cropped-cropped-lmlogo-e1640691300821.jpg\",\"contentUrl\":\"https:\\\/\\\/lokalmagasinet.no\\\/wp-content\\\/uploads\\\/2021\\\/03\\\/cropped-cropped-cropped-cropped-cropped-cropped-lmlogo-e1640691300821.jpg\",\"width\":72,\"height\":118,\"caption\":\"Lokalmagasinet.no\"},\"image\":{\"@id\":\"https:\\\/\\\/lokalmagasinet.no\\\/#\\\/schema\\\/logo\\\/image\\\/\"},\"sameAs\":[\"https:\\\/\\\/www.facebook.com\\\/sveinharald.strand.1\",\"https:\\\/\\\/x.com\\\/LMExtra\"]},{\"@type\":\"Person\",\"@id\":\"https:\\\/\\\/lokalmagasinet.no\\\/#\\\/schema\\\/person\\\/2e8d221708d3aaf6f577275b5bba4310\",\"name\":\"Svein-Harald Strand\",\"image\":{\"@type\":\"ImageObject\",\"inLanguage\":\"nn-NO\",\"@id\":\"https:\\\/\\\/secure.gravatar.com\\\/avatar\\\/c487434bdf6cd7c12e4a88877ae4b12c38d22b7ad64292b49d33ed7503bb7ce1?s=96&d=mm&r=g\",\"url\":\"https:\\\/\\\/secure.gravatar.com\\\/avatar\\\/c487434bdf6cd7c12e4a88877ae4b12c38d22b7ad64292b49d33ed7503bb7ce1?s=96&d=mm&r=g\",\"contentUrl\":\"https:\\\/\\\/secure.gravatar.com\\\/avatar\\\/c487434bdf6cd7c12e4a88877ae4b12c38d22b7ad64292b49d33ed7503bb7ce1?s=96&d=mm&r=g\",\"caption\":\"Svein-Harald Strand\"},\"description\":\"(F. 26.12.1945) Redakt\u00f8r, journalist og informasjonsarbeider siden 1968. ||| I 1963: Redaksjonell praktikant i 8 m\u00e5neder p\u00e5 full tid i Helgeland Arbeiderblad i hjembyen Mosj\u00f8en. ||| Arbeidende pensjonist med hjemmekontor fra 2008 (AFP) og videre som folkepensjonist til n\u00e5.\",\"sameAs\":[\"https:\\\/\\\/lokalmagasinet.no\\\/\",\"https:\\\/\\\/www.facebook.com\\\/sveinharald.strand.1\",\"https:\\\/\\\/x.com\\\/LMExtra\"],\"url\":\"https:\\\/\\\/lokalmagasinet.no\\\/?author=6\"}]}<\/script>\n<!-- \/ Yoast SEO plugin. -->","yoast_head_json":{"title":"Posten - STOR sak i det n\u00e6re | Lokalmagasinet.no","robots":{"index":"index","follow":"follow","max-snippet":"max-snippet:-1","max-image-preview":"max-image-preview:large","max-video-preview":"max-video-preview:-1"},"canonical":"https:\/\/lokalmagasinet.no\/?p=14722","og_locale":"nn_NO","og_type":"article","og_title":"Posten - STOR sak i det n\u00e6re | Lokalmagasinet.no","og_description":"(Publisert 23.02.23) At Son fra m\u00e5nedsskiftet ikke lenger skal ha fulle posttjenester i sentrumsomr\u00e5det har v\u00e6rt en stor sak siden nyheten ble kjent. Og dette gjennom et informasjonsbrev stilet til ... Les merPosten &#8211; STOR sak i det n\u00e6re","og_url":"https:\/\/lokalmagasinet.no\/?p=14722","og_site_name":"Lokalmagasinet.no","article_publisher":"https:\/\/www.facebook.com\/sveinharald.strand.1","article_author":"https:\/\/www.facebook.com\/sveinharald.strand.1","article_published_time":"2023-02-23T01:04:13+00:00","article_modified_time":"2023-02-23T12:23:59+00:00","og_image":[{"url":"https:\/\/lokalmagasinet.no\/wp-content\/uploads\/2021\/02\/fortvilet_200b_stock.jpg","type":"","width":"","height":""}],"author":"Svein-Harald Strand","twitter_card":"summary_large_image","twitter_creator":"@LMExtra","twitter_site":"@LMExtra","twitter_misc":{"Written by":"Svein-Harald Strand","Est. reading time":"3 minutt"},"schema":{"@context":"https:\/\/schema.org","@graph":[{"@type":"Article","@id":"https:\/\/lokalmagasinet.no\/?p=14722#article","isPartOf":{"@id":"https:\/\/lokalmagasinet.no\/?p=14722"},"author":{"name":"Svein-Harald Strand","@id":"https:\/\/lokalmagasinet.no\/#\/schema\/person\/2e8d221708d3aaf6f577275b5bba4310"},"headline":"Posten &#8211; STOR sak i det n\u00e6re","datePublished":"2023-02-23T01:04:13+00:00","dateModified":"2023-02-23T12:23:59+00:00","mainEntityOfPage":{"@id":"https:\/\/lokalmagasinet.no\/?p=14722"},"wordCount":567,"publisher":{"@id":"https:\/\/lokalmagasinet.no\/#organization"},"image":{"@id":"https:\/\/lokalmagasinet.no\/?p=14722#primaryimage"},"thumbnailUrl":"https:\/\/lokalmagasinet.no\/wp-content\/uploads\/2021\/02\/fortvilet_200b_stock.jpg","articleSection":["Aktuelt","Lederartikkel","Son sentrum"],"inLanguage":"nn-NO"},{"@type":"WebPage","@id":"https:\/\/lokalmagasinet.no\/?p=14722","url":"https:\/\/lokalmagasinet.no\/?p=14722","name":"Posten - STOR sak i det n\u00e6re | Lokalmagasinet.no","isPartOf":{"@id":"https:\/\/lokalmagasinet.no\/#website"},"primaryImageOfPage":{"@id":"https:\/\/lokalmagasinet.no\/?p=14722#primaryimage"},"image":{"@id":"https:\/\/lokalmagasinet.no\/?p=14722#primaryimage"},"thumbnailUrl":"https:\/\/lokalmagasinet.no\/wp-content\/uploads\/2021\/02\/fortvilet_200b_stock.jpg","datePublished":"2023-02-23T01:04:13+00:00","dateModified":"2023-02-23T12:23:59+00:00","breadcrumb":{"@id":"https:\/\/lokalmagasinet.no\/?p=14722#breadcrumb"},"inLanguage":"nn-NO","potentialAction":[{"@type":"ReadAction","target":["https:\/\/lokalmagasinet.no\/?p=14722"]}]},{"@type":"ImageObject","inLanguage":"nn-NO","@id":"https:\/\/lokalmagasinet.no\/?p=14722#primaryimage","url":"https:\/\/lokalmagasinet.no\/wp-content\/uploads\/2021\/02\/fortvilet_200b_stock.jpg","contentUrl":"https:\/\/lokalmagasinet.no\/wp-content\/uploads\/2021\/02\/fortvilet_200b_stock.jpg","width":200,"height":183,"caption":"Illustrasjon: VA Arkiv foto \/ stock.exchng"},{"@type":"BreadcrumbList","@id":"https:\/\/lokalmagasinet.no\/?p=14722#breadcrumb","itemListElement":[{"@type":"ListItem","position":1,"name":"Hjem","item":"https:\/\/lokalmagasinet.no\/"},{"@type":"ListItem","position":2,"name":"Posten &#8211; STOR sak i det n\u00e6re"}]},{"@type":"WebSite","@id":"https:\/\/lokalmagasinet.no\/#website","url":"https:\/\/lokalmagasinet.no\/","name":"Lokalmagasinet.no","description":"Fra fortid og n\u00e5tid. Med st\u00e5sted i det n\u00e6re. Siden 2002.","publisher":{"@id":"https:\/\/lokalmagasinet.no\/#organization"},"potentialAction":[{"@type":"SearchAction","target":{"@type":"EntryPoint","urlTemplate":"https:\/\/lokalmagasinet.no\/?s={search_term_string}"},"query-input":{"@type":"PropertyValueSpecification","valueRequired":true,"valueName":"search_term_string"}}],"inLanguage":"nn-NO"},{"@type":"Organization","@id":"https:\/\/lokalmagasinet.no\/#organization","name":"Lokalmagasinet.no","url":"https:\/\/lokalmagasinet.no\/","logo":{"@type":"ImageObject","inLanguage":"nn-NO","@id":"https:\/\/lokalmagasinet.no\/#\/schema\/logo\/image\/","url":"https:\/\/lokalmagasinet.no\/wp-content\/uploads\/2021\/03\/cropped-cropped-cropped-cropped-cropped-cropped-lmlogo-e1640691300821.jpg","contentUrl":"https:\/\/lokalmagasinet.no\/wp-content\/uploads\/2021\/03\/cropped-cropped-cropped-cropped-cropped-cropped-lmlogo-e1640691300821.jpg","width":72,"height":118,"caption":"Lokalmagasinet.no"},"image":{"@id":"https:\/\/lokalmagasinet.no\/#\/schema\/logo\/image\/"},"sameAs":["https:\/\/www.facebook.com\/sveinharald.strand.1","https:\/\/x.com\/LMExtra"]},{"@type":"Person","@id":"https:\/\/lokalmagasinet.no\/#\/schema\/person\/2e8d221708d3aaf6f577275b5bba4310","name":"Svein-Harald Strand","image":{"@type":"ImageObject","inLanguage":"nn-NO","@id":"https:\/\/secure.gravatar.com\/avatar\/c487434bdf6cd7c12e4a88877ae4b12c38d22b7ad64292b49d33ed7503bb7ce1?s=96&d=mm&r=g","url":"https:\/\/secure.gravatar.com\/avatar\/c487434bdf6cd7c12e4a88877ae4b12c38d22b7ad64292b49d33ed7503bb7ce1?s=96&d=mm&r=g","contentUrl":"https:\/\/secure.gravatar.com\/avatar\/c487434bdf6cd7c12e4a88877ae4b12c38d22b7ad64292b49d33ed7503bb7ce1?s=96&d=mm&r=g","caption":"Svein-Harald Strand"},"description":"(F. 26.12.1945) Redakt\u00f8r, journalist og informasjonsarbeider siden 1968. ||| I 1963: Redaksjonell praktikant i 8 m\u00e5neder p\u00e5 full tid i Helgeland Arbeiderblad i hjembyen Mosj\u00f8en. ||| Arbeidende pensjonist med hjemmekontor fra 2008 (AFP) og videre som folkepensjonist til n\u00e5.","sameAs":["https:\/\/lokalmagasinet.no\/","https:\/\/www.facebook.com\/sveinharald.strand.1","https:\/\/x.com\/LMExtra"],"url":"https:\/\/lokalmagasinet.no\/?author=6"}]}},"_links":{"self":[{"href":"https:\/\/lokalmagasinet.no\/index.php?rest_route=\/wp\/v2\/posts\/14722","targetHints":{"allow":["GET"]}}],"collection":[{"href":"https:\/\/lokalmagasinet.no\/index.php?rest_route=\/wp\/v2\/posts"}],"about":[{"href":"https:\/\/lokalmagasinet.no\/index.php?rest_route=\/wp\/v2\/types\/post"}],"author":[{"embeddable":true,"href":"https:\/\/lokalmagasinet.no\/index.php?rest_route=\/wp\/v2\/users\/6"}],"replies":[{"embeddable":true,"href":"https:\/\/lokalmagasinet.no\/index.php?rest_route=%2Fwp%2Fv2%2Fcomments&post=14722"}],"version-history":[{"count":10,"href":"https:\/\/lokalmagasinet.no\/index.php?rest_route=\/wp\/v2\/posts\/14722\/revisions"}],"predecessor-version":[{"id":14732,"href":"https:\/\/lokalmagasinet.no\/index.php?rest_route=\/wp\/v2\/posts\/14722\/revisions\/14732"}],"wp:attachment":[{"href":"https:\/\/lokalmagasinet.no\/index.php?rest_route=%2Fwp%2Fv2%2Fmedia&parent=14722"}],"wp:term":[{"taxonomy":"category","embeddable":true,"href":"https:\/\/lokalmagasinet.no\/index.php?rest_route=%2Fwp%2Fv2%2Fcategories&post=14722"},{"taxonomy":"post_tag","embeddable":true,"href":"https:\/\/lokalmagasinet.no\/index.php?rest_route=%2Fwp%2Fv2%2Ftags&post=14722"}],"curies":[{"name":"wp","href":"https:\/\/api.w.org\/{rel}","templated":true}]}}