{"id":14940,"date":"2023-03-11T19:16:08","date_gmt":"2023-03-11T18:16:08","guid":{"rendered":"https:\/\/lokalmagasinet.no\/?p=14940"},"modified":"2023-03-11T20:04:39","modified_gmt":"2023-03-11T19:04:39","slug":"nar-hver-dag-teller","status":"publish","type":"post","link":"https:\/\/lokalmagasinet.no\/?p=14940","title":{"rendered":"N\u00e5r hver dag teller&#8230;"},"content":{"rendered":"<p><img loading=\"lazy\" decoding=\"async\" src=\"https:\/\/web.archive.org\/web\/20130425194333im_\/http:\/\/www.lokalmagasinet.no\/ipub\/media\/tomaludv1mai11silh_500.jpg\" alt=\"\" width=\"250\" height=\"251\" align=\"left\" hspace=\"8\" vspace=\"8\" \/>(Fra LM 25.04.13) (Republisert 11.03.23)<span class=\"i_skrift_stor\"><em> Et verre tidsdrama enn det som n\u00e5 utspinner seg for splitter nye Vestby Storsenter, har sjelden v\u00e6rt sett i n\u00e6ringssammenheng her i landet.<\/em><strong><br \/>\n<\/strong><\/span><\/p>\n<p><span class=\"i_skrift_stor\">KORT SAGT: Blir adkomstsveien til senteret ferdig og godkjent innen 17. mai?\u00a0<\/span><\/p>\n<p>&nbsp;<\/p>\n<p><em><span class=\"i_skrift_stor\">Arbeiderpartiets Tom A. Ludvigsen var ikke n\u00e5dig i sin kritikk mot Vestby Senterutvikling DA og ville sette en frist til 10. mai. (<\/span><\/em>LM Arkivfoto)<\/p>\n<p><span class=\"i_skrift_stor\">HVIS IKKE, vanker det engangsbot p\u00e5 to hundre tusen kroner, if\u00f8lge plan- og milj\u00f8utvalgets vedtak mandag. Pluss dagb\u00f8ter p\u00e5 tredve til f\u00f8rti tusen kroner for hver dag som g\u00e5r med n\u00f8dl\u00f8sninger for trafikkavviklingen. Bl.a. m\u00e5 Kirkeveien, en hovedvei i trafikksystemet til Vestby sentrum fra vest, kunne gjen\u00e5pnes for trafikk.<br \/>\n<\/span><\/p>\n<p><span class=\"i_skrift_stor\"><strong>Ellers <span class=\"i_skrift_normal\"><span class=\"i_skrift_mini\">\u2013 <\/span><\/span>ja, ellers m\u00e5 senteret stenges, med de daglige tap dette vil p\u00e5f\u00f8re de rundt 50 forretningene i senteret. I overskriften som er valgt her, ligger s\u00e5 \u00e5 si hele dramaet komprimert.<\/strong> <\/span><\/p>\n<p><span class=\"i_skrift_stor\">N\u00e5r s\u00e5 mye anleggsarbeid gjenst\u00e5r og s\u00e5 mye penger og prestisje st\u00e5r p\u00e5 spill, blir det ogs\u00e5 fokus p\u00e5 effektiv utnyttelse av hver time. For ikke \u00e5 glemme: Her m\u00e5 vi tro at overtidsgodtgj\u00f8relsen sitter uvanlig l\u00f8st!<br \/>\n<\/span><\/p>\n<p><span class=\"i_skrift_stor\">Det ansvarlige selskapet Vestby Senterutvikling DA, med adresse Trondheim, fikk godt med pepper da politikerne behandlet krisesaken for andre gang p\u00e5 en dr\u00f8y m\u00e5ned. <\/span><\/p>\n<p><span class=\"i_skrift_stor\">Tom Anders Ludvigsen, Ap, var ikke n\u00e5dig i sin kritikk og ville sette en enda kortere frist, til 10. mai. <\/span><\/p>\n<p><span class=\"i_skrift_stor\"><strong>Men plan- og milj\u00f8utvalget endte alts\u00e5 p\u00e5 en uke mer. Dager som kan bli helt avgj\u00f8rende n\u00e5r utgangspunktet er at den midlertidige anleggsveien &laquo;ser ut som et krater&raquo;, som det ble sagt.<\/strong> <\/span><\/p>\n<p>Views: 91<\/p>","protected":false},"excerpt":{"rendered":"<p>(Fra LM 25.04.13) (Republisert 11.03.23) Et verre tidsdrama enn det som n\u00e5 utspinner seg for splitter nye Vestby Storsenter, har sjelden v\u00e6rt sett i n\u00e6ringssammenheng her i landet. KORT SAGT: &#8230; <\/p>\n<p class=\"read-more-container\"><a title=\"N\u00e5r hver dag teller&#8230;\" class=\"read-more button\" href=\"https:\/\/lokalmagasinet.no\/?p=14940#more-14940\">Les mer<span class=\"screen-reader-text\">N\u00e5r hver dag teller&#8230;<\/span><\/a><\/p>\n","protected":false},"author":6,"featured_media":0,"comment_status":"closed","ping_status":"open","sticky":false,"template":"","format":"standard","meta":{"footnotes":""},"categories":[64,57],"tags":[],"class_list":["post-14940","post","type-post","status-publish","format-standard","hentry","category-byggesak","category-naeringsliv"],"yoast_head":"<!-- This site is optimized with the Yoast SEO plugin v27.4 - https:\/\/yoast.com\/product\/yoast-seo-wordpress\/ -->\n<title>N\u00e5r hver dag teller... | Lokalmagasinet.no<\/title>\n<meta name=\"robots\" content=\"index, follow, max-snippet:-1, max-image-preview:large, max-video-preview:-1\" \/>\n<link rel=\"canonical\" href=\"https:\/\/lokalmagasinet.no\/?p=14940\" \/>\n<meta property=\"og:locale\" content=\"nn_NO\" \/>\n<meta property=\"og:type\" content=\"article\" \/>\n<meta property=\"og:title\" content=\"N\u00e5r hver dag teller... | Lokalmagasinet.no\" \/>\n<meta property=\"og:description\" content=\"(Fra LM 25.04.13) (Republisert 11.03.23) Et verre tidsdrama enn det som n\u00e5 utspinner seg for splitter nye Vestby Storsenter, har sjelden v\u00e6rt sett i n\u00e6ringssammenheng her i landet. KORT SAGT: ... Les merN\u00e5r hver dag teller&#8230;\" \/>\n<meta property=\"og:url\" content=\"https:\/\/lokalmagasinet.no\/?p=14940\" \/>\n<meta property=\"og:site_name\" content=\"Lokalmagasinet.no\" \/>\n<meta property=\"article:publisher\" content=\"https:\/\/www.facebook.com\/sveinharald.strand.1\" \/>\n<meta property=\"article:author\" content=\"https:\/\/www.facebook.com\/sveinharald.strand.1\" \/>\n<meta property=\"article:published_time\" content=\"2023-03-11T18:16:08+00:00\" \/>\n<meta property=\"article:modified_time\" content=\"2023-03-11T19:04:39+00:00\" \/>\n<meta property=\"og:image\" content=\"https:\/\/web.archive.org\/web\/20130425194333im_\/http:\/\/www.lokalmagasinet.no\/ipub\/media\/tomaludv1mai11silh_500.jpg\" \/>\n<meta name=\"author\" content=\"Svein-Harald Strand\" \/>\n<meta name=\"twitter:card\" content=\"summary_large_image\" \/>\n<meta name=\"twitter:creator\" content=\"@LMExtra\" \/>\n<meta name=\"twitter:site\" content=\"@LMExtra\" \/>\n<meta name=\"twitter:label1\" content=\"Written by\" \/>\n\t<meta name=\"twitter:data1\" content=\"Svein-Harald Strand\" \/>\n\t<meta name=\"twitter:label2\" content=\"Est. reading time\" \/>\n\t<meta name=\"twitter:data2\" content=\"1 minutt\" \/>\n<script type=\"application\/ld+json\" class=\"yoast-schema-graph\">{\"@context\":\"https:\\\/\\\/schema.org\",\"@graph\":[{\"@type\":\"Article\",\"@id\":\"https:\\\/\\\/lokalmagasinet.no\\\/?p=14940#article\",\"isPartOf\":{\"@id\":\"https:\\\/\\\/lokalmagasinet.no\\\/?p=14940\"},\"author\":{\"name\":\"Svein-Harald Strand\",\"@id\":\"https:\\\/\\\/lokalmagasinet.no\\\/#\\\/schema\\\/person\\\/2e8d221708d3aaf6f577275b5bba4310\"},\"headline\":\"N\u00e5r hver dag teller&#8230;\",\"datePublished\":\"2023-03-11T18:16:08+00:00\",\"dateModified\":\"2023-03-11T19:04:39+00:00\",\"mainEntityOfPage\":{\"@id\":\"https:\\\/\\\/lokalmagasinet.no\\\/?p=14940\"},\"wordCount\":281,\"publisher\":{\"@id\":\"https:\\\/\\\/lokalmagasinet.no\\\/#organization\"},\"image\":{\"@id\":\"https:\\\/\\\/lokalmagasinet.no\\\/?p=14940#primaryimage\"},\"thumbnailUrl\":\"https:\\\/\\\/web.archive.org\\\/web\\\/20130425194333im_\\\/http:\\\/\\\/www.lokalmagasinet.no\\\/ipub\\\/media\\\/tomaludv1mai11silh_500.jpg\",\"articleSection\":[\"Byggesak\",\"N\u00e6ringsliv\"],\"inLanguage\":\"nn-NO\"},{\"@type\":\"WebPage\",\"@id\":\"https:\\\/\\\/lokalmagasinet.no\\\/?p=14940\",\"url\":\"https:\\\/\\\/lokalmagasinet.no\\\/?p=14940\",\"name\":\"N\u00e5r hver dag teller... | Lokalmagasinet.no\",\"isPartOf\":{\"@id\":\"https:\\\/\\\/lokalmagasinet.no\\\/#website\"},\"primaryImageOfPage\":{\"@id\":\"https:\\\/\\\/lokalmagasinet.no\\\/?p=14940#primaryimage\"},\"image\":{\"@id\":\"https:\\\/\\\/lokalmagasinet.no\\\/?p=14940#primaryimage\"},\"thumbnailUrl\":\"https:\\\/\\\/web.archive.org\\\/web\\\/20130425194333im_\\\/http:\\\/\\\/www.lokalmagasinet.no\\\/ipub\\\/media\\\/tomaludv1mai11silh_500.jpg\",\"datePublished\":\"2023-03-11T18:16:08+00:00\",\"dateModified\":\"2023-03-11T19:04:39+00:00\",\"breadcrumb\":{\"@id\":\"https:\\\/\\\/lokalmagasinet.no\\\/?p=14940#breadcrumb\"},\"inLanguage\":\"nn-NO\",\"potentialAction\":[{\"@type\":\"ReadAction\",\"target\":[\"https:\\\/\\\/lokalmagasinet.no\\\/?p=14940\"]}]},{\"@type\":\"ImageObject\",\"inLanguage\":\"nn-NO\",\"@id\":\"https:\\\/\\\/lokalmagasinet.no\\\/?p=14940#primaryimage\",\"url\":\"https:\\\/\\\/web.archive.org\\\/web\\\/20130425194333im_\\\/http:\\\/\\\/www.lokalmagasinet.no\\\/ipub\\\/media\\\/tomaludv1mai11silh_500.jpg\",\"contentUrl\":\"https:\\\/\\\/web.archive.org\\\/web\\\/20130425194333im_\\\/http:\\\/\\\/www.lokalmagasinet.no\\\/ipub\\\/media\\\/tomaludv1mai11silh_500.jpg\"},{\"@type\":\"BreadcrumbList\",\"@id\":\"https:\\\/\\\/lokalmagasinet.no\\\/?p=14940#breadcrumb\",\"itemListElement\":[{\"@type\":\"ListItem\",\"position\":1,\"name\":\"Hjem\",\"item\":\"https:\\\/\\\/lokalmagasinet.no\\\/\"},{\"@type\":\"ListItem\",\"position\":2,\"name\":\"N\u00e5r hver dag teller&#8230;\"}]},{\"@type\":\"WebSite\",\"@id\":\"https:\\\/\\\/lokalmagasinet.no\\\/#website\",\"url\":\"https:\\\/\\\/lokalmagasinet.no\\\/\",\"name\":\"Lokalmagasinet.no\",\"description\":\"Fra fortid og n\u00e5tid. Med st\u00e5sted i det n\u00e6re. Siden 2002.\",\"publisher\":{\"@id\":\"https:\\\/\\\/lokalmagasinet.no\\\/#organization\"},\"potentialAction\":[{\"@type\":\"SearchAction\",\"target\":{\"@type\":\"EntryPoint\",\"urlTemplate\":\"https:\\\/\\\/lokalmagasinet.no\\\/?s={search_term_string}\"},\"query-input\":{\"@type\":\"PropertyValueSpecification\",\"valueRequired\":true,\"valueName\":\"search_term_string\"}}],\"inLanguage\":\"nn-NO\"},{\"@type\":\"Organization\",\"@id\":\"https:\\\/\\\/lokalmagasinet.no\\\/#organization\",\"name\":\"Lokalmagasinet.no\",\"url\":\"https:\\\/\\\/lokalmagasinet.no\\\/\",\"logo\":{\"@type\":\"ImageObject\",\"inLanguage\":\"nn-NO\",\"@id\":\"https:\\\/\\\/lokalmagasinet.no\\\/#\\\/schema\\\/logo\\\/image\\\/\",\"url\":\"https:\\\/\\\/lokalmagasinet.no\\\/wp-content\\\/uploads\\\/2021\\\/03\\\/cropped-cropped-cropped-cropped-cropped-cropped-lmlogo-e1640691300821.jpg\",\"contentUrl\":\"https:\\\/\\\/lokalmagasinet.no\\\/wp-content\\\/uploads\\\/2021\\\/03\\\/cropped-cropped-cropped-cropped-cropped-cropped-lmlogo-e1640691300821.jpg\",\"width\":72,\"height\":118,\"caption\":\"Lokalmagasinet.no\"},\"image\":{\"@id\":\"https:\\\/\\\/lokalmagasinet.no\\\/#\\\/schema\\\/logo\\\/image\\\/\"},\"sameAs\":[\"https:\\\/\\\/www.facebook.com\\\/sveinharald.strand.1\",\"https:\\\/\\\/x.com\\\/LMExtra\"]},{\"@type\":\"Person\",\"@id\":\"https:\\\/\\\/lokalmagasinet.no\\\/#\\\/schema\\\/person\\\/2e8d221708d3aaf6f577275b5bba4310\",\"name\":\"Svein-Harald Strand\",\"image\":{\"@type\":\"ImageObject\",\"inLanguage\":\"nn-NO\",\"@id\":\"https:\\\/\\\/secure.gravatar.com\\\/avatar\\\/c487434bdf6cd7c12e4a88877ae4b12c38d22b7ad64292b49d33ed7503bb7ce1?s=96&d=mm&r=g\",\"url\":\"https:\\\/\\\/secure.gravatar.com\\\/avatar\\\/c487434bdf6cd7c12e4a88877ae4b12c38d22b7ad64292b49d33ed7503bb7ce1?s=96&d=mm&r=g\",\"contentUrl\":\"https:\\\/\\\/secure.gravatar.com\\\/avatar\\\/c487434bdf6cd7c12e4a88877ae4b12c38d22b7ad64292b49d33ed7503bb7ce1?s=96&d=mm&r=g\",\"caption\":\"Svein-Harald Strand\"},\"description\":\"(F. 26.12.1945) Redakt\u00f8r, journalist og informasjonsarbeider siden 1968. ||| I 1963: Redaksjonell praktikant i 8 m\u00e5neder p\u00e5 full tid i Helgeland Arbeiderblad i hjembyen Mosj\u00f8en. ||| Arbeidende pensjonist med hjemmekontor fra 2008 (AFP) og videre som folkepensjonist til n\u00e5.\",\"sameAs\":[\"https:\\\/\\\/lokalmagasinet.no\\\/\",\"https:\\\/\\\/www.facebook.com\\\/sveinharald.strand.1\",\"https:\\\/\\\/x.com\\\/LMExtra\"],\"url\":\"https:\\\/\\\/lokalmagasinet.no\\\/?author=6\"}]}<\/script>\n<!-- \/ Yoast SEO plugin. -->","yoast_head_json":{"title":"N\u00e5r hver dag teller... | Lokalmagasinet.no","robots":{"index":"index","follow":"follow","max-snippet":"max-snippet:-1","max-image-preview":"max-image-preview:large","max-video-preview":"max-video-preview:-1"},"canonical":"https:\/\/lokalmagasinet.no\/?p=14940","og_locale":"nn_NO","og_type":"article","og_title":"N\u00e5r hver dag teller... | Lokalmagasinet.no","og_description":"(Fra LM 25.04.13) (Republisert 11.03.23) Et verre tidsdrama enn det som n\u00e5 utspinner seg for splitter nye Vestby Storsenter, har sjelden v\u00e6rt sett i n\u00e6ringssammenheng her i landet. KORT SAGT: ... Les merN\u00e5r hver dag teller&#8230;","og_url":"https:\/\/lokalmagasinet.no\/?p=14940","og_site_name":"Lokalmagasinet.no","article_publisher":"https:\/\/www.facebook.com\/sveinharald.strand.1","article_author":"https:\/\/www.facebook.com\/sveinharald.strand.1","article_published_time":"2023-03-11T18:16:08+00:00","article_modified_time":"2023-03-11T19:04:39+00:00","og_image":[{"url":"https:\/\/web.archive.org\/web\/20130425194333im_\/http:\/\/www.lokalmagasinet.no\/ipub\/media\/tomaludv1mai11silh_500.jpg","type":"","width":"","height":""}],"author":"Svein-Harald Strand","twitter_card":"summary_large_image","twitter_creator":"@LMExtra","twitter_site":"@LMExtra","twitter_misc":{"Written by":"Svein-Harald Strand","Est. reading time":"1 minutt"},"schema":{"@context":"https:\/\/schema.org","@graph":[{"@type":"Article","@id":"https:\/\/lokalmagasinet.no\/?p=14940#article","isPartOf":{"@id":"https:\/\/lokalmagasinet.no\/?p=14940"},"author":{"name":"Svein-Harald Strand","@id":"https:\/\/lokalmagasinet.no\/#\/schema\/person\/2e8d221708d3aaf6f577275b5bba4310"},"headline":"N\u00e5r hver dag teller&#8230;","datePublished":"2023-03-11T18:16:08+00:00","dateModified":"2023-03-11T19:04:39+00:00","mainEntityOfPage":{"@id":"https:\/\/lokalmagasinet.no\/?p=14940"},"wordCount":281,"publisher":{"@id":"https:\/\/lokalmagasinet.no\/#organization"},"image":{"@id":"https:\/\/lokalmagasinet.no\/?p=14940#primaryimage"},"thumbnailUrl":"https:\/\/web.archive.org\/web\/20130425194333im_\/http:\/\/www.lokalmagasinet.no\/ipub\/media\/tomaludv1mai11silh_500.jpg","articleSection":["Byggesak","N\u00e6ringsliv"],"inLanguage":"nn-NO"},{"@type":"WebPage","@id":"https:\/\/lokalmagasinet.no\/?p=14940","url":"https:\/\/lokalmagasinet.no\/?p=14940","name":"N\u00e5r hver dag teller... | Lokalmagasinet.no","isPartOf":{"@id":"https:\/\/lokalmagasinet.no\/#website"},"primaryImageOfPage":{"@id":"https:\/\/lokalmagasinet.no\/?p=14940#primaryimage"},"image":{"@id":"https:\/\/lokalmagasinet.no\/?p=14940#primaryimage"},"thumbnailUrl":"https:\/\/web.archive.org\/web\/20130425194333im_\/http:\/\/www.lokalmagasinet.no\/ipub\/media\/tomaludv1mai11silh_500.jpg","datePublished":"2023-03-11T18:16:08+00:00","dateModified":"2023-03-11T19:04:39+00:00","breadcrumb":{"@id":"https:\/\/lokalmagasinet.no\/?p=14940#breadcrumb"},"inLanguage":"nn-NO","potentialAction":[{"@type":"ReadAction","target":["https:\/\/lokalmagasinet.no\/?p=14940"]}]},{"@type":"ImageObject","inLanguage":"nn-NO","@id":"https:\/\/lokalmagasinet.no\/?p=14940#primaryimage","url":"https:\/\/web.archive.org\/web\/20130425194333im_\/http:\/\/www.lokalmagasinet.no\/ipub\/media\/tomaludv1mai11silh_500.jpg","contentUrl":"https:\/\/web.archive.org\/web\/20130425194333im_\/http:\/\/www.lokalmagasinet.no\/ipub\/media\/tomaludv1mai11silh_500.jpg"},{"@type":"BreadcrumbList","@id":"https:\/\/lokalmagasinet.no\/?p=14940#breadcrumb","itemListElement":[{"@type":"ListItem","position":1,"name":"Hjem","item":"https:\/\/lokalmagasinet.no\/"},{"@type":"ListItem","position":2,"name":"N\u00e5r hver dag teller&#8230;"}]},{"@type":"WebSite","@id":"https:\/\/lokalmagasinet.no\/#website","url":"https:\/\/lokalmagasinet.no\/","name":"Lokalmagasinet.no","description":"Fra fortid og n\u00e5tid. Med st\u00e5sted i det n\u00e6re. Siden 2002.","publisher":{"@id":"https:\/\/lokalmagasinet.no\/#organization"},"potentialAction":[{"@type":"SearchAction","target":{"@type":"EntryPoint","urlTemplate":"https:\/\/lokalmagasinet.no\/?s={search_term_string}"},"query-input":{"@type":"PropertyValueSpecification","valueRequired":true,"valueName":"search_term_string"}}],"inLanguage":"nn-NO"},{"@type":"Organization","@id":"https:\/\/lokalmagasinet.no\/#organization","name":"Lokalmagasinet.no","url":"https:\/\/lokalmagasinet.no\/","logo":{"@type":"ImageObject","inLanguage":"nn-NO","@id":"https:\/\/lokalmagasinet.no\/#\/schema\/logo\/image\/","url":"https:\/\/lokalmagasinet.no\/wp-content\/uploads\/2021\/03\/cropped-cropped-cropped-cropped-cropped-cropped-lmlogo-e1640691300821.jpg","contentUrl":"https:\/\/lokalmagasinet.no\/wp-content\/uploads\/2021\/03\/cropped-cropped-cropped-cropped-cropped-cropped-lmlogo-e1640691300821.jpg","width":72,"height":118,"caption":"Lokalmagasinet.no"},"image":{"@id":"https:\/\/lokalmagasinet.no\/#\/schema\/logo\/image\/"},"sameAs":["https:\/\/www.facebook.com\/sveinharald.strand.1","https:\/\/x.com\/LMExtra"]},{"@type":"Person","@id":"https:\/\/lokalmagasinet.no\/#\/schema\/person\/2e8d221708d3aaf6f577275b5bba4310","name":"Svein-Harald Strand","image":{"@type":"ImageObject","inLanguage":"nn-NO","@id":"https:\/\/secure.gravatar.com\/avatar\/c487434bdf6cd7c12e4a88877ae4b12c38d22b7ad64292b49d33ed7503bb7ce1?s=96&d=mm&r=g","url":"https:\/\/secure.gravatar.com\/avatar\/c487434bdf6cd7c12e4a88877ae4b12c38d22b7ad64292b49d33ed7503bb7ce1?s=96&d=mm&r=g","contentUrl":"https:\/\/secure.gravatar.com\/avatar\/c487434bdf6cd7c12e4a88877ae4b12c38d22b7ad64292b49d33ed7503bb7ce1?s=96&d=mm&r=g","caption":"Svein-Harald Strand"},"description":"(F. 26.12.1945) Redakt\u00f8r, journalist og informasjonsarbeider siden 1968. ||| I 1963: Redaksjonell praktikant i 8 m\u00e5neder p\u00e5 full tid i Helgeland Arbeiderblad i hjembyen Mosj\u00f8en. ||| Arbeidende pensjonist med hjemmekontor fra 2008 (AFP) og videre som folkepensjonist til n\u00e5.","sameAs":["https:\/\/lokalmagasinet.no\/","https:\/\/www.facebook.com\/sveinharald.strand.1","https:\/\/x.com\/LMExtra"],"url":"https:\/\/lokalmagasinet.no\/?author=6"}]}},"_links":{"self":[{"href":"https:\/\/lokalmagasinet.no\/index.php?rest_route=\/wp\/v2\/posts\/14940","targetHints":{"allow":["GET"]}}],"collection":[{"href":"https:\/\/lokalmagasinet.no\/index.php?rest_route=\/wp\/v2\/posts"}],"about":[{"href":"https:\/\/lokalmagasinet.no\/index.php?rest_route=\/wp\/v2\/types\/post"}],"author":[{"embeddable":true,"href":"https:\/\/lokalmagasinet.no\/index.php?rest_route=\/wp\/v2\/users\/6"}],"replies":[{"embeddable":true,"href":"https:\/\/lokalmagasinet.no\/index.php?rest_route=%2Fwp%2Fv2%2Fcomments&post=14940"}],"version-history":[{"count":7,"href":"https:\/\/lokalmagasinet.no\/index.php?rest_route=\/wp\/v2\/posts\/14940\/revisions"}],"predecessor-version":[{"id":14955,"href":"https:\/\/lokalmagasinet.no\/index.php?rest_route=\/wp\/v2\/posts\/14940\/revisions\/14955"}],"wp:attachment":[{"href":"https:\/\/lokalmagasinet.no\/index.php?rest_route=%2Fwp%2Fv2%2Fmedia&parent=14940"}],"wp:term":[{"taxonomy":"category","embeddable":true,"href":"https:\/\/lokalmagasinet.no\/index.php?rest_route=%2Fwp%2Fv2%2Fcategories&post=14940"},{"taxonomy":"post_tag","embeddable":true,"href":"https:\/\/lokalmagasinet.no\/index.php?rest_route=%2Fwp%2Fv2%2Ftags&post=14940"}],"curies":[{"name":"wp","href":"https:\/\/api.w.org\/{rel}","templated":true}]}}