{"id":15550,"date":"2023-04-25T18:41:34","date_gmt":"2023-04-25T16:41:34","guid":{"rendered":"https:\/\/lokalmagasinet.no\/?p=15550"},"modified":"2023-04-25T23:17:20","modified_gmt":"2023-04-25T21:17:20","slug":"pene-trafikktall-for-lm-sa-langt-i-ar","status":"publish","type":"post","link":"https:\/\/lokalmagasinet.no\/?p=15550","title":{"rendered":"Pene trafikktall for LM s\u00e5 langt i \u00e5r"},"content":{"rendered":"<figure id=\"attachment_1310\" aria-describedby=\"caption-attachment-1310\" style=\"width: 300px\" class=\"wp-caption alignleft\"><img loading=\"lazy\" decoding=\"async\" class=\"size-full wp-image-1310\" src=\"https:\/\/lokalmagasinet.no\/wp-content\/uploads\/2021\/02\/gladunge_stock.jpg\" alt=\"\" width=\"300\" height=\"200\" \/><figcaption id=\"caption-attachment-1310\" class=\"wp-caption-text\"><strong>(Ill.: LM Arkivfoto \/ stock.exchng)<\/strong><\/figcaption><\/figure>\n<p>(Publisert 25.04.23)<strong> Trafikktallene for Lokalmagasinet.no viste i formiddag at det s\u00e5 langt i \u00e5r har v\u00e6rt 52.300 bes\u00f8k. Og tallet p\u00e5 bes\u00f8kende (brukere\/IP-adresser) siden \u00e5rsskiftet vil i l\u00f8pet av dagen passere 12.700.<\/strong><\/p>\n<p>Allerede ved 11-tiden i dag viste serverens telleverk at 187 brukere hadde logget seg inn 452 ganger.<\/p>\n<p>S\u00c5 FINE TALL har vi naturlig nok ikke hver dag. Men det vi kan fastsl\u00e5 er at det som regel er en klar sammenheng mellom tallene og hva vi har publisert siste d\u00f8gn.<\/p>\n<p>At forh\u00e5ndsvisninger p\u00e5 ulike sosiale medier genererer trafikk til nettavisa, kan vi ogs\u00e5 trygt sl\u00e5 fast. Men med tanke p\u00e5 tiden som g\u00e5r med til slik deling, s\u00e5 er Twitter-kontoen v\u00e5r &#8211; <em>LM Extra, opprettet i 2011<\/em> &#8211; for tiden ikke s\u00e5 mye i bruk som vi kunne \u00f8nske.<\/p>\n<p>DERMED ER DET Facebook som er det sosiale hovedmediet, f\u00f8rst og fremst redakt\u00f8rens side med 5000 Fb-venner &#8211; det meste man kan ha. Noen dager ser vi at \u00e9n eller flere venner har &laquo;hoppet av&raquo;.<\/p>\n<p><strong>Men nesten til enhver tid st\u00e5r det noen p\u00e5 venteliste, s\u00e5 da er det bare \u00e5 fylle p\u00e5. Fb er konfigurert slik at venner f\u00e5r rask tilgang til nye dele-saker p\u00e5 sin dataenhet. Vi deler jo ogs\u00e5 endel ferske nyheter fra norske medier p\u00e5 redakt\u00f8rens side.<br \/>\n<\/strong><\/p>\n<p>TRE ANDRE Fb-SIDER har vi ogs\u00e5, bl.a.<em> Her i Son<\/em> som over tusen &laquo;liker&raquo; eller &laquo;f\u00f8lger&raquo;. Der deler vi LM-saker ettersom det passer, blant annet med tanke p\u00e5 hva saken handler om.<\/p>\n<p>Det er jo faktisk ikke alt vi publiserer her i Lokalmagasinet.no som er hundre prosent lokalt. Dette gjelder f\u00f8rst og fremst redigerte pressemeldinger om nye tema-b\u00f8ker som har allmenn interesse, men ogs\u00e5 ferske innspill fra store organisasjoner.<\/p>\n<p><strong>V\u00e5r prim\u00e6re epostadresse st\u00e5r \u00e5penbart p\u00e5 postlista til flere som verdsetter hvordan innleggene blir redigert og behandlet &#8211; som den ferskvare de som regel er.<\/strong><\/p>\n<p>P.S. Mer om v\u00e5re tre ekstra Fb-sider en annen gang. Ha en fin tirsdagskveld!<\/p>\n<p><strong>Red.<\/strong><\/p>\n<p>Views: 81<\/p>","protected":false},"excerpt":{"rendered":"<p>(Publisert 25.04.23) Trafikktallene for Lokalmagasinet.no viste i formiddag at det s\u00e5 langt i \u00e5r har v\u00e6rt 52.300 bes\u00f8k. Og tallet p\u00e5 bes\u00f8kende (brukere\/IP-adresser) siden \u00e5rsskiftet vil i l\u00f8pet av dagen &#8230; <\/p>\n<p class=\"read-more-container\"><a title=\"Pene trafikktall for LM s\u00e5 langt i \u00e5r\" class=\"read-more button\" href=\"https:\/\/lokalmagasinet.no\/?p=15550#more-15550\">Les mer<span class=\"screen-reader-text\">Pene trafikktall for LM s\u00e5 langt i \u00e5r<\/span><\/a><\/p>\n","protected":false},"author":6,"featured_media":0,"comment_status":"closed","ping_status":"open","sticky":false,"template":"","format":"standard","meta":{"footnotes":""},"categories":[1,12],"tags":[],"class_list":["post-15550","post","type-post","status-publish","format-standard","hentry","category-aktuelt","category-byggerapporter"],"yoast_head":"<!-- This site is optimized with the Yoast SEO plugin v27.4 - https:\/\/yoast.com\/product\/yoast-seo-wordpress\/ -->\n<title>Pene trafikktall for LM s\u00e5 langt i \u00e5r | Lokalmagasinet.no<\/title>\n<meta name=\"robots\" content=\"index, follow, max-snippet:-1, max-image-preview:large, max-video-preview:-1\" \/>\n<link rel=\"canonical\" href=\"https:\/\/lokalmagasinet.no\/?p=15550\" \/>\n<meta property=\"og:locale\" content=\"nn_NO\" \/>\n<meta property=\"og:type\" content=\"article\" \/>\n<meta property=\"og:title\" content=\"Pene trafikktall for LM s\u00e5 langt i \u00e5r | Lokalmagasinet.no\" \/>\n<meta property=\"og:description\" content=\"(Publisert 25.04.23) Trafikktallene for Lokalmagasinet.no viste i formiddag at det s\u00e5 langt i \u00e5r har v\u00e6rt 52.300 bes\u00f8k. Og tallet p\u00e5 bes\u00f8kende (brukere\/IP-adresser) siden \u00e5rsskiftet vil i l\u00f8pet av dagen ... Les merPene trafikktall for LM s\u00e5 langt i \u00e5r\" \/>\n<meta property=\"og:url\" content=\"https:\/\/lokalmagasinet.no\/?p=15550\" \/>\n<meta property=\"og:site_name\" content=\"Lokalmagasinet.no\" \/>\n<meta property=\"article:publisher\" content=\"https:\/\/www.facebook.com\/sveinharald.strand.1\" \/>\n<meta property=\"article:author\" content=\"https:\/\/www.facebook.com\/sveinharald.strand.1\" \/>\n<meta property=\"article:published_time\" content=\"2023-04-25T16:41:34+00:00\" \/>\n<meta property=\"article:modified_time\" content=\"2023-04-25T21:17:20+00:00\" \/>\n<meta property=\"og:image\" content=\"https:\/\/lokalmagasinet.no\/wp-content\/uploads\/2021\/02\/gladunge_stock.jpg\" \/>\n<meta name=\"author\" content=\"Svein-Harald Strand\" \/>\n<meta name=\"twitter:card\" content=\"summary_large_image\" \/>\n<meta name=\"twitter:creator\" content=\"@LMExtra\" \/>\n<meta name=\"twitter:site\" content=\"@LMExtra\" \/>\n<meta name=\"twitter:label1\" content=\"Written by\" \/>\n\t<meta name=\"twitter:data1\" content=\"Svein-Harald Strand\" \/>\n\t<meta name=\"twitter:label2\" content=\"Est. reading time\" \/>\n\t<meta name=\"twitter:data2\" content=\"2 minutt\" \/>\n<script type=\"application\/ld+json\" class=\"yoast-schema-graph\">{\"@context\":\"https:\\\/\\\/schema.org\",\"@graph\":[{\"@type\":\"Article\",\"@id\":\"https:\\\/\\\/lokalmagasinet.no\\\/?p=15550#article\",\"isPartOf\":{\"@id\":\"https:\\\/\\\/lokalmagasinet.no\\\/?p=15550\"},\"author\":{\"name\":\"Svein-Harald Strand\",\"@id\":\"https:\\\/\\\/lokalmagasinet.no\\\/#\\\/schema\\\/person\\\/2e8d221708d3aaf6f577275b5bba4310\"},\"headline\":\"Pene trafikktall for LM s\u00e5 langt i \u00e5r\",\"datePublished\":\"2023-04-25T16:41:34+00:00\",\"dateModified\":\"2023-04-25T21:17:20+00:00\",\"mainEntityOfPage\":{\"@id\":\"https:\\\/\\\/lokalmagasinet.no\\\/?p=15550\"},\"wordCount\":358,\"publisher\":{\"@id\":\"https:\\\/\\\/lokalmagasinet.no\\\/#organization\"},\"image\":{\"@id\":\"https:\\\/\\\/lokalmagasinet.no\\\/?p=15550#primaryimage\"},\"thumbnailUrl\":\"https:\\\/\\\/lokalmagasinet.no\\\/wp-content\\\/uploads\\\/2021\\\/02\\\/gladunge_stock.jpg\",\"articleSection\":[\"Aktuelt\",\"Byggerapporter\"],\"inLanguage\":\"nn-NO\"},{\"@type\":\"WebPage\",\"@id\":\"https:\\\/\\\/lokalmagasinet.no\\\/?p=15550\",\"url\":\"https:\\\/\\\/lokalmagasinet.no\\\/?p=15550\",\"name\":\"Pene trafikktall for LM s\u00e5 langt i \u00e5r | Lokalmagasinet.no\",\"isPartOf\":{\"@id\":\"https:\\\/\\\/lokalmagasinet.no\\\/#website\"},\"primaryImageOfPage\":{\"@id\":\"https:\\\/\\\/lokalmagasinet.no\\\/?p=15550#primaryimage\"},\"image\":{\"@id\":\"https:\\\/\\\/lokalmagasinet.no\\\/?p=15550#primaryimage\"},\"thumbnailUrl\":\"https:\\\/\\\/lokalmagasinet.no\\\/wp-content\\\/uploads\\\/2021\\\/02\\\/gladunge_stock.jpg\",\"datePublished\":\"2023-04-25T16:41:34+00:00\",\"dateModified\":\"2023-04-25T21:17:20+00:00\",\"breadcrumb\":{\"@id\":\"https:\\\/\\\/lokalmagasinet.no\\\/?p=15550#breadcrumb\"},\"inLanguage\":\"nn-NO\",\"potentialAction\":[{\"@type\":\"ReadAction\",\"target\":[\"https:\\\/\\\/lokalmagasinet.no\\\/?p=15550\"]}]},{\"@type\":\"ImageObject\",\"inLanguage\":\"nn-NO\",\"@id\":\"https:\\\/\\\/lokalmagasinet.no\\\/?p=15550#primaryimage\",\"url\":\"https:\\\/\\\/lokalmagasinet.no\\\/wp-content\\\/uploads\\\/2021\\\/02\\\/gladunge_stock.jpg\",\"contentUrl\":\"https:\\\/\\\/lokalmagasinet.no\\\/wp-content\\\/uploads\\\/2021\\\/02\\\/gladunge_stock.jpg\",\"width\":300,\"height\":200,\"caption\":\"(Illustrasjon: LM Arkivfoto \\\/stock.exchng))\"},{\"@type\":\"BreadcrumbList\",\"@id\":\"https:\\\/\\\/lokalmagasinet.no\\\/?p=15550#breadcrumb\",\"itemListElement\":[{\"@type\":\"ListItem\",\"position\":1,\"name\":\"Hjem\",\"item\":\"https:\\\/\\\/lokalmagasinet.no\\\/\"},{\"@type\":\"ListItem\",\"position\":2,\"name\":\"Pene trafikktall for LM s\u00e5 langt i \u00e5r\"}]},{\"@type\":\"WebSite\",\"@id\":\"https:\\\/\\\/lokalmagasinet.no\\\/#website\",\"url\":\"https:\\\/\\\/lokalmagasinet.no\\\/\",\"name\":\"Lokalmagasinet.no\",\"description\":\"Fra fortid og n\u00e5tid. Med st\u00e5sted i det n\u00e6re. Siden 2002.\",\"publisher\":{\"@id\":\"https:\\\/\\\/lokalmagasinet.no\\\/#organization\"},\"potentialAction\":[{\"@type\":\"SearchAction\",\"target\":{\"@type\":\"EntryPoint\",\"urlTemplate\":\"https:\\\/\\\/lokalmagasinet.no\\\/?s={search_term_string}\"},\"query-input\":{\"@type\":\"PropertyValueSpecification\",\"valueRequired\":true,\"valueName\":\"search_term_string\"}}],\"inLanguage\":\"nn-NO\"},{\"@type\":\"Organization\",\"@id\":\"https:\\\/\\\/lokalmagasinet.no\\\/#organization\",\"name\":\"Lokalmagasinet.no\",\"url\":\"https:\\\/\\\/lokalmagasinet.no\\\/\",\"logo\":{\"@type\":\"ImageObject\",\"inLanguage\":\"nn-NO\",\"@id\":\"https:\\\/\\\/lokalmagasinet.no\\\/#\\\/schema\\\/logo\\\/image\\\/\",\"url\":\"https:\\\/\\\/lokalmagasinet.no\\\/wp-content\\\/uploads\\\/2021\\\/03\\\/cropped-cropped-cropped-cropped-cropped-cropped-lmlogo-e1640691300821.jpg\",\"contentUrl\":\"https:\\\/\\\/lokalmagasinet.no\\\/wp-content\\\/uploads\\\/2021\\\/03\\\/cropped-cropped-cropped-cropped-cropped-cropped-lmlogo-e1640691300821.jpg\",\"width\":72,\"height\":118,\"caption\":\"Lokalmagasinet.no\"},\"image\":{\"@id\":\"https:\\\/\\\/lokalmagasinet.no\\\/#\\\/schema\\\/logo\\\/image\\\/\"},\"sameAs\":[\"https:\\\/\\\/www.facebook.com\\\/sveinharald.strand.1\",\"https:\\\/\\\/x.com\\\/LMExtra\"]},{\"@type\":\"Person\",\"@id\":\"https:\\\/\\\/lokalmagasinet.no\\\/#\\\/schema\\\/person\\\/2e8d221708d3aaf6f577275b5bba4310\",\"name\":\"Svein-Harald Strand\",\"image\":{\"@type\":\"ImageObject\",\"inLanguage\":\"nn-NO\",\"@id\":\"https:\\\/\\\/secure.gravatar.com\\\/avatar\\\/c487434bdf6cd7c12e4a88877ae4b12c38d22b7ad64292b49d33ed7503bb7ce1?s=96&d=mm&r=g\",\"url\":\"https:\\\/\\\/secure.gravatar.com\\\/avatar\\\/c487434bdf6cd7c12e4a88877ae4b12c38d22b7ad64292b49d33ed7503bb7ce1?s=96&d=mm&r=g\",\"contentUrl\":\"https:\\\/\\\/secure.gravatar.com\\\/avatar\\\/c487434bdf6cd7c12e4a88877ae4b12c38d22b7ad64292b49d33ed7503bb7ce1?s=96&d=mm&r=g\",\"caption\":\"Svein-Harald Strand\"},\"description\":\"(F. 26.12.1945) Redakt\u00f8r, journalist og informasjonsarbeider siden 1968. ||| I 1963: Redaksjonell praktikant i 8 m\u00e5neder p\u00e5 full tid i Helgeland Arbeiderblad i hjembyen Mosj\u00f8en. ||| Arbeidende pensjonist med hjemmekontor fra 2008 (AFP) og videre som folkepensjonist til n\u00e5.\",\"sameAs\":[\"https:\\\/\\\/lokalmagasinet.no\\\/\",\"https:\\\/\\\/www.facebook.com\\\/sveinharald.strand.1\",\"https:\\\/\\\/x.com\\\/LMExtra\"],\"url\":\"https:\\\/\\\/lokalmagasinet.no\\\/?author=6\"}]}<\/script>\n<!-- \/ Yoast SEO plugin. -->","yoast_head_json":{"title":"Pene trafikktall for LM s\u00e5 langt i \u00e5r | Lokalmagasinet.no","robots":{"index":"index","follow":"follow","max-snippet":"max-snippet:-1","max-image-preview":"max-image-preview:large","max-video-preview":"max-video-preview:-1"},"canonical":"https:\/\/lokalmagasinet.no\/?p=15550","og_locale":"nn_NO","og_type":"article","og_title":"Pene trafikktall for LM s\u00e5 langt i \u00e5r | Lokalmagasinet.no","og_description":"(Publisert 25.04.23) Trafikktallene for Lokalmagasinet.no viste i formiddag at det s\u00e5 langt i \u00e5r har v\u00e6rt 52.300 bes\u00f8k. Og tallet p\u00e5 bes\u00f8kende (brukere\/IP-adresser) siden \u00e5rsskiftet vil i l\u00f8pet av dagen ... Les merPene trafikktall for LM s\u00e5 langt i \u00e5r","og_url":"https:\/\/lokalmagasinet.no\/?p=15550","og_site_name":"Lokalmagasinet.no","article_publisher":"https:\/\/www.facebook.com\/sveinharald.strand.1","article_author":"https:\/\/www.facebook.com\/sveinharald.strand.1","article_published_time":"2023-04-25T16:41:34+00:00","article_modified_time":"2023-04-25T21:17:20+00:00","og_image":[{"url":"https:\/\/lokalmagasinet.no\/wp-content\/uploads\/2021\/02\/gladunge_stock.jpg","type":"","width":"","height":""}],"author":"Svein-Harald Strand","twitter_card":"summary_large_image","twitter_creator":"@LMExtra","twitter_site":"@LMExtra","twitter_misc":{"Written by":"Svein-Harald Strand","Est. reading time":"2 minutt"},"schema":{"@context":"https:\/\/schema.org","@graph":[{"@type":"Article","@id":"https:\/\/lokalmagasinet.no\/?p=15550#article","isPartOf":{"@id":"https:\/\/lokalmagasinet.no\/?p=15550"},"author":{"name":"Svein-Harald Strand","@id":"https:\/\/lokalmagasinet.no\/#\/schema\/person\/2e8d221708d3aaf6f577275b5bba4310"},"headline":"Pene trafikktall for LM s\u00e5 langt i \u00e5r","datePublished":"2023-04-25T16:41:34+00:00","dateModified":"2023-04-25T21:17:20+00:00","mainEntityOfPage":{"@id":"https:\/\/lokalmagasinet.no\/?p=15550"},"wordCount":358,"publisher":{"@id":"https:\/\/lokalmagasinet.no\/#organization"},"image":{"@id":"https:\/\/lokalmagasinet.no\/?p=15550#primaryimage"},"thumbnailUrl":"https:\/\/lokalmagasinet.no\/wp-content\/uploads\/2021\/02\/gladunge_stock.jpg","articleSection":["Aktuelt","Byggerapporter"],"inLanguage":"nn-NO"},{"@type":"WebPage","@id":"https:\/\/lokalmagasinet.no\/?p=15550","url":"https:\/\/lokalmagasinet.no\/?p=15550","name":"Pene trafikktall for LM s\u00e5 langt i \u00e5r | Lokalmagasinet.no","isPartOf":{"@id":"https:\/\/lokalmagasinet.no\/#website"},"primaryImageOfPage":{"@id":"https:\/\/lokalmagasinet.no\/?p=15550#primaryimage"},"image":{"@id":"https:\/\/lokalmagasinet.no\/?p=15550#primaryimage"},"thumbnailUrl":"https:\/\/lokalmagasinet.no\/wp-content\/uploads\/2021\/02\/gladunge_stock.jpg","datePublished":"2023-04-25T16:41:34+00:00","dateModified":"2023-04-25T21:17:20+00:00","breadcrumb":{"@id":"https:\/\/lokalmagasinet.no\/?p=15550#breadcrumb"},"inLanguage":"nn-NO","potentialAction":[{"@type":"ReadAction","target":["https:\/\/lokalmagasinet.no\/?p=15550"]}]},{"@type":"ImageObject","inLanguage":"nn-NO","@id":"https:\/\/lokalmagasinet.no\/?p=15550#primaryimage","url":"https:\/\/lokalmagasinet.no\/wp-content\/uploads\/2021\/02\/gladunge_stock.jpg","contentUrl":"https:\/\/lokalmagasinet.no\/wp-content\/uploads\/2021\/02\/gladunge_stock.jpg","width":300,"height":200,"caption":"(Illustrasjon: LM Arkivfoto \/stock.exchng))"},{"@type":"BreadcrumbList","@id":"https:\/\/lokalmagasinet.no\/?p=15550#breadcrumb","itemListElement":[{"@type":"ListItem","position":1,"name":"Hjem","item":"https:\/\/lokalmagasinet.no\/"},{"@type":"ListItem","position":2,"name":"Pene trafikktall for LM s\u00e5 langt i \u00e5r"}]},{"@type":"WebSite","@id":"https:\/\/lokalmagasinet.no\/#website","url":"https:\/\/lokalmagasinet.no\/","name":"Lokalmagasinet.no","description":"Fra fortid og n\u00e5tid. Med st\u00e5sted i det n\u00e6re. Siden 2002.","publisher":{"@id":"https:\/\/lokalmagasinet.no\/#organization"},"potentialAction":[{"@type":"SearchAction","target":{"@type":"EntryPoint","urlTemplate":"https:\/\/lokalmagasinet.no\/?s={search_term_string}"},"query-input":{"@type":"PropertyValueSpecification","valueRequired":true,"valueName":"search_term_string"}}],"inLanguage":"nn-NO"},{"@type":"Organization","@id":"https:\/\/lokalmagasinet.no\/#organization","name":"Lokalmagasinet.no","url":"https:\/\/lokalmagasinet.no\/","logo":{"@type":"ImageObject","inLanguage":"nn-NO","@id":"https:\/\/lokalmagasinet.no\/#\/schema\/logo\/image\/","url":"https:\/\/lokalmagasinet.no\/wp-content\/uploads\/2021\/03\/cropped-cropped-cropped-cropped-cropped-cropped-lmlogo-e1640691300821.jpg","contentUrl":"https:\/\/lokalmagasinet.no\/wp-content\/uploads\/2021\/03\/cropped-cropped-cropped-cropped-cropped-cropped-lmlogo-e1640691300821.jpg","width":72,"height":118,"caption":"Lokalmagasinet.no"},"image":{"@id":"https:\/\/lokalmagasinet.no\/#\/schema\/logo\/image\/"},"sameAs":["https:\/\/www.facebook.com\/sveinharald.strand.1","https:\/\/x.com\/LMExtra"]},{"@type":"Person","@id":"https:\/\/lokalmagasinet.no\/#\/schema\/person\/2e8d221708d3aaf6f577275b5bba4310","name":"Svein-Harald Strand","image":{"@type":"ImageObject","inLanguage":"nn-NO","@id":"https:\/\/secure.gravatar.com\/avatar\/c487434bdf6cd7c12e4a88877ae4b12c38d22b7ad64292b49d33ed7503bb7ce1?s=96&d=mm&r=g","url":"https:\/\/secure.gravatar.com\/avatar\/c487434bdf6cd7c12e4a88877ae4b12c38d22b7ad64292b49d33ed7503bb7ce1?s=96&d=mm&r=g","contentUrl":"https:\/\/secure.gravatar.com\/avatar\/c487434bdf6cd7c12e4a88877ae4b12c38d22b7ad64292b49d33ed7503bb7ce1?s=96&d=mm&r=g","caption":"Svein-Harald Strand"},"description":"(F. 26.12.1945) Redakt\u00f8r, journalist og informasjonsarbeider siden 1968. ||| I 1963: Redaksjonell praktikant i 8 m\u00e5neder p\u00e5 full tid i Helgeland Arbeiderblad i hjembyen Mosj\u00f8en. ||| Arbeidende pensjonist med hjemmekontor fra 2008 (AFP) og videre som folkepensjonist til n\u00e5.","sameAs":["https:\/\/lokalmagasinet.no\/","https:\/\/www.facebook.com\/sveinharald.strand.1","https:\/\/x.com\/LMExtra"],"url":"https:\/\/lokalmagasinet.no\/?author=6"}]}},"_links":{"self":[{"href":"https:\/\/lokalmagasinet.no\/index.php?rest_route=\/wp\/v2\/posts\/15550","targetHints":{"allow":["GET"]}}],"collection":[{"href":"https:\/\/lokalmagasinet.no\/index.php?rest_route=\/wp\/v2\/posts"}],"about":[{"href":"https:\/\/lokalmagasinet.no\/index.php?rest_route=\/wp\/v2\/types\/post"}],"author":[{"embeddable":true,"href":"https:\/\/lokalmagasinet.no\/index.php?rest_route=\/wp\/v2\/users\/6"}],"replies":[{"embeddable":true,"href":"https:\/\/lokalmagasinet.no\/index.php?rest_route=%2Fwp%2Fv2%2Fcomments&post=15550"}],"version-history":[{"count":14,"href":"https:\/\/lokalmagasinet.no\/index.php?rest_route=\/wp\/v2\/posts\/15550\/revisions"}],"predecessor-version":[{"id":15564,"href":"https:\/\/lokalmagasinet.no\/index.php?rest_route=\/wp\/v2\/posts\/15550\/revisions\/15564"}],"wp:attachment":[{"href":"https:\/\/lokalmagasinet.no\/index.php?rest_route=%2Fwp%2Fv2%2Fmedia&parent=15550"}],"wp:term":[{"taxonomy":"category","embeddable":true,"href":"https:\/\/lokalmagasinet.no\/index.php?rest_route=%2Fwp%2Fv2%2Fcategories&post=15550"},{"taxonomy":"post_tag","embeddable":true,"href":"https:\/\/lokalmagasinet.no\/index.php?rest_route=%2Fwp%2Fv2%2Ftags&post=15550"}],"curies":[{"name":"wp","href":"https:\/\/api.w.org\/{rel}","templated":true}]}}