{"id":15738,"date":"2023-11-27T17:36:38","date_gmt":"2023-11-27T16:36:38","guid":{"rendered":"https:\/\/lokalmagasinet.no\/?p=15738"},"modified":"2023-11-27T17:36:28","modified_gmt":"2023-11-27T16:36:28","slug":"nar-alle-skriver-det-samme","status":"publish","type":"post","link":"https:\/\/lokalmagasinet.no\/?p=15738","title":{"rendered":"N\u00e5r &laquo;alle&raquo; skriver det samme"},"content":{"rendered":"<figure id=\"attachment_1251\" aria-describedby=\"caption-attachment-1251\" style=\"width: 200px\" class=\"wp-caption alignleft\"><img loading=\"lazy\" decoding=\"async\" class=\"size-full wp-image-1251\" src=\"https:\/\/lokalmagasinet.no\/wp-content\/uploads\/2021\/02\/fortvilet_200b_stock.jpg\" alt=\"\" width=\"200\" height=\"183\" \/><figcaption id=\"caption-attachment-1251\" class=\"wp-caption-text\">Illustrasjon: VA Arkivfoto \/ stock.exchng<\/figcaption><\/figure>\n<p>(Publisert 07.05.23) (Kommentar: Svein-H. Strand) <strong>I en felles klagesak til Pressens Faglige Utvalg &#8211; mot 32 Amedia-aviser &#8211; blant dem Moss Avis, Vestby Avis, \u00d8stlandets Blad og Akershus Amtstidende her i v\u00e5r region &#8211; ble <em>samtlige felt<\/em> for brudd p\u00e5 V\u00e6r Varsom-plakatens punkt 3.2 og 4.14. Klagen gjaldt saken om <a href=\"https:\/\/journalisten.no\/32-amedia-aviser-har-brutt-god-presseskikk\/555725\">en kvinne som br\u00f8t ut av Jehovas vitner.<\/a> <\/strong><\/p>\n<p>(Fra LM 07.05.23)(Republisert 27.11.23)<\/p>\n<p>DETTE SKJEDDE i \u00e5rets januar-m\u00f8te i Pressens Faglige Utvalg (PFU). I rekken av fellelser i dette m\u00f8tet, var denne neppe verre enn noen av de andre.<\/p>\n<p>Men hva det er grunn til \u00e5 merke seg, er at omtrent <em>hver tredje<\/em> av de over 90 avisene i Amedia-gruppen ble felt i denne klagesaken.<\/p>\n<p>HVORFOR? Jo, de hadde publisert den samme saken, noe som daglig skjer i denne avisgruppen. Men de har hver sin redakt\u00f8r og hver sin redaksjon.<\/p>\n<p><strong>Og har de ikke ogs\u00e5 hver sin redaksjonsdesk med redigerere som blant annet gjennomg\u00e5r og kontrollerer alle manuskripter i produksjonslinjen?<\/strong><\/p>\n<p>Joda &#8211; med litt forbehold for dager med lav bemanning, naturligvis.<\/p>\n<p><img loading=\"lazy\" decoding=\"async\" class=\"size-thumbnail wp-image-1874 alignleft\" src=\"https:\/\/lokalmagasinet.no\/wp-content\/uploads\/2021\/03\/journalism1_200-150x150.jpg\" alt=\"\" width=\"150\" height=\"150\" \/>OG MED DETTE som utgangspunkt, m\u00e5 det v\u00e6re grunn til \u00e5 sp\u00f8rre om s\u00e5 mange aviser virkelig er <em>i d\u00e5rlig form<\/em>. Samtidig. Rent presseetisk.<\/p>\n<p><strong>Uten at det er sagt i forbindelse med selve klagebehandlingen i PFU: I s\u00e5 fall er det sannelig bekymringsverdig!<\/strong><\/p>\n<p>Som avslutning p\u00e5 denne kommentaren &#8211; hva kan v\u00e6re mer korrekt enn \u00e5 vise hva det st\u00e5r i de to V\u00e6r Varsom-punktene som felte 32 aviser p\u00e5 \u00e9n gang:<\/p>\n<p><strong>3.2.<\/strong> <em>V\u00e6r kritisk i valg av kilder, og kontroller at opplysninger som gis er korrekte. Det er god presseskikk \u00e5 tilstrebe bredde og relevans i valg av kilder. V\u00e6r spesielt aktsom ved behandling av informasjon fra anonyme kilder, informasjon fra kilder som tilbyr eksklusivitet, og informasjon som er gitt fra kilder mot betaling.<\/em><\/p>\n<p><strong>4.14. <\/strong><em>De som utsettes for sterke beskyldninger skal s\u00e5 vidt mulig ha adgang til samtidig im\u00f8teg\u00e5else av faktiske opplysninger. Debatt, kritikk og nyhetsformidling m\u00e5 ikke hindres ved at parter ikke er villig til \u00e5 uttale seg eller medvirke til debatt.<\/em><\/p>\n<p><strong>Vil du lese hele V\u00e6r Varsom-plakaten &#8211; revidert senest i 2021 &#8211; s\u00e5 er det bare \u00e5 klikke p\u00e5 denne lenka:<a href=\"https:\/\/www.nored.no\/Etikk\/Vaer-Varsom-plakaten\"> https:\/\/www.nored.no\/Etikk\/Vaer-Varsom-plakaten<\/a><\/strong><\/p>\n<p>&nbsp;<\/p>\n<p>&nbsp;<\/p>\n<p>&nbsp;<\/p>\n<p>&nbsp;<\/p>\n<p>&nbsp;<\/p>\n<p>Views: 149<\/p>","protected":false},"excerpt":{"rendered":"<p>(Publisert 07.05.23) (Kommentar: Svein-H. Strand) I en felles klagesak til Pressens Faglige Utvalg &#8211; mot 32 Amedia-aviser &#8211; blant dem Moss Avis, Vestby Avis, \u00d8stlandets Blad og Akershus Amtstidende her &#8230; <\/p>\n<p class=\"read-more-container\"><a title=\"N\u00e5r &laquo;alle&raquo; skriver det samme\" class=\"read-more button\" href=\"https:\/\/lokalmagasinet.no\/?p=15738#more-15738\">Les mer<span class=\"screen-reader-text\">N\u00e5r &laquo;alle&raquo; skriver det samme<\/span><\/a><\/p>\n","protected":false},"author":6,"featured_media":0,"comment_status":"closed","ping_status":"closed","sticky":false,"template":"","format":"standard","meta":{"footnotes":""},"categories":[1,95],"tags":[],"class_list":["post-15738","post","type-post","status-publish","format-standard","hentry","category-aktuelt","category-presseetikk"],"yoast_head":"<!-- This site is optimized with the Yoast SEO plugin v27.4 - https:\/\/yoast.com\/product\/yoast-seo-wordpress\/ -->\n<title>N\u00e5r &quot;alle&quot; skriver det samme | Lokalmagasinet.no<\/title>\n<meta name=\"robots\" content=\"index, follow, max-snippet:-1, max-image-preview:large, max-video-preview:-1\" \/>\n<link rel=\"canonical\" href=\"https:\/\/lokalmagasinet.no\/?p=15738\" \/>\n<meta property=\"og:locale\" content=\"nn_NO\" \/>\n<meta property=\"og:type\" content=\"article\" \/>\n<meta property=\"og:title\" content=\"N\u00e5r &quot;alle&quot; skriver det samme | Lokalmagasinet.no\" \/>\n<meta property=\"og:description\" content=\"(Publisert 07.05.23) (Kommentar: Svein-H. Strand) I en felles klagesak til Pressens Faglige Utvalg &#8211; mot 32 Amedia-aviser &#8211; blant dem Moss Avis, Vestby Avis, \u00d8stlandets Blad og Akershus Amtstidende her ... Les merN\u00e5r &laquo;alle&raquo; skriver det samme\" \/>\n<meta property=\"og:url\" content=\"https:\/\/lokalmagasinet.no\/?p=15738\" \/>\n<meta property=\"og:site_name\" content=\"Lokalmagasinet.no\" \/>\n<meta property=\"article:publisher\" content=\"https:\/\/www.facebook.com\/sveinharald.strand.1\" \/>\n<meta property=\"article:author\" content=\"https:\/\/www.facebook.com\/sveinharald.strand.1\" \/>\n<meta property=\"article:published_time\" content=\"2023-11-27T16:36:38+00:00\" \/>\n<meta property=\"og:image\" content=\"https:\/\/lokalmagasinet.no\/wp-content\/uploads\/2021\/02\/fortvilet_200b_stock.jpg\" \/>\n<meta name=\"author\" content=\"Svein-Harald Strand\" \/>\n<meta name=\"twitter:card\" content=\"summary_large_image\" \/>\n<meta name=\"twitter:creator\" content=\"@LMExtra\" \/>\n<meta name=\"twitter:site\" content=\"@LMExtra\" \/>\n<meta name=\"twitter:label1\" content=\"Written by\" \/>\n\t<meta name=\"twitter:data1\" content=\"Svein-Harald Strand\" \/>\n\t<meta name=\"twitter:label2\" content=\"Est. reading time\" \/>\n\t<meta name=\"twitter:data2\" content=\"2 minutt\" \/>\n<script type=\"application\/ld+json\" class=\"yoast-schema-graph\">{\"@context\":\"https:\\\/\\\/schema.org\",\"@graph\":[{\"@type\":\"Article\",\"@id\":\"https:\\\/\\\/lokalmagasinet.no\\\/?p=15738#article\",\"isPartOf\":{\"@id\":\"https:\\\/\\\/lokalmagasinet.no\\\/?p=15738\"},\"author\":{\"name\":\"Svein-Harald Strand\",\"@id\":\"https:\\\/\\\/lokalmagasinet.no\\\/#\\\/schema\\\/person\\\/2e8d221708d3aaf6f577275b5bba4310\"},\"headline\":\"N\u00e5r &laquo;alle&raquo; skriver det samme\",\"datePublished\":\"2023-11-27T16:36:38+00:00\",\"mainEntityOfPage\":{\"@id\":\"https:\\\/\\\/lokalmagasinet.no\\\/?p=15738\"},\"wordCount\":387,\"publisher\":{\"@id\":\"https:\\\/\\\/lokalmagasinet.no\\\/#organization\"},\"image\":{\"@id\":\"https:\\\/\\\/lokalmagasinet.no\\\/?p=15738#primaryimage\"},\"thumbnailUrl\":\"https:\\\/\\\/lokalmagasinet.no\\\/wp-content\\\/uploads\\\/2021\\\/02\\\/fortvilet_200b_stock.jpg\",\"articleSection\":[\"Aktuelt\",\"Presseetikk\"],\"inLanguage\":\"nn-NO\"},{\"@type\":\"WebPage\",\"@id\":\"https:\\\/\\\/lokalmagasinet.no\\\/?p=15738\",\"url\":\"https:\\\/\\\/lokalmagasinet.no\\\/?p=15738\",\"name\":\"N\u00e5r \\\"alle\\\" skriver det samme | Lokalmagasinet.no\",\"isPartOf\":{\"@id\":\"https:\\\/\\\/lokalmagasinet.no\\\/#website\"},\"primaryImageOfPage\":{\"@id\":\"https:\\\/\\\/lokalmagasinet.no\\\/?p=15738#primaryimage\"},\"image\":{\"@id\":\"https:\\\/\\\/lokalmagasinet.no\\\/?p=15738#primaryimage\"},\"thumbnailUrl\":\"https:\\\/\\\/lokalmagasinet.no\\\/wp-content\\\/uploads\\\/2021\\\/02\\\/fortvilet_200b_stock.jpg\",\"datePublished\":\"2023-11-27T16:36:38+00:00\",\"breadcrumb\":{\"@id\":\"https:\\\/\\\/lokalmagasinet.no\\\/?p=15738#breadcrumb\"},\"inLanguage\":\"nn-NO\",\"potentialAction\":[{\"@type\":\"ReadAction\",\"target\":[\"https:\\\/\\\/lokalmagasinet.no\\\/?p=15738\"]}]},{\"@type\":\"ImageObject\",\"inLanguage\":\"nn-NO\",\"@id\":\"https:\\\/\\\/lokalmagasinet.no\\\/?p=15738#primaryimage\",\"url\":\"https:\\\/\\\/lokalmagasinet.no\\\/wp-content\\\/uploads\\\/2021\\\/02\\\/fortvilet_200b_stock.jpg\",\"contentUrl\":\"https:\\\/\\\/lokalmagasinet.no\\\/wp-content\\\/uploads\\\/2021\\\/02\\\/fortvilet_200b_stock.jpg\",\"width\":200,\"height\":183,\"caption\":\"Illustrasjon: VA Arkiv foto \\\/ stock.exchng\"},{\"@type\":\"BreadcrumbList\",\"@id\":\"https:\\\/\\\/lokalmagasinet.no\\\/?p=15738#breadcrumb\",\"itemListElement\":[{\"@type\":\"ListItem\",\"position\":1,\"name\":\"Hjem\",\"item\":\"https:\\\/\\\/lokalmagasinet.no\\\/\"},{\"@type\":\"ListItem\",\"position\":2,\"name\":\"N\u00e5r &#8220;alle&#8221; skriver det samme\"}]},{\"@type\":\"WebSite\",\"@id\":\"https:\\\/\\\/lokalmagasinet.no\\\/#website\",\"url\":\"https:\\\/\\\/lokalmagasinet.no\\\/\",\"name\":\"Lokalmagasinet.no\",\"description\":\"Fra fortid og n\u00e5tid. Med st\u00e5sted i det n\u00e6re. Siden 2002.\",\"publisher\":{\"@id\":\"https:\\\/\\\/lokalmagasinet.no\\\/#organization\"},\"potentialAction\":[{\"@type\":\"SearchAction\",\"target\":{\"@type\":\"EntryPoint\",\"urlTemplate\":\"https:\\\/\\\/lokalmagasinet.no\\\/?s={search_term_string}\"},\"query-input\":{\"@type\":\"PropertyValueSpecification\",\"valueRequired\":true,\"valueName\":\"search_term_string\"}}],\"inLanguage\":\"nn-NO\"},{\"@type\":\"Organization\",\"@id\":\"https:\\\/\\\/lokalmagasinet.no\\\/#organization\",\"name\":\"Lokalmagasinet.no\",\"url\":\"https:\\\/\\\/lokalmagasinet.no\\\/\",\"logo\":{\"@type\":\"ImageObject\",\"inLanguage\":\"nn-NO\",\"@id\":\"https:\\\/\\\/lokalmagasinet.no\\\/#\\\/schema\\\/logo\\\/image\\\/\",\"url\":\"https:\\\/\\\/lokalmagasinet.no\\\/wp-content\\\/uploads\\\/2021\\\/03\\\/cropped-cropped-cropped-cropped-cropped-cropped-lmlogo-e1640691300821.jpg\",\"contentUrl\":\"https:\\\/\\\/lokalmagasinet.no\\\/wp-content\\\/uploads\\\/2021\\\/03\\\/cropped-cropped-cropped-cropped-cropped-cropped-lmlogo-e1640691300821.jpg\",\"width\":72,\"height\":118,\"caption\":\"Lokalmagasinet.no\"},\"image\":{\"@id\":\"https:\\\/\\\/lokalmagasinet.no\\\/#\\\/schema\\\/logo\\\/image\\\/\"},\"sameAs\":[\"https:\\\/\\\/www.facebook.com\\\/sveinharald.strand.1\",\"https:\\\/\\\/x.com\\\/LMExtra\"]},{\"@type\":\"Person\",\"@id\":\"https:\\\/\\\/lokalmagasinet.no\\\/#\\\/schema\\\/person\\\/2e8d221708d3aaf6f577275b5bba4310\",\"name\":\"Svein-Harald Strand\",\"image\":{\"@type\":\"ImageObject\",\"inLanguage\":\"nn-NO\",\"@id\":\"https:\\\/\\\/secure.gravatar.com\\\/avatar\\\/c487434bdf6cd7c12e4a88877ae4b12c38d22b7ad64292b49d33ed7503bb7ce1?s=96&d=mm&r=g\",\"url\":\"https:\\\/\\\/secure.gravatar.com\\\/avatar\\\/c487434bdf6cd7c12e4a88877ae4b12c38d22b7ad64292b49d33ed7503bb7ce1?s=96&d=mm&r=g\",\"contentUrl\":\"https:\\\/\\\/secure.gravatar.com\\\/avatar\\\/c487434bdf6cd7c12e4a88877ae4b12c38d22b7ad64292b49d33ed7503bb7ce1?s=96&d=mm&r=g\",\"caption\":\"Svein-Harald Strand\"},\"description\":\"(F. 26.12.1945) Redakt\u00f8r, journalist og informasjonsarbeider siden 1968. ||| I 1963: Redaksjonell praktikant i 8 m\u00e5neder p\u00e5 full tid i Helgeland Arbeiderblad i hjembyen Mosj\u00f8en. ||| Arbeidende pensjonist med hjemmekontor fra 2008 (AFP) og videre som folkepensjonist til n\u00e5.\",\"sameAs\":[\"https:\\\/\\\/lokalmagasinet.no\\\/\",\"https:\\\/\\\/www.facebook.com\\\/sveinharald.strand.1\",\"https:\\\/\\\/x.com\\\/LMExtra\"],\"url\":\"https:\\\/\\\/lokalmagasinet.no\\\/?author=6\"}]}<\/script>\n<!-- \/ Yoast SEO plugin. -->","yoast_head_json":{"title":"N\u00e5r \"alle\" skriver det samme | Lokalmagasinet.no","robots":{"index":"index","follow":"follow","max-snippet":"max-snippet:-1","max-image-preview":"max-image-preview:large","max-video-preview":"max-video-preview:-1"},"canonical":"https:\/\/lokalmagasinet.no\/?p=15738","og_locale":"nn_NO","og_type":"article","og_title":"N\u00e5r \"alle\" skriver det samme | Lokalmagasinet.no","og_description":"(Publisert 07.05.23) (Kommentar: Svein-H. Strand) I en felles klagesak til Pressens Faglige Utvalg &#8211; mot 32 Amedia-aviser &#8211; blant dem Moss Avis, Vestby Avis, \u00d8stlandets Blad og Akershus Amtstidende her ... Les merN\u00e5r &laquo;alle&raquo; skriver det samme","og_url":"https:\/\/lokalmagasinet.no\/?p=15738","og_site_name":"Lokalmagasinet.no","article_publisher":"https:\/\/www.facebook.com\/sveinharald.strand.1","article_author":"https:\/\/www.facebook.com\/sveinharald.strand.1","article_published_time":"2023-11-27T16:36:38+00:00","og_image":[{"url":"https:\/\/lokalmagasinet.no\/wp-content\/uploads\/2021\/02\/fortvilet_200b_stock.jpg","type":"","width":"","height":""}],"author":"Svein-Harald Strand","twitter_card":"summary_large_image","twitter_creator":"@LMExtra","twitter_site":"@LMExtra","twitter_misc":{"Written by":"Svein-Harald Strand","Est. reading time":"2 minutt"},"schema":{"@context":"https:\/\/schema.org","@graph":[{"@type":"Article","@id":"https:\/\/lokalmagasinet.no\/?p=15738#article","isPartOf":{"@id":"https:\/\/lokalmagasinet.no\/?p=15738"},"author":{"name":"Svein-Harald Strand","@id":"https:\/\/lokalmagasinet.no\/#\/schema\/person\/2e8d221708d3aaf6f577275b5bba4310"},"headline":"N\u00e5r &laquo;alle&raquo; skriver det samme","datePublished":"2023-11-27T16:36:38+00:00","mainEntityOfPage":{"@id":"https:\/\/lokalmagasinet.no\/?p=15738"},"wordCount":387,"publisher":{"@id":"https:\/\/lokalmagasinet.no\/#organization"},"image":{"@id":"https:\/\/lokalmagasinet.no\/?p=15738#primaryimage"},"thumbnailUrl":"https:\/\/lokalmagasinet.no\/wp-content\/uploads\/2021\/02\/fortvilet_200b_stock.jpg","articleSection":["Aktuelt","Presseetikk"],"inLanguage":"nn-NO"},{"@type":"WebPage","@id":"https:\/\/lokalmagasinet.no\/?p=15738","url":"https:\/\/lokalmagasinet.no\/?p=15738","name":"N\u00e5r \"alle\" skriver det samme | Lokalmagasinet.no","isPartOf":{"@id":"https:\/\/lokalmagasinet.no\/#website"},"primaryImageOfPage":{"@id":"https:\/\/lokalmagasinet.no\/?p=15738#primaryimage"},"image":{"@id":"https:\/\/lokalmagasinet.no\/?p=15738#primaryimage"},"thumbnailUrl":"https:\/\/lokalmagasinet.no\/wp-content\/uploads\/2021\/02\/fortvilet_200b_stock.jpg","datePublished":"2023-11-27T16:36:38+00:00","breadcrumb":{"@id":"https:\/\/lokalmagasinet.no\/?p=15738#breadcrumb"},"inLanguage":"nn-NO","potentialAction":[{"@type":"ReadAction","target":["https:\/\/lokalmagasinet.no\/?p=15738"]}]},{"@type":"ImageObject","inLanguage":"nn-NO","@id":"https:\/\/lokalmagasinet.no\/?p=15738#primaryimage","url":"https:\/\/lokalmagasinet.no\/wp-content\/uploads\/2021\/02\/fortvilet_200b_stock.jpg","contentUrl":"https:\/\/lokalmagasinet.no\/wp-content\/uploads\/2021\/02\/fortvilet_200b_stock.jpg","width":200,"height":183,"caption":"Illustrasjon: VA Arkiv foto \/ stock.exchng"},{"@type":"BreadcrumbList","@id":"https:\/\/lokalmagasinet.no\/?p=15738#breadcrumb","itemListElement":[{"@type":"ListItem","position":1,"name":"Hjem","item":"https:\/\/lokalmagasinet.no\/"},{"@type":"ListItem","position":2,"name":"N\u00e5r &#8220;alle&#8221; skriver det samme"}]},{"@type":"WebSite","@id":"https:\/\/lokalmagasinet.no\/#website","url":"https:\/\/lokalmagasinet.no\/","name":"Lokalmagasinet.no","description":"Fra fortid og n\u00e5tid. Med st\u00e5sted i det n\u00e6re. Siden 2002.","publisher":{"@id":"https:\/\/lokalmagasinet.no\/#organization"},"potentialAction":[{"@type":"SearchAction","target":{"@type":"EntryPoint","urlTemplate":"https:\/\/lokalmagasinet.no\/?s={search_term_string}"},"query-input":{"@type":"PropertyValueSpecification","valueRequired":true,"valueName":"search_term_string"}}],"inLanguage":"nn-NO"},{"@type":"Organization","@id":"https:\/\/lokalmagasinet.no\/#organization","name":"Lokalmagasinet.no","url":"https:\/\/lokalmagasinet.no\/","logo":{"@type":"ImageObject","inLanguage":"nn-NO","@id":"https:\/\/lokalmagasinet.no\/#\/schema\/logo\/image\/","url":"https:\/\/lokalmagasinet.no\/wp-content\/uploads\/2021\/03\/cropped-cropped-cropped-cropped-cropped-cropped-lmlogo-e1640691300821.jpg","contentUrl":"https:\/\/lokalmagasinet.no\/wp-content\/uploads\/2021\/03\/cropped-cropped-cropped-cropped-cropped-cropped-lmlogo-e1640691300821.jpg","width":72,"height":118,"caption":"Lokalmagasinet.no"},"image":{"@id":"https:\/\/lokalmagasinet.no\/#\/schema\/logo\/image\/"},"sameAs":["https:\/\/www.facebook.com\/sveinharald.strand.1","https:\/\/x.com\/LMExtra"]},{"@type":"Person","@id":"https:\/\/lokalmagasinet.no\/#\/schema\/person\/2e8d221708d3aaf6f577275b5bba4310","name":"Svein-Harald Strand","image":{"@type":"ImageObject","inLanguage":"nn-NO","@id":"https:\/\/secure.gravatar.com\/avatar\/c487434bdf6cd7c12e4a88877ae4b12c38d22b7ad64292b49d33ed7503bb7ce1?s=96&d=mm&r=g","url":"https:\/\/secure.gravatar.com\/avatar\/c487434bdf6cd7c12e4a88877ae4b12c38d22b7ad64292b49d33ed7503bb7ce1?s=96&d=mm&r=g","contentUrl":"https:\/\/secure.gravatar.com\/avatar\/c487434bdf6cd7c12e4a88877ae4b12c38d22b7ad64292b49d33ed7503bb7ce1?s=96&d=mm&r=g","caption":"Svein-Harald Strand"},"description":"(F. 26.12.1945) Redakt\u00f8r, journalist og informasjonsarbeider siden 1968. ||| I 1963: Redaksjonell praktikant i 8 m\u00e5neder p\u00e5 full tid i Helgeland Arbeiderblad i hjembyen Mosj\u00f8en. ||| Arbeidende pensjonist med hjemmekontor fra 2008 (AFP) og videre som folkepensjonist til n\u00e5.","sameAs":["https:\/\/lokalmagasinet.no\/","https:\/\/www.facebook.com\/sveinharald.strand.1","https:\/\/x.com\/LMExtra"],"url":"https:\/\/lokalmagasinet.no\/?author=6"}]}},"_links":{"self":[{"href":"https:\/\/lokalmagasinet.no\/index.php?rest_route=\/wp\/v2\/posts\/15738","targetHints":{"allow":["GET"]}}],"collection":[{"href":"https:\/\/lokalmagasinet.no\/index.php?rest_route=\/wp\/v2\/posts"}],"about":[{"href":"https:\/\/lokalmagasinet.no\/index.php?rest_route=\/wp\/v2\/types\/post"}],"author":[{"embeddable":true,"href":"https:\/\/lokalmagasinet.no\/index.php?rest_route=\/wp\/v2\/users\/6"}],"replies":[{"embeddable":true,"href":"https:\/\/lokalmagasinet.no\/index.php?rest_route=%2Fwp%2Fv2%2Fcomments&post=15738"}],"version-history":[{"count":24,"href":"https:\/\/lokalmagasinet.no\/index.php?rest_route=\/wp\/v2\/posts\/15738\/revisions"}],"predecessor-version":[{"id":20335,"href":"https:\/\/lokalmagasinet.no\/index.php?rest_route=\/wp\/v2\/posts\/15738\/revisions\/20335"}],"wp:attachment":[{"href":"https:\/\/lokalmagasinet.no\/index.php?rest_route=%2Fwp%2Fv2%2Fmedia&parent=15738"}],"wp:term":[{"taxonomy":"category","embeddable":true,"href":"https:\/\/lokalmagasinet.no\/index.php?rest_route=%2Fwp%2Fv2%2Fcategories&post=15738"},{"taxonomy":"post_tag","embeddable":true,"href":"https:\/\/lokalmagasinet.no\/index.php?rest_route=%2Fwp%2Fv2%2Ftags&post=15738"}],"curies":[{"name":"wp","href":"https:\/\/api.w.org\/{rel}","templated":true}]}}