{"id":16014,"date":"2023-05-17T01:27:19","date_gmt":"2023-05-16T23:27:19","guid":{"rendered":"https:\/\/lokalmagasinet.no\/?p=16014"},"modified":"2024-06-20T01:09:07","modified_gmt":"2024-06-19T23:09:07","slug":"et-unikt-umistelig-fellesskap","status":"publish","type":"post","link":"https:\/\/lokalmagasinet.no\/?p=16014","title":{"rendered":"Unikt, umistelig fellesskap"},"content":{"rendered":"<h4 style=\"text-align: left;\" align=\"center\"><\/h4>\n<h4 style=\"text-align: left;\" align=\"center\">Ja, vi elsker 17. mai!<u><br \/>\n<\/u><\/h4>\n<div align=\"center\">\n<div align=\"left\"><\/div>\n<div align=\"left\"><img loading=\"lazy\" decoding=\"async\" class=\"wp-image-16036\" src=\"https:\/\/lokalmagasinet.no\/wp-content\/uploads\/2023\/05\/midtiflokken-2019.jpg\" alt=\"\" width=\"930\" height=\"620\" srcset=\"https:\/\/lokalmagasinet.no\/wp-content\/uploads\/2023\/05\/midtiflokken-2019.jpg 1024w, https:\/\/lokalmagasinet.no\/wp-content\/uploads\/2023\/05\/midtiflokken-2019-300x200.jpg 300w, https:\/\/lokalmagasinet.no\/wp-content\/uploads\/2023\/05\/midtiflokken-2019-150x100.jpg 150w, https:\/\/lokalmagasinet.no\/wp-content\/uploads\/2023\/05\/midtiflokken-2019-768x512.jpg 768w\" sizes=\"auto, (max-width: 930px) 100vw, 930px\" \/><\/div>\n<div align=\"left\"><\/div>\n<div style=\"text-align: center;\" align=\"left\"><em>Fra barnetoget i 2019. <\/em>(FOTO: Svein-H. Strand)<\/div>\n<\/div>\n<div align=\"left\"><\/div>\n<div align=\"left\"><\/div>\n<div align=\"center\">\n<div align=\"left\"><\/div>\n<div align=\"left\">(Publisert 17.05.23) (K\u00e5seri)<b><b> Sent i g\u00e5r satt jeg og dig<\/b><\/b><b>ital-bladde igjennom noen og f\u00f8rti av mine fotoopptak fra 17. mai-feiringen i Son i 2008. 17 bilder hadde jeg dengang aller<\/b><b>ede valgt ut og f\u00e5tt publisert p\u00e5 Lokalmagasinet.no, sent p\u00e5 kvelden denne Dagen. Det var forresten <em>helt tilfeldig<\/em> at jeg endte opp med 17 bilder i f\u00f8rste omgang. Eller var det ikke? Dere har kanskje h\u00f8rt &#8211; eller lest &#8211; om det som blir kalt tilfeldighetenes r\u00f8tter?\u00a0 At tilfeldighetene ikke inntreffer s\u00e5 tilfeldig som vi tror. Uansett: Men s\u00e5 roptes det &#8211; fortsatt i 2008 &#8211; fra lesere etter enda flere bilder. Mer, meer<em> &#8211; meeer!<\/em><br \/>\n<\/b><b><br \/>\n<\/b><\/div>\n<div align=\"left\">(Om tidligere publiseringer av k\u00e5seriet &#8211; med andre illustrasjoner: Se nederst.)<\/div>\n<div align=\"left\"><\/div>\n<div align=\"left\"><\/div>\n<div align=\"left\"><img loading=\"lazy\" decoding=\"async\" class=\"aligncenter wp-image-16039 size-full\" src=\"https:\/\/lokalmagasinet.no\/wp-content\/uploads\/2023\/05\/17mai13_2_600.jpg\" alt=\"\" width=\"600\" height=\"399\" srcset=\"https:\/\/lokalmagasinet.no\/wp-content\/uploads\/2023\/05\/17mai13_2_600.jpg 600w, https:\/\/lokalmagasinet.no\/wp-content\/uploads\/2023\/05\/17mai13_2_600-300x200.jpg 300w, https:\/\/lokalmagasinet.no\/wp-content\/uploads\/2023\/05\/17mai13_2_600-150x100.jpg 150w\" sizes=\"auto, (max-width: 600px) 100vw, 600px\" \/><\/div>\n<div align=\"left\"><\/div>\n<div align=\"left\"><em>R\u00f8dt, hvitt og bl\u00e5tt gjennom Storgata. Noen fikk med seg alt fra fortauet, andre hadde sikret seg &laquo;tribuneplass&raquo; utenfor Caf\u00e9 Oliven.<\/em> <em>Fra 2019 dette bildet ogs\u00e5.<\/em> (Foto: Svein-H. Strand)<\/div>\n<\/div>\n<div align=\"left\"><\/div>\n<div align=\"left\"><\/div>\n<div align=\"center\">\n<div align=\"left\">\n<p>&nbsp;<\/p>\n<p>&nbsp;<\/p>\n<p>S\u00c5 HER m\u00e5tte jeg g\u00e5 igjennom alle opptakene igjen. Og det slo meg: Landet v\u00e5rt kryr av s\u00e5kalte medier. De f\u00e5r med seg alt. Fra husbrann til husbr\u00e5k og langt verre ting som skjer i hus. Til v\u00e5r innette krangling i det offentlige rom. Vi kives og strides om saker &amp; ting. Noen ganger er det som om selve Nasjonen skal revne! <em>G\u00e5r det lukt til helvete?<\/em><\/p>\n<div align=\"center\"><b>Men s\u00e5 kommer syttende\u00a0 mai!<br \/>\n<\/b><\/div>\n<div align=\"center\">\n<div align=\"left\">\n<p>JA, s\u00e5 kommer 17. mai, dere. Hva er det som skjer? <i>Er<\/i> dette virkelig barnas dag, som det s\u00e5 ofte sies? Eller er det<em> familienes<\/em> dag? Men det er jo ikke alle som <em>har<\/em> familier \u2013 kjernefamilie, storfamilie og s\u00e5nn.<\/p>\n<p>Noen er veldig aleine og f\u00e5r sm\u00e5 stikk i brystet der p\u00e5 sidelinja n\u00e5r Toget passerer; pr\u00f8ver kanskje kl\u00f8nete \u00e5 finne \u00f8yeblikkets snare og korte familiefellesskap med mennesker som st\u00e5r skulder ved skulder. Et smil og noen f\u00e5 ord.<\/p>\n<p>Alt dette er v\u00e5rt, dere! Til og med br\u00e5keb\u00f8ttene <em>russen<\/em> er v\u00e5r. S\u00e5 <em>hva er det<\/em> som skjer?<\/p>\n<p><img loading=\"lazy\" decoding=\"async\" class=\"wp-image-16037 size-full\" src=\"https:\/\/lokalmagasinet.no\/wp-content\/uploads\/2023\/05\/hornblaasere-2019.jpg\" alt=\"\" width=\"1024\" height=\"581\" srcset=\"https:\/\/lokalmagasinet.no\/wp-content\/uploads\/2023\/05\/hornblaasere-2019.jpg 1024w, https:\/\/lokalmagasinet.no\/wp-content\/uploads\/2023\/05\/hornblaasere-2019-300x170.jpg 300w, https:\/\/lokalmagasinet.no\/wp-content\/uploads\/2023\/05\/hornblaasere-2019-150x85.jpg 150w, https:\/\/lokalmagasinet.no\/wp-content\/uploads\/2023\/05\/hornblaasere-2019-768x436.jpg 768w\" sizes=\"auto, (max-width: 1024px) 100vw, 1024px\" \/><\/p>\n<p><em>V\u00e5rt eget korps Soon Etter Frokost har ikke uniformer, men blir et vakkert &laquo;bunadkorps n\u00e5r Grunnlovsdagen kommer.<\/em> (Foto: Svein-H. Strand)<\/p>\n<p>HVA SA DU, herr hjemmesitter? <em>Borgerskapets dag<\/em>? Vel, det m\u00e5 ha v\u00e6rt for lenge siden, da vi hadde en gjennomgripende klassekamp i landet. Mer enn vi tror f\u00f8r vi setter oss inn i det &#8211; og langt inn i foreningslivet. Fra idrettens til b\u00e5tlivets aktiviteter. I Moss har de enn\u00e5 Arbeidernes B\u00e5tforening p\u00e5 &laquo;Bettongen&raquo; som et minne fra denne tiden.<\/p>\n<p>NOEN FRA ARBEIDERKLASSEN gikk ikke i 17. mai-toget p\u00e5 den tiden. De hadde sin klassesamlende 1. mai-dag. Og s\u00e5 var det, noen steder p\u00e5 1950-tallet, et mellomspill der faktisk skolene gikk i tog <em>ogs\u00e5 p\u00e5 1. mai<\/em>! Skoleklasser gikk sammen bak musikk og faner, omtrent akkurat slik de ogs\u00e5 gjorde dr\u00f8ye to uker senere.<\/p>\n<p><strong>Det er sant &#8211; og jeg opplevde dette selv, der jeg vokste opp i eimen av Landsfader Gerhardsen og med en bestemor som hadde v\u00e6rt med p\u00e5 \u00e5 starte det lokale Arbeiderkvinnelaget &#8211; med samhold, samklang og mange andre sam-ting. Som samnorsk.<\/strong><\/p>\n<p>Men det ble sv\u00e6rt n\u00f8ye understreket siste skoledag i april, at det var <i>frivillig<\/i> \u00e5 g\u00e5 i 1. mai-toget. Og noen fikk ikke lov. I korpset hvor jeg senere spilte, var vi en klarinett mindre p\u00e5 1. mai. Hun fikk ikke lov, selv ikke \u00e5 spille, p\u00e5 Arbeidernes dag.<\/p>\n<p>I dag er det flere steder hvor <em>nesten ingen<\/em> g\u00e5r i demonstrasjonstog 1. mai og der bare korpsene gj\u00f8r at det ser ut som et tog.<\/p>\n<p>NEI, FOLKENS, med de offentlige manifestasjoner som finner sted nesten bak hvert et nes p\u00e5 v\u00e5r Grunnlovsdag, s\u00e5 tror jeg vi m\u00e5 ta inn over oss at vi i dag har et unikt og umistelig fellesskap i dette landet!<\/p>\n<p><strong>En stor og sterk kjerne av fellesskap som f\u00e5r lov \u00e5 vise seg fram p\u00e5 grunn av en bevegelse startet av en mann som ble f\u00f8dt for over 200 \u00e5r siden. En kranglefant og begersvinger som fikk begeret til \u00e5 g\u00e5 sammen med sine venner allerede den 16.<\/strong><\/p>\n<p>D\u00c9T TROR JEG ogs\u00e5 faller mange i hu &#8211; alts\u00e5 ikke Wergeland som begersvinger, men som nasjonsbygger &#8211; n\u00e5r de g\u00e5r i, eller st\u00e5r og ser p\u00e5, barnetoget. Eller dette borgertoget, som de enn\u00e5 har i mange byer senere p\u00e5 dagen. Og her kom da &laquo;det borgerlige&raquo; igjen inn i min artikkel. Men borgere er ikke n\u00f8dvendigvis borgerlige. Nok om d\u00e9t!<\/p>\n<p><img loading=\"lazy\" decoding=\"async\" class=\"aligncenter wp-image-15997 size-full\" src=\"https:\/\/lokalmagasinet.no\/wp-content\/uploads\/2023\/05\/smakornettister-2014.jpg\" alt=\"\" width=\"636\" height=\"492\" srcset=\"https:\/\/lokalmagasinet.no\/wp-content\/uploads\/2023\/05\/smakornettister-2014.jpg 636w, https:\/\/lokalmagasinet.no\/wp-content\/uploads\/2023\/05\/smakornettister-2014-300x232.jpg 300w, https:\/\/lokalmagasinet.no\/wp-content\/uploads\/2023\/05\/smakornettister-2014-150x116.jpg 150w\" sizes=\"auto, (max-width: 636px) 100vw, 636px\" \/><\/p>\n<p><em>Flotte messingbl\u00e5sere i S\u00e5ner Skolekorps &#8211; her knipset i Fjellstadbakken 17. mai i 2013.<\/em> (Foto: Svein-H. Strand)<\/p>\n<p>Jeg sier takk for meg med noen poenger som i sannhet forteller hvor inkluderende 17. mai-tog-greia er blitt i l\u00f8pet av de siste ti\u00e5rene.<\/p>\n<p><strong>B\u00e5de Arbeidernes dag og Grunnlovsdagen var sv\u00e6re greier for b\u00e5de sm\u00e5 og store der jeg vok vokste opp. S\u00e6rlig for den som spilte i korps fra tidlige saluttmorgen til sene ettermiddag.<\/strong><\/p>\n<p>MITT KORPS hadde forresten uniformer med korte, bl\u00e5 jakker og hvite, kritt hvite, bomullsbukser. Dette var s\u00e5pass langt nord at det var s\u00e5vidt sn\u00f8en hadde forsvunnet p\u00e5 uasfalterte gater hvor vi noen ganger marsjerte og spilte s\u00e5 s\u00f8la skvatt.<\/p>\n<p>Mellom barnetoget og borgertoget var det alltid bukseskift. Hvorfor de m\u00e5tte la oss ha kritthvite bomullsbukser, har jeg alltid lurt p\u00e5. N\u00e5 er det ingen igjen \u00e5 sp\u00f8rre.<\/p>\n<p><strong>SVEIN-HARALD STRAND<\/strong><\/p>\n<div align=\"left\"><em>Denne saken ble f\u00f8rste gang publisert i Lokalmagasinet.no 19. mai i 2008, da som et k\u00e5seri illustrert med ferske reportasjebilder fra feiringen av Grunnlovsdagen. Senere ble k\u00e5seriet hentet opp fra arkivet i anledning Grunnlovsjubileet 1814-2014.<\/em><\/div>\n<\/div>\n<\/div>\n<\/div>\n<\/div>\n<p>Views: 340<\/p>","protected":false},"excerpt":{"rendered":"<p>Ja, vi elsker 17. mai! Fra barnetoget i 2019. (FOTO: Svein-H. Strand) (Publisert 17.05.23) (K\u00e5seri) Sent i g\u00e5r satt jeg og digital-bladde igjennom noen og f\u00f8rti av mine fotoopptak fra &#8230; <\/p>\n<p class=\"read-more-container\"><a title=\"Unikt, umistelig fellesskap\" class=\"read-more button\" href=\"https:\/\/lokalmagasinet.no\/?p=16014#more-16014\">Les mer<span class=\"screen-reader-text\">Unikt, umistelig fellesskap<\/span><\/a><\/p>\n","protected":false},"author":6,"featured_media":0,"comment_status":"closed","ping_status":"closed","sticky":false,"template":"","format":"standard","meta":{"footnotes":""},"categories":[1,42,35],"tags":[],"class_list":["post-16014","post","type-post","status-publish","format-standard","hentry","category-aktuelt","category-kaseri","category-minner"],"yoast_head":"<!-- This site is optimized with the Yoast SEO plugin v27.4 - https:\/\/yoast.com\/product\/yoast-seo-wordpress\/ -->\n<title>Unikt, umistelig fellesskap | Lokalmagasinet.no<\/title>\n<meta name=\"robots\" content=\"index, follow, max-snippet:-1, max-image-preview:large, max-video-preview:-1\" \/>\n<link rel=\"canonical\" href=\"https:\/\/lokalmagasinet.no\/?p=16014\" \/>\n<meta property=\"og:locale\" content=\"nn_NO\" \/>\n<meta property=\"og:type\" content=\"article\" \/>\n<meta property=\"og:title\" content=\"Unikt, umistelig fellesskap | Lokalmagasinet.no\" \/>\n<meta property=\"og:description\" content=\"Ja, vi elsker 17. mai! Fra barnetoget i 2019. (FOTO: Svein-H. Strand) (Publisert 17.05.23) (K\u00e5seri) Sent i g\u00e5r satt jeg og digital-bladde igjennom noen og f\u00f8rti av mine fotoopptak fra ... Les merUnikt, umistelig fellesskap\" \/>\n<meta property=\"og:url\" content=\"https:\/\/lokalmagasinet.no\/?p=16014\" \/>\n<meta property=\"og:site_name\" content=\"Lokalmagasinet.no\" \/>\n<meta property=\"article:publisher\" content=\"https:\/\/www.facebook.com\/sveinharald.strand.1\" \/>\n<meta property=\"article:author\" content=\"https:\/\/www.facebook.com\/sveinharald.strand.1\" \/>\n<meta property=\"article:published_time\" content=\"2023-05-16T23:27:19+00:00\" \/>\n<meta property=\"article:modified_time\" content=\"2024-06-19T23:09:07+00:00\" \/>\n<meta property=\"og:image\" content=\"https:\/\/lokalmagasinet.no\/wp-content\/uploads\/2023\/05\/midtiflokken-2019.jpg\" \/>\n<meta name=\"author\" content=\"Svein-Harald Strand\" \/>\n<meta name=\"twitter:card\" content=\"summary_large_image\" \/>\n<meta name=\"twitter:creator\" content=\"@LMExtra\" \/>\n<meta name=\"twitter:site\" content=\"@LMExtra\" \/>\n<meta name=\"twitter:label1\" content=\"Written by\" \/>\n\t<meta name=\"twitter:data1\" content=\"Svein-Harald Strand\" \/>\n\t<meta name=\"twitter:label2\" content=\"Est. reading time\" \/>\n\t<meta name=\"twitter:data2\" content=\"5 minutt\" \/>\n<script type=\"application\/ld+json\" class=\"yoast-schema-graph\">{\"@context\":\"https:\\\/\\\/schema.org\",\"@graph\":[{\"@type\":\"Article\",\"@id\":\"https:\\\/\\\/lokalmagasinet.no\\\/?p=16014#article\",\"isPartOf\":{\"@id\":\"https:\\\/\\\/lokalmagasinet.no\\\/?p=16014\"},\"author\":{\"name\":\"Svein-Harald Strand\",\"@id\":\"https:\\\/\\\/lokalmagasinet.no\\\/#\\\/schema\\\/person\\\/2e8d221708d3aaf6f577275b5bba4310\"},\"headline\":\"Unikt, umistelig fellesskap\",\"datePublished\":\"2023-05-16T23:27:19+00:00\",\"dateModified\":\"2024-06-19T23:09:07+00:00\",\"mainEntityOfPage\":{\"@id\":\"https:\\\/\\\/lokalmagasinet.no\\\/?p=16014\"},\"wordCount\":944,\"publisher\":{\"@id\":\"https:\\\/\\\/lokalmagasinet.no\\\/#organization\"},\"image\":{\"@id\":\"https:\\\/\\\/lokalmagasinet.no\\\/?p=16014#primaryimage\"},\"thumbnailUrl\":\"https:\\\/\\\/lokalmagasinet.no\\\/wp-content\\\/uploads\\\/2023\\\/05\\\/midtiflokken-2019.jpg\",\"articleSection\":[\"Aktuelt\",\"K\u00e5seri\",\"Minner\"],\"inLanguage\":\"nn-NO\"},{\"@type\":\"WebPage\",\"@id\":\"https:\\\/\\\/lokalmagasinet.no\\\/?p=16014\",\"url\":\"https:\\\/\\\/lokalmagasinet.no\\\/?p=16014\",\"name\":\"Unikt, umistelig fellesskap | Lokalmagasinet.no\",\"isPartOf\":{\"@id\":\"https:\\\/\\\/lokalmagasinet.no\\\/#website\"},\"primaryImageOfPage\":{\"@id\":\"https:\\\/\\\/lokalmagasinet.no\\\/?p=16014#primaryimage\"},\"image\":{\"@id\":\"https:\\\/\\\/lokalmagasinet.no\\\/?p=16014#primaryimage\"},\"thumbnailUrl\":\"https:\\\/\\\/lokalmagasinet.no\\\/wp-content\\\/uploads\\\/2023\\\/05\\\/midtiflokken-2019.jpg\",\"datePublished\":\"2023-05-16T23:27:19+00:00\",\"dateModified\":\"2024-06-19T23:09:07+00:00\",\"breadcrumb\":{\"@id\":\"https:\\\/\\\/lokalmagasinet.no\\\/?p=16014#breadcrumb\"},\"inLanguage\":\"nn-NO\",\"potentialAction\":[{\"@type\":\"ReadAction\",\"target\":[\"https:\\\/\\\/lokalmagasinet.no\\\/?p=16014\"]}]},{\"@type\":\"ImageObject\",\"inLanguage\":\"nn-NO\",\"@id\":\"https:\\\/\\\/lokalmagasinet.no\\\/?p=16014#primaryimage\",\"url\":\"https:\\\/\\\/lokalmagasinet.no\\\/wp-content\\\/uploads\\\/2023\\\/05\\\/midtiflokken-2019.jpg\",\"contentUrl\":\"https:\\\/\\\/lokalmagasinet.no\\\/wp-content\\\/uploads\\\/2023\\\/05\\\/midtiflokken-2019.jpg\",\"width\":1024,\"height\":683,\"caption\":\"????????????????????????????????????\"},{\"@type\":\"BreadcrumbList\",\"@id\":\"https:\\\/\\\/lokalmagasinet.no\\\/?p=16014#breadcrumb\",\"itemListElement\":[{\"@type\":\"ListItem\",\"position\":1,\"name\":\"Hjem\",\"item\":\"https:\\\/\\\/lokalmagasinet.no\\\/\"},{\"@type\":\"ListItem\",\"position\":2,\"name\":\"Unikt, umistelig fellesskap\"}]},{\"@type\":\"WebSite\",\"@id\":\"https:\\\/\\\/lokalmagasinet.no\\\/#website\",\"url\":\"https:\\\/\\\/lokalmagasinet.no\\\/\",\"name\":\"Lokalmagasinet.no\",\"description\":\"Fra fortid og n\u00e5tid. Med st\u00e5sted i det n\u00e6re. Siden 2002.\",\"publisher\":{\"@id\":\"https:\\\/\\\/lokalmagasinet.no\\\/#organization\"},\"potentialAction\":[{\"@type\":\"SearchAction\",\"target\":{\"@type\":\"EntryPoint\",\"urlTemplate\":\"https:\\\/\\\/lokalmagasinet.no\\\/?s={search_term_string}\"},\"query-input\":{\"@type\":\"PropertyValueSpecification\",\"valueRequired\":true,\"valueName\":\"search_term_string\"}}],\"inLanguage\":\"nn-NO\"},{\"@type\":\"Organization\",\"@id\":\"https:\\\/\\\/lokalmagasinet.no\\\/#organization\",\"name\":\"Lokalmagasinet.no\",\"url\":\"https:\\\/\\\/lokalmagasinet.no\\\/\",\"logo\":{\"@type\":\"ImageObject\",\"inLanguage\":\"nn-NO\",\"@id\":\"https:\\\/\\\/lokalmagasinet.no\\\/#\\\/schema\\\/logo\\\/image\\\/\",\"url\":\"https:\\\/\\\/lokalmagasinet.no\\\/wp-content\\\/uploads\\\/2021\\\/03\\\/cropped-cropped-cropped-cropped-cropped-cropped-lmlogo-e1640691300821.jpg\",\"contentUrl\":\"https:\\\/\\\/lokalmagasinet.no\\\/wp-content\\\/uploads\\\/2021\\\/03\\\/cropped-cropped-cropped-cropped-cropped-cropped-lmlogo-e1640691300821.jpg\",\"width\":72,\"height\":118,\"caption\":\"Lokalmagasinet.no\"},\"image\":{\"@id\":\"https:\\\/\\\/lokalmagasinet.no\\\/#\\\/schema\\\/logo\\\/image\\\/\"},\"sameAs\":[\"https:\\\/\\\/www.facebook.com\\\/sveinharald.strand.1\",\"https:\\\/\\\/x.com\\\/LMExtra\"]},{\"@type\":\"Person\",\"@id\":\"https:\\\/\\\/lokalmagasinet.no\\\/#\\\/schema\\\/person\\\/2e8d221708d3aaf6f577275b5bba4310\",\"name\":\"Svein-Harald Strand\",\"image\":{\"@type\":\"ImageObject\",\"inLanguage\":\"nn-NO\",\"@id\":\"https:\\\/\\\/secure.gravatar.com\\\/avatar\\\/c487434bdf6cd7c12e4a88877ae4b12c38d22b7ad64292b49d33ed7503bb7ce1?s=96&d=mm&r=g\",\"url\":\"https:\\\/\\\/secure.gravatar.com\\\/avatar\\\/c487434bdf6cd7c12e4a88877ae4b12c38d22b7ad64292b49d33ed7503bb7ce1?s=96&d=mm&r=g\",\"contentUrl\":\"https:\\\/\\\/secure.gravatar.com\\\/avatar\\\/c487434bdf6cd7c12e4a88877ae4b12c38d22b7ad64292b49d33ed7503bb7ce1?s=96&d=mm&r=g\",\"caption\":\"Svein-Harald Strand\"},\"description\":\"(F. 26.12.1945) Redakt\u00f8r, journalist og informasjonsarbeider siden 1968. ||| I 1963: Redaksjonell praktikant i 8 m\u00e5neder p\u00e5 full tid i Helgeland Arbeiderblad i hjembyen Mosj\u00f8en. ||| Arbeidende pensjonist med hjemmekontor fra 2008 (AFP) og videre som folkepensjonist til n\u00e5.\",\"sameAs\":[\"https:\\\/\\\/lokalmagasinet.no\\\/\",\"https:\\\/\\\/www.facebook.com\\\/sveinharald.strand.1\",\"https:\\\/\\\/x.com\\\/LMExtra\"],\"url\":\"https:\\\/\\\/lokalmagasinet.no\\\/?author=6\"}]}<\/script>\n<!-- \/ Yoast SEO plugin. -->","yoast_head_json":{"title":"Unikt, umistelig fellesskap | Lokalmagasinet.no","robots":{"index":"index","follow":"follow","max-snippet":"max-snippet:-1","max-image-preview":"max-image-preview:large","max-video-preview":"max-video-preview:-1"},"canonical":"https:\/\/lokalmagasinet.no\/?p=16014","og_locale":"nn_NO","og_type":"article","og_title":"Unikt, umistelig fellesskap | Lokalmagasinet.no","og_description":"Ja, vi elsker 17. mai! Fra barnetoget i 2019. (FOTO: Svein-H. Strand) (Publisert 17.05.23) (K\u00e5seri) Sent i g\u00e5r satt jeg og digital-bladde igjennom noen og f\u00f8rti av mine fotoopptak fra ... Les merUnikt, umistelig fellesskap","og_url":"https:\/\/lokalmagasinet.no\/?p=16014","og_site_name":"Lokalmagasinet.no","article_publisher":"https:\/\/www.facebook.com\/sveinharald.strand.1","article_author":"https:\/\/www.facebook.com\/sveinharald.strand.1","article_published_time":"2023-05-16T23:27:19+00:00","article_modified_time":"2024-06-19T23:09:07+00:00","og_image":[{"url":"https:\/\/lokalmagasinet.no\/wp-content\/uploads\/2023\/05\/midtiflokken-2019.jpg","type":"","width":"","height":""}],"author":"Svein-Harald Strand","twitter_card":"summary_large_image","twitter_creator":"@LMExtra","twitter_site":"@LMExtra","twitter_misc":{"Written by":"Svein-Harald Strand","Est. reading time":"5 minutt"},"schema":{"@context":"https:\/\/schema.org","@graph":[{"@type":"Article","@id":"https:\/\/lokalmagasinet.no\/?p=16014#article","isPartOf":{"@id":"https:\/\/lokalmagasinet.no\/?p=16014"},"author":{"name":"Svein-Harald Strand","@id":"https:\/\/lokalmagasinet.no\/#\/schema\/person\/2e8d221708d3aaf6f577275b5bba4310"},"headline":"Unikt, umistelig fellesskap","datePublished":"2023-05-16T23:27:19+00:00","dateModified":"2024-06-19T23:09:07+00:00","mainEntityOfPage":{"@id":"https:\/\/lokalmagasinet.no\/?p=16014"},"wordCount":944,"publisher":{"@id":"https:\/\/lokalmagasinet.no\/#organization"},"image":{"@id":"https:\/\/lokalmagasinet.no\/?p=16014#primaryimage"},"thumbnailUrl":"https:\/\/lokalmagasinet.no\/wp-content\/uploads\/2023\/05\/midtiflokken-2019.jpg","articleSection":["Aktuelt","K\u00e5seri","Minner"],"inLanguage":"nn-NO"},{"@type":"WebPage","@id":"https:\/\/lokalmagasinet.no\/?p=16014","url":"https:\/\/lokalmagasinet.no\/?p=16014","name":"Unikt, umistelig fellesskap | Lokalmagasinet.no","isPartOf":{"@id":"https:\/\/lokalmagasinet.no\/#website"},"primaryImageOfPage":{"@id":"https:\/\/lokalmagasinet.no\/?p=16014#primaryimage"},"image":{"@id":"https:\/\/lokalmagasinet.no\/?p=16014#primaryimage"},"thumbnailUrl":"https:\/\/lokalmagasinet.no\/wp-content\/uploads\/2023\/05\/midtiflokken-2019.jpg","datePublished":"2023-05-16T23:27:19+00:00","dateModified":"2024-06-19T23:09:07+00:00","breadcrumb":{"@id":"https:\/\/lokalmagasinet.no\/?p=16014#breadcrumb"},"inLanguage":"nn-NO","potentialAction":[{"@type":"ReadAction","target":["https:\/\/lokalmagasinet.no\/?p=16014"]}]},{"@type":"ImageObject","inLanguage":"nn-NO","@id":"https:\/\/lokalmagasinet.no\/?p=16014#primaryimage","url":"https:\/\/lokalmagasinet.no\/wp-content\/uploads\/2023\/05\/midtiflokken-2019.jpg","contentUrl":"https:\/\/lokalmagasinet.no\/wp-content\/uploads\/2023\/05\/midtiflokken-2019.jpg","width":1024,"height":683,"caption":"????????????????????????????????????"},{"@type":"BreadcrumbList","@id":"https:\/\/lokalmagasinet.no\/?p=16014#breadcrumb","itemListElement":[{"@type":"ListItem","position":1,"name":"Hjem","item":"https:\/\/lokalmagasinet.no\/"},{"@type":"ListItem","position":2,"name":"Unikt, umistelig fellesskap"}]},{"@type":"WebSite","@id":"https:\/\/lokalmagasinet.no\/#website","url":"https:\/\/lokalmagasinet.no\/","name":"Lokalmagasinet.no","description":"Fra fortid og n\u00e5tid. Med st\u00e5sted i det n\u00e6re. Siden 2002.","publisher":{"@id":"https:\/\/lokalmagasinet.no\/#organization"},"potentialAction":[{"@type":"SearchAction","target":{"@type":"EntryPoint","urlTemplate":"https:\/\/lokalmagasinet.no\/?s={search_term_string}"},"query-input":{"@type":"PropertyValueSpecification","valueRequired":true,"valueName":"search_term_string"}}],"inLanguage":"nn-NO"},{"@type":"Organization","@id":"https:\/\/lokalmagasinet.no\/#organization","name":"Lokalmagasinet.no","url":"https:\/\/lokalmagasinet.no\/","logo":{"@type":"ImageObject","inLanguage":"nn-NO","@id":"https:\/\/lokalmagasinet.no\/#\/schema\/logo\/image\/","url":"https:\/\/lokalmagasinet.no\/wp-content\/uploads\/2021\/03\/cropped-cropped-cropped-cropped-cropped-cropped-lmlogo-e1640691300821.jpg","contentUrl":"https:\/\/lokalmagasinet.no\/wp-content\/uploads\/2021\/03\/cropped-cropped-cropped-cropped-cropped-cropped-lmlogo-e1640691300821.jpg","width":72,"height":118,"caption":"Lokalmagasinet.no"},"image":{"@id":"https:\/\/lokalmagasinet.no\/#\/schema\/logo\/image\/"},"sameAs":["https:\/\/www.facebook.com\/sveinharald.strand.1","https:\/\/x.com\/LMExtra"]},{"@type":"Person","@id":"https:\/\/lokalmagasinet.no\/#\/schema\/person\/2e8d221708d3aaf6f577275b5bba4310","name":"Svein-Harald Strand","image":{"@type":"ImageObject","inLanguage":"nn-NO","@id":"https:\/\/secure.gravatar.com\/avatar\/c487434bdf6cd7c12e4a88877ae4b12c38d22b7ad64292b49d33ed7503bb7ce1?s=96&d=mm&r=g","url":"https:\/\/secure.gravatar.com\/avatar\/c487434bdf6cd7c12e4a88877ae4b12c38d22b7ad64292b49d33ed7503bb7ce1?s=96&d=mm&r=g","contentUrl":"https:\/\/secure.gravatar.com\/avatar\/c487434bdf6cd7c12e4a88877ae4b12c38d22b7ad64292b49d33ed7503bb7ce1?s=96&d=mm&r=g","caption":"Svein-Harald Strand"},"description":"(F. 26.12.1945) Redakt\u00f8r, journalist og informasjonsarbeider siden 1968. ||| I 1963: Redaksjonell praktikant i 8 m\u00e5neder p\u00e5 full tid i Helgeland Arbeiderblad i hjembyen Mosj\u00f8en. ||| Arbeidende pensjonist med hjemmekontor fra 2008 (AFP) og videre som folkepensjonist til n\u00e5.","sameAs":["https:\/\/lokalmagasinet.no\/","https:\/\/www.facebook.com\/sveinharald.strand.1","https:\/\/x.com\/LMExtra"],"url":"https:\/\/lokalmagasinet.no\/?author=6"}]}},"_links":{"self":[{"href":"https:\/\/lokalmagasinet.no\/index.php?rest_route=\/wp\/v2\/posts\/16014","targetHints":{"allow":["GET"]}}],"collection":[{"href":"https:\/\/lokalmagasinet.no\/index.php?rest_route=\/wp\/v2\/posts"}],"about":[{"href":"https:\/\/lokalmagasinet.no\/index.php?rest_route=\/wp\/v2\/types\/post"}],"author":[{"embeddable":true,"href":"https:\/\/lokalmagasinet.no\/index.php?rest_route=\/wp\/v2\/users\/6"}],"replies":[{"embeddable":true,"href":"https:\/\/lokalmagasinet.no\/index.php?rest_route=%2Fwp%2Fv2%2Fcomments&post=16014"}],"version-history":[{"count":55,"href":"https:\/\/lokalmagasinet.no\/index.php?rest_route=\/wp\/v2\/posts\/16014\/revisions"}],"predecessor-version":[{"id":16058,"href":"https:\/\/lokalmagasinet.no\/index.php?rest_route=\/wp\/v2\/posts\/16014\/revisions\/16058"}],"wp:attachment":[{"href":"https:\/\/lokalmagasinet.no\/index.php?rest_route=%2Fwp%2Fv2%2Fmedia&parent=16014"}],"wp:term":[{"taxonomy":"category","embeddable":true,"href":"https:\/\/lokalmagasinet.no\/index.php?rest_route=%2Fwp%2Fv2%2Fcategories&post=16014"},{"taxonomy":"post_tag","embeddable":true,"href":"https:\/\/lokalmagasinet.no\/index.php?rest_route=%2Fwp%2Fv2%2Ftags&post=16014"}],"curies":[{"name":"wp","href":"https:\/\/api.w.org\/{rel}","templated":true}]}}