{"id":16133,"date":"2023-05-25T11:01:01","date_gmt":"2023-05-25T09:01:01","guid":{"rendered":"https:\/\/lokalmagasinet.no\/?p=16133"},"modified":"2023-05-25T11:01:01","modified_gmt":"2023-05-25T09:01:01","slug":"gro-gudim-hallan-til-minne","status":"publish","type":"post","link":"https:\/\/lokalmagasinet.no\/?p=16133","title":{"rendered":"Gro Gudim Hallan til minne"},"content":{"rendered":"<p><img loading=\"lazy\" decoding=\"async\" class=\"alignleft wp-image-16135 size-medium\" src=\"https:\/\/lokalmagasinet.no\/wp-content\/uploads\/2023\/05\/knutoggroklare-300x198.jpg\" alt=\"\" width=\"300\" height=\"198\" srcset=\"https:\/\/lokalmagasinet.no\/wp-content\/uploads\/2023\/05\/knutoggroklare-300x198.jpg 300w, https:\/\/lokalmagasinet.no\/wp-content\/uploads\/2023\/05\/knutoggroklare-150x99.jpg 150w, https:\/\/lokalmagasinet.no\/wp-content\/uploads\/2023\/05\/knutoggroklare.jpg 600w\" sizes=\"auto, (max-width: 300px) 100vw, 300px\" \/>(Publisert 25.05.23) (LM Arkivfoto) En trist nyhet i det n\u00e6re denne morgenen: Gro Gudim Hallan er g\u00e5tt bort, 75 \u00e5r gammel. Sammen med sin mann Knut Chr. Hallan kom hun til Son, med planer som skulle vise seg \u00e5 bli en attraksjon.<\/p>\n<p>Ja, de hadde med seg ikke bare planer, men innholdet i et unikt museum som de hadde rigget ned i Oslo. For emballasje- og handelsgjenstander &#8211; etablert allerede i 1911.<\/p>\n<p>Ikke veldig lenge etterp\u00e5 &#8211; i mai 2014 &#8211; kunne de \u00e5pne det som i Son ble hetende Hallanderiet. Etter en tid med m\u00e5lrettet jakt etter lokaler, hadde de v\u00e6rt s\u00e5 heldige \u00e5 f\u00e5 overta den s\u00e5kalte Elim-g\u00e5rden, et tidligere bedehus sentralt i Storgata.<\/p>\n<p>I 2. etasje \u00e5pnet Gro Damesalongen, og i 1. etasje en avdeling med bakesaker i tillegg til de utallige gjenstander hun bestyrte sammen med Knut.<\/p>\n<p>For soninger &#8211; s\u00e6rlig de &laquo;ekte&raquo;, med slektsr\u00f8tter flere generasjoner tilbake &#8211; var dette en &laquo;innertier&raquo;. I tillegg til de flere tusen gjenstander Gro og Knut Christian hadde med seg til Son, kom smilende soninger b\u00e6rende med gjenstander fra tidligere lokal handelsvirksomhet og som virkelig spisset den museale profilen.<\/p>\n<p>Allerede i den f\u00f8rste sesongen hadde de 2000 bes\u00f8kende p\u00e5 Hallanderiet, og det sto om museet i et utelandsk reisetidsskrift. Men det var et slit, og museet som s\u00e5dant ble avviklet etter f\u00e5 sesonger.<\/p>\n<p>Gro d\u00f8de 18. mai etter en tids sykdom. Hun bisettes fra Bekkelaget kirke 2. juni. Hvil i fred, og takk for det du var og det du gjorde.<\/p>\n<p>SVEIN-HARALD STRAND<\/p>\n<p>&nbsp;<\/p>\n<p>&nbsp;<\/p>\n<p>Views: 296<\/p>","protected":false},"excerpt":{"rendered":"<p>(Publisert 25.05.23) (LM Arkivfoto) En trist nyhet i det n\u00e6re denne morgenen: Gro Gudim Hallan er g\u00e5tt bort, 75 \u00e5r gammel. Sammen med sin mann Knut Chr. Hallan kom hun &#8230; <\/p>\n<p class=\"read-more-container\"><a title=\"Gro Gudim Hallan til minne\" class=\"read-more button\" href=\"https:\/\/lokalmagasinet.no\/?p=16133#more-16133\">Les mer<span class=\"screen-reader-text\">Gro Gudim Hallan til minne<\/span><\/a><\/p>\n","protected":false},"author":6,"featured_media":0,"comment_status":"closed","ping_status":"open","sticky":false,"template":"","format":"standard","meta":{"footnotes":""},"categories":[48],"tags":[],"class_list":["post-16133","post","type-post","status-publish","format-standard","hentry","category-nekrolog"],"yoast_head":"<!-- This site is optimized with the Yoast SEO plugin v27.4 - https:\/\/yoast.com\/product\/yoast-seo-wordpress\/ -->\n<title>Gro Gudim Hallan til minne | Lokalmagasinet.no<\/title>\n<meta name=\"robots\" content=\"index, follow, max-snippet:-1, max-image-preview:large, max-video-preview:-1\" \/>\n<link rel=\"canonical\" href=\"https:\/\/lokalmagasinet.no\/?p=16133\" \/>\n<meta property=\"og:locale\" content=\"nn_NO\" \/>\n<meta property=\"og:type\" content=\"article\" \/>\n<meta property=\"og:title\" content=\"Gro Gudim Hallan til minne | Lokalmagasinet.no\" \/>\n<meta property=\"og:description\" content=\"(Publisert 25.05.23) (LM Arkivfoto) En trist nyhet i det n\u00e6re denne morgenen: Gro Gudim Hallan er g\u00e5tt bort, 75 \u00e5r gammel. Sammen med sin mann Knut Chr. Hallan kom hun ... Les merGro Gudim Hallan til minne\" \/>\n<meta property=\"og:url\" content=\"https:\/\/lokalmagasinet.no\/?p=16133\" \/>\n<meta property=\"og:site_name\" content=\"Lokalmagasinet.no\" \/>\n<meta property=\"article:publisher\" content=\"https:\/\/www.facebook.com\/sveinharald.strand.1\" \/>\n<meta property=\"article:author\" content=\"https:\/\/www.facebook.com\/sveinharald.strand.1\" \/>\n<meta property=\"article:published_time\" content=\"2023-05-25T09:01:01+00:00\" \/>\n<meta property=\"og:image\" content=\"https:\/\/lokalmagasinet.no\/wp-content\/uploads\/2023\/05\/knutoggroklare-300x198.jpg\" \/>\n<meta name=\"author\" content=\"Svein-Harald Strand\" \/>\n<meta name=\"twitter:card\" content=\"summary_large_image\" \/>\n<meta name=\"twitter:creator\" content=\"@LMExtra\" \/>\n<meta name=\"twitter:site\" content=\"@LMExtra\" \/>\n<meta name=\"twitter:label1\" content=\"Written by\" \/>\n\t<meta name=\"twitter:data1\" content=\"Svein-Harald Strand\" \/>\n\t<meta name=\"twitter:label2\" content=\"Est. reading time\" \/>\n\t<meta name=\"twitter:data2\" content=\"1 minutt\" \/>\n<script type=\"application\/ld+json\" class=\"yoast-schema-graph\">{\"@context\":\"https:\\\/\\\/schema.org\",\"@graph\":[{\"@type\":\"Article\",\"@id\":\"https:\\\/\\\/lokalmagasinet.no\\\/?p=16133#article\",\"isPartOf\":{\"@id\":\"https:\\\/\\\/lokalmagasinet.no\\\/?p=16133\"},\"author\":{\"name\":\"Svein-Harald Strand\",\"@id\":\"https:\\\/\\\/lokalmagasinet.no\\\/#\\\/schema\\\/person\\\/2e8d221708d3aaf6f577275b5bba4310\"},\"headline\":\"Gro Gudim Hallan til minne\",\"datePublished\":\"2023-05-25T09:01:01+00:00\",\"mainEntityOfPage\":{\"@id\":\"https:\\\/\\\/lokalmagasinet.no\\\/?p=16133\"},\"wordCount\":263,\"publisher\":{\"@id\":\"https:\\\/\\\/lokalmagasinet.no\\\/#organization\"},\"image\":{\"@id\":\"https:\\\/\\\/lokalmagasinet.no\\\/?p=16133#primaryimage\"},\"thumbnailUrl\":\"https:\\\/\\\/lokalmagasinet.no\\\/wp-content\\\/uploads\\\/2023\\\/05\\\/knutoggroklare-300x198.jpg\",\"articleSection\":[\"Nekrolog\"],\"inLanguage\":\"nn-NO\"},{\"@type\":\"WebPage\",\"@id\":\"https:\\\/\\\/lokalmagasinet.no\\\/?p=16133\",\"url\":\"https:\\\/\\\/lokalmagasinet.no\\\/?p=16133\",\"name\":\"Gro Gudim Hallan til minne | Lokalmagasinet.no\",\"isPartOf\":{\"@id\":\"https:\\\/\\\/lokalmagasinet.no\\\/#website\"},\"primaryImageOfPage\":{\"@id\":\"https:\\\/\\\/lokalmagasinet.no\\\/?p=16133#primaryimage\"},\"image\":{\"@id\":\"https:\\\/\\\/lokalmagasinet.no\\\/?p=16133#primaryimage\"},\"thumbnailUrl\":\"https:\\\/\\\/lokalmagasinet.no\\\/wp-content\\\/uploads\\\/2023\\\/05\\\/knutoggroklare-300x198.jpg\",\"datePublished\":\"2023-05-25T09:01:01+00:00\",\"breadcrumb\":{\"@id\":\"https:\\\/\\\/lokalmagasinet.no\\\/?p=16133#breadcrumb\"},\"inLanguage\":\"nn-NO\",\"potentialAction\":[{\"@type\":\"ReadAction\",\"target\":[\"https:\\\/\\\/lokalmagasinet.no\\\/?p=16133\"]}]},{\"@type\":\"ImageObject\",\"inLanguage\":\"nn-NO\",\"@id\":\"https:\\\/\\\/lokalmagasinet.no\\\/?p=16133#primaryimage\",\"url\":\"https:\\\/\\\/lokalmagasinet.no\\\/wp-content\\\/uploads\\\/2023\\\/05\\\/knutoggroklare.jpg\",\"contentUrl\":\"https:\\\/\\\/lokalmagasinet.no\\\/wp-content\\\/uploads\\\/2023\\\/05\\\/knutoggroklare.jpg\",\"width\":600,\"height\":396},{\"@type\":\"BreadcrumbList\",\"@id\":\"https:\\\/\\\/lokalmagasinet.no\\\/?p=16133#breadcrumb\",\"itemListElement\":[{\"@type\":\"ListItem\",\"position\":1,\"name\":\"Hjem\",\"item\":\"https:\\\/\\\/lokalmagasinet.no\\\/\"},{\"@type\":\"ListItem\",\"position\":2,\"name\":\"Gro Gudim Hallan til minne\"}]},{\"@type\":\"WebSite\",\"@id\":\"https:\\\/\\\/lokalmagasinet.no\\\/#website\",\"url\":\"https:\\\/\\\/lokalmagasinet.no\\\/\",\"name\":\"Lokalmagasinet.no\",\"description\":\"Fra fortid og n\u00e5tid. Med st\u00e5sted i det n\u00e6re. Siden 2002.\",\"publisher\":{\"@id\":\"https:\\\/\\\/lokalmagasinet.no\\\/#organization\"},\"potentialAction\":[{\"@type\":\"SearchAction\",\"target\":{\"@type\":\"EntryPoint\",\"urlTemplate\":\"https:\\\/\\\/lokalmagasinet.no\\\/?s={search_term_string}\"},\"query-input\":{\"@type\":\"PropertyValueSpecification\",\"valueRequired\":true,\"valueName\":\"search_term_string\"}}],\"inLanguage\":\"nn-NO\"},{\"@type\":\"Organization\",\"@id\":\"https:\\\/\\\/lokalmagasinet.no\\\/#organization\",\"name\":\"Lokalmagasinet.no\",\"url\":\"https:\\\/\\\/lokalmagasinet.no\\\/\",\"logo\":{\"@type\":\"ImageObject\",\"inLanguage\":\"nn-NO\",\"@id\":\"https:\\\/\\\/lokalmagasinet.no\\\/#\\\/schema\\\/logo\\\/image\\\/\",\"url\":\"https:\\\/\\\/lokalmagasinet.no\\\/wp-content\\\/uploads\\\/2021\\\/03\\\/cropped-cropped-cropped-cropped-cropped-cropped-lmlogo-e1640691300821.jpg\",\"contentUrl\":\"https:\\\/\\\/lokalmagasinet.no\\\/wp-content\\\/uploads\\\/2021\\\/03\\\/cropped-cropped-cropped-cropped-cropped-cropped-lmlogo-e1640691300821.jpg\",\"width\":72,\"height\":118,\"caption\":\"Lokalmagasinet.no\"},\"image\":{\"@id\":\"https:\\\/\\\/lokalmagasinet.no\\\/#\\\/schema\\\/logo\\\/image\\\/\"},\"sameAs\":[\"https:\\\/\\\/www.facebook.com\\\/sveinharald.strand.1\",\"https:\\\/\\\/x.com\\\/LMExtra\"]},{\"@type\":\"Person\",\"@id\":\"https:\\\/\\\/lokalmagasinet.no\\\/#\\\/schema\\\/person\\\/2e8d221708d3aaf6f577275b5bba4310\",\"name\":\"Svein-Harald Strand\",\"image\":{\"@type\":\"ImageObject\",\"inLanguage\":\"nn-NO\",\"@id\":\"https:\\\/\\\/secure.gravatar.com\\\/avatar\\\/c487434bdf6cd7c12e4a88877ae4b12c38d22b7ad64292b49d33ed7503bb7ce1?s=96&d=mm&r=g\",\"url\":\"https:\\\/\\\/secure.gravatar.com\\\/avatar\\\/c487434bdf6cd7c12e4a88877ae4b12c38d22b7ad64292b49d33ed7503bb7ce1?s=96&d=mm&r=g\",\"contentUrl\":\"https:\\\/\\\/secure.gravatar.com\\\/avatar\\\/c487434bdf6cd7c12e4a88877ae4b12c38d22b7ad64292b49d33ed7503bb7ce1?s=96&d=mm&r=g\",\"caption\":\"Svein-Harald Strand\"},\"description\":\"(F. 26.12.1945) Redakt\u00f8r, journalist og informasjonsarbeider siden 1968. ||| I 1963: Redaksjonell praktikant i 8 m\u00e5neder p\u00e5 full tid i Helgeland Arbeiderblad i hjembyen Mosj\u00f8en. ||| Arbeidende pensjonist med hjemmekontor fra 2008 (AFP) og videre som folkepensjonist til n\u00e5.\",\"sameAs\":[\"https:\\\/\\\/lokalmagasinet.no\\\/\",\"https:\\\/\\\/www.facebook.com\\\/sveinharald.strand.1\",\"https:\\\/\\\/x.com\\\/LMExtra\"],\"url\":\"https:\\\/\\\/lokalmagasinet.no\\\/?author=6\"}]}<\/script>\n<!-- \/ Yoast SEO plugin. -->","yoast_head_json":{"title":"Gro Gudim Hallan til minne | Lokalmagasinet.no","robots":{"index":"index","follow":"follow","max-snippet":"max-snippet:-1","max-image-preview":"max-image-preview:large","max-video-preview":"max-video-preview:-1"},"canonical":"https:\/\/lokalmagasinet.no\/?p=16133","og_locale":"nn_NO","og_type":"article","og_title":"Gro Gudim Hallan til minne | Lokalmagasinet.no","og_description":"(Publisert 25.05.23) (LM Arkivfoto) En trist nyhet i det n\u00e6re denne morgenen: Gro Gudim Hallan er g\u00e5tt bort, 75 \u00e5r gammel. Sammen med sin mann Knut Chr. Hallan kom hun ... Les merGro Gudim Hallan til minne","og_url":"https:\/\/lokalmagasinet.no\/?p=16133","og_site_name":"Lokalmagasinet.no","article_publisher":"https:\/\/www.facebook.com\/sveinharald.strand.1","article_author":"https:\/\/www.facebook.com\/sveinharald.strand.1","article_published_time":"2023-05-25T09:01:01+00:00","og_image":[{"url":"https:\/\/lokalmagasinet.no\/wp-content\/uploads\/2023\/05\/knutoggroklare-300x198.jpg","type":"","width":"","height":""}],"author":"Svein-Harald Strand","twitter_card":"summary_large_image","twitter_creator":"@LMExtra","twitter_site":"@LMExtra","twitter_misc":{"Written by":"Svein-Harald Strand","Est. reading time":"1 minutt"},"schema":{"@context":"https:\/\/schema.org","@graph":[{"@type":"Article","@id":"https:\/\/lokalmagasinet.no\/?p=16133#article","isPartOf":{"@id":"https:\/\/lokalmagasinet.no\/?p=16133"},"author":{"name":"Svein-Harald Strand","@id":"https:\/\/lokalmagasinet.no\/#\/schema\/person\/2e8d221708d3aaf6f577275b5bba4310"},"headline":"Gro Gudim Hallan til minne","datePublished":"2023-05-25T09:01:01+00:00","mainEntityOfPage":{"@id":"https:\/\/lokalmagasinet.no\/?p=16133"},"wordCount":263,"publisher":{"@id":"https:\/\/lokalmagasinet.no\/#organization"},"image":{"@id":"https:\/\/lokalmagasinet.no\/?p=16133#primaryimage"},"thumbnailUrl":"https:\/\/lokalmagasinet.no\/wp-content\/uploads\/2023\/05\/knutoggroklare-300x198.jpg","articleSection":["Nekrolog"],"inLanguage":"nn-NO"},{"@type":"WebPage","@id":"https:\/\/lokalmagasinet.no\/?p=16133","url":"https:\/\/lokalmagasinet.no\/?p=16133","name":"Gro Gudim Hallan til minne | Lokalmagasinet.no","isPartOf":{"@id":"https:\/\/lokalmagasinet.no\/#website"},"primaryImageOfPage":{"@id":"https:\/\/lokalmagasinet.no\/?p=16133#primaryimage"},"image":{"@id":"https:\/\/lokalmagasinet.no\/?p=16133#primaryimage"},"thumbnailUrl":"https:\/\/lokalmagasinet.no\/wp-content\/uploads\/2023\/05\/knutoggroklare-300x198.jpg","datePublished":"2023-05-25T09:01:01+00:00","breadcrumb":{"@id":"https:\/\/lokalmagasinet.no\/?p=16133#breadcrumb"},"inLanguage":"nn-NO","potentialAction":[{"@type":"ReadAction","target":["https:\/\/lokalmagasinet.no\/?p=16133"]}]},{"@type":"ImageObject","inLanguage":"nn-NO","@id":"https:\/\/lokalmagasinet.no\/?p=16133#primaryimage","url":"https:\/\/lokalmagasinet.no\/wp-content\/uploads\/2023\/05\/knutoggroklare.jpg","contentUrl":"https:\/\/lokalmagasinet.no\/wp-content\/uploads\/2023\/05\/knutoggroklare.jpg","width":600,"height":396},{"@type":"BreadcrumbList","@id":"https:\/\/lokalmagasinet.no\/?p=16133#breadcrumb","itemListElement":[{"@type":"ListItem","position":1,"name":"Hjem","item":"https:\/\/lokalmagasinet.no\/"},{"@type":"ListItem","position":2,"name":"Gro Gudim Hallan til minne"}]},{"@type":"WebSite","@id":"https:\/\/lokalmagasinet.no\/#website","url":"https:\/\/lokalmagasinet.no\/","name":"Lokalmagasinet.no","description":"Fra fortid og n\u00e5tid. Med st\u00e5sted i det n\u00e6re. Siden 2002.","publisher":{"@id":"https:\/\/lokalmagasinet.no\/#organization"},"potentialAction":[{"@type":"SearchAction","target":{"@type":"EntryPoint","urlTemplate":"https:\/\/lokalmagasinet.no\/?s={search_term_string}"},"query-input":{"@type":"PropertyValueSpecification","valueRequired":true,"valueName":"search_term_string"}}],"inLanguage":"nn-NO"},{"@type":"Organization","@id":"https:\/\/lokalmagasinet.no\/#organization","name":"Lokalmagasinet.no","url":"https:\/\/lokalmagasinet.no\/","logo":{"@type":"ImageObject","inLanguage":"nn-NO","@id":"https:\/\/lokalmagasinet.no\/#\/schema\/logo\/image\/","url":"https:\/\/lokalmagasinet.no\/wp-content\/uploads\/2021\/03\/cropped-cropped-cropped-cropped-cropped-cropped-lmlogo-e1640691300821.jpg","contentUrl":"https:\/\/lokalmagasinet.no\/wp-content\/uploads\/2021\/03\/cropped-cropped-cropped-cropped-cropped-cropped-lmlogo-e1640691300821.jpg","width":72,"height":118,"caption":"Lokalmagasinet.no"},"image":{"@id":"https:\/\/lokalmagasinet.no\/#\/schema\/logo\/image\/"},"sameAs":["https:\/\/www.facebook.com\/sveinharald.strand.1","https:\/\/x.com\/LMExtra"]},{"@type":"Person","@id":"https:\/\/lokalmagasinet.no\/#\/schema\/person\/2e8d221708d3aaf6f577275b5bba4310","name":"Svein-Harald Strand","image":{"@type":"ImageObject","inLanguage":"nn-NO","@id":"https:\/\/secure.gravatar.com\/avatar\/c487434bdf6cd7c12e4a88877ae4b12c38d22b7ad64292b49d33ed7503bb7ce1?s=96&d=mm&r=g","url":"https:\/\/secure.gravatar.com\/avatar\/c487434bdf6cd7c12e4a88877ae4b12c38d22b7ad64292b49d33ed7503bb7ce1?s=96&d=mm&r=g","contentUrl":"https:\/\/secure.gravatar.com\/avatar\/c487434bdf6cd7c12e4a88877ae4b12c38d22b7ad64292b49d33ed7503bb7ce1?s=96&d=mm&r=g","caption":"Svein-Harald Strand"},"description":"(F. 26.12.1945) Redakt\u00f8r, journalist og informasjonsarbeider siden 1968. ||| I 1963: Redaksjonell praktikant i 8 m\u00e5neder p\u00e5 full tid i Helgeland Arbeiderblad i hjembyen Mosj\u00f8en. ||| Arbeidende pensjonist med hjemmekontor fra 2008 (AFP) og videre som folkepensjonist til n\u00e5.","sameAs":["https:\/\/lokalmagasinet.no\/","https:\/\/www.facebook.com\/sveinharald.strand.1","https:\/\/x.com\/LMExtra"],"url":"https:\/\/lokalmagasinet.no\/?author=6"}]}},"_links":{"self":[{"href":"https:\/\/lokalmagasinet.no\/index.php?rest_route=\/wp\/v2\/posts\/16133","targetHints":{"allow":["GET"]}}],"collection":[{"href":"https:\/\/lokalmagasinet.no\/index.php?rest_route=\/wp\/v2\/posts"}],"about":[{"href":"https:\/\/lokalmagasinet.no\/index.php?rest_route=\/wp\/v2\/types\/post"}],"author":[{"embeddable":true,"href":"https:\/\/lokalmagasinet.no\/index.php?rest_route=\/wp\/v2\/users\/6"}],"replies":[{"embeddable":true,"href":"https:\/\/lokalmagasinet.no\/index.php?rest_route=%2Fwp%2Fv2%2Fcomments&post=16133"}],"version-history":[{"count":12,"href":"https:\/\/lokalmagasinet.no\/index.php?rest_route=\/wp\/v2\/posts\/16133\/revisions"}],"predecessor-version":[{"id":16146,"href":"https:\/\/lokalmagasinet.no\/index.php?rest_route=\/wp\/v2\/posts\/16133\/revisions\/16146"}],"wp:attachment":[{"href":"https:\/\/lokalmagasinet.no\/index.php?rest_route=%2Fwp%2Fv2%2Fmedia&parent=16133"}],"wp:term":[{"taxonomy":"category","embeddable":true,"href":"https:\/\/lokalmagasinet.no\/index.php?rest_route=%2Fwp%2Fv2%2Fcategories&post=16133"},{"taxonomy":"post_tag","embeddable":true,"href":"https:\/\/lokalmagasinet.no\/index.php?rest_route=%2Fwp%2Fv2%2Ftags&post=16133"}],"curies":[{"name":"wp","href":"https:\/\/api.w.org\/{rel}","templated":true}]}}