{"id":16160,"date":"2023-05-27T11:15:17","date_gmt":"2023-05-27T09:15:17","guid":{"rendered":"https:\/\/lokalmagasinet.no\/?p=16160"},"modified":"2023-05-27T11:15:17","modified_gmt":"2023-05-27T09:15:17","slug":"sommerstart-pa-kystkultursenteret","status":"publish","type":"post","link":"https:\/\/lokalmagasinet.no\/?p=16160","title":{"rendered":"Sommerstart p\u00e5 Kystkultursenteret"},"content":{"rendered":"<figure id=\"attachment_15288\" aria-describedby=\"caption-attachment-15288\" style=\"width: 986px\" class=\"wp-caption aligncenter\"><img loading=\"lazy\" decoding=\"async\" class=\"wp-image-15288 size-full\" src=\"https:\/\/lokalmagasinet.no\/wp-content\/uploads\/2023\/04\/Sommer-og-kystkultur-litt-kappet-tv.jpg\" alt=\"\" width=\"986\" height=\"768\" srcset=\"https:\/\/lokalmagasinet.no\/wp-content\/uploads\/2023\/04\/Sommer-og-kystkultur-litt-kappet-tv.jpg 986w, https:\/\/lokalmagasinet.no\/wp-content\/uploads\/2023\/04\/Sommer-og-kystkultur-litt-kappet-tv-300x234.jpg 300w, https:\/\/lokalmagasinet.no\/wp-content\/uploads\/2023\/04\/Sommer-og-kystkultur-litt-kappet-tv-150x117.jpg 150w, https:\/\/lokalmagasinet.no\/wp-content\/uploads\/2023\/04\/Sommer-og-kystkultur-litt-kappet-tv-768x598.jpg 768w\" sizes=\"auto, (max-width: 986px) 100vw, 986px\" \/><figcaption id=\"caption-attachment-15288\" class=\"wp-caption-text\">Sommer\u00e5pning p\u00e5 Son Kystkultursenter i dag. Her fra et tidligere \u00e5r, med sol som bestilt, musikk fra Soon Etter Frokost og sommerkledte gjester. I h\u00f8yre bildekant: Museumsvert Alex Johannessen konstaterer at alt har g\u00e5tt som det skal. Minst. (LM Arkivfoto \/ Svein-H. Strand)<\/figcaption><\/figure>\n<p>(Publisert 27.05.23) <strong>P\u00e5 denne fine forsommerdagen markeres, tradisjonen tro, at det er sesongstart p\u00e5 Son Kystkultursenter. Tradisjonen utro, for \u00e5 si det s\u00e5nn, vil begivenheten som s\u00e5dan ikke bli reportasjemessig dekket her i LM &#8211; av grunner som kan leses i de seneste publiseringer.<\/strong><\/p>\n<p>\u00c5 f\u00e5 andre til \u00e5 knipse et bilde eller tre er s\u00e5 sin sak. Men bilder og notater fra \u00e5pningstaler skal h\u00e5ndteres og publiseres. Vi satser p\u00e5 \u00e5 komme sterkere tilbake &#8211; og da med fokus p\u00e5 sesongens tema og program.<\/p>\n<p>Kystkultursenteret er og blir den st\u00f8rste attraksjon vi har, her i den gamle Hollenderstaden. Bes\u00f8kstallene har noen \u00e5r v\u00e6rt formidable. Mange vil huske det \u00e5ret da det ble registrert flere bes\u00f8kende her enn p\u00e5 Oscarsborgmuseet.<\/p>\n<p>Views: 168<\/p>","protected":false},"excerpt":{"rendered":"<p>(Publisert 27.05.23) P\u00e5 denne fine forsommerdagen markeres, tradisjonen tro, at det er sesongstart p\u00e5 Son Kystkultursenter. Tradisjonen utro, for \u00e5 si det s\u00e5nn, vil begivenheten som s\u00e5dan ikke bli reportasjemessig &#8230; <\/p>\n<p class=\"read-more-container\"><a title=\"Sommerstart p\u00e5 Kystkultursenteret\" class=\"read-more button\" href=\"https:\/\/lokalmagasinet.no\/?p=16160#more-16160\">Les mer<span class=\"screen-reader-text\">Sommerstart p\u00e5 Kystkultursenteret<\/span><\/a><\/p>\n","protected":false},"author":6,"featured_media":0,"comment_status":"closed","ping_status":"open","sticky":false,"template":"","format":"standard","meta":{"footnotes":""},"categories":[1],"tags":[],"class_list":["post-16160","post","type-post","status-publish","format-standard","hentry","category-aktuelt"],"yoast_head":"<!-- This site is optimized with the Yoast SEO plugin v27.4 - https:\/\/yoast.com\/product\/yoast-seo-wordpress\/ -->\n<title>Sommerstart p\u00e5 Kystkultursenteret | Lokalmagasinet.no<\/title>\n<meta name=\"robots\" content=\"index, follow, max-snippet:-1, max-image-preview:large, max-video-preview:-1\" \/>\n<link rel=\"canonical\" href=\"https:\/\/lokalmagasinet.no\/?p=16160\" \/>\n<meta property=\"og:locale\" content=\"nn_NO\" \/>\n<meta property=\"og:type\" content=\"article\" \/>\n<meta property=\"og:title\" content=\"Sommerstart p\u00e5 Kystkultursenteret | Lokalmagasinet.no\" \/>\n<meta property=\"og:description\" content=\"(Publisert 27.05.23) P\u00e5 denne fine forsommerdagen markeres, tradisjonen tro, at det er sesongstart p\u00e5 Son Kystkultursenter. Tradisjonen utro, for \u00e5 si det s\u00e5nn, vil begivenheten som s\u00e5dan ikke bli reportasjemessig ... Les merSommerstart p\u00e5 Kystkultursenteret\" \/>\n<meta property=\"og:url\" content=\"https:\/\/lokalmagasinet.no\/?p=16160\" \/>\n<meta property=\"og:site_name\" content=\"Lokalmagasinet.no\" \/>\n<meta property=\"article:publisher\" content=\"https:\/\/www.facebook.com\/sveinharald.strand.1\" \/>\n<meta property=\"article:author\" content=\"https:\/\/www.facebook.com\/sveinharald.strand.1\" \/>\n<meta property=\"article:published_time\" content=\"2023-05-27T09:15:17+00:00\" \/>\n<meta property=\"og:image\" content=\"https:\/\/lokalmagasinet.no\/wp-content\/uploads\/2023\/04\/Sommer-og-kystkultur-litt-kappet-tv.jpg\" \/>\n<meta name=\"author\" content=\"Svein-Harald Strand\" \/>\n<meta name=\"twitter:card\" content=\"summary_large_image\" \/>\n<meta name=\"twitter:creator\" content=\"@LMExtra\" \/>\n<meta name=\"twitter:site\" content=\"@LMExtra\" \/>\n<meta name=\"twitter:label1\" content=\"Written by\" \/>\n\t<meta name=\"twitter:data1\" content=\"Svein-Harald Strand\" \/>\n\t<meta name=\"twitter:label2\" content=\"Est. reading time\" \/>\n\t<meta name=\"twitter:data2\" content=\"1 minutt\" \/>\n<script type=\"application\/ld+json\" class=\"yoast-schema-graph\">{\"@context\":\"https:\\\/\\\/schema.org\",\"@graph\":[{\"@type\":\"Article\",\"@id\":\"https:\\\/\\\/lokalmagasinet.no\\\/?p=16160#article\",\"isPartOf\":{\"@id\":\"https:\\\/\\\/lokalmagasinet.no\\\/?p=16160\"},\"author\":{\"name\":\"Svein-Harald Strand\",\"@id\":\"https:\\\/\\\/lokalmagasinet.no\\\/#\\\/schema\\\/person\\\/2e8d221708d3aaf6f577275b5bba4310\"},\"headline\":\"Sommerstart p\u00e5 Kystkultursenteret\",\"datePublished\":\"2023-05-27T09:15:17+00:00\",\"mainEntityOfPage\":{\"@id\":\"https:\\\/\\\/lokalmagasinet.no\\\/?p=16160\"},\"wordCount\":177,\"publisher\":{\"@id\":\"https:\\\/\\\/lokalmagasinet.no\\\/#organization\"},\"image\":{\"@id\":\"https:\\\/\\\/lokalmagasinet.no\\\/?p=16160#primaryimage\"},\"thumbnailUrl\":\"https:\\\/\\\/lokalmagasinet.no\\\/wp-content\\\/uploads\\\/2023\\\/04\\\/Sommer-og-kystkultur-litt-kappet-tv.jpg\",\"articleSection\":[\"Aktuelt\"],\"inLanguage\":\"nn-NO\"},{\"@type\":\"WebPage\",\"@id\":\"https:\\\/\\\/lokalmagasinet.no\\\/?p=16160\",\"url\":\"https:\\\/\\\/lokalmagasinet.no\\\/?p=16160\",\"name\":\"Sommerstart p\u00e5 Kystkultursenteret | Lokalmagasinet.no\",\"isPartOf\":{\"@id\":\"https:\\\/\\\/lokalmagasinet.no\\\/#website\"},\"primaryImageOfPage\":{\"@id\":\"https:\\\/\\\/lokalmagasinet.no\\\/?p=16160#primaryimage\"},\"image\":{\"@id\":\"https:\\\/\\\/lokalmagasinet.no\\\/?p=16160#primaryimage\"},\"thumbnailUrl\":\"https:\\\/\\\/lokalmagasinet.no\\\/wp-content\\\/uploads\\\/2023\\\/04\\\/Sommer-og-kystkultur-litt-kappet-tv.jpg\",\"datePublished\":\"2023-05-27T09:15:17+00:00\",\"breadcrumb\":{\"@id\":\"https:\\\/\\\/lokalmagasinet.no\\\/?p=16160#breadcrumb\"},\"inLanguage\":\"nn-NO\",\"potentialAction\":[{\"@type\":\"ReadAction\",\"target\":[\"https:\\\/\\\/lokalmagasinet.no\\\/?p=16160\"]}]},{\"@type\":\"ImageObject\",\"inLanguage\":\"nn-NO\",\"@id\":\"https:\\\/\\\/lokalmagasinet.no\\\/?p=16160#primaryimage\",\"url\":\"https:\\\/\\\/lokalmagasinet.no\\\/wp-content\\\/uploads\\\/2023\\\/04\\\/Sommer-og-kystkultur-litt-kappet-tv.jpg\",\"contentUrl\":\"https:\\\/\\\/lokalmagasinet.no\\\/wp-content\\\/uploads\\\/2023\\\/04\\\/Sommer-og-kystkultur-litt-kappet-tv.jpg\",\"width\":986,\"height\":768,\"caption\":\"Sesong\u00e5(pning p\u00e5 Son Kystkultursenter. Innfallende lys i en skyggesone og to som ser mot fotografen l\u00f8fter motivet. (Foto: Svein-H. Strand)\"},{\"@type\":\"BreadcrumbList\",\"@id\":\"https:\\\/\\\/lokalmagasinet.no\\\/?p=16160#breadcrumb\",\"itemListElement\":[{\"@type\":\"ListItem\",\"position\":1,\"name\":\"Hjem\",\"item\":\"https:\\\/\\\/lokalmagasinet.no\\\/\"},{\"@type\":\"ListItem\",\"position\":2,\"name\":\"Sommerstart p\u00e5 Kystkultursenteret\"}]},{\"@type\":\"WebSite\",\"@id\":\"https:\\\/\\\/lokalmagasinet.no\\\/#website\",\"url\":\"https:\\\/\\\/lokalmagasinet.no\\\/\",\"name\":\"Lokalmagasinet.no\",\"description\":\"Fra fortid og n\u00e5tid. Med st\u00e5sted i det n\u00e6re. Siden 2002.\",\"publisher\":{\"@id\":\"https:\\\/\\\/lokalmagasinet.no\\\/#organization\"},\"potentialAction\":[{\"@type\":\"SearchAction\",\"target\":{\"@type\":\"EntryPoint\",\"urlTemplate\":\"https:\\\/\\\/lokalmagasinet.no\\\/?s={search_term_string}\"},\"query-input\":{\"@type\":\"PropertyValueSpecification\",\"valueRequired\":true,\"valueName\":\"search_term_string\"}}],\"inLanguage\":\"nn-NO\"},{\"@type\":\"Organization\",\"@id\":\"https:\\\/\\\/lokalmagasinet.no\\\/#organization\",\"name\":\"Lokalmagasinet.no\",\"url\":\"https:\\\/\\\/lokalmagasinet.no\\\/\",\"logo\":{\"@type\":\"ImageObject\",\"inLanguage\":\"nn-NO\",\"@id\":\"https:\\\/\\\/lokalmagasinet.no\\\/#\\\/schema\\\/logo\\\/image\\\/\",\"url\":\"https:\\\/\\\/lokalmagasinet.no\\\/wp-content\\\/uploads\\\/2021\\\/03\\\/cropped-cropped-cropped-cropped-cropped-cropped-lmlogo-e1640691300821.jpg\",\"contentUrl\":\"https:\\\/\\\/lokalmagasinet.no\\\/wp-content\\\/uploads\\\/2021\\\/03\\\/cropped-cropped-cropped-cropped-cropped-cropped-lmlogo-e1640691300821.jpg\",\"width\":72,\"height\":118,\"caption\":\"Lokalmagasinet.no\"},\"image\":{\"@id\":\"https:\\\/\\\/lokalmagasinet.no\\\/#\\\/schema\\\/logo\\\/image\\\/\"},\"sameAs\":[\"https:\\\/\\\/www.facebook.com\\\/sveinharald.strand.1\",\"https:\\\/\\\/x.com\\\/LMExtra\"]},{\"@type\":\"Person\",\"@id\":\"https:\\\/\\\/lokalmagasinet.no\\\/#\\\/schema\\\/person\\\/2e8d221708d3aaf6f577275b5bba4310\",\"name\":\"Svein-Harald Strand\",\"image\":{\"@type\":\"ImageObject\",\"inLanguage\":\"nn-NO\",\"@id\":\"https:\\\/\\\/secure.gravatar.com\\\/avatar\\\/c487434bdf6cd7c12e4a88877ae4b12c38d22b7ad64292b49d33ed7503bb7ce1?s=96&d=mm&r=g\",\"url\":\"https:\\\/\\\/secure.gravatar.com\\\/avatar\\\/c487434bdf6cd7c12e4a88877ae4b12c38d22b7ad64292b49d33ed7503bb7ce1?s=96&d=mm&r=g\",\"contentUrl\":\"https:\\\/\\\/secure.gravatar.com\\\/avatar\\\/c487434bdf6cd7c12e4a88877ae4b12c38d22b7ad64292b49d33ed7503bb7ce1?s=96&d=mm&r=g\",\"caption\":\"Svein-Harald Strand\"},\"description\":\"(F. 26.12.1945) Redakt\u00f8r, journalist og informasjonsarbeider siden 1968. ||| I 1963: Redaksjonell praktikant i 8 m\u00e5neder p\u00e5 full tid i Helgeland Arbeiderblad i hjembyen Mosj\u00f8en. ||| Arbeidende pensjonist med hjemmekontor fra 2008 (AFP) og videre som folkepensjonist til n\u00e5.\",\"sameAs\":[\"https:\\\/\\\/lokalmagasinet.no\\\/\",\"https:\\\/\\\/www.facebook.com\\\/sveinharald.strand.1\",\"https:\\\/\\\/x.com\\\/LMExtra\"],\"url\":\"https:\\\/\\\/lokalmagasinet.no\\\/?author=6\"}]}<\/script>\n<!-- \/ Yoast SEO plugin. -->","yoast_head_json":{"title":"Sommerstart p\u00e5 Kystkultursenteret | Lokalmagasinet.no","robots":{"index":"index","follow":"follow","max-snippet":"max-snippet:-1","max-image-preview":"max-image-preview:large","max-video-preview":"max-video-preview:-1"},"canonical":"https:\/\/lokalmagasinet.no\/?p=16160","og_locale":"nn_NO","og_type":"article","og_title":"Sommerstart p\u00e5 Kystkultursenteret | Lokalmagasinet.no","og_description":"(Publisert 27.05.23) P\u00e5 denne fine forsommerdagen markeres, tradisjonen tro, at det er sesongstart p\u00e5 Son Kystkultursenter. Tradisjonen utro, for \u00e5 si det s\u00e5nn, vil begivenheten som s\u00e5dan ikke bli reportasjemessig ... Les merSommerstart p\u00e5 Kystkultursenteret","og_url":"https:\/\/lokalmagasinet.no\/?p=16160","og_site_name":"Lokalmagasinet.no","article_publisher":"https:\/\/www.facebook.com\/sveinharald.strand.1","article_author":"https:\/\/www.facebook.com\/sveinharald.strand.1","article_published_time":"2023-05-27T09:15:17+00:00","og_image":[{"url":"https:\/\/lokalmagasinet.no\/wp-content\/uploads\/2023\/04\/Sommer-og-kystkultur-litt-kappet-tv.jpg","type":"","width":"","height":""}],"author":"Svein-Harald Strand","twitter_card":"summary_large_image","twitter_creator":"@LMExtra","twitter_site":"@LMExtra","twitter_misc":{"Written by":"Svein-Harald Strand","Est. reading time":"1 minutt"},"schema":{"@context":"https:\/\/schema.org","@graph":[{"@type":"Article","@id":"https:\/\/lokalmagasinet.no\/?p=16160#article","isPartOf":{"@id":"https:\/\/lokalmagasinet.no\/?p=16160"},"author":{"name":"Svein-Harald Strand","@id":"https:\/\/lokalmagasinet.no\/#\/schema\/person\/2e8d221708d3aaf6f577275b5bba4310"},"headline":"Sommerstart p\u00e5 Kystkultursenteret","datePublished":"2023-05-27T09:15:17+00:00","mainEntityOfPage":{"@id":"https:\/\/lokalmagasinet.no\/?p=16160"},"wordCount":177,"publisher":{"@id":"https:\/\/lokalmagasinet.no\/#organization"},"image":{"@id":"https:\/\/lokalmagasinet.no\/?p=16160#primaryimage"},"thumbnailUrl":"https:\/\/lokalmagasinet.no\/wp-content\/uploads\/2023\/04\/Sommer-og-kystkultur-litt-kappet-tv.jpg","articleSection":["Aktuelt"],"inLanguage":"nn-NO"},{"@type":"WebPage","@id":"https:\/\/lokalmagasinet.no\/?p=16160","url":"https:\/\/lokalmagasinet.no\/?p=16160","name":"Sommerstart p\u00e5 Kystkultursenteret | Lokalmagasinet.no","isPartOf":{"@id":"https:\/\/lokalmagasinet.no\/#website"},"primaryImageOfPage":{"@id":"https:\/\/lokalmagasinet.no\/?p=16160#primaryimage"},"image":{"@id":"https:\/\/lokalmagasinet.no\/?p=16160#primaryimage"},"thumbnailUrl":"https:\/\/lokalmagasinet.no\/wp-content\/uploads\/2023\/04\/Sommer-og-kystkultur-litt-kappet-tv.jpg","datePublished":"2023-05-27T09:15:17+00:00","breadcrumb":{"@id":"https:\/\/lokalmagasinet.no\/?p=16160#breadcrumb"},"inLanguage":"nn-NO","potentialAction":[{"@type":"ReadAction","target":["https:\/\/lokalmagasinet.no\/?p=16160"]}]},{"@type":"ImageObject","inLanguage":"nn-NO","@id":"https:\/\/lokalmagasinet.no\/?p=16160#primaryimage","url":"https:\/\/lokalmagasinet.no\/wp-content\/uploads\/2023\/04\/Sommer-og-kystkultur-litt-kappet-tv.jpg","contentUrl":"https:\/\/lokalmagasinet.no\/wp-content\/uploads\/2023\/04\/Sommer-og-kystkultur-litt-kappet-tv.jpg","width":986,"height":768,"caption":"Sesong\u00e5(pning p\u00e5 Son Kystkultursenter. Innfallende lys i en skyggesone og to som ser mot fotografen l\u00f8fter motivet. (Foto: Svein-H. Strand)"},{"@type":"BreadcrumbList","@id":"https:\/\/lokalmagasinet.no\/?p=16160#breadcrumb","itemListElement":[{"@type":"ListItem","position":1,"name":"Hjem","item":"https:\/\/lokalmagasinet.no\/"},{"@type":"ListItem","position":2,"name":"Sommerstart p\u00e5 Kystkultursenteret"}]},{"@type":"WebSite","@id":"https:\/\/lokalmagasinet.no\/#website","url":"https:\/\/lokalmagasinet.no\/","name":"Lokalmagasinet.no","description":"Fra fortid og n\u00e5tid. Med st\u00e5sted i det n\u00e6re. Siden 2002.","publisher":{"@id":"https:\/\/lokalmagasinet.no\/#organization"},"potentialAction":[{"@type":"SearchAction","target":{"@type":"EntryPoint","urlTemplate":"https:\/\/lokalmagasinet.no\/?s={search_term_string}"},"query-input":{"@type":"PropertyValueSpecification","valueRequired":true,"valueName":"search_term_string"}}],"inLanguage":"nn-NO"},{"@type":"Organization","@id":"https:\/\/lokalmagasinet.no\/#organization","name":"Lokalmagasinet.no","url":"https:\/\/lokalmagasinet.no\/","logo":{"@type":"ImageObject","inLanguage":"nn-NO","@id":"https:\/\/lokalmagasinet.no\/#\/schema\/logo\/image\/","url":"https:\/\/lokalmagasinet.no\/wp-content\/uploads\/2021\/03\/cropped-cropped-cropped-cropped-cropped-cropped-lmlogo-e1640691300821.jpg","contentUrl":"https:\/\/lokalmagasinet.no\/wp-content\/uploads\/2021\/03\/cropped-cropped-cropped-cropped-cropped-cropped-lmlogo-e1640691300821.jpg","width":72,"height":118,"caption":"Lokalmagasinet.no"},"image":{"@id":"https:\/\/lokalmagasinet.no\/#\/schema\/logo\/image\/"},"sameAs":["https:\/\/www.facebook.com\/sveinharald.strand.1","https:\/\/x.com\/LMExtra"]},{"@type":"Person","@id":"https:\/\/lokalmagasinet.no\/#\/schema\/person\/2e8d221708d3aaf6f577275b5bba4310","name":"Svein-Harald Strand","image":{"@type":"ImageObject","inLanguage":"nn-NO","@id":"https:\/\/secure.gravatar.com\/avatar\/c487434bdf6cd7c12e4a88877ae4b12c38d22b7ad64292b49d33ed7503bb7ce1?s=96&d=mm&r=g","url":"https:\/\/secure.gravatar.com\/avatar\/c487434bdf6cd7c12e4a88877ae4b12c38d22b7ad64292b49d33ed7503bb7ce1?s=96&d=mm&r=g","contentUrl":"https:\/\/secure.gravatar.com\/avatar\/c487434bdf6cd7c12e4a88877ae4b12c38d22b7ad64292b49d33ed7503bb7ce1?s=96&d=mm&r=g","caption":"Svein-Harald Strand"},"description":"(F. 26.12.1945) Redakt\u00f8r, journalist og informasjonsarbeider siden 1968. ||| I 1963: Redaksjonell praktikant i 8 m\u00e5neder p\u00e5 full tid i Helgeland Arbeiderblad i hjembyen Mosj\u00f8en. ||| Arbeidende pensjonist med hjemmekontor fra 2008 (AFP) og videre som folkepensjonist til n\u00e5.","sameAs":["https:\/\/lokalmagasinet.no\/","https:\/\/www.facebook.com\/sveinharald.strand.1","https:\/\/x.com\/LMExtra"],"url":"https:\/\/lokalmagasinet.no\/?author=6"}]}},"_links":{"self":[{"href":"https:\/\/lokalmagasinet.no\/index.php?rest_route=\/wp\/v2\/posts\/16160","targetHints":{"allow":["GET"]}}],"collection":[{"href":"https:\/\/lokalmagasinet.no\/index.php?rest_route=\/wp\/v2\/posts"}],"about":[{"href":"https:\/\/lokalmagasinet.no\/index.php?rest_route=\/wp\/v2\/types\/post"}],"author":[{"embeddable":true,"href":"https:\/\/lokalmagasinet.no\/index.php?rest_route=\/wp\/v2\/users\/6"}],"replies":[{"embeddable":true,"href":"https:\/\/lokalmagasinet.no\/index.php?rest_route=%2Fwp%2Fv2%2Fcomments&post=16160"}],"version-history":[{"count":9,"href":"https:\/\/lokalmagasinet.no\/index.php?rest_route=\/wp\/v2\/posts\/16160\/revisions"}],"predecessor-version":[{"id":16169,"href":"https:\/\/lokalmagasinet.no\/index.php?rest_route=\/wp\/v2\/posts\/16160\/revisions\/16169"}],"wp:attachment":[{"href":"https:\/\/lokalmagasinet.no\/index.php?rest_route=%2Fwp%2Fv2%2Fmedia&parent=16160"}],"wp:term":[{"taxonomy":"category","embeddable":true,"href":"https:\/\/lokalmagasinet.no\/index.php?rest_route=%2Fwp%2Fv2%2Fcategories&post=16160"},{"taxonomy":"post_tag","embeddable":true,"href":"https:\/\/lokalmagasinet.no\/index.php?rest_route=%2Fwp%2Fv2%2Ftags&post=16160"}],"curies":[{"name":"wp","href":"https:\/\/api.w.org\/{rel}","templated":true}]}}