{"id":16477,"date":"2023-06-23T01:10:49","date_gmt":"2023-06-22T23:10:49","guid":{"rendered":"https:\/\/lokalmagasinet.no\/?p=16477"},"modified":"2023-06-24T10:23:25","modified_gmt":"2023-06-24T08:23:25","slug":"rygg-ikke-for-ryggplager","status":"publish","type":"post","link":"https:\/\/lokalmagasinet.no\/?p=16477","title":{"rendered":"&#8211; Rygg ikke for ryggplager!"},"content":{"rendered":"<p>(Publisert 23.06.23) (K\u00e5seri) <strong>Denne overskriften, eller tittelen som det egentlig heter i journalistikkfaget, satt langt inne. Det skulle jo handle om redakt\u00f8rens ryggplager. <\/strong><\/p>\n<p>I et f\u00f8rsteutkast sto det &#8211; kjedelig nok &#8211; &laquo;Oppdatering om ryggplager&raquo;. Men det norske spr\u00e5k med sine mange ord med alternative betydninger har mang en gang kommet bedre skribenter enn meg til unnsetning.<\/p>\n<p>ALTS\u00c5: Redakt\u00f8ren rygger ikke (tilbake) for sine ryggplager. Han logger seg inn til editoren for \u00e5 skrive, kladde, rette, endre og hva det skal v\u00e6re, i noen timer. Med PC-en i fanget. Selv om ryggplagene vedvarer.<\/p>\n<p>Ja, de vedvarer, men det nye \u00e5 fortelle er at jeg onsdag ble behandlet hos fysioterapeut. Som ogs\u00e5 er utdannet osteopat. Osteopati er l\u00e6ren om beina i kroppen v\u00e5r. Og her er det jo absolutt en sammenheng, ikke sant?<\/p>\n<p>BEHANDLINGEN var s\u00e5nn: Jeg l\u00e5 sidelengs p\u00e5 en benk, og f\u00f8rst tok han passe hardt p\u00e5 korsryggen min, p\u00e5 begge sider. Da han tok p\u00e5 venstre side sa jeg <strong>AU<\/strong> s\u00e5 h\u00f8yt at min f\u00f8lgesvenn ute i venteommet ogs\u00e5 h\u00f8rte det veldig godt. P\u00e5 h\u00f8yre side var det ikke fullt s\u00e5 vondt.<\/p>\n<p>Og s\u00e5 en overraskende akt to: Han tok hendene sine opp til venstre og h\u00f8yre tinning samtidig. Masserte s\u00e5 tinningene en liten stund. Hvorfor? For \u00e5 \u00e5pne en nervebane der smerter bor.<\/p>\n<p>Dette skulle gj\u00f8re meg litt mer smertefri dag for dag. G\u00e5rsdagen ble i hovedsak preget av d\u00e9t &#8211; ikke minst m\u00e5lt etter forbruket av smertestillrnde midler.<\/p>\n<p>Og se om jeg ikke allerede gikk<em> litt<\/em> mindre krokrygget enn f\u00f8r behandlingen. S\u00e5 da sier jeg bare:<\/p>\n<p>GOD ST.HANSFEIRING, alle sammen!<\/p>\n<p><strong>Redakt\u00f8ren<\/strong><\/p>\n<figure id=\"attachment_14910\" aria-describedby=\"caption-attachment-14910\" style=\"width: 64px\" class=\"wp-caption alignnone\"><img loading=\"lazy\" decoding=\"async\" class=\"size-full wp-image-14910\" src=\"https:\/\/lokalmagasinet.no\/wp-content\/uploads\/2023\/03\/jeg_lite.jpg\" alt=\"\" width=\"64\" height=\"64\" \/><figcaption id=\"caption-attachment-14910\" class=\"wp-caption-text\">j<\/figcaption><\/figure>\n<p>&nbsp;<\/p>\n<p>Views: 89<\/p>","protected":false},"excerpt":{"rendered":"<p>(Publisert 23.06.23) (K\u00e5seri) Denne overskriften, eller tittelen som det egentlig heter i journalistikkfaget, satt langt inne. Det skulle jo handle om redakt\u00f8rens ryggplager. I et f\u00f8rsteutkast sto det &#8211; kjedelig &#8230; <\/p>\n<p class=\"read-more-container\"><a title=\"&#8211; Rygg ikke for ryggplager!\" class=\"read-more button\" href=\"https:\/\/lokalmagasinet.no\/?p=16477#more-16477\">Les mer<span class=\"screen-reader-text\">&#8211; Rygg ikke for ryggplager!<\/span><\/a><\/p>\n","protected":false},"author":6,"featured_media":1874,"comment_status":"closed","ping_status":"open","sticky":false,"template":"","format":"standard","meta":{"footnotes":""},"categories":[1],"tags":[],"class_list":["post-16477","post","type-post","status-publish","format-standard","has-post-thumbnail","hentry","category-aktuelt"],"yoast_head":"<!-- This site is optimized with the Yoast SEO plugin v27.4 - https:\/\/yoast.com\/product\/yoast-seo-wordpress\/ -->\n<title>- Rygg ikke for ryggplager! | Lokalmagasinet.no<\/title>\n<meta name=\"robots\" content=\"index, follow, max-snippet:-1, max-image-preview:large, max-video-preview:-1\" \/>\n<link rel=\"canonical\" href=\"https:\/\/lokalmagasinet.no\/?p=16477\" \/>\n<meta property=\"og:locale\" content=\"nn_NO\" \/>\n<meta property=\"og:type\" content=\"article\" \/>\n<meta property=\"og:title\" content=\"- Rygg ikke for ryggplager! | Lokalmagasinet.no\" \/>\n<meta property=\"og:description\" content=\"(Publisert 23.06.23) (K\u00e5seri) Denne overskriften, eller tittelen som det egentlig heter i journalistikkfaget, satt langt inne. Det skulle jo handle om redakt\u00f8rens ryggplager. I et f\u00f8rsteutkast sto det &#8211; kjedelig ... Les mer&#8211; Rygg ikke for ryggplager!\" \/>\n<meta property=\"og:url\" content=\"https:\/\/lokalmagasinet.no\/?p=16477\" \/>\n<meta property=\"og:site_name\" content=\"Lokalmagasinet.no\" \/>\n<meta property=\"article:publisher\" content=\"https:\/\/www.facebook.com\/sveinharald.strand.1\" \/>\n<meta property=\"article:author\" content=\"https:\/\/www.facebook.com\/sveinharald.strand.1\" \/>\n<meta property=\"article:published_time\" content=\"2023-06-22T23:10:49+00:00\" \/>\n<meta property=\"article:modified_time\" content=\"2023-06-24T08:23:25+00:00\" \/>\n<meta property=\"og:image\" content=\"https:\/\/lokalmagasinet.no\/wp-content\/uploads\/2021\/03\/journalism1_200-e1651420362191.jpg\" \/>\n\t<meta property=\"og:image:width\" content=\"100\" \/>\n\t<meta property=\"og:image:height\" content=\"122\" \/>\n\t<meta property=\"og:image:type\" content=\"image\/jpeg\" \/>\n<meta name=\"author\" content=\"Svein-Harald Strand\" \/>\n<meta name=\"twitter:card\" content=\"summary_large_image\" \/>\n<meta name=\"twitter:creator\" content=\"@LMExtra\" \/>\n<meta name=\"twitter:site\" content=\"@LMExtra\" \/>\n<meta name=\"twitter:label1\" content=\"Written by\" \/>\n\t<meta name=\"twitter:data1\" content=\"Svein-Harald Strand\" \/>\n\t<meta name=\"twitter:label2\" content=\"Est. reading time\" \/>\n\t<meta name=\"twitter:data2\" content=\"1 minutt\" \/>\n<script type=\"application\/ld+json\" class=\"yoast-schema-graph\">{\"@context\":\"https:\\\/\\\/schema.org\",\"@graph\":[{\"@type\":\"Article\",\"@id\":\"https:\\\/\\\/lokalmagasinet.no\\\/?p=16477#article\",\"isPartOf\":{\"@id\":\"https:\\\/\\\/lokalmagasinet.no\\\/?p=16477\"},\"author\":{\"name\":\"Svein-Harald Strand\",\"@id\":\"https:\\\/\\\/lokalmagasinet.no\\\/#\\\/schema\\\/person\\\/2e8d221708d3aaf6f577275b5bba4310\"},\"headline\":\"&#8211; Rygg ikke for ryggplager!\",\"datePublished\":\"2023-06-22T23:10:49+00:00\",\"dateModified\":\"2023-06-24T08:23:25+00:00\",\"mainEntityOfPage\":{\"@id\":\"https:\\\/\\\/lokalmagasinet.no\\\/?p=16477\"},\"wordCount\":296,\"publisher\":{\"@id\":\"https:\\\/\\\/lokalmagasinet.no\\\/#organization\"},\"image\":{\"@id\":\"https:\\\/\\\/lokalmagasinet.no\\\/?p=16477#primaryimage\"},\"thumbnailUrl\":\"https:\\\/\\\/lokalmagasinet.no\\\/wp-content\\\/uploads\\\/2021\\\/03\\\/journalism1_200-e1651420362191.jpg\",\"articleSection\":[\"Aktuelt\"],\"inLanguage\":\"nn-NO\"},{\"@type\":\"WebPage\",\"@id\":\"https:\\\/\\\/lokalmagasinet.no\\\/?p=16477\",\"url\":\"https:\\\/\\\/lokalmagasinet.no\\\/?p=16477\",\"name\":\"- Rygg ikke for ryggplager! | Lokalmagasinet.no\",\"isPartOf\":{\"@id\":\"https:\\\/\\\/lokalmagasinet.no\\\/#website\"},\"primaryImageOfPage\":{\"@id\":\"https:\\\/\\\/lokalmagasinet.no\\\/?p=16477#primaryimage\"},\"image\":{\"@id\":\"https:\\\/\\\/lokalmagasinet.no\\\/?p=16477#primaryimage\"},\"thumbnailUrl\":\"https:\\\/\\\/lokalmagasinet.no\\\/wp-content\\\/uploads\\\/2021\\\/03\\\/journalism1_200-e1651420362191.jpg\",\"datePublished\":\"2023-06-22T23:10:49+00:00\",\"dateModified\":\"2023-06-24T08:23:25+00:00\",\"breadcrumb\":{\"@id\":\"https:\\\/\\\/lokalmagasinet.no\\\/?p=16477#breadcrumb\"},\"inLanguage\":\"nn-NO\",\"potentialAction\":[{\"@type\":\"ReadAction\",\"target\":[\"https:\\\/\\\/lokalmagasinet.no\\\/?p=16477\"]}]},{\"@type\":\"ImageObject\",\"inLanguage\":\"nn-NO\",\"@id\":\"https:\\\/\\\/lokalmagasinet.no\\\/?p=16477#primaryimage\",\"url\":\"https:\\\/\\\/lokalmagasinet.no\\\/wp-content\\\/uploads\\\/2021\\\/03\\\/journalism1_200-e1651420362191.jpg\",\"contentUrl\":\"https:\\\/\\\/lokalmagasinet.no\\\/wp-content\\\/uploads\\\/2021\\\/03\\\/journalism1_200-e1651420362191.jpg\",\"width\":100,\"height\":122},{\"@type\":\"BreadcrumbList\",\"@id\":\"https:\\\/\\\/lokalmagasinet.no\\\/?p=16477#breadcrumb\",\"itemListElement\":[{\"@type\":\"ListItem\",\"position\":1,\"name\":\"Hjem\",\"item\":\"https:\\\/\\\/lokalmagasinet.no\\\/\"},{\"@type\":\"ListItem\",\"position\":2,\"name\":\"&#8211; Rygg ikke for ryggplager!\"}]},{\"@type\":\"WebSite\",\"@id\":\"https:\\\/\\\/lokalmagasinet.no\\\/#website\",\"url\":\"https:\\\/\\\/lokalmagasinet.no\\\/\",\"name\":\"Lokalmagasinet.no\",\"description\":\"Fra fortid og n\u00e5tid. Med st\u00e5sted i det n\u00e6re. Siden 2002.\",\"publisher\":{\"@id\":\"https:\\\/\\\/lokalmagasinet.no\\\/#organization\"},\"potentialAction\":[{\"@type\":\"SearchAction\",\"target\":{\"@type\":\"EntryPoint\",\"urlTemplate\":\"https:\\\/\\\/lokalmagasinet.no\\\/?s={search_term_string}\"},\"query-input\":{\"@type\":\"PropertyValueSpecification\",\"valueRequired\":true,\"valueName\":\"search_term_string\"}}],\"inLanguage\":\"nn-NO\"},{\"@type\":\"Organization\",\"@id\":\"https:\\\/\\\/lokalmagasinet.no\\\/#organization\",\"name\":\"Lokalmagasinet.no\",\"url\":\"https:\\\/\\\/lokalmagasinet.no\\\/\",\"logo\":{\"@type\":\"ImageObject\",\"inLanguage\":\"nn-NO\",\"@id\":\"https:\\\/\\\/lokalmagasinet.no\\\/#\\\/schema\\\/logo\\\/image\\\/\",\"url\":\"https:\\\/\\\/lokalmagasinet.no\\\/wp-content\\\/uploads\\\/2021\\\/03\\\/cropped-cropped-cropped-cropped-cropped-cropped-lmlogo-e1640691300821.jpg\",\"contentUrl\":\"https:\\\/\\\/lokalmagasinet.no\\\/wp-content\\\/uploads\\\/2021\\\/03\\\/cropped-cropped-cropped-cropped-cropped-cropped-lmlogo-e1640691300821.jpg\",\"width\":72,\"height\":118,\"caption\":\"Lokalmagasinet.no\"},\"image\":{\"@id\":\"https:\\\/\\\/lokalmagasinet.no\\\/#\\\/schema\\\/logo\\\/image\\\/\"},\"sameAs\":[\"https:\\\/\\\/www.facebook.com\\\/sveinharald.strand.1\",\"https:\\\/\\\/x.com\\\/LMExtra\"]},{\"@type\":\"Person\",\"@id\":\"https:\\\/\\\/lokalmagasinet.no\\\/#\\\/schema\\\/person\\\/2e8d221708d3aaf6f577275b5bba4310\",\"name\":\"Svein-Harald Strand\",\"image\":{\"@type\":\"ImageObject\",\"inLanguage\":\"nn-NO\",\"@id\":\"https:\\\/\\\/secure.gravatar.com\\\/avatar\\\/c487434bdf6cd7c12e4a88877ae4b12c38d22b7ad64292b49d33ed7503bb7ce1?s=96&d=mm&r=g\",\"url\":\"https:\\\/\\\/secure.gravatar.com\\\/avatar\\\/c487434bdf6cd7c12e4a88877ae4b12c38d22b7ad64292b49d33ed7503bb7ce1?s=96&d=mm&r=g\",\"contentUrl\":\"https:\\\/\\\/secure.gravatar.com\\\/avatar\\\/c487434bdf6cd7c12e4a88877ae4b12c38d22b7ad64292b49d33ed7503bb7ce1?s=96&d=mm&r=g\",\"caption\":\"Svein-Harald Strand\"},\"description\":\"(F. 26.12.1945) Redakt\u00f8r, journalist og informasjonsarbeider siden 1968. ||| I 1963: Redaksjonell praktikant i 8 m\u00e5neder p\u00e5 full tid i Helgeland Arbeiderblad i hjembyen Mosj\u00f8en. ||| Arbeidende pensjonist med hjemmekontor fra 2008 (AFP) og videre som folkepensjonist til n\u00e5.\",\"sameAs\":[\"https:\\\/\\\/lokalmagasinet.no\\\/\",\"https:\\\/\\\/www.facebook.com\\\/sveinharald.strand.1\",\"https:\\\/\\\/x.com\\\/LMExtra\"],\"url\":\"https:\\\/\\\/lokalmagasinet.no\\\/?author=6\"}]}<\/script>\n<!-- \/ Yoast SEO plugin. -->","yoast_head_json":{"title":"- Rygg ikke for ryggplager! | Lokalmagasinet.no","robots":{"index":"index","follow":"follow","max-snippet":"max-snippet:-1","max-image-preview":"max-image-preview:large","max-video-preview":"max-video-preview:-1"},"canonical":"https:\/\/lokalmagasinet.no\/?p=16477","og_locale":"nn_NO","og_type":"article","og_title":"- Rygg ikke for ryggplager! | Lokalmagasinet.no","og_description":"(Publisert 23.06.23) (K\u00e5seri) Denne overskriften, eller tittelen som det egentlig heter i journalistikkfaget, satt langt inne. Det skulle jo handle om redakt\u00f8rens ryggplager. I et f\u00f8rsteutkast sto det &#8211; kjedelig ... Les mer&#8211; Rygg ikke for ryggplager!","og_url":"https:\/\/lokalmagasinet.no\/?p=16477","og_site_name":"Lokalmagasinet.no","article_publisher":"https:\/\/www.facebook.com\/sveinharald.strand.1","article_author":"https:\/\/www.facebook.com\/sveinharald.strand.1","article_published_time":"2023-06-22T23:10:49+00:00","article_modified_time":"2023-06-24T08:23:25+00:00","og_image":[{"width":100,"height":122,"url":"https:\/\/lokalmagasinet.no\/wp-content\/uploads\/2021\/03\/journalism1_200-e1651420362191.jpg","type":"image\/jpeg"}],"author":"Svein-Harald Strand","twitter_card":"summary_large_image","twitter_creator":"@LMExtra","twitter_site":"@LMExtra","twitter_misc":{"Written by":"Svein-Harald Strand","Est. reading time":"1 minutt"},"schema":{"@context":"https:\/\/schema.org","@graph":[{"@type":"Article","@id":"https:\/\/lokalmagasinet.no\/?p=16477#article","isPartOf":{"@id":"https:\/\/lokalmagasinet.no\/?p=16477"},"author":{"name":"Svein-Harald Strand","@id":"https:\/\/lokalmagasinet.no\/#\/schema\/person\/2e8d221708d3aaf6f577275b5bba4310"},"headline":"&#8211; Rygg ikke for ryggplager!","datePublished":"2023-06-22T23:10:49+00:00","dateModified":"2023-06-24T08:23:25+00:00","mainEntityOfPage":{"@id":"https:\/\/lokalmagasinet.no\/?p=16477"},"wordCount":296,"publisher":{"@id":"https:\/\/lokalmagasinet.no\/#organization"},"image":{"@id":"https:\/\/lokalmagasinet.no\/?p=16477#primaryimage"},"thumbnailUrl":"https:\/\/lokalmagasinet.no\/wp-content\/uploads\/2021\/03\/journalism1_200-e1651420362191.jpg","articleSection":["Aktuelt"],"inLanguage":"nn-NO"},{"@type":"WebPage","@id":"https:\/\/lokalmagasinet.no\/?p=16477","url":"https:\/\/lokalmagasinet.no\/?p=16477","name":"- Rygg ikke for ryggplager! | Lokalmagasinet.no","isPartOf":{"@id":"https:\/\/lokalmagasinet.no\/#website"},"primaryImageOfPage":{"@id":"https:\/\/lokalmagasinet.no\/?p=16477#primaryimage"},"image":{"@id":"https:\/\/lokalmagasinet.no\/?p=16477#primaryimage"},"thumbnailUrl":"https:\/\/lokalmagasinet.no\/wp-content\/uploads\/2021\/03\/journalism1_200-e1651420362191.jpg","datePublished":"2023-06-22T23:10:49+00:00","dateModified":"2023-06-24T08:23:25+00:00","breadcrumb":{"@id":"https:\/\/lokalmagasinet.no\/?p=16477#breadcrumb"},"inLanguage":"nn-NO","potentialAction":[{"@type":"ReadAction","target":["https:\/\/lokalmagasinet.no\/?p=16477"]}]},{"@type":"ImageObject","inLanguage":"nn-NO","@id":"https:\/\/lokalmagasinet.no\/?p=16477#primaryimage","url":"https:\/\/lokalmagasinet.no\/wp-content\/uploads\/2021\/03\/journalism1_200-e1651420362191.jpg","contentUrl":"https:\/\/lokalmagasinet.no\/wp-content\/uploads\/2021\/03\/journalism1_200-e1651420362191.jpg","width":100,"height":122},{"@type":"BreadcrumbList","@id":"https:\/\/lokalmagasinet.no\/?p=16477#breadcrumb","itemListElement":[{"@type":"ListItem","position":1,"name":"Hjem","item":"https:\/\/lokalmagasinet.no\/"},{"@type":"ListItem","position":2,"name":"&#8211; Rygg ikke for ryggplager!"}]},{"@type":"WebSite","@id":"https:\/\/lokalmagasinet.no\/#website","url":"https:\/\/lokalmagasinet.no\/","name":"Lokalmagasinet.no","description":"Fra fortid og n\u00e5tid. Med st\u00e5sted i det n\u00e6re. Siden 2002.","publisher":{"@id":"https:\/\/lokalmagasinet.no\/#organization"},"potentialAction":[{"@type":"SearchAction","target":{"@type":"EntryPoint","urlTemplate":"https:\/\/lokalmagasinet.no\/?s={search_term_string}"},"query-input":{"@type":"PropertyValueSpecification","valueRequired":true,"valueName":"search_term_string"}}],"inLanguage":"nn-NO"},{"@type":"Organization","@id":"https:\/\/lokalmagasinet.no\/#organization","name":"Lokalmagasinet.no","url":"https:\/\/lokalmagasinet.no\/","logo":{"@type":"ImageObject","inLanguage":"nn-NO","@id":"https:\/\/lokalmagasinet.no\/#\/schema\/logo\/image\/","url":"https:\/\/lokalmagasinet.no\/wp-content\/uploads\/2021\/03\/cropped-cropped-cropped-cropped-cropped-cropped-lmlogo-e1640691300821.jpg","contentUrl":"https:\/\/lokalmagasinet.no\/wp-content\/uploads\/2021\/03\/cropped-cropped-cropped-cropped-cropped-cropped-lmlogo-e1640691300821.jpg","width":72,"height":118,"caption":"Lokalmagasinet.no"},"image":{"@id":"https:\/\/lokalmagasinet.no\/#\/schema\/logo\/image\/"},"sameAs":["https:\/\/www.facebook.com\/sveinharald.strand.1","https:\/\/x.com\/LMExtra"]},{"@type":"Person","@id":"https:\/\/lokalmagasinet.no\/#\/schema\/person\/2e8d221708d3aaf6f577275b5bba4310","name":"Svein-Harald Strand","image":{"@type":"ImageObject","inLanguage":"nn-NO","@id":"https:\/\/secure.gravatar.com\/avatar\/c487434bdf6cd7c12e4a88877ae4b12c38d22b7ad64292b49d33ed7503bb7ce1?s=96&d=mm&r=g","url":"https:\/\/secure.gravatar.com\/avatar\/c487434bdf6cd7c12e4a88877ae4b12c38d22b7ad64292b49d33ed7503bb7ce1?s=96&d=mm&r=g","contentUrl":"https:\/\/secure.gravatar.com\/avatar\/c487434bdf6cd7c12e4a88877ae4b12c38d22b7ad64292b49d33ed7503bb7ce1?s=96&d=mm&r=g","caption":"Svein-Harald Strand"},"description":"(F. 26.12.1945) Redakt\u00f8r, journalist og informasjonsarbeider siden 1968. ||| I 1963: Redaksjonell praktikant i 8 m\u00e5neder p\u00e5 full tid i Helgeland Arbeiderblad i hjembyen Mosj\u00f8en. ||| Arbeidende pensjonist med hjemmekontor fra 2008 (AFP) og videre som folkepensjonist til n\u00e5.","sameAs":["https:\/\/lokalmagasinet.no\/","https:\/\/www.facebook.com\/sveinharald.strand.1","https:\/\/x.com\/LMExtra"],"url":"https:\/\/lokalmagasinet.no\/?author=6"}]}},"_links":{"self":[{"href":"https:\/\/lokalmagasinet.no\/index.php?rest_route=\/wp\/v2\/posts\/16477","targetHints":{"allow":["GET"]}}],"collection":[{"href":"https:\/\/lokalmagasinet.no\/index.php?rest_route=\/wp\/v2\/posts"}],"about":[{"href":"https:\/\/lokalmagasinet.no\/index.php?rest_route=\/wp\/v2\/types\/post"}],"author":[{"embeddable":true,"href":"https:\/\/lokalmagasinet.no\/index.php?rest_route=\/wp\/v2\/users\/6"}],"replies":[{"embeddable":true,"href":"https:\/\/lokalmagasinet.no\/index.php?rest_route=%2Fwp%2Fv2%2Fcomments&post=16477"}],"version-history":[{"count":28,"href":"https:\/\/lokalmagasinet.no\/index.php?rest_route=\/wp\/v2\/posts\/16477\/revisions"}],"predecessor-version":[{"id":16520,"href":"https:\/\/lokalmagasinet.no\/index.php?rest_route=\/wp\/v2\/posts\/16477\/revisions\/16520"}],"wp:featuredmedia":[{"embeddable":true,"href":"https:\/\/lokalmagasinet.no\/index.php?rest_route=\/wp\/v2\/media\/1874"}],"wp:attachment":[{"href":"https:\/\/lokalmagasinet.no\/index.php?rest_route=%2Fwp%2Fv2%2Fmedia&parent=16477"}],"wp:term":[{"taxonomy":"category","embeddable":true,"href":"https:\/\/lokalmagasinet.no\/index.php?rest_route=%2Fwp%2Fv2%2Fcategories&post=16477"},{"taxonomy":"post_tag","embeddable":true,"href":"https:\/\/lokalmagasinet.no\/index.php?rest_route=%2Fwp%2Fv2%2Ftags&post=16477"}],"curies":[{"name":"wp","href":"https:\/\/api.w.org\/{rel}","templated":true}]}}