{"id":16540,"date":"2023-06-27T09:26:59","date_gmt":"2023-06-27T07:26:59","guid":{"rendered":"https:\/\/lokalmagasinet.no\/?p=16540"},"modified":"2023-09-23T23:42:36","modified_gmt":"2023-09-23T21:42:36","slug":"atte-sommeraktiviteter-for-ungdom","status":"publish","type":"post","link":"https:\/\/lokalmagasinet.no\/?p=16540","title":{"rendered":"\u00c5tte sommer-aktiviteter for ungdom"},"content":{"rendered":"<div class=\"cell small-12\">\n<div class=\"contentofview\">\n<div class=\"ingressview\">\n<blockquote>\n<h5>(Publisert 27.06.23) Ung Arena Vestby arrangerer ogs\u00e5 i sommer gratis aktiviteter for ungdom bosatt i kommunen. Tilbudet gjelder for dem som er f\u00f8dt i 2003 &#8211; 2010. Vi gj\u00f8r oppmerksom p\u00e5 at at aktivitet nr. 1 allerede har funet sted. Og for nr. 2-6 er p\u00e5melding avsluttet per i dag. Se ellers aktiv lenke til kommunens hjemmesider, for flere opplysninger, nederst i denne saken.<\/h5>\n<\/blockquote>\n<p><strong>Det er to frister i \u00e5r:<\/strong><br \/>\n<strong>Frist 14. juni for aktivitetene i uke 25, 26, 27, 28 og 29.<\/strong><br \/>\n<strong>Frist 13. juli for aktivitetene i uke 30, 31 og 32.<\/strong><\/p>\n<p>P\u00e5meldingen er bindende, og det er begrenset antall plasser.<\/p>\n<\/div>\n<div class=\"articlebody cf\">\n<div id=\"articleparagraph66068722\" class=\"articleparagraph apid10185881 articleparagraph2 \">\n<h2 class=\"paragraphheadline\">Aktivitet nr. 1 &#8211; Paradox museum og is p\u00e5 operataket i Oslo<\/h2>\n<div id=\"paragraphtext10185881\" class=\"paragraphtext\">\n<p><strong>Dato:<\/strong> Torsdag 22. juni.<br \/>\n<strong>Oppm\u00f8te: Son: <\/strong>Ved bussholdeplassen kl. 10.50. Tog fra Sonsveien stasjon kl.11.06.<br \/>\n<strong>Oppm\u00f8te: Vestby:<\/strong>\u00a0Vestby stasjon ved bussene kl. 10.55 &#8211; tog fra Vestby stasjon kl. 11.12.<br \/>\n<strong>Hjemreise:<\/strong> Tog fra Oslo 15.20.<br \/>\n<strong>Kontaktperson:<\/strong> Irene Zetlitz tlf 404 26 335 eller e-post: <a href=\"mailto:ungarena@vestby.kommune.no?subject=Sommerferieaktivitet%201\">Ung Arena<\/a><\/p>\n<p><strong>P\u00e5melding avsluttet.<\/strong><\/p>\n<\/div>\n<\/div>\n<div id=\"articleparagraph66068723\" class=\"articleparagraph apid10185882 articleparagraph3 \">\n<h2 class=\"paragraphheadline\">Aktivitet nr. 2 &#8211; Overnattingstur til Bile<\/h2>\n<div id=\"paragraphtext10185882\" class=\"paragraphtext\">\n<p><strong>Dato<\/strong>: Onsdag 28. juni &#8211; fredag 30.juni.<br \/>\n<strong>Oppm\u00f8te<\/strong>: <strong>Vestby : <\/strong>Vestby\u00a0Togstasjon kl. 13.00.<br \/>\n<strong>Oppm\u00f8te<\/strong>: <strong>Son:<\/strong>\u00a0Parkeringsplassen mellom Kiwi i Son og broen mot Kol\u00e5s. Kl.13.30.<br \/>\n<strong>Hjemreise<\/strong>: Tilbake i Son fredag kl. 12.00.<br \/>\n<strong>Kontaktperson<\/strong>: Stine Hesjedal tlf: 940 05 618 eller epost <a href=\"mailto:ungarena@vestby.kommune.no?subject=Sommerferieaktivitet%202%20\">Ung Arena<\/a><\/p>\n<p><strong>P\u00e5melding avsluttet.<\/strong><\/p>\n<\/div>\n<\/div>\n<div id=\"articleparagraph66068724\" class=\"articleparagraph apid10185883 articleparagraph4 \">\n<h2 class=\"paragraphheadline\">Aktivitet nr. 3 &#8211; Klatring p\u00e5 Grensen<\/h2>\n<div id=\"paragraphtext10185883\" class=\"paragraphtext\">\n<p><strong>Dato<\/strong>: Torsdag 6. juli.<br \/>\n<strong>Oppm\u00f8te<\/strong>: <strong>Vestby: <\/strong>Vestby togstasjon kl. 10.30.<br \/>\n<strong>Oppm\u00f8te<\/strong>: <strong>Son<\/strong>: Grevlingen (ved s\u00f8ppelskuret) kl. 10.40.<br \/>\n<strong>Hjemreise<\/strong>: Fra Halden kl. 16.30.<br \/>\n<strong>Kontaktperson<\/strong>: Stine Hesjedal tlf: 940 05 618 eller epost <a href=\"mailto:ungarena@vestby.kommune.no?subject=Sommerferieaktivitet%203\">Ung Arena<\/a><\/p>\n<p><strong>P\u00e5melding avsluttet.<\/strong><\/p>\n<\/div>\n<\/div>\n<div id=\"articleparagraph66068725\" class=\"articleparagraph apid10185884 articleparagraph5 \">\n<h2 class=\"paragraphheadline\">Aktivitet nr. 4 &#8211; Paintball i Garder<\/h2>\n<div id=\"paragraphtext10185884\" class=\"paragraphtext\">\n<p><strong>Dato<\/strong>: Torsdag 13. juli.<br \/>\n<strong>Oppm\u00f8te: Vestby<\/strong>: Vestby stasjon kl. 11.30.<br \/>\n<strong>Oppm\u00f8te<\/strong>: Son: Grevlingen (ved s\u00f8ppelskuret) kl. 11.30.<br \/>\n<strong>Hjemreise<\/strong>: Fra Garder kl. 15.00.<br \/>\n<strong>Kontaktperson<\/strong>: Ingvild Hammerstad tlf 457 31 116 eller epost <a href=\"mailto:ungarena@vestby.kommune.no?subject=Sommerferieaktivitet%204\">Ung Arena<\/a><\/p>\n<p><strong>P\u00e5melding avsluttet.<\/strong><\/p>\n<\/div>\n<\/div>\n<div id=\"articleparagraph66068726\" class=\"articleparagraph apid10185885 articleparagraph6 \">\n<h2 class=\"paragraphheadline\">Aktivitet nr. 5 &#8211; Design\/redesign og tegnekurs p\u00e5 Frivillighetssentralen i Vestby<\/h2>\n<div id=\"paragraphtext10185885\" class=\"paragraphtext\">\n<p><strong>Dato: <\/strong>Torsdag 20. juli.<br \/>\n<strong>Oppm\u00f8te:<\/strong> P\u00e5 Frivillighetssentralen kl. 10.50.<br \/>\n<strong>Hjemreise<\/strong>: Ferdige ca kl. 14.00.<br \/>\n<strong>Kontaktperson<\/strong>: Irene Zetlitz tlf 404 26 335 eller epost <a href=\"mailto:ungarena@vestby.kommune.no?subject=Sommerferieaktivitet%205\">Ung Arena<\/a><\/p>\n<p><strong>P\u00e5melding avsluttet.<\/strong><\/p>\n<\/div>\n<\/div>\n<div id=\"articleparagraph66068727\" class=\"articleparagraph apid10185886 articleparagraph7 \">\n<h2 class=\"paragraphheadline\">Aktivitet nr. 6 &#8211; Bowling p\u00e5 Lucky bowl i Ski<\/h2>\n<div id=\"paragraphtext10185886\" class=\"paragraphtext\">\n<p><strong>Dato<\/strong>: Torsdag 27. juli.<br \/>\n<strong>Oppm\u00f8te<\/strong>: Son: Sonsveien stasjon kl. 12.25, tog fra Sonsveien stasjon kl. 12.36<br \/>\n<strong>Oppm\u00f8te<\/strong>: Vestby stasjon 12.30, tog fra Vestby stasjon kl. 12.42<br \/>\n<strong>Hjemreise<\/strong>: Tog tilbake fra Ski 15.33<br \/>\n<strong>Kontaktperson:\u00a0<\/strong>Lise Forfang Grimnes tlf 916 04 917 eller epost <a href=\"mailto:ungarena@vestby.kommune.no?subject=Sommerferieaktivitet%206\">Ung Arena<\/a><\/p>\n<\/div>\n<\/div>\n<div id=\"articleparagraph66068728\" class=\"articleparagraph apid10185887 articleparagraph8 \">\n<h2 class=\"paragraphheadline\">Aktivitet nr. 7 &#8211; Overnattingstur til Hvaler<\/h2>\n<div id=\"paragraphtext10185887\" class=\"paragraphtext\">\n<p><strong>Dato<\/strong>: Onsdag 2. august \u2013 fredag 4. august.<br \/>\n<strong>Oppm\u00f8te<\/strong>:Vestby stasjon kl. 11.20<br \/>\n<strong>Oppm\u00f8te<\/strong>: Grevlingen 11.30.<br \/>\n<strong>Hjemreise<\/strong>: fra Hvaler kl. 11.30<br \/>\n<strong>Kontaktperson<\/strong>: Irene Zetlitz tlf 404 26 335 eller epost <a href=\"mailto:ungarena@vestby.kommune.no?subject=Sommerferieaktivitet%207\">Ung Arena<\/a><\/p>\n<\/div>\n<\/div>\n<div id=\"articleparagraph66068729\" class=\"articleparagraph apid10185888 articleparagraph9 \">\n<h2 class=\"paragraphheadline\">Aktivitet nr. 8 &#8211; Tur til Eldorado Esport i Oslo<\/h2>\n<div id=\"paragraphtext10185888\" class=\"paragraphtext\">\n<p><strong>Dato<\/strong>: Torsdag 10. august.<br \/>\n<strong>Oppm\u00f8te<\/strong>: Oppm\u00f8te oppe ved bussholdeplassen kl. 10.50, Tog fra Sonsveien stasjon kl.11.06.<br \/>\n<strong>Oppm\u00f8te<\/strong>: Vestby stasjon ved bussene kl. 10.55, tog fra Vestby stasjon kl. 11.12.<br \/>\n<strong>Hjemreise<\/strong>: Tog fra Oslo 16.20<br \/>\n<strong>Kontaktperson<\/strong>: Irene Zetlitz tlf 404 26 335 eller epost <a href=\"mailto:Ungarena@vestby.kommune.no?subject=Sommerferieaktivitet%208\">Ung Arena<\/a><\/p>\n<\/div>\n<\/div>\n<div id=\"articleparagraph660687210\" class=\"articleparagraph apid10185889 articleparagraph10 \">\n<h2 class=\"paragraphheadline\"><a href=\"https:\/\/www.vestby.kommune.no\/ung-arena-tilbyr-disse-sommerferieaktivitetene-for-ungdom.6606872-533673.html#\" data-forparid=\"10185889\">P\u00e5melding sommerferieaktiviteter 2023<\/a><\/h2>\n<\/div>\n<\/div>\n<\/div>\n<\/div>\n<p>Views: 102<\/p>","protected":false},"excerpt":{"rendered":"<p>(Publisert 27.06.23) Ung Arena Vestby arrangerer ogs\u00e5 i sommer gratis aktiviteter for ungdom bosatt i kommunen. Tilbudet gjelder for dem som er f\u00f8dt i 2003 &#8211; 2010. Vi gj\u00f8r oppmerksom &#8230; <\/p>\n<p class=\"read-more-container\"><a title=\"\u00c5tte sommer-aktiviteter for ungdom\" class=\"read-more button\" href=\"https:\/\/lokalmagasinet.no\/?p=16540#more-16540\">Les mer<span class=\"screen-reader-text\">\u00c5tte sommer-aktiviteter for ungdom<\/span><\/a><\/p>\n","protected":false},"author":6,"featured_media":13363,"comment_status":"closed","ping_status":"closed","sticky":false,"template":"","format":"standard","meta":{"footnotes":""},"categories":[1],"tags":[],"class_list":["post-16540","post","type-post","status-publish","format-standard","has-post-thumbnail","hentry","category-aktuelt","resize-featured-image"],"yoast_head":"<!-- This site is optimized with the Yoast SEO plugin v27.5 - https:\/\/yoast.com\/product\/yoast-seo-wordpress\/ -->\n<title>\u00c5tte sommer-aktiviteter for ungdom | Lokalmagasinet.no<\/title>\n<meta name=\"robots\" content=\"index, follow, max-snippet:-1, max-image-preview:large, max-video-preview:-1\" \/>\n<link rel=\"canonical\" href=\"https:\/\/lokalmagasinet.no\/?p=16540\" \/>\n<meta property=\"og:locale\" content=\"nn_NO\" \/>\n<meta property=\"og:type\" content=\"article\" \/>\n<meta property=\"og:title\" content=\"\u00c5tte sommer-aktiviteter for ungdom | Lokalmagasinet.no\" \/>\n<meta property=\"og:description\" content=\"(Publisert 27.06.23) Ung Arena Vestby arrangerer ogs\u00e5 i sommer gratis aktiviteter for ungdom bosatt i kommunen. Tilbudet gjelder for dem som er f\u00f8dt i 2003 &#8211; 2010. Vi gj\u00f8r oppmerksom ... Les mer\u00c5tte sommer-aktiviteter for ungdom\" \/>\n<meta property=\"og:url\" content=\"https:\/\/lokalmagasinet.no\/?p=16540\" \/>\n<meta property=\"og:site_name\" content=\"Lokalmagasinet.no\" \/>\n<meta property=\"article:publisher\" content=\"https:\/\/www.facebook.com\/sveinharald.strand.1\" \/>\n<meta property=\"article:author\" content=\"https:\/\/www.facebook.com\/sveinharald.strand.1\" \/>\n<meta property=\"article:published_time\" content=\"2023-06-27T07:26:59+00:00\" \/>\n<meta property=\"article:modified_time\" content=\"2023-09-23T21:42:36+00:00\" \/>\n<meta property=\"og:image\" content=\"https:\/\/lokalmagasinet.no\/wp-content\/uploads\/2021\/03\/cropped-cropped-cropped-cropped-lmlogo-e1640691300821.jpg\" \/>\n\t<meta property=\"og:image:width\" content=\"72\" \/>\n\t<meta property=\"og:image:height\" content=\"118\" \/>\n\t<meta property=\"og:image:type\" content=\"image\/jpeg\" \/>\n<meta name=\"author\" content=\"Svein-Harald Strand\" \/>\n<meta name=\"twitter:card\" content=\"summary_large_image\" \/>\n<meta name=\"twitter:creator\" content=\"@LMExtra\" \/>\n<meta name=\"twitter:site\" content=\"@LMExtra\" \/>\n<meta name=\"twitter:label1\" content=\"Written by\" \/>\n\t<meta name=\"twitter:data1\" content=\"Svein-Harald Strand\" \/>\n\t<meta name=\"twitter:label2\" content=\"Est. reading time\" \/>\n\t<meta name=\"twitter:data2\" content=\"2 minutt\" \/>\n<script type=\"application\/ld+json\" class=\"yoast-schema-graph\">{\"@context\":\"https:\\\/\\\/schema.org\",\"@graph\":[{\"@type\":\"Article\",\"@id\":\"https:\\\/\\\/lokalmagasinet.no\\\/?p=16540#article\",\"isPartOf\":{\"@id\":\"https:\\\/\\\/lokalmagasinet.no\\\/?p=16540\"},\"author\":{\"name\":\"Svein-Harald Strand\",\"@id\":\"https:\\\/\\\/lokalmagasinet.no\\\/#\\\/schema\\\/person\\\/2e8d221708d3aaf6f577275b5bba4310\"},\"headline\":\"\u00c5tte sommer-aktiviteter for ungdom\",\"datePublished\":\"2023-06-27T07:26:59+00:00\",\"dateModified\":\"2023-09-23T21:42:36+00:00\",\"mainEntityOfPage\":{\"@id\":\"https:\\\/\\\/lokalmagasinet.no\\\/?p=16540\"},\"wordCount\":439,\"publisher\":{\"@id\":\"https:\\\/\\\/lokalmagasinet.no\\\/#organization\"},\"image\":{\"@id\":\"https:\\\/\\\/lokalmagasinet.no\\\/?p=16540#primaryimage\"},\"thumbnailUrl\":\"https:\\\/\\\/lokalmagasinet.no\\\/wp-content\\\/uploads\\\/2021\\\/03\\\/cropped-cropped-cropped-cropped-lmlogo-e1640691300821.jpg\",\"articleSection\":[\"Aktuelt\"],\"inLanguage\":\"nn-NO\"},{\"@type\":\"WebPage\",\"@id\":\"https:\\\/\\\/lokalmagasinet.no\\\/?p=16540\",\"url\":\"https:\\\/\\\/lokalmagasinet.no\\\/?p=16540\",\"name\":\"\u00c5tte sommer-aktiviteter for ungdom | Lokalmagasinet.no\",\"isPartOf\":{\"@id\":\"https:\\\/\\\/lokalmagasinet.no\\\/#website\"},\"primaryImageOfPage\":{\"@id\":\"https:\\\/\\\/lokalmagasinet.no\\\/?p=16540#primaryimage\"},\"image\":{\"@id\":\"https:\\\/\\\/lokalmagasinet.no\\\/?p=16540#primaryimage\"},\"thumbnailUrl\":\"https:\\\/\\\/lokalmagasinet.no\\\/wp-content\\\/uploads\\\/2021\\\/03\\\/cropped-cropped-cropped-cropped-lmlogo-e1640691300821.jpg\",\"datePublished\":\"2023-06-27T07:26:59+00:00\",\"dateModified\":\"2023-09-23T21:42:36+00:00\",\"breadcrumb\":{\"@id\":\"https:\\\/\\\/lokalmagasinet.no\\\/?p=16540#breadcrumb\"},\"inLanguage\":\"nn-NO\",\"potentialAction\":[{\"@type\":\"ReadAction\",\"target\":[\"https:\\\/\\\/lokalmagasinet.no\\\/?p=16540\"]}]},{\"@type\":\"ImageObject\",\"inLanguage\":\"nn-NO\",\"@id\":\"https:\\\/\\\/lokalmagasinet.no\\\/?p=16540#primaryimage\",\"url\":\"https:\\\/\\\/lokalmagasinet.no\\\/wp-content\\\/uploads\\\/2021\\\/03\\\/cropped-cropped-cropped-cropped-lmlogo-e1640691300821.jpg\",\"contentUrl\":\"https:\\\/\\\/lokalmagasinet.no\\\/wp-content\\\/uploads\\\/2021\\\/03\\\/cropped-cropped-cropped-cropped-lmlogo-e1640691300821.jpg\",\"width\":72,\"height\":118},{\"@type\":\"BreadcrumbList\",\"@id\":\"https:\\\/\\\/lokalmagasinet.no\\\/?p=16540#breadcrumb\",\"itemListElement\":[{\"@type\":\"ListItem\",\"position\":1,\"name\":\"Hjem\",\"item\":\"https:\\\/\\\/lokalmagasinet.no\\\/\"},{\"@type\":\"ListItem\",\"position\":2,\"name\":\"\u00c5tte sommer-aktiviteter for ungdom\"}]},{\"@type\":\"WebSite\",\"@id\":\"https:\\\/\\\/lokalmagasinet.no\\\/#website\",\"url\":\"https:\\\/\\\/lokalmagasinet.no\\\/\",\"name\":\"Lokalmagasinet.no\",\"description\":\"Fra fortid og n\u00e5tid. Med st\u00e5sted i det n\u00e6re. Siden 2002.\",\"publisher\":{\"@id\":\"https:\\\/\\\/lokalmagasinet.no\\\/#organization\"},\"potentialAction\":[{\"@type\":\"SearchAction\",\"target\":{\"@type\":\"EntryPoint\",\"urlTemplate\":\"https:\\\/\\\/lokalmagasinet.no\\\/?s={search_term_string}\"},\"query-input\":{\"@type\":\"PropertyValueSpecification\",\"valueRequired\":true,\"valueName\":\"search_term_string\"}}],\"inLanguage\":\"nn-NO\"},{\"@type\":\"Organization\",\"@id\":\"https:\\\/\\\/lokalmagasinet.no\\\/#organization\",\"name\":\"Lokalmagasinet.no\",\"url\":\"https:\\\/\\\/lokalmagasinet.no\\\/\",\"logo\":{\"@type\":\"ImageObject\",\"inLanguage\":\"nn-NO\",\"@id\":\"https:\\\/\\\/lokalmagasinet.no\\\/#\\\/schema\\\/logo\\\/image\\\/\",\"url\":\"https:\\\/\\\/lokalmagasinet.no\\\/wp-content\\\/uploads\\\/2021\\\/03\\\/cropped-cropped-cropped-cropped-cropped-cropped-lmlogo-e1640691300821.jpg\",\"contentUrl\":\"https:\\\/\\\/lokalmagasinet.no\\\/wp-content\\\/uploads\\\/2021\\\/03\\\/cropped-cropped-cropped-cropped-cropped-cropped-lmlogo-e1640691300821.jpg\",\"width\":72,\"height\":118,\"caption\":\"Lokalmagasinet.no\"},\"image\":{\"@id\":\"https:\\\/\\\/lokalmagasinet.no\\\/#\\\/schema\\\/logo\\\/image\\\/\"},\"sameAs\":[\"https:\\\/\\\/www.facebook.com\\\/sveinharald.strand.1\",\"https:\\\/\\\/x.com\\\/LMExtra\"]},{\"@type\":\"Person\",\"@id\":\"https:\\\/\\\/lokalmagasinet.no\\\/#\\\/schema\\\/person\\\/2e8d221708d3aaf6f577275b5bba4310\",\"name\":\"Svein-Harald Strand\",\"image\":{\"@type\":\"ImageObject\",\"inLanguage\":\"nn-NO\",\"@id\":\"https:\\\/\\\/secure.gravatar.com\\\/avatar\\\/c487434bdf6cd7c12e4a88877ae4b12c38d22b7ad64292b49d33ed7503bb7ce1?s=96&d=mm&r=g\",\"url\":\"https:\\\/\\\/secure.gravatar.com\\\/avatar\\\/c487434bdf6cd7c12e4a88877ae4b12c38d22b7ad64292b49d33ed7503bb7ce1?s=96&d=mm&r=g\",\"contentUrl\":\"https:\\\/\\\/secure.gravatar.com\\\/avatar\\\/c487434bdf6cd7c12e4a88877ae4b12c38d22b7ad64292b49d33ed7503bb7ce1?s=96&d=mm&r=g\",\"caption\":\"Svein-Harald Strand\"},\"description\":\"(F. 26.12.1945) Redakt\u00f8r, journalist og informasjonsarbeider siden 1968. ||| I 1963: Redaksjonell praktikant i 8 m\u00e5neder p\u00e5 full tid i Helgeland Arbeiderblad i hjembyen Mosj\u00f8en. ||| Arbeidende pensjonist med hjemmekontor fra 2008 (AFP) og videre som folkepensjonist til n\u00e5.\",\"sameAs\":[\"https:\\\/\\\/lokalmagasinet.no\\\/\",\"https:\\\/\\\/www.facebook.com\\\/sveinharald.strand.1\",\"https:\\\/\\\/x.com\\\/LMExtra\"],\"url\":\"https:\\\/\\\/lokalmagasinet.no\\\/?author=6\"}]}<\/script>\n<!-- \/ Yoast SEO plugin. -->","yoast_head_json":{"title":"\u00c5tte sommer-aktiviteter for ungdom | Lokalmagasinet.no","robots":{"index":"index","follow":"follow","max-snippet":"max-snippet:-1","max-image-preview":"max-image-preview:large","max-video-preview":"max-video-preview:-1"},"canonical":"https:\/\/lokalmagasinet.no\/?p=16540","og_locale":"nn_NO","og_type":"article","og_title":"\u00c5tte sommer-aktiviteter for ungdom | Lokalmagasinet.no","og_description":"(Publisert 27.06.23) Ung Arena Vestby arrangerer ogs\u00e5 i sommer gratis aktiviteter for ungdom bosatt i kommunen. Tilbudet gjelder for dem som er f\u00f8dt i 2003 &#8211; 2010. Vi gj\u00f8r oppmerksom ... Les mer\u00c5tte sommer-aktiviteter for ungdom","og_url":"https:\/\/lokalmagasinet.no\/?p=16540","og_site_name":"Lokalmagasinet.no","article_publisher":"https:\/\/www.facebook.com\/sveinharald.strand.1","article_author":"https:\/\/www.facebook.com\/sveinharald.strand.1","article_published_time":"2023-06-27T07:26:59+00:00","article_modified_time":"2023-09-23T21:42:36+00:00","og_image":[{"width":72,"height":118,"url":"https:\/\/lokalmagasinet.no\/wp-content\/uploads\/2021\/03\/cropped-cropped-cropped-cropped-lmlogo-e1640691300821.jpg","type":"image\/jpeg"}],"author":"Svein-Harald Strand","twitter_card":"summary_large_image","twitter_creator":"@LMExtra","twitter_site":"@LMExtra","twitter_misc":{"Written by":"Svein-Harald Strand","Est. reading time":"2 minutt"},"schema":{"@context":"https:\/\/schema.org","@graph":[{"@type":"Article","@id":"https:\/\/lokalmagasinet.no\/?p=16540#article","isPartOf":{"@id":"https:\/\/lokalmagasinet.no\/?p=16540"},"author":{"name":"Svein-Harald Strand","@id":"https:\/\/lokalmagasinet.no\/#\/schema\/person\/2e8d221708d3aaf6f577275b5bba4310"},"headline":"\u00c5tte sommer-aktiviteter for ungdom","datePublished":"2023-06-27T07:26:59+00:00","dateModified":"2023-09-23T21:42:36+00:00","mainEntityOfPage":{"@id":"https:\/\/lokalmagasinet.no\/?p=16540"},"wordCount":439,"publisher":{"@id":"https:\/\/lokalmagasinet.no\/#organization"},"image":{"@id":"https:\/\/lokalmagasinet.no\/?p=16540#primaryimage"},"thumbnailUrl":"https:\/\/lokalmagasinet.no\/wp-content\/uploads\/2021\/03\/cropped-cropped-cropped-cropped-lmlogo-e1640691300821.jpg","articleSection":["Aktuelt"],"inLanguage":"nn-NO"},{"@type":"WebPage","@id":"https:\/\/lokalmagasinet.no\/?p=16540","url":"https:\/\/lokalmagasinet.no\/?p=16540","name":"\u00c5tte sommer-aktiviteter for ungdom | Lokalmagasinet.no","isPartOf":{"@id":"https:\/\/lokalmagasinet.no\/#website"},"primaryImageOfPage":{"@id":"https:\/\/lokalmagasinet.no\/?p=16540#primaryimage"},"image":{"@id":"https:\/\/lokalmagasinet.no\/?p=16540#primaryimage"},"thumbnailUrl":"https:\/\/lokalmagasinet.no\/wp-content\/uploads\/2021\/03\/cropped-cropped-cropped-cropped-lmlogo-e1640691300821.jpg","datePublished":"2023-06-27T07:26:59+00:00","dateModified":"2023-09-23T21:42:36+00:00","breadcrumb":{"@id":"https:\/\/lokalmagasinet.no\/?p=16540#breadcrumb"},"inLanguage":"nn-NO","potentialAction":[{"@type":"ReadAction","target":["https:\/\/lokalmagasinet.no\/?p=16540"]}]},{"@type":"ImageObject","inLanguage":"nn-NO","@id":"https:\/\/lokalmagasinet.no\/?p=16540#primaryimage","url":"https:\/\/lokalmagasinet.no\/wp-content\/uploads\/2021\/03\/cropped-cropped-cropped-cropped-lmlogo-e1640691300821.jpg","contentUrl":"https:\/\/lokalmagasinet.no\/wp-content\/uploads\/2021\/03\/cropped-cropped-cropped-cropped-lmlogo-e1640691300821.jpg","width":72,"height":118},{"@type":"BreadcrumbList","@id":"https:\/\/lokalmagasinet.no\/?p=16540#breadcrumb","itemListElement":[{"@type":"ListItem","position":1,"name":"Hjem","item":"https:\/\/lokalmagasinet.no\/"},{"@type":"ListItem","position":2,"name":"\u00c5tte sommer-aktiviteter for ungdom"}]},{"@type":"WebSite","@id":"https:\/\/lokalmagasinet.no\/#website","url":"https:\/\/lokalmagasinet.no\/","name":"Lokalmagasinet.no","description":"Fra fortid og n\u00e5tid. Med st\u00e5sted i det n\u00e6re. Siden 2002.","publisher":{"@id":"https:\/\/lokalmagasinet.no\/#organization"},"potentialAction":[{"@type":"SearchAction","target":{"@type":"EntryPoint","urlTemplate":"https:\/\/lokalmagasinet.no\/?s={search_term_string}"},"query-input":{"@type":"PropertyValueSpecification","valueRequired":true,"valueName":"search_term_string"}}],"inLanguage":"nn-NO"},{"@type":"Organization","@id":"https:\/\/lokalmagasinet.no\/#organization","name":"Lokalmagasinet.no","url":"https:\/\/lokalmagasinet.no\/","logo":{"@type":"ImageObject","inLanguage":"nn-NO","@id":"https:\/\/lokalmagasinet.no\/#\/schema\/logo\/image\/","url":"https:\/\/lokalmagasinet.no\/wp-content\/uploads\/2021\/03\/cropped-cropped-cropped-cropped-cropped-cropped-lmlogo-e1640691300821.jpg","contentUrl":"https:\/\/lokalmagasinet.no\/wp-content\/uploads\/2021\/03\/cropped-cropped-cropped-cropped-cropped-cropped-lmlogo-e1640691300821.jpg","width":72,"height":118,"caption":"Lokalmagasinet.no"},"image":{"@id":"https:\/\/lokalmagasinet.no\/#\/schema\/logo\/image\/"},"sameAs":["https:\/\/www.facebook.com\/sveinharald.strand.1","https:\/\/x.com\/LMExtra"]},{"@type":"Person","@id":"https:\/\/lokalmagasinet.no\/#\/schema\/person\/2e8d221708d3aaf6f577275b5bba4310","name":"Svein-Harald Strand","image":{"@type":"ImageObject","inLanguage":"nn-NO","@id":"https:\/\/secure.gravatar.com\/avatar\/c487434bdf6cd7c12e4a88877ae4b12c38d22b7ad64292b49d33ed7503bb7ce1?s=96&d=mm&r=g","url":"https:\/\/secure.gravatar.com\/avatar\/c487434bdf6cd7c12e4a88877ae4b12c38d22b7ad64292b49d33ed7503bb7ce1?s=96&d=mm&r=g","contentUrl":"https:\/\/secure.gravatar.com\/avatar\/c487434bdf6cd7c12e4a88877ae4b12c38d22b7ad64292b49d33ed7503bb7ce1?s=96&d=mm&r=g","caption":"Svein-Harald Strand"},"description":"(F. 26.12.1945) Redakt\u00f8r, journalist og informasjonsarbeider siden 1968. ||| I 1963: Redaksjonell praktikant i 8 m\u00e5neder p\u00e5 full tid i Helgeland Arbeiderblad i hjembyen Mosj\u00f8en. ||| Arbeidende pensjonist med hjemmekontor fra 2008 (AFP) og videre som folkepensjonist til n\u00e5.","sameAs":["https:\/\/lokalmagasinet.no\/","https:\/\/www.facebook.com\/sveinharald.strand.1","https:\/\/x.com\/LMExtra"],"url":"https:\/\/lokalmagasinet.no\/?author=6"}]}},"_links":{"self":[{"href":"https:\/\/lokalmagasinet.no\/index.php?rest_route=\/wp\/v2\/posts\/16540","targetHints":{"allow":["GET"]}}],"collection":[{"href":"https:\/\/lokalmagasinet.no\/index.php?rest_route=\/wp\/v2\/posts"}],"about":[{"href":"https:\/\/lokalmagasinet.no\/index.php?rest_route=\/wp\/v2\/types\/post"}],"author":[{"embeddable":true,"href":"https:\/\/lokalmagasinet.no\/index.php?rest_route=\/wp\/v2\/users\/6"}],"replies":[{"embeddable":true,"href":"https:\/\/lokalmagasinet.no\/index.php?rest_route=%2Fwp%2Fv2%2Fcomments&post=16540"}],"version-history":[{"count":33,"href":"https:\/\/lokalmagasinet.no\/index.php?rest_route=\/wp\/v2\/posts\/16540\/revisions"}],"predecessor-version":[{"id":18801,"href":"https:\/\/lokalmagasinet.no\/index.php?rest_route=\/wp\/v2\/posts\/16540\/revisions\/18801"}],"wp:featuredmedia":[{"embeddable":true,"href":"https:\/\/lokalmagasinet.no\/index.php?rest_route=\/wp\/v2\/media\/13363"}],"wp:attachment":[{"href":"https:\/\/lokalmagasinet.no\/index.php?rest_route=%2Fwp%2Fv2%2Fmedia&parent=16540"}],"wp:term":[{"taxonomy":"category","embeddable":true,"href":"https:\/\/lokalmagasinet.no\/index.php?rest_route=%2Fwp%2Fv2%2Fcategories&post=16540"},{"taxonomy":"post_tag","embeddable":true,"href":"https:\/\/lokalmagasinet.no\/index.php?rest_route=%2Fwp%2Fv2%2Ftags&post=16540"}],"curies":[{"name":"wp","href":"https:\/\/api.w.org\/{rel}","templated":true}]}}