{"id":1708,"date":"2023-05-31T00:13:54","date_gmt":"2023-05-30T22:13:54","guid":{"rendered":"http:\/\/lokalmagasinet.no\/?page_id=1708"},"modified":"2023-05-31T00:13:57","modified_gmt":"2023-05-30T22:13:57","slug":"baerekraftige-barn-gir-baerekraftig-klode","status":"publish","type":"post","link":"https:\/\/lokalmagasinet.no\/?p=1708","title":{"rendered":"B\u00e6rekraftige barn og en b\u00e6rekraftig klode"},"content":{"rendered":"<p><img loading=\"lazy\" decoding=\"async\" class=\"alignnone size-full wp-image-1714\" src=\"http:\/\/lokalmagasinet.no\/wp-content\/uploads\/2021\/03\/kindergarten-421623_960_720.jpg\" alt=\"\" width=\"960\" height=\"720\" srcset=\"https:\/\/lokalmagasinet.no\/wp-content\/uploads\/2021\/03\/kindergarten-421623_960_720.jpg 960w, https:\/\/lokalmagasinet.no\/wp-content\/uploads\/2021\/03\/kindergarten-421623_960_720-300x225.jpg 300w, https:\/\/lokalmagasinet.no\/wp-content\/uploads\/2021\/03\/kindergarten-421623_960_720-768x576.jpg 768w\" sizes=\"auto, (max-width: 960px) 100vw, 960px\" \/><\/p>\n<p><strong><span style=\"font-size: 14pt;\">Da Barnehagedagen ble feiret over hele landet 9. mars 2021, var \u00e5rets tema natur og milj\u00f8, med slagordet \u00abSm\u00e5 steg for kloden\u00bb. Det heiet vi p\u00e5 &#8211; men vi f\u00e5r ikke en b\u00e6rekraftig klode uten b\u00e6rekraftige barn!<\/span><\/strong><\/p>\n<p>Av Marie Garmannslund Eide\u00a0 &#8211; Illustrasjonsfoto: Esther Merbt, Pixabay.<\/p>\n<p><span style=\"font-size: 14pt;\">I barnehageloven st\u00e5r det at barna <em>\u00ab(&#8230;) skal l\u00e6re \u00e5 ta vare p\u00e5 seg selv, hverandre og <\/em><\/span><span style=\"font-size: 14pt;\"><em>naturen.\u00bb<\/em> Da kan verken barnehagene eller politikerne hoppe bredbeint bukk over den <\/span><span style=\"font-size: 14pt;\">delen som omhandler den mellommenneskelige b\u00e6rekraften. <\/span><\/p>\n<p><span style=\"font-size: 14pt;\">Evnen til \u00e5 ta vare p\u00e5 seg selv <\/span><span style=\"font-size: 14pt;\">og hverandre har aldri v\u00e6rt viktigere enn n\u00e5. Under koronapandemien var barnehager <\/span><span style=\"font-size: 14pt;\">stengt, barn havnet i karantene og fritidsaktiviteter lukket d\u00f8rene. Besteforeldre hadde v\u00e6rt <\/span><span style=\"font-size: 14pt;\">utilgjengelige, og myndighetene ba oss om \u00e5 treffe\u00a0 f\u00e6rrest mulig mennesker.<br \/>\n<\/span><\/p>\n<p><span style=\"font-size: 14pt;\">\u00d8kt isolasjon og <\/span><span style=\"font-size: 14pt;\">\u00f8kt alenetid fikk f\u00f8lge av en \u00f8kning i bekymringsmeldinger til barnevernet. Dette var bare \u00e9n av flere <\/span><span style=\"font-size: 14pt;\">alvorlige konsekvenser for barna v\u00e5re. <\/span><\/p>\n<p><span style=\"font-size: 14pt;\">\u00c5 gi barn kunnskap og kompetanse til \u00e5 ta vare p\u00e5 seg <\/span><span style=\"font-size: 14pt;\">selv og hverandre gikk fra \u00e5 v\u00e6re en nyttig egenskap \u2013 til en helt n\u00f8dvendig ferdighet. <\/span><\/p>\n<p><strong><span style=\"font-size: 14pt;\">NY BARNEHAGELOV<\/span><\/strong><\/p>\n<p><span style=\"font-size: 14pt;\">1. januar 2021 tr\u00e5dde en ny barnehagelov i kraft. Den er fremdeles klinkende klar p\u00e5 <\/span><span style=\"font-size: 14pt;\">ansattes plikt til \u00e5 melde fra n\u00e5r det er mistanke om at et barn ikke har det godt nok <\/span><span style=\"font-size: 14pt;\">hjemme. <\/span><\/p>\n<p><span style=\"font-size: 14pt;\">Men loven har ogs\u00e5 blitt tydeligere p\u00e5 ett punkt: <\/span><\/p>\n<p><strong><span style=\"font-size: 14pt;\">Barnehageansatte er forpliktet til <\/span><span style=\"font-size: 14pt;\">\u00e5 f\u00f8lge med og gripe inn n\u00e5r et barn ikke har det godt nok i barnehagen. Dette er barnas <\/span><\/strong><span style=\"font-size: 14pt;\"><strong>\u00abarbeidsmilj\u00f8lov\u00bb, og tydeliggj\u00f8ringen kom ikke ett sekund for tidlig.<\/strong> <\/span><\/p>\n<p><span style=\"font-size: 14pt;\">Loven handler f\u00f8rst og <\/span><span style=\"font-size: 14pt;\">fremst om barnets egen opplevelse av hvordan hun eller han har det i barnehagen. Ansvaret <\/span><span style=\"font-size: 14pt;\">for \u00e5 sikre et godt og trygt barnehagemilj\u00f8 ligger alltid hos de ansatte, men barnas ekspertise <\/span><span style=\"font-size: 14pt;\">om eget liv skal st\u00e5 sentralt i oppf\u00f8lgingen. <\/span><\/p>\n<p><span style=\"font-size: 14pt;\">Vi h\u00e5per og tror at lovendringen vil bidra til at <\/span><span style=\"font-size: 14pt;\">flere barn blir sett, h\u00f8rt og tatt p\u00e5 alvor. Da er vi helt avhengig av at alle som jobber i <\/span><span style=\"font-size: 14pt;\">barnehagen kjenner til hele form\u00e5lsparagrafen, og til barnas nye \u00abarbeidsmilj\u00f8lov\u00bb og det <\/span><span style=\"font-size: 14pt;\">ansvaret som f\u00f8lger med den. Der har vi en vei \u00e5 g\u00e5!<\/span><\/p>\n<p><span style=\"font-size: 14pt;\"><strong>Marie Garmannslund Eide<\/strong><\/span><\/p>\n<p>markeds- og kommunikasjonsr\u00e5dgiver<\/p>\n<p><strong><a href=\"http:\/\/www.stinesofiesstiftelse.no\/\" data-saferedirecturl=\"https:\/\/www.google.com\/url?q=http:\/\/www.stinesofiesstiftelse.no\/&amp;source=gmail&amp;ust=1615226186279000&amp;usg=AFQjCNEhlOFixQVEmxFMRN0BxKQUwRiRFQ\">www.stinesofiesstiftelse.no<\/a><\/strong><\/p>\n<p style=\"text-align: center;\"><em>(Tidligere publisert 07.03.21, litt endret her.)<\/em><\/p>\n<p>&nbsp;<\/p>\n<p>Views: 94<\/p>","protected":false},"excerpt":{"rendered":"<p>Da Barnehagedagen ble feiret over hele landet 9. mars 2021, var \u00e5rets tema natur og milj\u00f8, med slagordet \u00abSm\u00e5 steg for kloden\u00bb. Det heiet vi p\u00e5 &#8211; men vi f\u00e5r &#8230; <\/p>\n<p class=\"read-more-container\"><a title=\"B\u00e6rekraftige barn og en b\u00e6rekraftig klode\" class=\"read-more button\" href=\"https:\/\/lokalmagasinet.no\/?p=1708#more-1708\">Les mer<span class=\"screen-reader-text\">B\u00e6rekraftige barn og en b\u00e6rekraftig klode<\/span><\/a><\/p>\n","protected":false},"author":6,"featured_media":0,"comment_status":"closed","ping_status":"open","sticky":false,"template":"","format":"standard","meta":{"footnotes":""},"categories":[1],"tags":[],"class_list":["post-1708","post","type-post","status-publish","format-standard","hentry","category-aktuelt"],"yoast_head":"<!-- This site is optimized with the Yoast SEO plugin v27.4 - https:\/\/yoast.com\/product\/yoast-seo-wordpress\/ -->\n<title>B\u00e6rekraftige barn og en b\u00e6rekraftig klode | Lokalmagasinet.no<\/title>\n<meta name=\"robots\" content=\"index, follow, max-snippet:-1, max-image-preview:large, max-video-preview:-1\" \/>\n<link rel=\"canonical\" href=\"https:\/\/lokalmagasinet.no\/?p=1708\" \/>\n<meta property=\"og:locale\" content=\"nn_NO\" \/>\n<meta property=\"og:type\" content=\"article\" \/>\n<meta property=\"og:title\" content=\"B\u00e6rekraftige barn og en b\u00e6rekraftig klode | Lokalmagasinet.no\" \/>\n<meta property=\"og:description\" content=\"Da Barnehagedagen ble feiret over hele landet 9. mars 2021, var \u00e5rets tema natur og milj\u00f8, med slagordet \u00abSm\u00e5 steg for kloden\u00bb. Det heiet vi p\u00e5 &#8211; men vi f\u00e5r ... Les merB\u00e6rekraftige barn og en b\u00e6rekraftig klode\" \/>\n<meta property=\"og:url\" content=\"https:\/\/lokalmagasinet.no\/?p=1708\" \/>\n<meta property=\"og:site_name\" content=\"Lokalmagasinet.no\" \/>\n<meta property=\"article:publisher\" content=\"https:\/\/www.facebook.com\/sveinharald.strand.1\" \/>\n<meta property=\"article:author\" content=\"https:\/\/www.facebook.com\/sveinharald.strand.1\" \/>\n<meta property=\"article:published_time\" content=\"2023-05-30T22:13:54+00:00\" \/>\n<meta property=\"article:modified_time\" content=\"2023-05-30T22:13:57+00:00\" \/>\n<meta property=\"og:image\" content=\"http:\/\/lokalmagasinet.no\/wp-content\/uploads\/2021\/03\/kindergarten-421623_960_720.jpg\" \/>\n<meta name=\"author\" content=\"Svein-Harald Strand\" \/>\n<meta name=\"twitter:card\" content=\"summary_large_image\" \/>\n<meta name=\"twitter:creator\" content=\"@LMExtra\" \/>\n<meta name=\"twitter:site\" content=\"@LMExtra\" \/>\n<meta name=\"twitter:label1\" content=\"Written by\" \/>\n\t<meta name=\"twitter:data1\" content=\"Svein-Harald Strand\" \/>\n\t<meta name=\"twitter:label2\" content=\"Est. reading time\" \/>\n\t<meta name=\"twitter:data2\" content=\"2 minutt\" \/>\n<script type=\"application\/ld+json\" class=\"yoast-schema-graph\">{\"@context\":\"https:\\\/\\\/schema.org\",\"@graph\":[{\"@type\":\"Article\",\"@id\":\"https:\\\/\\\/lokalmagasinet.no\\\/?p=1708#article\",\"isPartOf\":{\"@id\":\"https:\\\/\\\/lokalmagasinet.no\\\/?p=1708\"},\"author\":{\"name\":\"Svein-Harald Strand\",\"@id\":\"https:\\\/\\\/lokalmagasinet.no\\\/#\\\/schema\\\/person\\\/2e8d221708d3aaf6f577275b5bba4310\"},\"headline\":\"B\u00e6rekraftige barn og en b\u00e6rekraftig klode\",\"datePublished\":\"2023-05-30T22:13:54+00:00\",\"dateModified\":\"2023-05-30T22:13:57+00:00\",\"mainEntityOfPage\":{\"@id\":\"https:\\\/\\\/lokalmagasinet.no\\\/?p=1708\"},\"wordCount\":387,\"publisher\":{\"@id\":\"https:\\\/\\\/lokalmagasinet.no\\\/#organization\"},\"image\":{\"@id\":\"https:\\\/\\\/lokalmagasinet.no\\\/?p=1708#primaryimage\"},\"thumbnailUrl\":\"http:\\\/\\\/lokalmagasinet.no\\\/wp-content\\\/uploads\\\/2021\\\/03\\\/kindergarten-421623_960_720.jpg\",\"articleSection\":[\"Aktuelt\"],\"inLanguage\":\"nn-NO\"},{\"@type\":\"WebPage\",\"@id\":\"https:\\\/\\\/lokalmagasinet.no\\\/?p=1708\",\"url\":\"https:\\\/\\\/lokalmagasinet.no\\\/?p=1708\",\"name\":\"B\u00e6rekraftige barn og en b\u00e6rekraftig klode | Lokalmagasinet.no\",\"isPartOf\":{\"@id\":\"https:\\\/\\\/lokalmagasinet.no\\\/#website\"},\"primaryImageOfPage\":{\"@id\":\"https:\\\/\\\/lokalmagasinet.no\\\/?p=1708#primaryimage\"},\"image\":{\"@id\":\"https:\\\/\\\/lokalmagasinet.no\\\/?p=1708#primaryimage\"},\"thumbnailUrl\":\"http:\\\/\\\/lokalmagasinet.no\\\/wp-content\\\/uploads\\\/2021\\\/03\\\/kindergarten-421623_960_720.jpg\",\"datePublished\":\"2023-05-30T22:13:54+00:00\",\"dateModified\":\"2023-05-30T22:13:57+00:00\",\"breadcrumb\":{\"@id\":\"https:\\\/\\\/lokalmagasinet.no\\\/?p=1708#breadcrumb\"},\"inLanguage\":\"nn-NO\",\"potentialAction\":[{\"@type\":\"ReadAction\",\"target\":[\"https:\\\/\\\/lokalmagasinet.no\\\/?p=1708\"]}]},{\"@type\":\"ImageObject\",\"inLanguage\":\"nn-NO\",\"@id\":\"https:\\\/\\\/lokalmagasinet.no\\\/?p=1708#primaryimage\",\"url\":\"https:\\\/\\\/lokalmagasinet.no\\\/wp-content\\\/uploads\\\/2021\\\/03\\\/kindergarten-421623_960_720.jpg\",\"contentUrl\":\"https:\\\/\\\/lokalmagasinet.no\\\/wp-content\\\/uploads\\\/2021\\\/03\\\/kindergarten-421623_960_720.jpg\",\"width\":960,\"height\":720},{\"@type\":\"BreadcrumbList\",\"@id\":\"https:\\\/\\\/lokalmagasinet.no\\\/?p=1708#breadcrumb\",\"itemListElement\":[{\"@type\":\"ListItem\",\"position\":1,\"name\":\"Hjem\",\"item\":\"https:\\\/\\\/lokalmagasinet.no\\\/\"},{\"@type\":\"ListItem\",\"position\":2,\"name\":\"B\u00e6rekraftige barn og en b\u00e6rekraftig klode\"}]},{\"@type\":\"WebSite\",\"@id\":\"https:\\\/\\\/lokalmagasinet.no\\\/#website\",\"url\":\"https:\\\/\\\/lokalmagasinet.no\\\/\",\"name\":\"Lokalmagasinet.no\",\"description\":\"Fra fortid og n\u00e5tid. Med st\u00e5sted i det n\u00e6re. Siden 2002.\",\"publisher\":{\"@id\":\"https:\\\/\\\/lokalmagasinet.no\\\/#organization\"},\"potentialAction\":[{\"@type\":\"SearchAction\",\"target\":{\"@type\":\"EntryPoint\",\"urlTemplate\":\"https:\\\/\\\/lokalmagasinet.no\\\/?s={search_term_string}\"},\"query-input\":{\"@type\":\"PropertyValueSpecification\",\"valueRequired\":true,\"valueName\":\"search_term_string\"}}],\"inLanguage\":\"nn-NO\"},{\"@type\":\"Organization\",\"@id\":\"https:\\\/\\\/lokalmagasinet.no\\\/#organization\",\"name\":\"Lokalmagasinet.no\",\"url\":\"https:\\\/\\\/lokalmagasinet.no\\\/\",\"logo\":{\"@type\":\"ImageObject\",\"inLanguage\":\"nn-NO\",\"@id\":\"https:\\\/\\\/lokalmagasinet.no\\\/#\\\/schema\\\/logo\\\/image\\\/\",\"url\":\"https:\\\/\\\/lokalmagasinet.no\\\/wp-content\\\/uploads\\\/2021\\\/03\\\/cropped-cropped-cropped-cropped-cropped-cropped-lmlogo-e1640691300821.jpg\",\"contentUrl\":\"https:\\\/\\\/lokalmagasinet.no\\\/wp-content\\\/uploads\\\/2021\\\/03\\\/cropped-cropped-cropped-cropped-cropped-cropped-lmlogo-e1640691300821.jpg\",\"width\":72,\"height\":118,\"caption\":\"Lokalmagasinet.no\"},\"image\":{\"@id\":\"https:\\\/\\\/lokalmagasinet.no\\\/#\\\/schema\\\/logo\\\/image\\\/\"},\"sameAs\":[\"https:\\\/\\\/www.facebook.com\\\/sveinharald.strand.1\",\"https:\\\/\\\/x.com\\\/LMExtra\"]},{\"@type\":\"Person\",\"@id\":\"https:\\\/\\\/lokalmagasinet.no\\\/#\\\/schema\\\/person\\\/2e8d221708d3aaf6f577275b5bba4310\",\"name\":\"Svein-Harald Strand\",\"image\":{\"@type\":\"ImageObject\",\"inLanguage\":\"nn-NO\",\"@id\":\"https:\\\/\\\/secure.gravatar.com\\\/avatar\\\/c487434bdf6cd7c12e4a88877ae4b12c38d22b7ad64292b49d33ed7503bb7ce1?s=96&d=mm&r=g\",\"url\":\"https:\\\/\\\/secure.gravatar.com\\\/avatar\\\/c487434bdf6cd7c12e4a88877ae4b12c38d22b7ad64292b49d33ed7503bb7ce1?s=96&d=mm&r=g\",\"contentUrl\":\"https:\\\/\\\/secure.gravatar.com\\\/avatar\\\/c487434bdf6cd7c12e4a88877ae4b12c38d22b7ad64292b49d33ed7503bb7ce1?s=96&d=mm&r=g\",\"caption\":\"Svein-Harald Strand\"},\"description\":\"(F. 26.12.1945) Redakt\u00f8r, journalist og informasjonsarbeider siden 1968. ||| I 1963: Redaksjonell praktikant i 8 m\u00e5neder p\u00e5 full tid i Helgeland Arbeiderblad i hjembyen Mosj\u00f8en. ||| Arbeidende pensjonist med hjemmekontor fra 2008 (AFP) og videre som folkepensjonist til n\u00e5.\",\"sameAs\":[\"https:\\\/\\\/lokalmagasinet.no\\\/\",\"https:\\\/\\\/www.facebook.com\\\/sveinharald.strand.1\",\"https:\\\/\\\/x.com\\\/LMExtra\"],\"url\":\"https:\\\/\\\/lokalmagasinet.no\\\/?author=6\"}]}<\/script>\n<!-- \/ Yoast SEO plugin. -->","yoast_head_json":{"title":"B\u00e6rekraftige barn og en b\u00e6rekraftig klode | Lokalmagasinet.no","robots":{"index":"index","follow":"follow","max-snippet":"max-snippet:-1","max-image-preview":"max-image-preview:large","max-video-preview":"max-video-preview:-1"},"canonical":"https:\/\/lokalmagasinet.no\/?p=1708","og_locale":"nn_NO","og_type":"article","og_title":"B\u00e6rekraftige barn og en b\u00e6rekraftig klode | Lokalmagasinet.no","og_description":"Da Barnehagedagen ble feiret over hele landet 9. mars 2021, var \u00e5rets tema natur og milj\u00f8, med slagordet \u00abSm\u00e5 steg for kloden\u00bb. Det heiet vi p\u00e5 &#8211; men vi f\u00e5r ... Les merB\u00e6rekraftige barn og en b\u00e6rekraftig klode","og_url":"https:\/\/lokalmagasinet.no\/?p=1708","og_site_name":"Lokalmagasinet.no","article_publisher":"https:\/\/www.facebook.com\/sveinharald.strand.1","article_author":"https:\/\/www.facebook.com\/sveinharald.strand.1","article_published_time":"2023-05-30T22:13:54+00:00","article_modified_time":"2023-05-30T22:13:57+00:00","og_image":[{"url":"http:\/\/lokalmagasinet.no\/wp-content\/uploads\/2021\/03\/kindergarten-421623_960_720.jpg","type":"","width":"","height":""}],"author":"Svein-Harald Strand","twitter_card":"summary_large_image","twitter_creator":"@LMExtra","twitter_site":"@LMExtra","twitter_misc":{"Written by":"Svein-Harald Strand","Est. reading time":"2 minutt"},"schema":{"@context":"https:\/\/schema.org","@graph":[{"@type":"Article","@id":"https:\/\/lokalmagasinet.no\/?p=1708#article","isPartOf":{"@id":"https:\/\/lokalmagasinet.no\/?p=1708"},"author":{"name":"Svein-Harald Strand","@id":"https:\/\/lokalmagasinet.no\/#\/schema\/person\/2e8d221708d3aaf6f577275b5bba4310"},"headline":"B\u00e6rekraftige barn og en b\u00e6rekraftig klode","datePublished":"2023-05-30T22:13:54+00:00","dateModified":"2023-05-30T22:13:57+00:00","mainEntityOfPage":{"@id":"https:\/\/lokalmagasinet.no\/?p=1708"},"wordCount":387,"publisher":{"@id":"https:\/\/lokalmagasinet.no\/#organization"},"image":{"@id":"https:\/\/lokalmagasinet.no\/?p=1708#primaryimage"},"thumbnailUrl":"http:\/\/lokalmagasinet.no\/wp-content\/uploads\/2021\/03\/kindergarten-421623_960_720.jpg","articleSection":["Aktuelt"],"inLanguage":"nn-NO"},{"@type":"WebPage","@id":"https:\/\/lokalmagasinet.no\/?p=1708","url":"https:\/\/lokalmagasinet.no\/?p=1708","name":"B\u00e6rekraftige barn og en b\u00e6rekraftig klode | Lokalmagasinet.no","isPartOf":{"@id":"https:\/\/lokalmagasinet.no\/#website"},"primaryImageOfPage":{"@id":"https:\/\/lokalmagasinet.no\/?p=1708#primaryimage"},"image":{"@id":"https:\/\/lokalmagasinet.no\/?p=1708#primaryimage"},"thumbnailUrl":"http:\/\/lokalmagasinet.no\/wp-content\/uploads\/2021\/03\/kindergarten-421623_960_720.jpg","datePublished":"2023-05-30T22:13:54+00:00","dateModified":"2023-05-30T22:13:57+00:00","breadcrumb":{"@id":"https:\/\/lokalmagasinet.no\/?p=1708#breadcrumb"},"inLanguage":"nn-NO","potentialAction":[{"@type":"ReadAction","target":["https:\/\/lokalmagasinet.no\/?p=1708"]}]},{"@type":"ImageObject","inLanguage":"nn-NO","@id":"https:\/\/lokalmagasinet.no\/?p=1708#primaryimage","url":"https:\/\/lokalmagasinet.no\/wp-content\/uploads\/2021\/03\/kindergarten-421623_960_720.jpg","contentUrl":"https:\/\/lokalmagasinet.no\/wp-content\/uploads\/2021\/03\/kindergarten-421623_960_720.jpg","width":960,"height":720},{"@type":"BreadcrumbList","@id":"https:\/\/lokalmagasinet.no\/?p=1708#breadcrumb","itemListElement":[{"@type":"ListItem","position":1,"name":"Hjem","item":"https:\/\/lokalmagasinet.no\/"},{"@type":"ListItem","position":2,"name":"B\u00e6rekraftige barn og en b\u00e6rekraftig klode"}]},{"@type":"WebSite","@id":"https:\/\/lokalmagasinet.no\/#website","url":"https:\/\/lokalmagasinet.no\/","name":"Lokalmagasinet.no","description":"Fra fortid og n\u00e5tid. Med st\u00e5sted i det n\u00e6re. Siden 2002.","publisher":{"@id":"https:\/\/lokalmagasinet.no\/#organization"},"potentialAction":[{"@type":"SearchAction","target":{"@type":"EntryPoint","urlTemplate":"https:\/\/lokalmagasinet.no\/?s={search_term_string}"},"query-input":{"@type":"PropertyValueSpecification","valueRequired":true,"valueName":"search_term_string"}}],"inLanguage":"nn-NO"},{"@type":"Organization","@id":"https:\/\/lokalmagasinet.no\/#organization","name":"Lokalmagasinet.no","url":"https:\/\/lokalmagasinet.no\/","logo":{"@type":"ImageObject","inLanguage":"nn-NO","@id":"https:\/\/lokalmagasinet.no\/#\/schema\/logo\/image\/","url":"https:\/\/lokalmagasinet.no\/wp-content\/uploads\/2021\/03\/cropped-cropped-cropped-cropped-cropped-cropped-lmlogo-e1640691300821.jpg","contentUrl":"https:\/\/lokalmagasinet.no\/wp-content\/uploads\/2021\/03\/cropped-cropped-cropped-cropped-cropped-cropped-lmlogo-e1640691300821.jpg","width":72,"height":118,"caption":"Lokalmagasinet.no"},"image":{"@id":"https:\/\/lokalmagasinet.no\/#\/schema\/logo\/image\/"},"sameAs":["https:\/\/www.facebook.com\/sveinharald.strand.1","https:\/\/x.com\/LMExtra"]},{"@type":"Person","@id":"https:\/\/lokalmagasinet.no\/#\/schema\/person\/2e8d221708d3aaf6f577275b5bba4310","name":"Svein-Harald Strand","image":{"@type":"ImageObject","inLanguage":"nn-NO","@id":"https:\/\/secure.gravatar.com\/avatar\/c487434bdf6cd7c12e4a88877ae4b12c38d22b7ad64292b49d33ed7503bb7ce1?s=96&d=mm&r=g","url":"https:\/\/secure.gravatar.com\/avatar\/c487434bdf6cd7c12e4a88877ae4b12c38d22b7ad64292b49d33ed7503bb7ce1?s=96&d=mm&r=g","contentUrl":"https:\/\/secure.gravatar.com\/avatar\/c487434bdf6cd7c12e4a88877ae4b12c38d22b7ad64292b49d33ed7503bb7ce1?s=96&d=mm&r=g","caption":"Svein-Harald Strand"},"description":"(F. 26.12.1945) Redakt\u00f8r, journalist og informasjonsarbeider siden 1968. ||| I 1963: Redaksjonell praktikant i 8 m\u00e5neder p\u00e5 full tid i Helgeland Arbeiderblad i hjembyen Mosj\u00f8en. ||| Arbeidende pensjonist med hjemmekontor fra 2008 (AFP) og videre som folkepensjonist til n\u00e5.","sameAs":["https:\/\/lokalmagasinet.no\/","https:\/\/www.facebook.com\/sveinharald.strand.1","https:\/\/x.com\/LMExtra"],"url":"https:\/\/lokalmagasinet.no\/?author=6"}]}},"_links":{"self":[{"href":"https:\/\/lokalmagasinet.no\/index.php?rest_route=\/wp\/v2\/posts\/1708","targetHints":{"allow":["GET"]}}],"collection":[{"href":"https:\/\/lokalmagasinet.no\/index.php?rest_route=\/wp\/v2\/posts"}],"about":[{"href":"https:\/\/lokalmagasinet.no\/index.php?rest_route=\/wp\/v2\/types\/post"}],"author":[{"embeddable":true,"href":"https:\/\/lokalmagasinet.no\/index.php?rest_route=\/wp\/v2\/users\/6"}],"replies":[{"embeddable":true,"href":"https:\/\/lokalmagasinet.no\/index.php?rest_route=%2Fwp%2Fv2%2Fcomments&post=1708"}],"version-history":[{"count":19,"href":"https:\/\/lokalmagasinet.no\/index.php?rest_route=\/wp\/v2\/posts\/1708\/revisions"}],"predecessor-version":[{"id":27542,"href":"https:\/\/lokalmagasinet.no\/index.php?rest_route=\/wp\/v2\/posts\/1708\/revisions\/27542"}],"wp:attachment":[{"href":"https:\/\/lokalmagasinet.no\/index.php?rest_route=%2Fwp%2Fv2%2Fmedia&parent=1708"}],"wp:term":[{"taxonomy":"category","embeddable":true,"href":"https:\/\/lokalmagasinet.no\/index.php?rest_route=%2Fwp%2Fv2%2Fcategories&post=1708"},{"taxonomy":"post_tag","embeddable":true,"href":"https:\/\/lokalmagasinet.no\/index.php?rest_route=%2Fwp%2Fv2%2Ftags&post=1708"}],"curies":[{"name":"wp","href":"https:\/\/api.w.org\/{rel}","templated":true}]}}