{"id":1767,"date":"2023-04-28T18:55:33","date_gmt":"2023-04-28T16:55:33","guid":{"rendered":"http:\/\/lokalmagasinet.no\/?page_id=1767"},"modified":"2023-04-28T18:55:34","modified_gmt":"2023-04-28T16:55:34","slug":"trygdekontoret-i-gamle-son-kommune-gikk-med-underskudd-i-flere-ar","status":"publish","type":"post","link":"https:\/\/lokalmagasinet.no\/?p=1767","title":{"rendered":"Trygdekontoret i gamle Son kommune gikk med underskudd i flere \u00e5r"},"content":{"rendered":"<p><span class=\"i_skrift_normal\"><span class=\"i_skrift_stor\"><em><img loading=\"lazy\" decoding=\"async\" src=\"https:\/\/web.archive.org\/web\/20140914231638im_\/http:\/\/lokalmagasinet.no\/ipub\/media\/pengegjeldavokser_stock.jpg\" alt=\"\" width=\"300\" height=\"225\" align=\"right\" border=\"2\" hspace=\"8\" vspace=\"8\" \/><\/em><\/span><\/span><span class=\"i_skrift_normal\"><span class=\"i_skrift_stor\"><em>Det var ikke lett \u00e5 v\u00e6re et lite ladested med sv\u00e6rt begrensede skatteinntekter, og samtidig ha betydelige utgifter til lovp\u00e5lagte utbetalinger som trygd. <\/em><\/span><\/span><span class=\"i_skrift_stor\"><span class=\"i_skrift_normal\"><span class=\"i_skrift_mini\">Ill.foto: Stock.Exchng<br \/>\n<\/span><\/span><\/span><\/p>\n<div align=\"right\"><\/div>\n<div align=\"right\"><\/div>\n<div align=\"right\"><\/div>\n<div align=\"right\"><\/div>\n<div align=\"right\"><\/div>\n<div align=\"right\"><\/div>\n<div style=\"text-align: left;\" align=\"right\"><\/div>\n<div align=\"right\"><\/div>\n<div align=\"right\"><\/div>\n<div align=\"right\"><\/div>\n<div align=\"right\"><\/div>\n<div style=\"text-align: left;\" align=\"right\"><span class=\"i_skrift_stor\"><span class=\"i_skrift_normal\"><span class=\"i_skrift_mini\">NEDENFOR: <em>Fotografert fra ukebladartikkel om Son, p\u00e5 1960-tallet. En Folkevogn kj\u00f8rer gjennom Spinnerig\u00e5rd-tranga. Begge de fredede g\u00e5rdene Spinnerig\u00e5rden og Thorneg\u00e5rden (t.v.) skriker etter ny kalk\u00a0 p\u00e5 slitne kortvegger mot nord.<\/em><br \/>\n<\/span><\/span><\/span><\/div>\n<p style=\"text-align: center;\"><span class=\"i_skrift_normal\">\u00a0<\/span><\/p>\n<p style=\"text-align: center;\"><span class=\"i_skrift_normal\"><span class=\"i_skrift_stor\"><span style=\"font-size: 14pt;\"><span class=\"i_skrift_mini\">Av Svein-H. Strand<\/span><\/span> <\/span><\/span><\/p>\n<p><span class=\"i_skrift_stor\" style=\"font-size: 18pt;\">31. desember 1963 opph\u00f8rte Son \u00e5 v\u00e6re egen kommune. Idet midnattsklokka markerte at 1964 var f\u00f8dt, var det gamle ladestedet blitt en del av herredskommunen Vestby. Mindre kjent er det at deler av det offentlige Son ble sammensluttet med administrasjonen i Vestby lang tid i forveien. <\/span><strong><br \/>\n<\/strong><span class=\"i_skrift_stor\"><strong><br \/>\n<\/strong><span style=\"font-size: 14pt;\">Allerede 1. januar 1962, alts\u00e5 hele to \u00e5r i forveien, ble nemlig Son Trygdekontor nedlagt og gikk inn i Vestby Trygdekontor. <\/span><\/span><\/p>\n<p><span style=\"font-size: 14pt;\"><span class=\"i_skrift_stor\">I et <\/span><span class=\"i_skrift_stor\">brev som gikk ut i midten av desember 1961 f\u00e5r medlemmene av Son Trygdekontor informasjon omkring den forest\u00e5ende sammenslutning med Vestby Trygdekontor. Og det st\u00e5r at den viktige endringen er rett rundt svingen: 1. januar 1962.<\/span><\/span><\/p>\n<p><span class=\"i_skrift_stor\" style=\"font-size: 14pt;\">Den framskutte sammenslutningen var kanskje ingen dum id\u00e9. I brevet g\u00e5r det nemlig fram at Son Trygdekontor hadde g\u00e5tt med underskudd i flere \u00e5r.<\/span><\/p>\n<p><span style=\"font-size: 14pt;\"><span class=\"i_skrift_stor\"><img loading=\"lazy\" decoding=\"async\" src=\"https:\/\/web.archive.org\/web\/20140914231638im_\/http:\/\/lokalmagasinet.no\/ipub\/media\/spinngtranga_60tall300px.jpg\" alt=\"\" width=\"300\" height=\"236\" align=\"right\" hspace=\"8\" vspace=\"8\" \/><\/span><span class=\"i_skrift_stor\">I en kommune med noen hundre sjeler var underskuddet neppe noen hemmelighet, og noen stor sak var det knapt for den vanlige mann og kvinne. Det viktigste var at pengene ble utbetalt. S\u00e5 hadde du til livsopphold og boutgifter. Hvis du var medlem. Det vil si hvis du hadde, eller relativt nylig hadde hatt,\u00a0 betalt arbeid med trygdetrekk i l\u00f8nna.<\/span><\/span><\/p>\n<p><span class=\"i_skrift_normal\" style=\"font-size: 14pt;\"><span class=\"i_skrift_stor\">Det var ikke lett \u00e5 v\u00e6re et lite ladested med sv\u00e6rt begrensede skattenntekter, og samtidig ha betydelige utgifter til lovp\u00e5lagte utbetalinger som trygd. <\/span><\/span><\/p>\n<p><strong><span class=\"i_skrift_normal\" style=\"font-size: 14pt;\"><span class=\"i_skrift_stor\">Underskuddet m\u00e5tte dekkes fra kommunekassa, fra skatteinntektene og ulike tilskuddsmidler fra staten.<\/span><\/span><\/strong><\/p>\n<p><span class=\"i_skrift_normal\" style=\"font-size: 14pt;\"><span class=\"i_skrift_stor\">Hvilke summer vi snakker om, i rene tall og relativt sett, skal vi se p\u00e5 i senere artikler. En aldri s\u00e5 liten anskuelsesundervisning i lokal samfunnsutvikling siden 1960-tallet.<\/span><\/span><\/p>\n<p><span class=\"i_skrift_normal\" style=\"font-size: 14pt;\"><span class=\"i_skrift_stor\">Dette er den n\u00e6re historie, der sikkert mange av leserne kan ha en referanse til seg selv eller sin familie. Selv kom jeg til Son i 1967, alts\u00e5 bare to \u00e5r etter at &laquo;Stor-Vestby&raquo; oppsto.<\/span><\/span><\/p>\n<p><span class=\"i_skrift_normal\" style=\"font-size: 14pt;\"><span class=\"i_skrift_stor\"><strong>I 1968 dekket jeg for f\u00f8rste gang et m\u00f8te i Vestby kommunestyre som journalist. Jeg skulle selvf\u00f8lgelig ha v\u00e6rt og dekket den historiske begivenhet da siste m\u00f8te i Son bystyre ble avviklet p\u00e5 Son skole. Og selvf\u00f8lgelig f\u00f8rste m\u00f8te i nye Vestby kommune.<\/strong> <\/span><\/span><\/p>\n<p><span class=\"i_skrift_normal\" style=\"font-size: 14pt;\"><span class=\"i_skrift_stor\">Men skjebnen hadde en litt d\u00e5rlig timing for meg som journalist, n\u00e5r det gjelder \u00e5 f\u00e5 dekket slike historiske milep\u00e6ler. Dokumenter og avisartikler med mer finnes imidlertid, s\u00e5 f\u00f8lg bare med!<\/span><\/span><span class=\"i_skrift_normal\"><span class=\"i_skrift_stor\"><br \/>\n<\/span><\/span><\/p>\n<p><span class=\"i_skrift_normal\">(Fra LM 20.04.08) (Litt endret versjon republisert 28.04.23) <\/span><\/p>\n<p>Views: 189<\/p>","protected":false},"excerpt":{"rendered":"<p>Det var ikke lett \u00e5 v\u00e6re et lite ladested med sv\u00e6rt begrensede skatteinntekter, og samtidig ha betydelige utgifter til lovp\u00e5lagte utbetalinger som trygd. Ill.foto: Stock.Exchng NEDENFOR: Fotografert fra ukebladartikkel om &#8230; <\/p>\n<p class=\"read-more-container\"><a title=\"Trygdekontoret i gamle Son kommune gikk med underskudd i flere \u00e5r\" class=\"read-more button\" href=\"https:\/\/lokalmagasinet.no\/?p=1767#more-1767\">Les mer<span class=\"screen-reader-text\">Trygdekontoret i gamle Son kommune gikk med underskudd i flere \u00e5r<\/span><\/a><\/p>\n","protected":false},"author":6,"featured_media":0,"comment_status":"closed","ping_status":"open","sticky":false,"template":"","format":"standard","meta":{"footnotes":""},"categories":[1],"tags":[],"class_list":["post-1767","post","type-post","status-publish","format-standard","hentry","category-aktuelt"],"yoast_head":"<!-- This site is optimized with the Yoast SEO plugin v27.4 - https:\/\/yoast.com\/product\/yoast-seo-wordpress\/ -->\n<title>Trygdekontoret i gamle Son kommune gikk med underskudd i flere \u00e5r | Lokalmagasinet.no<\/title>\n<meta name=\"robots\" content=\"index, follow, max-snippet:-1, max-image-preview:large, max-video-preview:-1\" \/>\n<link rel=\"canonical\" href=\"https:\/\/lokalmagasinet.no\/?p=1767\" \/>\n<meta property=\"og:locale\" content=\"nn_NO\" \/>\n<meta property=\"og:type\" content=\"article\" \/>\n<meta property=\"og:title\" content=\"Trygdekontoret i gamle Son kommune gikk med underskudd i flere \u00e5r | Lokalmagasinet.no\" \/>\n<meta property=\"og:description\" content=\"Det var ikke lett \u00e5 v\u00e6re et lite ladested med sv\u00e6rt begrensede skatteinntekter, og samtidig ha betydelige utgifter til lovp\u00e5lagte utbetalinger som trygd. Ill.foto: Stock.Exchng NEDENFOR: Fotografert fra ukebladartikkel om ... Les merTrygdekontoret i gamle Son kommune gikk med underskudd i flere \u00e5r\" \/>\n<meta property=\"og:url\" content=\"https:\/\/lokalmagasinet.no\/?p=1767\" \/>\n<meta property=\"og:site_name\" content=\"Lokalmagasinet.no\" \/>\n<meta property=\"article:publisher\" content=\"https:\/\/www.facebook.com\/sveinharald.strand.1\" \/>\n<meta property=\"article:author\" content=\"https:\/\/www.facebook.com\/sveinharald.strand.1\" \/>\n<meta property=\"article:published_time\" content=\"2023-04-28T16:55:33+00:00\" \/>\n<meta property=\"article:modified_time\" content=\"2023-04-28T16:55:34+00:00\" \/>\n<meta property=\"og:image\" content=\"https:\/\/web.archive.org\/web\/20140914231638im_\/http:\/\/lokalmagasinet.no\/ipub\/media\/pengegjeldavokser_stock.jpg\" \/>\n<meta name=\"author\" content=\"Svein-Harald Strand\" \/>\n<meta name=\"twitter:card\" content=\"summary_large_image\" \/>\n<meta name=\"twitter:creator\" content=\"@LMExtra\" \/>\n<meta name=\"twitter:site\" content=\"@LMExtra\" \/>\n<meta name=\"twitter:label1\" content=\"Written by\" \/>\n\t<meta name=\"twitter:data1\" content=\"Svein-Harald Strand\" \/>\n\t<meta name=\"twitter:label2\" content=\"Est. reading time\" \/>\n\t<meta name=\"twitter:data2\" content=\"2 minutt\" \/>\n<script type=\"application\/ld+json\" class=\"yoast-schema-graph\">{\"@context\":\"https:\\\/\\\/schema.org\",\"@graph\":[{\"@type\":\"Article\",\"@id\":\"https:\\\/\\\/lokalmagasinet.no\\\/?p=1767#article\",\"isPartOf\":{\"@id\":\"https:\\\/\\\/lokalmagasinet.no\\\/?p=1767\"},\"author\":{\"name\":\"Svein-Harald Strand\",\"@id\":\"https:\\\/\\\/lokalmagasinet.no\\\/#\\\/schema\\\/person\\\/2e8d221708d3aaf6f577275b5bba4310\"},\"headline\":\"Trygdekontoret i gamle Son kommune gikk med underskudd i flere \u00e5r\",\"datePublished\":\"2023-04-28T16:55:33+00:00\",\"dateModified\":\"2023-04-28T16:55:34+00:00\",\"mainEntityOfPage\":{\"@id\":\"https:\\\/\\\/lokalmagasinet.no\\\/?p=1767\"},\"wordCount\":459,\"publisher\":{\"@id\":\"https:\\\/\\\/lokalmagasinet.no\\\/#organization\"},\"image\":{\"@id\":\"https:\\\/\\\/lokalmagasinet.no\\\/?p=1767#primaryimage\"},\"thumbnailUrl\":\"https:\\\/\\\/web.archive.org\\\/web\\\/20140914231638im_\\\/http:\\\/\\\/lokalmagasinet.no\\\/ipub\\\/media\\\/pengegjeldavokser_stock.jpg\",\"articleSection\":[\"Aktuelt\"],\"inLanguage\":\"nn-NO\"},{\"@type\":\"WebPage\",\"@id\":\"https:\\\/\\\/lokalmagasinet.no\\\/?p=1767\",\"url\":\"https:\\\/\\\/lokalmagasinet.no\\\/?p=1767\",\"name\":\"Trygdekontoret i gamle Son kommune gikk med underskudd i flere \u00e5r | Lokalmagasinet.no\",\"isPartOf\":{\"@id\":\"https:\\\/\\\/lokalmagasinet.no\\\/#website\"},\"primaryImageOfPage\":{\"@id\":\"https:\\\/\\\/lokalmagasinet.no\\\/?p=1767#primaryimage\"},\"image\":{\"@id\":\"https:\\\/\\\/lokalmagasinet.no\\\/?p=1767#primaryimage\"},\"thumbnailUrl\":\"https:\\\/\\\/web.archive.org\\\/web\\\/20140914231638im_\\\/http:\\\/\\\/lokalmagasinet.no\\\/ipub\\\/media\\\/pengegjeldavokser_stock.jpg\",\"datePublished\":\"2023-04-28T16:55:33+00:00\",\"dateModified\":\"2023-04-28T16:55:34+00:00\",\"breadcrumb\":{\"@id\":\"https:\\\/\\\/lokalmagasinet.no\\\/?p=1767#breadcrumb\"},\"inLanguage\":\"nn-NO\",\"potentialAction\":[{\"@type\":\"ReadAction\",\"target\":[\"https:\\\/\\\/lokalmagasinet.no\\\/?p=1767\"]}]},{\"@type\":\"ImageObject\",\"inLanguage\":\"nn-NO\",\"@id\":\"https:\\\/\\\/lokalmagasinet.no\\\/?p=1767#primaryimage\",\"url\":\"https:\\\/\\\/web.archive.org\\\/web\\\/20140914231638im_\\\/http:\\\/\\\/lokalmagasinet.no\\\/ipub\\\/media\\\/pengegjeldavokser_stock.jpg\",\"contentUrl\":\"https:\\\/\\\/web.archive.org\\\/web\\\/20140914231638im_\\\/http:\\\/\\\/lokalmagasinet.no\\\/ipub\\\/media\\\/pengegjeldavokser_stock.jpg\"},{\"@type\":\"BreadcrumbList\",\"@id\":\"https:\\\/\\\/lokalmagasinet.no\\\/?p=1767#breadcrumb\",\"itemListElement\":[{\"@type\":\"ListItem\",\"position\":1,\"name\":\"Hjem\",\"item\":\"https:\\\/\\\/lokalmagasinet.no\\\/\"},{\"@type\":\"ListItem\",\"position\":2,\"name\":\"Trygdekontoret i gamle Son kommune gikk med underskudd i flere \u00e5r\"}]},{\"@type\":\"WebSite\",\"@id\":\"https:\\\/\\\/lokalmagasinet.no\\\/#website\",\"url\":\"https:\\\/\\\/lokalmagasinet.no\\\/\",\"name\":\"Lokalmagasinet.no\",\"description\":\"Fra fortid og n\u00e5tid. Med st\u00e5sted i det n\u00e6re. Siden 2002.\",\"publisher\":{\"@id\":\"https:\\\/\\\/lokalmagasinet.no\\\/#organization\"},\"potentialAction\":[{\"@type\":\"SearchAction\",\"target\":{\"@type\":\"EntryPoint\",\"urlTemplate\":\"https:\\\/\\\/lokalmagasinet.no\\\/?s={search_term_string}\"},\"query-input\":{\"@type\":\"PropertyValueSpecification\",\"valueRequired\":true,\"valueName\":\"search_term_string\"}}],\"inLanguage\":\"nn-NO\"},{\"@type\":\"Organization\",\"@id\":\"https:\\\/\\\/lokalmagasinet.no\\\/#organization\",\"name\":\"Lokalmagasinet.no\",\"url\":\"https:\\\/\\\/lokalmagasinet.no\\\/\",\"logo\":{\"@type\":\"ImageObject\",\"inLanguage\":\"nn-NO\",\"@id\":\"https:\\\/\\\/lokalmagasinet.no\\\/#\\\/schema\\\/logo\\\/image\\\/\",\"url\":\"https:\\\/\\\/lokalmagasinet.no\\\/wp-content\\\/uploads\\\/2021\\\/03\\\/cropped-cropped-cropped-cropped-cropped-cropped-lmlogo-e1640691300821.jpg\",\"contentUrl\":\"https:\\\/\\\/lokalmagasinet.no\\\/wp-content\\\/uploads\\\/2021\\\/03\\\/cropped-cropped-cropped-cropped-cropped-cropped-lmlogo-e1640691300821.jpg\",\"width\":72,\"height\":118,\"caption\":\"Lokalmagasinet.no\"},\"image\":{\"@id\":\"https:\\\/\\\/lokalmagasinet.no\\\/#\\\/schema\\\/logo\\\/image\\\/\"},\"sameAs\":[\"https:\\\/\\\/www.facebook.com\\\/sveinharald.strand.1\",\"https:\\\/\\\/x.com\\\/LMExtra\"]},{\"@type\":\"Person\",\"@id\":\"https:\\\/\\\/lokalmagasinet.no\\\/#\\\/schema\\\/person\\\/2e8d221708d3aaf6f577275b5bba4310\",\"name\":\"Svein-Harald Strand\",\"image\":{\"@type\":\"ImageObject\",\"inLanguage\":\"nn-NO\",\"@id\":\"https:\\\/\\\/secure.gravatar.com\\\/avatar\\\/c487434bdf6cd7c12e4a88877ae4b12c38d22b7ad64292b49d33ed7503bb7ce1?s=96&d=mm&r=g\",\"url\":\"https:\\\/\\\/secure.gravatar.com\\\/avatar\\\/c487434bdf6cd7c12e4a88877ae4b12c38d22b7ad64292b49d33ed7503bb7ce1?s=96&d=mm&r=g\",\"contentUrl\":\"https:\\\/\\\/secure.gravatar.com\\\/avatar\\\/c487434bdf6cd7c12e4a88877ae4b12c38d22b7ad64292b49d33ed7503bb7ce1?s=96&d=mm&r=g\",\"caption\":\"Svein-Harald Strand\"},\"description\":\"(F. 26.12.1945) Redakt\u00f8r, journalist og informasjonsarbeider siden 1968. ||| I 1963: Redaksjonell praktikant i 8 m\u00e5neder p\u00e5 full tid i Helgeland Arbeiderblad i hjembyen Mosj\u00f8en. ||| Arbeidende pensjonist med hjemmekontor fra 2008 (AFP) og videre som folkepensjonist til n\u00e5.\",\"sameAs\":[\"https:\\\/\\\/lokalmagasinet.no\\\/\",\"https:\\\/\\\/www.facebook.com\\\/sveinharald.strand.1\",\"https:\\\/\\\/x.com\\\/LMExtra\"],\"url\":\"https:\\\/\\\/lokalmagasinet.no\\\/?author=6\"}]}<\/script>\n<!-- \/ Yoast SEO plugin. -->","yoast_head_json":{"title":"Trygdekontoret i gamle Son kommune gikk med underskudd i flere \u00e5r | Lokalmagasinet.no","robots":{"index":"index","follow":"follow","max-snippet":"max-snippet:-1","max-image-preview":"max-image-preview:large","max-video-preview":"max-video-preview:-1"},"canonical":"https:\/\/lokalmagasinet.no\/?p=1767","og_locale":"nn_NO","og_type":"article","og_title":"Trygdekontoret i gamle Son kommune gikk med underskudd i flere \u00e5r | Lokalmagasinet.no","og_description":"Det var ikke lett \u00e5 v\u00e6re et lite ladested med sv\u00e6rt begrensede skatteinntekter, og samtidig ha betydelige utgifter til lovp\u00e5lagte utbetalinger som trygd. Ill.foto: Stock.Exchng NEDENFOR: Fotografert fra ukebladartikkel om ... Les merTrygdekontoret i gamle Son kommune gikk med underskudd i flere \u00e5r","og_url":"https:\/\/lokalmagasinet.no\/?p=1767","og_site_name":"Lokalmagasinet.no","article_publisher":"https:\/\/www.facebook.com\/sveinharald.strand.1","article_author":"https:\/\/www.facebook.com\/sveinharald.strand.1","article_published_time":"2023-04-28T16:55:33+00:00","article_modified_time":"2023-04-28T16:55:34+00:00","og_image":[{"url":"https:\/\/web.archive.org\/web\/20140914231638im_\/http:\/\/lokalmagasinet.no\/ipub\/media\/pengegjeldavokser_stock.jpg","type":"","width":"","height":""}],"author":"Svein-Harald Strand","twitter_card":"summary_large_image","twitter_creator":"@LMExtra","twitter_site":"@LMExtra","twitter_misc":{"Written by":"Svein-Harald Strand","Est. reading time":"2 minutt"},"schema":{"@context":"https:\/\/schema.org","@graph":[{"@type":"Article","@id":"https:\/\/lokalmagasinet.no\/?p=1767#article","isPartOf":{"@id":"https:\/\/lokalmagasinet.no\/?p=1767"},"author":{"name":"Svein-Harald Strand","@id":"https:\/\/lokalmagasinet.no\/#\/schema\/person\/2e8d221708d3aaf6f577275b5bba4310"},"headline":"Trygdekontoret i gamle Son kommune gikk med underskudd i flere \u00e5r","datePublished":"2023-04-28T16:55:33+00:00","dateModified":"2023-04-28T16:55:34+00:00","mainEntityOfPage":{"@id":"https:\/\/lokalmagasinet.no\/?p=1767"},"wordCount":459,"publisher":{"@id":"https:\/\/lokalmagasinet.no\/#organization"},"image":{"@id":"https:\/\/lokalmagasinet.no\/?p=1767#primaryimage"},"thumbnailUrl":"https:\/\/web.archive.org\/web\/20140914231638im_\/http:\/\/lokalmagasinet.no\/ipub\/media\/pengegjeldavokser_stock.jpg","articleSection":["Aktuelt"],"inLanguage":"nn-NO"},{"@type":"WebPage","@id":"https:\/\/lokalmagasinet.no\/?p=1767","url":"https:\/\/lokalmagasinet.no\/?p=1767","name":"Trygdekontoret i gamle Son kommune gikk med underskudd i flere \u00e5r | Lokalmagasinet.no","isPartOf":{"@id":"https:\/\/lokalmagasinet.no\/#website"},"primaryImageOfPage":{"@id":"https:\/\/lokalmagasinet.no\/?p=1767#primaryimage"},"image":{"@id":"https:\/\/lokalmagasinet.no\/?p=1767#primaryimage"},"thumbnailUrl":"https:\/\/web.archive.org\/web\/20140914231638im_\/http:\/\/lokalmagasinet.no\/ipub\/media\/pengegjeldavokser_stock.jpg","datePublished":"2023-04-28T16:55:33+00:00","dateModified":"2023-04-28T16:55:34+00:00","breadcrumb":{"@id":"https:\/\/lokalmagasinet.no\/?p=1767#breadcrumb"},"inLanguage":"nn-NO","potentialAction":[{"@type":"ReadAction","target":["https:\/\/lokalmagasinet.no\/?p=1767"]}]},{"@type":"ImageObject","inLanguage":"nn-NO","@id":"https:\/\/lokalmagasinet.no\/?p=1767#primaryimage","url":"https:\/\/web.archive.org\/web\/20140914231638im_\/http:\/\/lokalmagasinet.no\/ipub\/media\/pengegjeldavokser_stock.jpg","contentUrl":"https:\/\/web.archive.org\/web\/20140914231638im_\/http:\/\/lokalmagasinet.no\/ipub\/media\/pengegjeldavokser_stock.jpg"},{"@type":"BreadcrumbList","@id":"https:\/\/lokalmagasinet.no\/?p=1767#breadcrumb","itemListElement":[{"@type":"ListItem","position":1,"name":"Hjem","item":"https:\/\/lokalmagasinet.no\/"},{"@type":"ListItem","position":2,"name":"Trygdekontoret i gamle Son kommune gikk med underskudd i flere \u00e5r"}]},{"@type":"WebSite","@id":"https:\/\/lokalmagasinet.no\/#website","url":"https:\/\/lokalmagasinet.no\/","name":"Lokalmagasinet.no","description":"Fra fortid og n\u00e5tid. Med st\u00e5sted i det n\u00e6re. Siden 2002.","publisher":{"@id":"https:\/\/lokalmagasinet.no\/#organization"},"potentialAction":[{"@type":"SearchAction","target":{"@type":"EntryPoint","urlTemplate":"https:\/\/lokalmagasinet.no\/?s={search_term_string}"},"query-input":{"@type":"PropertyValueSpecification","valueRequired":true,"valueName":"search_term_string"}}],"inLanguage":"nn-NO"},{"@type":"Organization","@id":"https:\/\/lokalmagasinet.no\/#organization","name":"Lokalmagasinet.no","url":"https:\/\/lokalmagasinet.no\/","logo":{"@type":"ImageObject","inLanguage":"nn-NO","@id":"https:\/\/lokalmagasinet.no\/#\/schema\/logo\/image\/","url":"https:\/\/lokalmagasinet.no\/wp-content\/uploads\/2021\/03\/cropped-cropped-cropped-cropped-cropped-cropped-lmlogo-e1640691300821.jpg","contentUrl":"https:\/\/lokalmagasinet.no\/wp-content\/uploads\/2021\/03\/cropped-cropped-cropped-cropped-cropped-cropped-lmlogo-e1640691300821.jpg","width":72,"height":118,"caption":"Lokalmagasinet.no"},"image":{"@id":"https:\/\/lokalmagasinet.no\/#\/schema\/logo\/image\/"},"sameAs":["https:\/\/www.facebook.com\/sveinharald.strand.1","https:\/\/x.com\/LMExtra"]},{"@type":"Person","@id":"https:\/\/lokalmagasinet.no\/#\/schema\/person\/2e8d221708d3aaf6f577275b5bba4310","name":"Svein-Harald Strand","image":{"@type":"ImageObject","inLanguage":"nn-NO","@id":"https:\/\/secure.gravatar.com\/avatar\/c487434bdf6cd7c12e4a88877ae4b12c38d22b7ad64292b49d33ed7503bb7ce1?s=96&d=mm&r=g","url":"https:\/\/secure.gravatar.com\/avatar\/c487434bdf6cd7c12e4a88877ae4b12c38d22b7ad64292b49d33ed7503bb7ce1?s=96&d=mm&r=g","contentUrl":"https:\/\/secure.gravatar.com\/avatar\/c487434bdf6cd7c12e4a88877ae4b12c38d22b7ad64292b49d33ed7503bb7ce1?s=96&d=mm&r=g","caption":"Svein-Harald Strand"},"description":"(F. 26.12.1945) Redakt\u00f8r, journalist og informasjonsarbeider siden 1968. ||| I 1963: Redaksjonell praktikant i 8 m\u00e5neder p\u00e5 full tid i Helgeland Arbeiderblad i hjembyen Mosj\u00f8en. ||| Arbeidende pensjonist med hjemmekontor fra 2008 (AFP) og videre som folkepensjonist til n\u00e5.","sameAs":["https:\/\/lokalmagasinet.no\/","https:\/\/www.facebook.com\/sveinharald.strand.1","https:\/\/x.com\/LMExtra"],"url":"https:\/\/lokalmagasinet.no\/?author=6"}]}},"_links":{"self":[{"href":"https:\/\/lokalmagasinet.no\/index.php?rest_route=\/wp\/v2\/posts\/1767","targetHints":{"allow":["GET"]}}],"collection":[{"href":"https:\/\/lokalmagasinet.no\/index.php?rest_route=\/wp\/v2\/posts"}],"about":[{"href":"https:\/\/lokalmagasinet.no\/index.php?rest_route=\/wp\/v2\/types\/post"}],"author":[{"embeddable":true,"href":"https:\/\/lokalmagasinet.no\/index.php?rest_route=\/wp\/v2\/users\/6"}],"replies":[{"embeddable":true,"href":"https:\/\/lokalmagasinet.no\/index.php?rest_route=%2Fwp%2Fv2%2Fcomments&post=1767"}],"version-history":[{"count":28,"href":"https:\/\/lokalmagasinet.no\/index.php?rest_route=\/wp\/v2\/posts\/1767\/revisions"}],"predecessor-version":[{"id":15594,"href":"https:\/\/lokalmagasinet.no\/index.php?rest_route=\/wp\/v2\/posts\/1767\/revisions\/15594"}],"wp:attachment":[{"href":"https:\/\/lokalmagasinet.no\/index.php?rest_route=%2Fwp%2Fv2%2Fmedia&parent=1767"}],"wp:term":[{"taxonomy":"category","embeddable":true,"href":"https:\/\/lokalmagasinet.no\/index.php?rest_route=%2Fwp%2Fv2%2Fcategories&post=1767"},{"taxonomy":"post_tag","embeddable":true,"href":"https:\/\/lokalmagasinet.no\/index.php?rest_route=%2Fwp%2Fv2%2Ftags&post=1767"}],"curies":[{"name":"wp","href":"https:\/\/api.w.org\/{rel}","templated":true}]}}