{"id":18330,"date":"2023-09-11T17:41:39","date_gmt":"2023-09-11T15:41:39","guid":{"rendered":"https:\/\/lokalmagasinet.no\/?p=18330"},"modified":"2023-09-11T17:58:58","modified_gmt":"2023-09-11T15:58:58","slug":"sa-mange-stemte-i-gar","status":"publish","type":"post","link":"https:\/\/lokalmagasinet.no\/?p=18330","title":{"rendered":"S\u00e5 mange stemte i g\u00e5r"},"content":{"rendered":"<figure id=\"attachment_5346\" aria-describedby=\"caption-attachment-5346\" style=\"width: 600px\" class=\"wp-caption aligncenter\"><img loading=\"lazy\" decoding=\"async\" class=\"wp-image-5346 size-full\" src=\"https:\/\/lokalmagasinet.no\/wp-content\/uploads\/2021\/09\/velger_stemmer_600.jpg\" alt=\"\" width=\"600\" height=\"418\" srcset=\"https:\/\/lokalmagasinet.no\/wp-content\/uploads\/2021\/09\/velger_stemmer_600.jpg 600w, https:\/\/lokalmagasinet.no\/wp-content\/uploads\/2021\/09\/velger_stemmer_600-300x209.jpg 300w, https:\/\/lokalmagasinet.no\/wp-content\/uploads\/2021\/09\/velger_stemmer_600-150x105.jpg 150w\" sizes=\"auto, (max-width: 600px) 100vw, 600px\" \/><figcaption id=\"caption-attachment-5346\" class=\"wp-caption-text\"><em><strong>Velger stemmer.<\/strong><\/em> (LM Arkivfoto \/ Svein-H. Strand)<\/figcaption><\/figure>\n<p>(Publisert 11.09.23)<strong> I dag er det valgdag i hele landet, og det ser ut til \u00e5 bli et sv\u00e6rt spennende valg &#8211; s\u00e6rlig i Oslo og andre store byer. I 146 kommuner var det valgdag ogs\u00e5 i g\u00e5r, og der var det 186.471 som stemte.<\/strong><\/p>\n<p>Her i redaksjonen blir det som vanlig &laquo;valgvake&raquo;. Det forventes at de f\u00f8rste resultatene &#8211; fra sm\u00e5 kommuner &#8211; vil foreligge relativt tidlig p\u00e5 kvelden.<\/p>\n<p><strong>Men disse skal ikke publiseres &#8211; heller ikke p\u00e5 Valgdirektoratets nettsider Valg.no (se ny lenke i menyen v\u00e5r) &#8211; f\u00f8r valglokalene er stengt, naturlig nok.<\/strong><\/p>\n<p>Vi har tidligere skrevet om det rekordstore tallet p\u00e5 forh\u00e5ndsstemmer i \u00e5r, nesten 32 prosent flere enn for fire \u00e5r siden.<\/p>\n<p>Her er det n\u00f8yaktige tallet &#8211;\u00a0 p\u00e5 forh\u00e5ndsstemmer:<em> 1.278.849.<\/em> Av disse var <em>6123 tidligstemmer<\/em>, som ble avgitt i perioden fra 1. juli til 9. august. Blir det ogs\u00e5 rekordstor valgdeltakelse? Neppe. &laquo;Hjemmesitterpartiet&raquo; blir dessverre \u00e5 regne med &#8211;\u00a0 denne gang ogs\u00e5.<\/p>\n<p>GODT VALG &#8211; OG GOD VALGVAKE!<\/p>\n<p><strong>Red.<\/strong><\/p>\n<p>&nbsp;<\/p>\n<p>&nbsp;<\/p>\n<p>Views: 63<\/p>","protected":false},"excerpt":{"rendered":"<p>(Publisert 11.09.23) I dag er det valgdag i hele landet, og det ser ut til \u00e5 bli et sv\u00e6rt spennende valg &#8211; s\u00e6rlig i Oslo og andre store byer. I &#8230; <\/p>\n<p class=\"read-more-container\"><a title=\"S\u00e5 mange stemte i g\u00e5r\" class=\"read-more button\" href=\"https:\/\/lokalmagasinet.no\/?p=18330#more-18330\">Les mer<span class=\"screen-reader-text\">S\u00e5 mange stemte i g\u00e5r<\/span><\/a><\/p>\n","protected":false},"author":6,"featured_media":0,"comment_status":"closed","ping_status":"open","sticky":false,"template":"","format":"standard","meta":{"footnotes":""},"categories":[1,85],"tags":[],"class_list":["post-18330","post","type-post","status-publish","format-standard","hentry","category-aktuelt","category-lokalvalg"],"yoast_head":"<!-- This site is optimized with the Yoast SEO plugin v27.5 - https:\/\/yoast.com\/product\/yoast-seo-wordpress\/ -->\n<title>S\u00e5 mange stemte i g\u00e5r | Lokalmagasinet.no<\/title>\n<meta name=\"robots\" content=\"index, follow, max-snippet:-1, max-image-preview:large, max-video-preview:-1\" \/>\n<link rel=\"canonical\" href=\"https:\/\/lokalmagasinet.no\/?p=18330\" \/>\n<meta property=\"og:locale\" content=\"nn_NO\" \/>\n<meta property=\"og:type\" content=\"article\" \/>\n<meta property=\"og:title\" content=\"S\u00e5 mange stemte i g\u00e5r | Lokalmagasinet.no\" \/>\n<meta property=\"og:description\" content=\"(Publisert 11.09.23) I dag er det valgdag i hele landet, og det ser ut til \u00e5 bli et sv\u00e6rt spennende valg &#8211; s\u00e6rlig i Oslo og andre store byer. I ... Les merS\u00e5 mange stemte i g\u00e5r\" \/>\n<meta property=\"og:url\" content=\"https:\/\/lokalmagasinet.no\/?p=18330\" \/>\n<meta property=\"og:site_name\" content=\"Lokalmagasinet.no\" \/>\n<meta property=\"article:publisher\" content=\"https:\/\/www.facebook.com\/sveinharald.strand.1\" \/>\n<meta property=\"article:author\" content=\"https:\/\/www.facebook.com\/sveinharald.strand.1\" \/>\n<meta property=\"article:published_time\" content=\"2023-09-11T15:41:39+00:00\" \/>\n<meta property=\"article:modified_time\" content=\"2023-09-11T15:58:58+00:00\" \/>\n<meta property=\"og:image\" content=\"https:\/\/lokalmagasinet.no\/wp-content\/uploads\/2021\/09\/velger_stemmer_600.jpg\" \/>\n<meta name=\"author\" content=\"Svein-Harald Strand\" \/>\n<meta name=\"twitter:card\" content=\"summary_large_image\" \/>\n<meta name=\"twitter:creator\" content=\"@LMExtra\" \/>\n<meta name=\"twitter:site\" content=\"@LMExtra\" \/>\n<meta name=\"twitter:label1\" content=\"Written by\" \/>\n\t<meta name=\"twitter:data1\" content=\"Svein-Harald Strand\" \/>\n\t<meta name=\"twitter:label2\" content=\"Est. reading time\" \/>\n\t<meta name=\"twitter:data2\" content=\"1 minutt\" \/>\n<script type=\"application\/ld+json\" class=\"yoast-schema-graph\">{\"@context\":\"https:\\\/\\\/schema.org\",\"@graph\":[{\"@type\":\"Article\",\"@id\":\"https:\\\/\\\/lokalmagasinet.no\\\/?p=18330#article\",\"isPartOf\":{\"@id\":\"https:\\\/\\\/lokalmagasinet.no\\\/?p=18330\"},\"author\":{\"name\":\"Svein-Harald Strand\",\"@id\":\"https:\\\/\\\/lokalmagasinet.no\\\/#\\\/schema\\\/person\\\/2e8d221708d3aaf6f577275b5bba4310\"},\"headline\":\"S\u00e5 mange stemte i g\u00e5r\",\"datePublished\":\"2023-09-11T15:41:39+00:00\",\"dateModified\":\"2023-09-11T15:58:58+00:00\",\"mainEntityOfPage\":{\"@id\":\"https:\\\/\\\/lokalmagasinet.no\\\/?p=18330\"},\"wordCount\":185,\"publisher\":{\"@id\":\"https:\\\/\\\/lokalmagasinet.no\\\/#organization\"},\"image\":{\"@id\":\"https:\\\/\\\/lokalmagasinet.no\\\/?p=18330#primaryimage\"},\"thumbnailUrl\":\"https:\\\/\\\/lokalmagasinet.no\\\/wp-content\\\/uploads\\\/2021\\\/09\\\/velger_stemmer_600.jpg\",\"articleSection\":[\"Aktuelt\",\"Lokalvalg\"],\"inLanguage\":\"nn-NO\"},{\"@type\":\"WebPage\",\"@id\":\"https:\\\/\\\/lokalmagasinet.no\\\/?p=18330\",\"url\":\"https:\\\/\\\/lokalmagasinet.no\\\/?p=18330\",\"name\":\"S\u00e5 mange stemte i g\u00e5r | Lokalmagasinet.no\",\"isPartOf\":{\"@id\":\"https:\\\/\\\/lokalmagasinet.no\\\/#website\"},\"primaryImageOfPage\":{\"@id\":\"https:\\\/\\\/lokalmagasinet.no\\\/?p=18330#primaryimage\"},\"image\":{\"@id\":\"https:\\\/\\\/lokalmagasinet.no\\\/?p=18330#primaryimage\"},\"thumbnailUrl\":\"https:\\\/\\\/lokalmagasinet.no\\\/wp-content\\\/uploads\\\/2021\\\/09\\\/velger_stemmer_600.jpg\",\"datePublished\":\"2023-09-11T15:41:39+00:00\",\"dateModified\":\"2023-09-11T15:58:58+00:00\",\"breadcrumb\":{\"@id\":\"https:\\\/\\\/lokalmagasinet.no\\\/?p=18330#breadcrumb\"},\"inLanguage\":\"nn-NO\",\"potentialAction\":[{\"@type\":\"ReadAction\",\"target\":[\"https:\\\/\\\/lokalmagasinet.no\\\/?p=18330\"]}]},{\"@type\":\"ImageObject\",\"inLanguage\":\"nn-NO\",\"@id\":\"https:\\\/\\\/lokalmagasinet.no\\\/?p=18330#primaryimage\",\"url\":\"https:\\\/\\\/lokalmagasinet.no\\\/wp-content\\\/uploads\\\/2021\\\/09\\\/velger_stemmer_600.jpg\",\"contentUrl\":\"https:\\\/\\\/lokalmagasinet.no\\\/wp-content\\\/uploads\\\/2021\\\/09\\\/velger_stemmer_600.jpg\",\"width\":600,\"height\":418,\"caption\":\"Velger stemmer. (LM Arkivfoto)\"},{\"@type\":\"BreadcrumbList\",\"@id\":\"https:\\\/\\\/lokalmagasinet.no\\\/?p=18330#breadcrumb\",\"itemListElement\":[{\"@type\":\"ListItem\",\"position\":1,\"name\":\"Hjem\",\"item\":\"https:\\\/\\\/lokalmagasinet.no\\\/\"},{\"@type\":\"ListItem\",\"position\":2,\"name\":\"S\u00e5 mange stemte i g\u00e5r\"}]},{\"@type\":\"WebSite\",\"@id\":\"https:\\\/\\\/lokalmagasinet.no\\\/#website\",\"url\":\"https:\\\/\\\/lokalmagasinet.no\\\/\",\"name\":\"Lokalmagasinet.no\",\"description\":\"Fra fortid og n\u00e5tid. Med st\u00e5sted i det n\u00e6re. Siden 2002.\",\"publisher\":{\"@id\":\"https:\\\/\\\/lokalmagasinet.no\\\/#organization\"},\"potentialAction\":[{\"@type\":\"SearchAction\",\"target\":{\"@type\":\"EntryPoint\",\"urlTemplate\":\"https:\\\/\\\/lokalmagasinet.no\\\/?s={search_term_string}\"},\"query-input\":{\"@type\":\"PropertyValueSpecification\",\"valueRequired\":true,\"valueName\":\"search_term_string\"}}],\"inLanguage\":\"nn-NO\"},{\"@type\":\"Organization\",\"@id\":\"https:\\\/\\\/lokalmagasinet.no\\\/#organization\",\"name\":\"Lokalmagasinet.no\",\"url\":\"https:\\\/\\\/lokalmagasinet.no\\\/\",\"logo\":{\"@type\":\"ImageObject\",\"inLanguage\":\"nn-NO\",\"@id\":\"https:\\\/\\\/lokalmagasinet.no\\\/#\\\/schema\\\/logo\\\/image\\\/\",\"url\":\"https:\\\/\\\/lokalmagasinet.no\\\/wp-content\\\/uploads\\\/2021\\\/03\\\/cropped-cropped-cropped-cropped-cropped-cropped-lmlogo-e1640691300821.jpg\",\"contentUrl\":\"https:\\\/\\\/lokalmagasinet.no\\\/wp-content\\\/uploads\\\/2021\\\/03\\\/cropped-cropped-cropped-cropped-cropped-cropped-lmlogo-e1640691300821.jpg\",\"width\":72,\"height\":118,\"caption\":\"Lokalmagasinet.no\"},\"image\":{\"@id\":\"https:\\\/\\\/lokalmagasinet.no\\\/#\\\/schema\\\/logo\\\/image\\\/\"},\"sameAs\":[\"https:\\\/\\\/www.facebook.com\\\/sveinharald.strand.1\",\"https:\\\/\\\/x.com\\\/LMExtra\"]},{\"@type\":\"Person\",\"@id\":\"https:\\\/\\\/lokalmagasinet.no\\\/#\\\/schema\\\/person\\\/2e8d221708d3aaf6f577275b5bba4310\",\"name\":\"Svein-Harald Strand\",\"image\":{\"@type\":\"ImageObject\",\"inLanguage\":\"nn-NO\",\"@id\":\"https:\\\/\\\/secure.gravatar.com\\\/avatar\\\/c487434bdf6cd7c12e4a88877ae4b12c38d22b7ad64292b49d33ed7503bb7ce1?s=96&d=mm&r=g\",\"url\":\"https:\\\/\\\/secure.gravatar.com\\\/avatar\\\/c487434bdf6cd7c12e4a88877ae4b12c38d22b7ad64292b49d33ed7503bb7ce1?s=96&d=mm&r=g\",\"contentUrl\":\"https:\\\/\\\/secure.gravatar.com\\\/avatar\\\/c487434bdf6cd7c12e4a88877ae4b12c38d22b7ad64292b49d33ed7503bb7ce1?s=96&d=mm&r=g\",\"caption\":\"Svein-Harald Strand\"},\"description\":\"(F. 26.12.1945) Redakt\u00f8r, journalist og informasjonsarbeider siden 1968. ||| I 1963: Redaksjonell praktikant i 8 m\u00e5neder p\u00e5 full tid i Helgeland Arbeiderblad i hjembyen Mosj\u00f8en. ||| Arbeidende pensjonist med hjemmekontor fra 2008 (AFP) og videre som folkepensjonist til n\u00e5.\",\"sameAs\":[\"https:\\\/\\\/lokalmagasinet.no\\\/\",\"https:\\\/\\\/www.facebook.com\\\/sveinharald.strand.1\",\"https:\\\/\\\/x.com\\\/LMExtra\"],\"url\":\"https:\\\/\\\/lokalmagasinet.no\\\/?author=6\"}]}<\/script>\n<!-- \/ Yoast SEO plugin. -->","yoast_head_json":{"title":"S\u00e5 mange stemte i g\u00e5r | Lokalmagasinet.no","robots":{"index":"index","follow":"follow","max-snippet":"max-snippet:-1","max-image-preview":"max-image-preview:large","max-video-preview":"max-video-preview:-1"},"canonical":"https:\/\/lokalmagasinet.no\/?p=18330","og_locale":"nn_NO","og_type":"article","og_title":"S\u00e5 mange stemte i g\u00e5r | Lokalmagasinet.no","og_description":"(Publisert 11.09.23) I dag er det valgdag i hele landet, og det ser ut til \u00e5 bli et sv\u00e6rt spennende valg &#8211; s\u00e6rlig i Oslo og andre store byer. I ... Les merS\u00e5 mange stemte i g\u00e5r","og_url":"https:\/\/lokalmagasinet.no\/?p=18330","og_site_name":"Lokalmagasinet.no","article_publisher":"https:\/\/www.facebook.com\/sveinharald.strand.1","article_author":"https:\/\/www.facebook.com\/sveinharald.strand.1","article_published_time":"2023-09-11T15:41:39+00:00","article_modified_time":"2023-09-11T15:58:58+00:00","og_image":[{"url":"https:\/\/lokalmagasinet.no\/wp-content\/uploads\/2021\/09\/velger_stemmer_600.jpg","type":"","width":"","height":""}],"author":"Svein-Harald Strand","twitter_card":"summary_large_image","twitter_creator":"@LMExtra","twitter_site":"@LMExtra","twitter_misc":{"Written by":"Svein-Harald Strand","Est. reading time":"1 minutt"},"schema":{"@context":"https:\/\/schema.org","@graph":[{"@type":"Article","@id":"https:\/\/lokalmagasinet.no\/?p=18330#article","isPartOf":{"@id":"https:\/\/lokalmagasinet.no\/?p=18330"},"author":{"name":"Svein-Harald Strand","@id":"https:\/\/lokalmagasinet.no\/#\/schema\/person\/2e8d221708d3aaf6f577275b5bba4310"},"headline":"S\u00e5 mange stemte i g\u00e5r","datePublished":"2023-09-11T15:41:39+00:00","dateModified":"2023-09-11T15:58:58+00:00","mainEntityOfPage":{"@id":"https:\/\/lokalmagasinet.no\/?p=18330"},"wordCount":185,"publisher":{"@id":"https:\/\/lokalmagasinet.no\/#organization"},"image":{"@id":"https:\/\/lokalmagasinet.no\/?p=18330#primaryimage"},"thumbnailUrl":"https:\/\/lokalmagasinet.no\/wp-content\/uploads\/2021\/09\/velger_stemmer_600.jpg","articleSection":["Aktuelt","Lokalvalg"],"inLanguage":"nn-NO"},{"@type":"WebPage","@id":"https:\/\/lokalmagasinet.no\/?p=18330","url":"https:\/\/lokalmagasinet.no\/?p=18330","name":"S\u00e5 mange stemte i g\u00e5r | Lokalmagasinet.no","isPartOf":{"@id":"https:\/\/lokalmagasinet.no\/#website"},"primaryImageOfPage":{"@id":"https:\/\/lokalmagasinet.no\/?p=18330#primaryimage"},"image":{"@id":"https:\/\/lokalmagasinet.no\/?p=18330#primaryimage"},"thumbnailUrl":"https:\/\/lokalmagasinet.no\/wp-content\/uploads\/2021\/09\/velger_stemmer_600.jpg","datePublished":"2023-09-11T15:41:39+00:00","dateModified":"2023-09-11T15:58:58+00:00","breadcrumb":{"@id":"https:\/\/lokalmagasinet.no\/?p=18330#breadcrumb"},"inLanguage":"nn-NO","potentialAction":[{"@type":"ReadAction","target":["https:\/\/lokalmagasinet.no\/?p=18330"]}]},{"@type":"ImageObject","inLanguage":"nn-NO","@id":"https:\/\/lokalmagasinet.no\/?p=18330#primaryimage","url":"https:\/\/lokalmagasinet.no\/wp-content\/uploads\/2021\/09\/velger_stemmer_600.jpg","contentUrl":"https:\/\/lokalmagasinet.no\/wp-content\/uploads\/2021\/09\/velger_stemmer_600.jpg","width":600,"height":418,"caption":"Velger stemmer. (LM Arkivfoto)"},{"@type":"BreadcrumbList","@id":"https:\/\/lokalmagasinet.no\/?p=18330#breadcrumb","itemListElement":[{"@type":"ListItem","position":1,"name":"Hjem","item":"https:\/\/lokalmagasinet.no\/"},{"@type":"ListItem","position":2,"name":"S\u00e5 mange stemte i g\u00e5r"}]},{"@type":"WebSite","@id":"https:\/\/lokalmagasinet.no\/#website","url":"https:\/\/lokalmagasinet.no\/","name":"Lokalmagasinet.no","description":"Fra fortid og n\u00e5tid. Med st\u00e5sted i det n\u00e6re. Siden 2002.","publisher":{"@id":"https:\/\/lokalmagasinet.no\/#organization"},"potentialAction":[{"@type":"SearchAction","target":{"@type":"EntryPoint","urlTemplate":"https:\/\/lokalmagasinet.no\/?s={search_term_string}"},"query-input":{"@type":"PropertyValueSpecification","valueRequired":true,"valueName":"search_term_string"}}],"inLanguage":"nn-NO"},{"@type":"Organization","@id":"https:\/\/lokalmagasinet.no\/#organization","name":"Lokalmagasinet.no","url":"https:\/\/lokalmagasinet.no\/","logo":{"@type":"ImageObject","inLanguage":"nn-NO","@id":"https:\/\/lokalmagasinet.no\/#\/schema\/logo\/image\/","url":"https:\/\/lokalmagasinet.no\/wp-content\/uploads\/2021\/03\/cropped-cropped-cropped-cropped-cropped-cropped-lmlogo-e1640691300821.jpg","contentUrl":"https:\/\/lokalmagasinet.no\/wp-content\/uploads\/2021\/03\/cropped-cropped-cropped-cropped-cropped-cropped-lmlogo-e1640691300821.jpg","width":72,"height":118,"caption":"Lokalmagasinet.no"},"image":{"@id":"https:\/\/lokalmagasinet.no\/#\/schema\/logo\/image\/"},"sameAs":["https:\/\/www.facebook.com\/sveinharald.strand.1","https:\/\/x.com\/LMExtra"]},{"@type":"Person","@id":"https:\/\/lokalmagasinet.no\/#\/schema\/person\/2e8d221708d3aaf6f577275b5bba4310","name":"Svein-Harald Strand","image":{"@type":"ImageObject","inLanguage":"nn-NO","@id":"https:\/\/secure.gravatar.com\/avatar\/c487434bdf6cd7c12e4a88877ae4b12c38d22b7ad64292b49d33ed7503bb7ce1?s=96&d=mm&r=g","url":"https:\/\/secure.gravatar.com\/avatar\/c487434bdf6cd7c12e4a88877ae4b12c38d22b7ad64292b49d33ed7503bb7ce1?s=96&d=mm&r=g","contentUrl":"https:\/\/secure.gravatar.com\/avatar\/c487434bdf6cd7c12e4a88877ae4b12c38d22b7ad64292b49d33ed7503bb7ce1?s=96&d=mm&r=g","caption":"Svein-Harald Strand"},"description":"(F. 26.12.1945) Redakt\u00f8r, journalist og informasjonsarbeider siden 1968. ||| I 1963: Redaksjonell praktikant i 8 m\u00e5neder p\u00e5 full tid i Helgeland Arbeiderblad i hjembyen Mosj\u00f8en. ||| Arbeidende pensjonist med hjemmekontor fra 2008 (AFP) og videre som folkepensjonist til n\u00e5.","sameAs":["https:\/\/lokalmagasinet.no\/","https:\/\/www.facebook.com\/sveinharald.strand.1","https:\/\/x.com\/LMExtra"],"url":"https:\/\/lokalmagasinet.no\/?author=6"}]}},"_links":{"self":[{"href":"https:\/\/lokalmagasinet.no\/index.php?rest_route=\/wp\/v2\/posts\/18330","targetHints":{"allow":["GET"]}}],"collection":[{"href":"https:\/\/lokalmagasinet.no\/index.php?rest_route=\/wp\/v2\/posts"}],"about":[{"href":"https:\/\/lokalmagasinet.no\/index.php?rest_route=\/wp\/v2\/types\/post"}],"author":[{"embeddable":true,"href":"https:\/\/lokalmagasinet.no\/index.php?rest_route=\/wp\/v2\/users\/6"}],"replies":[{"embeddable":true,"href":"https:\/\/lokalmagasinet.no\/index.php?rest_route=%2Fwp%2Fv2%2Fcomments&post=18330"}],"version-history":[{"count":7,"href":"https:\/\/lokalmagasinet.no\/index.php?rest_route=\/wp\/v2\/posts\/18330\/revisions"}],"predecessor-version":[{"id":18337,"href":"https:\/\/lokalmagasinet.no\/index.php?rest_route=\/wp\/v2\/posts\/18330\/revisions\/18337"}],"wp:attachment":[{"href":"https:\/\/lokalmagasinet.no\/index.php?rest_route=%2Fwp%2Fv2%2Fmedia&parent=18330"}],"wp:term":[{"taxonomy":"category","embeddable":true,"href":"https:\/\/lokalmagasinet.no\/index.php?rest_route=%2Fwp%2Fv2%2Fcategories&post=18330"},{"taxonomy":"post_tag","embeddable":true,"href":"https:\/\/lokalmagasinet.no\/index.php?rest_route=%2Fwp%2Fv2%2Ftags&post=18330"}],"curies":[{"name":"wp","href":"https:\/\/api.w.org\/{rel}","templated":true}]}}