{"id":18475,"date":"2024-02-29T21:26:43","date_gmt":"2024-02-29T20:26:43","guid":{"rendered":"https:\/\/lokalmagasinet.no\/?p=18475"},"modified":"2024-03-01T11:58:53","modified_gmt":"2024-03-01T10:58:53","slug":"fra-saner-til-grevlingen-ungdomsskole","status":"publish","type":"post","link":"https:\/\/lokalmagasinet.no\/?p=18475","title":{"rendered":"Fra S\u00e5ner ungdomsskole til Grevlingen skole og kultursenter"},"content":{"rendered":"<p><span class=\"x193iq5w xeuugli x13faqbe x1vvkbs x1xmvt09 x1lliihq x1s928wv xhkezso x1gmr53x x1cpjm7i x1fgarty x1943h6x xudqn12 x3x7a5m x6prxxf xvq8zen xo1l8bm xzsf02u\" dir=\"auto\"><img loading=\"lazy\" decoding=\"async\" class=\"alignnone size-full wp-image-22235\" src=\"https:\/\/lokalmagasinet.no\/wp-content\/uploads\/2024\/02\/Son_Grevlingen_skole_001-scaled.jpg\" alt=\"\" width=\"2048\" height=\"1365\" srcset=\"https:\/\/lokalmagasinet.no\/wp-content\/uploads\/2024\/02\/Son_Grevlingen_skole_001-scaled.jpg 2048w, https:\/\/lokalmagasinet.no\/wp-content\/uploads\/2024\/02\/Son_Grevlingen_skole_001-300x200.jpg 300w, https:\/\/lokalmagasinet.no\/wp-content\/uploads\/2024\/02\/Son_Grevlingen_skole_001-1024x683.jpg 1024w, https:\/\/lokalmagasinet.no\/wp-content\/uploads\/2024\/02\/Son_Grevlingen_skole_001-150x100.jpg 150w, https:\/\/lokalmagasinet.no\/wp-content\/uploads\/2024\/02\/Son_Grevlingen_skole_001-768x512.jpg 768w, https:\/\/lokalmagasinet.no\/wp-content\/uploads\/2024\/02\/Son_Grevlingen_skole_001-1536x1024.jpg 1536w\" sizes=\"auto, (max-width: 2048px) 100vw, 2048px\" \/><\/span><\/p>\n<p><em>Foto fra wikipedia.org: Chris Nyborg<\/em><\/p>\n<p><span class=\"x193iq5w xeuugli x13faqbe x1vvkbs x1xmvt09 x1lliihq x1s928wv xhkezso x1gmr53x x1cpjm7i x1fgarty x1943h6x xudqn12 x3x7a5m x6prxxf xvq8zen xo1l8bm xzsf02u\" dir=\"auto\">(Fra LM mars 2021) (Republisert 29.02.24) <strong>Planutvalget skal\u00a0 behandle en s\u00f8knad om dispensasjon fra reguleringskrav. Saken gjelder S\u00e5ner ungdomsskole. Eier har langt fram en plan for hvordan en kan utnytte det gamle skolebygget.<\/strong> <\/span><\/p>\n<p><span class=\"x193iq5w xeuugli x13faqbe x1vvkbs x1xmvt09 x1lliihq x1s928wv xhkezso x1gmr53x x1cpjm7i x1fgarty x1943h6x xudqn12 x3x7a5m x6prxxf xvq8zen xo1l8bm xzsf02u\" dir=\"auto\">Planen er \u00e5 endre bygget slik at det kan brukes av diverse h\u00e5ndverksbedrifter. Det skal da deles opp og f\u00e5 installert garasjeporter. <\/span><\/p>\n<p>S\u00f8knad har blitt avsl\u00e5tt administrativt, men n\u00e5 skal det behandles politisk. Planutvalget kan innvilge dispensasjon.<\/p>\n<p>Vestby SV h\u00e5per at dispensasjonen blir innvilget. &#8211; Helt siden S\u00e5ner sluttet \u00e5 v\u00e6re skole i 2006, har bygget st\u00e5tt til forfall. Det har v\u00e6rt ganske flaut \u00e5 v\u00e6re vitne til. N\u00e5 m\u00e5 vi bruke denne sjansen til \u00e5 f\u00e5 liv i den gamle skolen, uttaler SV.<\/p>\n<p><b>S\u00e5ner ungdomsskole<\/b> sto ferdig i 1964. Den l\u00e5 p\u00e5 <a title=\"S\u00e5ner\" href=\"https:\/\/no.wikipedia.org\/wiki\/S%C3%A5ner\">S\u00e5ner<\/a> utenfor <a title=\"H\u00f8len\" href=\"https:\/\/no.wikipedia.org\/wiki\/H%C3%B8len\">H\u00f8len<\/a>. Skolen ble lagt ned etter skole\u00e5ret 2005\/2006, og ble erstattet av <a class=\"mw-redirect\" title=\"Grevlingen ungdomsskole\" href=\"https:\/\/no.wikipedia.org\/wiki\/Grevlingen_ungdomsskole\">Grevlingen ungdomsskole<\/a> i <a title=\"Son\" href=\"https:\/\/no.wikipedia.org\/wiki\/Son\">Son<\/a>.<\/p>\n<p>Bygningsmassen var sv\u00e6rt nedslitt da skolen ble lagt ned, og dens framtid var uviss inntil september 2007. T\u00f8nsberg Bolig AS kj\u00f8pte da bygningene med tanke p\u00e5 \u00e5 pusse opp og starte et sykehjem eller <a title=\"Hospice\" href=\"https:\/\/no.wikipedia.org\/wiki\/Hospice\">hospice<\/a> for personer i livets siste fase.<\/p>\n<p>Retten opphevet senere\u00a0 salget p\u00e5 grunn av problemer med regulering av omr\u00e5det<\/p>\n<div class=\"mw-references-wrap\">\n<p><b><a href=\"https:\/\/no.wikipedia.org\/wiki\/S%C3%A5ner_ungdomsskole#cite_ref-2\">^<\/a><\/b> <span class=\"reference-text\"><a class=\"external text\" href=\"http:\/\/www.oblad.no\/nyheter\/retten-hevet-salget-av-saner-ungdomsskole-1.6792432\" rel=\"nofollow\">\u00d8stlandets Blad: Retten hevet salget av S\u00e5ner ungdomsskole<\/a><\/span><\/p>\n<\/div>\n<p>Views: 896<\/p>","protected":false},"excerpt":{"rendered":"<p>Foto fra wikipedia.org: Chris Nyborg (Fra LM mars 2021) (Republisert 29.02.24) Planutvalget skal\u00a0 behandle en s\u00f8knad om dispensasjon fra reguleringskrav. Saken gjelder S\u00e5ner ungdomsskole. Eier har langt fram en plan &#8230; <\/p>\n<p class=\"read-more-container\"><a title=\"Fra S\u00e5ner ungdomsskole til Grevlingen skole og kultursenter\" class=\"read-more button\" href=\"https:\/\/lokalmagasinet.no\/?p=18475#more-18475\">Les mer<span class=\"screen-reader-text\">Fra S\u00e5ner ungdomsskole til Grevlingen skole og kultursenter<\/span><\/a><\/p>\n","protected":false},"author":6,"featured_media":0,"comment_status":"closed","ping_status":"closed","sticky":false,"template":"","format":"standard","meta":{"footnotes":""},"categories":[108,7,97,35,76],"tags":[],"class_list":["post-18475","post","type-post","status-publish","format-standard","hentry","category-arkivsaker","category-historisk-arkiv","category-lokalforvaltning","category-minner","category-stedsutvikling"],"yoast_head":"<!-- This site is optimized with the Yoast SEO plugin v27.5 - https:\/\/yoast.com\/product\/yoast-seo-wordpress\/ -->\n<title>Fra S\u00e5ner ungdomsskole til Grevlingen skole og kultursenter | Lokalmagasinet.no<\/title>\n<meta name=\"robots\" content=\"index, follow, max-snippet:-1, max-image-preview:large, max-video-preview:-1\" \/>\n<link rel=\"canonical\" href=\"https:\/\/lokalmagasinet.no\/?p=18475\" \/>\n<meta property=\"og:locale\" content=\"nn_NO\" \/>\n<meta property=\"og:type\" content=\"article\" \/>\n<meta property=\"og:title\" content=\"Fra S\u00e5ner ungdomsskole til Grevlingen skole og kultursenter | Lokalmagasinet.no\" \/>\n<meta property=\"og:description\" content=\"Foto fra wikipedia.org: Chris Nyborg (Fra LM mars 2021) (Republisert 29.02.24) Planutvalget skal\u00a0 behandle en s\u00f8knad om dispensasjon fra reguleringskrav. Saken gjelder S\u00e5ner ungdomsskole. Eier har langt fram en plan ... Les merFra S\u00e5ner ungdomsskole til Grevlingen skole og kultursenter\" \/>\n<meta property=\"og:url\" content=\"https:\/\/lokalmagasinet.no\/?p=18475\" \/>\n<meta property=\"og:site_name\" content=\"Lokalmagasinet.no\" \/>\n<meta property=\"article:publisher\" content=\"https:\/\/www.facebook.com\/sveinharald.strand.1\" \/>\n<meta property=\"article:author\" content=\"https:\/\/www.facebook.com\/sveinharald.strand.1\" \/>\n<meta property=\"article:published_time\" content=\"2024-02-29T20:26:43+00:00\" \/>\n<meta property=\"article:modified_time\" content=\"2024-03-01T10:58:53+00:00\" \/>\n<meta property=\"og:image\" content=\"https:\/\/lokalmagasinet.no\/wp-content\/uploads\/2024\/02\/Son_Grevlingen_skole_001-scaled.jpg\" \/>\n<meta name=\"author\" content=\"Svein-Harald Strand\" \/>\n<meta name=\"twitter:card\" content=\"summary_large_image\" \/>\n<meta name=\"twitter:creator\" content=\"@LMExtra\" \/>\n<meta name=\"twitter:site\" content=\"@LMExtra\" \/>\n<meta name=\"twitter:label1\" content=\"Written by\" \/>\n\t<meta name=\"twitter:data1\" content=\"Svein-Harald Strand\" \/>\n\t<meta name=\"twitter:label2\" content=\"Est. reading time\" \/>\n\t<meta name=\"twitter:data2\" content=\"1 minutt\" \/>\n<script type=\"application\/ld+json\" class=\"yoast-schema-graph\">{\"@context\":\"https:\\\/\\\/schema.org\",\"@graph\":[{\"@type\":\"Article\",\"@id\":\"https:\\\/\\\/lokalmagasinet.no\\\/?p=18475#article\",\"isPartOf\":{\"@id\":\"https:\\\/\\\/lokalmagasinet.no\\\/?p=18475\"},\"author\":{\"name\":\"Svein-Harald Strand\",\"@id\":\"https:\\\/\\\/lokalmagasinet.no\\\/#\\\/schema\\\/person\\\/2e8d221708d3aaf6f577275b5bba4310\"},\"headline\":\"Fra S\u00e5ner ungdomsskole til Grevlingen skole og kultursenter\",\"datePublished\":\"2024-02-29T20:26:43+00:00\",\"dateModified\":\"2024-03-01T10:58:53+00:00\",\"mainEntityOfPage\":{\"@id\":\"https:\\\/\\\/lokalmagasinet.no\\\/?p=18475\"},\"wordCount\":229,\"publisher\":{\"@id\":\"https:\\\/\\\/lokalmagasinet.no\\\/#organization\"},\"image\":{\"@id\":\"https:\\\/\\\/lokalmagasinet.no\\\/?p=18475#primaryimage\"},\"thumbnailUrl\":\"https:\\\/\\\/lokalmagasinet.no\\\/wp-content\\\/uploads\\\/2024\\\/02\\\/Son_Grevlingen_skole_001-scaled.jpg\",\"articleSection\":[\"Arkivsaker\",\"Historisk\",\"Lokalforvaltning\",\"Minner\",\"Stedsutvikling\"],\"inLanguage\":\"nn-NO\"},{\"@type\":\"WebPage\",\"@id\":\"https:\\\/\\\/lokalmagasinet.no\\\/?p=18475\",\"url\":\"https:\\\/\\\/lokalmagasinet.no\\\/?p=18475\",\"name\":\"Fra S\u00e5ner ungdomsskole til Grevlingen skole og kultursenter | Lokalmagasinet.no\",\"isPartOf\":{\"@id\":\"https:\\\/\\\/lokalmagasinet.no\\\/#website\"},\"primaryImageOfPage\":{\"@id\":\"https:\\\/\\\/lokalmagasinet.no\\\/?p=18475#primaryimage\"},\"image\":{\"@id\":\"https:\\\/\\\/lokalmagasinet.no\\\/?p=18475#primaryimage\"},\"thumbnailUrl\":\"https:\\\/\\\/lokalmagasinet.no\\\/wp-content\\\/uploads\\\/2024\\\/02\\\/Son_Grevlingen_skole_001-scaled.jpg\",\"datePublished\":\"2024-02-29T20:26:43+00:00\",\"dateModified\":\"2024-03-01T10:58:53+00:00\",\"breadcrumb\":{\"@id\":\"https:\\\/\\\/lokalmagasinet.no\\\/?p=18475#breadcrumb\"},\"inLanguage\":\"nn-NO\",\"potentialAction\":[{\"@type\":\"ReadAction\",\"target\":[\"https:\\\/\\\/lokalmagasinet.no\\\/?p=18475\"]}]},{\"@type\":\"ImageObject\",\"inLanguage\":\"nn-NO\",\"@id\":\"https:\\\/\\\/lokalmagasinet.no\\\/?p=18475#primaryimage\",\"url\":\"https:\\\/\\\/lokalmagasinet.no\\\/wp-content\\\/uploads\\\/2024\\\/02\\\/Son_Grevlingen_skole_001-scaled.jpg\",\"contentUrl\":\"https:\\\/\\\/lokalmagasinet.no\\\/wp-content\\\/uploads\\\/2024\\\/02\\\/Son_Grevlingen_skole_001-scaled.jpg\",\"width\":2048,\"height\":1365},{\"@type\":\"BreadcrumbList\",\"@id\":\"https:\\\/\\\/lokalmagasinet.no\\\/?p=18475#breadcrumb\",\"itemListElement\":[{\"@type\":\"ListItem\",\"position\":1,\"name\":\"Hjem\",\"item\":\"https:\\\/\\\/lokalmagasinet.no\\\/\"},{\"@type\":\"ListItem\",\"position\":2,\"name\":\"Fra S\u00e5ner ungdomsskole til Grevlingen skole og kultursenter\"}]},{\"@type\":\"WebSite\",\"@id\":\"https:\\\/\\\/lokalmagasinet.no\\\/#website\",\"url\":\"https:\\\/\\\/lokalmagasinet.no\\\/\",\"name\":\"Lokalmagasinet.no\",\"description\":\"Fra fortid og n\u00e5tid. Med st\u00e5sted i det n\u00e6re. Siden 2002.\",\"publisher\":{\"@id\":\"https:\\\/\\\/lokalmagasinet.no\\\/#organization\"},\"potentialAction\":[{\"@type\":\"SearchAction\",\"target\":{\"@type\":\"EntryPoint\",\"urlTemplate\":\"https:\\\/\\\/lokalmagasinet.no\\\/?s={search_term_string}\"},\"query-input\":{\"@type\":\"PropertyValueSpecification\",\"valueRequired\":true,\"valueName\":\"search_term_string\"}}],\"inLanguage\":\"nn-NO\"},{\"@type\":\"Organization\",\"@id\":\"https:\\\/\\\/lokalmagasinet.no\\\/#organization\",\"name\":\"Lokalmagasinet.no\",\"url\":\"https:\\\/\\\/lokalmagasinet.no\\\/\",\"logo\":{\"@type\":\"ImageObject\",\"inLanguage\":\"nn-NO\",\"@id\":\"https:\\\/\\\/lokalmagasinet.no\\\/#\\\/schema\\\/logo\\\/image\\\/\",\"url\":\"https:\\\/\\\/lokalmagasinet.no\\\/wp-content\\\/uploads\\\/2021\\\/03\\\/cropped-cropped-cropped-cropped-cropped-cropped-lmlogo-e1640691300821.jpg\",\"contentUrl\":\"https:\\\/\\\/lokalmagasinet.no\\\/wp-content\\\/uploads\\\/2021\\\/03\\\/cropped-cropped-cropped-cropped-cropped-cropped-lmlogo-e1640691300821.jpg\",\"width\":72,\"height\":118,\"caption\":\"Lokalmagasinet.no\"},\"image\":{\"@id\":\"https:\\\/\\\/lokalmagasinet.no\\\/#\\\/schema\\\/logo\\\/image\\\/\"},\"sameAs\":[\"https:\\\/\\\/www.facebook.com\\\/sveinharald.strand.1\",\"https:\\\/\\\/x.com\\\/LMExtra\"]},{\"@type\":\"Person\",\"@id\":\"https:\\\/\\\/lokalmagasinet.no\\\/#\\\/schema\\\/person\\\/2e8d221708d3aaf6f577275b5bba4310\",\"name\":\"Svein-Harald Strand\",\"image\":{\"@type\":\"ImageObject\",\"inLanguage\":\"nn-NO\",\"@id\":\"https:\\\/\\\/secure.gravatar.com\\\/avatar\\\/c487434bdf6cd7c12e4a88877ae4b12c38d22b7ad64292b49d33ed7503bb7ce1?s=96&d=mm&r=g\",\"url\":\"https:\\\/\\\/secure.gravatar.com\\\/avatar\\\/c487434bdf6cd7c12e4a88877ae4b12c38d22b7ad64292b49d33ed7503bb7ce1?s=96&d=mm&r=g\",\"contentUrl\":\"https:\\\/\\\/secure.gravatar.com\\\/avatar\\\/c487434bdf6cd7c12e4a88877ae4b12c38d22b7ad64292b49d33ed7503bb7ce1?s=96&d=mm&r=g\",\"caption\":\"Svein-Harald Strand\"},\"description\":\"(F. 26.12.1945) Redakt\u00f8r, journalist og informasjonsarbeider siden 1968. ||| I 1963: Redaksjonell praktikant i 8 m\u00e5neder p\u00e5 full tid i Helgeland Arbeiderblad i hjembyen Mosj\u00f8en. ||| Arbeidende pensjonist med hjemmekontor fra 2008 (AFP) og videre som folkepensjonist til n\u00e5.\",\"sameAs\":[\"https:\\\/\\\/lokalmagasinet.no\\\/\",\"https:\\\/\\\/www.facebook.com\\\/sveinharald.strand.1\",\"https:\\\/\\\/x.com\\\/LMExtra\"],\"url\":\"https:\\\/\\\/lokalmagasinet.no\\\/?author=6\"}]}<\/script>\n<!-- \/ Yoast SEO plugin. -->","yoast_head_json":{"title":"Fra S\u00e5ner ungdomsskole til Grevlingen skole og kultursenter | Lokalmagasinet.no","robots":{"index":"index","follow":"follow","max-snippet":"max-snippet:-1","max-image-preview":"max-image-preview:large","max-video-preview":"max-video-preview:-1"},"canonical":"https:\/\/lokalmagasinet.no\/?p=18475","og_locale":"nn_NO","og_type":"article","og_title":"Fra S\u00e5ner ungdomsskole til Grevlingen skole og kultursenter | Lokalmagasinet.no","og_description":"Foto fra wikipedia.org: Chris Nyborg (Fra LM mars 2021) (Republisert 29.02.24) Planutvalget skal\u00a0 behandle en s\u00f8knad om dispensasjon fra reguleringskrav. Saken gjelder S\u00e5ner ungdomsskole. Eier har langt fram en plan ... Les merFra S\u00e5ner ungdomsskole til Grevlingen skole og kultursenter","og_url":"https:\/\/lokalmagasinet.no\/?p=18475","og_site_name":"Lokalmagasinet.no","article_publisher":"https:\/\/www.facebook.com\/sveinharald.strand.1","article_author":"https:\/\/www.facebook.com\/sveinharald.strand.1","article_published_time":"2024-02-29T20:26:43+00:00","article_modified_time":"2024-03-01T10:58:53+00:00","og_image":[{"url":"https:\/\/lokalmagasinet.no\/wp-content\/uploads\/2024\/02\/Son_Grevlingen_skole_001-scaled.jpg","type":"","width":"","height":""}],"author":"Svein-Harald Strand","twitter_card":"summary_large_image","twitter_creator":"@LMExtra","twitter_site":"@LMExtra","twitter_misc":{"Written by":"Svein-Harald Strand","Est. reading time":"1 minutt"},"schema":{"@context":"https:\/\/schema.org","@graph":[{"@type":"Article","@id":"https:\/\/lokalmagasinet.no\/?p=18475#article","isPartOf":{"@id":"https:\/\/lokalmagasinet.no\/?p=18475"},"author":{"name":"Svein-Harald Strand","@id":"https:\/\/lokalmagasinet.no\/#\/schema\/person\/2e8d221708d3aaf6f577275b5bba4310"},"headline":"Fra S\u00e5ner ungdomsskole til Grevlingen skole og kultursenter","datePublished":"2024-02-29T20:26:43+00:00","dateModified":"2024-03-01T10:58:53+00:00","mainEntityOfPage":{"@id":"https:\/\/lokalmagasinet.no\/?p=18475"},"wordCount":229,"publisher":{"@id":"https:\/\/lokalmagasinet.no\/#organization"},"image":{"@id":"https:\/\/lokalmagasinet.no\/?p=18475#primaryimage"},"thumbnailUrl":"https:\/\/lokalmagasinet.no\/wp-content\/uploads\/2024\/02\/Son_Grevlingen_skole_001-scaled.jpg","articleSection":["Arkivsaker","Historisk","Lokalforvaltning","Minner","Stedsutvikling"],"inLanguage":"nn-NO"},{"@type":"WebPage","@id":"https:\/\/lokalmagasinet.no\/?p=18475","url":"https:\/\/lokalmagasinet.no\/?p=18475","name":"Fra S\u00e5ner ungdomsskole til Grevlingen skole og kultursenter | Lokalmagasinet.no","isPartOf":{"@id":"https:\/\/lokalmagasinet.no\/#website"},"primaryImageOfPage":{"@id":"https:\/\/lokalmagasinet.no\/?p=18475#primaryimage"},"image":{"@id":"https:\/\/lokalmagasinet.no\/?p=18475#primaryimage"},"thumbnailUrl":"https:\/\/lokalmagasinet.no\/wp-content\/uploads\/2024\/02\/Son_Grevlingen_skole_001-scaled.jpg","datePublished":"2024-02-29T20:26:43+00:00","dateModified":"2024-03-01T10:58:53+00:00","breadcrumb":{"@id":"https:\/\/lokalmagasinet.no\/?p=18475#breadcrumb"},"inLanguage":"nn-NO","potentialAction":[{"@type":"ReadAction","target":["https:\/\/lokalmagasinet.no\/?p=18475"]}]},{"@type":"ImageObject","inLanguage":"nn-NO","@id":"https:\/\/lokalmagasinet.no\/?p=18475#primaryimage","url":"https:\/\/lokalmagasinet.no\/wp-content\/uploads\/2024\/02\/Son_Grevlingen_skole_001-scaled.jpg","contentUrl":"https:\/\/lokalmagasinet.no\/wp-content\/uploads\/2024\/02\/Son_Grevlingen_skole_001-scaled.jpg","width":2048,"height":1365},{"@type":"BreadcrumbList","@id":"https:\/\/lokalmagasinet.no\/?p=18475#breadcrumb","itemListElement":[{"@type":"ListItem","position":1,"name":"Hjem","item":"https:\/\/lokalmagasinet.no\/"},{"@type":"ListItem","position":2,"name":"Fra S\u00e5ner ungdomsskole til Grevlingen skole og kultursenter"}]},{"@type":"WebSite","@id":"https:\/\/lokalmagasinet.no\/#website","url":"https:\/\/lokalmagasinet.no\/","name":"Lokalmagasinet.no","description":"Fra fortid og n\u00e5tid. Med st\u00e5sted i det n\u00e6re. Siden 2002.","publisher":{"@id":"https:\/\/lokalmagasinet.no\/#organization"},"potentialAction":[{"@type":"SearchAction","target":{"@type":"EntryPoint","urlTemplate":"https:\/\/lokalmagasinet.no\/?s={search_term_string}"},"query-input":{"@type":"PropertyValueSpecification","valueRequired":true,"valueName":"search_term_string"}}],"inLanguage":"nn-NO"},{"@type":"Organization","@id":"https:\/\/lokalmagasinet.no\/#organization","name":"Lokalmagasinet.no","url":"https:\/\/lokalmagasinet.no\/","logo":{"@type":"ImageObject","inLanguage":"nn-NO","@id":"https:\/\/lokalmagasinet.no\/#\/schema\/logo\/image\/","url":"https:\/\/lokalmagasinet.no\/wp-content\/uploads\/2021\/03\/cropped-cropped-cropped-cropped-cropped-cropped-lmlogo-e1640691300821.jpg","contentUrl":"https:\/\/lokalmagasinet.no\/wp-content\/uploads\/2021\/03\/cropped-cropped-cropped-cropped-cropped-cropped-lmlogo-e1640691300821.jpg","width":72,"height":118,"caption":"Lokalmagasinet.no"},"image":{"@id":"https:\/\/lokalmagasinet.no\/#\/schema\/logo\/image\/"},"sameAs":["https:\/\/www.facebook.com\/sveinharald.strand.1","https:\/\/x.com\/LMExtra"]},{"@type":"Person","@id":"https:\/\/lokalmagasinet.no\/#\/schema\/person\/2e8d221708d3aaf6f577275b5bba4310","name":"Svein-Harald Strand","image":{"@type":"ImageObject","inLanguage":"nn-NO","@id":"https:\/\/secure.gravatar.com\/avatar\/c487434bdf6cd7c12e4a88877ae4b12c38d22b7ad64292b49d33ed7503bb7ce1?s=96&d=mm&r=g","url":"https:\/\/secure.gravatar.com\/avatar\/c487434bdf6cd7c12e4a88877ae4b12c38d22b7ad64292b49d33ed7503bb7ce1?s=96&d=mm&r=g","contentUrl":"https:\/\/secure.gravatar.com\/avatar\/c487434bdf6cd7c12e4a88877ae4b12c38d22b7ad64292b49d33ed7503bb7ce1?s=96&d=mm&r=g","caption":"Svein-Harald Strand"},"description":"(F. 26.12.1945) Redakt\u00f8r, journalist og informasjonsarbeider siden 1968. ||| I 1963: Redaksjonell praktikant i 8 m\u00e5neder p\u00e5 full tid i Helgeland Arbeiderblad i hjembyen Mosj\u00f8en. ||| Arbeidende pensjonist med hjemmekontor fra 2008 (AFP) og videre som folkepensjonist til n\u00e5.","sameAs":["https:\/\/lokalmagasinet.no\/","https:\/\/www.facebook.com\/sveinharald.strand.1","https:\/\/x.com\/LMExtra"],"url":"https:\/\/lokalmagasinet.no\/?author=6"}]}},"_links":{"self":[{"href":"https:\/\/lokalmagasinet.no\/index.php?rest_route=\/wp\/v2\/posts\/18475","targetHints":{"allow":["GET"]}}],"collection":[{"href":"https:\/\/lokalmagasinet.no\/index.php?rest_route=\/wp\/v2\/posts"}],"about":[{"href":"https:\/\/lokalmagasinet.no\/index.php?rest_route=\/wp\/v2\/types\/post"}],"author":[{"embeddable":true,"href":"https:\/\/lokalmagasinet.no\/index.php?rest_route=\/wp\/v2\/users\/6"}],"replies":[{"embeddable":true,"href":"https:\/\/lokalmagasinet.no\/index.php?rest_route=%2Fwp%2Fv2%2Fcomments&post=18475"}],"version-history":[{"count":20,"href":"https:\/\/lokalmagasinet.no\/index.php?rest_route=\/wp\/v2\/posts\/18475\/revisions"}],"predecessor-version":[{"id":22254,"href":"https:\/\/lokalmagasinet.no\/index.php?rest_route=\/wp\/v2\/posts\/18475\/revisions\/22254"}],"wp:attachment":[{"href":"https:\/\/lokalmagasinet.no\/index.php?rest_route=%2Fwp%2Fv2%2Fmedia&parent=18475"}],"wp:term":[{"taxonomy":"category","embeddable":true,"href":"https:\/\/lokalmagasinet.no\/index.php?rest_route=%2Fwp%2Fv2%2Fcategories&post=18475"},{"taxonomy":"post_tag","embeddable":true,"href":"https:\/\/lokalmagasinet.no\/index.php?rest_route=%2Fwp%2Fv2%2Ftags&post=18475"}],"curies":[{"name":"wp","href":"https:\/\/api.w.org\/{rel}","templated":true}]}}