{"id":18634,"date":"2023-09-19T01:42:09","date_gmt":"2023-09-18T23:42:09","guid":{"rendered":"https:\/\/lokalmagasinet.no\/?p=18634"},"modified":"2023-09-19T05:12:50","modified_gmt":"2023-09-19T03:12:50","slug":"2007-hvem-blir-egentlig-ordforer","status":"publish","type":"post","link":"https:\/\/lokalmagasinet.no\/?p=18634","title":{"rendered":"2007: Hvem blir egentlig ordf\u00f8rer&#8230;?"},"content":{"rendered":"<div align=\"right\"><img loading=\"lazy\" decoding=\"async\" src=\"https:\/\/web.archive.org\/web\/20080120222138im_\/http:\/\/www.lokalmagasinet.no\/ipub\/media\/dommerhammer_stock.jpg\" alt=\"\" width=\"300\" height=\"225\" align=\"right\" border=\"2\" hspace=\"8\" vspace=\"8\" \/>Illustrasjonsfoto: stock.exchng<\/div>\n<p>(Fra LM 27.09.2007) (Republisert 19.09.23) <span class=\"i_skrift_mikro\"><span class=\"i_skrift_stor\"><strong>Tro det eller ei: I Vestbys nabokommune Frogn kan det bli stemmelikhet\u00a0 og loddtrekning om hvem som skal bli ny ordf\u00f8rer. Og tar du det for gitt at H\u00f8yres John \u00d8dbehr blir ny ordf\u00f8rer i Vestby? Vel <\/strong><\/span><\/span><span class=\"i_skrift_mikro\"><span class=\"i_skrift_stor\"><strong>\u2013 v\u00e6r ikke altfor sikker!<\/strong><\/span><\/span><\/p>\n<p>Som Lokalmagasinet tidligere har minnet om:<\/p>\n<p>Det er medlemmene av det nye <em>kommunestyret <\/em>som velger ny ordf\u00f8rer.<br \/>\n<strong><br \/>\nDet er skriftlig, hemmelig avstemming. Og det er lov \u00e5 stemme blankt. Dersom ingen kandidat f\u00e5r flertall, blir ordf\u00f8reren utpekt ved loddtrekning.<\/strong><\/p>\n<p>H\u00f8yre og Arbeiderpartiet, med til sammen 20 representanter, har inng\u00e5tt en avtale &#8211; blant annet om at sittende ordf\u00f8rer Tom Anders Ludvigsen skal vike plass for \u00d8dbehr.<\/p>\n<p><strong><img loading=\"lazy\" decoding=\"async\" src=\"https:\/\/web.archive.org\/web\/20080120222138im_\/http:\/\/www.lokalmagasinet.no\/ipub\/media\/skeptical_stock.jpg\" alt=\"\" width=\"300\" height=\"206\" align=\"right\" hspace=\"8\" vspace=\"8\" \/>FRUSTRASJON I H\u00d8YRE OG FRP<\/strong><\/p>\n<p><span class=\"i_skrift_mikro\"><span class=\"i_skrift_stor\">I H\u00f8yre og i Fremskrittspartiet er det n\u00e5 frustrasjon og mange sp\u00f8rsm\u00e5l som stilles om hva som skjedde \u2013 n\u00e5r det skjedde, og hvor god avtale dette egentlig er. <\/span><\/span><\/p>\n<p><span class=\"i_skrift_mikro\"><span class=\"i_skrift_stor\"><strong>Artikler i Lokalmagasinet.no de siste dagene, om hva som egentlig skjedde, slik sentrumspartiene opplevde det, har ikke minst bidratt til uro og utrygghet.<\/strong> <\/span><\/span><\/p>\n<p><span class=\"i_skrift_mikro\"><span class=\"i_skrift_stor\">Tr\u00f8sten i de to partiene p\u00e5 h\u00f8yresiden er p\u00e5 en m\u00e5te at lokalavisene sitter p\u00e5 gjerdet. Ikke bare for \u00e5 slippe \u00e5 kreditere Lokalmagasinet.no, noe som \u00e5penbart er en st\u00e5ende instruks p\u00e5 desken. Men ogs\u00e5 litt r\u00e5dville og i uvisse om sprengkraften i den nye substansen som vises fram. Kilder sjekkes uten resultat \u2013 i hvert fall ikke noe som er trykkbart.\u00a0<\/span><\/span><\/p>\n<p><span class=\"i_skrift_mikro\"><span class=\"i_skrift_stor\"><strong><img loading=\"lazy\" decoding=\"async\" src=\"https:\/\/web.archive.org\/web\/20080120222138im_\/http:\/\/www.lokalmagasinet.no\/ipub\/media\/bryggeslutt_stock.jpg\" alt=\"\" width=\"198\" height=\"300\" align=\"left\" border=\"1\" hspace=\"8\" vspace=\"8\" \/>STILLE F\u00d8R STORMEN?<\/strong><\/span><\/span><\/p>\n<p><span class=\"i_skrift_mikro\"><span class=\"i_skrift_stor\">Stille f\u00f8r stormen? Ja, her kan ting skje!<\/span><\/span><\/p>\n<p><span class=\"i_skrift_mikro\"><span class=\"i_skrift_stor\">S\u00e5 inntil kildene igjen snakker \u2013 \u00e5pent:<\/span><\/span><\/p>\n<p><strong>Det som skjedde etter valget <em>kan<\/em> se ut som noen f\u00e5 personers godt planlagte H\u00f8yre-flukt fra sentrumspartiene til Ap.<\/strong><\/p>\n<p><strong>BARE TO STEMMER I &laquo;MANKO&raquo;, S\u00c5 &#8230;<\/strong><\/p>\n<p><span class=\"i_skrift_mikro\"><span class=\"i_skrift_stor\">Og s\u00e5 poenget: Derfor er det ikke utenkelig at vi vil f\u00e5 se en eller flere utbrytere n\u00e5r det skal voteres over ny ordf\u00f8rer. <\/span><\/span><span class=\"i_skrift_mikro\"><span class=\"i_skrift_stor\">Og hovedpoenget: Bare to stemmer i &laquo;manko&raquo;, s\u00e5 heter den nye ordf\u00f8reren ikke John \u00d8dbehr, slik avtalen mellom Arbeiderpartiet og H\u00f8yre forutsetter. <\/span><\/span><\/p>\n<p><span class=\"i_skrift_mikro\"><span class=\"i_skrift_stor\"><em>Men hva heter&#8217;n da?<\/em> <\/span><\/span><\/p>\n<p><span class=\"i_skrift_mikro\"><span class=\"i_skrift_stor\">Og hvem blir da varaordf\u00f8rer? Vel \u2013 innenfor et scenario der \u00d8dbehr g\u00e5r sluk\u00f8ret hjem til nye fire \u00e5r med sin bensinstasjon, s\u00e5 blir det rimelig uinteressant, ikke sant? Gitt da at han ikke kommer fra Frp og heter Trygve Thorsen, m\u00e5 det skyndsomt tilf\u00f8yes. <\/span><\/span><\/p>\n<p><span class=\"i_skrift_stor\"><strong>Konstituerende m\u00f8te i et nytt kommunestyre for fire \u00e5r er ellers mye mer enn valg av ordf\u00f8rer og varaordf\u00f8rer.<\/strong> <strong>Plasser, posisjoner og innflytelse i andre organer skal ogs\u00e5 fordeles. <\/strong><\/span><\/p>\n<p><span class=\"i_skrift_stor\">Ikke minst skal plassene i formannskapet fordeles. Og <\/span><span class=\"i_skrift_stor\">ikke \u00e5 forglemme: Formannskapet er ogs\u00e5 <em>planutvalg<\/em>! Mange vet hvor stor betydning og makt formannskapet har n\u00e5r det funnerer som planutvalg \u2013 ikke minst i forhold til v\u00e5r visuelle hverdag og i et bevaringsperspektiv. <\/span><\/p>\n<p><span class=\"i_skrift_stor\">Er det fortsatt noen som synes lokalpolitikk ikke er spennende? <\/span><\/p>\n<p>Views: 131<\/p>","protected":false},"excerpt":{"rendered":"<p>Illustrasjonsfoto: stock.exchng (Fra LM 27.09.2007) (Republisert 19.09.23) Tro det eller ei: I Vestbys nabokommune Frogn kan det bli stemmelikhet\u00a0 og loddtrekning om hvem som skal bli ny ordf\u00f8rer. Og tar &#8230; <\/p>\n<p class=\"read-more-container\"><a title=\"2007: Hvem blir egentlig ordf\u00f8rer&#8230;?\" class=\"read-more button\" href=\"https:\/\/lokalmagasinet.no\/?p=18634#more-18634\">Les mer<span class=\"screen-reader-text\">2007: Hvem blir egentlig ordf\u00f8rer&#8230;?<\/span><\/a><\/p>\n","protected":false},"author":6,"featured_media":0,"comment_status":"closed","ping_status":"closed","sticky":false,"template":"","format":"standard","meta":{"footnotes":""},"categories":[7,85],"tags":[],"class_list":["post-18634","post","type-post","status-publish","format-standard","hentry","category-historisk-arkiv","category-lokalvalg"],"yoast_head":"<!-- This site is optimized with the Yoast SEO plugin v27.5 - https:\/\/yoast.com\/product\/yoast-seo-wordpress\/ -->\n<title>2007: Hvem blir egentlig ordf\u00f8rer...? | Lokalmagasinet.no<\/title>\n<meta name=\"robots\" content=\"index, follow, max-snippet:-1, max-image-preview:large, max-video-preview:-1\" \/>\n<link rel=\"canonical\" href=\"https:\/\/lokalmagasinet.no\/?p=18634\" \/>\n<meta property=\"og:locale\" content=\"nn_NO\" \/>\n<meta property=\"og:type\" content=\"article\" \/>\n<meta property=\"og:title\" content=\"2007: Hvem blir egentlig ordf\u00f8rer...? | Lokalmagasinet.no\" \/>\n<meta property=\"og:description\" content=\"Illustrasjonsfoto: stock.exchng (Fra LM 27.09.2007) (Republisert 19.09.23) Tro det eller ei: I Vestbys nabokommune Frogn kan det bli stemmelikhet\u00a0 og loddtrekning om hvem som skal bli ny ordf\u00f8rer. Og tar ... Les mer2007: Hvem blir egentlig ordf\u00f8rer&#8230;?\" \/>\n<meta property=\"og:url\" content=\"https:\/\/lokalmagasinet.no\/?p=18634\" \/>\n<meta property=\"og:site_name\" content=\"Lokalmagasinet.no\" \/>\n<meta property=\"article:publisher\" content=\"https:\/\/www.facebook.com\/sveinharald.strand.1\" \/>\n<meta property=\"article:author\" content=\"https:\/\/www.facebook.com\/sveinharald.strand.1\" \/>\n<meta property=\"article:published_time\" content=\"2023-09-18T23:42:09+00:00\" \/>\n<meta property=\"article:modified_time\" content=\"2023-09-19T03:12:50+00:00\" \/>\n<meta property=\"og:image\" content=\"https:\/\/web.archive.org\/web\/20080120222138im_\/http:\/\/www.lokalmagasinet.no\/ipub\/media\/dommerhammer_stock.jpg\" \/>\n<meta name=\"author\" content=\"Svein-Harald Strand\" \/>\n<meta name=\"twitter:card\" content=\"summary_large_image\" \/>\n<meta name=\"twitter:creator\" content=\"@LMExtra\" \/>\n<meta name=\"twitter:site\" content=\"@LMExtra\" \/>\n<meta name=\"twitter:label1\" content=\"Written by\" \/>\n\t<meta name=\"twitter:data1\" content=\"Svein-Harald Strand\" \/>\n\t<meta name=\"twitter:label2\" content=\"Est. reading time\" \/>\n\t<meta name=\"twitter:data2\" content=\"2 minutt\" \/>\n<script type=\"application\/ld+json\" class=\"yoast-schema-graph\">{\"@context\":\"https:\\\/\\\/schema.org\",\"@graph\":[{\"@type\":\"Article\",\"@id\":\"https:\\\/\\\/lokalmagasinet.no\\\/?p=18634#article\",\"isPartOf\":{\"@id\":\"https:\\\/\\\/lokalmagasinet.no\\\/?p=18634\"},\"author\":{\"name\":\"Svein-Harald Strand\",\"@id\":\"https:\\\/\\\/lokalmagasinet.no\\\/#\\\/schema\\\/person\\\/2e8d221708d3aaf6f577275b5bba4310\"},\"headline\":\"2007: Hvem blir egentlig ordf\u00f8rer&#8230;?\",\"datePublished\":\"2023-09-18T23:42:09+00:00\",\"dateModified\":\"2023-09-19T03:12:50+00:00\",\"mainEntityOfPage\":{\"@id\":\"https:\\\/\\\/lokalmagasinet.no\\\/?p=18634\"},\"wordCount\":485,\"publisher\":{\"@id\":\"https:\\\/\\\/lokalmagasinet.no\\\/#organization\"},\"image\":{\"@id\":\"https:\\\/\\\/lokalmagasinet.no\\\/?p=18634#primaryimage\"},\"thumbnailUrl\":\"https:\\\/\\\/web.archive.org\\\/web\\\/20080120222138im_\\\/http:\\\/\\\/www.lokalmagasinet.no\\\/ipub\\\/media\\\/dommerhammer_stock.jpg\",\"articleSection\":[\"Historisk\",\"Lokalvalg\"],\"inLanguage\":\"nn-NO\"},{\"@type\":\"WebPage\",\"@id\":\"https:\\\/\\\/lokalmagasinet.no\\\/?p=18634\",\"url\":\"https:\\\/\\\/lokalmagasinet.no\\\/?p=18634\",\"name\":\"2007: Hvem blir egentlig ordf\u00f8rer...? | Lokalmagasinet.no\",\"isPartOf\":{\"@id\":\"https:\\\/\\\/lokalmagasinet.no\\\/#website\"},\"primaryImageOfPage\":{\"@id\":\"https:\\\/\\\/lokalmagasinet.no\\\/?p=18634#primaryimage\"},\"image\":{\"@id\":\"https:\\\/\\\/lokalmagasinet.no\\\/?p=18634#primaryimage\"},\"thumbnailUrl\":\"https:\\\/\\\/web.archive.org\\\/web\\\/20080120222138im_\\\/http:\\\/\\\/www.lokalmagasinet.no\\\/ipub\\\/media\\\/dommerhammer_stock.jpg\",\"datePublished\":\"2023-09-18T23:42:09+00:00\",\"dateModified\":\"2023-09-19T03:12:50+00:00\",\"breadcrumb\":{\"@id\":\"https:\\\/\\\/lokalmagasinet.no\\\/?p=18634#breadcrumb\"},\"inLanguage\":\"nn-NO\",\"potentialAction\":[{\"@type\":\"ReadAction\",\"target\":[\"https:\\\/\\\/lokalmagasinet.no\\\/?p=18634\"]}]},{\"@type\":\"ImageObject\",\"inLanguage\":\"nn-NO\",\"@id\":\"https:\\\/\\\/lokalmagasinet.no\\\/?p=18634#primaryimage\",\"url\":\"https:\\\/\\\/web.archive.org\\\/web\\\/20080120222138im_\\\/http:\\\/\\\/www.lokalmagasinet.no\\\/ipub\\\/media\\\/dommerhammer_stock.jpg\",\"contentUrl\":\"https:\\\/\\\/web.archive.org\\\/web\\\/20080120222138im_\\\/http:\\\/\\\/www.lokalmagasinet.no\\\/ipub\\\/media\\\/dommerhammer_stock.jpg\"},{\"@type\":\"BreadcrumbList\",\"@id\":\"https:\\\/\\\/lokalmagasinet.no\\\/?p=18634#breadcrumb\",\"itemListElement\":[{\"@type\":\"ListItem\",\"position\":1,\"name\":\"Hjem\",\"item\":\"https:\\\/\\\/lokalmagasinet.no\\\/\"},{\"@type\":\"ListItem\",\"position\":2,\"name\":\"2007: Hvem blir egentlig ordf\u00f8rer&#8230;?\"}]},{\"@type\":\"WebSite\",\"@id\":\"https:\\\/\\\/lokalmagasinet.no\\\/#website\",\"url\":\"https:\\\/\\\/lokalmagasinet.no\\\/\",\"name\":\"Lokalmagasinet.no\",\"description\":\"Fra fortid og n\u00e5tid. Med st\u00e5sted i det n\u00e6re. Siden 2002.\",\"publisher\":{\"@id\":\"https:\\\/\\\/lokalmagasinet.no\\\/#organization\"},\"potentialAction\":[{\"@type\":\"SearchAction\",\"target\":{\"@type\":\"EntryPoint\",\"urlTemplate\":\"https:\\\/\\\/lokalmagasinet.no\\\/?s={search_term_string}\"},\"query-input\":{\"@type\":\"PropertyValueSpecification\",\"valueRequired\":true,\"valueName\":\"search_term_string\"}}],\"inLanguage\":\"nn-NO\"},{\"@type\":\"Organization\",\"@id\":\"https:\\\/\\\/lokalmagasinet.no\\\/#organization\",\"name\":\"Lokalmagasinet.no\",\"url\":\"https:\\\/\\\/lokalmagasinet.no\\\/\",\"logo\":{\"@type\":\"ImageObject\",\"inLanguage\":\"nn-NO\",\"@id\":\"https:\\\/\\\/lokalmagasinet.no\\\/#\\\/schema\\\/logo\\\/image\\\/\",\"url\":\"https:\\\/\\\/lokalmagasinet.no\\\/wp-content\\\/uploads\\\/2021\\\/03\\\/cropped-cropped-cropped-cropped-cropped-cropped-lmlogo-e1640691300821.jpg\",\"contentUrl\":\"https:\\\/\\\/lokalmagasinet.no\\\/wp-content\\\/uploads\\\/2021\\\/03\\\/cropped-cropped-cropped-cropped-cropped-cropped-lmlogo-e1640691300821.jpg\",\"width\":72,\"height\":118,\"caption\":\"Lokalmagasinet.no\"},\"image\":{\"@id\":\"https:\\\/\\\/lokalmagasinet.no\\\/#\\\/schema\\\/logo\\\/image\\\/\"},\"sameAs\":[\"https:\\\/\\\/www.facebook.com\\\/sveinharald.strand.1\",\"https:\\\/\\\/x.com\\\/LMExtra\"]},{\"@type\":\"Person\",\"@id\":\"https:\\\/\\\/lokalmagasinet.no\\\/#\\\/schema\\\/person\\\/2e8d221708d3aaf6f577275b5bba4310\",\"name\":\"Svein-Harald Strand\",\"image\":{\"@type\":\"ImageObject\",\"inLanguage\":\"nn-NO\",\"@id\":\"https:\\\/\\\/secure.gravatar.com\\\/avatar\\\/c487434bdf6cd7c12e4a88877ae4b12c38d22b7ad64292b49d33ed7503bb7ce1?s=96&d=mm&r=g\",\"url\":\"https:\\\/\\\/secure.gravatar.com\\\/avatar\\\/c487434bdf6cd7c12e4a88877ae4b12c38d22b7ad64292b49d33ed7503bb7ce1?s=96&d=mm&r=g\",\"contentUrl\":\"https:\\\/\\\/secure.gravatar.com\\\/avatar\\\/c487434bdf6cd7c12e4a88877ae4b12c38d22b7ad64292b49d33ed7503bb7ce1?s=96&d=mm&r=g\",\"caption\":\"Svein-Harald Strand\"},\"description\":\"(F. 26.12.1945) Redakt\u00f8r, journalist og informasjonsarbeider siden 1968. ||| I 1963: Redaksjonell praktikant i 8 m\u00e5neder p\u00e5 full tid i Helgeland Arbeiderblad i hjembyen Mosj\u00f8en. ||| Arbeidende pensjonist med hjemmekontor fra 2008 (AFP) og videre som folkepensjonist til n\u00e5.\",\"sameAs\":[\"https:\\\/\\\/lokalmagasinet.no\\\/\",\"https:\\\/\\\/www.facebook.com\\\/sveinharald.strand.1\",\"https:\\\/\\\/x.com\\\/LMExtra\"],\"url\":\"https:\\\/\\\/lokalmagasinet.no\\\/?author=6\"}]}<\/script>\n<!-- \/ Yoast SEO plugin. -->","yoast_head_json":{"title":"2007: Hvem blir egentlig ordf\u00f8rer...? | Lokalmagasinet.no","robots":{"index":"index","follow":"follow","max-snippet":"max-snippet:-1","max-image-preview":"max-image-preview:large","max-video-preview":"max-video-preview:-1"},"canonical":"https:\/\/lokalmagasinet.no\/?p=18634","og_locale":"nn_NO","og_type":"article","og_title":"2007: Hvem blir egentlig ordf\u00f8rer...? | Lokalmagasinet.no","og_description":"Illustrasjonsfoto: stock.exchng (Fra LM 27.09.2007) (Republisert 19.09.23) Tro det eller ei: I Vestbys nabokommune Frogn kan det bli stemmelikhet\u00a0 og loddtrekning om hvem som skal bli ny ordf\u00f8rer. Og tar ... Les mer2007: Hvem blir egentlig ordf\u00f8rer&#8230;?","og_url":"https:\/\/lokalmagasinet.no\/?p=18634","og_site_name":"Lokalmagasinet.no","article_publisher":"https:\/\/www.facebook.com\/sveinharald.strand.1","article_author":"https:\/\/www.facebook.com\/sveinharald.strand.1","article_published_time":"2023-09-18T23:42:09+00:00","article_modified_time":"2023-09-19T03:12:50+00:00","og_image":[{"url":"https:\/\/web.archive.org\/web\/20080120222138im_\/http:\/\/www.lokalmagasinet.no\/ipub\/media\/dommerhammer_stock.jpg","type":"","width":"","height":""}],"author":"Svein-Harald Strand","twitter_card":"summary_large_image","twitter_creator":"@LMExtra","twitter_site":"@LMExtra","twitter_misc":{"Written by":"Svein-Harald Strand","Est. reading time":"2 minutt"},"schema":{"@context":"https:\/\/schema.org","@graph":[{"@type":"Article","@id":"https:\/\/lokalmagasinet.no\/?p=18634#article","isPartOf":{"@id":"https:\/\/lokalmagasinet.no\/?p=18634"},"author":{"name":"Svein-Harald Strand","@id":"https:\/\/lokalmagasinet.no\/#\/schema\/person\/2e8d221708d3aaf6f577275b5bba4310"},"headline":"2007: Hvem blir egentlig ordf\u00f8rer&#8230;?","datePublished":"2023-09-18T23:42:09+00:00","dateModified":"2023-09-19T03:12:50+00:00","mainEntityOfPage":{"@id":"https:\/\/lokalmagasinet.no\/?p=18634"},"wordCount":485,"publisher":{"@id":"https:\/\/lokalmagasinet.no\/#organization"},"image":{"@id":"https:\/\/lokalmagasinet.no\/?p=18634#primaryimage"},"thumbnailUrl":"https:\/\/web.archive.org\/web\/20080120222138im_\/http:\/\/www.lokalmagasinet.no\/ipub\/media\/dommerhammer_stock.jpg","articleSection":["Historisk","Lokalvalg"],"inLanguage":"nn-NO"},{"@type":"WebPage","@id":"https:\/\/lokalmagasinet.no\/?p=18634","url":"https:\/\/lokalmagasinet.no\/?p=18634","name":"2007: Hvem blir egentlig ordf\u00f8rer...? | Lokalmagasinet.no","isPartOf":{"@id":"https:\/\/lokalmagasinet.no\/#website"},"primaryImageOfPage":{"@id":"https:\/\/lokalmagasinet.no\/?p=18634#primaryimage"},"image":{"@id":"https:\/\/lokalmagasinet.no\/?p=18634#primaryimage"},"thumbnailUrl":"https:\/\/web.archive.org\/web\/20080120222138im_\/http:\/\/www.lokalmagasinet.no\/ipub\/media\/dommerhammer_stock.jpg","datePublished":"2023-09-18T23:42:09+00:00","dateModified":"2023-09-19T03:12:50+00:00","breadcrumb":{"@id":"https:\/\/lokalmagasinet.no\/?p=18634#breadcrumb"},"inLanguage":"nn-NO","potentialAction":[{"@type":"ReadAction","target":["https:\/\/lokalmagasinet.no\/?p=18634"]}]},{"@type":"ImageObject","inLanguage":"nn-NO","@id":"https:\/\/lokalmagasinet.no\/?p=18634#primaryimage","url":"https:\/\/web.archive.org\/web\/20080120222138im_\/http:\/\/www.lokalmagasinet.no\/ipub\/media\/dommerhammer_stock.jpg","contentUrl":"https:\/\/web.archive.org\/web\/20080120222138im_\/http:\/\/www.lokalmagasinet.no\/ipub\/media\/dommerhammer_stock.jpg"},{"@type":"BreadcrumbList","@id":"https:\/\/lokalmagasinet.no\/?p=18634#breadcrumb","itemListElement":[{"@type":"ListItem","position":1,"name":"Hjem","item":"https:\/\/lokalmagasinet.no\/"},{"@type":"ListItem","position":2,"name":"2007: Hvem blir egentlig ordf\u00f8rer&#8230;?"}]},{"@type":"WebSite","@id":"https:\/\/lokalmagasinet.no\/#website","url":"https:\/\/lokalmagasinet.no\/","name":"Lokalmagasinet.no","description":"Fra fortid og n\u00e5tid. Med st\u00e5sted i det n\u00e6re. Siden 2002.","publisher":{"@id":"https:\/\/lokalmagasinet.no\/#organization"},"potentialAction":[{"@type":"SearchAction","target":{"@type":"EntryPoint","urlTemplate":"https:\/\/lokalmagasinet.no\/?s={search_term_string}"},"query-input":{"@type":"PropertyValueSpecification","valueRequired":true,"valueName":"search_term_string"}}],"inLanguage":"nn-NO"},{"@type":"Organization","@id":"https:\/\/lokalmagasinet.no\/#organization","name":"Lokalmagasinet.no","url":"https:\/\/lokalmagasinet.no\/","logo":{"@type":"ImageObject","inLanguage":"nn-NO","@id":"https:\/\/lokalmagasinet.no\/#\/schema\/logo\/image\/","url":"https:\/\/lokalmagasinet.no\/wp-content\/uploads\/2021\/03\/cropped-cropped-cropped-cropped-cropped-cropped-lmlogo-e1640691300821.jpg","contentUrl":"https:\/\/lokalmagasinet.no\/wp-content\/uploads\/2021\/03\/cropped-cropped-cropped-cropped-cropped-cropped-lmlogo-e1640691300821.jpg","width":72,"height":118,"caption":"Lokalmagasinet.no"},"image":{"@id":"https:\/\/lokalmagasinet.no\/#\/schema\/logo\/image\/"},"sameAs":["https:\/\/www.facebook.com\/sveinharald.strand.1","https:\/\/x.com\/LMExtra"]},{"@type":"Person","@id":"https:\/\/lokalmagasinet.no\/#\/schema\/person\/2e8d221708d3aaf6f577275b5bba4310","name":"Svein-Harald Strand","image":{"@type":"ImageObject","inLanguage":"nn-NO","@id":"https:\/\/secure.gravatar.com\/avatar\/c487434bdf6cd7c12e4a88877ae4b12c38d22b7ad64292b49d33ed7503bb7ce1?s=96&d=mm&r=g","url":"https:\/\/secure.gravatar.com\/avatar\/c487434bdf6cd7c12e4a88877ae4b12c38d22b7ad64292b49d33ed7503bb7ce1?s=96&d=mm&r=g","contentUrl":"https:\/\/secure.gravatar.com\/avatar\/c487434bdf6cd7c12e4a88877ae4b12c38d22b7ad64292b49d33ed7503bb7ce1?s=96&d=mm&r=g","caption":"Svein-Harald Strand"},"description":"(F. 26.12.1945) Redakt\u00f8r, journalist og informasjonsarbeider siden 1968. ||| I 1963: Redaksjonell praktikant i 8 m\u00e5neder p\u00e5 full tid i Helgeland Arbeiderblad i hjembyen Mosj\u00f8en. ||| Arbeidende pensjonist med hjemmekontor fra 2008 (AFP) og videre som folkepensjonist til n\u00e5.","sameAs":["https:\/\/lokalmagasinet.no\/","https:\/\/www.facebook.com\/sveinharald.strand.1","https:\/\/x.com\/LMExtra"],"url":"https:\/\/lokalmagasinet.no\/?author=6"}]}},"_links":{"self":[{"href":"https:\/\/lokalmagasinet.no\/index.php?rest_route=\/wp\/v2\/posts\/18634","targetHints":{"allow":["GET"]}}],"collection":[{"href":"https:\/\/lokalmagasinet.no\/index.php?rest_route=\/wp\/v2\/posts"}],"about":[{"href":"https:\/\/lokalmagasinet.no\/index.php?rest_route=\/wp\/v2\/types\/post"}],"author":[{"embeddable":true,"href":"https:\/\/lokalmagasinet.no\/index.php?rest_route=\/wp\/v2\/users\/6"}],"replies":[{"embeddable":true,"href":"https:\/\/lokalmagasinet.no\/index.php?rest_route=%2Fwp%2Fv2%2Fcomments&post=18634"}],"version-history":[{"count":10,"href":"https:\/\/lokalmagasinet.no\/index.php?rest_route=\/wp\/v2\/posts\/18634\/revisions"}],"predecessor-version":[{"id":18644,"href":"https:\/\/lokalmagasinet.no\/index.php?rest_route=\/wp\/v2\/posts\/18634\/revisions\/18644"}],"wp:attachment":[{"href":"https:\/\/lokalmagasinet.no\/index.php?rest_route=%2Fwp%2Fv2%2Fmedia&parent=18634"}],"wp:term":[{"taxonomy":"category","embeddable":true,"href":"https:\/\/lokalmagasinet.no\/index.php?rest_route=%2Fwp%2Fv2%2Fcategories&post=18634"},{"taxonomy":"post_tag","embeddable":true,"href":"https:\/\/lokalmagasinet.no\/index.php?rest_route=%2Fwp%2Fv2%2Ftags&post=18634"}],"curies":[{"name":"wp","href":"https:\/\/api.w.org\/{rel}","templated":true}]}}