{"id":19508,"date":"2023-10-12T14:47:33","date_gmt":"2023-10-12T12:47:33","guid":{"rendered":"https:\/\/lokalmagasinet.no\/?p=19508"},"modified":"2023-10-13T12:37:03","modified_gmt":"2023-10-13T10:37:03","slug":"tekstilar-gjennom-historia","status":"publish","type":"post","link":"https:\/\/lokalmagasinet.no\/?p=19508","title":{"rendered":"Tekstilar gjennom historia"},"content":{"rendered":"<p><img loading=\"lazy\" decoding=\"async\" class=\"alignleft wp-image-19537 size-medium\" src=\"https:\/\/lokalmagasinet.no\/wp-content\/uploads\/2023\/10\/image0012-211x300.jpg\" alt=\"\" width=\"211\" height=\"300\" srcset=\"https:\/\/lokalmagasinet.no\/wp-content\/uploads\/2023\/10\/image0012-211x300.jpg 211w, https:\/\/lokalmagasinet.no\/wp-content\/uploads\/2023\/10\/image0012-106x150.jpg 106w, https:\/\/lokalmagasinet.no\/wp-content\/uploads\/2023\/10\/image0012.jpg 363w\" sizes=\"auto, (max-width: 211px) 100vw, 211px\" \/>(Publisert 12.10.23 &#8211; endra 13.10.23) <strong>F\u00f8r som no kledde folk ute kulde og regn. Dei kledde seg for svettande arbeidsdagar etter kven dei ville vere. Klede kan gje sj\u00f8lvtillit eller vise kven ein vil h\u00f8yre saman med.<\/strong><\/p>\n<p>&nbsp;<\/p>\n<p>DEN NYE BOKA <em>Tr\u00e5dar fr\u00e5 fortida<\/em>\u00a0handlar ikkje berre om korleis klede og sengeklede s\u00e5g ut \u2013 om dei t\u00f8ystykka ein skjulte kroppen med, var glatte, matte, lodne og blanke, grove, gr\u00f8ne, bl\u00e5 eller gr\u00e5.<\/p>\n<p>Boka handlar ogs\u00e5 om det krevjande tekstilarbeidet med n\u00f8ye utrekningar, stor skaparglede og verkande armar og ikkje minst kva som l\u00e5g bak vala av tekstilar.<\/p>\n<p><strong>I denne historia spelar kvinnene og arbeidet deira hovudrolla ettersom tekstilar f\u00f8rst og fremst har vore eit feminint arbeidsfelt.<\/strong><\/p>\n<p>Den geografiske avgrensinga til Namdalen nord i Tr\u00f8ndelag gjer ogs\u00e5 at kystkulturen og fiskeria st\u00e5r sentralt i fleire av kapitla.<\/p>\n<p>Forfattaren, \u00c5sa Elstad, seier:<\/p>\n<blockquote><p><em>Eg vil skrive tekstilane inn i historia. Dei fortel ei historie som ikkje f\u00f8rst fremst handlar om krigar, klassekamp eller konjunktur-svingningar, men ogs\u00e5 om det. Tekstilar kan utgjere skiljet mellom liv og daude, mellom \u00e5 h\u00f8yre til eller st\u00e5 utanfor. Ved \u00e5 unders\u00f8kje desse tr\u00e5dane vil eg pr\u00f8ve \u00e5 komme inn p\u00e5 huda til menneske som levde f\u00f8r, unders\u00f8kje kva dei hadde p\u00e5 seg og rundt seg og pr\u00f8ve \u00e5 lese noko om samtida deira ut fr\u00e5 det<\/em>.<\/p><\/blockquote>\n<p>Med utgangspunkt i arkeologiske funn, dokument, foto og gjenstandar tar \u00c5sa Elstad for seg tekstilbruk i Nord-Noreg gjennom tusen \u00e5r.<\/p>\n<p>Sj\u00f8lv om desse eksempla er fr\u00e5 den nordlegaste landsdelen, er sp\u00f8rsm\u00e5la som blir tatt opp, allmenne.<\/p>\n<p><strong>Tekstilane er jo knytt til mange sider ved norsk historie, som arbeidsdeling, kj\u00f8nnsskilje, \u00f8konomiske og sosiale forhold og system, ressursar, etnisitet og ideologiar.<\/strong><\/p>\n<p>Kvart kapittel i boka har ei oppskrift, ei praktisk \u00f8ving for den som vil g\u00e5 i spora til tekstilhandverkarar som har levd f\u00f8r oss.<\/p>\n<p>Boka kjem i salg i desse dagar.<\/p>\n<p>(Redigert fr\u00e5 pressemelding)<\/p>\n<p>Views: 105<\/p>","protected":false},"excerpt":{"rendered":"<p>(Publisert 12.10.23 &#8211; endra 13.10.23) F\u00f8r som no kledde folk ute kulde og regn. Dei kledde seg for svettande arbeidsdagar etter kven dei ville vere. Klede kan gje sj\u00f8lvtillit eller &#8230; <\/p>\n<p class=\"read-more-container\"><a title=\"Tekstilar gjennom historia\" class=\"read-more button\" href=\"https:\/\/lokalmagasinet.no\/?p=19508#more-19508\">Les mer<span class=\"screen-reader-text\">Tekstilar gjennom historia<\/span><\/a><\/p>\n","protected":false},"author":6,"featured_media":0,"comment_status":"closed","ping_status":"closed","sticky":false,"template":"","format":"standard","meta":{"footnotes":""},"categories":[1,77],"tags":[],"class_list":["post-19508","post","type-post","status-publish","format-standard","hentry","category-aktuelt","category-bokslipp"],"yoast_head":"<!-- This site is optimized with the Yoast SEO plugin v27.4 - https:\/\/yoast.com\/product\/yoast-seo-wordpress\/ -->\n<title>Tekstilar gjennom historia | Lokalmagasinet.no<\/title>\n<meta name=\"robots\" content=\"index, follow, max-snippet:-1, max-image-preview:large, max-video-preview:-1\" \/>\n<link rel=\"canonical\" href=\"https:\/\/lokalmagasinet.no\/?p=19508\" \/>\n<meta property=\"og:locale\" content=\"nn_NO\" \/>\n<meta property=\"og:type\" content=\"article\" \/>\n<meta property=\"og:title\" content=\"Tekstilar gjennom historia | Lokalmagasinet.no\" \/>\n<meta property=\"og:description\" content=\"(Publisert 12.10.23 &#8211; endra 13.10.23) F\u00f8r som no kledde folk ute kulde og regn. Dei kledde seg for svettande arbeidsdagar etter kven dei ville vere. Klede kan gje sj\u00f8lvtillit eller ... Les merTekstilar gjennom historia\" \/>\n<meta property=\"og:url\" content=\"https:\/\/lokalmagasinet.no\/?p=19508\" \/>\n<meta property=\"og:site_name\" content=\"Lokalmagasinet.no\" \/>\n<meta property=\"article:publisher\" content=\"https:\/\/www.facebook.com\/sveinharald.strand.1\" \/>\n<meta property=\"article:author\" content=\"https:\/\/www.facebook.com\/sveinharald.strand.1\" \/>\n<meta property=\"article:published_time\" content=\"2023-10-12T12:47:33+00:00\" \/>\n<meta property=\"article:modified_time\" content=\"2023-10-13T10:37:03+00:00\" \/>\n<meta property=\"og:image\" content=\"https:\/\/lokalmagasinet.no\/wp-content\/uploads\/2023\/10\/image0012-211x300.jpg\" \/>\n<meta name=\"author\" content=\"Svein-Harald Strand\" \/>\n<meta name=\"twitter:card\" content=\"summary_large_image\" \/>\n<meta name=\"twitter:creator\" content=\"@LMExtra\" \/>\n<meta name=\"twitter:site\" content=\"@LMExtra\" \/>\n<meta name=\"twitter:label1\" content=\"Written by\" \/>\n\t<meta name=\"twitter:data1\" content=\"Svein-Harald Strand\" \/>\n\t<meta name=\"twitter:label2\" content=\"Est. reading time\" \/>\n\t<meta name=\"twitter:data2\" content=\"2 minutt\" \/>\n<script type=\"application\/ld+json\" class=\"yoast-schema-graph\">{\"@context\":\"https:\\\/\\\/schema.org\",\"@graph\":[{\"@type\":\"Article\",\"@id\":\"https:\\\/\\\/lokalmagasinet.no\\\/?p=19508#article\",\"isPartOf\":{\"@id\":\"https:\\\/\\\/lokalmagasinet.no\\\/?p=19508\"},\"author\":{\"name\":\"Svein-Harald Strand\",\"@id\":\"https:\\\/\\\/lokalmagasinet.no\\\/#\\\/schema\\\/person\\\/2e8d221708d3aaf6f577275b5bba4310\"},\"headline\":\"Tekstilar gjennom historia\",\"datePublished\":\"2023-10-12T12:47:33+00:00\",\"dateModified\":\"2023-10-13T10:37:03+00:00\",\"mainEntityOfPage\":{\"@id\":\"https:\\\/\\\/lokalmagasinet.no\\\/?p=19508\"},\"wordCount\":333,\"publisher\":{\"@id\":\"https:\\\/\\\/lokalmagasinet.no\\\/#organization\"},\"image\":{\"@id\":\"https:\\\/\\\/lokalmagasinet.no\\\/?p=19508#primaryimage\"},\"thumbnailUrl\":\"https:\\\/\\\/lokalmagasinet.no\\\/wp-content\\\/uploads\\\/2023\\\/10\\\/image0012-211x300.jpg\",\"articleSection\":[\"Aktuelt\",\"Bokslipp\"],\"inLanguage\":\"nn-NO\"},{\"@type\":\"WebPage\",\"@id\":\"https:\\\/\\\/lokalmagasinet.no\\\/?p=19508\",\"url\":\"https:\\\/\\\/lokalmagasinet.no\\\/?p=19508\",\"name\":\"Tekstilar gjennom historia | Lokalmagasinet.no\",\"isPartOf\":{\"@id\":\"https:\\\/\\\/lokalmagasinet.no\\\/#website\"},\"primaryImageOfPage\":{\"@id\":\"https:\\\/\\\/lokalmagasinet.no\\\/?p=19508#primaryimage\"},\"image\":{\"@id\":\"https:\\\/\\\/lokalmagasinet.no\\\/?p=19508#primaryimage\"},\"thumbnailUrl\":\"https:\\\/\\\/lokalmagasinet.no\\\/wp-content\\\/uploads\\\/2023\\\/10\\\/image0012-211x300.jpg\",\"datePublished\":\"2023-10-12T12:47:33+00:00\",\"dateModified\":\"2023-10-13T10:37:03+00:00\",\"breadcrumb\":{\"@id\":\"https:\\\/\\\/lokalmagasinet.no\\\/?p=19508#breadcrumb\"},\"inLanguage\":\"nn-NO\",\"potentialAction\":[{\"@type\":\"ReadAction\",\"target\":[\"https:\\\/\\\/lokalmagasinet.no\\\/?p=19508\"]}]},{\"@type\":\"ImageObject\",\"inLanguage\":\"nn-NO\",\"@id\":\"https:\\\/\\\/lokalmagasinet.no\\\/?p=19508#primaryimage\",\"url\":\"https:\\\/\\\/lokalmagasinet.no\\\/wp-content\\\/uploads\\\/2023\\\/10\\\/image0012.jpg\",\"contentUrl\":\"https:\\\/\\\/lokalmagasinet.no\\\/wp-content\\\/uploads\\\/2023\\\/10\\\/image0012.jpg\",\"width\":363,\"height\":515},{\"@type\":\"BreadcrumbList\",\"@id\":\"https:\\\/\\\/lokalmagasinet.no\\\/?p=19508#breadcrumb\",\"itemListElement\":[{\"@type\":\"ListItem\",\"position\":1,\"name\":\"Hjem\",\"item\":\"https:\\\/\\\/lokalmagasinet.no\\\/\"},{\"@type\":\"ListItem\",\"position\":2,\"name\":\"Tekstilar gjennom historia\"}]},{\"@type\":\"WebSite\",\"@id\":\"https:\\\/\\\/lokalmagasinet.no\\\/#website\",\"url\":\"https:\\\/\\\/lokalmagasinet.no\\\/\",\"name\":\"Lokalmagasinet.no\",\"description\":\"Fra fortid og n\u00e5tid. Med st\u00e5sted i det n\u00e6re. Siden 2002.\",\"publisher\":{\"@id\":\"https:\\\/\\\/lokalmagasinet.no\\\/#organization\"},\"potentialAction\":[{\"@type\":\"SearchAction\",\"target\":{\"@type\":\"EntryPoint\",\"urlTemplate\":\"https:\\\/\\\/lokalmagasinet.no\\\/?s={search_term_string}\"},\"query-input\":{\"@type\":\"PropertyValueSpecification\",\"valueRequired\":true,\"valueName\":\"search_term_string\"}}],\"inLanguage\":\"nn-NO\"},{\"@type\":\"Organization\",\"@id\":\"https:\\\/\\\/lokalmagasinet.no\\\/#organization\",\"name\":\"Lokalmagasinet.no\",\"url\":\"https:\\\/\\\/lokalmagasinet.no\\\/\",\"logo\":{\"@type\":\"ImageObject\",\"inLanguage\":\"nn-NO\",\"@id\":\"https:\\\/\\\/lokalmagasinet.no\\\/#\\\/schema\\\/logo\\\/image\\\/\",\"url\":\"https:\\\/\\\/lokalmagasinet.no\\\/wp-content\\\/uploads\\\/2021\\\/03\\\/cropped-cropped-cropped-cropped-cropped-cropped-lmlogo-e1640691300821.jpg\",\"contentUrl\":\"https:\\\/\\\/lokalmagasinet.no\\\/wp-content\\\/uploads\\\/2021\\\/03\\\/cropped-cropped-cropped-cropped-cropped-cropped-lmlogo-e1640691300821.jpg\",\"width\":72,\"height\":118,\"caption\":\"Lokalmagasinet.no\"},\"image\":{\"@id\":\"https:\\\/\\\/lokalmagasinet.no\\\/#\\\/schema\\\/logo\\\/image\\\/\"},\"sameAs\":[\"https:\\\/\\\/www.facebook.com\\\/sveinharald.strand.1\",\"https:\\\/\\\/x.com\\\/LMExtra\"]},{\"@type\":\"Person\",\"@id\":\"https:\\\/\\\/lokalmagasinet.no\\\/#\\\/schema\\\/person\\\/2e8d221708d3aaf6f577275b5bba4310\",\"name\":\"Svein-Harald Strand\",\"image\":{\"@type\":\"ImageObject\",\"inLanguage\":\"nn-NO\",\"@id\":\"https:\\\/\\\/secure.gravatar.com\\\/avatar\\\/c487434bdf6cd7c12e4a88877ae4b12c38d22b7ad64292b49d33ed7503bb7ce1?s=96&d=mm&r=g\",\"url\":\"https:\\\/\\\/secure.gravatar.com\\\/avatar\\\/c487434bdf6cd7c12e4a88877ae4b12c38d22b7ad64292b49d33ed7503bb7ce1?s=96&d=mm&r=g\",\"contentUrl\":\"https:\\\/\\\/secure.gravatar.com\\\/avatar\\\/c487434bdf6cd7c12e4a88877ae4b12c38d22b7ad64292b49d33ed7503bb7ce1?s=96&d=mm&r=g\",\"caption\":\"Svein-Harald Strand\"},\"description\":\"(F. 26.12.1945) Redakt\u00f8r, journalist og informasjonsarbeider siden 1968. ||| I 1963: Redaksjonell praktikant i 8 m\u00e5neder p\u00e5 full tid i Helgeland Arbeiderblad i hjembyen Mosj\u00f8en. ||| Arbeidende pensjonist med hjemmekontor fra 2008 (AFP) og videre som folkepensjonist til n\u00e5.\",\"sameAs\":[\"https:\\\/\\\/lokalmagasinet.no\\\/\",\"https:\\\/\\\/www.facebook.com\\\/sveinharald.strand.1\",\"https:\\\/\\\/x.com\\\/LMExtra\"],\"url\":\"https:\\\/\\\/lokalmagasinet.no\\\/?author=6\"}]}<\/script>\n<!-- \/ Yoast SEO plugin. -->","yoast_head_json":{"title":"Tekstilar gjennom historia | Lokalmagasinet.no","robots":{"index":"index","follow":"follow","max-snippet":"max-snippet:-1","max-image-preview":"max-image-preview:large","max-video-preview":"max-video-preview:-1"},"canonical":"https:\/\/lokalmagasinet.no\/?p=19508","og_locale":"nn_NO","og_type":"article","og_title":"Tekstilar gjennom historia | Lokalmagasinet.no","og_description":"(Publisert 12.10.23 &#8211; endra 13.10.23) F\u00f8r som no kledde folk ute kulde og regn. Dei kledde seg for svettande arbeidsdagar etter kven dei ville vere. Klede kan gje sj\u00f8lvtillit eller ... Les merTekstilar gjennom historia","og_url":"https:\/\/lokalmagasinet.no\/?p=19508","og_site_name":"Lokalmagasinet.no","article_publisher":"https:\/\/www.facebook.com\/sveinharald.strand.1","article_author":"https:\/\/www.facebook.com\/sveinharald.strand.1","article_published_time":"2023-10-12T12:47:33+00:00","article_modified_time":"2023-10-13T10:37:03+00:00","og_image":[{"url":"https:\/\/lokalmagasinet.no\/wp-content\/uploads\/2023\/10\/image0012-211x300.jpg","type":"","width":"","height":""}],"author":"Svein-Harald Strand","twitter_card":"summary_large_image","twitter_creator":"@LMExtra","twitter_site":"@LMExtra","twitter_misc":{"Written by":"Svein-Harald Strand","Est. reading time":"2 minutt"},"schema":{"@context":"https:\/\/schema.org","@graph":[{"@type":"Article","@id":"https:\/\/lokalmagasinet.no\/?p=19508#article","isPartOf":{"@id":"https:\/\/lokalmagasinet.no\/?p=19508"},"author":{"name":"Svein-Harald Strand","@id":"https:\/\/lokalmagasinet.no\/#\/schema\/person\/2e8d221708d3aaf6f577275b5bba4310"},"headline":"Tekstilar gjennom historia","datePublished":"2023-10-12T12:47:33+00:00","dateModified":"2023-10-13T10:37:03+00:00","mainEntityOfPage":{"@id":"https:\/\/lokalmagasinet.no\/?p=19508"},"wordCount":333,"publisher":{"@id":"https:\/\/lokalmagasinet.no\/#organization"},"image":{"@id":"https:\/\/lokalmagasinet.no\/?p=19508#primaryimage"},"thumbnailUrl":"https:\/\/lokalmagasinet.no\/wp-content\/uploads\/2023\/10\/image0012-211x300.jpg","articleSection":["Aktuelt","Bokslipp"],"inLanguage":"nn-NO"},{"@type":"WebPage","@id":"https:\/\/lokalmagasinet.no\/?p=19508","url":"https:\/\/lokalmagasinet.no\/?p=19508","name":"Tekstilar gjennom historia | Lokalmagasinet.no","isPartOf":{"@id":"https:\/\/lokalmagasinet.no\/#website"},"primaryImageOfPage":{"@id":"https:\/\/lokalmagasinet.no\/?p=19508#primaryimage"},"image":{"@id":"https:\/\/lokalmagasinet.no\/?p=19508#primaryimage"},"thumbnailUrl":"https:\/\/lokalmagasinet.no\/wp-content\/uploads\/2023\/10\/image0012-211x300.jpg","datePublished":"2023-10-12T12:47:33+00:00","dateModified":"2023-10-13T10:37:03+00:00","breadcrumb":{"@id":"https:\/\/lokalmagasinet.no\/?p=19508#breadcrumb"},"inLanguage":"nn-NO","potentialAction":[{"@type":"ReadAction","target":["https:\/\/lokalmagasinet.no\/?p=19508"]}]},{"@type":"ImageObject","inLanguage":"nn-NO","@id":"https:\/\/lokalmagasinet.no\/?p=19508#primaryimage","url":"https:\/\/lokalmagasinet.no\/wp-content\/uploads\/2023\/10\/image0012.jpg","contentUrl":"https:\/\/lokalmagasinet.no\/wp-content\/uploads\/2023\/10\/image0012.jpg","width":363,"height":515},{"@type":"BreadcrumbList","@id":"https:\/\/lokalmagasinet.no\/?p=19508#breadcrumb","itemListElement":[{"@type":"ListItem","position":1,"name":"Hjem","item":"https:\/\/lokalmagasinet.no\/"},{"@type":"ListItem","position":2,"name":"Tekstilar gjennom historia"}]},{"@type":"WebSite","@id":"https:\/\/lokalmagasinet.no\/#website","url":"https:\/\/lokalmagasinet.no\/","name":"Lokalmagasinet.no","description":"Fra fortid og n\u00e5tid. Med st\u00e5sted i det n\u00e6re. Siden 2002.","publisher":{"@id":"https:\/\/lokalmagasinet.no\/#organization"},"potentialAction":[{"@type":"SearchAction","target":{"@type":"EntryPoint","urlTemplate":"https:\/\/lokalmagasinet.no\/?s={search_term_string}"},"query-input":{"@type":"PropertyValueSpecification","valueRequired":true,"valueName":"search_term_string"}}],"inLanguage":"nn-NO"},{"@type":"Organization","@id":"https:\/\/lokalmagasinet.no\/#organization","name":"Lokalmagasinet.no","url":"https:\/\/lokalmagasinet.no\/","logo":{"@type":"ImageObject","inLanguage":"nn-NO","@id":"https:\/\/lokalmagasinet.no\/#\/schema\/logo\/image\/","url":"https:\/\/lokalmagasinet.no\/wp-content\/uploads\/2021\/03\/cropped-cropped-cropped-cropped-cropped-cropped-lmlogo-e1640691300821.jpg","contentUrl":"https:\/\/lokalmagasinet.no\/wp-content\/uploads\/2021\/03\/cropped-cropped-cropped-cropped-cropped-cropped-lmlogo-e1640691300821.jpg","width":72,"height":118,"caption":"Lokalmagasinet.no"},"image":{"@id":"https:\/\/lokalmagasinet.no\/#\/schema\/logo\/image\/"},"sameAs":["https:\/\/www.facebook.com\/sveinharald.strand.1","https:\/\/x.com\/LMExtra"]},{"@type":"Person","@id":"https:\/\/lokalmagasinet.no\/#\/schema\/person\/2e8d221708d3aaf6f577275b5bba4310","name":"Svein-Harald Strand","image":{"@type":"ImageObject","inLanguage":"nn-NO","@id":"https:\/\/secure.gravatar.com\/avatar\/c487434bdf6cd7c12e4a88877ae4b12c38d22b7ad64292b49d33ed7503bb7ce1?s=96&d=mm&r=g","url":"https:\/\/secure.gravatar.com\/avatar\/c487434bdf6cd7c12e4a88877ae4b12c38d22b7ad64292b49d33ed7503bb7ce1?s=96&d=mm&r=g","contentUrl":"https:\/\/secure.gravatar.com\/avatar\/c487434bdf6cd7c12e4a88877ae4b12c38d22b7ad64292b49d33ed7503bb7ce1?s=96&d=mm&r=g","caption":"Svein-Harald Strand"},"description":"(F. 26.12.1945) Redakt\u00f8r, journalist og informasjonsarbeider siden 1968. ||| I 1963: Redaksjonell praktikant i 8 m\u00e5neder p\u00e5 full tid i Helgeland Arbeiderblad i hjembyen Mosj\u00f8en. ||| Arbeidende pensjonist med hjemmekontor fra 2008 (AFP) og videre som folkepensjonist til n\u00e5.","sameAs":["https:\/\/lokalmagasinet.no\/","https:\/\/www.facebook.com\/sveinharald.strand.1","https:\/\/x.com\/LMExtra"],"url":"https:\/\/lokalmagasinet.no\/?author=6"}]}},"_links":{"self":[{"href":"https:\/\/lokalmagasinet.no\/index.php?rest_route=\/wp\/v2\/posts\/19508","targetHints":{"allow":["GET"]}}],"collection":[{"href":"https:\/\/lokalmagasinet.no\/index.php?rest_route=\/wp\/v2\/posts"}],"about":[{"href":"https:\/\/lokalmagasinet.no\/index.php?rest_route=\/wp\/v2\/types\/post"}],"author":[{"embeddable":true,"href":"https:\/\/lokalmagasinet.no\/index.php?rest_route=\/wp\/v2\/users\/6"}],"replies":[{"embeddable":true,"href":"https:\/\/lokalmagasinet.no\/index.php?rest_route=%2Fwp%2Fv2%2Fcomments&post=19508"}],"version-history":[{"count":19,"href":"https:\/\/lokalmagasinet.no\/index.php?rest_route=\/wp\/v2\/posts\/19508\/revisions"}],"predecessor-version":[{"id":19542,"href":"https:\/\/lokalmagasinet.no\/index.php?rest_route=\/wp\/v2\/posts\/19508\/revisions\/19542"}],"wp:attachment":[{"href":"https:\/\/lokalmagasinet.no\/index.php?rest_route=%2Fwp%2Fv2%2Fmedia&parent=19508"}],"wp:term":[{"taxonomy":"category","embeddable":true,"href":"https:\/\/lokalmagasinet.no\/index.php?rest_route=%2Fwp%2Fv2%2Fcategories&post=19508"},{"taxonomy":"post_tag","embeddable":true,"href":"https:\/\/lokalmagasinet.no\/index.php?rest_route=%2Fwp%2Fv2%2Ftags&post=19508"}],"curies":[{"name":"wp","href":"https:\/\/api.w.org\/{rel}","templated":true}]}}