{"id":19694,"date":"2023-10-17T18:04:08","date_gmt":"2023-10-17T16:04:08","guid":{"rendered":"https:\/\/lokalmagasinet.no\/?p=19694"},"modified":"2023-10-17T18:08:53","modified_gmt":"2023-10-17T16:08:53","slug":"vi-trenger-gode-lokalaviser","status":"publish","type":"post","link":"https:\/\/lokalmagasinet.no\/?p=19694","title":{"rendered":"Trond Giske: &#8211; Vi trenger gode lokalaviser\u00a0"},"content":{"rendered":"<p><img loading=\"lazy\" decoding=\"async\" class=\"size-full wp-image-1874 alignleft\" src=\"https:\/\/lokalmagasinet.no\/wp-content\/uploads\/2021\/03\/journalism1_200-e1651420362191.jpg\" alt=\"\" width=\"100\" height=\"122\" \/><img loading=\"lazy\" decoding=\"async\" src=\"https:\/\/web.archive.org\/web\/20100316014619im_\/http:\/\/www.lokalmagasinet.no\/ipub\/media\/trond_giske.gif\" alt=\"\" width=\"113\" height=\"158\" align=\"right\" hspace=\"8\" vspace=\"8\" \/>(Fra LM 02.08.2006) (Republisert 17.10.2023) <span class=\"i_skrift_stor\"><strong>F\u00e5 ting betyr s\u00e5 mye for byer og lokalsamfunn i Norge som gode aviser. Lokal- og regionsavisene gir identitet og tilh\u00f8righet, de informerer oss om hva som skjer i n\u00e6rmilj\u00f8et, de er arenaen for demokratisk debatt, de formidler lokal kultur og de er den viktigste annonsekanalen for lokalt n\u00e6ringsliv. <\/strong><\/span><\/p>\n<p><u><span class=\"i_skrift_stor\">Av dav\u00e6rende kulturminister Trond Giske (Ap)<\/span><\/u><\/p>\n<p>Gode lokalaviser er derfor helt avgj\u00f8rende hvis vi skal n\u00e5 regjeringens m\u00e5l om livskraftige lokalsamfunn. Derfor har regjeringen \u00f8kt pressest\u00f8tten, sl\u00e5tt ring om avisenes momsfritak og st\u00f8ttet opp om faglig utvikling i mediesektoren. Senest i v\u00e5r \u00f8kte vi til aviser som har f\u00e5tt store \u00f8kninger i portoutgiftene for \u00e5 sikre \u00f8konomien i avisene i distriktene.<\/p>\n<p>Pressest\u00f8tten er et bevis p\u00e5 at fellesskapet forst\u00e5r avisenes betydning og er villig til \u00e5 satse p\u00e5 dem. Like viktig er det at avisens eiere betydning avisene spiller i norske lokalsamfunn.<\/p>\n<p>Det er viktig at eierne har gode publisistiske m\u00e5lsettinger med respekt for redakt\u00f8rplakaten og vilje til langsiktig satsing med god balanse mellom \u00f8konomisk utbytte og utvikling av det journalistiske produktet. Vi har hatt slike gode aviseiere i Norge, ikke minst i de store mediekonsernene Schibsted, Orkla Media og A-pressen.<\/p>\n<p>Salget av Orkla Media er derfor en sak som ang\u00e5r sv\u00e6rt mange. For lokalsamfunnene, mange tusen ansatte og hundretusenvis av lesere er det helt avgj\u00f8rende hvem som blir ny eier av Norges nest st\u00f8rste mediekonsern, hvilke redaksjonelle prinsipper som legges til grunn og hvilken langsiktighet og krav om utbytte nye eiere har. Jeg har derfor p\u00e5 vegne av regjeringen gjort det klart overfor Orkla Medias eiere at vi forventer at de viser samfunnsansvar og at man ved et salg s\u00f8rger for \u00e5 videref\u00f8re Orkla-avisene som de samfunnsinstitusjonene de er.<\/p>\n<p><strong> Orkla har selv vedtatt at industriell utvikling og redaksjonelle verdier skal v\u00e6re viktige kriterier i salgsprosessen. Dessverre ser det ut til at ledelsen og styret i Orkla har latt hensynet til h\u00f8yest mulig pris v\u00e6re viktigere enn disse kriteriene.\u00a0<\/strong><\/p>\n<p>N\u00e5r Orkla har valgt \u00e5 selge Orkla Media ut av landet, er det derfor en beslutning som styret i Orkla m\u00e5 ta ansvaret for. Stein Erik Hagen og Orklas styre hadde hatt muligheten til \u00e5 finne andre l\u00f8sninger.<\/p>\n<p>For meg som kulturminister er det overordnede m\u00e5let \u00e5 sikre befolkningen reelle ytringsmuligheter og mangfoldig tilgang p\u00e5 informasjon. Orkla Medias aviser fyller denne oppgaven for sv\u00e6rt mange i Norge. Derfor har jeg i hele denne prosessen hatt n\u00e6r kontakt med akt\u00f8rene, og jeg har understreket at dersom det er noe regjeringen kan bidra med for \u00e5 f\u00e5 en god l\u00f8sning, i form av regelverk eller rammebetingelser, skal vi vurdere det raskt og seri\u00f8st. Vi har en plikt til \u00e5 gj\u00f8re det vi kan for \u00e5 sikre de mange norske lokalavisene som ber\u00f8res av dette salget.<\/p>\n<p>Fra enkelte hold er det blitt hevdet at endringene i loven om medieeierskap i v\u00e5r har hindret en norsk l\u00f8sning. Det er feil. Ingen norsk akt\u00f8r er blitt uaktuell som f\u00f8lge av denne lovendringen. H\u00f8sten 2004 ble dagens eierskapslov vedtatt av de borgerlige regjeringspartiene med st\u00f8tte fra Frp. I den forbindelse ble grensa for hvor mye en akt\u00f8r kan eie av norske medier satt til 40 prosent.<\/p>\n<p>Den eneste endringen som er gjort i loven siden den gang er at de r\u00f8dgr\u00f8nne partiene sammen med KrF i v\u00e5r endret den nasjonale eierskapsgrensa til 33,3 prosent. Det finnes imidlertid ingen norske eiere som kunne kj\u00f8pt Orkla Media med en grense p\u00e5 40 prosent, men som er blitt utelukket av en grense p\u00e5 33,3.<\/p>\n<p>Schibsted ville g\u00e5 over begge grensene, A-pressen og alle andre er under begge grensene. Derfor spiller denne endringen ingen rolle for mulighetene for en norsk l\u00f8sning. P\u00e5 direkte sp\u00f8rsm\u00e5l har Orkla imidlertid svart at medieeierskapsloven ikke er grunnen til at de ikke har valgt en norsk l\u00f8sning.<\/p>\n<p>Det er n\u00e5 klart at Mecom vil overta Orkla Media, med Orkla som en betydelig minoritetseier. Min bekymring handler ikke om at Orkla Media f\u00e5r utenlandske eiere, men om hva slags eiere Orkla Media f\u00e5r.<br \/>\n<strong><br \/>\nDet er grunn til \u00e5 frykte at den nye eieren vil \u00f8ke kravene om utbytte fra lokalavisene kraftig, noe som igjen kan g\u00e5 utover mulighetene til \u00e5 utvikle det redaksjonelle innholdet. At kj\u00f8peren til og med m\u00e5tte l\u00e5ne penger av Orkla selv for \u00e5 f\u00e5 kj\u00f8pesummen p\u00e5 plass er heller ikke noe godt utgangspunkt for framtidig satsing. <\/strong><\/p>\n<p>Jeg forutsetter at Orkla vil bruke sin eierpost til \u00e5 sikre de gode norske pressetradisjonene som Orklas aviser har bygd p\u00e5. Dersom salget bidrar til at disse avisenes framtid svekkes, har Orkla bidratt til \u00e5 svekke institusjoner som er bygd opp over generasjoner.<\/p>\n<p>Views: 78<\/p>","protected":false},"excerpt":{"rendered":"<p>(Fra LM 02.08.2006) (Republisert 17.10.2023) F\u00e5 ting betyr s\u00e5 mye for byer og lokalsamfunn i Norge som gode aviser. Lokal- og regionsavisene gir identitet og tilh\u00f8righet, de informerer oss om &#8230; <\/p>\n<p class=\"read-more-container\"><a title=\"Trond Giske: &#8211; Vi trenger gode lokalaviser\u00a0\" class=\"read-more button\" href=\"https:\/\/lokalmagasinet.no\/?p=19694#more-19694\">Les mer<span class=\"screen-reader-text\">Trond Giske: &#8211; Vi trenger gode lokalaviser\u00a0<\/span><\/a><\/p>\n","protected":false},"author":6,"featured_media":0,"comment_status":"closed","ping_status":"closed","sticky":false,"template":"","format":"standard","meta":{"footnotes":""},"categories":[1,38],"tags":[],"class_list":["post-19694","post","type-post","status-publish","format-standard","hentry","category-aktuelt","category-presse"],"yoast_head":"<!-- This site is optimized with the Yoast SEO plugin v27.4 - https:\/\/yoast.com\/product\/yoast-seo-wordpress\/ -->\n<title>Trond Giske: - Vi trenger gode lokalaviser\u00a0 | Lokalmagasinet.no<\/title>\n<meta name=\"robots\" content=\"index, follow, max-snippet:-1, max-image-preview:large, max-video-preview:-1\" \/>\n<link rel=\"canonical\" href=\"https:\/\/lokalmagasinet.no\/?p=19694\" \/>\n<meta property=\"og:locale\" content=\"nn_NO\" \/>\n<meta property=\"og:type\" content=\"article\" \/>\n<meta property=\"og:title\" content=\"Trond Giske: - Vi trenger gode lokalaviser\u00a0 | Lokalmagasinet.no\" \/>\n<meta property=\"og:description\" content=\"(Fra LM 02.08.2006) (Republisert 17.10.2023) F\u00e5 ting betyr s\u00e5 mye for byer og lokalsamfunn i Norge som gode aviser. Lokal- og regionsavisene gir identitet og tilh\u00f8righet, de informerer oss om ... Les merTrond Giske: &#8211; Vi trenger gode lokalaviser\u00a0\" \/>\n<meta property=\"og:url\" content=\"https:\/\/lokalmagasinet.no\/?p=19694\" \/>\n<meta property=\"og:site_name\" content=\"Lokalmagasinet.no\" \/>\n<meta property=\"article:publisher\" content=\"https:\/\/www.facebook.com\/sveinharald.strand.1\" \/>\n<meta property=\"article:author\" content=\"https:\/\/www.facebook.com\/sveinharald.strand.1\" \/>\n<meta property=\"article:published_time\" content=\"2023-10-17T16:04:08+00:00\" \/>\n<meta property=\"article:modified_time\" content=\"2023-10-17T16:08:53+00:00\" \/>\n<meta property=\"og:image\" content=\"https:\/\/lokalmagasinet.no\/wp-content\/uploads\/2021\/03\/journalism1_200-e1651420362191.jpg\" \/>\n<meta name=\"author\" content=\"Svein-Harald Strand\" \/>\n<meta name=\"twitter:card\" content=\"summary_large_image\" \/>\n<meta name=\"twitter:creator\" content=\"@LMExtra\" \/>\n<meta name=\"twitter:site\" content=\"@LMExtra\" \/>\n<meta name=\"twitter:label1\" content=\"Written by\" \/>\n\t<meta name=\"twitter:data1\" content=\"Svein-Harald Strand\" \/>\n\t<meta name=\"twitter:label2\" content=\"Est. reading time\" \/>\n\t<meta name=\"twitter:data2\" content=\"4 minutt\" \/>\n<script type=\"application\/ld+json\" class=\"yoast-schema-graph\">{\"@context\":\"https:\\\/\\\/schema.org\",\"@graph\":[{\"@type\":\"Article\",\"@id\":\"https:\\\/\\\/lokalmagasinet.no\\\/?p=19694#article\",\"isPartOf\":{\"@id\":\"https:\\\/\\\/lokalmagasinet.no\\\/?p=19694\"},\"author\":{\"name\":\"Svein-Harald Strand\",\"@id\":\"https:\\\/\\\/lokalmagasinet.no\\\/#\\\/schema\\\/person\\\/2e8d221708d3aaf6f577275b5bba4310\"},\"headline\":\"Trond Giske: &#8211; Vi trenger gode lokalaviser\u00a0\",\"datePublished\":\"2023-10-17T16:04:08+00:00\",\"dateModified\":\"2023-10-17T16:08:53+00:00\",\"mainEntityOfPage\":{\"@id\":\"https:\\\/\\\/lokalmagasinet.no\\\/?p=19694\"},\"wordCount\":802,\"publisher\":{\"@id\":\"https:\\\/\\\/lokalmagasinet.no\\\/#organization\"},\"image\":{\"@id\":\"https:\\\/\\\/lokalmagasinet.no\\\/?p=19694#primaryimage\"},\"thumbnailUrl\":\"https:\\\/\\\/lokalmagasinet.no\\\/wp-content\\\/uploads\\\/2021\\\/03\\\/journalism1_200-e1651420362191.jpg\",\"articleSection\":[\"Aktuelt\",\"Presse\"],\"inLanguage\":\"nn-NO\"},{\"@type\":\"WebPage\",\"@id\":\"https:\\\/\\\/lokalmagasinet.no\\\/?p=19694\",\"url\":\"https:\\\/\\\/lokalmagasinet.no\\\/?p=19694\",\"name\":\"Trond Giske: - Vi trenger gode lokalaviser\u00a0 | Lokalmagasinet.no\",\"isPartOf\":{\"@id\":\"https:\\\/\\\/lokalmagasinet.no\\\/#website\"},\"primaryImageOfPage\":{\"@id\":\"https:\\\/\\\/lokalmagasinet.no\\\/?p=19694#primaryimage\"},\"image\":{\"@id\":\"https:\\\/\\\/lokalmagasinet.no\\\/?p=19694#primaryimage\"},\"thumbnailUrl\":\"https:\\\/\\\/lokalmagasinet.no\\\/wp-content\\\/uploads\\\/2021\\\/03\\\/journalism1_200-e1651420362191.jpg\",\"datePublished\":\"2023-10-17T16:04:08+00:00\",\"dateModified\":\"2023-10-17T16:08:53+00:00\",\"breadcrumb\":{\"@id\":\"https:\\\/\\\/lokalmagasinet.no\\\/?p=19694#breadcrumb\"},\"inLanguage\":\"nn-NO\",\"potentialAction\":[{\"@type\":\"ReadAction\",\"target\":[\"https:\\\/\\\/lokalmagasinet.no\\\/?p=19694\"]}]},{\"@type\":\"ImageObject\",\"inLanguage\":\"nn-NO\",\"@id\":\"https:\\\/\\\/lokalmagasinet.no\\\/?p=19694#primaryimage\",\"url\":\"https:\\\/\\\/lokalmagasinet.no\\\/wp-content\\\/uploads\\\/2021\\\/03\\\/journalism1_200-e1651420362191.jpg\",\"contentUrl\":\"https:\\\/\\\/lokalmagasinet.no\\\/wp-content\\\/uploads\\\/2021\\\/03\\\/journalism1_200-e1651420362191.jpg\",\"width\":100,\"height\":122},{\"@type\":\"BreadcrumbList\",\"@id\":\"https:\\\/\\\/lokalmagasinet.no\\\/?p=19694#breadcrumb\",\"itemListElement\":[{\"@type\":\"ListItem\",\"position\":1,\"name\":\"Hjem\",\"item\":\"https:\\\/\\\/lokalmagasinet.no\\\/\"},{\"@type\":\"ListItem\",\"position\":2,\"name\":\"Trond Giske: &#8211; Vi trenger gode lokalaviser\u00a0\"}]},{\"@type\":\"WebSite\",\"@id\":\"https:\\\/\\\/lokalmagasinet.no\\\/#website\",\"url\":\"https:\\\/\\\/lokalmagasinet.no\\\/\",\"name\":\"Lokalmagasinet.no\",\"description\":\"Fra fortid og n\u00e5tid. Med st\u00e5sted i det n\u00e6re. Siden 2002.\",\"publisher\":{\"@id\":\"https:\\\/\\\/lokalmagasinet.no\\\/#organization\"},\"potentialAction\":[{\"@type\":\"SearchAction\",\"target\":{\"@type\":\"EntryPoint\",\"urlTemplate\":\"https:\\\/\\\/lokalmagasinet.no\\\/?s={search_term_string}\"},\"query-input\":{\"@type\":\"PropertyValueSpecification\",\"valueRequired\":true,\"valueName\":\"search_term_string\"}}],\"inLanguage\":\"nn-NO\"},{\"@type\":\"Organization\",\"@id\":\"https:\\\/\\\/lokalmagasinet.no\\\/#organization\",\"name\":\"Lokalmagasinet.no\",\"url\":\"https:\\\/\\\/lokalmagasinet.no\\\/\",\"logo\":{\"@type\":\"ImageObject\",\"inLanguage\":\"nn-NO\",\"@id\":\"https:\\\/\\\/lokalmagasinet.no\\\/#\\\/schema\\\/logo\\\/image\\\/\",\"url\":\"https:\\\/\\\/lokalmagasinet.no\\\/wp-content\\\/uploads\\\/2021\\\/03\\\/cropped-cropped-cropped-cropped-cropped-cropped-lmlogo-e1640691300821.jpg\",\"contentUrl\":\"https:\\\/\\\/lokalmagasinet.no\\\/wp-content\\\/uploads\\\/2021\\\/03\\\/cropped-cropped-cropped-cropped-cropped-cropped-lmlogo-e1640691300821.jpg\",\"width\":72,\"height\":118,\"caption\":\"Lokalmagasinet.no\"},\"image\":{\"@id\":\"https:\\\/\\\/lokalmagasinet.no\\\/#\\\/schema\\\/logo\\\/image\\\/\"},\"sameAs\":[\"https:\\\/\\\/www.facebook.com\\\/sveinharald.strand.1\",\"https:\\\/\\\/x.com\\\/LMExtra\"]},{\"@type\":\"Person\",\"@id\":\"https:\\\/\\\/lokalmagasinet.no\\\/#\\\/schema\\\/person\\\/2e8d221708d3aaf6f577275b5bba4310\",\"name\":\"Svein-Harald Strand\",\"image\":{\"@type\":\"ImageObject\",\"inLanguage\":\"nn-NO\",\"@id\":\"https:\\\/\\\/secure.gravatar.com\\\/avatar\\\/c487434bdf6cd7c12e4a88877ae4b12c38d22b7ad64292b49d33ed7503bb7ce1?s=96&d=mm&r=g\",\"url\":\"https:\\\/\\\/secure.gravatar.com\\\/avatar\\\/c487434bdf6cd7c12e4a88877ae4b12c38d22b7ad64292b49d33ed7503bb7ce1?s=96&d=mm&r=g\",\"contentUrl\":\"https:\\\/\\\/secure.gravatar.com\\\/avatar\\\/c487434bdf6cd7c12e4a88877ae4b12c38d22b7ad64292b49d33ed7503bb7ce1?s=96&d=mm&r=g\",\"caption\":\"Svein-Harald Strand\"},\"description\":\"(F. 26.12.1945) Redakt\u00f8r, journalist og informasjonsarbeider siden 1968. ||| I 1963: Redaksjonell praktikant i 8 m\u00e5neder p\u00e5 full tid i Helgeland Arbeiderblad i hjembyen Mosj\u00f8en. ||| Arbeidende pensjonist med hjemmekontor fra 2008 (AFP) og videre som folkepensjonist til n\u00e5.\",\"sameAs\":[\"https:\\\/\\\/lokalmagasinet.no\\\/\",\"https:\\\/\\\/www.facebook.com\\\/sveinharald.strand.1\",\"https:\\\/\\\/x.com\\\/LMExtra\"],\"url\":\"https:\\\/\\\/lokalmagasinet.no\\\/?author=6\"}]}<\/script>\n<!-- \/ Yoast SEO plugin. -->","yoast_head_json":{"title":"Trond Giske: - Vi trenger gode lokalaviser\u00a0 | Lokalmagasinet.no","robots":{"index":"index","follow":"follow","max-snippet":"max-snippet:-1","max-image-preview":"max-image-preview:large","max-video-preview":"max-video-preview:-1"},"canonical":"https:\/\/lokalmagasinet.no\/?p=19694","og_locale":"nn_NO","og_type":"article","og_title":"Trond Giske: - Vi trenger gode lokalaviser\u00a0 | Lokalmagasinet.no","og_description":"(Fra LM 02.08.2006) (Republisert 17.10.2023) F\u00e5 ting betyr s\u00e5 mye for byer og lokalsamfunn i Norge som gode aviser. Lokal- og regionsavisene gir identitet og tilh\u00f8righet, de informerer oss om ... Les merTrond Giske: &#8211; Vi trenger gode lokalaviser\u00a0","og_url":"https:\/\/lokalmagasinet.no\/?p=19694","og_site_name":"Lokalmagasinet.no","article_publisher":"https:\/\/www.facebook.com\/sveinharald.strand.1","article_author":"https:\/\/www.facebook.com\/sveinharald.strand.1","article_published_time":"2023-10-17T16:04:08+00:00","article_modified_time":"2023-10-17T16:08:53+00:00","og_image":[{"url":"https:\/\/lokalmagasinet.no\/wp-content\/uploads\/2021\/03\/journalism1_200-e1651420362191.jpg","type":"","width":"","height":""}],"author":"Svein-Harald Strand","twitter_card":"summary_large_image","twitter_creator":"@LMExtra","twitter_site":"@LMExtra","twitter_misc":{"Written by":"Svein-Harald Strand","Est. reading time":"4 minutt"},"schema":{"@context":"https:\/\/schema.org","@graph":[{"@type":"Article","@id":"https:\/\/lokalmagasinet.no\/?p=19694#article","isPartOf":{"@id":"https:\/\/lokalmagasinet.no\/?p=19694"},"author":{"name":"Svein-Harald Strand","@id":"https:\/\/lokalmagasinet.no\/#\/schema\/person\/2e8d221708d3aaf6f577275b5bba4310"},"headline":"Trond Giske: &#8211; Vi trenger gode lokalaviser\u00a0","datePublished":"2023-10-17T16:04:08+00:00","dateModified":"2023-10-17T16:08:53+00:00","mainEntityOfPage":{"@id":"https:\/\/lokalmagasinet.no\/?p=19694"},"wordCount":802,"publisher":{"@id":"https:\/\/lokalmagasinet.no\/#organization"},"image":{"@id":"https:\/\/lokalmagasinet.no\/?p=19694#primaryimage"},"thumbnailUrl":"https:\/\/lokalmagasinet.no\/wp-content\/uploads\/2021\/03\/journalism1_200-e1651420362191.jpg","articleSection":["Aktuelt","Presse"],"inLanguage":"nn-NO"},{"@type":"WebPage","@id":"https:\/\/lokalmagasinet.no\/?p=19694","url":"https:\/\/lokalmagasinet.no\/?p=19694","name":"Trond Giske: - Vi trenger gode lokalaviser\u00a0 | Lokalmagasinet.no","isPartOf":{"@id":"https:\/\/lokalmagasinet.no\/#website"},"primaryImageOfPage":{"@id":"https:\/\/lokalmagasinet.no\/?p=19694#primaryimage"},"image":{"@id":"https:\/\/lokalmagasinet.no\/?p=19694#primaryimage"},"thumbnailUrl":"https:\/\/lokalmagasinet.no\/wp-content\/uploads\/2021\/03\/journalism1_200-e1651420362191.jpg","datePublished":"2023-10-17T16:04:08+00:00","dateModified":"2023-10-17T16:08:53+00:00","breadcrumb":{"@id":"https:\/\/lokalmagasinet.no\/?p=19694#breadcrumb"},"inLanguage":"nn-NO","potentialAction":[{"@type":"ReadAction","target":["https:\/\/lokalmagasinet.no\/?p=19694"]}]},{"@type":"ImageObject","inLanguage":"nn-NO","@id":"https:\/\/lokalmagasinet.no\/?p=19694#primaryimage","url":"https:\/\/lokalmagasinet.no\/wp-content\/uploads\/2021\/03\/journalism1_200-e1651420362191.jpg","contentUrl":"https:\/\/lokalmagasinet.no\/wp-content\/uploads\/2021\/03\/journalism1_200-e1651420362191.jpg","width":100,"height":122},{"@type":"BreadcrumbList","@id":"https:\/\/lokalmagasinet.no\/?p=19694#breadcrumb","itemListElement":[{"@type":"ListItem","position":1,"name":"Hjem","item":"https:\/\/lokalmagasinet.no\/"},{"@type":"ListItem","position":2,"name":"Trond Giske: &#8211; Vi trenger gode lokalaviser\u00a0"}]},{"@type":"WebSite","@id":"https:\/\/lokalmagasinet.no\/#website","url":"https:\/\/lokalmagasinet.no\/","name":"Lokalmagasinet.no","description":"Fra fortid og n\u00e5tid. Med st\u00e5sted i det n\u00e6re. Siden 2002.","publisher":{"@id":"https:\/\/lokalmagasinet.no\/#organization"},"potentialAction":[{"@type":"SearchAction","target":{"@type":"EntryPoint","urlTemplate":"https:\/\/lokalmagasinet.no\/?s={search_term_string}"},"query-input":{"@type":"PropertyValueSpecification","valueRequired":true,"valueName":"search_term_string"}}],"inLanguage":"nn-NO"},{"@type":"Organization","@id":"https:\/\/lokalmagasinet.no\/#organization","name":"Lokalmagasinet.no","url":"https:\/\/lokalmagasinet.no\/","logo":{"@type":"ImageObject","inLanguage":"nn-NO","@id":"https:\/\/lokalmagasinet.no\/#\/schema\/logo\/image\/","url":"https:\/\/lokalmagasinet.no\/wp-content\/uploads\/2021\/03\/cropped-cropped-cropped-cropped-cropped-cropped-lmlogo-e1640691300821.jpg","contentUrl":"https:\/\/lokalmagasinet.no\/wp-content\/uploads\/2021\/03\/cropped-cropped-cropped-cropped-cropped-cropped-lmlogo-e1640691300821.jpg","width":72,"height":118,"caption":"Lokalmagasinet.no"},"image":{"@id":"https:\/\/lokalmagasinet.no\/#\/schema\/logo\/image\/"},"sameAs":["https:\/\/www.facebook.com\/sveinharald.strand.1","https:\/\/x.com\/LMExtra"]},{"@type":"Person","@id":"https:\/\/lokalmagasinet.no\/#\/schema\/person\/2e8d221708d3aaf6f577275b5bba4310","name":"Svein-Harald Strand","image":{"@type":"ImageObject","inLanguage":"nn-NO","@id":"https:\/\/secure.gravatar.com\/avatar\/c487434bdf6cd7c12e4a88877ae4b12c38d22b7ad64292b49d33ed7503bb7ce1?s=96&d=mm&r=g","url":"https:\/\/secure.gravatar.com\/avatar\/c487434bdf6cd7c12e4a88877ae4b12c38d22b7ad64292b49d33ed7503bb7ce1?s=96&d=mm&r=g","contentUrl":"https:\/\/secure.gravatar.com\/avatar\/c487434bdf6cd7c12e4a88877ae4b12c38d22b7ad64292b49d33ed7503bb7ce1?s=96&d=mm&r=g","caption":"Svein-Harald Strand"},"description":"(F. 26.12.1945) Redakt\u00f8r, journalist og informasjonsarbeider siden 1968. ||| I 1963: Redaksjonell praktikant i 8 m\u00e5neder p\u00e5 full tid i Helgeland Arbeiderblad i hjembyen Mosj\u00f8en. ||| Arbeidende pensjonist med hjemmekontor fra 2008 (AFP) og videre som folkepensjonist til n\u00e5.","sameAs":["https:\/\/lokalmagasinet.no\/","https:\/\/www.facebook.com\/sveinharald.strand.1","https:\/\/x.com\/LMExtra"],"url":"https:\/\/lokalmagasinet.no\/?author=6"}]}},"_links":{"self":[{"href":"https:\/\/lokalmagasinet.no\/index.php?rest_route=\/wp\/v2\/posts\/19694","targetHints":{"allow":["GET"]}}],"collection":[{"href":"https:\/\/lokalmagasinet.no\/index.php?rest_route=\/wp\/v2\/posts"}],"about":[{"href":"https:\/\/lokalmagasinet.no\/index.php?rest_route=\/wp\/v2\/types\/post"}],"author":[{"embeddable":true,"href":"https:\/\/lokalmagasinet.no\/index.php?rest_route=\/wp\/v2\/users\/6"}],"replies":[{"embeddable":true,"href":"https:\/\/lokalmagasinet.no\/index.php?rest_route=%2Fwp%2Fv2%2Fcomments&post=19694"}],"version-history":[{"count":5,"href":"https:\/\/lokalmagasinet.no\/index.php?rest_route=\/wp\/v2\/posts\/19694\/revisions"}],"predecessor-version":[{"id":19699,"href":"https:\/\/lokalmagasinet.no\/index.php?rest_route=\/wp\/v2\/posts\/19694\/revisions\/19699"}],"wp:attachment":[{"href":"https:\/\/lokalmagasinet.no\/index.php?rest_route=%2Fwp%2Fv2%2Fmedia&parent=19694"}],"wp:term":[{"taxonomy":"category","embeddable":true,"href":"https:\/\/lokalmagasinet.no\/index.php?rest_route=%2Fwp%2Fv2%2Fcategories&post=19694"},{"taxonomy":"post_tag","embeddable":true,"href":"https:\/\/lokalmagasinet.no\/index.php?rest_route=%2Fwp%2Fv2%2Ftags&post=19694"}],"curies":[{"name":"wp","href":"https:\/\/api.w.org\/{rel}","templated":true}]}}