{"id":20593,"date":"2023-12-12T23:44:01","date_gmt":"2023-12-12T22:44:01","guid":{"rendered":"https:\/\/lokalmagasinet.no\/?p=20593"},"modified":"2023-12-12T23:44:01","modified_gmt":"2023-12-12T22:44:01","slug":"ole-paus-til-minne","status":"publish","type":"post","link":"https:\/\/lokalmagasinet.no\/?p=20593","title":{"rendered":"Ole Paus til minne"},"content":{"rendered":"<figure id=\"attachment_11421\" aria-describedby=\"caption-attachment-11421\" style=\"width: 500px\" class=\"wp-caption alignleft\"><img loading=\"lazy\" decoding=\"async\" class=\"size-full wp-image-11421\" src=\"https:\/\/lokalmagasinet.no\/wp-content\/uploads\/2022\/07\/olepaus2015_500.jpg\" alt=\"\" width=\"500\" height=\"439\" srcset=\"https:\/\/lokalmagasinet.no\/wp-content\/uploads\/2022\/07\/olepaus2015_500.jpg 500w, https:\/\/lokalmagasinet.no\/wp-content\/uploads\/2022\/07\/olepaus2015_500-300x263.jpg 300w, https:\/\/lokalmagasinet.no\/wp-content\/uploads\/2022\/07\/olepaus2015_500-150x132.jpg 150w\" sizes=\"auto, (max-width: 500px) 100vw, 500px\" \/><figcaption id=\"caption-attachment-11421\" class=\"wp-caption-text\"><em><strong>Ole Paus slik vi husker ham her i det n\u00e6re. Han hadde mer enn \u00e9n gang konsert ute i Olivenlunden hos Caf\u00e9 Oliven.<\/strong> <\/em>(LM Arkivfoto)<\/figcaption><\/figure>\n<p>(Publisert 12.12.23) <strong>Det ble en trist dag da vi i formiddag fikk vite at visesangeren, komponisten og forfatteren Ole Paus var g\u00e5tt bort, 76 \u00e5r gammel. Han hadde v\u00e6rt syk siden han fikk hjerneslag i september.<\/strong><\/p>\n<p>Vi hitsetter, fra no.wikipedia:<\/p>\n<p>Ole Paus vokste opp i Oslo, Elverum og Trondheim som s\u00f8nn av generalen med samme navn. Etter milit\u00e6rtjenesten studerte han jus og filologi, og begynte i slutten av 1960-\u00e5rene \u00e5 opptre som visesanger i Oslo.<\/p>\n<p>Etter \u00e5 ha blitt oppdaget av Alf Cranner og Alf Pr\u00f8ysen, platedebuterte han i 1970 med <i>Der ute \u2013 der inne<\/i>, som bestod av 18 viser om bymilj\u00f8et i Oslo.<\/p>\n<p>Han bokdebuterte \u00e5ret etter med diktsamlingen <i>Tekster fra en trapp<\/i>. Hans tidlige album utviste inspirasjon fra visesang, jazz og rock.<\/p>\n<p>Han markerte seg med tekster med en skarp sosial brodd, og med en sterk interesse for utst\u00f8tte, marginaliserte og ensomme i samfunnet, \u00aballe oss som ikke klarte \u00e5 hamle opp med tilv\u00e6relsen\u00bb, som uttrykt i tidlige sanger som \u00abJacobs vise\u00bb, \u00abMerkelige Mira\u00bb, \u00abBlues for Pyttsan Jespersens p\u00e5r\u00f8rende\u00bb eller \u00abKajsas sang\u00bb.<\/p>\n<p>Han har b\u00e5de vist en lyrisk side og markert seg som bitende satiriker, ikke minst i en serie plater han kalte <i>Paus-posten<\/i> med skillingsviser som kommenterte politiske og dagsaktuelle sp\u00f8rsm\u00e5l p\u00e5 ironiske og ofte injurierende m\u00e5ter.<\/p>\n<p>Gjennom samboeren Henny Moan ble han en venn av Jens Bj\u00f8rneboe i hans siste \u00e5r. Paus ble fra 1971 ogs\u00e5 venn og samarbeidspartner med Ketil Bj\u00f8rnstad, og deltok i Bj\u00f8rnstads musikalske prosjekt <i>Leve Patagonia,<\/i> der han selv hadde rollen som Hans J\u00e6ger; blant deres andre samarbeidsprosjekter er platen <i>Blues for Pyttsan Jespersens p\u00e5r\u00f8rende<\/i>.<\/p>\n<p>Paus har ogs\u00e5 skrevet tekst til sanger som \u00abInnerst i sjelen\u00bb og \u00abEngler i sneen\u00bb. Han har tolket salmer i samarbeid med Kirkelig Kulturverksted og fra 2000-\u00e5rene har han ofte samarbeidet med sin s\u00f8nn, komponisten Marcus Paus, blant annet om barneoperaen <i>Heksene<\/i>.<\/p>\n<p>Paus drev fra 1975 ogs\u00e5 plateselskapet Zarepta og utgav sentrale verk i norsk jazz som <a title=\"Radka Toneff\" href=\"https:\/\/no.wikipedia.org\/wiki\/Radka_Toneff\">Radka <\/a>Toneffs album. Han mottok Spellemannprisen 1976 i klassen visesang for albumet <i>I anstendighetens navn<\/i> og har senere mottatt Spellemannprisens hederspri<a title=\"Spellemannprisen\" href=\"https:\/\/no.wikipedia.org\/wiki\/Spellemannprisen\">s<\/a>, \u00c5rets spellemann og Anders Jahres Kulturpris, blitt innlemmet i Rockheim Hall of Fame og er kommand\u00f8r av St. Olavs Orden. Han har blitt omtalt som Norges \u00abnasjonaltrubadur\u00bb og sangen \u00abMitt lille land\u00bb som \u00abden nye nasjonalhymnen\u00bb.<sup id=\"cite_ref-8\" class=\"reference\"><\/sup><\/p>\n<p>Paus har til dels blitt oppfattet som en \u00abborgerlig anarkist\u00bb som sparket i alle retninger, men aldri nedover. Jon-Roar Bj\u00f8rkvold har kalt ham \u00abborgerskapets refser og utrettelige <i>enfant terrible<\/i>\u00bb.<\/p>\n<p>Paus synger og skriver konsekvent p\u00e5 norsk og har ivret for at andre norske musikere skal g\u00e5 over fra engelsk til norsk. <sup id=\"cite_ref-side2_11-0\" class=\"reference\"><\/sup>I forbindelse med 50-\u00e5rsjubileet for Ole Paus&raquo; debut i 2020 utkom boken <i>Pauspoeten<\/i> med alle Paus&raquo; sangtekster.<\/p>\n<figure class=\"mw-default-size\"><a class=\"mw-file-description\" href=\"https:\/\/no.wikipedia.org\/wiki\/Fil:OlePaus.jpg\"><img loading=\"lazy\" decoding=\"async\" class=\"mw-file-element\" src=\"https:\/\/upload.wikimedia.org\/wikipedia\/commons\/thumb\/5\/53\/OlePaus.jpg\/250px-OlePaus.jpg\" srcset=\"\/\/upload.wikimedia.org\/wikipedia\/commons\/thumb\/5\/53\/OlePaus.jpg\/375px-OlePaus.jpg 1.5x, \/\/upload.wikimedia.org\/wikipedia\/commons\/thumb\/5\/53\/OlePaus.jpg\/500px-OlePaus.jpg 2x\" width=\"250\" height=\"167\" data-file-width=\"5472\" data-file-height=\"3648\" \/><\/a><figcaption><em><strong>Ole Paus under en konsert i Sveio kommune i 2019.<\/strong> (<\/em>Foto: Daniel DeNiazi)<\/figcaption><\/figure>\n<p>Ole Paus&raquo; seneste studioinnspilling er \u00abSangen om de glemte\u00bb, som han spilte inn sammen med sangeren Vegar Dahl i 2021.<\/p>\n<p>&nbsp;<\/p>\n<p>Views: 121<\/p>","protected":false},"excerpt":{"rendered":"<p>(Publisert 12.12.23) Det ble en trist dag da vi i formiddag fikk vite at visesangeren, komponisten og forfatteren Ole Paus var g\u00e5tt bort, 76 \u00e5r gammel. Han hadde v\u00e6rt syk &#8230; <\/p>\n<p class=\"read-more-container\"><a title=\"Ole Paus til minne\" class=\"read-more button\" href=\"https:\/\/lokalmagasinet.no\/?p=20593#more-20593\">Les mer<span class=\"screen-reader-text\">Ole Paus til minne<\/span><\/a><\/p>\n","protected":false},"author":6,"featured_media":0,"comment_status":"closed","ping_status":"closed","sticky":false,"template":"","format":"standard","meta":{"footnotes":""},"categories":[1],"tags":[],"class_list":["post-20593","post","type-post","status-publish","format-standard","hentry","category-aktuelt"],"yoast_head":"<!-- This site is optimized with the Yoast SEO plugin v27.4 - https:\/\/yoast.com\/product\/yoast-seo-wordpress\/ -->\n<title>Ole Paus til minne | Lokalmagasinet.no<\/title>\n<meta name=\"robots\" content=\"index, follow, max-snippet:-1, max-image-preview:large, max-video-preview:-1\" \/>\n<link rel=\"canonical\" href=\"https:\/\/lokalmagasinet.no\/?p=20593\" \/>\n<meta property=\"og:locale\" content=\"nn_NO\" \/>\n<meta property=\"og:type\" content=\"article\" \/>\n<meta property=\"og:title\" content=\"Ole Paus til minne | Lokalmagasinet.no\" \/>\n<meta property=\"og:description\" content=\"(Publisert 12.12.23) Det ble en trist dag da vi i formiddag fikk vite at visesangeren, komponisten og forfatteren Ole Paus var g\u00e5tt bort, 76 \u00e5r gammel. Han hadde v\u00e6rt syk ... Les merOle Paus til minne\" \/>\n<meta property=\"og:url\" content=\"https:\/\/lokalmagasinet.no\/?p=20593\" \/>\n<meta property=\"og:site_name\" content=\"Lokalmagasinet.no\" \/>\n<meta property=\"article:publisher\" content=\"https:\/\/www.facebook.com\/sveinharald.strand.1\" \/>\n<meta property=\"article:author\" content=\"https:\/\/www.facebook.com\/sveinharald.strand.1\" \/>\n<meta property=\"article:published_time\" content=\"2023-12-12T22:44:01+00:00\" \/>\n<meta property=\"og:image\" content=\"https:\/\/lokalmagasinet.no\/wp-content\/uploads\/2022\/07\/olepaus2015_500.jpg\" \/>\n<meta name=\"author\" content=\"Svein-Harald Strand\" \/>\n<meta name=\"twitter:card\" content=\"summary_large_image\" \/>\n<meta name=\"twitter:creator\" content=\"@LMExtra\" \/>\n<meta name=\"twitter:site\" content=\"@LMExtra\" \/>\n<meta name=\"twitter:label1\" content=\"Written by\" \/>\n\t<meta name=\"twitter:data1\" content=\"Svein-Harald Strand\" \/>\n\t<meta name=\"twitter:label2\" content=\"Est. reading time\" \/>\n\t<meta name=\"twitter:data2\" content=\"3 minutt\" \/>\n<script type=\"application\/ld+json\" class=\"yoast-schema-graph\">{\"@context\":\"https:\\\/\\\/schema.org\",\"@graph\":[{\"@type\":\"Article\",\"@id\":\"https:\\\/\\\/lokalmagasinet.no\\\/?p=20593#article\",\"isPartOf\":{\"@id\":\"https:\\\/\\\/lokalmagasinet.no\\\/?p=20593\"},\"author\":{\"name\":\"Svein-Harald Strand\",\"@id\":\"https:\\\/\\\/lokalmagasinet.no\\\/#\\\/schema\\\/person\\\/2e8d221708d3aaf6f577275b5bba4310\"},\"headline\":\"Ole Paus til minne\",\"datePublished\":\"2023-12-12T22:44:01+00:00\",\"mainEntityOfPage\":{\"@id\":\"https:\\\/\\\/lokalmagasinet.no\\\/?p=20593\"},\"wordCount\":530,\"publisher\":{\"@id\":\"https:\\\/\\\/lokalmagasinet.no\\\/#organization\"},\"image\":{\"@id\":\"https:\\\/\\\/lokalmagasinet.no\\\/?p=20593#primaryimage\"},\"thumbnailUrl\":\"https:\\\/\\\/lokalmagasinet.no\\\/wp-content\\\/uploads\\\/2022\\\/07\\\/olepaus2015_500.jpg\",\"articleSection\":[\"Aktuelt\"],\"inLanguage\":\"nn-NO\"},{\"@type\":\"WebPage\",\"@id\":\"https:\\\/\\\/lokalmagasinet.no\\\/?p=20593\",\"url\":\"https:\\\/\\\/lokalmagasinet.no\\\/?p=20593\",\"name\":\"Ole Paus til minne | Lokalmagasinet.no\",\"isPartOf\":{\"@id\":\"https:\\\/\\\/lokalmagasinet.no\\\/#website\"},\"primaryImageOfPage\":{\"@id\":\"https:\\\/\\\/lokalmagasinet.no\\\/?p=20593#primaryimage\"},\"image\":{\"@id\":\"https:\\\/\\\/lokalmagasinet.no\\\/?p=20593#primaryimage\"},\"thumbnailUrl\":\"https:\\\/\\\/lokalmagasinet.no\\\/wp-content\\\/uploads\\\/2022\\\/07\\\/olepaus2015_500.jpg\",\"datePublished\":\"2023-12-12T22:44:01+00:00\",\"breadcrumb\":{\"@id\":\"https:\\\/\\\/lokalmagasinet.no\\\/?p=20593#breadcrumb\"},\"inLanguage\":\"nn-NO\",\"potentialAction\":[{\"@type\":\"ReadAction\",\"target\":[\"https:\\\/\\\/lokalmagasinet.no\\\/?p=20593\"]}]},{\"@type\":\"ImageObject\",\"inLanguage\":\"nn-NO\",\"@id\":\"https:\\\/\\\/lokalmagasinet.no\\\/?p=20593#primaryimage\",\"url\":\"https:\\\/\\\/lokalmagasinet.no\\\/wp-content\\\/uploads\\\/2022\\\/07\\\/olepaus2015_500.jpg\",\"contentUrl\":\"https:\\\/\\\/lokalmagasinet.no\\\/wp-content\\\/uploads\\\/2022\\\/07\\\/olepaus2015_500.jpg\",\"width\":500,\"height\":439,\"caption\":\"Ole Paus slik vi husker ham her i det n\u00e6re. Han hadde mer enn \u00e9n gang konsert ute i Olivenlunden hos Caf\u00e9 Oliven. (LM Arkivfoto)\"},{\"@type\":\"BreadcrumbList\",\"@id\":\"https:\\\/\\\/lokalmagasinet.no\\\/?p=20593#breadcrumb\",\"itemListElement\":[{\"@type\":\"ListItem\",\"position\":1,\"name\":\"Hjem\",\"item\":\"https:\\\/\\\/lokalmagasinet.no\\\/\"},{\"@type\":\"ListItem\",\"position\":2,\"name\":\"Ole Paus til minne\"}]},{\"@type\":\"WebSite\",\"@id\":\"https:\\\/\\\/lokalmagasinet.no\\\/#website\",\"url\":\"https:\\\/\\\/lokalmagasinet.no\\\/\",\"name\":\"Lokalmagasinet.no\",\"description\":\"Fra fortid og n\u00e5tid. Med st\u00e5sted i det n\u00e6re. Siden 2002.\",\"publisher\":{\"@id\":\"https:\\\/\\\/lokalmagasinet.no\\\/#organization\"},\"potentialAction\":[{\"@type\":\"SearchAction\",\"target\":{\"@type\":\"EntryPoint\",\"urlTemplate\":\"https:\\\/\\\/lokalmagasinet.no\\\/?s={search_term_string}\"},\"query-input\":{\"@type\":\"PropertyValueSpecification\",\"valueRequired\":true,\"valueName\":\"search_term_string\"}}],\"inLanguage\":\"nn-NO\"},{\"@type\":\"Organization\",\"@id\":\"https:\\\/\\\/lokalmagasinet.no\\\/#organization\",\"name\":\"Lokalmagasinet.no\",\"url\":\"https:\\\/\\\/lokalmagasinet.no\\\/\",\"logo\":{\"@type\":\"ImageObject\",\"inLanguage\":\"nn-NO\",\"@id\":\"https:\\\/\\\/lokalmagasinet.no\\\/#\\\/schema\\\/logo\\\/image\\\/\",\"url\":\"https:\\\/\\\/lokalmagasinet.no\\\/wp-content\\\/uploads\\\/2021\\\/03\\\/cropped-cropped-cropped-cropped-cropped-cropped-lmlogo-e1640691300821.jpg\",\"contentUrl\":\"https:\\\/\\\/lokalmagasinet.no\\\/wp-content\\\/uploads\\\/2021\\\/03\\\/cropped-cropped-cropped-cropped-cropped-cropped-lmlogo-e1640691300821.jpg\",\"width\":72,\"height\":118,\"caption\":\"Lokalmagasinet.no\"},\"image\":{\"@id\":\"https:\\\/\\\/lokalmagasinet.no\\\/#\\\/schema\\\/logo\\\/image\\\/\"},\"sameAs\":[\"https:\\\/\\\/www.facebook.com\\\/sveinharald.strand.1\",\"https:\\\/\\\/x.com\\\/LMExtra\"]},{\"@type\":\"Person\",\"@id\":\"https:\\\/\\\/lokalmagasinet.no\\\/#\\\/schema\\\/person\\\/2e8d221708d3aaf6f577275b5bba4310\",\"name\":\"Svein-Harald Strand\",\"image\":{\"@type\":\"ImageObject\",\"inLanguage\":\"nn-NO\",\"@id\":\"https:\\\/\\\/secure.gravatar.com\\\/avatar\\\/c487434bdf6cd7c12e4a88877ae4b12c38d22b7ad64292b49d33ed7503bb7ce1?s=96&d=mm&r=g\",\"url\":\"https:\\\/\\\/secure.gravatar.com\\\/avatar\\\/c487434bdf6cd7c12e4a88877ae4b12c38d22b7ad64292b49d33ed7503bb7ce1?s=96&d=mm&r=g\",\"contentUrl\":\"https:\\\/\\\/secure.gravatar.com\\\/avatar\\\/c487434bdf6cd7c12e4a88877ae4b12c38d22b7ad64292b49d33ed7503bb7ce1?s=96&d=mm&r=g\",\"caption\":\"Svein-Harald Strand\"},\"description\":\"(F. 26.12.1945) Redakt\u00f8r, journalist og informasjonsarbeider siden 1968. ||| I 1963: Redaksjonell praktikant i 8 m\u00e5neder p\u00e5 full tid i Helgeland Arbeiderblad i hjembyen Mosj\u00f8en. ||| Arbeidende pensjonist med hjemmekontor fra 2008 (AFP) og videre som folkepensjonist til n\u00e5.\",\"sameAs\":[\"https:\\\/\\\/lokalmagasinet.no\\\/\",\"https:\\\/\\\/www.facebook.com\\\/sveinharald.strand.1\",\"https:\\\/\\\/x.com\\\/LMExtra\"],\"url\":\"https:\\\/\\\/lokalmagasinet.no\\\/?author=6\"}]}<\/script>\n<!-- \/ Yoast SEO plugin. -->","yoast_head_json":{"title":"Ole Paus til minne | Lokalmagasinet.no","robots":{"index":"index","follow":"follow","max-snippet":"max-snippet:-1","max-image-preview":"max-image-preview:large","max-video-preview":"max-video-preview:-1"},"canonical":"https:\/\/lokalmagasinet.no\/?p=20593","og_locale":"nn_NO","og_type":"article","og_title":"Ole Paus til minne | Lokalmagasinet.no","og_description":"(Publisert 12.12.23) Det ble en trist dag da vi i formiddag fikk vite at visesangeren, komponisten og forfatteren Ole Paus var g\u00e5tt bort, 76 \u00e5r gammel. Han hadde v\u00e6rt syk ... Les merOle Paus til minne","og_url":"https:\/\/lokalmagasinet.no\/?p=20593","og_site_name":"Lokalmagasinet.no","article_publisher":"https:\/\/www.facebook.com\/sveinharald.strand.1","article_author":"https:\/\/www.facebook.com\/sveinharald.strand.1","article_published_time":"2023-12-12T22:44:01+00:00","og_image":[{"url":"https:\/\/lokalmagasinet.no\/wp-content\/uploads\/2022\/07\/olepaus2015_500.jpg","type":"","width":"","height":""}],"author":"Svein-Harald Strand","twitter_card":"summary_large_image","twitter_creator":"@LMExtra","twitter_site":"@LMExtra","twitter_misc":{"Written by":"Svein-Harald Strand","Est. reading time":"3 minutt"},"schema":{"@context":"https:\/\/schema.org","@graph":[{"@type":"Article","@id":"https:\/\/lokalmagasinet.no\/?p=20593#article","isPartOf":{"@id":"https:\/\/lokalmagasinet.no\/?p=20593"},"author":{"name":"Svein-Harald Strand","@id":"https:\/\/lokalmagasinet.no\/#\/schema\/person\/2e8d221708d3aaf6f577275b5bba4310"},"headline":"Ole Paus til minne","datePublished":"2023-12-12T22:44:01+00:00","mainEntityOfPage":{"@id":"https:\/\/lokalmagasinet.no\/?p=20593"},"wordCount":530,"publisher":{"@id":"https:\/\/lokalmagasinet.no\/#organization"},"image":{"@id":"https:\/\/lokalmagasinet.no\/?p=20593#primaryimage"},"thumbnailUrl":"https:\/\/lokalmagasinet.no\/wp-content\/uploads\/2022\/07\/olepaus2015_500.jpg","articleSection":["Aktuelt"],"inLanguage":"nn-NO"},{"@type":"WebPage","@id":"https:\/\/lokalmagasinet.no\/?p=20593","url":"https:\/\/lokalmagasinet.no\/?p=20593","name":"Ole Paus til minne | Lokalmagasinet.no","isPartOf":{"@id":"https:\/\/lokalmagasinet.no\/#website"},"primaryImageOfPage":{"@id":"https:\/\/lokalmagasinet.no\/?p=20593#primaryimage"},"image":{"@id":"https:\/\/lokalmagasinet.no\/?p=20593#primaryimage"},"thumbnailUrl":"https:\/\/lokalmagasinet.no\/wp-content\/uploads\/2022\/07\/olepaus2015_500.jpg","datePublished":"2023-12-12T22:44:01+00:00","breadcrumb":{"@id":"https:\/\/lokalmagasinet.no\/?p=20593#breadcrumb"},"inLanguage":"nn-NO","potentialAction":[{"@type":"ReadAction","target":["https:\/\/lokalmagasinet.no\/?p=20593"]}]},{"@type":"ImageObject","inLanguage":"nn-NO","@id":"https:\/\/lokalmagasinet.no\/?p=20593#primaryimage","url":"https:\/\/lokalmagasinet.no\/wp-content\/uploads\/2022\/07\/olepaus2015_500.jpg","contentUrl":"https:\/\/lokalmagasinet.no\/wp-content\/uploads\/2022\/07\/olepaus2015_500.jpg","width":500,"height":439,"caption":"Ole Paus slik vi husker ham her i det n\u00e6re. Han hadde mer enn \u00e9n gang konsert ute i Olivenlunden hos Caf\u00e9 Oliven. (LM Arkivfoto)"},{"@type":"BreadcrumbList","@id":"https:\/\/lokalmagasinet.no\/?p=20593#breadcrumb","itemListElement":[{"@type":"ListItem","position":1,"name":"Hjem","item":"https:\/\/lokalmagasinet.no\/"},{"@type":"ListItem","position":2,"name":"Ole Paus til minne"}]},{"@type":"WebSite","@id":"https:\/\/lokalmagasinet.no\/#website","url":"https:\/\/lokalmagasinet.no\/","name":"Lokalmagasinet.no","description":"Fra fortid og n\u00e5tid. Med st\u00e5sted i det n\u00e6re. Siden 2002.","publisher":{"@id":"https:\/\/lokalmagasinet.no\/#organization"},"potentialAction":[{"@type":"SearchAction","target":{"@type":"EntryPoint","urlTemplate":"https:\/\/lokalmagasinet.no\/?s={search_term_string}"},"query-input":{"@type":"PropertyValueSpecification","valueRequired":true,"valueName":"search_term_string"}}],"inLanguage":"nn-NO"},{"@type":"Organization","@id":"https:\/\/lokalmagasinet.no\/#organization","name":"Lokalmagasinet.no","url":"https:\/\/lokalmagasinet.no\/","logo":{"@type":"ImageObject","inLanguage":"nn-NO","@id":"https:\/\/lokalmagasinet.no\/#\/schema\/logo\/image\/","url":"https:\/\/lokalmagasinet.no\/wp-content\/uploads\/2021\/03\/cropped-cropped-cropped-cropped-cropped-cropped-lmlogo-e1640691300821.jpg","contentUrl":"https:\/\/lokalmagasinet.no\/wp-content\/uploads\/2021\/03\/cropped-cropped-cropped-cropped-cropped-cropped-lmlogo-e1640691300821.jpg","width":72,"height":118,"caption":"Lokalmagasinet.no"},"image":{"@id":"https:\/\/lokalmagasinet.no\/#\/schema\/logo\/image\/"},"sameAs":["https:\/\/www.facebook.com\/sveinharald.strand.1","https:\/\/x.com\/LMExtra"]},{"@type":"Person","@id":"https:\/\/lokalmagasinet.no\/#\/schema\/person\/2e8d221708d3aaf6f577275b5bba4310","name":"Svein-Harald Strand","image":{"@type":"ImageObject","inLanguage":"nn-NO","@id":"https:\/\/secure.gravatar.com\/avatar\/c487434bdf6cd7c12e4a88877ae4b12c38d22b7ad64292b49d33ed7503bb7ce1?s=96&d=mm&r=g","url":"https:\/\/secure.gravatar.com\/avatar\/c487434bdf6cd7c12e4a88877ae4b12c38d22b7ad64292b49d33ed7503bb7ce1?s=96&d=mm&r=g","contentUrl":"https:\/\/secure.gravatar.com\/avatar\/c487434bdf6cd7c12e4a88877ae4b12c38d22b7ad64292b49d33ed7503bb7ce1?s=96&d=mm&r=g","caption":"Svein-Harald Strand"},"description":"(F. 26.12.1945) Redakt\u00f8r, journalist og informasjonsarbeider siden 1968. ||| I 1963: Redaksjonell praktikant i 8 m\u00e5neder p\u00e5 full tid i Helgeland Arbeiderblad i hjembyen Mosj\u00f8en. ||| Arbeidende pensjonist med hjemmekontor fra 2008 (AFP) og videre som folkepensjonist til n\u00e5.","sameAs":["https:\/\/lokalmagasinet.no\/","https:\/\/www.facebook.com\/sveinharald.strand.1","https:\/\/x.com\/LMExtra"],"url":"https:\/\/lokalmagasinet.no\/?author=6"}]}},"_links":{"self":[{"href":"https:\/\/lokalmagasinet.no\/index.php?rest_route=\/wp\/v2\/posts\/20593","targetHints":{"allow":["GET"]}}],"collection":[{"href":"https:\/\/lokalmagasinet.no\/index.php?rest_route=\/wp\/v2\/posts"}],"about":[{"href":"https:\/\/lokalmagasinet.no\/index.php?rest_route=\/wp\/v2\/types\/post"}],"author":[{"embeddable":true,"href":"https:\/\/lokalmagasinet.no\/index.php?rest_route=\/wp\/v2\/users\/6"}],"replies":[{"embeddable":true,"href":"https:\/\/lokalmagasinet.no\/index.php?rest_route=%2Fwp%2Fv2%2Fcomments&post=20593"}],"version-history":[{"count":10,"href":"https:\/\/lokalmagasinet.no\/index.php?rest_route=\/wp\/v2\/posts\/20593\/revisions"}],"predecessor-version":[{"id":20604,"href":"https:\/\/lokalmagasinet.no\/index.php?rest_route=\/wp\/v2\/posts\/20593\/revisions\/20604"}],"wp:attachment":[{"href":"https:\/\/lokalmagasinet.no\/index.php?rest_route=%2Fwp%2Fv2%2Fmedia&parent=20593"}],"wp:term":[{"taxonomy":"category","embeddable":true,"href":"https:\/\/lokalmagasinet.no\/index.php?rest_route=%2Fwp%2Fv2%2Fcategories&post=20593"},{"taxonomy":"post_tag","embeddable":true,"href":"https:\/\/lokalmagasinet.no\/index.php?rest_route=%2Fwp%2Fv2%2Ftags&post=20593"}],"curies":[{"name":"wp","href":"https:\/\/api.w.org\/{rel}","templated":true}]}}