{"id":20655,"date":"2023-12-15T18:16:18","date_gmt":"2023-12-15T17:16:18","guid":{"rendered":"https:\/\/lokalmagasinet.no\/?p=20655"},"modified":"2023-12-16T18:29:58","modified_gmt":"2023-12-16T17:29:58","slug":"ros-og-ris-etter-de-forste-7-ar","status":"publish","type":"post","link":"https:\/\/lokalmagasinet.no\/?p=20655","title":{"rendered":"&laquo;S\u00f8ppel-journalistikk av verste slag&raquo;?"},"content":{"rendered":"<div align=\"left\"><\/div>\n<div align=\"left\">\n<p align=\"left\"><span class=\"i_skrift_stor\"><strong><img loading=\"lazy\" decoding=\"async\" src=\"http:\/\/web.archive.org\/web\/20101218151119im_\/http:\/\/www.lokalmagasinet.no\/ipub\/media\/sjuarskake_200.jpg\" alt=\"\" width=\"200\" height=\"166\" align=\"left\" hspace=\"8\" vspace=\"8\" \/><\/strong><\/span><span class=\"i_skrift_stor\"><span class=\"i_skrift_mini\">Illustrasjon: istockphoto.com<\/span><strong><br \/>\n<\/strong><\/span><\/p>\n<p align=\"left\"><span class=\"i_skrift_stor\"><strong>\u25ba <\/strong><\/span><strong><span style=\"color: #800000;\">Lokalmagasinet.no markerte i desember 2009 sine f\u00f8rste 7 \u00e5r, og fra innkomne hilsninger, b\u00e5de nye og gamle, siterer vi: <\/span><\/strong><\/p>\n<p align=\"left\"><span class=\"i_skrift_mini\"><span class=\"i_skrift_stor\"><span style=\"color: #800000;\">\u2666 \u2013 Lokalmagasinet gj\u00f8r en flott jobb og har en positiv utvikling! <\/span><em><span style=\"color: #800000;\">(Lisbeth R\u00f8bekk<\/span><span style=\"color: #800000;\">, ISoon.no) <\/span><\/em><\/span><\/span><\/p>\n<p>\u2666 \u2013 &#8230; Og jeg synes nettavisen tar seg visuelt godt ut. <em>(Elisabeth Kleven, Vestby Kunstforening)<\/em><\/p>\n<p align=\"left\"><span class=\"i_skrift_stor\"><span class=\"i_skrift_mini\"><span style=\"color: #800000;\">\u2666 <\/span><\/span><\/span>\u2013 &#8230; Lokalmagasinet var jo som vanlig tidlig ute med forh\u00e5ndsomtale for oss, noe vi setter um\u00e5telig stor pris p\u00e5. Godt \u00e5 vite at det finnes lokalmedier som er interessert i &laquo;alt&raquo; som skjer i Vestby, og ikke bare de st\u00f8rste idrettsaktivitetene. <em>(Terje Dahl, Vestby Hesteklubb)<\/em><\/p>\n<p align=\"left\"><span class=\"i_skrift_stor\"><span class=\"i_skrift_mini\"><span style=\"color: #800000;\">\u2666 <\/span><\/span><\/span>(Could and should be true) \u2013 Your magazine is indeed one of our most dedicated and knowledgeable followers on the web. We wish you all the best in covering us and our music further on, through the next 50 years! <em>(Cliff, Hank, Bruce, Brian)<\/em><\/p>\n<p align=\"left\"><span class=\"i_skrift_stor\"><span class=\"i_skrift_mini\"><span style=\"color: #800000;\">\u2666 <\/span><\/span><\/span><strong>\u2013 <\/strong>Vi har f\u00e5tt 200 telefoner om dere i dag! Kan dere slutte \u00e5 skrive om Kjersti Halvorsen? <em>(P\u00e5l Enghaug, Moss Avis.)<\/em><\/p>\n<p align=\"left\"><span class=\"i_skrift_stor\"><span class=\"i_skrift_mini\"><span style=\"color: #800000;\">\u2666 <\/span><\/span><\/span><strong>\u2013 S\u00f8ppeljournalistikk av verste slag! <\/strong><em>(Spesialr\u00e5dgiver Roald Haugberg i Vestby-r\u00e5dmannens stab.) <\/em><span class=\"i_skrift_stor\"><span class=\"i_skrift_mini\"><strong><em><br \/>\n<\/em><\/strong><\/span><\/span><\/p>\n<\/div>\n<p>Views: 101<\/p>","protected":false},"excerpt":{"rendered":"<p>Illustrasjon: istockphoto.com \u25ba Lokalmagasinet.no markerte i desember 2009 sine f\u00f8rste 7 \u00e5r, og fra innkomne hilsninger, b\u00e5de nye og gamle, siterer vi: \u2666 \u2013 Lokalmagasinet gj\u00f8r en flott jobb og &#8230; <\/p>\n<p class=\"read-more-container\"><a title=\"&laquo;S\u00f8ppel-journalistikk av verste slag&raquo;?\" class=\"read-more button\" href=\"https:\/\/lokalmagasinet.no\/?p=20655#more-20655\">Les mer<span class=\"screen-reader-text\">&laquo;S\u00f8ppel-journalistikk av verste slag&raquo;?<\/span><\/a><\/p>\n","protected":false},"author":6,"featured_media":1874,"comment_status":"closed","ping_status":"closed","sticky":false,"template":"","format":"standard","meta":{"footnotes":""},"categories":[108,95],"tags":[],"class_list":["post-20655","post","type-post","status-publish","format-standard","has-post-thumbnail","hentry","category-arkivsaker","category-presseetikk"],"yoast_head":"<!-- This site is optimized with the Yoast SEO plugin v27.4 - https:\/\/yoast.com\/product\/yoast-seo-wordpress\/ -->\n<title>&quot;S\u00f8ppel-journalistikk av verste slag&quot;? | Lokalmagasinet.no<\/title>\n<meta name=\"robots\" content=\"index, follow, max-snippet:-1, max-image-preview:large, max-video-preview:-1\" \/>\n<link rel=\"canonical\" href=\"https:\/\/lokalmagasinet.no\/?p=20655\" \/>\n<meta property=\"og:locale\" content=\"nn_NO\" \/>\n<meta property=\"og:type\" content=\"article\" \/>\n<meta property=\"og:title\" content=\"&quot;S\u00f8ppel-journalistikk av verste slag&quot;? | Lokalmagasinet.no\" \/>\n<meta property=\"og:description\" content=\"Illustrasjon: istockphoto.com \u25ba Lokalmagasinet.no markerte i desember 2009 sine f\u00f8rste 7 \u00e5r, og fra innkomne hilsninger, b\u00e5de nye og gamle, siterer vi: \u2666 \u2013 Lokalmagasinet gj\u00f8r en flott jobb og ... Les mer&laquo;S\u00f8ppel-journalistikk av verste slag&raquo;?\" \/>\n<meta property=\"og:url\" content=\"https:\/\/lokalmagasinet.no\/?p=20655\" \/>\n<meta property=\"og:site_name\" content=\"Lokalmagasinet.no\" \/>\n<meta property=\"article:publisher\" content=\"https:\/\/www.facebook.com\/sveinharald.strand.1\" \/>\n<meta property=\"article:author\" content=\"https:\/\/www.facebook.com\/sveinharald.strand.1\" \/>\n<meta property=\"article:published_time\" content=\"2023-12-15T17:16:18+00:00\" \/>\n<meta property=\"article:modified_time\" content=\"2023-12-16T17:29:58+00:00\" \/>\n<meta property=\"og:image\" content=\"https:\/\/lokalmagasinet.no\/wp-content\/uploads\/2021\/03\/journalism1_200-e1651420362191.jpg\" \/>\n\t<meta property=\"og:image:width\" content=\"100\" \/>\n\t<meta property=\"og:image:height\" content=\"122\" \/>\n\t<meta property=\"og:image:type\" content=\"image\/jpeg\" \/>\n<meta name=\"author\" content=\"Svein-Harald Strand\" \/>\n<meta name=\"twitter:card\" content=\"summary_large_image\" \/>\n<meta name=\"twitter:creator\" content=\"@LMExtra\" \/>\n<meta name=\"twitter:site\" content=\"@LMExtra\" \/>\n<meta name=\"twitter:label1\" content=\"Written by\" \/>\n\t<meta name=\"twitter:data1\" content=\"Svein-Harald Strand\" \/>\n\t<meta name=\"twitter:label2\" content=\"Est. reading time\" \/>\n\t<meta name=\"twitter:data2\" content=\"1 minutt\" \/>\n<script type=\"application\/ld+json\" class=\"yoast-schema-graph\">{\"@context\":\"https:\\\/\\\/schema.org\",\"@graph\":[{\"@type\":\"Article\",\"@id\":\"https:\\\/\\\/lokalmagasinet.no\\\/?p=20655#article\",\"isPartOf\":{\"@id\":\"https:\\\/\\\/lokalmagasinet.no\\\/?p=20655\"},\"author\":{\"name\":\"Svein-Harald Strand\",\"@id\":\"https:\\\/\\\/lokalmagasinet.no\\\/#\\\/schema\\\/person\\\/2e8d221708d3aaf6f577275b5bba4310\"},\"headline\":\"&laquo;S\u00f8ppel-journalistikk av verste slag&raquo;?\",\"datePublished\":\"2023-12-15T17:16:18+00:00\",\"dateModified\":\"2023-12-16T17:29:58+00:00\",\"mainEntityOfPage\":{\"@id\":\"https:\\\/\\\/lokalmagasinet.no\\\/?p=20655\"},\"wordCount\":179,\"publisher\":{\"@id\":\"https:\\\/\\\/lokalmagasinet.no\\\/#organization\"},\"image\":{\"@id\":\"https:\\\/\\\/lokalmagasinet.no\\\/?p=20655#primaryimage\"},\"thumbnailUrl\":\"https:\\\/\\\/lokalmagasinet.no\\\/wp-content\\\/uploads\\\/2021\\\/03\\\/journalism1_200-e1651420362191.jpg\",\"articleSection\":[\"Arkivsaker\",\"Presseetikk\"],\"inLanguage\":\"nn-NO\"},{\"@type\":\"WebPage\",\"@id\":\"https:\\\/\\\/lokalmagasinet.no\\\/?p=20655\",\"url\":\"https:\\\/\\\/lokalmagasinet.no\\\/?p=20655\",\"name\":\"\\\"S\u00f8ppel-journalistikk av verste slag\\\"? | Lokalmagasinet.no\",\"isPartOf\":{\"@id\":\"https:\\\/\\\/lokalmagasinet.no\\\/#website\"},\"primaryImageOfPage\":{\"@id\":\"https:\\\/\\\/lokalmagasinet.no\\\/?p=20655#primaryimage\"},\"image\":{\"@id\":\"https:\\\/\\\/lokalmagasinet.no\\\/?p=20655#primaryimage\"},\"thumbnailUrl\":\"https:\\\/\\\/lokalmagasinet.no\\\/wp-content\\\/uploads\\\/2021\\\/03\\\/journalism1_200-e1651420362191.jpg\",\"datePublished\":\"2023-12-15T17:16:18+00:00\",\"dateModified\":\"2023-12-16T17:29:58+00:00\",\"breadcrumb\":{\"@id\":\"https:\\\/\\\/lokalmagasinet.no\\\/?p=20655#breadcrumb\"},\"inLanguage\":\"nn-NO\",\"potentialAction\":[{\"@type\":\"ReadAction\",\"target\":[\"https:\\\/\\\/lokalmagasinet.no\\\/?p=20655\"]}]},{\"@type\":\"ImageObject\",\"inLanguage\":\"nn-NO\",\"@id\":\"https:\\\/\\\/lokalmagasinet.no\\\/?p=20655#primaryimage\",\"url\":\"https:\\\/\\\/lokalmagasinet.no\\\/wp-content\\\/uploads\\\/2021\\\/03\\\/journalism1_200-e1651420362191.jpg\",\"contentUrl\":\"https:\\\/\\\/lokalmagasinet.no\\\/wp-content\\\/uploads\\\/2021\\\/03\\\/journalism1_200-e1651420362191.jpg\",\"width\":100,\"height\":122},{\"@type\":\"BreadcrumbList\",\"@id\":\"https:\\\/\\\/lokalmagasinet.no\\\/?p=20655#breadcrumb\",\"itemListElement\":[{\"@type\":\"ListItem\",\"position\":1,\"name\":\"Hjem\",\"item\":\"https:\\\/\\\/lokalmagasinet.no\\\/\"},{\"@type\":\"ListItem\",\"position\":2,\"name\":\"&#8220;S\u00f8ppel-journalistikk av verste slag&#8221;?\"}]},{\"@type\":\"WebSite\",\"@id\":\"https:\\\/\\\/lokalmagasinet.no\\\/#website\",\"url\":\"https:\\\/\\\/lokalmagasinet.no\\\/\",\"name\":\"Lokalmagasinet.no\",\"description\":\"Fra fortid og n\u00e5tid. Med st\u00e5sted i det n\u00e6re. Siden 2002.\",\"publisher\":{\"@id\":\"https:\\\/\\\/lokalmagasinet.no\\\/#organization\"},\"potentialAction\":[{\"@type\":\"SearchAction\",\"target\":{\"@type\":\"EntryPoint\",\"urlTemplate\":\"https:\\\/\\\/lokalmagasinet.no\\\/?s={search_term_string}\"},\"query-input\":{\"@type\":\"PropertyValueSpecification\",\"valueRequired\":true,\"valueName\":\"search_term_string\"}}],\"inLanguage\":\"nn-NO\"},{\"@type\":\"Organization\",\"@id\":\"https:\\\/\\\/lokalmagasinet.no\\\/#organization\",\"name\":\"Lokalmagasinet.no\",\"url\":\"https:\\\/\\\/lokalmagasinet.no\\\/\",\"logo\":{\"@type\":\"ImageObject\",\"inLanguage\":\"nn-NO\",\"@id\":\"https:\\\/\\\/lokalmagasinet.no\\\/#\\\/schema\\\/logo\\\/image\\\/\",\"url\":\"https:\\\/\\\/lokalmagasinet.no\\\/wp-content\\\/uploads\\\/2021\\\/03\\\/cropped-cropped-cropped-cropped-cropped-cropped-lmlogo-e1640691300821.jpg\",\"contentUrl\":\"https:\\\/\\\/lokalmagasinet.no\\\/wp-content\\\/uploads\\\/2021\\\/03\\\/cropped-cropped-cropped-cropped-cropped-cropped-lmlogo-e1640691300821.jpg\",\"width\":72,\"height\":118,\"caption\":\"Lokalmagasinet.no\"},\"image\":{\"@id\":\"https:\\\/\\\/lokalmagasinet.no\\\/#\\\/schema\\\/logo\\\/image\\\/\"},\"sameAs\":[\"https:\\\/\\\/www.facebook.com\\\/sveinharald.strand.1\",\"https:\\\/\\\/x.com\\\/LMExtra\"]},{\"@type\":\"Person\",\"@id\":\"https:\\\/\\\/lokalmagasinet.no\\\/#\\\/schema\\\/person\\\/2e8d221708d3aaf6f577275b5bba4310\",\"name\":\"Svein-Harald Strand\",\"image\":{\"@type\":\"ImageObject\",\"inLanguage\":\"nn-NO\",\"@id\":\"https:\\\/\\\/secure.gravatar.com\\\/avatar\\\/c487434bdf6cd7c12e4a88877ae4b12c38d22b7ad64292b49d33ed7503bb7ce1?s=96&d=mm&r=g\",\"url\":\"https:\\\/\\\/secure.gravatar.com\\\/avatar\\\/c487434bdf6cd7c12e4a88877ae4b12c38d22b7ad64292b49d33ed7503bb7ce1?s=96&d=mm&r=g\",\"contentUrl\":\"https:\\\/\\\/secure.gravatar.com\\\/avatar\\\/c487434bdf6cd7c12e4a88877ae4b12c38d22b7ad64292b49d33ed7503bb7ce1?s=96&d=mm&r=g\",\"caption\":\"Svein-Harald Strand\"},\"description\":\"(F. 26.12.1945) Redakt\u00f8r, journalist og informasjonsarbeider siden 1968. ||| I 1963: Redaksjonell praktikant i 8 m\u00e5neder p\u00e5 full tid i Helgeland Arbeiderblad i hjembyen Mosj\u00f8en. ||| Arbeidende pensjonist med hjemmekontor fra 2008 (AFP) og videre som folkepensjonist til n\u00e5.\",\"sameAs\":[\"https:\\\/\\\/lokalmagasinet.no\\\/\",\"https:\\\/\\\/www.facebook.com\\\/sveinharald.strand.1\",\"https:\\\/\\\/x.com\\\/LMExtra\"],\"url\":\"https:\\\/\\\/lokalmagasinet.no\\\/?author=6\"}]}<\/script>\n<!-- \/ Yoast SEO plugin. -->","yoast_head_json":{"title":"\"S\u00f8ppel-journalistikk av verste slag\"? | Lokalmagasinet.no","robots":{"index":"index","follow":"follow","max-snippet":"max-snippet:-1","max-image-preview":"max-image-preview:large","max-video-preview":"max-video-preview:-1"},"canonical":"https:\/\/lokalmagasinet.no\/?p=20655","og_locale":"nn_NO","og_type":"article","og_title":"\"S\u00f8ppel-journalistikk av verste slag\"? | Lokalmagasinet.no","og_description":"Illustrasjon: istockphoto.com \u25ba Lokalmagasinet.no markerte i desember 2009 sine f\u00f8rste 7 \u00e5r, og fra innkomne hilsninger, b\u00e5de nye og gamle, siterer vi: \u2666 \u2013 Lokalmagasinet gj\u00f8r en flott jobb og ... Les mer&laquo;S\u00f8ppel-journalistikk av verste slag&raquo;?","og_url":"https:\/\/lokalmagasinet.no\/?p=20655","og_site_name":"Lokalmagasinet.no","article_publisher":"https:\/\/www.facebook.com\/sveinharald.strand.1","article_author":"https:\/\/www.facebook.com\/sveinharald.strand.1","article_published_time":"2023-12-15T17:16:18+00:00","article_modified_time":"2023-12-16T17:29:58+00:00","og_image":[{"width":100,"height":122,"url":"https:\/\/lokalmagasinet.no\/wp-content\/uploads\/2021\/03\/journalism1_200-e1651420362191.jpg","type":"image\/jpeg"}],"author":"Svein-Harald Strand","twitter_card":"summary_large_image","twitter_creator":"@LMExtra","twitter_site":"@LMExtra","twitter_misc":{"Written by":"Svein-Harald Strand","Est. reading time":"1 minutt"},"schema":{"@context":"https:\/\/schema.org","@graph":[{"@type":"Article","@id":"https:\/\/lokalmagasinet.no\/?p=20655#article","isPartOf":{"@id":"https:\/\/lokalmagasinet.no\/?p=20655"},"author":{"name":"Svein-Harald Strand","@id":"https:\/\/lokalmagasinet.no\/#\/schema\/person\/2e8d221708d3aaf6f577275b5bba4310"},"headline":"&laquo;S\u00f8ppel-journalistikk av verste slag&raquo;?","datePublished":"2023-12-15T17:16:18+00:00","dateModified":"2023-12-16T17:29:58+00:00","mainEntityOfPage":{"@id":"https:\/\/lokalmagasinet.no\/?p=20655"},"wordCount":179,"publisher":{"@id":"https:\/\/lokalmagasinet.no\/#organization"},"image":{"@id":"https:\/\/lokalmagasinet.no\/?p=20655#primaryimage"},"thumbnailUrl":"https:\/\/lokalmagasinet.no\/wp-content\/uploads\/2021\/03\/journalism1_200-e1651420362191.jpg","articleSection":["Arkivsaker","Presseetikk"],"inLanguage":"nn-NO"},{"@type":"WebPage","@id":"https:\/\/lokalmagasinet.no\/?p=20655","url":"https:\/\/lokalmagasinet.no\/?p=20655","name":"\"S\u00f8ppel-journalistikk av verste slag\"? | Lokalmagasinet.no","isPartOf":{"@id":"https:\/\/lokalmagasinet.no\/#website"},"primaryImageOfPage":{"@id":"https:\/\/lokalmagasinet.no\/?p=20655#primaryimage"},"image":{"@id":"https:\/\/lokalmagasinet.no\/?p=20655#primaryimage"},"thumbnailUrl":"https:\/\/lokalmagasinet.no\/wp-content\/uploads\/2021\/03\/journalism1_200-e1651420362191.jpg","datePublished":"2023-12-15T17:16:18+00:00","dateModified":"2023-12-16T17:29:58+00:00","breadcrumb":{"@id":"https:\/\/lokalmagasinet.no\/?p=20655#breadcrumb"},"inLanguage":"nn-NO","potentialAction":[{"@type":"ReadAction","target":["https:\/\/lokalmagasinet.no\/?p=20655"]}]},{"@type":"ImageObject","inLanguage":"nn-NO","@id":"https:\/\/lokalmagasinet.no\/?p=20655#primaryimage","url":"https:\/\/lokalmagasinet.no\/wp-content\/uploads\/2021\/03\/journalism1_200-e1651420362191.jpg","contentUrl":"https:\/\/lokalmagasinet.no\/wp-content\/uploads\/2021\/03\/journalism1_200-e1651420362191.jpg","width":100,"height":122},{"@type":"BreadcrumbList","@id":"https:\/\/lokalmagasinet.no\/?p=20655#breadcrumb","itemListElement":[{"@type":"ListItem","position":1,"name":"Hjem","item":"https:\/\/lokalmagasinet.no\/"},{"@type":"ListItem","position":2,"name":"&#8220;S\u00f8ppel-journalistikk av verste slag&#8221;?"}]},{"@type":"WebSite","@id":"https:\/\/lokalmagasinet.no\/#website","url":"https:\/\/lokalmagasinet.no\/","name":"Lokalmagasinet.no","description":"Fra fortid og n\u00e5tid. Med st\u00e5sted i det n\u00e6re. Siden 2002.","publisher":{"@id":"https:\/\/lokalmagasinet.no\/#organization"},"potentialAction":[{"@type":"SearchAction","target":{"@type":"EntryPoint","urlTemplate":"https:\/\/lokalmagasinet.no\/?s={search_term_string}"},"query-input":{"@type":"PropertyValueSpecification","valueRequired":true,"valueName":"search_term_string"}}],"inLanguage":"nn-NO"},{"@type":"Organization","@id":"https:\/\/lokalmagasinet.no\/#organization","name":"Lokalmagasinet.no","url":"https:\/\/lokalmagasinet.no\/","logo":{"@type":"ImageObject","inLanguage":"nn-NO","@id":"https:\/\/lokalmagasinet.no\/#\/schema\/logo\/image\/","url":"https:\/\/lokalmagasinet.no\/wp-content\/uploads\/2021\/03\/cropped-cropped-cropped-cropped-cropped-cropped-lmlogo-e1640691300821.jpg","contentUrl":"https:\/\/lokalmagasinet.no\/wp-content\/uploads\/2021\/03\/cropped-cropped-cropped-cropped-cropped-cropped-lmlogo-e1640691300821.jpg","width":72,"height":118,"caption":"Lokalmagasinet.no"},"image":{"@id":"https:\/\/lokalmagasinet.no\/#\/schema\/logo\/image\/"},"sameAs":["https:\/\/www.facebook.com\/sveinharald.strand.1","https:\/\/x.com\/LMExtra"]},{"@type":"Person","@id":"https:\/\/lokalmagasinet.no\/#\/schema\/person\/2e8d221708d3aaf6f577275b5bba4310","name":"Svein-Harald Strand","image":{"@type":"ImageObject","inLanguage":"nn-NO","@id":"https:\/\/secure.gravatar.com\/avatar\/c487434bdf6cd7c12e4a88877ae4b12c38d22b7ad64292b49d33ed7503bb7ce1?s=96&d=mm&r=g","url":"https:\/\/secure.gravatar.com\/avatar\/c487434bdf6cd7c12e4a88877ae4b12c38d22b7ad64292b49d33ed7503bb7ce1?s=96&d=mm&r=g","contentUrl":"https:\/\/secure.gravatar.com\/avatar\/c487434bdf6cd7c12e4a88877ae4b12c38d22b7ad64292b49d33ed7503bb7ce1?s=96&d=mm&r=g","caption":"Svein-Harald Strand"},"description":"(F. 26.12.1945) Redakt\u00f8r, journalist og informasjonsarbeider siden 1968. ||| I 1963: Redaksjonell praktikant i 8 m\u00e5neder p\u00e5 full tid i Helgeland Arbeiderblad i hjembyen Mosj\u00f8en. ||| Arbeidende pensjonist med hjemmekontor fra 2008 (AFP) og videre som folkepensjonist til n\u00e5.","sameAs":["https:\/\/lokalmagasinet.no\/","https:\/\/www.facebook.com\/sveinharald.strand.1","https:\/\/x.com\/LMExtra"],"url":"https:\/\/lokalmagasinet.no\/?author=6"}]}},"_links":{"self":[{"href":"https:\/\/lokalmagasinet.no\/index.php?rest_route=\/wp\/v2\/posts\/20655","targetHints":{"allow":["GET"]}}],"collection":[{"href":"https:\/\/lokalmagasinet.no\/index.php?rest_route=\/wp\/v2\/posts"}],"about":[{"href":"https:\/\/lokalmagasinet.no\/index.php?rest_route=\/wp\/v2\/types\/post"}],"author":[{"embeddable":true,"href":"https:\/\/lokalmagasinet.no\/index.php?rest_route=\/wp\/v2\/users\/6"}],"replies":[{"embeddable":true,"href":"https:\/\/lokalmagasinet.no\/index.php?rest_route=%2Fwp%2Fv2%2Fcomments&post=20655"}],"version-history":[{"count":5,"href":"https:\/\/lokalmagasinet.no\/index.php?rest_route=\/wp\/v2\/posts\/20655\/revisions"}],"predecessor-version":[{"id":20665,"href":"https:\/\/lokalmagasinet.no\/index.php?rest_route=\/wp\/v2\/posts\/20655\/revisions\/20665"}],"wp:featuredmedia":[{"embeddable":true,"href":"https:\/\/lokalmagasinet.no\/index.php?rest_route=\/wp\/v2\/media\/1874"}],"wp:attachment":[{"href":"https:\/\/lokalmagasinet.no\/index.php?rest_route=%2Fwp%2Fv2%2Fmedia&parent=20655"}],"wp:term":[{"taxonomy":"category","embeddable":true,"href":"https:\/\/lokalmagasinet.no\/index.php?rest_route=%2Fwp%2Fv2%2Fcategories&post=20655"},{"taxonomy":"post_tag","embeddable":true,"href":"https:\/\/lokalmagasinet.no\/index.php?rest_route=%2Fwp%2Fv2%2Ftags&post=20655"}],"curies":[{"name":"wp","href":"https:\/\/api.w.org\/{rel}","templated":true}]}}