{"id":2098,"date":"2022-11-17T18:13:36","date_gmt":"2022-11-17T17:13:36","guid":{"rendered":"http:\/\/lokalmagasinet.no\/?page_id=2098"},"modified":"2022-11-17T18:25:03","modified_gmt":"2022-11-17T17:25:03","slug":"olje-og-dritt-bare-tot-opp","status":"publish","type":"post","link":"https:\/\/lokalmagasinet.no\/?p=2098","title":{"rendered":"\u2013 Olje og dritt bare t\u00f8t opp"},"content":{"rendered":"<p><img decoding=\"async\" class=\"aligncenter\" src=\"http:\/\/lokalmagasinet.no\/wp-content\/uploads\/2021\/03\/coopstartstor2.jpg\" \/><\/p>\n<p><span style=\"font-size: 12pt;\"><em>Fra anleggsstarten p\u00e5 Son Havn Nord i 2005. Personer med fotoutstyr ble voktet n\u00f8ye p\u00e5. Kroppsspr\u00e5ket til bistre anleggsledere fortalte at n\u00e6rmere enn dette skulle du helst ikke komme med kamera. <\/em><\/span><span style=\"font-size: 10pt; font-family: arial, helvetica, sans-serif;\">(LM Arkivfoto\/Sturla Strand) <\/span><\/p>\n<p><span style=\"font-size: 12pt;\"><em>LM illustrasjonsfoto nedenfor,\u00a0 fra februar 2008: Nye Son Havn Nord. <\/em><\/span><span style=\"font-size: 10pt; font-family: arial, helvetica, sans-serif;\"><br \/>\n<\/span><\/p>\n<p><span style=\"font-size: 12pt;\">(Fra LM 01.03.08.) (Reporter Svein-H. Strand) <\/span><span style=\"font-size: 14pt;\"><strong>\u2013 Olje og dritt bare t\u00f8t opp enkelte steder da grunnarbeidene startet p\u00e5 Son Havn Nord, forteller en kilde til Lokalmagasinet.no.<\/strong><\/span><\/p>\n<p><span style=\"font-size: 14pt;\">Grunnforholdene p\u00e5 den gamle b\u00e5thavna fra slutten av 1940-tallet var godt kjent i det lokale havnemilj\u00f8et, da Coop kj\u00f8pte &laquo;indrefileten&raquo; for 20 millioner kroner.<\/span><\/p>\n<p><strong><span style=\"font-size: 14pt;\">Coop \u00d8st, ved Son Brygge AS, krever n\u00e5 \u00e5 f\u00e5 refundert inntil tre mill. kr av utgiftene.<\/span><\/strong><\/p>\n<p><span style=\"font-size: 14pt;\">Hva som er en rettferdig fordeling av kostnadene, er sp\u00f8rsm\u00e5let som ligger i bunnen av det som etter hvert i praksis framst\u00e5r som et rent erstatningskrav.<\/span><\/p>\n<p><strong><span style=\"font-size: 14pt;\">Partene har for \u00f8vrig v\u00e6rt i hemmelig kontakt gjennom lengre tid, viser det seg.<\/span><\/strong><\/p>\n<p><span style=\"font-size: 14pt;\">Kommunen synes den har strukket seg langt nok, og formannskapet avviste tirsdag kravet slik det foreligger fra Son Brygge AS. Coops krav kan dermed ende i retten.<\/span><\/p>\n<p><span style=\"font-size: 14pt;\">I m\u00f8tet dissenterte ett av de ni medlemmene, men det er ikke opplyst hva vedkommende stemte for.<\/span><\/p>\n<p><strong><span style=\"font-size: 14pt;\">Kommunens hemmelighold av saken for offentligheten betraktes som lovbrudd og kan f\u00e5 et etterspill.<\/span><\/strong><\/p>\n<p style=\"text-align: center;\"><span style=\"font-size: 18pt;\"><strong>R\u00c5DMANNEN VALGTE BORT TILLEGGSLISTA<\/strong><\/span><\/p>\n<p><span style=\"font-size: 14pt;\"><img decoding=\"async\" class=\"aligncenter\" src=\"http:\/\/lokalmagasinet.no\/wp-content\/uploads\/2021\/03\/10.jpg\" \/><\/span><\/p>\n<p><span style=\"font-size: 14pt;\">Ordf\u00f8rer John A. \u00d8dbehr (H) sier til \u00d8standets Blad at saken sto p\u00e5 sakskartet &#8211; <\/span><span style=\"font-size: 14pt;\">p\u00e5 en tilleggsliste. Denne listen ble ikke publisert.<\/span><\/p>\n<p><span style=\"font-size: 14pt;\">Men det fikk ordf\u00f8reren kjennskap til f\u00f8rst &laquo;i ettertid&raquo;, hevder han til \u00d8B, og beklager hendelsen. Den er et klart brudd p\u00e5 kommuneloven og offentlighetsloven.<\/span><\/p>\n<p><span style=\"font-size: 14pt;\"><img loading=\"lazy\" decoding=\"async\" class=\"size-full wp-image-2456 alignleft\" src=\"https:\/\/lokalmagasinet.no\/wp-content\/uploads\/2021\/03\/radmann_knut_haugestad.jpg\" alt=\"\" width=\"200\" height=\"206\" \/>\u2013 Av praktiske \u00e5rsaker <em>valgte<\/em> (red. uthevn.) vi \u00e5 gj\u00f8re det slik. Det hender vi sender ut en tilleggsliste, sier r\u00e5dmann Knut Haugestad (bildet; foto fra Vestby.kommune.no) til \u00d8B\/\u00d8stlandets Blad.<\/span><\/p>\n<p><strong><span style=\"font-size: 14pt;\">Dermed st\u00e5r r\u00e5dmannen som &laquo;den ut\u00f8vende&raquo; for lovbruddet, selv om ordf\u00f8reren, som kommunens \u00f8verste ansvarlige leder, har det formelle ansvaret. Til \u00d8B forklarer han glippen med &laquo;praktiske forhold&raquo;.<\/span><\/strong><\/p>\n<p><span style=\"font-size: 14pt;\">Prosjektgjennomf\u00f8rer Trond Gran i eiendomsselskapet Profier AS bekrefter til \u00d8B at Son Brygge AS har en dialog med Vestby kommune &laquo;i forbindelse med salget i 2005&raquo;.<\/span><\/p>\n<p>Views: 210<\/p>","protected":false},"excerpt":{"rendered":"<p>Fra anleggsstarten p\u00e5 Son Havn Nord i 2005. Personer med fotoutstyr ble voktet n\u00f8ye p\u00e5. Kroppsspr\u00e5ket til bistre anleggsledere fortalte at n\u00e6rmere enn dette skulle du helst ikke komme med &#8230; <\/p>\n<p class=\"read-more-container\"><a title=\"\u2013 Olje og dritt bare t\u00f8t opp\" class=\"read-more button\" href=\"https:\/\/lokalmagasinet.no\/?p=2098#more-2098\">Les mer<span class=\"screen-reader-text\">\u2013 Olje og dritt bare t\u00f8t opp<\/span><\/a><\/p>\n","protected":false},"author":6,"featured_media":0,"comment_status":"closed","ping_status":"open","sticky":false,"template":"","format":"standard","meta":{"footnotes":""},"categories":[50,38,71],"tags":[],"class_list":["post-2098","post","type-post","status-publish","format-standard","hentry","category-havna","category-presse","category-samfunn-og-sikkerhet"],"yoast_head":"<!-- This site is optimized with the Yoast SEO plugin v27.4 - https:\/\/yoast.com\/product\/yoast-seo-wordpress\/ -->\n<title>\u2013 Olje og dritt bare t\u00f8t opp | Lokalmagasinet.no<\/title>\n<meta name=\"robots\" content=\"index, follow, max-snippet:-1, max-image-preview:large, max-video-preview:-1\" \/>\n<link rel=\"canonical\" href=\"https:\/\/lokalmagasinet.no\/?p=2098\" \/>\n<meta property=\"og:locale\" content=\"nn_NO\" \/>\n<meta property=\"og:type\" content=\"article\" \/>\n<meta property=\"og:title\" content=\"\u2013 Olje og dritt bare t\u00f8t opp | Lokalmagasinet.no\" \/>\n<meta property=\"og:description\" content=\"Fra anleggsstarten p\u00e5 Son Havn Nord i 2005. Personer med fotoutstyr ble voktet n\u00f8ye p\u00e5. Kroppsspr\u00e5ket til bistre anleggsledere fortalte at n\u00e6rmere enn dette skulle du helst ikke komme med ... Les mer\u2013 Olje og dritt bare t\u00f8t opp\" \/>\n<meta property=\"og:url\" content=\"https:\/\/lokalmagasinet.no\/?p=2098\" \/>\n<meta property=\"og:site_name\" content=\"Lokalmagasinet.no\" \/>\n<meta property=\"article:publisher\" content=\"https:\/\/www.facebook.com\/sveinharald.strand.1\" \/>\n<meta property=\"article:author\" content=\"https:\/\/www.facebook.com\/sveinharald.strand.1\" \/>\n<meta property=\"article:published_time\" content=\"2022-11-17T17:13:36+00:00\" \/>\n<meta property=\"article:modified_time\" content=\"2022-11-17T17:25:03+00:00\" \/>\n<meta property=\"og:image\" content=\"http:\/\/lokalmagasinet.no\/wp-content\/uploads\/2021\/03\/coopstartstor2.jpg\" \/>\n<meta name=\"author\" content=\"Svein-Harald Strand\" \/>\n<meta name=\"twitter:card\" content=\"summary_large_image\" \/>\n<meta name=\"twitter:creator\" content=\"@LMExtra\" \/>\n<meta name=\"twitter:site\" content=\"@LMExtra\" \/>\n<meta name=\"twitter:label1\" content=\"Written by\" \/>\n\t<meta name=\"twitter:data1\" content=\"Svein-Harald Strand\" \/>\n\t<meta name=\"twitter:label2\" content=\"Est. reading time\" \/>\n\t<meta name=\"twitter:data2\" content=\"2 minutt\" \/>\n<script type=\"application\/ld+json\" class=\"yoast-schema-graph\">{\"@context\":\"https:\\\/\\\/schema.org\",\"@graph\":[{\"@type\":\"Article\",\"@id\":\"https:\\\/\\\/lokalmagasinet.no\\\/?p=2098#article\",\"isPartOf\":{\"@id\":\"https:\\\/\\\/lokalmagasinet.no\\\/?p=2098\"},\"author\":{\"name\":\"Svein-Harald Strand\",\"@id\":\"https:\\\/\\\/lokalmagasinet.no\\\/#\\\/schema\\\/person\\\/2e8d221708d3aaf6f577275b5bba4310\"},\"headline\":\"\u2013 Olje og dritt bare t\u00f8t opp\",\"datePublished\":\"2022-11-17T17:13:36+00:00\",\"dateModified\":\"2022-11-17T17:25:03+00:00\",\"mainEntityOfPage\":{\"@id\":\"https:\\\/\\\/lokalmagasinet.no\\\/?p=2098\"},\"wordCount\":372,\"publisher\":{\"@id\":\"https:\\\/\\\/lokalmagasinet.no\\\/#organization\"},\"image\":{\"@id\":\"https:\\\/\\\/lokalmagasinet.no\\\/?p=2098#primaryimage\"},\"thumbnailUrl\":\"http:\\\/\\\/lokalmagasinet.no\\\/wp-content\\\/uploads\\\/2021\\\/03\\\/coopstartstor2.jpg\",\"articleSection\":[\"Havna\",\"Presse\",\"Samfunn og sikkerhet\"],\"inLanguage\":\"nn-NO\"},{\"@type\":\"WebPage\",\"@id\":\"https:\\\/\\\/lokalmagasinet.no\\\/?p=2098\",\"url\":\"https:\\\/\\\/lokalmagasinet.no\\\/?p=2098\",\"name\":\"\u2013 Olje og dritt bare t\u00f8t opp | Lokalmagasinet.no\",\"isPartOf\":{\"@id\":\"https:\\\/\\\/lokalmagasinet.no\\\/#website\"},\"primaryImageOfPage\":{\"@id\":\"https:\\\/\\\/lokalmagasinet.no\\\/?p=2098#primaryimage\"},\"image\":{\"@id\":\"https:\\\/\\\/lokalmagasinet.no\\\/?p=2098#primaryimage\"},\"thumbnailUrl\":\"http:\\\/\\\/lokalmagasinet.no\\\/wp-content\\\/uploads\\\/2021\\\/03\\\/coopstartstor2.jpg\",\"datePublished\":\"2022-11-17T17:13:36+00:00\",\"dateModified\":\"2022-11-17T17:25:03+00:00\",\"breadcrumb\":{\"@id\":\"https:\\\/\\\/lokalmagasinet.no\\\/?p=2098#breadcrumb\"},\"inLanguage\":\"nn-NO\",\"potentialAction\":[{\"@type\":\"ReadAction\",\"target\":[\"https:\\\/\\\/lokalmagasinet.no\\\/?p=2098\"]}]},{\"@type\":\"ImageObject\",\"inLanguage\":\"nn-NO\",\"@id\":\"https:\\\/\\\/lokalmagasinet.no\\\/?p=2098#primaryimage\",\"url\":\"https:\\\/\\\/lokalmagasinet.no\\\/wp-content\\\/uploads\\\/2021\\\/03\\\/coopstartstor2.jpg\",\"contentUrl\":\"https:\\\/\\\/lokalmagasinet.no\\\/wp-content\\\/uploads\\\/2021\\\/03\\\/coopstartstor2.jpg\",\"width\":480,\"height\":360},{\"@type\":\"BreadcrumbList\",\"@id\":\"https:\\\/\\\/lokalmagasinet.no\\\/?p=2098#breadcrumb\",\"itemListElement\":[{\"@type\":\"ListItem\",\"position\":1,\"name\":\"Hjem\",\"item\":\"https:\\\/\\\/lokalmagasinet.no\\\/\"},{\"@type\":\"ListItem\",\"position\":2,\"name\":\"\u2013 Olje og dritt bare t\u00f8t opp\"}]},{\"@type\":\"WebSite\",\"@id\":\"https:\\\/\\\/lokalmagasinet.no\\\/#website\",\"url\":\"https:\\\/\\\/lokalmagasinet.no\\\/\",\"name\":\"Lokalmagasinet.no\",\"description\":\"Fra fortid og n\u00e5tid. Med st\u00e5sted i det n\u00e6re. Siden 2002.\",\"publisher\":{\"@id\":\"https:\\\/\\\/lokalmagasinet.no\\\/#organization\"},\"potentialAction\":[{\"@type\":\"SearchAction\",\"target\":{\"@type\":\"EntryPoint\",\"urlTemplate\":\"https:\\\/\\\/lokalmagasinet.no\\\/?s={search_term_string}\"},\"query-input\":{\"@type\":\"PropertyValueSpecification\",\"valueRequired\":true,\"valueName\":\"search_term_string\"}}],\"inLanguage\":\"nn-NO\"},{\"@type\":\"Organization\",\"@id\":\"https:\\\/\\\/lokalmagasinet.no\\\/#organization\",\"name\":\"Lokalmagasinet.no\",\"url\":\"https:\\\/\\\/lokalmagasinet.no\\\/\",\"logo\":{\"@type\":\"ImageObject\",\"inLanguage\":\"nn-NO\",\"@id\":\"https:\\\/\\\/lokalmagasinet.no\\\/#\\\/schema\\\/logo\\\/image\\\/\",\"url\":\"https:\\\/\\\/lokalmagasinet.no\\\/wp-content\\\/uploads\\\/2021\\\/03\\\/cropped-cropped-cropped-cropped-cropped-cropped-lmlogo-e1640691300821.jpg\",\"contentUrl\":\"https:\\\/\\\/lokalmagasinet.no\\\/wp-content\\\/uploads\\\/2021\\\/03\\\/cropped-cropped-cropped-cropped-cropped-cropped-lmlogo-e1640691300821.jpg\",\"width\":72,\"height\":118,\"caption\":\"Lokalmagasinet.no\"},\"image\":{\"@id\":\"https:\\\/\\\/lokalmagasinet.no\\\/#\\\/schema\\\/logo\\\/image\\\/\"},\"sameAs\":[\"https:\\\/\\\/www.facebook.com\\\/sveinharald.strand.1\",\"https:\\\/\\\/x.com\\\/LMExtra\"]},{\"@type\":\"Person\",\"@id\":\"https:\\\/\\\/lokalmagasinet.no\\\/#\\\/schema\\\/person\\\/2e8d221708d3aaf6f577275b5bba4310\",\"name\":\"Svein-Harald Strand\",\"image\":{\"@type\":\"ImageObject\",\"inLanguage\":\"nn-NO\",\"@id\":\"https:\\\/\\\/secure.gravatar.com\\\/avatar\\\/c487434bdf6cd7c12e4a88877ae4b12c38d22b7ad64292b49d33ed7503bb7ce1?s=96&d=mm&r=g\",\"url\":\"https:\\\/\\\/secure.gravatar.com\\\/avatar\\\/c487434bdf6cd7c12e4a88877ae4b12c38d22b7ad64292b49d33ed7503bb7ce1?s=96&d=mm&r=g\",\"contentUrl\":\"https:\\\/\\\/secure.gravatar.com\\\/avatar\\\/c487434bdf6cd7c12e4a88877ae4b12c38d22b7ad64292b49d33ed7503bb7ce1?s=96&d=mm&r=g\",\"caption\":\"Svein-Harald Strand\"},\"description\":\"(F. 26.12.1945) Redakt\u00f8r, journalist og informasjonsarbeider siden 1968. ||| I 1963: Redaksjonell praktikant i 8 m\u00e5neder p\u00e5 full tid i Helgeland Arbeiderblad i hjembyen Mosj\u00f8en. ||| Arbeidende pensjonist med hjemmekontor fra 2008 (AFP) og videre som folkepensjonist til n\u00e5.\",\"sameAs\":[\"https:\\\/\\\/lokalmagasinet.no\\\/\",\"https:\\\/\\\/www.facebook.com\\\/sveinharald.strand.1\",\"https:\\\/\\\/x.com\\\/LMExtra\"],\"url\":\"https:\\\/\\\/lokalmagasinet.no\\\/?author=6\"}]}<\/script>\n<!-- \/ Yoast SEO plugin. -->","yoast_head_json":{"title":"\u2013 Olje og dritt bare t\u00f8t opp | Lokalmagasinet.no","robots":{"index":"index","follow":"follow","max-snippet":"max-snippet:-1","max-image-preview":"max-image-preview:large","max-video-preview":"max-video-preview:-1"},"canonical":"https:\/\/lokalmagasinet.no\/?p=2098","og_locale":"nn_NO","og_type":"article","og_title":"\u2013 Olje og dritt bare t\u00f8t opp | Lokalmagasinet.no","og_description":"Fra anleggsstarten p\u00e5 Son Havn Nord i 2005. Personer med fotoutstyr ble voktet n\u00f8ye p\u00e5. Kroppsspr\u00e5ket til bistre anleggsledere fortalte at n\u00e6rmere enn dette skulle du helst ikke komme med ... Les mer\u2013 Olje og dritt bare t\u00f8t opp","og_url":"https:\/\/lokalmagasinet.no\/?p=2098","og_site_name":"Lokalmagasinet.no","article_publisher":"https:\/\/www.facebook.com\/sveinharald.strand.1","article_author":"https:\/\/www.facebook.com\/sveinharald.strand.1","article_published_time":"2022-11-17T17:13:36+00:00","article_modified_time":"2022-11-17T17:25:03+00:00","og_image":[{"url":"http:\/\/lokalmagasinet.no\/wp-content\/uploads\/2021\/03\/coopstartstor2.jpg","type":"","width":"","height":""}],"author":"Svein-Harald Strand","twitter_card":"summary_large_image","twitter_creator":"@LMExtra","twitter_site":"@LMExtra","twitter_misc":{"Written by":"Svein-Harald Strand","Est. reading time":"2 minutt"},"schema":{"@context":"https:\/\/schema.org","@graph":[{"@type":"Article","@id":"https:\/\/lokalmagasinet.no\/?p=2098#article","isPartOf":{"@id":"https:\/\/lokalmagasinet.no\/?p=2098"},"author":{"name":"Svein-Harald Strand","@id":"https:\/\/lokalmagasinet.no\/#\/schema\/person\/2e8d221708d3aaf6f577275b5bba4310"},"headline":"\u2013 Olje og dritt bare t\u00f8t opp","datePublished":"2022-11-17T17:13:36+00:00","dateModified":"2022-11-17T17:25:03+00:00","mainEntityOfPage":{"@id":"https:\/\/lokalmagasinet.no\/?p=2098"},"wordCount":372,"publisher":{"@id":"https:\/\/lokalmagasinet.no\/#organization"},"image":{"@id":"https:\/\/lokalmagasinet.no\/?p=2098#primaryimage"},"thumbnailUrl":"http:\/\/lokalmagasinet.no\/wp-content\/uploads\/2021\/03\/coopstartstor2.jpg","articleSection":["Havna","Presse","Samfunn og sikkerhet"],"inLanguage":"nn-NO"},{"@type":"WebPage","@id":"https:\/\/lokalmagasinet.no\/?p=2098","url":"https:\/\/lokalmagasinet.no\/?p=2098","name":"\u2013 Olje og dritt bare t\u00f8t opp | Lokalmagasinet.no","isPartOf":{"@id":"https:\/\/lokalmagasinet.no\/#website"},"primaryImageOfPage":{"@id":"https:\/\/lokalmagasinet.no\/?p=2098#primaryimage"},"image":{"@id":"https:\/\/lokalmagasinet.no\/?p=2098#primaryimage"},"thumbnailUrl":"http:\/\/lokalmagasinet.no\/wp-content\/uploads\/2021\/03\/coopstartstor2.jpg","datePublished":"2022-11-17T17:13:36+00:00","dateModified":"2022-11-17T17:25:03+00:00","breadcrumb":{"@id":"https:\/\/lokalmagasinet.no\/?p=2098#breadcrumb"},"inLanguage":"nn-NO","potentialAction":[{"@type":"ReadAction","target":["https:\/\/lokalmagasinet.no\/?p=2098"]}]},{"@type":"ImageObject","inLanguage":"nn-NO","@id":"https:\/\/lokalmagasinet.no\/?p=2098#primaryimage","url":"https:\/\/lokalmagasinet.no\/wp-content\/uploads\/2021\/03\/coopstartstor2.jpg","contentUrl":"https:\/\/lokalmagasinet.no\/wp-content\/uploads\/2021\/03\/coopstartstor2.jpg","width":480,"height":360},{"@type":"BreadcrumbList","@id":"https:\/\/lokalmagasinet.no\/?p=2098#breadcrumb","itemListElement":[{"@type":"ListItem","position":1,"name":"Hjem","item":"https:\/\/lokalmagasinet.no\/"},{"@type":"ListItem","position":2,"name":"\u2013 Olje og dritt bare t\u00f8t opp"}]},{"@type":"WebSite","@id":"https:\/\/lokalmagasinet.no\/#website","url":"https:\/\/lokalmagasinet.no\/","name":"Lokalmagasinet.no","description":"Fra fortid og n\u00e5tid. Med st\u00e5sted i det n\u00e6re. Siden 2002.","publisher":{"@id":"https:\/\/lokalmagasinet.no\/#organization"},"potentialAction":[{"@type":"SearchAction","target":{"@type":"EntryPoint","urlTemplate":"https:\/\/lokalmagasinet.no\/?s={search_term_string}"},"query-input":{"@type":"PropertyValueSpecification","valueRequired":true,"valueName":"search_term_string"}}],"inLanguage":"nn-NO"},{"@type":"Organization","@id":"https:\/\/lokalmagasinet.no\/#organization","name":"Lokalmagasinet.no","url":"https:\/\/lokalmagasinet.no\/","logo":{"@type":"ImageObject","inLanguage":"nn-NO","@id":"https:\/\/lokalmagasinet.no\/#\/schema\/logo\/image\/","url":"https:\/\/lokalmagasinet.no\/wp-content\/uploads\/2021\/03\/cropped-cropped-cropped-cropped-cropped-cropped-lmlogo-e1640691300821.jpg","contentUrl":"https:\/\/lokalmagasinet.no\/wp-content\/uploads\/2021\/03\/cropped-cropped-cropped-cropped-cropped-cropped-lmlogo-e1640691300821.jpg","width":72,"height":118,"caption":"Lokalmagasinet.no"},"image":{"@id":"https:\/\/lokalmagasinet.no\/#\/schema\/logo\/image\/"},"sameAs":["https:\/\/www.facebook.com\/sveinharald.strand.1","https:\/\/x.com\/LMExtra"]},{"@type":"Person","@id":"https:\/\/lokalmagasinet.no\/#\/schema\/person\/2e8d221708d3aaf6f577275b5bba4310","name":"Svein-Harald Strand","image":{"@type":"ImageObject","inLanguage":"nn-NO","@id":"https:\/\/secure.gravatar.com\/avatar\/c487434bdf6cd7c12e4a88877ae4b12c38d22b7ad64292b49d33ed7503bb7ce1?s=96&d=mm&r=g","url":"https:\/\/secure.gravatar.com\/avatar\/c487434bdf6cd7c12e4a88877ae4b12c38d22b7ad64292b49d33ed7503bb7ce1?s=96&d=mm&r=g","contentUrl":"https:\/\/secure.gravatar.com\/avatar\/c487434bdf6cd7c12e4a88877ae4b12c38d22b7ad64292b49d33ed7503bb7ce1?s=96&d=mm&r=g","caption":"Svein-Harald Strand"},"description":"(F. 26.12.1945) Redakt\u00f8r, journalist og informasjonsarbeider siden 1968. ||| I 1963: Redaksjonell praktikant i 8 m\u00e5neder p\u00e5 full tid i Helgeland Arbeiderblad i hjembyen Mosj\u00f8en. ||| Arbeidende pensjonist med hjemmekontor fra 2008 (AFP) og videre som folkepensjonist til n\u00e5.","sameAs":["https:\/\/lokalmagasinet.no\/","https:\/\/www.facebook.com\/sveinharald.strand.1","https:\/\/x.com\/LMExtra"],"url":"https:\/\/lokalmagasinet.no\/?author=6"}]}},"_links":{"self":[{"href":"https:\/\/lokalmagasinet.no\/index.php?rest_route=\/wp\/v2\/posts\/2098","targetHints":{"allow":["GET"]}}],"collection":[{"href":"https:\/\/lokalmagasinet.no\/index.php?rest_route=\/wp\/v2\/posts"}],"about":[{"href":"https:\/\/lokalmagasinet.no\/index.php?rest_route=\/wp\/v2\/types\/post"}],"author":[{"embeddable":true,"href":"https:\/\/lokalmagasinet.no\/index.php?rest_route=\/wp\/v2\/users\/6"}],"replies":[{"embeddable":true,"href":"https:\/\/lokalmagasinet.no\/index.php?rest_route=%2Fwp%2Fv2%2Fcomments&post=2098"}],"version-history":[{"count":24,"href":"https:\/\/lokalmagasinet.no\/index.php?rest_route=\/wp\/v2\/posts\/2098\/revisions"}],"predecessor-version":[{"id":13391,"href":"https:\/\/lokalmagasinet.no\/index.php?rest_route=\/wp\/v2\/posts\/2098\/revisions\/13391"}],"wp:attachment":[{"href":"https:\/\/lokalmagasinet.no\/index.php?rest_route=%2Fwp%2Fv2%2Fmedia&parent=2098"}],"wp:term":[{"taxonomy":"category","embeddable":true,"href":"https:\/\/lokalmagasinet.no\/index.php?rest_route=%2Fwp%2Fv2%2Fcategories&post=2098"},{"taxonomy":"post_tag","embeddable":true,"href":"https:\/\/lokalmagasinet.no\/index.php?rest_route=%2Fwp%2Fv2%2Ftags&post=2098"}],"curies":[{"name":"wp","href":"https:\/\/api.w.org\/{rel}","templated":true}]}}