{"id":21147,"date":"2024-01-10T10:30:45","date_gmt":"2024-01-10T09:30:45","guid":{"rendered":"https:\/\/lokalmagasinet.no\/?p=21147"},"modified":"2024-01-10T10:39:22","modified_gmt":"2024-01-10T09:39:22","slug":"stromkapellet-ble-utskjemt","status":"publish","type":"post","link":"https:\/\/lokalmagasinet.no\/?p=21147","title":{"rendered":"&laquo;Str\u00f8mkapellet&raquo; ble utskjemt"},"content":{"rendered":"<p><span style=\"font-family: Arial, serif;\"><span style=\"font-size: medium;\"><span class=\"i_skrift_stor\"><span class=\"i_skrift_normal\"><img loading=\"lazy\" decoding=\"async\" class=\"aligncenter\" src=\"https:\/\/web.archive.org\/web\/20140114075855im_\/http:\/\/www.lokalmagasinet.no\/ipub\/media\/trafoen\/trafoen0114_600h.jpg\" alt=\"\" width=\"350\" height=\"528\" align=\"left\" hspace=\"8\" vspace=\"8\" \/><br \/>\n<\/span><\/span><\/span><\/span><\/p>\n<p>&nbsp;<\/p>\n<p>&nbsp;<\/p>\n<p>&nbsp;<\/p>\n<p>&nbsp;<\/p>\n<p>&nbsp;<\/p>\n<p>&nbsp;<\/p>\n<p>&nbsp;<\/p>\n<p>&nbsp;<\/p>\n<p>&nbsp;<\/p>\n<p>&nbsp;<\/p>\n<p><span style=\"font-family: Arial, serif;\"><span style=\"font-size: medium;\"><span class=\"i_skrift_normal\"><span class=\"i_skrift_stor\">(Fra LM 11.01.14) (Republisert 10.01.24) <\/span><\/span><strong>En ny estetisk tankel\u00f8shet i Son indre bevaringsomr\u00e5de, som i fjor ble innlemmet i Riksantikvarens NB-liste: Tett inntil den karakteristiske og verne-verdige trafostasjonen nederst i Feierbakken har Vestby kommune satt opp en skjemmende lysstolpe. Hoderistende soninger har n\u00e5 f\u00e5tt f\u00f8lge av Soon og Omegns Vel.<br \/>\n<\/strong><\/span><\/span><\/p>\n<p><span style=\"font-family: Arial, serif;\"><span style=\"font-size: medium;\"><em>Klar melding fra vellet: <\/em><\/span><\/span><span style=\"font-family: Arial, serif;\"><span style=\"font-size: medium;\"><em><span class=\"i_skrift_stor\"><span class=\"i_skrift_normal\">\u2013 <\/span><\/span>Det forventes at kommunen fjerner stolpen og finner en teknisk l\u00f8sning som ikke oppleves som ei &laquo;padde&raquo; midt i Son.<\/em><\/span><\/span><\/p>\n<p><span style=\"font-family: Arial, serif;\"><span style=\"font-size: medium;\">\u2666 I en uttalelse fra styret, etter en brevveksling med Resultatomr\u00e5de Kommunalteknikk f\u00f8r nytt\u00e5r, legges det ikke veldig mye imellom:<br \/>\n<\/span><\/span><\/p>\n<p><span style=\"font-family: Arial, serif;\"><span style=\"font-size: medium;\"><strong><span class=\"i_skrift_stor\"><span class=\"i_skrift_normal\">\u2013 <\/span><\/span>Kommunen har i denne saken fullstendig sett bort fra viktige elementer som estetikk og historie. Kommunens begrunnelser tilsier ikke at en stygg trestolpe er eneste l\u00f8sningen p\u00e5 oppgaven, heter det blant annet. <\/strong><br \/>\n<\/span><\/span><\/p>\n<p align=\"center\"><span style=\"font-family: Arial, serif;\"><span style=\"font-size: medium;\"><img loading=\"lazy\" decoding=\"async\" src=\"https:\/\/web.archive.org\/web\/20140114075855im_\/http:\/\/www.lokalmagasinet.no\/ipub\/media\/trafoen\/trafoen0114_600b.jpg\" alt=\"\" width=\"600\" height=\"398\" align=\"middle\" \/><br \/>\n<\/span><\/span><\/p>\n<p><span style=\"font-family: Arial, serif;\"><span style=\"font-size: medium;\">\u2666 Her er hele brevet fra til kommunens resultatomr\u00e5de Kommunalteknikk, signert velleder Ivar Gudmundsen:<br \/>\n<\/span><\/span><\/p>\n<p align=\"center\"><strong><span style=\"font-family: Arial, serif;\"><span style=\"font-size: medium;\"><em>Ny stolpe ved transformatorstasjon i Son<\/em><\/span><\/span><\/strong><\/p>\n<p><span style=\"font-family: Arial, serif;\"><span style=\"font-size: medium;\">\u00a0\u00a0<em> Jeg viser til korrespondanse i slutten av desember mellom styremedlem i Soon og Omegns Vel, Knut Christian Hallan, og ingeni\u00f8r Thomas Meisfjord i resultatomr\u00e5de kommunalteknikk i Vestby. Saken gjelder som kjent en nylig oppsatt trestolpe ved siden av den verneverdige transformatorstasjonen i Feierbakken i Son.<\/em><\/span><\/span><\/p>\n<p><em><span style=\"font-family: Arial, serif;\"><span style=\"font-size: medium;\">\u00a0\u00a0 Saken ble behandlet i styrem\u00f8te i Soon og Omegns Vel 07.01.2014. Styret slutter seg til Hallans vurdering av saken. Det &laquo;g\u00e5r ikke an&raquo; <\/span><\/span><span style=\"font-family: Arial, serif;\"><span style=\"font-size: medium;\"><span class=\"i_skrift_stor\"><strong><span class=\"i_skrift_normal\">\u2013 <\/span><\/strong><\/span>eller for \u00e5 si det p\u00e5 en annen m\u00e5te: Det er sv\u00e6rt uheldig \u00e5 plassere en skjemmende trestolpe tett inntil transformatorstasjonen. Denne er antagelig oppf\u00f8rt i 1916 og er ett av de mest kjente og fotograferte landemerkene i Son. Den har p\u00e5 grunn av sin utforming f\u00e5tt tilnavnet &laquo;Str\u00f8mkapellet&raquo;.<br \/>\n<\/span><\/span><\/em><\/p>\n<p><em><span style=\"font-family: Arial, serif;\"><span style=\"font-size: medium;\">\u00a0\u00a0 Det siste \u00e5ret er det lagt mye arbeid i \u00e5 forbedre det fysiske milj\u00f8et, med nytt torg og milj\u00f8gate. Vi har forst\u00e5else for kommunens argumenter om \u00f8konomi, lyseffektivisering, lysstyrke og statlige p\u00e5legg. Men kommunen har i denne saken fullstendig sett bort fra estetikk og historie, som er viktige elementer i Sonsmilj\u00f8et. Kommunens begrunnelser tilsier ikke at en stygg trestolpe er eneste l\u00f8sningen p\u00e5 oppgaven.<\/span><\/span><\/em><\/p>\n<p><em><span style=\"font-family: Arial, serif;\"><span style=\"font-size: medium;\">\u00a0\u00a0 Soon og Omegns Vel venter at kommunen fjerner stolpen og finner en teknisk l\u00f8sning som ikke oppleves som ei &laquo;padde&raquo; midt i Son, n\u00e5r det for \u00f8vrig legges mye arbeid i \u00e5 forskj\u00f8nne Son sentrum.<\/span><\/span> <span style=\"font-family: Arial, serif;\"><span style=\"font-size: medium;\">Utformingen m\u00e5 sies \u00e5 stride mot bevaringsplanen for Son, der det forutsettes at nye elementer skal tilpasses det bevaringsverdige milj\u00f8et.<\/span><\/span><\/em><\/p>\n<p>Views: 422<\/p>","protected":false},"excerpt":{"rendered":"<p>&nbsp; &nbsp; &nbsp; &nbsp; &nbsp; &nbsp; &nbsp; &nbsp; &nbsp; &nbsp; (Fra LM 11.01.14) (Republisert 10.01.24) En ny estetisk tankel\u00f8shet i Son indre bevaringsomr\u00e5de, som i fjor ble innlemmet i Riksantikvarens &#8230; <\/p>\n<p class=\"read-more-container\"><a title=\"&laquo;Str\u00f8mkapellet&raquo; ble utskjemt\" class=\"read-more button\" href=\"https:\/\/lokalmagasinet.no\/?p=21147#more-21147\">Les mer<span class=\"screen-reader-text\">&laquo;Str\u00f8mkapellet&raquo; ble utskjemt<\/span><\/a><\/p>\n","protected":false},"author":6,"featured_media":0,"comment_status":"closed","ping_status":"closed","sticky":false,"template":"","format":"standard","meta":{"footnotes":""},"categories":[108,64,45],"tags":[],"class_list":["post-21147","post","type-post","status-publish","format-standard","hentry","category-arkivsaker","category-byggesak","category-son-sentrum"],"yoast_head":"<!-- This site is optimized with the Yoast SEO plugin v27.4 - https:\/\/yoast.com\/product\/yoast-seo-wordpress\/ -->\n<title>&quot;Str\u00f8mkapellet&quot; ble utskjemt | Lokalmagasinet.no<\/title>\n<meta name=\"robots\" content=\"index, follow, max-snippet:-1, max-image-preview:large, max-video-preview:-1\" \/>\n<link rel=\"canonical\" href=\"https:\/\/lokalmagasinet.no\/?p=21147\" \/>\n<meta property=\"og:locale\" content=\"nn_NO\" \/>\n<meta property=\"og:type\" content=\"article\" \/>\n<meta property=\"og:title\" content=\"&quot;Str\u00f8mkapellet&quot; ble utskjemt | Lokalmagasinet.no\" \/>\n<meta property=\"og:description\" content=\"&nbsp; &nbsp; &nbsp; &nbsp; &nbsp; &nbsp; &nbsp; &nbsp; &nbsp; &nbsp; (Fra LM 11.01.14) (Republisert 10.01.24) En ny estetisk tankel\u00f8shet i Son indre bevaringsomr\u00e5de, som i fjor ble innlemmet i Riksantikvarens ... Les mer&laquo;Str\u00f8mkapellet&raquo; ble utskjemt\" \/>\n<meta property=\"og:url\" content=\"https:\/\/lokalmagasinet.no\/?p=21147\" \/>\n<meta property=\"og:site_name\" content=\"Lokalmagasinet.no\" \/>\n<meta property=\"article:publisher\" content=\"https:\/\/www.facebook.com\/sveinharald.strand.1\" \/>\n<meta property=\"article:author\" content=\"https:\/\/www.facebook.com\/sveinharald.strand.1\" \/>\n<meta property=\"article:published_time\" content=\"2024-01-10T09:30:45+00:00\" \/>\n<meta property=\"article:modified_time\" content=\"2024-01-10T09:39:22+00:00\" \/>\n<meta property=\"og:image\" content=\"https:\/\/web.archive.org\/web\/20140114075855im_\/http:\/\/www.lokalmagasinet.no\/ipub\/media\/trafoen\/trafoen0114_600h.jpg\" \/>\n<meta name=\"author\" content=\"Svein-Harald Strand\" \/>\n<meta name=\"twitter:card\" content=\"summary_large_image\" \/>\n<meta name=\"twitter:creator\" content=\"@LMExtra\" \/>\n<meta name=\"twitter:site\" content=\"@LMExtra\" \/>\n<meta name=\"twitter:label1\" content=\"Written by\" \/>\n\t<meta name=\"twitter:data1\" content=\"Svein-Harald Strand\" \/>\n\t<meta name=\"twitter:label2\" content=\"Est. reading time\" \/>\n\t<meta name=\"twitter:data2\" content=\"2 minutt\" \/>\n<script type=\"application\/ld+json\" class=\"yoast-schema-graph\">{\"@context\":\"https:\\\/\\\/schema.org\",\"@graph\":[{\"@type\":\"Article\",\"@id\":\"https:\\\/\\\/lokalmagasinet.no\\\/?p=21147#article\",\"isPartOf\":{\"@id\":\"https:\\\/\\\/lokalmagasinet.no\\\/?p=21147\"},\"author\":{\"name\":\"Svein-Harald Strand\",\"@id\":\"https:\\\/\\\/lokalmagasinet.no\\\/#\\\/schema\\\/person\\\/2e8d221708d3aaf6f577275b5bba4310\"},\"headline\":\"&laquo;Str\u00f8mkapellet&raquo; ble utskjemt\",\"datePublished\":\"2024-01-10T09:30:45+00:00\",\"dateModified\":\"2024-01-10T09:39:22+00:00\",\"mainEntityOfPage\":{\"@id\":\"https:\\\/\\\/lokalmagasinet.no\\\/?p=21147\"},\"wordCount\":414,\"publisher\":{\"@id\":\"https:\\\/\\\/lokalmagasinet.no\\\/#organization\"},\"image\":{\"@id\":\"https:\\\/\\\/lokalmagasinet.no\\\/?p=21147#primaryimage\"},\"thumbnailUrl\":\"https:\\\/\\\/web.archive.org\\\/web\\\/20140114075855im_\\\/http:\\\/\\\/www.lokalmagasinet.no\\\/ipub\\\/media\\\/trafoen\\\/trafoen0114_600h.jpg\",\"articleSection\":[\"Arkivsaker\",\"Byggesak\",\"Son sentrum\"],\"inLanguage\":\"nn-NO\"},{\"@type\":\"WebPage\",\"@id\":\"https:\\\/\\\/lokalmagasinet.no\\\/?p=21147\",\"url\":\"https:\\\/\\\/lokalmagasinet.no\\\/?p=21147\",\"name\":\"\\\"Str\u00f8mkapellet\\\" ble utskjemt | Lokalmagasinet.no\",\"isPartOf\":{\"@id\":\"https:\\\/\\\/lokalmagasinet.no\\\/#website\"},\"primaryImageOfPage\":{\"@id\":\"https:\\\/\\\/lokalmagasinet.no\\\/?p=21147#primaryimage\"},\"image\":{\"@id\":\"https:\\\/\\\/lokalmagasinet.no\\\/?p=21147#primaryimage\"},\"thumbnailUrl\":\"https:\\\/\\\/web.archive.org\\\/web\\\/20140114075855im_\\\/http:\\\/\\\/www.lokalmagasinet.no\\\/ipub\\\/media\\\/trafoen\\\/trafoen0114_600h.jpg\",\"datePublished\":\"2024-01-10T09:30:45+00:00\",\"dateModified\":\"2024-01-10T09:39:22+00:00\",\"breadcrumb\":{\"@id\":\"https:\\\/\\\/lokalmagasinet.no\\\/?p=21147#breadcrumb\"},\"inLanguage\":\"nn-NO\",\"potentialAction\":[{\"@type\":\"ReadAction\",\"target\":[\"https:\\\/\\\/lokalmagasinet.no\\\/?p=21147\"]}]},{\"@type\":\"ImageObject\",\"inLanguage\":\"nn-NO\",\"@id\":\"https:\\\/\\\/lokalmagasinet.no\\\/?p=21147#primaryimage\",\"url\":\"https:\\\/\\\/web.archive.org\\\/web\\\/20140114075855im_\\\/http:\\\/\\\/www.lokalmagasinet.no\\\/ipub\\\/media\\\/trafoen\\\/trafoen0114_600h.jpg\",\"contentUrl\":\"https:\\\/\\\/web.archive.org\\\/web\\\/20140114075855im_\\\/http:\\\/\\\/www.lokalmagasinet.no\\\/ipub\\\/media\\\/trafoen\\\/trafoen0114_600h.jpg\"},{\"@type\":\"BreadcrumbList\",\"@id\":\"https:\\\/\\\/lokalmagasinet.no\\\/?p=21147#breadcrumb\",\"itemListElement\":[{\"@type\":\"ListItem\",\"position\":1,\"name\":\"Hjem\",\"item\":\"https:\\\/\\\/lokalmagasinet.no\\\/\"},{\"@type\":\"ListItem\",\"position\":2,\"name\":\"&#8220;Str\u00f8mkapellet&#8221; ble utskjemt\"}]},{\"@type\":\"WebSite\",\"@id\":\"https:\\\/\\\/lokalmagasinet.no\\\/#website\",\"url\":\"https:\\\/\\\/lokalmagasinet.no\\\/\",\"name\":\"Lokalmagasinet.no\",\"description\":\"Fra fortid og n\u00e5tid. Med st\u00e5sted i det n\u00e6re. Siden 2002.\",\"publisher\":{\"@id\":\"https:\\\/\\\/lokalmagasinet.no\\\/#organization\"},\"potentialAction\":[{\"@type\":\"SearchAction\",\"target\":{\"@type\":\"EntryPoint\",\"urlTemplate\":\"https:\\\/\\\/lokalmagasinet.no\\\/?s={search_term_string}\"},\"query-input\":{\"@type\":\"PropertyValueSpecification\",\"valueRequired\":true,\"valueName\":\"search_term_string\"}}],\"inLanguage\":\"nn-NO\"},{\"@type\":\"Organization\",\"@id\":\"https:\\\/\\\/lokalmagasinet.no\\\/#organization\",\"name\":\"Lokalmagasinet.no\",\"url\":\"https:\\\/\\\/lokalmagasinet.no\\\/\",\"logo\":{\"@type\":\"ImageObject\",\"inLanguage\":\"nn-NO\",\"@id\":\"https:\\\/\\\/lokalmagasinet.no\\\/#\\\/schema\\\/logo\\\/image\\\/\",\"url\":\"https:\\\/\\\/lokalmagasinet.no\\\/wp-content\\\/uploads\\\/2021\\\/03\\\/cropped-cropped-cropped-cropped-cropped-cropped-lmlogo-e1640691300821.jpg\",\"contentUrl\":\"https:\\\/\\\/lokalmagasinet.no\\\/wp-content\\\/uploads\\\/2021\\\/03\\\/cropped-cropped-cropped-cropped-cropped-cropped-lmlogo-e1640691300821.jpg\",\"width\":72,\"height\":118,\"caption\":\"Lokalmagasinet.no\"},\"image\":{\"@id\":\"https:\\\/\\\/lokalmagasinet.no\\\/#\\\/schema\\\/logo\\\/image\\\/\"},\"sameAs\":[\"https:\\\/\\\/www.facebook.com\\\/sveinharald.strand.1\",\"https:\\\/\\\/x.com\\\/LMExtra\"]},{\"@type\":\"Person\",\"@id\":\"https:\\\/\\\/lokalmagasinet.no\\\/#\\\/schema\\\/person\\\/2e8d221708d3aaf6f577275b5bba4310\",\"name\":\"Svein-Harald Strand\",\"image\":{\"@type\":\"ImageObject\",\"inLanguage\":\"nn-NO\",\"@id\":\"https:\\\/\\\/secure.gravatar.com\\\/avatar\\\/c487434bdf6cd7c12e4a88877ae4b12c38d22b7ad64292b49d33ed7503bb7ce1?s=96&d=mm&r=g\",\"url\":\"https:\\\/\\\/secure.gravatar.com\\\/avatar\\\/c487434bdf6cd7c12e4a88877ae4b12c38d22b7ad64292b49d33ed7503bb7ce1?s=96&d=mm&r=g\",\"contentUrl\":\"https:\\\/\\\/secure.gravatar.com\\\/avatar\\\/c487434bdf6cd7c12e4a88877ae4b12c38d22b7ad64292b49d33ed7503bb7ce1?s=96&d=mm&r=g\",\"caption\":\"Svein-Harald Strand\"},\"description\":\"(F. 26.12.1945) Redakt\u00f8r, journalist og informasjonsarbeider siden 1968. ||| I 1963: Redaksjonell praktikant i 8 m\u00e5neder p\u00e5 full tid i Helgeland Arbeiderblad i hjembyen Mosj\u00f8en. ||| Arbeidende pensjonist med hjemmekontor fra 2008 (AFP) og videre som folkepensjonist til n\u00e5.\",\"sameAs\":[\"https:\\\/\\\/lokalmagasinet.no\\\/\",\"https:\\\/\\\/www.facebook.com\\\/sveinharald.strand.1\",\"https:\\\/\\\/x.com\\\/LMExtra\"],\"url\":\"https:\\\/\\\/lokalmagasinet.no\\\/?author=6\"}]}<\/script>\n<!-- \/ Yoast SEO plugin. -->","yoast_head_json":{"title":"\"Str\u00f8mkapellet\" ble utskjemt | Lokalmagasinet.no","robots":{"index":"index","follow":"follow","max-snippet":"max-snippet:-1","max-image-preview":"max-image-preview:large","max-video-preview":"max-video-preview:-1"},"canonical":"https:\/\/lokalmagasinet.no\/?p=21147","og_locale":"nn_NO","og_type":"article","og_title":"\"Str\u00f8mkapellet\" ble utskjemt | Lokalmagasinet.no","og_description":"&nbsp; &nbsp; &nbsp; &nbsp; &nbsp; &nbsp; &nbsp; &nbsp; &nbsp; &nbsp; (Fra LM 11.01.14) (Republisert 10.01.24) En ny estetisk tankel\u00f8shet i Son indre bevaringsomr\u00e5de, som i fjor ble innlemmet i Riksantikvarens ... Les mer&laquo;Str\u00f8mkapellet&raquo; ble utskjemt","og_url":"https:\/\/lokalmagasinet.no\/?p=21147","og_site_name":"Lokalmagasinet.no","article_publisher":"https:\/\/www.facebook.com\/sveinharald.strand.1","article_author":"https:\/\/www.facebook.com\/sveinharald.strand.1","article_published_time":"2024-01-10T09:30:45+00:00","article_modified_time":"2024-01-10T09:39:22+00:00","og_image":[{"url":"https:\/\/web.archive.org\/web\/20140114075855im_\/http:\/\/www.lokalmagasinet.no\/ipub\/media\/trafoen\/trafoen0114_600h.jpg","type":"","width":"","height":""}],"author":"Svein-Harald Strand","twitter_card":"summary_large_image","twitter_creator":"@LMExtra","twitter_site":"@LMExtra","twitter_misc":{"Written by":"Svein-Harald Strand","Est. reading time":"2 minutt"},"schema":{"@context":"https:\/\/schema.org","@graph":[{"@type":"Article","@id":"https:\/\/lokalmagasinet.no\/?p=21147#article","isPartOf":{"@id":"https:\/\/lokalmagasinet.no\/?p=21147"},"author":{"name":"Svein-Harald Strand","@id":"https:\/\/lokalmagasinet.no\/#\/schema\/person\/2e8d221708d3aaf6f577275b5bba4310"},"headline":"&laquo;Str\u00f8mkapellet&raquo; ble utskjemt","datePublished":"2024-01-10T09:30:45+00:00","dateModified":"2024-01-10T09:39:22+00:00","mainEntityOfPage":{"@id":"https:\/\/lokalmagasinet.no\/?p=21147"},"wordCount":414,"publisher":{"@id":"https:\/\/lokalmagasinet.no\/#organization"},"image":{"@id":"https:\/\/lokalmagasinet.no\/?p=21147#primaryimage"},"thumbnailUrl":"https:\/\/web.archive.org\/web\/20140114075855im_\/http:\/\/www.lokalmagasinet.no\/ipub\/media\/trafoen\/trafoen0114_600h.jpg","articleSection":["Arkivsaker","Byggesak","Son sentrum"],"inLanguage":"nn-NO"},{"@type":"WebPage","@id":"https:\/\/lokalmagasinet.no\/?p=21147","url":"https:\/\/lokalmagasinet.no\/?p=21147","name":"\"Str\u00f8mkapellet\" ble utskjemt | Lokalmagasinet.no","isPartOf":{"@id":"https:\/\/lokalmagasinet.no\/#website"},"primaryImageOfPage":{"@id":"https:\/\/lokalmagasinet.no\/?p=21147#primaryimage"},"image":{"@id":"https:\/\/lokalmagasinet.no\/?p=21147#primaryimage"},"thumbnailUrl":"https:\/\/web.archive.org\/web\/20140114075855im_\/http:\/\/www.lokalmagasinet.no\/ipub\/media\/trafoen\/trafoen0114_600h.jpg","datePublished":"2024-01-10T09:30:45+00:00","dateModified":"2024-01-10T09:39:22+00:00","breadcrumb":{"@id":"https:\/\/lokalmagasinet.no\/?p=21147#breadcrumb"},"inLanguage":"nn-NO","potentialAction":[{"@type":"ReadAction","target":["https:\/\/lokalmagasinet.no\/?p=21147"]}]},{"@type":"ImageObject","inLanguage":"nn-NO","@id":"https:\/\/lokalmagasinet.no\/?p=21147#primaryimage","url":"https:\/\/web.archive.org\/web\/20140114075855im_\/http:\/\/www.lokalmagasinet.no\/ipub\/media\/trafoen\/trafoen0114_600h.jpg","contentUrl":"https:\/\/web.archive.org\/web\/20140114075855im_\/http:\/\/www.lokalmagasinet.no\/ipub\/media\/trafoen\/trafoen0114_600h.jpg"},{"@type":"BreadcrumbList","@id":"https:\/\/lokalmagasinet.no\/?p=21147#breadcrumb","itemListElement":[{"@type":"ListItem","position":1,"name":"Hjem","item":"https:\/\/lokalmagasinet.no\/"},{"@type":"ListItem","position":2,"name":"&#8220;Str\u00f8mkapellet&#8221; ble utskjemt"}]},{"@type":"WebSite","@id":"https:\/\/lokalmagasinet.no\/#website","url":"https:\/\/lokalmagasinet.no\/","name":"Lokalmagasinet.no","description":"Fra fortid og n\u00e5tid. Med st\u00e5sted i det n\u00e6re. Siden 2002.","publisher":{"@id":"https:\/\/lokalmagasinet.no\/#organization"},"potentialAction":[{"@type":"SearchAction","target":{"@type":"EntryPoint","urlTemplate":"https:\/\/lokalmagasinet.no\/?s={search_term_string}"},"query-input":{"@type":"PropertyValueSpecification","valueRequired":true,"valueName":"search_term_string"}}],"inLanguage":"nn-NO"},{"@type":"Organization","@id":"https:\/\/lokalmagasinet.no\/#organization","name":"Lokalmagasinet.no","url":"https:\/\/lokalmagasinet.no\/","logo":{"@type":"ImageObject","inLanguage":"nn-NO","@id":"https:\/\/lokalmagasinet.no\/#\/schema\/logo\/image\/","url":"https:\/\/lokalmagasinet.no\/wp-content\/uploads\/2021\/03\/cropped-cropped-cropped-cropped-cropped-cropped-lmlogo-e1640691300821.jpg","contentUrl":"https:\/\/lokalmagasinet.no\/wp-content\/uploads\/2021\/03\/cropped-cropped-cropped-cropped-cropped-cropped-lmlogo-e1640691300821.jpg","width":72,"height":118,"caption":"Lokalmagasinet.no"},"image":{"@id":"https:\/\/lokalmagasinet.no\/#\/schema\/logo\/image\/"},"sameAs":["https:\/\/www.facebook.com\/sveinharald.strand.1","https:\/\/x.com\/LMExtra"]},{"@type":"Person","@id":"https:\/\/lokalmagasinet.no\/#\/schema\/person\/2e8d221708d3aaf6f577275b5bba4310","name":"Svein-Harald Strand","image":{"@type":"ImageObject","inLanguage":"nn-NO","@id":"https:\/\/secure.gravatar.com\/avatar\/c487434bdf6cd7c12e4a88877ae4b12c38d22b7ad64292b49d33ed7503bb7ce1?s=96&d=mm&r=g","url":"https:\/\/secure.gravatar.com\/avatar\/c487434bdf6cd7c12e4a88877ae4b12c38d22b7ad64292b49d33ed7503bb7ce1?s=96&d=mm&r=g","contentUrl":"https:\/\/secure.gravatar.com\/avatar\/c487434bdf6cd7c12e4a88877ae4b12c38d22b7ad64292b49d33ed7503bb7ce1?s=96&d=mm&r=g","caption":"Svein-Harald Strand"},"description":"(F. 26.12.1945) Redakt\u00f8r, journalist og informasjonsarbeider siden 1968. ||| I 1963: Redaksjonell praktikant i 8 m\u00e5neder p\u00e5 full tid i Helgeland Arbeiderblad i hjembyen Mosj\u00f8en. ||| Arbeidende pensjonist med hjemmekontor fra 2008 (AFP) og videre som folkepensjonist til n\u00e5.","sameAs":["https:\/\/lokalmagasinet.no\/","https:\/\/www.facebook.com\/sveinharald.strand.1","https:\/\/x.com\/LMExtra"],"url":"https:\/\/lokalmagasinet.no\/?author=6"}]}},"_links":{"self":[{"href":"https:\/\/lokalmagasinet.no\/index.php?rest_route=\/wp\/v2\/posts\/21147","targetHints":{"allow":["GET"]}}],"collection":[{"href":"https:\/\/lokalmagasinet.no\/index.php?rest_route=\/wp\/v2\/posts"}],"about":[{"href":"https:\/\/lokalmagasinet.no\/index.php?rest_route=\/wp\/v2\/types\/post"}],"author":[{"embeddable":true,"href":"https:\/\/lokalmagasinet.no\/index.php?rest_route=\/wp\/v2\/users\/6"}],"replies":[{"embeddable":true,"href":"https:\/\/lokalmagasinet.no\/index.php?rest_route=%2Fwp%2Fv2%2Fcomments&post=21147"}],"version-history":[{"count":12,"href":"https:\/\/lokalmagasinet.no\/index.php?rest_route=\/wp\/v2\/posts\/21147\/revisions"}],"predecessor-version":[{"id":21160,"href":"https:\/\/lokalmagasinet.no\/index.php?rest_route=\/wp\/v2\/posts\/21147\/revisions\/21160"}],"wp:attachment":[{"href":"https:\/\/lokalmagasinet.no\/index.php?rest_route=%2Fwp%2Fv2%2Fmedia&parent=21147"}],"wp:term":[{"taxonomy":"category","embeddable":true,"href":"https:\/\/lokalmagasinet.no\/index.php?rest_route=%2Fwp%2Fv2%2Fcategories&post=21147"},{"taxonomy":"post_tag","embeddable":true,"href":"https:\/\/lokalmagasinet.no\/index.php?rest_route=%2Fwp%2Fv2%2Ftags&post=21147"}],"curies":[{"name":"wp","href":"https:\/\/api.w.org\/{rel}","templated":true}]}}