{"id":21342,"date":"2025-01-15T01:03:22","date_gmt":"2025-01-15T00:03:22","guid":{"rendered":"https:\/\/lokalmagasinet.no\/?p=21342"},"modified":"2025-01-15T01:04:50","modified_gmt":"2025-01-15T00:04:50","slug":"hele-saken-besynderlig","status":"publish","type":"post","link":"https:\/\/lokalmagasinet.no\/?p=21342","title":{"rendered":"&#8211; Hele saken besynderlig"},"content":{"rendered":"<div align=\"center\"><img loading=\"lazy\" decoding=\"async\" src=\"https:\/\/web.archive.org\/web\/20140209234421im_\/http:\/\/www.lokalmagasinet.no\/ipub\/media\/gangvei_skoleplataaet\/plataasti_sept_500.jpg\" alt=\"\" width=\"500\" height=\"332\" align=\"middle\" \/><\/div>\n<div align=\"left\"><\/div>\n<div align=\"left\"><\/div>\n<div align=\"left\"><em>Foto fra 15. september. Siden da er avgrensningen mot Backes private areal t.v. fullf\u00f8rt med beplantning hele veien.<\/em> <span class=\"i_skrift_mini\">LM-foto: Svein-H. Strand <\/span><\/div>\n<div align=\"left\"><span class=\"i_skrift_mini\">\u00a0<\/span><\/div>\n<div align=\"left\">\n<p>(Fra LM 26.10.12) (Republisert 20.01.24 og 15.01.25) <span class=\"i_skrift_stor\"><strong>Etter onsdagens oppslag i LM om Otto B. Backes gangvei forbi tidligere Son skole, har vi mottatt nedenst\u00e5ende kommentar fra Ivar Gudmundsen. Gudmundsen er leder i Soon og Omegns Vel, som enn\u00e5 ikke har behandlet denne saken, og til daglig bygnings- og reguleringssjef i \u00c5s kommune.<\/strong><\/span><\/p>\n<p>\u2013 Jeg registerer at b\u00e5de Vestby kommune og eieren av tidligere Son skole innser at det er s\u00f8knadsplikt og krav til nabovarsling i forbindelse med tiltak som er i strid med gjeldende reguleringsplan. Dette burde ha v\u00e6rt innlysende, i hvert fall for Vestby kommune.<\/p>\n<p><span class=\"i_skrift_stor\">Det er bra at noen n\u00e5 har tatt til vettet og fulgt norsk lov, selv om det er i seneste laget.<\/span><\/p>\n<p><strong>Hele saken med salget av Son skole uten omregulering er i det hele tatt besynderlig. <\/strong><\/p>\n<p><span class=\"i_skrift_stor\">Ikke minst er det besynderlig at kommunen behandler de andre byggesakene p\u00e5 denne viktige og sentrale eiendommen som dispensasjoner fra gjeldende reguleringsplan.<\/span><\/p>\n<p><strong>Vestby kommune m\u00e5 v\u00e6re alene i landet om en slik h\u00e5ndtering av bygge- og plansaker, en h\u00e5ndtering som etter mitt syn m\u00e5 ligge utenfor plan- og bygningslovens rammer, og alts\u00e5 ulovlig. <\/strong><\/p>\n<p><span class=\"i_skrift_stor\">Vestby kommune b\u00f8r kunne opplyse om hvilken hjemmel man har til slike unntak fra loven.<\/span><\/p>\n<div align=\"center\"><span class=\"i_skrift_stor\"> 25.10.12<\/span><br \/>\n<span class=\"i_skrift_stor\"><strong> Ivar Gudmundsen<\/strong><\/span><\/div>\n<\/div>\n<p>Views: 99<\/p>","protected":false},"excerpt":{"rendered":"<p>Foto fra 15. september. Siden da er avgrensningen mot Backes private areal t.v. fullf\u00f8rt med beplantning hele veien. LM-foto: Svein-H. Strand \u00a0 (Fra LM 26.10.12) (Republisert 20.01.24 og 15.01.25) Etter &#8230; <\/p>\n<p class=\"read-more-container\"><a title=\"&#8211; Hele saken besynderlig\" class=\"read-more button\" href=\"https:\/\/lokalmagasinet.no\/?p=21342#more-21342\">Les mer<span class=\"screen-reader-text\">&#8211; Hele saken besynderlig<\/span><\/a><\/p>\n","protected":false},"author":6,"featured_media":0,"comment_status":"closed","ping_status":"closed","sticky":false,"template":"","format":"standard","meta":{"footnotes":""},"categories":[34,45],"tags":[],"class_list":["post-21342","post","type-post","status-publish","format-standard","hentry","category-debatt","category-son-sentrum"],"yoast_head":"<!-- This site is optimized with the Yoast SEO plugin v27.4 - https:\/\/yoast.com\/product\/yoast-seo-wordpress\/ -->\n<title>- Hele saken besynderlig | Lokalmagasinet.no<\/title>\n<meta name=\"robots\" content=\"index, follow, max-snippet:-1, max-image-preview:large, max-video-preview:-1\" \/>\n<link rel=\"canonical\" href=\"https:\/\/lokalmagasinet.no\/?p=21342\" \/>\n<meta property=\"og:locale\" content=\"nn_NO\" \/>\n<meta property=\"og:type\" content=\"article\" \/>\n<meta property=\"og:title\" content=\"- Hele saken besynderlig | Lokalmagasinet.no\" \/>\n<meta property=\"og:description\" content=\"Foto fra 15. september. Siden da er avgrensningen mot Backes private areal t.v. fullf\u00f8rt med beplantning hele veien. LM-foto: Svein-H. Strand \u00a0 (Fra LM 26.10.12) (Republisert 20.01.24 og 15.01.25) Etter ... Les mer&#8211; Hele saken besynderlig\" \/>\n<meta property=\"og:url\" content=\"https:\/\/lokalmagasinet.no\/?p=21342\" \/>\n<meta property=\"og:site_name\" content=\"Lokalmagasinet.no\" \/>\n<meta property=\"article:publisher\" content=\"https:\/\/www.facebook.com\/sveinharald.strand.1\" \/>\n<meta property=\"article:author\" content=\"https:\/\/www.facebook.com\/sveinharald.strand.1\" \/>\n<meta property=\"article:published_time\" content=\"2025-01-15T00:03:22+00:00\" \/>\n<meta property=\"article:modified_time\" content=\"2025-01-15T00:04:50+00:00\" \/>\n<meta property=\"og:image\" content=\"https:\/\/web.archive.org\/web\/20140209234421im_\/http:\/\/www.lokalmagasinet.no\/ipub\/media\/gangvei_skoleplataaet\/plataasti_sept_500.jpg\" \/>\n<meta name=\"author\" content=\"Svein-Harald Strand\" \/>\n<meta name=\"twitter:card\" content=\"summary_large_image\" \/>\n<meta name=\"twitter:creator\" content=\"@LMExtra\" \/>\n<meta name=\"twitter:site\" content=\"@LMExtra\" \/>\n<meta name=\"twitter:label1\" content=\"Written by\" \/>\n\t<meta name=\"twitter:data1\" content=\"Svein-Harald Strand\" \/>\n\t<meta name=\"twitter:label2\" content=\"Est. reading time\" \/>\n\t<meta name=\"twitter:data2\" content=\"1 minutt\" \/>\n<script type=\"application\/ld+json\" class=\"yoast-schema-graph\">{\"@context\":\"https:\\\/\\\/schema.org\",\"@graph\":[{\"@type\":\"Article\",\"@id\":\"https:\\\/\\\/lokalmagasinet.no\\\/?p=21342#article\",\"isPartOf\":{\"@id\":\"https:\\\/\\\/lokalmagasinet.no\\\/?p=21342\"},\"author\":{\"name\":\"Svein-Harald Strand\",\"@id\":\"https:\\\/\\\/lokalmagasinet.no\\\/#\\\/schema\\\/person\\\/2e8d221708d3aaf6f577275b5bba4310\"},\"headline\":\"&#8211; Hele saken besynderlig\",\"datePublished\":\"2025-01-15T00:03:22+00:00\",\"dateModified\":\"2025-01-15T00:04:50+00:00\",\"mainEntityOfPage\":{\"@id\":\"https:\\\/\\\/lokalmagasinet.no\\\/?p=21342\"},\"wordCount\":232,\"publisher\":{\"@id\":\"https:\\\/\\\/lokalmagasinet.no\\\/#organization\"},\"image\":{\"@id\":\"https:\\\/\\\/lokalmagasinet.no\\\/?p=21342#primaryimage\"},\"thumbnailUrl\":\"https:\\\/\\\/web.archive.org\\\/web\\\/20140209234421im_\\\/http:\\\/\\\/www.lokalmagasinet.no\\\/ipub\\\/media\\\/gangvei_skoleplataaet\\\/plataasti_sept_500.jpg\",\"articleSection\":[\"Debatt\",\"Son sentrum\"],\"inLanguage\":\"nn-NO\"},{\"@type\":\"WebPage\",\"@id\":\"https:\\\/\\\/lokalmagasinet.no\\\/?p=21342\",\"url\":\"https:\\\/\\\/lokalmagasinet.no\\\/?p=21342\",\"name\":\"- Hele saken besynderlig | Lokalmagasinet.no\",\"isPartOf\":{\"@id\":\"https:\\\/\\\/lokalmagasinet.no\\\/#website\"},\"primaryImageOfPage\":{\"@id\":\"https:\\\/\\\/lokalmagasinet.no\\\/?p=21342#primaryimage\"},\"image\":{\"@id\":\"https:\\\/\\\/lokalmagasinet.no\\\/?p=21342#primaryimage\"},\"thumbnailUrl\":\"https:\\\/\\\/web.archive.org\\\/web\\\/20140209234421im_\\\/http:\\\/\\\/www.lokalmagasinet.no\\\/ipub\\\/media\\\/gangvei_skoleplataaet\\\/plataasti_sept_500.jpg\",\"datePublished\":\"2025-01-15T00:03:22+00:00\",\"dateModified\":\"2025-01-15T00:04:50+00:00\",\"breadcrumb\":{\"@id\":\"https:\\\/\\\/lokalmagasinet.no\\\/?p=21342#breadcrumb\"},\"inLanguage\":\"nn-NO\",\"potentialAction\":[{\"@type\":\"ReadAction\",\"target\":[\"https:\\\/\\\/lokalmagasinet.no\\\/?p=21342\"]}]},{\"@type\":\"ImageObject\",\"inLanguage\":\"nn-NO\",\"@id\":\"https:\\\/\\\/lokalmagasinet.no\\\/?p=21342#primaryimage\",\"url\":\"https:\\\/\\\/web.archive.org\\\/web\\\/20140209234421im_\\\/http:\\\/\\\/www.lokalmagasinet.no\\\/ipub\\\/media\\\/gangvei_skoleplataaet\\\/plataasti_sept_500.jpg\",\"contentUrl\":\"https:\\\/\\\/web.archive.org\\\/web\\\/20140209234421im_\\\/http:\\\/\\\/www.lokalmagasinet.no\\\/ipub\\\/media\\\/gangvei_skoleplataaet\\\/plataasti_sept_500.jpg\"},{\"@type\":\"BreadcrumbList\",\"@id\":\"https:\\\/\\\/lokalmagasinet.no\\\/?p=21342#breadcrumb\",\"itemListElement\":[{\"@type\":\"ListItem\",\"position\":1,\"name\":\"Hjem\",\"item\":\"https:\\\/\\\/lokalmagasinet.no\\\/\"},{\"@type\":\"ListItem\",\"position\":2,\"name\":\"&#8211; Hele saken besynderlig\"}]},{\"@type\":\"WebSite\",\"@id\":\"https:\\\/\\\/lokalmagasinet.no\\\/#website\",\"url\":\"https:\\\/\\\/lokalmagasinet.no\\\/\",\"name\":\"Lokalmagasinet.no\",\"description\":\"Fra fortid og n\u00e5tid. Med st\u00e5sted i det n\u00e6re. Siden 2002.\",\"publisher\":{\"@id\":\"https:\\\/\\\/lokalmagasinet.no\\\/#organization\"},\"potentialAction\":[{\"@type\":\"SearchAction\",\"target\":{\"@type\":\"EntryPoint\",\"urlTemplate\":\"https:\\\/\\\/lokalmagasinet.no\\\/?s={search_term_string}\"},\"query-input\":{\"@type\":\"PropertyValueSpecification\",\"valueRequired\":true,\"valueName\":\"search_term_string\"}}],\"inLanguage\":\"nn-NO\"},{\"@type\":\"Organization\",\"@id\":\"https:\\\/\\\/lokalmagasinet.no\\\/#organization\",\"name\":\"Lokalmagasinet.no\",\"url\":\"https:\\\/\\\/lokalmagasinet.no\\\/\",\"logo\":{\"@type\":\"ImageObject\",\"inLanguage\":\"nn-NO\",\"@id\":\"https:\\\/\\\/lokalmagasinet.no\\\/#\\\/schema\\\/logo\\\/image\\\/\",\"url\":\"https:\\\/\\\/lokalmagasinet.no\\\/wp-content\\\/uploads\\\/2021\\\/03\\\/cropped-cropped-cropped-cropped-cropped-cropped-lmlogo-e1640691300821.jpg\",\"contentUrl\":\"https:\\\/\\\/lokalmagasinet.no\\\/wp-content\\\/uploads\\\/2021\\\/03\\\/cropped-cropped-cropped-cropped-cropped-cropped-lmlogo-e1640691300821.jpg\",\"width\":72,\"height\":118,\"caption\":\"Lokalmagasinet.no\"},\"image\":{\"@id\":\"https:\\\/\\\/lokalmagasinet.no\\\/#\\\/schema\\\/logo\\\/image\\\/\"},\"sameAs\":[\"https:\\\/\\\/www.facebook.com\\\/sveinharald.strand.1\",\"https:\\\/\\\/x.com\\\/LMExtra\"]},{\"@type\":\"Person\",\"@id\":\"https:\\\/\\\/lokalmagasinet.no\\\/#\\\/schema\\\/person\\\/2e8d221708d3aaf6f577275b5bba4310\",\"name\":\"Svein-Harald Strand\",\"image\":{\"@type\":\"ImageObject\",\"inLanguage\":\"nn-NO\",\"@id\":\"https:\\\/\\\/secure.gravatar.com\\\/avatar\\\/c487434bdf6cd7c12e4a88877ae4b12c38d22b7ad64292b49d33ed7503bb7ce1?s=96&d=mm&r=g\",\"url\":\"https:\\\/\\\/secure.gravatar.com\\\/avatar\\\/c487434bdf6cd7c12e4a88877ae4b12c38d22b7ad64292b49d33ed7503bb7ce1?s=96&d=mm&r=g\",\"contentUrl\":\"https:\\\/\\\/secure.gravatar.com\\\/avatar\\\/c487434bdf6cd7c12e4a88877ae4b12c38d22b7ad64292b49d33ed7503bb7ce1?s=96&d=mm&r=g\",\"caption\":\"Svein-Harald Strand\"},\"description\":\"(F. 26.12.1945) Redakt\u00f8r, journalist og informasjonsarbeider siden 1968. ||| I 1963: Redaksjonell praktikant i 8 m\u00e5neder p\u00e5 full tid i Helgeland Arbeiderblad i hjembyen Mosj\u00f8en. ||| Arbeidende pensjonist med hjemmekontor fra 2008 (AFP) og videre som folkepensjonist til n\u00e5.\",\"sameAs\":[\"https:\\\/\\\/lokalmagasinet.no\\\/\",\"https:\\\/\\\/www.facebook.com\\\/sveinharald.strand.1\",\"https:\\\/\\\/x.com\\\/LMExtra\"],\"url\":\"https:\\\/\\\/lokalmagasinet.no\\\/?author=6\"}]}<\/script>\n<!-- \/ Yoast SEO plugin. -->","yoast_head_json":{"title":"- Hele saken besynderlig | Lokalmagasinet.no","robots":{"index":"index","follow":"follow","max-snippet":"max-snippet:-1","max-image-preview":"max-image-preview:large","max-video-preview":"max-video-preview:-1"},"canonical":"https:\/\/lokalmagasinet.no\/?p=21342","og_locale":"nn_NO","og_type":"article","og_title":"- Hele saken besynderlig | Lokalmagasinet.no","og_description":"Foto fra 15. september. Siden da er avgrensningen mot Backes private areal t.v. fullf\u00f8rt med beplantning hele veien. LM-foto: Svein-H. Strand \u00a0 (Fra LM 26.10.12) (Republisert 20.01.24 og 15.01.25) Etter ... Les mer&#8211; Hele saken besynderlig","og_url":"https:\/\/lokalmagasinet.no\/?p=21342","og_site_name":"Lokalmagasinet.no","article_publisher":"https:\/\/www.facebook.com\/sveinharald.strand.1","article_author":"https:\/\/www.facebook.com\/sveinharald.strand.1","article_published_time":"2025-01-15T00:03:22+00:00","article_modified_time":"2025-01-15T00:04:50+00:00","og_image":[{"url":"https:\/\/web.archive.org\/web\/20140209234421im_\/http:\/\/www.lokalmagasinet.no\/ipub\/media\/gangvei_skoleplataaet\/plataasti_sept_500.jpg","type":"","width":"","height":""}],"author":"Svein-Harald Strand","twitter_card":"summary_large_image","twitter_creator":"@LMExtra","twitter_site":"@LMExtra","twitter_misc":{"Written by":"Svein-Harald Strand","Est. reading time":"1 minutt"},"schema":{"@context":"https:\/\/schema.org","@graph":[{"@type":"Article","@id":"https:\/\/lokalmagasinet.no\/?p=21342#article","isPartOf":{"@id":"https:\/\/lokalmagasinet.no\/?p=21342"},"author":{"name":"Svein-Harald Strand","@id":"https:\/\/lokalmagasinet.no\/#\/schema\/person\/2e8d221708d3aaf6f577275b5bba4310"},"headline":"&#8211; Hele saken besynderlig","datePublished":"2025-01-15T00:03:22+00:00","dateModified":"2025-01-15T00:04:50+00:00","mainEntityOfPage":{"@id":"https:\/\/lokalmagasinet.no\/?p=21342"},"wordCount":232,"publisher":{"@id":"https:\/\/lokalmagasinet.no\/#organization"},"image":{"@id":"https:\/\/lokalmagasinet.no\/?p=21342#primaryimage"},"thumbnailUrl":"https:\/\/web.archive.org\/web\/20140209234421im_\/http:\/\/www.lokalmagasinet.no\/ipub\/media\/gangvei_skoleplataaet\/plataasti_sept_500.jpg","articleSection":["Debatt","Son sentrum"],"inLanguage":"nn-NO"},{"@type":"WebPage","@id":"https:\/\/lokalmagasinet.no\/?p=21342","url":"https:\/\/lokalmagasinet.no\/?p=21342","name":"- Hele saken besynderlig | Lokalmagasinet.no","isPartOf":{"@id":"https:\/\/lokalmagasinet.no\/#website"},"primaryImageOfPage":{"@id":"https:\/\/lokalmagasinet.no\/?p=21342#primaryimage"},"image":{"@id":"https:\/\/lokalmagasinet.no\/?p=21342#primaryimage"},"thumbnailUrl":"https:\/\/web.archive.org\/web\/20140209234421im_\/http:\/\/www.lokalmagasinet.no\/ipub\/media\/gangvei_skoleplataaet\/plataasti_sept_500.jpg","datePublished":"2025-01-15T00:03:22+00:00","dateModified":"2025-01-15T00:04:50+00:00","breadcrumb":{"@id":"https:\/\/lokalmagasinet.no\/?p=21342#breadcrumb"},"inLanguage":"nn-NO","potentialAction":[{"@type":"ReadAction","target":["https:\/\/lokalmagasinet.no\/?p=21342"]}]},{"@type":"ImageObject","inLanguage":"nn-NO","@id":"https:\/\/lokalmagasinet.no\/?p=21342#primaryimage","url":"https:\/\/web.archive.org\/web\/20140209234421im_\/http:\/\/www.lokalmagasinet.no\/ipub\/media\/gangvei_skoleplataaet\/plataasti_sept_500.jpg","contentUrl":"https:\/\/web.archive.org\/web\/20140209234421im_\/http:\/\/www.lokalmagasinet.no\/ipub\/media\/gangvei_skoleplataaet\/plataasti_sept_500.jpg"},{"@type":"BreadcrumbList","@id":"https:\/\/lokalmagasinet.no\/?p=21342#breadcrumb","itemListElement":[{"@type":"ListItem","position":1,"name":"Hjem","item":"https:\/\/lokalmagasinet.no\/"},{"@type":"ListItem","position":2,"name":"&#8211; Hele saken besynderlig"}]},{"@type":"WebSite","@id":"https:\/\/lokalmagasinet.no\/#website","url":"https:\/\/lokalmagasinet.no\/","name":"Lokalmagasinet.no","description":"Fra fortid og n\u00e5tid. Med st\u00e5sted i det n\u00e6re. Siden 2002.","publisher":{"@id":"https:\/\/lokalmagasinet.no\/#organization"},"potentialAction":[{"@type":"SearchAction","target":{"@type":"EntryPoint","urlTemplate":"https:\/\/lokalmagasinet.no\/?s={search_term_string}"},"query-input":{"@type":"PropertyValueSpecification","valueRequired":true,"valueName":"search_term_string"}}],"inLanguage":"nn-NO"},{"@type":"Organization","@id":"https:\/\/lokalmagasinet.no\/#organization","name":"Lokalmagasinet.no","url":"https:\/\/lokalmagasinet.no\/","logo":{"@type":"ImageObject","inLanguage":"nn-NO","@id":"https:\/\/lokalmagasinet.no\/#\/schema\/logo\/image\/","url":"https:\/\/lokalmagasinet.no\/wp-content\/uploads\/2021\/03\/cropped-cropped-cropped-cropped-cropped-cropped-lmlogo-e1640691300821.jpg","contentUrl":"https:\/\/lokalmagasinet.no\/wp-content\/uploads\/2021\/03\/cropped-cropped-cropped-cropped-cropped-cropped-lmlogo-e1640691300821.jpg","width":72,"height":118,"caption":"Lokalmagasinet.no"},"image":{"@id":"https:\/\/lokalmagasinet.no\/#\/schema\/logo\/image\/"},"sameAs":["https:\/\/www.facebook.com\/sveinharald.strand.1","https:\/\/x.com\/LMExtra"]},{"@type":"Person","@id":"https:\/\/lokalmagasinet.no\/#\/schema\/person\/2e8d221708d3aaf6f577275b5bba4310","name":"Svein-Harald Strand","image":{"@type":"ImageObject","inLanguage":"nn-NO","@id":"https:\/\/secure.gravatar.com\/avatar\/c487434bdf6cd7c12e4a88877ae4b12c38d22b7ad64292b49d33ed7503bb7ce1?s=96&d=mm&r=g","url":"https:\/\/secure.gravatar.com\/avatar\/c487434bdf6cd7c12e4a88877ae4b12c38d22b7ad64292b49d33ed7503bb7ce1?s=96&d=mm&r=g","contentUrl":"https:\/\/secure.gravatar.com\/avatar\/c487434bdf6cd7c12e4a88877ae4b12c38d22b7ad64292b49d33ed7503bb7ce1?s=96&d=mm&r=g","caption":"Svein-Harald Strand"},"description":"(F. 26.12.1945) Redakt\u00f8r, journalist og informasjonsarbeider siden 1968. ||| I 1963: Redaksjonell praktikant i 8 m\u00e5neder p\u00e5 full tid i Helgeland Arbeiderblad i hjembyen Mosj\u00f8en. ||| Arbeidende pensjonist med hjemmekontor fra 2008 (AFP) og videre som folkepensjonist til n\u00e5.","sameAs":["https:\/\/lokalmagasinet.no\/","https:\/\/www.facebook.com\/sveinharald.strand.1","https:\/\/x.com\/LMExtra"],"url":"https:\/\/lokalmagasinet.no\/?author=6"}]}},"_links":{"self":[{"href":"https:\/\/lokalmagasinet.no\/index.php?rest_route=\/wp\/v2\/posts\/21342","targetHints":{"allow":["GET"]}}],"collection":[{"href":"https:\/\/lokalmagasinet.no\/index.php?rest_route=\/wp\/v2\/posts"}],"about":[{"href":"https:\/\/lokalmagasinet.no\/index.php?rest_route=\/wp\/v2\/types\/post"}],"author":[{"embeddable":true,"href":"https:\/\/lokalmagasinet.no\/index.php?rest_route=\/wp\/v2\/users\/6"}],"replies":[{"embeddable":true,"href":"https:\/\/lokalmagasinet.no\/index.php?rest_route=%2Fwp%2Fv2%2Fcomments&post=21342"}],"version-history":[{"count":5,"href":"https:\/\/lokalmagasinet.no\/index.php?rest_route=\/wp\/v2\/posts\/21342\/revisions"}],"predecessor-version":[{"id":25383,"href":"https:\/\/lokalmagasinet.no\/index.php?rest_route=\/wp\/v2\/posts\/21342\/revisions\/25383"}],"wp:attachment":[{"href":"https:\/\/lokalmagasinet.no\/index.php?rest_route=%2Fwp%2Fv2%2Fmedia&parent=21342"}],"wp:term":[{"taxonomy":"category","embeddable":true,"href":"https:\/\/lokalmagasinet.no\/index.php?rest_route=%2Fwp%2Fv2%2Fcategories&post=21342"},{"taxonomy":"post_tag","embeddable":true,"href":"https:\/\/lokalmagasinet.no\/index.php?rest_route=%2Fwp%2Fv2%2Ftags&post=21342"}],"curies":[{"name":"wp","href":"https:\/\/api.w.org\/{rel}","templated":true}]}}