{"id":21362,"date":"2024-01-21T23:24:01","date_gmt":"2024-01-21T22:24:01","guid":{"rendered":"https:\/\/lokalmagasinet.no\/?p=21362"},"modified":"2024-01-21T23:24:01","modified_gmt":"2024-01-21T22:24:01","slug":"westby-wisconsin-som-vennskapskommune","status":"publish","type":"post","link":"https:\/\/lokalmagasinet.no\/?p=21362","title":{"rendered":"Westby, Wisconsin, som vennskapskommune?"},"content":{"rendered":"<p><img loading=\"lazy\" decoding=\"async\" class=\"size-full wp-image-1874 alignleft\" src=\"https:\/\/lokalmagasinet.no\/wp-content\/uploads\/2021\/03\/journalism1_200-e1651420362191.jpg\" alt=\"\" width=\"100\" height=\"122\" \/>(Publisert 21.01.24)<strong> I gamle Vestby Avis hadde vi de aller siste \u00e5rene som selvstendig avis hyggelig kontakt med en annen n\u00e6ravis: Ukentlig utgivelse, som oss. P\u00e5 torsdager, som oss. Og p\u00e5 toppen av det hele &#8211; sannelig ble den utgitt i en liten by i staten Wisconsin som heter Westby! Avisa: <em>Westby Times.<\/em><br \/>\n<\/strong><\/p>\n<p>Det ble etter hvert snakk om\u00a0 vi kunne komme &laquo;over there&raquo; for \u00e5 lage en reportasje. <em>&#8211; You will be very well taken care of<\/em>, som det hette i et brev. Ingen som helst grunn til \u00e5 tvile p\u00e5 det. Bakgrunnen var at en gruppe bondekvinner &#8211; tror jeg det var &#8211; fra Vestby nylig hadde v\u00e6rt der og hatt det veldig gildt.<\/p>\n<p>Tiltaket med vennskapskommuner og vennskapsbyer var forlengst etablert, og Vestby hadde f\u00e5tt vennskapskommune i Sverige og Danmark. Enn om vi fikk en ogs\u00e5 i USA &#8211; Westby, Wisconsin?<\/p>\n<p>Tror jeg kom s\u00e5 langt som \u00e5 poste dette som et forslag til det dav\u00e6rende kulturstyret. Noe vedtak ble vel aldri fattet. Men forslaget ble i alle fall omtalt i \u00d8stlandets Blad p\u00e5 Ski.<\/p>\n<p><strong>Tiden og \u00e5rene g\u00e5r, men tanken om en vennskaps-kommune i noe av det norskeste &laquo;over there&raquo; m\u00e5 da v\u00e6re brukbar ogs\u00e5 i 2024?<\/strong><\/p>\n<p><strong>Red.<\/strong><\/p>\n<table border=\"0\" width=\"597\" cellspacing=\"0\" cellpadding=\"0\">\n<tbody>\n<tr>\n<td colspan=\"6\" align=\"left\" valign=\"top\" width=\"460\" height=\"879\">\n<div align=\"left\">\n<p>Her er hva jeg fant om Westby etter \u00e5 ha klikket p\u00e5 en lenke fra LM i 2003:<\/p>\n<p><span style=\"font-family: Arial, Helvetica, sans-serif; font-size: small;\">Westby is located in the rolling hills of the north-central part of Vernon County on a ridge between the Mississippi River\u2019s Coulee Region and the Kickapoo River Valley at the intersection of HWY 14-61 &amp; 27.<\/span><\/p>\n<p><span style=\"font-family: Arial, Helvetica, sans-serif; font-size: small;\"> This area was populated with the Sac, Fox, and especially the Winnebago tribes. However, the Winnebago population started to decrease in this area after the Black Hawk War of 1832 in western Vernon County. On November 1, 1837, the Winnebago ceded all land east of the Mississippi to the United States.<\/span><\/p>\n<p><span style=\"font-family: Arial, Helvetica, sans-serif; font-size: small;\"><strong> Norwegian immigrants settled in the area in 1848. In 1867, Ole T. Westby built a general store here. Ole also served the Union in the Civil War. When the Chicago, Milwaukee and St. Paul Railroad completed its line from Sparta to Viroqua, it made Westby a station, and named it after Ole T. Westby.<\/strong> <\/span><\/p>\n<p><span style=\"font-family: Arial, Helvetica, sans-serif; font-size: small;\">The village was incorporated in 1896, and became a city in 1920. The current population of Westby is still mostly Norwegian. In fact, no nation, except Ireland, has provided the United States with as many immigrants in proportion to its population as Norway.<\/span><\/p>\n<p><span style=\"font-family: Arial, Helvetica, sans-serif; font-size: small;\"> Today, Westby is a city for all seasons, the area offers over 200 miles of terrific trout streams as well as other recreational activities, including hiking, biking, golfing, canoeing, snowmobiling, cross-county skiing, hunting and ice fishing.<\/span><\/p>\n<p><span style=\"font-family: Arial, Helvetica, sans-serif; font-size: small;\"> You\u2019ll enjoy attending area auctions to hunt for antiques and bargains every weekend from Spring to Fall.<\/span><\/p>\n<p><span style=\"font-family: Arial, Helvetica, sans-serif; font-size: small;\"> Come visit the largest Amish settlement in Wisconsin. Take a scenic bike or caradventure or and escorted tour off Hwy 27, east on County P and then turn north on County D (No Sunday sales or pictures, please.)<\/span><\/p>\n<p><span style=\"font-family: Arial, Helvetica, sans-serif; font-size: small;\"> <span style=\"color: #ff0000;\">Area historical attrations include:<\/span> <\/span><\/p>\n<p><span style=\"color: #ff0000; font-family: Arial, Helvetica, sans-serif; font-size: small;\">Country Coon-Prairie Church &amp; Cemetery<\/span><span style=\"font-family: Arial, Helvetica, sans-serif; font-size: small;\"><br \/>\nThis church was the First Lutheran Church in Western, Wisconsin. The present twin tower brick church was built in 1909. In 1986 it was placed on the National Registerof Historical Places. For tours, please call 608-634-4101 for more information or tours.<\/span><\/p>\n<h4 style=\"text-align: left;\"><span style=\"font-family: Arial, Helvetica, sans-serif; font-size: small;\"><strong> <span style=\"color: #ff0000;\">Norskedalen<\/span><\/strong><br \/>\n<\/span><\/h4>\n<p style=\"text-align: left;\"><span style=\"font-family: Arial, Helvetica, sans-serif; font-size: small;\">Norskedalen Nature and Heritage Center is a 400 acre facility complete with amodern visitors center which houses: museum, library, gift shop, meetingfacilities, hiking trails, pioneer farmstead open for guided tours, arboretum, and shelter house. This nonprofit corporation is located in a wooded setting in Poplar Coulee, three miles north of Coon Valley, on County Road PI. <\/span><\/p>\n<p><strong><span style=\"font-family: Arial, Helvetica, sans-serif; font-size: small;\">Norskedalen holds many seasonal cultural events and provides educational programming in numerous regional schools. We have an \u201cAlways On a Sunday\u201d program at 2 p.m. Norskedalen is open year-round with seasonal hours of operation.<\/span><\/strong><\/p>\n<p><span style=\"font-family: Arial, Helvetica, sans-serif; font-size: small;\"> Norskedalen also owns and operates the Skumsrud Heritage Farm located 1\/2 mile west of Coon Valley on HWY 14-61. This is an open air museum with eleven historic buildings in view, including the 1853 Skumsrud cabin which is on theNational Register of Historic Places. <\/span><\/p>\n<p><span style=\"font-family: Arial, Helvetica, sans-serif; font-size: small;\">This facility is open daily Memorial Day weekend through Labor Day. It is also the location of events, and scheduled classes in ethnic and pioneer crafts, such as woodcarving, rosemaling, knitting,<br \/>\netc.<\/span><\/p>\n<p><span style=\"font-family: Arial, Helvetica, sans-serif; font-size: small;\"> Groups of all ages welcome. We recommend groups of 10 or more, make reservations for the group rates and adequate staffing. <\/span><span style=\"font-family: Arial, Helvetica, sans-serif; font-size: small;\">For more information, please call 608-452-3424.<\/span><\/p>\n<\/div>\n<\/td>\n<\/tr>\n<\/tbody>\n<\/table>\n<p>&nbsp;<\/p>\n<p>Views: 142<\/p>","protected":false},"excerpt":{"rendered":"<p>(Publisert 21.01.24) I gamle Vestby Avis hadde vi de aller siste \u00e5rene som selvstendig avis hyggelig kontakt med en annen n\u00e6ravis: Ukentlig utgivelse, som oss. P\u00e5 torsdager, som oss. Og &#8230; <\/p>\n<p class=\"read-more-container\"><a title=\"Westby, Wisconsin, som vennskapskommune?\" class=\"read-more button\" href=\"https:\/\/lokalmagasinet.no\/?p=21362#more-21362\">Les mer<span class=\"screen-reader-text\">Westby, Wisconsin, som vennskapskommune?<\/span><\/a><\/p>\n","protected":false},"author":6,"featured_media":0,"comment_status":"closed","ping_status":"closed","sticky":false,"template":"","format":"standard","meta":{"footnotes":""},"categories":[35,38],"tags":[],"class_list":["post-21362","post","type-post","status-publish","format-standard","hentry","category-minner","category-presse"],"yoast_head":"<!-- This site is optimized with the Yoast SEO plugin v27.4 - https:\/\/yoast.com\/product\/yoast-seo-wordpress\/ -->\n<title>Westby, Wisconsin, som vennskapskommune? | Lokalmagasinet.no<\/title>\n<meta name=\"robots\" content=\"index, follow, max-snippet:-1, max-image-preview:large, max-video-preview:-1\" \/>\n<link rel=\"canonical\" href=\"https:\/\/lokalmagasinet.no\/?p=21362\" \/>\n<meta property=\"og:locale\" content=\"nn_NO\" \/>\n<meta property=\"og:type\" content=\"article\" \/>\n<meta property=\"og:title\" content=\"Westby, Wisconsin, som vennskapskommune? | Lokalmagasinet.no\" \/>\n<meta property=\"og:description\" content=\"(Publisert 21.01.24) I gamle Vestby Avis hadde vi de aller siste \u00e5rene som selvstendig avis hyggelig kontakt med en annen n\u00e6ravis: Ukentlig utgivelse, som oss. P\u00e5 torsdager, som oss. Og ... Les merWestby, Wisconsin, som vennskapskommune?\" \/>\n<meta property=\"og:url\" content=\"https:\/\/lokalmagasinet.no\/?p=21362\" \/>\n<meta property=\"og:site_name\" content=\"Lokalmagasinet.no\" \/>\n<meta property=\"article:publisher\" content=\"https:\/\/www.facebook.com\/sveinharald.strand.1\" \/>\n<meta property=\"article:author\" content=\"https:\/\/www.facebook.com\/sveinharald.strand.1\" \/>\n<meta property=\"article:published_time\" content=\"2024-01-21T22:24:01+00:00\" \/>\n<meta property=\"og:image\" content=\"https:\/\/lokalmagasinet.no\/wp-content\/uploads\/2021\/03\/journalism1_200-e1651420362191.jpg\" \/>\n<meta name=\"author\" content=\"Svein-Harald Strand\" \/>\n<meta name=\"twitter:card\" content=\"summary_large_image\" \/>\n<meta name=\"twitter:creator\" content=\"@LMExtra\" \/>\n<meta name=\"twitter:site\" content=\"@LMExtra\" \/>\n<meta name=\"twitter:label1\" content=\"Written by\" \/>\n\t<meta name=\"twitter:data1\" content=\"Svein-Harald Strand\" \/>\n\t<meta name=\"twitter:label2\" content=\"Est. reading time\" \/>\n\t<meta name=\"twitter:data2\" content=\"4 minutt\" \/>\n<script type=\"application\/ld+json\" class=\"yoast-schema-graph\">{\"@context\":\"https:\\\/\\\/schema.org\",\"@graph\":[{\"@type\":\"Article\",\"@id\":\"https:\\\/\\\/lokalmagasinet.no\\\/?p=21362#article\",\"isPartOf\":{\"@id\":\"https:\\\/\\\/lokalmagasinet.no\\\/?p=21362\"},\"author\":{\"name\":\"Svein-Harald Strand\",\"@id\":\"https:\\\/\\\/lokalmagasinet.no\\\/#\\\/schema\\\/person\\\/2e8d221708d3aaf6f577275b5bba4310\"},\"headline\":\"Westby, Wisconsin, som vennskapskommune?\",\"datePublished\":\"2024-01-21T22:24:01+00:00\",\"mainEntityOfPage\":{\"@id\":\"https:\\\/\\\/lokalmagasinet.no\\\/?p=21362\"},\"wordCount\":731,\"publisher\":{\"@id\":\"https:\\\/\\\/lokalmagasinet.no\\\/#organization\"},\"image\":{\"@id\":\"https:\\\/\\\/lokalmagasinet.no\\\/?p=21362#primaryimage\"},\"thumbnailUrl\":\"https:\\\/\\\/lokalmagasinet.no\\\/wp-content\\\/uploads\\\/2021\\\/03\\\/journalism1_200-e1651420362191.jpg\",\"articleSection\":[\"Minner\",\"Presse\"],\"inLanguage\":\"nn-NO\"},{\"@type\":\"WebPage\",\"@id\":\"https:\\\/\\\/lokalmagasinet.no\\\/?p=21362\",\"url\":\"https:\\\/\\\/lokalmagasinet.no\\\/?p=21362\",\"name\":\"Westby, Wisconsin, som vennskapskommune? | Lokalmagasinet.no\",\"isPartOf\":{\"@id\":\"https:\\\/\\\/lokalmagasinet.no\\\/#website\"},\"primaryImageOfPage\":{\"@id\":\"https:\\\/\\\/lokalmagasinet.no\\\/?p=21362#primaryimage\"},\"image\":{\"@id\":\"https:\\\/\\\/lokalmagasinet.no\\\/?p=21362#primaryimage\"},\"thumbnailUrl\":\"https:\\\/\\\/lokalmagasinet.no\\\/wp-content\\\/uploads\\\/2021\\\/03\\\/journalism1_200-e1651420362191.jpg\",\"datePublished\":\"2024-01-21T22:24:01+00:00\",\"breadcrumb\":{\"@id\":\"https:\\\/\\\/lokalmagasinet.no\\\/?p=21362#breadcrumb\"},\"inLanguage\":\"nn-NO\",\"potentialAction\":[{\"@type\":\"ReadAction\",\"target\":[\"https:\\\/\\\/lokalmagasinet.no\\\/?p=21362\"]}]},{\"@type\":\"ImageObject\",\"inLanguage\":\"nn-NO\",\"@id\":\"https:\\\/\\\/lokalmagasinet.no\\\/?p=21362#primaryimage\",\"url\":\"https:\\\/\\\/lokalmagasinet.no\\\/wp-content\\\/uploads\\\/2021\\\/03\\\/journalism1_200-e1651420362191.jpg\",\"contentUrl\":\"https:\\\/\\\/lokalmagasinet.no\\\/wp-content\\\/uploads\\\/2021\\\/03\\\/journalism1_200-e1651420362191.jpg\",\"width\":100,\"height\":122},{\"@type\":\"BreadcrumbList\",\"@id\":\"https:\\\/\\\/lokalmagasinet.no\\\/?p=21362#breadcrumb\",\"itemListElement\":[{\"@type\":\"ListItem\",\"position\":1,\"name\":\"Hjem\",\"item\":\"https:\\\/\\\/lokalmagasinet.no\\\/\"},{\"@type\":\"ListItem\",\"position\":2,\"name\":\"Westby, Wisconsin, som vennskapskommune?\"}]},{\"@type\":\"WebSite\",\"@id\":\"https:\\\/\\\/lokalmagasinet.no\\\/#website\",\"url\":\"https:\\\/\\\/lokalmagasinet.no\\\/\",\"name\":\"Lokalmagasinet.no\",\"description\":\"Fra fortid og n\u00e5tid. Med st\u00e5sted i det n\u00e6re. Siden 2002.\",\"publisher\":{\"@id\":\"https:\\\/\\\/lokalmagasinet.no\\\/#organization\"},\"potentialAction\":[{\"@type\":\"SearchAction\",\"target\":{\"@type\":\"EntryPoint\",\"urlTemplate\":\"https:\\\/\\\/lokalmagasinet.no\\\/?s={search_term_string}\"},\"query-input\":{\"@type\":\"PropertyValueSpecification\",\"valueRequired\":true,\"valueName\":\"search_term_string\"}}],\"inLanguage\":\"nn-NO\"},{\"@type\":\"Organization\",\"@id\":\"https:\\\/\\\/lokalmagasinet.no\\\/#organization\",\"name\":\"Lokalmagasinet.no\",\"url\":\"https:\\\/\\\/lokalmagasinet.no\\\/\",\"logo\":{\"@type\":\"ImageObject\",\"inLanguage\":\"nn-NO\",\"@id\":\"https:\\\/\\\/lokalmagasinet.no\\\/#\\\/schema\\\/logo\\\/image\\\/\",\"url\":\"https:\\\/\\\/lokalmagasinet.no\\\/wp-content\\\/uploads\\\/2021\\\/03\\\/cropped-cropped-cropped-cropped-cropped-cropped-lmlogo-e1640691300821.jpg\",\"contentUrl\":\"https:\\\/\\\/lokalmagasinet.no\\\/wp-content\\\/uploads\\\/2021\\\/03\\\/cropped-cropped-cropped-cropped-cropped-cropped-lmlogo-e1640691300821.jpg\",\"width\":72,\"height\":118,\"caption\":\"Lokalmagasinet.no\"},\"image\":{\"@id\":\"https:\\\/\\\/lokalmagasinet.no\\\/#\\\/schema\\\/logo\\\/image\\\/\"},\"sameAs\":[\"https:\\\/\\\/www.facebook.com\\\/sveinharald.strand.1\",\"https:\\\/\\\/x.com\\\/LMExtra\"]},{\"@type\":\"Person\",\"@id\":\"https:\\\/\\\/lokalmagasinet.no\\\/#\\\/schema\\\/person\\\/2e8d221708d3aaf6f577275b5bba4310\",\"name\":\"Svein-Harald Strand\",\"image\":{\"@type\":\"ImageObject\",\"inLanguage\":\"nn-NO\",\"@id\":\"https:\\\/\\\/secure.gravatar.com\\\/avatar\\\/c487434bdf6cd7c12e4a88877ae4b12c38d22b7ad64292b49d33ed7503bb7ce1?s=96&d=mm&r=g\",\"url\":\"https:\\\/\\\/secure.gravatar.com\\\/avatar\\\/c487434bdf6cd7c12e4a88877ae4b12c38d22b7ad64292b49d33ed7503bb7ce1?s=96&d=mm&r=g\",\"contentUrl\":\"https:\\\/\\\/secure.gravatar.com\\\/avatar\\\/c487434bdf6cd7c12e4a88877ae4b12c38d22b7ad64292b49d33ed7503bb7ce1?s=96&d=mm&r=g\",\"caption\":\"Svein-Harald Strand\"},\"description\":\"(F. 26.12.1945) Redakt\u00f8r, journalist og informasjonsarbeider siden 1968. ||| I 1963: Redaksjonell praktikant i 8 m\u00e5neder p\u00e5 full tid i Helgeland Arbeiderblad i hjembyen Mosj\u00f8en. ||| Arbeidende pensjonist med hjemmekontor fra 2008 (AFP) og videre som folkepensjonist til n\u00e5.\",\"sameAs\":[\"https:\\\/\\\/lokalmagasinet.no\\\/\",\"https:\\\/\\\/www.facebook.com\\\/sveinharald.strand.1\",\"https:\\\/\\\/x.com\\\/LMExtra\"],\"url\":\"https:\\\/\\\/lokalmagasinet.no\\\/?author=6\"}]}<\/script>\n<!-- \/ Yoast SEO plugin. -->","yoast_head_json":{"title":"Westby, Wisconsin, som vennskapskommune? | Lokalmagasinet.no","robots":{"index":"index","follow":"follow","max-snippet":"max-snippet:-1","max-image-preview":"max-image-preview:large","max-video-preview":"max-video-preview:-1"},"canonical":"https:\/\/lokalmagasinet.no\/?p=21362","og_locale":"nn_NO","og_type":"article","og_title":"Westby, Wisconsin, som vennskapskommune? | Lokalmagasinet.no","og_description":"(Publisert 21.01.24) I gamle Vestby Avis hadde vi de aller siste \u00e5rene som selvstendig avis hyggelig kontakt med en annen n\u00e6ravis: Ukentlig utgivelse, som oss. P\u00e5 torsdager, som oss. Og ... Les merWestby, Wisconsin, som vennskapskommune?","og_url":"https:\/\/lokalmagasinet.no\/?p=21362","og_site_name":"Lokalmagasinet.no","article_publisher":"https:\/\/www.facebook.com\/sveinharald.strand.1","article_author":"https:\/\/www.facebook.com\/sveinharald.strand.1","article_published_time":"2024-01-21T22:24:01+00:00","og_image":[{"url":"https:\/\/lokalmagasinet.no\/wp-content\/uploads\/2021\/03\/journalism1_200-e1651420362191.jpg","type":"","width":"","height":""}],"author":"Svein-Harald Strand","twitter_card":"summary_large_image","twitter_creator":"@LMExtra","twitter_site":"@LMExtra","twitter_misc":{"Written by":"Svein-Harald Strand","Est. reading time":"4 minutt"},"schema":{"@context":"https:\/\/schema.org","@graph":[{"@type":"Article","@id":"https:\/\/lokalmagasinet.no\/?p=21362#article","isPartOf":{"@id":"https:\/\/lokalmagasinet.no\/?p=21362"},"author":{"name":"Svein-Harald Strand","@id":"https:\/\/lokalmagasinet.no\/#\/schema\/person\/2e8d221708d3aaf6f577275b5bba4310"},"headline":"Westby, Wisconsin, som vennskapskommune?","datePublished":"2024-01-21T22:24:01+00:00","mainEntityOfPage":{"@id":"https:\/\/lokalmagasinet.no\/?p=21362"},"wordCount":731,"publisher":{"@id":"https:\/\/lokalmagasinet.no\/#organization"},"image":{"@id":"https:\/\/lokalmagasinet.no\/?p=21362#primaryimage"},"thumbnailUrl":"https:\/\/lokalmagasinet.no\/wp-content\/uploads\/2021\/03\/journalism1_200-e1651420362191.jpg","articleSection":["Minner","Presse"],"inLanguage":"nn-NO"},{"@type":"WebPage","@id":"https:\/\/lokalmagasinet.no\/?p=21362","url":"https:\/\/lokalmagasinet.no\/?p=21362","name":"Westby, Wisconsin, som vennskapskommune? | Lokalmagasinet.no","isPartOf":{"@id":"https:\/\/lokalmagasinet.no\/#website"},"primaryImageOfPage":{"@id":"https:\/\/lokalmagasinet.no\/?p=21362#primaryimage"},"image":{"@id":"https:\/\/lokalmagasinet.no\/?p=21362#primaryimage"},"thumbnailUrl":"https:\/\/lokalmagasinet.no\/wp-content\/uploads\/2021\/03\/journalism1_200-e1651420362191.jpg","datePublished":"2024-01-21T22:24:01+00:00","breadcrumb":{"@id":"https:\/\/lokalmagasinet.no\/?p=21362#breadcrumb"},"inLanguage":"nn-NO","potentialAction":[{"@type":"ReadAction","target":["https:\/\/lokalmagasinet.no\/?p=21362"]}]},{"@type":"ImageObject","inLanguage":"nn-NO","@id":"https:\/\/lokalmagasinet.no\/?p=21362#primaryimage","url":"https:\/\/lokalmagasinet.no\/wp-content\/uploads\/2021\/03\/journalism1_200-e1651420362191.jpg","contentUrl":"https:\/\/lokalmagasinet.no\/wp-content\/uploads\/2021\/03\/journalism1_200-e1651420362191.jpg","width":100,"height":122},{"@type":"BreadcrumbList","@id":"https:\/\/lokalmagasinet.no\/?p=21362#breadcrumb","itemListElement":[{"@type":"ListItem","position":1,"name":"Hjem","item":"https:\/\/lokalmagasinet.no\/"},{"@type":"ListItem","position":2,"name":"Westby, Wisconsin, som vennskapskommune?"}]},{"@type":"WebSite","@id":"https:\/\/lokalmagasinet.no\/#website","url":"https:\/\/lokalmagasinet.no\/","name":"Lokalmagasinet.no","description":"Fra fortid og n\u00e5tid. Med st\u00e5sted i det n\u00e6re. Siden 2002.","publisher":{"@id":"https:\/\/lokalmagasinet.no\/#organization"},"potentialAction":[{"@type":"SearchAction","target":{"@type":"EntryPoint","urlTemplate":"https:\/\/lokalmagasinet.no\/?s={search_term_string}"},"query-input":{"@type":"PropertyValueSpecification","valueRequired":true,"valueName":"search_term_string"}}],"inLanguage":"nn-NO"},{"@type":"Organization","@id":"https:\/\/lokalmagasinet.no\/#organization","name":"Lokalmagasinet.no","url":"https:\/\/lokalmagasinet.no\/","logo":{"@type":"ImageObject","inLanguage":"nn-NO","@id":"https:\/\/lokalmagasinet.no\/#\/schema\/logo\/image\/","url":"https:\/\/lokalmagasinet.no\/wp-content\/uploads\/2021\/03\/cropped-cropped-cropped-cropped-cropped-cropped-lmlogo-e1640691300821.jpg","contentUrl":"https:\/\/lokalmagasinet.no\/wp-content\/uploads\/2021\/03\/cropped-cropped-cropped-cropped-cropped-cropped-lmlogo-e1640691300821.jpg","width":72,"height":118,"caption":"Lokalmagasinet.no"},"image":{"@id":"https:\/\/lokalmagasinet.no\/#\/schema\/logo\/image\/"},"sameAs":["https:\/\/www.facebook.com\/sveinharald.strand.1","https:\/\/x.com\/LMExtra"]},{"@type":"Person","@id":"https:\/\/lokalmagasinet.no\/#\/schema\/person\/2e8d221708d3aaf6f577275b5bba4310","name":"Svein-Harald Strand","image":{"@type":"ImageObject","inLanguage":"nn-NO","@id":"https:\/\/secure.gravatar.com\/avatar\/c487434bdf6cd7c12e4a88877ae4b12c38d22b7ad64292b49d33ed7503bb7ce1?s=96&d=mm&r=g","url":"https:\/\/secure.gravatar.com\/avatar\/c487434bdf6cd7c12e4a88877ae4b12c38d22b7ad64292b49d33ed7503bb7ce1?s=96&d=mm&r=g","contentUrl":"https:\/\/secure.gravatar.com\/avatar\/c487434bdf6cd7c12e4a88877ae4b12c38d22b7ad64292b49d33ed7503bb7ce1?s=96&d=mm&r=g","caption":"Svein-Harald Strand"},"description":"(F. 26.12.1945) Redakt\u00f8r, journalist og informasjonsarbeider siden 1968. ||| I 1963: Redaksjonell praktikant i 8 m\u00e5neder p\u00e5 full tid i Helgeland Arbeiderblad i hjembyen Mosj\u00f8en. ||| Arbeidende pensjonist med hjemmekontor fra 2008 (AFP) og videre som folkepensjonist til n\u00e5.","sameAs":["https:\/\/lokalmagasinet.no\/","https:\/\/www.facebook.com\/sveinharald.strand.1","https:\/\/x.com\/LMExtra"],"url":"https:\/\/lokalmagasinet.no\/?author=6"}]}},"_links":{"self":[{"href":"https:\/\/lokalmagasinet.no\/index.php?rest_route=\/wp\/v2\/posts\/21362","targetHints":{"allow":["GET"]}}],"collection":[{"href":"https:\/\/lokalmagasinet.no\/index.php?rest_route=\/wp\/v2\/posts"}],"about":[{"href":"https:\/\/lokalmagasinet.no\/index.php?rest_route=\/wp\/v2\/types\/post"}],"author":[{"embeddable":true,"href":"https:\/\/lokalmagasinet.no\/index.php?rest_route=\/wp\/v2\/users\/6"}],"replies":[{"embeddable":true,"href":"https:\/\/lokalmagasinet.no\/index.php?rest_route=%2Fwp%2Fv2%2Fcomments&post=21362"}],"version-history":[{"count":18,"href":"https:\/\/lokalmagasinet.no\/index.php?rest_route=\/wp\/v2\/posts\/21362\/revisions"}],"predecessor-version":[{"id":21380,"href":"https:\/\/lokalmagasinet.no\/index.php?rest_route=\/wp\/v2\/posts\/21362\/revisions\/21380"}],"wp:attachment":[{"href":"https:\/\/lokalmagasinet.no\/index.php?rest_route=%2Fwp%2Fv2%2Fmedia&parent=21362"}],"wp:term":[{"taxonomy":"category","embeddable":true,"href":"https:\/\/lokalmagasinet.no\/index.php?rest_route=%2Fwp%2Fv2%2Fcategories&post=21362"},{"taxonomy":"post_tag","embeddable":true,"href":"https:\/\/lokalmagasinet.no\/index.php?rest_route=%2Fwp%2Fv2%2Ftags&post=21362"}],"curies":[{"name":"wp","href":"https:\/\/api.w.org\/{rel}","templated":true}]}}