{"id":21390,"date":"2024-01-22T18:56:42","date_gmt":"2024-01-22T17:56:42","guid":{"rendered":"https:\/\/lokalmagasinet.no\/?p=21390"},"modified":"2024-01-22T22:01:11","modified_gmt":"2024-01-22T21:01:11","slug":"anonyme-prover-a-logge-seg-inn","status":"publish","type":"post","link":"https:\/\/lokalmagasinet.no\/?p=21390","title":{"rendered":"Anonyme pr\u00f8ver \u00e5 logge seg inn"},"content":{"rendered":"<p><img loading=\"lazy\" decoding=\"async\" class=\"size-full wp-image-21054 alignleft\" src=\"https:\/\/lokalmagasinet.no\/wp-content\/uploads\/2024\/01\/wwwbilde_200.jpg\" alt=\"\" width=\"200\" height=\"150\" srcset=\"https:\/\/lokalmagasinet.no\/wp-content\/uploads\/2024\/01\/wwwbilde_200.jpg 200w, https:\/\/lokalmagasinet.no\/wp-content\/uploads\/2024\/01\/wwwbilde_200-150x113.jpg 150w\" sizes=\"auto, (max-width: 200px) 100vw, 200px\" \/>(Publisert 22.01.24) <strong>For et nettsted uten forankring i et mediehus eller liknende er det en stor verdi \u00e5 ha sitt tekniske apparat trygt forankret hos et vertskap som Nordic Hosting AS. Her er et godt eksempel p\u00e5 dette:<\/strong><\/p>\n<p>Hver dag \u00e5ret rundt avviser og registrerer sikkerhetssystemer fors\u00f8k p\u00e5 \u00e5 logge seg inn i serveren v\u00e5r. De opptrer anonymt, men IP-adressen deres blir registrert.<\/p>\n<p>I l\u00f8pet av fem timer i dag var det 18 fors\u00f8k p\u00e5 ulovlig innlogging ved hjelp av antatte passord som er hentet fra bl.a. v\u00e5re epostadresser. Kreativiteten er stor, men verdien liten.<\/p>\n<p>N\u00c5R VI KLIKKER p\u00e5 IP-adressen, kan vi se hvor i verden den h\u00f8rer hjemme. P\u00e5fallende mange av de anonyme opererer fra land i det fjerne \u00f8sten, med stater\/distrikt i USA p\u00e5 andreplass.<\/p>\n<p>N\u00e5 vet ikke jeg hva andre norske nettsteder opplever av s\u00e5nne ting. Men det m\u00e5 jo tilf\u00f8yes at andelen <em>lovlige<\/em> bes\u00f8k\/innlogginger fra utenlandske unike IP-adresser er forholdsvis liten hos oss.<\/p>\n<p>Rett nok, s\u00e5 er det ikke et lite antall nordmenn som har emigrert, eller oppholder seg midlertidig i utlandet. Men vi tar for gitt at interessen for stoff &laquo;fra fortid og n\u00e5tid&raquo; i det n\u00e6re her i Son &#8211; og litt ellers i Vestby &#8211; ikke er stor i denne gruppen generelt.<\/p>\n<p>Uansett hvor dere er: Velkommen skal dere v\u00e6re! F\u00f8r \u00e5rets f\u00f8rste m\u00e5ned er slutt har vi allerede hatt 7740 bes\u00f8k fra 2058 IP-adresser.<\/p>\n<p><strong>Red.<\/strong><\/p>\n<p>&nbsp;<\/p>\n<p>Views: 90<\/p>","protected":false},"excerpt":{"rendered":"<p>(Publisert 22.01.24) For et nettsted uten forankring i et mediehus eller liknende er det en stor verdi \u00e5 ha sitt tekniske apparat trygt forankret hos et vertskap som Nordic Hosting &#8230; <\/p>\n<p class=\"read-more-container\"><a title=\"Anonyme pr\u00f8ver \u00e5 logge seg inn\" class=\"read-more button\" href=\"https:\/\/lokalmagasinet.no\/?p=21390#more-21390\">Les mer<span class=\"screen-reader-text\">Anonyme pr\u00f8ver \u00e5 logge seg inn<\/span><\/a><\/p>\n","protected":false},"author":6,"featured_media":0,"comment_status":"closed","ping_status":"closed","sticky":false,"template":"","format":"standard","meta":{"footnotes":""},"categories":[1],"tags":[],"class_list":["post-21390","post","type-post","status-publish","format-standard","hentry","category-aktuelt"],"yoast_head":"<!-- This site is optimized with the Yoast SEO plugin v27.4 - https:\/\/yoast.com\/product\/yoast-seo-wordpress\/ -->\n<title>Anonyme pr\u00f8ver \u00e5 logge seg inn | Lokalmagasinet.no<\/title>\n<meta name=\"robots\" content=\"index, follow, max-snippet:-1, max-image-preview:large, max-video-preview:-1\" \/>\n<link rel=\"canonical\" href=\"https:\/\/lokalmagasinet.no\/?p=21390\" \/>\n<meta property=\"og:locale\" content=\"nn_NO\" \/>\n<meta property=\"og:type\" content=\"article\" \/>\n<meta property=\"og:title\" content=\"Anonyme pr\u00f8ver \u00e5 logge seg inn | Lokalmagasinet.no\" \/>\n<meta property=\"og:description\" content=\"(Publisert 22.01.24) For et nettsted uten forankring i et mediehus eller liknende er det en stor verdi \u00e5 ha sitt tekniske apparat trygt forankret hos et vertskap som Nordic Hosting ... Les merAnonyme pr\u00f8ver \u00e5 logge seg inn\" \/>\n<meta property=\"og:url\" content=\"https:\/\/lokalmagasinet.no\/?p=21390\" \/>\n<meta property=\"og:site_name\" content=\"Lokalmagasinet.no\" \/>\n<meta property=\"article:publisher\" content=\"https:\/\/www.facebook.com\/sveinharald.strand.1\" \/>\n<meta property=\"article:author\" content=\"https:\/\/www.facebook.com\/sveinharald.strand.1\" \/>\n<meta property=\"article:published_time\" content=\"2024-01-22T17:56:42+00:00\" \/>\n<meta property=\"article:modified_time\" content=\"2024-01-22T21:01:11+00:00\" \/>\n<meta property=\"og:image\" content=\"https:\/\/lokalmagasinet.no\/wp-content\/uploads\/2024\/01\/wwwbilde_200.jpg\" \/>\n<meta name=\"author\" content=\"Svein-Harald Strand\" \/>\n<meta name=\"twitter:card\" content=\"summary_large_image\" \/>\n<meta name=\"twitter:creator\" content=\"@LMExtra\" \/>\n<meta name=\"twitter:site\" content=\"@LMExtra\" \/>\n<meta name=\"twitter:label1\" content=\"Written by\" \/>\n\t<meta name=\"twitter:data1\" content=\"Svein-Harald Strand\" \/>\n\t<meta name=\"twitter:label2\" content=\"Est. reading time\" \/>\n\t<meta name=\"twitter:data2\" content=\"1 minutt\" \/>\n<script type=\"application\/ld+json\" class=\"yoast-schema-graph\">{\"@context\":\"https:\\\/\\\/schema.org\",\"@graph\":[{\"@type\":\"Article\",\"@id\":\"https:\\\/\\\/lokalmagasinet.no\\\/?p=21390#article\",\"isPartOf\":{\"@id\":\"https:\\\/\\\/lokalmagasinet.no\\\/?p=21390\"},\"author\":{\"name\":\"Svein-Harald Strand\",\"@id\":\"https:\\\/\\\/lokalmagasinet.no\\\/#\\\/schema\\\/person\\\/2e8d221708d3aaf6f577275b5bba4310\"},\"headline\":\"Anonyme pr\u00f8ver \u00e5 logge seg inn\",\"datePublished\":\"2024-01-22T17:56:42+00:00\",\"dateModified\":\"2024-01-22T21:01:11+00:00\",\"mainEntityOfPage\":{\"@id\":\"https:\\\/\\\/lokalmagasinet.no\\\/?p=21390\"},\"wordCount\":255,\"publisher\":{\"@id\":\"https:\\\/\\\/lokalmagasinet.no\\\/#organization\"},\"image\":{\"@id\":\"https:\\\/\\\/lokalmagasinet.no\\\/?p=21390#primaryimage\"},\"thumbnailUrl\":\"https:\\\/\\\/lokalmagasinet.no\\\/wp-content\\\/uploads\\\/2024\\\/01\\\/wwwbilde_200.jpg\",\"articleSection\":[\"Aktuelt\"],\"inLanguage\":\"nn-NO\"},{\"@type\":\"WebPage\",\"@id\":\"https:\\\/\\\/lokalmagasinet.no\\\/?p=21390\",\"url\":\"https:\\\/\\\/lokalmagasinet.no\\\/?p=21390\",\"name\":\"Anonyme pr\u00f8ver \u00e5 logge seg inn | Lokalmagasinet.no\",\"isPartOf\":{\"@id\":\"https:\\\/\\\/lokalmagasinet.no\\\/#website\"},\"primaryImageOfPage\":{\"@id\":\"https:\\\/\\\/lokalmagasinet.no\\\/?p=21390#primaryimage\"},\"image\":{\"@id\":\"https:\\\/\\\/lokalmagasinet.no\\\/?p=21390#primaryimage\"},\"thumbnailUrl\":\"https:\\\/\\\/lokalmagasinet.no\\\/wp-content\\\/uploads\\\/2024\\\/01\\\/wwwbilde_200.jpg\",\"datePublished\":\"2024-01-22T17:56:42+00:00\",\"dateModified\":\"2024-01-22T21:01:11+00:00\",\"breadcrumb\":{\"@id\":\"https:\\\/\\\/lokalmagasinet.no\\\/?p=21390#breadcrumb\"},\"inLanguage\":\"nn-NO\",\"potentialAction\":[{\"@type\":\"ReadAction\",\"target\":[\"https:\\\/\\\/lokalmagasinet.no\\\/?p=21390\"]}]},{\"@type\":\"ImageObject\",\"inLanguage\":\"nn-NO\",\"@id\":\"https:\\\/\\\/lokalmagasinet.no\\\/?p=21390#primaryimage\",\"url\":\"https:\\\/\\\/lokalmagasinet.no\\\/wp-content\\\/uploads\\\/2024\\\/01\\\/wwwbilde_200.jpg\",\"contentUrl\":\"https:\\\/\\\/lokalmagasinet.no\\\/wp-content\\\/uploads\\\/2024\\\/01\\\/wwwbilde_200.jpg\",\"width\":200,\"height\":150},{\"@type\":\"BreadcrumbList\",\"@id\":\"https:\\\/\\\/lokalmagasinet.no\\\/?p=21390#breadcrumb\",\"itemListElement\":[{\"@type\":\"ListItem\",\"position\":1,\"name\":\"Hjem\",\"item\":\"https:\\\/\\\/lokalmagasinet.no\\\/\"},{\"@type\":\"ListItem\",\"position\":2,\"name\":\"Anonyme pr\u00f8ver \u00e5 logge seg inn\"}]},{\"@type\":\"WebSite\",\"@id\":\"https:\\\/\\\/lokalmagasinet.no\\\/#website\",\"url\":\"https:\\\/\\\/lokalmagasinet.no\\\/\",\"name\":\"Lokalmagasinet.no\",\"description\":\"Fra fortid og n\u00e5tid. Med st\u00e5sted i det n\u00e6re. Siden 2002.\",\"publisher\":{\"@id\":\"https:\\\/\\\/lokalmagasinet.no\\\/#organization\"},\"potentialAction\":[{\"@type\":\"SearchAction\",\"target\":{\"@type\":\"EntryPoint\",\"urlTemplate\":\"https:\\\/\\\/lokalmagasinet.no\\\/?s={search_term_string}\"},\"query-input\":{\"@type\":\"PropertyValueSpecification\",\"valueRequired\":true,\"valueName\":\"search_term_string\"}}],\"inLanguage\":\"nn-NO\"},{\"@type\":\"Organization\",\"@id\":\"https:\\\/\\\/lokalmagasinet.no\\\/#organization\",\"name\":\"Lokalmagasinet.no\",\"url\":\"https:\\\/\\\/lokalmagasinet.no\\\/\",\"logo\":{\"@type\":\"ImageObject\",\"inLanguage\":\"nn-NO\",\"@id\":\"https:\\\/\\\/lokalmagasinet.no\\\/#\\\/schema\\\/logo\\\/image\\\/\",\"url\":\"https:\\\/\\\/lokalmagasinet.no\\\/wp-content\\\/uploads\\\/2021\\\/03\\\/cropped-cropped-cropped-cropped-cropped-cropped-lmlogo-e1640691300821.jpg\",\"contentUrl\":\"https:\\\/\\\/lokalmagasinet.no\\\/wp-content\\\/uploads\\\/2021\\\/03\\\/cropped-cropped-cropped-cropped-cropped-cropped-lmlogo-e1640691300821.jpg\",\"width\":72,\"height\":118,\"caption\":\"Lokalmagasinet.no\"},\"image\":{\"@id\":\"https:\\\/\\\/lokalmagasinet.no\\\/#\\\/schema\\\/logo\\\/image\\\/\"},\"sameAs\":[\"https:\\\/\\\/www.facebook.com\\\/sveinharald.strand.1\",\"https:\\\/\\\/x.com\\\/LMExtra\"]},{\"@type\":\"Person\",\"@id\":\"https:\\\/\\\/lokalmagasinet.no\\\/#\\\/schema\\\/person\\\/2e8d221708d3aaf6f577275b5bba4310\",\"name\":\"Svein-Harald Strand\",\"image\":{\"@type\":\"ImageObject\",\"inLanguage\":\"nn-NO\",\"@id\":\"https:\\\/\\\/secure.gravatar.com\\\/avatar\\\/c487434bdf6cd7c12e4a88877ae4b12c38d22b7ad64292b49d33ed7503bb7ce1?s=96&d=mm&r=g\",\"url\":\"https:\\\/\\\/secure.gravatar.com\\\/avatar\\\/c487434bdf6cd7c12e4a88877ae4b12c38d22b7ad64292b49d33ed7503bb7ce1?s=96&d=mm&r=g\",\"contentUrl\":\"https:\\\/\\\/secure.gravatar.com\\\/avatar\\\/c487434bdf6cd7c12e4a88877ae4b12c38d22b7ad64292b49d33ed7503bb7ce1?s=96&d=mm&r=g\",\"caption\":\"Svein-Harald Strand\"},\"description\":\"(F. 26.12.1945) Redakt\u00f8r, journalist og informasjonsarbeider siden 1968. ||| I 1963: Redaksjonell praktikant i 8 m\u00e5neder p\u00e5 full tid i Helgeland Arbeiderblad i hjembyen Mosj\u00f8en. ||| Arbeidende pensjonist med hjemmekontor fra 2008 (AFP) og videre som folkepensjonist til n\u00e5.\",\"sameAs\":[\"https:\\\/\\\/lokalmagasinet.no\\\/\",\"https:\\\/\\\/www.facebook.com\\\/sveinharald.strand.1\",\"https:\\\/\\\/x.com\\\/LMExtra\"],\"url\":\"https:\\\/\\\/lokalmagasinet.no\\\/?author=6\"}]}<\/script>\n<!-- \/ Yoast SEO plugin. -->","yoast_head_json":{"title":"Anonyme pr\u00f8ver \u00e5 logge seg inn | Lokalmagasinet.no","robots":{"index":"index","follow":"follow","max-snippet":"max-snippet:-1","max-image-preview":"max-image-preview:large","max-video-preview":"max-video-preview:-1"},"canonical":"https:\/\/lokalmagasinet.no\/?p=21390","og_locale":"nn_NO","og_type":"article","og_title":"Anonyme pr\u00f8ver \u00e5 logge seg inn | Lokalmagasinet.no","og_description":"(Publisert 22.01.24) For et nettsted uten forankring i et mediehus eller liknende er det en stor verdi \u00e5 ha sitt tekniske apparat trygt forankret hos et vertskap som Nordic Hosting ... Les merAnonyme pr\u00f8ver \u00e5 logge seg inn","og_url":"https:\/\/lokalmagasinet.no\/?p=21390","og_site_name":"Lokalmagasinet.no","article_publisher":"https:\/\/www.facebook.com\/sveinharald.strand.1","article_author":"https:\/\/www.facebook.com\/sveinharald.strand.1","article_published_time":"2024-01-22T17:56:42+00:00","article_modified_time":"2024-01-22T21:01:11+00:00","og_image":[{"url":"https:\/\/lokalmagasinet.no\/wp-content\/uploads\/2024\/01\/wwwbilde_200.jpg","type":"","width":"","height":""}],"author":"Svein-Harald Strand","twitter_card":"summary_large_image","twitter_creator":"@LMExtra","twitter_site":"@LMExtra","twitter_misc":{"Written by":"Svein-Harald Strand","Est. reading time":"1 minutt"},"schema":{"@context":"https:\/\/schema.org","@graph":[{"@type":"Article","@id":"https:\/\/lokalmagasinet.no\/?p=21390#article","isPartOf":{"@id":"https:\/\/lokalmagasinet.no\/?p=21390"},"author":{"name":"Svein-Harald Strand","@id":"https:\/\/lokalmagasinet.no\/#\/schema\/person\/2e8d221708d3aaf6f577275b5bba4310"},"headline":"Anonyme pr\u00f8ver \u00e5 logge seg inn","datePublished":"2024-01-22T17:56:42+00:00","dateModified":"2024-01-22T21:01:11+00:00","mainEntityOfPage":{"@id":"https:\/\/lokalmagasinet.no\/?p=21390"},"wordCount":255,"publisher":{"@id":"https:\/\/lokalmagasinet.no\/#organization"},"image":{"@id":"https:\/\/lokalmagasinet.no\/?p=21390#primaryimage"},"thumbnailUrl":"https:\/\/lokalmagasinet.no\/wp-content\/uploads\/2024\/01\/wwwbilde_200.jpg","articleSection":["Aktuelt"],"inLanguage":"nn-NO"},{"@type":"WebPage","@id":"https:\/\/lokalmagasinet.no\/?p=21390","url":"https:\/\/lokalmagasinet.no\/?p=21390","name":"Anonyme pr\u00f8ver \u00e5 logge seg inn | Lokalmagasinet.no","isPartOf":{"@id":"https:\/\/lokalmagasinet.no\/#website"},"primaryImageOfPage":{"@id":"https:\/\/lokalmagasinet.no\/?p=21390#primaryimage"},"image":{"@id":"https:\/\/lokalmagasinet.no\/?p=21390#primaryimage"},"thumbnailUrl":"https:\/\/lokalmagasinet.no\/wp-content\/uploads\/2024\/01\/wwwbilde_200.jpg","datePublished":"2024-01-22T17:56:42+00:00","dateModified":"2024-01-22T21:01:11+00:00","breadcrumb":{"@id":"https:\/\/lokalmagasinet.no\/?p=21390#breadcrumb"},"inLanguage":"nn-NO","potentialAction":[{"@type":"ReadAction","target":["https:\/\/lokalmagasinet.no\/?p=21390"]}]},{"@type":"ImageObject","inLanguage":"nn-NO","@id":"https:\/\/lokalmagasinet.no\/?p=21390#primaryimage","url":"https:\/\/lokalmagasinet.no\/wp-content\/uploads\/2024\/01\/wwwbilde_200.jpg","contentUrl":"https:\/\/lokalmagasinet.no\/wp-content\/uploads\/2024\/01\/wwwbilde_200.jpg","width":200,"height":150},{"@type":"BreadcrumbList","@id":"https:\/\/lokalmagasinet.no\/?p=21390#breadcrumb","itemListElement":[{"@type":"ListItem","position":1,"name":"Hjem","item":"https:\/\/lokalmagasinet.no\/"},{"@type":"ListItem","position":2,"name":"Anonyme pr\u00f8ver \u00e5 logge seg inn"}]},{"@type":"WebSite","@id":"https:\/\/lokalmagasinet.no\/#website","url":"https:\/\/lokalmagasinet.no\/","name":"Lokalmagasinet.no","description":"Fra fortid og n\u00e5tid. Med st\u00e5sted i det n\u00e6re. Siden 2002.","publisher":{"@id":"https:\/\/lokalmagasinet.no\/#organization"},"potentialAction":[{"@type":"SearchAction","target":{"@type":"EntryPoint","urlTemplate":"https:\/\/lokalmagasinet.no\/?s={search_term_string}"},"query-input":{"@type":"PropertyValueSpecification","valueRequired":true,"valueName":"search_term_string"}}],"inLanguage":"nn-NO"},{"@type":"Organization","@id":"https:\/\/lokalmagasinet.no\/#organization","name":"Lokalmagasinet.no","url":"https:\/\/lokalmagasinet.no\/","logo":{"@type":"ImageObject","inLanguage":"nn-NO","@id":"https:\/\/lokalmagasinet.no\/#\/schema\/logo\/image\/","url":"https:\/\/lokalmagasinet.no\/wp-content\/uploads\/2021\/03\/cropped-cropped-cropped-cropped-cropped-cropped-lmlogo-e1640691300821.jpg","contentUrl":"https:\/\/lokalmagasinet.no\/wp-content\/uploads\/2021\/03\/cropped-cropped-cropped-cropped-cropped-cropped-lmlogo-e1640691300821.jpg","width":72,"height":118,"caption":"Lokalmagasinet.no"},"image":{"@id":"https:\/\/lokalmagasinet.no\/#\/schema\/logo\/image\/"},"sameAs":["https:\/\/www.facebook.com\/sveinharald.strand.1","https:\/\/x.com\/LMExtra"]},{"@type":"Person","@id":"https:\/\/lokalmagasinet.no\/#\/schema\/person\/2e8d221708d3aaf6f577275b5bba4310","name":"Svein-Harald Strand","image":{"@type":"ImageObject","inLanguage":"nn-NO","@id":"https:\/\/secure.gravatar.com\/avatar\/c487434bdf6cd7c12e4a88877ae4b12c38d22b7ad64292b49d33ed7503bb7ce1?s=96&d=mm&r=g","url":"https:\/\/secure.gravatar.com\/avatar\/c487434bdf6cd7c12e4a88877ae4b12c38d22b7ad64292b49d33ed7503bb7ce1?s=96&d=mm&r=g","contentUrl":"https:\/\/secure.gravatar.com\/avatar\/c487434bdf6cd7c12e4a88877ae4b12c38d22b7ad64292b49d33ed7503bb7ce1?s=96&d=mm&r=g","caption":"Svein-Harald Strand"},"description":"(F. 26.12.1945) Redakt\u00f8r, journalist og informasjonsarbeider siden 1968. ||| I 1963: Redaksjonell praktikant i 8 m\u00e5neder p\u00e5 full tid i Helgeland Arbeiderblad i hjembyen Mosj\u00f8en. ||| Arbeidende pensjonist med hjemmekontor fra 2008 (AFP) og videre som folkepensjonist til n\u00e5.","sameAs":["https:\/\/lokalmagasinet.no\/","https:\/\/www.facebook.com\/sveinharald.strand.1","https:\/\/x.com\/LMExtra"],"url":"https:\/\/lokalmagasinet.no\/?author=6"}]}},"_links":{"self":[{"href":"https:\/\/lokalmagasinet.no\/index.php?rest_route=\/wp\/v2\/posts\/21390","targetHints":{"allow":["GET"]}}],"collection":[{"href":"https:\/\/lokalmagasinet.no\/index.php?rest_route=\/wp\/v2\/posts"}],"about":[{"href":"https:\/\/lokalmagasinet.no\/index.php?rest_route=\/wp\/v2\/types\/post"}],"author":[{"embeddable":true,"href":"https:\/\/lokalmagasinet.no\/index.php?rest_route=\/wp\/v2\/users\/6"}],"replies":[{"embeddable":true,"href":"https:\/\/lokalmagasinet.no\/index.php?rest_route=%2Fwp%2Fv2%2Fcomments&post=21390"}],"version-history":[{"count":20,"href":"https:\/\/lokalmagasinet.no\/index.php?rest_route=\/wp\/v2\/posts\/21390\/revisions"}],"predecessor-version":[{"id":21410,"href":"https:\/\/lokalmagasinet.no\/index.php?rest_route=\/wp\/v2\/posts\/21390\/revisions\/21410"}],"wp:attachment":[{"href":"https:\/\/lokalmagasinet.no\/index.php?rest_route=%2Fwp%2Fv2%2Fmedia&parent=21390"}],"wp:term":[{"taxonomy":"category","embeddable":true,"href":"https:\/\/lokalmagasinet.no\/index.php?rest_route=%2Fwp%2Fv2%2Fcategories&post=21390"},{"taxonomy":"post_tag","embeddable":true,"href":"https:\/\/lokalmagasinet.no\/index.php?rest_route=%2Fwp%2Fv2%2Ftags&post=21390"}],"curies":[{"name":"wp","href":"https:\/\/api.w.org\/{rel}","templated":true}]}}