{"id":21445,"date":"2024-01-25T17:01:58","date_gmt":"2024-01-25T16:01:58","guid":{"rendered":"https:\/\/lokalmagasinet.no\/?p=21445"},"modified":"2024-01-25T17:01:58","modified_gmt":"2024-01-25T16:01:58","slug":"unike-nasjonale-brosjer","status":"publish","type":"post","link":"https:\/\/lokalmagasinet.no\/?p=21445","title":{"rendered":"Unike nasjonale brosjer"},"content":{"rendered":"<p><span class=\"i_skrift_stor\">(Fra LM januar 2014) (Republisert 25.01.24) <strong>Med 2014 har vi tatt fatt p\u00e5 grunnlovsjubileet, som skal markeres solid og relevant ogs\u00e5 her i det lokale. I den forbindelse er LM blitt tilbudt \u00e5 publisere eksklusivt en serie med unike minnebrosjer som norske gullsmeder laget i den norske nasjonalromantiske perioden. Med det fjerde og femte bildet p\u00e5 plass fra 19. februar, med henholdsvis &laquo;Olav&raquo; (den hellige) og &laquo;Terje Wiken&raquo; som motiv, st\u00e5r de n\u00e5 i omvendt kronologisk rekkef\u00f8lge tilbake til 2. januar.<br \/>\n<\/strong><\/span><\/p>\n<p align=\"center\"><img loading=\"lazy\" decoding=\"async\" src=\"https:\/\/web.archive.org\/web\/20160328145854im_\/http:\/\/www.lokalmagasinet.no\/ipub\/media\/brosjer\/helligolav_600.jpg\" alt=\"\" width=\"600\" height=\"513\" align=\"middle\" \/><\/p>\n<p align=\"center\"><img loading=\"lazy\" decoding=\"async\" src=\"https:\/\/web.archive.org\/web\/20160328145854im_\/http:\/\/www.lokalmagasinet.no\/ipub\/media\/brosjer\/terjevigen_600.jpg\" alt=\"\" width=\"600\" height=\"449\" align=\"middle\" \/><\/p>\n<div align=\"center\">\n<h2>&laquo;Enige og tro intil Dovre falder&raquo;<\/h2>\n<p><span class=\"i_skrift_stor\"><img loading=\"lazy\" decoding=\"async\" src=\"https:\/\/web.archive.org\/web\/20160328145854im_\/http:\/\/www.lokalmagasinet.no\/ipub\/media\/brosjer\/intildovrefalder.jpg\" alt=\"\" width=\"600\" height=\"574\" align=\"middle\" \/><\/span><\/p>\n<div align=\"left\">\n<p><span class=\"i_skrift_mini\"><span class=\"i_skrift_stor\"><img loading=\"lazy\" decoding=\"async\" src=\"https:\/\/web.archive.org\/web\/20160328145854im_\/http:\/\/www.lokalmagasinet.no\/ipub\/media\/lmlogo1_25.jpg\" alt=\"\" width=\"25\" height=\"23\" align=\"left\" hspace=\"5\" vspace=\"5\" \/><\/span><\/span>Publisert 29.01.14. <span class=\"i_skrift_stor\"><strong>Da har vi forn\u00f8yelsen av \u00e5 presentere den tredje brosjen i LMs eksklusive serie med &laquo;nasjonale brosjer&raquo; i anledning grunnlovsjubileet. <\/strong><\/span><\/p>\n<p><span class=\"i_skrift_stor\">\u2666 Som alle kan se, s\u00e5 er denne rent motivmessig en innertier i s\u00e5 m\u00e5te.<\/span><\/p>\n<p><span class=\"i_skrift_stor\">\u2666 Vi minner om at vi i samarbeid med eieren vil presentere ialt 50 brosjer gjennom jubileums\u00e5ret 2014.<\/span><\/p>\n<p><strong>Prosjektet begynner \u00e5 vekke oppmerksomhet utover det lokale, og samlesiden er n\u00e5 en av de mest nedlastede p\u00e5 Lokalmagasinet.no i januar. \u00a0 <\/strong><\/p>\n<h2 align=\"center\">Brosjen &laquo;S\u00e6terjentens s\u00f8ndag&raquo;<\/h2>\n<h2 align=\"center\"><img loading=\"lazy\" decoding=\"async\" src=\"https:\/\/web.archive.org\/web\/20160328145854im_\/http:\/\/www.lokalmagasinet.no\/ipub\/media\/brosjer\/seterjentenssondag_600.jpg\" alt=\"\" width=\"533\" height=\"600\" align=\"middle\" \/><\/h2>\n<p><span class=\"i_skrift_stor\"><span class=\"i_skrift_normal\"><span class=\"i_skrift_mini\"><img loading=\"lazy\" decoding=\"async\" src=\"https:\/\/web.archive.org\/web\/20160328145854im_\/http:\/\/www.lokalmagasinet.no\/ipub\/media\/lmlogo1_25.jpg\" alt=\"\" width=\"25\" height=\"23\" align=\"left\" hspace=\"5\" vspace=\"5\" \/><\/span><\/span><\/span>Publisert 16.01.14. Endret 17.01.14. <span class=\"i_skrift_stor\"><strong>Her er andre objekt i LM-serien &laquo;Nasjonale brosjer&raquo; som nylig ble lansert i samarbeid med eieren, i anledning \u00e5rets grunnlovsjubileum &laquo;S\u00e6terjentens s\u00f8ndag.&raquo; <\/strong><\/span><\/p>\n<p><span class=\"i_skrift_stor\">\u2666 Det arbeides fortsatt med mer informasjon rundt hver brosje. Videre skal det lages en hensiktsmessig plattform for samhandling mellom leserne og eieren, med sp\u00f8rsm\u00e5l og svar.<\/span><\/p>\n<p><span class=\"i_skrift_stor\">\u2666 Dette arbeides det for \u00e5 f\u00e5 p\u00e5 plass f\u00f8r den tredje av i alt ca 50 brosjer publiseres.<\/span><\/p>\n<p><span class=\"i_skrift_stor\">\u2666 Denne startsiden har hatt hyggelig mange sidevisninger, og siden er ogs\u00e5 begynt \u00e5 vandre som e-post-lenke.<br \/>\n<\/span><\/p>\n<\/div>\n<\/div>\n<p align=\"center\"><img loading=\"lazy\" decoding=\"async\" src=\"https:\/\/web.archive.org\/web\/20160328145854im_\/http:\/\/www.lokalmagasinet.no\/ipub\/media\/brosjer\/falsenchristieeidsvoll.jpg\" alt=\"\" width=\"600\" height=\"717\" align=\"middle\" \/><\/p>\n<p><span class=\"i_skrift_stor\"><span class=\"i_skrift_normal\"><span class=\"i_skrift_mini\"><img loading=\"lazy\" decoding=\"async\" src=\"https:\/\/web.archive.org\/web\/20160328145854im_\/http:\/\/www.lokalmagasinet.no\/ipub\/media\/lmlogo1_25.jpg\" alt=\"\" width=\"25\" height=\"23\" align=\"left\" hspace=\"5\" vspace=\"5\" \/><\/span><\/span><\/span>Publisert 02.01.14. <span class=\"i_skrift_stor\"><strong>Med 2014 er vi ogs\u00e5 kommet til grunnlovsjubileet, som skal markeres solid og relevant ogs\u00e5 her i det lokale. I den forbindelse er LM blitt tilbudt \u00e5 publisere eksklusivt en serie med unike minnebrosjer som norske gullsmeder laget i den norske nasjonalromantiske perioden. <\/strong><\/span><\/p>\n<p>\u2666 Vi har takket ja, samtidig som det endelige opplegget for presentasjon og informasjon rundt objektene ikke er klart. Det er snakk om et stort antall s\u00f8lvbrosjer, og veien m\u00e5 nok bli litt til mens vi g\u00e5r.<\/p>\n<p><span class=\"i_skrift_stor\">\u2666 Eieren av den aktuelle samlingen har et overordnet \u00f8nske om en prosess der leserne deltar med kommentarer eller p\u00e5 annen m\u00e5te, og at l\u00e6ring blir en del av utbyttet. Det understrekes at det ikke ligger noen som helst kommersielle hensyn bak publiseringen, og at ingen av objektene er for salg.<\/span><\/p>\n<p><span class=\"i_skrift_stor\">\u2666 Da har vi i alle fall sluppet nyheten. Og illustrasjonen ga seg selv. Et bilde fra samlingen, selvf\u00f8lgelig! Med noen mynter som gir et inntrykk av st\u00f8rrelsen p\u00e5 de tre brosjene. Detaljene i slike brosjer er viktig informasjon, og vi publiserer bildet her med st\u00f8rste oppl\u00f8selighet til v\u00e5rt design.<\/span><\/p>\n<p>&nbsp;<\/p>\n<p><strong>TILF\u00d8YD 25.01.24: <\/strong>Hvordan vi skal behandle resten av denne serien gjenst\u00e5r \u00e5 se. Den ble jo opprinnelig publisert med nye brosjebilder hver uke gjennom et helt \u00e5r etter denne f\u00f8rste publiseringen med flere bilder. Det beste valget kan v\u00e6re flere bilder av gangen som her. <strong>Red.<\/strong><\/p>\n<div align=\"left\"><\/div>\n<p>&nbsp;<\/p>\n<p>Views: 67<\/p>","protected":false},"excerpt":{"rendered":"<p>(Fra LM januar 2014) (Republisert 25.01.24) Med 2014 har vi tatt fatt p\u00e5 grunnlovsjubileet, som skal markeres solid og relevant ogs\u00e5 her i det lokale. I den forbindelse er LM &#8230; <\/p>\n<p class=\"read-more-container\"><a title=\"Unike nasjonale brosjer\" class=\"read-more button\" href=\"https:\/\/lokalmagasinet.no\/?p=21445#more-21445\">Les mer<span class=\"screen-reader-text\">Unike nasjonale brosjer<\/span><\/a><\/p>\n","protected":false},"author":6,"featured_media":0,"comment_status":"closed","ping_status":"closed","sticky":false,"template":"","format":"standard","meta":{"footnotes":""},"categories":[26,35],"tags":[],"class_list":["post-21445","post","type-post","status-publish","format-standard","hentry","category-bilde-pa-bilde","category-minner"],"yoast_head":"<!-- This site is optimized with the Yoast SEO plugin v27.4 - https:\/\/yoast.com\/product\/yoast-seo-wordpress\/ -->\n<title>Unike nasjonale brosjer | Lokalmagasinet.no<\/title>\n<meta name=\"robots\" content=\"index, follow, max-snippet:-1, max-image-preview:large, max-video-preview:-1\" \/>\n<link rel=\"canonical\" href=\"https:\/\/lokalmagasinet.no\/?p=21445\" \/>\n<meta property=\"og:locale\" content=\"nn_NO\" \/>\n<meta property=\"og:type\" content=\"article\" \/>\n<meta property=\"og:title\" content=\"Unike nasjonale brosjer | Lokalmagasinet.no\" \/>\n<meta property=\"og:description\" content=\"(Fra LM januar 2014) (Republisert 25.01.24) Med 2014 har vi tatt fatt p\u00e5 grunnlovsjubileet, som skal markeres solid og relevant ogs\u00e5 her i det lokale. I den forbindelse er LM ... Les merUnike nasjonale brosjer\" \/>\n<meta property=\"og:url\" content=\"https:\/\/lokalmagasinet.no\/?p=21445\" \/>\n<meta property=\"og:site_name\" content=\"Lokalmagasinet.no\" \/>\n<meta property=\"article:publisher\" content=\"https:\/\/www.facebook.com\/sveinharald.strand.1\" \/>\n<meta property=\"article:author\" content=\"https:\/\/www.facebook.com\/sveinharald.strand.1\" \/>\n<meta property=\"article:published_time\" content=\"2024-01-25T16:01:58+00:00\" \/>\n<meta property=\"og:image\" content=\"https:\/\/web.archive.org\/web\/20160328145854im_\/http:\/\/www.lokalmagasinet.no\/ipub\/media\/brosjer\/helligolav_600.jpg\" \/>\n<meta name=\"author\" content=\"Svein-Harald Strand\" \/>\n<meta name=\"twitter:card\" content=\"summary_large_image\" \/>\n<meta name=\"twitter:creator\" content=\"@LMExtra\" \/>\n<meta name=\"twitter:site\" content=\"@LMExtra\" \/>\n<meta name=\"twitter:label1\" content=\"Written by\" \/>\n\t<meta name=\"twitter:data1\" content=\"Svein-Harald Strand\" \/>\n\t<meta name=\"twitter:label2\" content=\"Est. reading time\" \/>\n\t<meta name=\"twitter:data2\" content=\"2 minutt\" \/>\n<script type=\"application\/ld+json\" class=\"yoast-schema-graph\">{\"@context\":\"https:\\\/\\\/schema.org\",\"@graph\":[{\"@type\":\"Article\",\"@id\":\"https:\\\/\\\/lokalmagasinet.no\\\/?p=21445#article\",\"isPartOf\":{\"@id\":\"https:\\\/\\\/lokalmagasinet.no\\\/?p=21445\"},\"author\":{\"name\":\"Svein-Harald Strand\",\"@id\":\"https:\\\/\\\/lokalmagasinet.no\\\/#\\\/schema\\\/person\\\/2e8d221708d3aaf6f577275b5bba4310\"},\"headline\":\"Unike nasjonale brosjer\",\"datePublished\":\"2024-01-25T16:01:58+00:00\",\"mainEntityOfPage\":{\"@id\":\"https:\\\/\\\/lokalmagasinet.no\\\/?p=21445\"},\"wordCount\":486,\"publisher\":{\"@id\":\"https:\\\/\\\/lokalmagasinet.no\\\/#organization\"},\"image\":{\"@id\":\"https:\\\/\\\/lokalmagasinet.no\\\/?p=21445#primaryimage\"},\"thumbnailUrl\":\"https:\\\/\\\/web.archive.org\\\/web\\\/20160328145854im_\\\/http:\\\/\\\/www.lokalmagasinet.no\\\/ipub\\\/media\\\/brosjer\\\/helligolav_600.jpg\",\"articleSection\":[\"Bilde p\u00e5 bilde\",\"Minner\"],\"inLanguage\":\"nn-NO\"},{\"@type\":\"WebPage\",\"@id\":\"https:\\\/\\\/lokalmagasinet.no\\\/?p=21445\",\"url\":\"https:\\\/\\\/lokalmagasinet.no\\\/?p=21445\",\"name\":\"Unike nasjonale brosjer | Lokalmagasinet.no\",\"isPartOf\":{\"@id\":\"https:\\\/\\\/lokalmagasinet.no\\\/#website\"},\"primaryImageOfPage\":{\"@id\":\"https:\\\/\\\/lokalmagasinet.no\\\/?p=21445#primaryimage\"},\"image\":{\"@id\":\"https:\\\/\\\/lokalmagasinet.no\\\/?p=21445#primaryimage\"},\"thumbnailUrl\":\"https:\\\/\\\/web.archive.org\\\/web\\\/20160328145854im_\\\/http:\\\/\\\/www.lokalmagasinet.no\\\/ipub\\\/media\\\/brosjer\\\/helligolav_600.jpg\",\"datePublished\":\"2024-01-25T16:01:58+00:00\",\"breadcrumb\":{\"@id\":\"https:\\\/\\\/lokalmagasinet.no\\\/?p=21445#breadcrumb\"},\"inLanguage\":\"nn-NO\",\"potentialAction\":[{\"@type\":\"ReadAction\",\"target\":[\"https:\\\/\\\/lokalmagasinet.no\\\/?p=21445\"]}]},{\"@type\":\"ImageObject\",\"inLanguage\":\"nn-NO\",\"@id\":\"https:\\\/\\\/lokalmagasinet.no\\\/?p=21445#primaryimage\",\"url\":\"https:\\\/\\\/web.archive.org\\\/web\\\/20160328145854im_\\\/http:\\\/\\\/www.lokalmagasinet.no\\\/ipub\\\/media\\\/brosjer\\\/helligolav_600.jpg\",\"contentUrl\":\"https:\\\/\\\/web.archive.org\\\/web\\\/20160328145854im_\\\/http:\\\/\\\/www.lokalmagasinet.no\\\/ipub\\\/media\\\/brosjer\\\/helligolav_600.jpg\"},{\"@type\":\"BreadcrumbList\",\"@id\":\"https:\\\/\\\/lokalmagasinet.no\\\/?p=21445#breadcrumb\",\"itemListElement\":[{\"@type\":\"ListItem\",\"position\":1,\"name\":\"Hjem\",\"item\":\"https:\\\/\\\/lokalmagasinet.no\\\/\"},{\"@type\":\"ListItem\",\"position\":2,\"name\":\"Unike nasjonale brosjer\"}]},{\"@type\":\"WebSite\",\"@id\":\"https:\\\/\\\/lokalmagasinet.no\\\/#website\",\"url\":\"https:\\\/\\\/lokalmagasinet.no\\\/\",\"name\":\"Lokalmagasinet.no\",\"description\":\"Fra fortid og n\u00e5tid. Med st\u00e5sted i det n\u00e6re. Siden 2002.\",\"publisher\":{\"@id\":\"https:\\\/\\\/lokalmagasinet.no\\\/#organization\"},\"potentialAction\":[{\"@type\":\"SearchAction\",\"target\":{\"@type\":\"EntryPoint\",\"urlTemplate\":\"https:\\\/\\\/lokalmagasinet.no\\\/?s={search_term_string}\"},\"query-input\":{\"@type\":\"PropertyValueSpecification\",\"valueRequired\":true,\"valueName\":\"search_term_string\"}}],\"inLanguage\":\"nn-NO\"},{\"@type\":\"Organization\",\"@id\":\"https:\\\/\\\/lokalmagasinet.no\\\/#organization\",\"name\":\"Lokalmagasinet.no\",\"url\":\"https:\\\/\\\/lokalmagasinet.no\\\/\",\"logo\":{\"@type\":\"ImageObject\",\"inLanguage\":\"nn-NO\",\"@id\":\"https:\\\/\\\/lokalmagasinet.no\\\/#\\\/schema\\\/logo\\\/image\\\/\",\"url\":\"https:\\\/\\\/lokalmagasinet.no\\\/wp-content\\\/uploads\\\/2021\\\/03\\\/cropped-cropped-cropped-cropped-cropped-cropped-lmlogo-e1640691300821.jpg\",\"contentUrl\":\"https:\\\/\\\/lokalmagasinet.no\\\/wp-content\\\/uploads\\\/2021\\\/03\\\/cropped-cropped-cropped-cropped-cropped-cropped-lmlogo-e1640691300821.jpg\",\"width\":72,\"height\":118,\"caption\":\"Lokalmagasinet.no\"},\"image\":{\"@id\":\"https:\\\/\\\/lokalmagasinet.no\\\/#\\\/schema\\\/logo\\\/image\\\/\"},\"sameAs\":[\"https:\\\/\\\/www.facebook.com\\\/sveinharald.strand.1\",\"https:\\\/\\\/x.com\\\/LMExtra\"]},{\"@type\":\"Person\",\"@id\":\"https:\\\/\\\/lokalmagasinet.no\\\/#\\\/schema\\\/person\\\/2e8d221708d3aaf6f577275b5bba4310\",\"name\":\"Svein-Harald Strand\",\"image\":{\"@type\":\"ImageObject\",\"inLanguage\":\"nn-NO\",\"@id\":\"https:\\\/\\\/secure.gravatar.com\\\/avatar\\\/c487434bdf6cd7c12e4a88877ae4b12c38d22b7ad64292b49d33ed7503bb7ce1?s=96&d=mm&r=g\",\"url\":\"https:\\\/\\\/secure.gravatar.com\\\/avatar\\\/c487434bdf6cd7c12e4a88877ae4b12c38d22b7ad64292b49d33ed7503bb7ce1?s=96&d=mm&r=g\",\"contentUrl\":\"https:\\\/\\\/secure.gravatar.com\\\/avatar\\\/c487434bdf6cd7c12e4a88877ae4b12c38d22b7ad64292b49d33ed7503bb7ce1?s=96&d=mm&r=g\",\"caption\":\"Svein-Harald Strand\"},\"description\":\"(F. 26.12.1945) Redakt\u00f8r, journalist og informasjonsarbeider siden 1968. ||| I 1963: Redaksjonell praktikant i 8 m\u00e5neder p\u00e5 full tid i Helgeland Arbeiderblad i hjembyen Mosj\u00f8en. ||| Arbeidende pensjonist med hjemmekontor fra 2008 (AFP) og videre som folkepensjonist til n\u00e5.\",\"sameAs\":[\"https:\\\/\\\/lokalmagasinet.no\\\/\",\"https:\\\/\\\/www.facebook.com\\\/sveinharald.strand.1\",\"https:\\\/\\\/x.com\\\/LMExtra\"],\"url\":\"https:\\\/\\\/lokalmagasinet.no\\\/?author=6\"}]}<\/script>\n<!-- \/ Yoast SEO plugin. -->","yoast_head_json":{"title":"Unike nasjonale brosjer | Lokalmagasinet.no","robots":{"index":"index","follow":"follow","max-snippet":"max-snippet:-1","max-image-preview":"max-image-preview:large","max-video-preview":"max-video-preview:-1"},"canonical":"https:\/\/lokalmagasinet.no\/?p=21445","og_locale":"nn_NO","og_type":"article","og_title":"Unike nasjonale brosjer | Lokalmagasinet.no","og_description":"(Fra LM januar 2014) (Republisert 25.01.24) Med 2014 har vi tatt fatt p\u00e5 grunnlovsjubileet, som skal markeres solid og relevant ogs\u00e5 her i det lokale. I den forbindelse er LM ... Les merUnike nasjonale brosjer","og_url":"https:\/\/lokalmagasinet.no\/?p=21445","og_site_name":"Lokalmagasinet.no","article_publisher":"https:\/\/www.facebook.com\/sveinharald.strand.1","article_author":"https:\/\/www.facebook.com\/sveinharald.strand.1","article_published_time":"2024-01-25T16:01:58+00:00","og_image":[{"url":"https:\/\/web.archive.org\/web\/20160328145854im_\/http:\/\/www.lokalmagasinet.no\/ipub\/media\/brosjer\/helligolav_600.jpg","type":"","width":"","height":""}],"author":"Svein-Harald Strand","twitter_card":"summary_large_image","twitter_creator":"@LMExtra","twitter_site":"@LMExtra","twitter_misc":{"Written by":"Svein-Harald Strand","Est. reading time":"2 minutt"},"schema":{"@context":"https:\/\/schema.org","@graph":[{"@type":"Article","@id":"https:\/\/lokalmagasinet.no\/?p=21445#article","isPartOf":{"@id":"https:\/\/lokalmagasinet.no\/?p=21445"},"author":{"name":"Svein-Harald Strand","@id":"https:\/\/lokalmagasinet.no\/#\/schema\/person\/2e8d221708d3aaf6f577275b5bba4310"},"headline":"Unike nasjonale brosjer","datePublished":"2024-01-25T16:01:58+00:00","mainEntityOfPage":{"@id":"https:\/\/lokalmagasinet.no\/?p=21445"},"wordCount":486,"publisher":{"@id":"https:\/\/lokalmagasinet.no\/#organization"},"image":{"@id":"https:\/\/lokalmagasinet.no\/?p=21445#primaryimage"},"thumbnailUrl":"https:\/\/web.archive.org\/web\/20160328145854im_\/http:\/\/www.lokalmagasinet.no\/ipub\/media\/brosjer\/helligolav_600.jpg","articleSection":["Bilde p\u00e5 bilde","Minner"],"inLanguage":"nn-NO"},{"@type":"WebPage","@id":"https:\/\/lokalmagasinet.no\/?p=21445","url":"https:\/\/lokalmagasinet.no\/?p=21445","name":"Unike nasjonale brosjer | Lokalmagasinet.no","isPartOf":{"@id":"https:\/\/lokalmagasinet.no\/#website"},"primaryImageOfPage":{"@id":"https:\/\/lokalmagasinet.no\/?p=21445#primaryimage"},"image":{"@id":"https:\/\/lokalmagasinet.no\/?p=21445#primaryimage"},"thumbnailUrl":"https:\/\/web.archive.org\/web\/20160328145854im_\/http:\/\/www.lokalmagasinet.no\/ipub\/media\/brosjer\/helligolav_600.jpg","datePublished":"2024-01-25T16:01:58+00:00","breadcrumb":{"@id":"https:\/\/lokalmagasinet.no\/?p=21445#breadcrumb"},"inLanguage":"nn-NO","potentialAction":[{"@type":"ReadAction","target":["https:\/\/lokalmagasinet.no\/?p=21445"]}]},{"@type":"ImageObject","inLanguage":"nn-NO","@id":"https:\/\/lokalmagasinet.no\/?p=21445#primaryimage","url":"https:\/\/web.archive.org\/web\/20160328145854im_\/http:\/\/www.lokalmagasinet.no\/ipub\/media\/brosjer\/helligolav_600.jpg","contentUrl":"https:\/\/web.archive.org\/web\/20160328145854im_\/http:\/\/www.lokalmagasinet.no\/ipub\/media\/brosjer\/helligolav_600.jpg"},{"@type":"BreadcrumbList","@id":"https:\/\/lokalmagasinet.no\/?p=21445#breadcrumb","itemListElement":[{"@type":"ListItem","position":1,"name":"Hjem","item":"https:\/\/lokalmagasinet.no\/"},{"@type":"ListItem","position":2,"name":"Unike nasjonale brosjer"}]},{"@type":"WebSite","@id":"https:\/\/lokalmagasinet.no\/#website","url":"https:\/\/lokalmagasinet.no\/","name":"Lokalmagasinet.no","description":"Fra fortid og n\u00e5tid. Med st\u00e5sted i det n\u00e6re. Siden 2002.","publisher":{"@id":"https:\/\/lokalmagasinet.no\/#organization"},"potentialAction":[{"@type":"SearchAction","target":{"@type":"EntryPoint","urlTemplate":"https:\/\/lokalmagasinet.no\/?s={search_term_string}"},"query-input":{"@type":"PropertyValueSpecification","valueRequired":true,"valueName":"search_term_string"}}],"inLanguage":"nn-NO"},{"@type":"Organization","@id":"https:\/\/lokalmagasinet.no\/#organization","name":"Lokalmagasinet.no","url":"https:\/\/lokalmagasinet.no\/","logo":{"@type":"ImageObject","inLanguage":"nn-NO","@id":"https:\/\/lokalmagasinet.no\/#\/schema\/logo\/image\/","url":"https:\/\/lokalmagasinet.no\/wp-content\/uploads\/2021\/03\/cropped-cropped-cropped-cropped-cropped-cropped-lmlogo-e1640691300821.jpg","contentUrl":"https:\/\/lokalmagasinet.no\/wp-content\/uploads\/2021\/03\/cropped-cropped-cropped-cropped-cropped-cropped-lmlogo-e1640691300821.jpg","width":72,"height":118,"caption":"Lokalmagasinet.no"},"image":{"@id":"https:\/\/lokalmagasinet.no\/#\/schema\/logo\/image\/"},"sameAs":["https:\/\/www.facebook.com\/sveinharald.strand.1","https:\/\/x.com\/LMExtra"]},{"@type":"Person","@id":"https:\/\/lokalmagasinet.no\/#\/schema\/person\/2e8d221708d3aaf6f577275b5bba4310","name":"Svein-Harald Strand","image":{"@type":"ImageObject","inLanguage":"nn-NO","@id":"https:\/\/secure.gravatar.com\/avatar\/c487434bdf6cd7c12e4a88877ae4b12c38d22b7ad64292b49d33ed7503bb7ce1?s=96&d=mm&r=g","url":"https:\/\/secure.gravatar.com\/avatar\/c487434bdf6cd7c12e4a88877ae4b12c38d22b7ad64292b49d33ed7503bb7ce1?s=96&d=mm&r=g","contentUrl":"https:\/\/secure.gravatar.com\/avatar\/c487434bdf6cd7c12e4a88877ae4b12c38d22b7ad64292b49d33ed7503bb7ce1?s=96&d=mm&r=g","caption":"Svein-Harald Strand"},"description":"(F. 26.12.1945) Redakt\u00f8r, journalist og informasjonsarbeider siden 1968. ||| I 1963: Redaksjonell praktikant i 8 m\u00e5neder p\u00e5 full tid i Helgeland Arbeiderblad i hjembyen Mosj\u00f8en. ||| Arbeidende pensjonist med hjemmekontor fra 2008 (AFP) og videre som folkepensjonist til n\u00e5.","sameAs":["https:\/\/lokalmagasinet.no\/","https:\/\/www.facebook.com\/sveinharald.strand.1","https:\/\/x.com\/LMExtra"],"url":"https:\/\/lokalmagasinet.no\/?author=6"}]}},"_links":{"self":[{"href":"https:\/\/lokalmagasinet.no\/index.php?rest_route=\/wp\/v2\/posts\/21445","targetHints":{"allow":["GET"]}}],"collection":[{"href":"https:\/\/lokalmagasinet.no\/index.php?rest_route=\/wp\/v2\/posts"}],"about":[{"href":"https:\/\/lokalmagasinet.no\/index.php?rest_route=\/wp\/v2\/types\/post"}],"author":[{"embeddable":true,"href":"https:\/\/lokalmagasinet.no\/index.php?rest_route=\/wp\/v2\/users\/6"}],"replies":[{"embeddable":true,"href":"https:\/\/lokalmagasinet.no\/index.php?rest_route=%2Fwp%2Fv2%2Fcomments&post=21445"}],"version-history":[{"count":5,"href":"https:\/\/lokalmagasinet.no\/index.php?rest_route=\/wp\/v2\/posts\/21445\/revisions"}],"predecessor-version":[{"id":21474,"href":"https:\/\/lokalmagasinet.no\/index.php?rest_route=\/wp\/v2\/posts\/21445\/revisions\/21474"}],"wp:attachment":[{"href":"https:\/\/lokalmagasinet.no\/index.php?rest_route=%2Fwp%2Fv2%2Fmedia&parent=21445"}],"wp:term":[{"taxonomy":"category","embeddable":true,"href":"https:\/\/lokalmagasinet.no\/index.php?rest_route=%2Fwp%2Fv2%2Fcategories&post=21445"},{"taxonomy":"post_tag","embeddable":true,"href":"https:\/\/lokalmagasinet.no\/index.php?rest_route=%2Fwp%2Fv2%2Ftags&post=21445"}],"curies":[{"name":"wp","href":"https:\/\/api.w.org\/{rel}","templated":true}]}}