{"id":21448,"date":"2024-01-25T02:01:51","date_gmt":"2024-01-25T01:01:51","guid":{"rendered":"https:\/\/lokalmagasinet.no\/?p=21448"},"modified":"2024-01-26T01:57:49","modified_gmt":"2024-01-26T00:57:49","slug":"gardemusikken-1965-rom-28-i-2015-og-pa-ovelse-i-2018","status":"publish","type":"post","link":"https:\/\/lokalmagasinet.no\/?p=21448","title":{"rendered":"Gardemusikken 1965 &#8211; Rom 28 i 2015 og p\u00e5 \u00d8velse i 2018"},"content":{"rendered":"<figure id=\"attachment_14522\" aria-describedby=\"caption-attachment-14522\" style=\"width: 590px\" class=\"wp-caption aligncenter\"><img loading=\"lazy\" decoding=\"async\" class=\"size-full wp-image-14522\" src=\"https:\/\/lokalmagasinet.no\/wp-content\/uploads\/2023\/02\/Gardemusikken-juni-1965-i-Store-Studio-NRK.jpg\" alt=\"\" width=\"590\" height=\"303\" srcset=\"https:\/\/lokalmagasinet.no\/wp-content\/uploads\/2023\/02\/Gardemusikken-juni-1965-i-Store-Studio-NRK.jpg 590w, https:\/\/lokalmagasinet.no\/wp-content\/uploads\/2023\/02\/Gardemusikken-juni-1965-i-Store-Studio-NRK-300x154.jpg 300w, https:\/\/lokalmagasinet.no\/wp-content\/uploads\/2023\/02\/Gardemusikken-juni-1965-i-Store-Studio-NRK-150x77.jpg 150w\" sizes=\"auto, (max-width: 590px) 100vw, 590px\" \/><figcaption id=\"caption-attachment-14522\" class=\"wp-caption-text\"><strong>Gardemusikken i Store Studio juni 1965, p\u00e5 innspilling til Janitsjarhalvtimen i NRK Radio.<\/strong><\/figcaption><\/figure>\n<figure id=\"attachment_17861\" aria-describedby=\"caption-attachment-17861\" style=\"width: 640px\" class=\"wp-caption aligncenter\"><img loading=\"lazy\" decoding=\"async\" class=\"size-full wp-image-17861\" src=\"https:\/\/lokalmagasinet.no\/wp-content\/uploads\/2023\/08\/Alf-gardebilde1.jpg\" alt=\"\" width=\"640\" height=\"427\" srcset=\"https:\/\/lokalmagasinet.no\/wp-content\/uploads\/2023\/08\/Alf-gardebilde1.jpg 640w, https:\/\/lokalmagasinet.no\/wp-content\/uploads\/2023\/08\/Alf-gardebilde1-300x200.jpg 300w, https:\/\/lokalmagasinet.no\/wp-content\/uploads\/2023\/08\/Alf-gardebilde1-150x100.jpg 150w\" sizes=\"auto, (max-width: 640px) 100vw, 640px\" \/><figcaption id=\"caption-attachment-17861\" class=\"wp-caption-text\"><strong>Musikktroppen, H.M. Kongens Garde 1965 p\u00e5 en liten vinter\u00f8velse mellom \u00f8velsene i musikkbrakka i Gardeleiren p\u00e5 Huseby. Et sted i S\u00f8rkedalen? (<\/strong>Foto: Alf Nicolaisen)<\/figcaption><\/figure>\n<figure id=\"attachment_12616\" aria-describedby=\"caption-attachment-12616\" style=\"width: 1024px\" class=\"wp-caption alignnone\"><img loading=\"lazy\" decoding=\"async\" class=\"size-full wp-image-12616\" src=\"https:\/\/lokalmagasinet.no\/wp-content\/uploads\/2022\/10\/Gardegutta-pa-skauen.jpg\" alt=\"\" width=\"1024\" height=\"659\" srcset=\"https:\/\/lokalmagasinet.no\/wp-content\/uploads\/2022\/10\/Gardegutta-pa-skauen.jpg 1024w, https:\/\/lokalmagasinet.no\/wp-content\/uploads\/2022\/10\/Gardegutta-pa-skauen-300x193.jpg 300w, https:\/\/lokalmagasinet.no\/wp-content\/uploads\/2022\/10\/Gardegutta-pa-skauen-150x97.jpg 150w, https:\/\/lokalmagasinet.no\/wp-content\/uploads\/2022\/10\/Gardegutta-pa-skauen-768x494.jpg 768w\" sizes=\"auto, (max-width: 1024px) 100vw, 1024px\" \/><figcaption id=\"caption-attachment-12616\" class=\"wp-caption-text\"><strong>Musikktroppen HMKG p\u00e5 felt\u00f8velse i S\u00f8rkedalen 1965.<\/strong> (Fotograf:Alf Nicolaysen)<\/figcaption><\/figure>\n<figure id=\"attachment_21175\" aria-describedby=\"caption-attachment-21175\" style=\"width: 2048px\" class=\"wp-caption alignnone\"><img loading=\"lazy\" decoding=\"async\" class=\"size-full wp-image-21175\" src=\"https:\/\/lokalmagasinet.no\/wp-content\/uploads\/2024\/01\/IMG-1122-scaled.jpg\" alt=\"\" width=\"2048\" height=\"1536\" srcset=\"https:\/\/lokalmagasinet.no\/wp-content\/uploads\/2024\/01\/IMG-1122-scaled.jpg 2048w, https:\/\/lokalmagasinet.no\/wp-content\/uploads\/2024\/01\/IMG-1122-300x225.jpg 300w, https:\/\/lokalmagasinet.no\/wp-content\/uploads\/2024\/01\/IMG-1122-1024x768.jpg 1024w, https:\/\/lokalmagasinet.no\/wp-content\/uploads\/2024\/01\/IMG-1122-150x113.jpg 150w, https:\/\/lokalmagasinet.no\/wp-content\/uploads\/2024\/01\/IMG-1122-768x576.jpg 768w, https:\/\/lokalmagasinet.no\/wp-content\/uploads\/2024\/01\/IMG-1122-1536x1152.jpg 1536w\" sizes=\"auto, (max-width: 2048px) 100vw, 2048px\" \/><figcaption id=\"caption-attachment-21175\" class=\"wp-caption-text\"><strong>Gardekamerater p\u00e5 vei til 50-\u00e5rs jubileumsmarkering i Gardeleiren. Lennart Sandberg og Egil Aarum.<\/strong><\/figcaption><\/figure>\n<figure id=\"attachment_21232\" aria-describedby=\"caption-attachment-21232\" style=\"width: 884px\" class=\"wp-caption alignnone\"><img loading=\"lazy\" decoding=\"async\" class=\"size-full wp-image-21232\" src=\"https:\/\/lokalmagasinet.no\/wp-content\/uploads\/2024\/01\/stylteovelse1.jpg\" alt=\"\" width=\"884\" height=\"768\" srcset=\"https:\/\/lokalmagasinet.no\/wp-content\/uploads\/2024\/01\/stylteovelse1.jpg 884w, https:\/\/lokalmagasinet.no\/wp-content\/uploads\/2024\/01\/stylteovelse1-300x261.jpg 300w, https:\/\/lokalmagasinet.no\/wp-content\/uploads\/2024\/01\/stylteovelse1-150x130.jpg 150w, https:\/\/lokalmagasinet.no\/wp-content\/uploads\/2024\/01\/stylteovelse1-768x667.jpg 768w\" sizes=\"auto, (max-width: 884px) 100vw, 884px\" \/><figcaption id=\"caption-attachment-21232\" class=\"wp-caption-text\"><strong>P\u00e5 Oslo\u00d8velse. Her Stylteg\u00e5ing p\u00e5 Norsk folkemuseum. Fotograf Nikken og Sandberg.<\/strong><\/figcaption><\/figure>\n<figure id=\"attachment_21173\" aria-describedby=\"caption-attachment-21173\" style=\"width: 1024px\" class=\"wp-caption alignnone\"><img loading=\"lazy\" decoding=\"async\" class=\"size-full wp-image-21173\" src=\"https:\/\/lokalmagasinet.no\/wp-content\/uploads\/2024\/01\/gardistbelte.jpg\" alt=\"\" width=\"1024\" height=\"680\" srcset=\"https:\/\/lokalmagasinet.no\/wp-content\/uploads\/2024\/01\/gardistbelte.jpg 1024w, https:\/\/lokalmagasinet.no\/wp-content\/uploads\/2024\/01\/gardistbelte-300x199.jpg 300w, https:\/\/lokalmagasinet.no\/wp-content\/uploads\/2024\/01\/gardistbelte-150x100.jpg 150w, https:\/\/lokalmagasinet.no\/wp-content\/uploads\/2024\/01\/gardistbelte-768x510.jpg 768w\" sizes=\"auto, (max-width: 1024px) 100vw, 1024px\" \/><figcaption id=\"caption-attachment-21173\" class=\"wp-caption-text\"><strong>Oslo\u00d8velse. Kjell Egil Torgersen (RIP) stilte med Gardebelte.<\/strong><\/figcaption><\/figure>\n<figure id=\"attachment_5561\" aria-describedby=\"caption-attachment-5561\" style=\"width: 944px\" class=\"wp-caption alignnone\"><img loading=\"lazy\" decoding=\"async\" class=\"size-full wp-image-5561\" src=\"https:\/\/lokalmagasinet.no\/wp-content\/uploads\/2021\/09\/stylteovelse2.jpg\" alt=\"\" width=\"944\" height=\"768\" srcset=\"https:\/\/lokalmagasinet.no\/wp-content\/uploads\/2021\/09\/stylteovelse2.jpg 944w, https:\/\/lokalmagasinet.no\/wp-content\/uploads\/2021\/09\/stylteovelse2-300x244.jpg 300w, https:\/\/lokalmagasinet.no\/wp-content\/uploads\/2021\/09\/stylteovelse2-150x122.jpg 150w, https:\/\/lokalmagasinet.no\/wp-content\/uploads\/2021\/09\/stylteovelse2-768x625.jpg 768w\" sizes=\"auto, (max-width: 944px) 100vw, 944px\" \/><figcaption id=\"caption-attachment-5561\" class=\"wp-caption-text\"><strong>Og her er Sandberg going steady p\u00e5 stylter. Kunne han ha stylteg\u00e5tt helt til byen?<\/strong><\/figcaption><\/figure>\n<figure id=\"attachment_1054\" aria-describedby=\"caption-attachment-1054\" style=\"width: 2048px\" class=\"wp-caption alignnone\"><img loading=\"lazy\" decoding=\"async\" class=\"size-full wp-image-1054\" src=\"https:\/\/lokalmagasinet.no\/wp-content\/uploads\/2021\/02\/IMG_4225-scaled.jpg\" alt=\"\" width=\"2048\" height=\"1536\" srcset=\"https:\/\/lokalmagasinet.no\/wp-content\/uploads\/2021\/02\/IMG_4225-scaled.jpg 2048w, https:\/\/lokalmagasinet.no\/wp-content\/uploads\/2021\/02\/IMG_4225-300x225.jpg 300w, https:\/\/lokalmagasinet.no\/wp-content\/uploads\/2021\/02\/IMG_4225-1024x768.jpg 1024w, https:\/\/lokalmagasinet.no\/wp-content\/uploads\/2021\/02\/IMG_4225-768x576.jpg 768w, https:\/\/lokalmagasinet.no\/wp-content\/uploads\/2021\/02\/IMG_4225-1536x1152.jpg 1536w\" sizes=\"auto, (max-width: 2048px) 100vw, 2048px\" \/><figcaption id=\"caption-attachment-1054\" class=\"wp-caption-text\"><strong>Oslo\u00d8velse. P\u00e5 vei til Mathallen m\u00f8tte vi en h\u00f8y og vakker dame. .<\/strong><\/figcaption><\/figure>\n<figure id=\"attachment_1033\" aria-describedby=\"caption-attachment-1033\" style=\"width: 2048px\" class=\"wp-caption alignnone\"><img loading=\"lazy\" decoding=\"async\" class=\"size-full wp-image-1033\" src=\"https:\/\/lokalmagasinet.no\/wp-content\/uploads\/2021\/02\/IMG_E1162-scaled.jpg\" alt=\"\" width=\"2048\" height=\"1337\" srcset=\"https:\/\/lokalmagasinet.no\/wp-content\/uploads\/2021\/02\/IMG_E1162-scaled.jpg 2048w, https:\/\/lokalmagasinet.no\/wp-content\/uploads\/2021\/02\/IMG_E1162-300x196.jpg 300w, https:\/\/lokalmagasinet.no\/wp-content\/uploads\/2021\/02\/IMG_E1162-1024x669.jpg 1024w, https:\/\/lokalmagasinet.no\/wp-content\/uploads\/2021\/02\/IMG_E1162-768x501.jpg 768w, https:\/\/lokalmagasinet.no\/wp-content\/uploads\/2021\/02\/IMG_E1162-1536x1003.jpg 1536w\" sizes=\"auto, (max-width: 2048px) 100vw, 2048px\" \/><figcaption id=\"caption-attachment-1033\" class=\"wp-caption-text\"><strong>50 \u00e5rs-junileum i Gardeleiren. Aarum pr\u00f8ver et nytt signalhorn. V\u00e5r gamle troppssjef Nils Egelien (RIP) f\u00f8lger med, bak t.v.<\/strong><\/figcaption><\/figure>\n<p>&nbsp;<\/p>\n<p>&nbsp;<\/p>\n<p>Views: 157<\/p>","protected":false},"excerpt":{"rendered":"<p>&nbsp; &nbsp; Views: 157<\/p>\n","protected":false},"author":6,"featured_media":0,"comment_status":"closed","ping_status":"closed","sticky":false,"template":"","format":"standard","meta":{"footnotes":""},"categories":[26,35,31],"tags":[],"class_list":["post-21448","post","type-post","status-publish","format-standard","hentry","category-bilde-pa-bilde","category-minner","category-musikk"],"yoast_head":"<!-- This site is optimized with the Yoast SEO plugin v27.4 - https:\/\/yoast.com\/product\/yoast-seo-wordpress\/ -->\n<title>Gardemusikken 1965 - Rom 28 i 2015 og p\u00e5 \u00d8velse i 2018 | Lokalmagasinet.no<\/title>\n<meta name=\"robots\" content=\"index, follow, max-snippet:-1, max-image-preview:large, max-video-preview:-1\" \/>\n<link rel=\"canonical\" href=\"https:\/\/lokalmagasinet.no\/?p=21448\" \/>\n<meta property=\"og:locale\" content=\"nn_NO\" \/>\n<meta property=\"og:type\" content=\"article\" \/>\n<meta property=\"og:title\" content=\"Gardemusikken 1965 - Rom 28 i 2015 og p\u00e5 \u00d8velse i 2018 | Lokalmagasinet.no\" \/>\n<meta property=\"og:description\" content=\"&nbsp; &nbsp; Views: 157\" \/>\n<meta property=\"og:url\" content=\"https:\/\/lokalmagasinet.no\/?p=21448\" \/>\n<meta property=\"og:site_name\" content=\"Lokalmagasinet.no\" \/>\n<meta property=\"article:publisher\" content=\"https:\/\/www.facebook.com\/sveinharald.strand.1\" \/>\n<meta property=\"article:author\" content=\"https:\/\/www.facebook.com\/sveinharald.strand.1\" \/>\n<meta property=\"article:published_time\" content=\"2024-01-25T01:01:51+00:00\" \/>\n<meta property=\"article:modified_time\" content=\"2024-01-26T00:57:49+00:00\" \/>\n<meta property=\"og:image\" content=\"https:\/\/lokalmagasinet.no\/wp-content\/uploads\/2023\/02\/Gardemusikken-juni-1965-i-Store-Studio-NRK.jpg\" \/>\n<meta name=\"author\" content=\"Svein-Harald Strand\" \/>\n<meta name=\"twitter:card\" content=\"summary_large_image\" \/>\n<meta name=\"twitter:creator\" content=\"@LMExtra\" \/>\n<meta name=\"twitter:site\" content=\"@LMExtra\" \/>\n<meta name=\"twitter:label1\" content=\"Written by\" \/>\n\t<meta name=\"twitter:data1\" content=\"Svein-Harald Strand\" \/>\n\t<meta name=\"twitter:label2\" content=\"Est. reading time\" \/>\n\t<meta name=\"twitter:data2\" content=\"1 minutt\" \/>\n<script type=\"application\/ld+json\" class=\"yoast-schema-graph\">{\"@context\":\"https:\\\/\\\/schema.org\",\"@graph\":[{\"@type\":\"Article\",\"@id\":\"https:\\\/\\\/lokalmagasinet.no\\\/?p=21448#article\",\"isPartOf\":{\"@id\":\"https:\\\/\\\/lokalmagasinet.no\\\/?p=21448\"},\"author\":{\"name\":\"Svein-Harald Strand\",\"@id\":\"https:\\\/\\\/lokalmagasinet.no\\\/#\\\/schema\\\/person\\\/2e8d221708d3aaf6f577275b5bba4310\"},\"headline\":\"Gardemusikken 1965 &#8211; Rom 28 i 2015 og p\u00e5 \u00d8velse i 2018\",\"datePublished\":\"2024-01-25T01:01:51+00:00\",\"dateModified\":\"2024-01-26T00:57:49+00:00\",\"mainEntityOfPage\":{\"@id\":\"https:\\\/\\\/lokalmagasinet.no\\\/?p=21448\"},\"wordCount\":211,\"publisher\":{\"@id\":\"https:\\\/\\\/lokalmagasinet.no\\\/#organization\"},\"image\":{\"@id\":\"https:\\\/\\\/lokalmagasinet.no\\\/?p=21448#primaryimage\"},\"thumbnailUrl\":\"https:\\\/\\\/lokalmagasinet.no\\\/wp-content\\\/uploads\\\/2023\\\/02\\\/Gardemusikken-juni-1965-i-Store-Studio-NRK.jpg\",\"articleSection\":[\"Bilde p\u00e5 bilde\",\"Minner\",\"Musikk\"],\"inLanguage\":\"nn-NO\"},{\"@type\":\"WebPage\",\"@id\":\"https:\\\/\\\/lokalmagasinet.no\\\/?p=21448\",\"url\":\"https:\\\/\\\/lokalmagasinet.no\\\/?p=21448\",\"name\":\"Gardemusikken 1965 - Rom 28 i 2015 og p\u00e5 \u00d8velse i 2018 | Lokalmagasinet.no\",\"isPartOf\":{\"@id\":\"https:\\\/\\\/lokalmagasinet.no\\\/#website\"},\"primaryImageOfPage\":{\"@id\":\"https:\\\/\\\/lokalmagasinet.no\\\/?p=21448#primaryimage\"},\"image\":{\"@id\":\"https:\\\/\\\/lokalmagasinet.no\\\/?p=21448#primaryimage\"},\"thumbnailUrl\":\"https:\\\/\\\/lokalmagasinet.no\\\/wp-content\\\/uploads\\\/2023\\\/02\\\/Gardemusikken-juni-1965-i-Store-Studio-NRK.jpg\",\"datePublished\":\"2024-01-25T01:01:51+00:00\",\"dateModified\":\"2024-01-26T00:57:49+00:00\",\"breadcrumb\":{\"@id\":\"https:\\\/\\\/lokalmagasinet.no\\\/?p=21448#breadcrumb\"},\"inLanguage\":\"nn-NO\",\"potentialAction\":[{\"@type\":\"ReadAction\",\"target\":[\"https:\\\/\\\/lokalmagasinet.no\\\/?p=21448\"]}]},{\"@type\":\"ImageObject\",\"inLanguage\":\"nn-NO\",\"@id\":\"https:\\\/\\\/lokalmagasinet.no\\\/?p=21448#primaryimage\",\"url\":\"https:\\\/\\\/lokalmagasinet.no\\\/wp-content\\\/uploads\\\/2023\\\/02\\\/Gardemusikken-juni-1965-i-Store-Studio-NRK.jpg\",\"contentUrl\":\"https:\\\/\\\/lokalmagasinet.no\\\/wp-content\\\/uploads\\\/2023\\\/02\\\/Gardemusikken-juni-1965-i-Store-Studio-NRK.jpg\",\"width\":590,\"height\":303,\"caption\":\"Gardemusikken i Store Studio juni 1965, p\u00e5 innspilling til Janitsjarhalvtimen i NRK Radio.\"},{\"@type\":\"BreadcrumbList\",\"@id\":\"https:\\\/\\\/lokalmagasinet.no\\\/?p=21448#breadcrumb\",\"itemListElement\":[{\"@type\":\"ListItem\",\"position\":1,\"name\":\"Hjem\",\"item\":\"https:\\\/\\\/lokalmagasinet.no\\\/\"},{\"@type\":\"ListItem\",\"position\":2,\"name\":\"Gardemusikken 1965 &#8211; Rom 28 i 2015 og p\u00e5 \u00d8velse i 2018\"}]},{\"@type\":\"WebSite\",\"@id\":\"https:\\\/\\\/lokalmagasinet.no\\\/#website\",\"url\":\"https:\\\/\\\/lokalmagasinet.no\\\/\",\"name\":\"Lokalmagasinet.no\",\"description\":\"Fra fortid og n\u00e5tid. Med st\u00e5sted i det n\u00e6re. Siden 2002.\",\"publisher\":{\"@id\":\"https:\\\/\\\/lokalmagasinet.no\\\/#organization\"},\"potentialAction\":[{\"@type\":\"SearchAction\",\"target\":{\"@type\":\"EntryPoint\",\"urlTemplate\":\"https:\\\/\\\/lokalmagasinet.no\\\/?s={search_term_string}\"},\"query-input\":{\"@type\":\"PropertyValueSpecification\",\"valueRequired\":true,\"valueName\":\"search_term_string\"}}],\"inLanguage\":\"nn-NO\"},{\"@type\":\"Organization\",\"@id\":\"https:\\\/\\\/lokalmagasinet.no\\\/#organization\",\"name\":\"Lokalmagasinet.no\",\"url\":\"https:\\\/\\\/lokalmagasinet.no\\\/\",\"logo\":{\"@type\":\"ImageObject\",\"inLanguage\":\"nn-NO\",\"@id\":\"https:\\\/\\\/lokalmagasinet.no\\\/#\\\/schema\\\/logo\\\/image\\\/\",\"url\":\"https:\\\/\\\/lokalmagasinet.no\\\/wp-content\\\/uploads\\\/2021\\\/03\\\/cropped-cropped-cropped-cropped-cropped-cropped-lmlogo-e1640691300821.jpg\",\"contentUrl\":\"https:\\\/\\\/lokalmagasinet.no\\\/wp-content\\\/uploads\\\/2021\\\/03\\\/cropped-cropped-cropped-cropped-cropped-cropped-lmlogo-e1640691300821.jpg\",\"width\":72,\"height\":118,\"caption\":\"Lokalmagasinet.no\"},\"image\":{\"@id\":\"https:\\\/\\\/lokalmagasinet.no\\\/#\\\/schema\\\/logo\\\/image\\\/\"},\"sameAs\":[\"https:\\\/\\\/www.facebook.com\\\/sveinharald.strand.1\",\"https:\\\/\\\/x.com\\\/LMExtra\"]},{\"@type\":\"Person\",\"@id\":\"https:\\\/\\\/lokalmagasinet.no\\\/#\\\/schema\\\/person\\\/2e8d221708d3aaf6f577275b5bba4310\",\"name\":\"Svein-Harald Strand\",\"image\":{\"@type\":\"ImageObject\",\"inLanguage\":\"nn-NO\",\"@id\":\"https:\\\/\\\/secure.gravatar.com\\\/avatar\\\/c487434bdf6cd7c12e4a88877ae4b12c38d22b7ad64292b49d33ed7503bb7ce1?s=96&d=mm&r=g\",\"url\":\"https:\\\/\\\/secure.gravatar.com\\\/avatar\\\/c487434bdf6cd7c12e4a88877ae4b12c38d22b7ad64292b49d33ed7503bb7ce1?s=96&d=mm&r=g\",\"contentUrl\":\"https:\\\/\\\/secure.gravatar.com\\\/avatar\\\/c487434bdf6cd7c12e4a88877ae4b12c38d22b7ad64292b49d33ed7503bb7ce1?s=96&d=mm&r=g\",\"caption\":\"Svein-Harald Strand\"},\"description\":\"(F. 26.12.1945) Redakt\u00f8r, journalist og informasjonsarbeider siden 1968. ||| I 1963: Redaksjonell praktikant i 8 m\u00e5neder p\u00e5 full tid i Helgeland Arbeiderblad i hjembyen Mosj\u00f8en. ||| Arbeidende pensjonist med hjemmekontor fra 2008 (AFP) og videre som folkepensjonist til n\u00e5.\",\"sameAs\":[\"https:\\\/\\\/lokalmagasinet.no\\\/\",\"https:\\\/\\\/www.facebook.com\\\/sveinharald.strand.1\",\"https:\\\/\\\/x.com\\\/LMExtra\"],\"url\":\"https:\\\/\\\/lokalmagasinet.no\\\/?author=6\"}]}<\/script>\n<!-- \/ Yoast SEO plugin. -->","yoast_head_json":{"title":"Gardemusikken 1965 - Rom 28 i 2015 og p\u00e5 \u00d8velse i 2018 | Lokalmagasinet.no","robots":{"index":"index","follow":"follow","max-snippet":"max-snippet:-1","max-image-preview":"max-image-preview:large","max-video-preview":"max-video-preview:-1"},"canonical":"https:\/\/lokalmagasinet.no\/?p=21448","og_locale":"nn_NO","og_type":"article","og_title":"Gardemusikken 1965 - Rom 28 i 2015 og p\u00e5 \u00d8velse i 2018 | Lokalmagasinet.no","og_description":"&nbsp; &nbsp; Views: 157","og_url":"https:\/\/lokalmagasinet.no\/?p=21448","og_site_name":"Lokalmagasinet.no","article_publisher":"https:\/\/www.facebook.com\/sveinharald.strand.1","article_author":"https:\/\/www.facebook.com\/sveinharald.strand.1","article_published_time":"2024-01-25T01:01:51+00:00","article_modified_time":"2024-01-26T00:57:49+00:00","og_image":[{"url":"https:\/\/lokalmagasinet.no\/wp-content\/uploads\/2023\/02\/Gardemusikken-juni-1965-i-Store-Studio-NRK.jpg","type":"","width":"","height":""}],"author":"Svein-Harald Strand","twitter_card":"summary_large_image","twitter_creator":"@LMExtra","twitter_site":"@LMExtra","twitter_misc":{"Written by":"Svein-Harald Strand","Est. reading time":"1 minutt"},"schema":{"@context":"https:\/\/schema.org","@graph":[{"@type":"Article","@id":"https:\/\/lokalmagasinet.no\/?p=21448#article","isPartOf":{"@id":"https:\/\/lokalmagasinet.no\/?p=21448"},"author":{"name":"Svein-Harald Strand","@id":"https:\/\/lokalmagasinet.no\/#\/schema\/person\/2e8d221708d3aaf6f577275b5bba4310"},"headline":"Gardemusikken 1965 &#8211; Rom 28 i 2015 og p\u00e5 \u00d8velse i 2018","datePublished":"2024-01-25T01:01:51+00:00","dateModified":"2024-01-26T00:57:49+00:00","mainEntityOfPage":{"@id":"https:\/\/lokalmagasinet.no\/?p=21448"},"wordCount":211,"publisher":{"@id":"https:\/\/lokalmagasinet.no\/#organization"},"image":{"@id":"https:\/\/lokalmagasinet.no\/?p=21448#primaryimage"},"thumbnailUrl":"https:\/\/lokalmagasinet.no\/wp-content\/uploads\/2023\/02\/Gardemusikken-juni-1965-i-Store-Studio-NRK.jpg","articleSection":["Bilde p\u00e5 bilde","Minner","Musikk"],"inLanguage":"nn-NO"},{"@type":"WebPage","@id":"https:\/\/lokalmagasinet.no\/?p=21448","url":"https:\/\/lokalmagasinet.no\/?p=21448","name":"Gardemusikken 1965 - Rom 28 i 2015 og p\u00e5 \u00d8velse i 2018 | Lokalmagasinet.no","isPartOf":{"@id":"https:\/\/lokalmagasinet.no\/#website"},"primaryImageOfPage":{"@id":"https:\/\/lokalmagasinet.no\/?p=21448#primaryimage"},"image":{"@id":"https:\/\/lokalmagasinet.no\/?p=21448#primaryimage"},"thumbnailUrl":"https:\/\/lokalmagasinet.no\/wp-content\/uploads\/2023\/02\/Gardemusikken-juni-1965-i-Store-Studio-NRK.jpg","datePublished":"2024-01-25T01:01:51+00:00","dateModified":"2024-01-26T00:57:49+00:00","breadcrumb":{"@id":"https:\/\/lokalmagasinet.no\/?p=21448#breadcrumb"},"inLanguage":"nn-NO","potentialAction":[{"@type":"ReadAction","target":["https:\/\/lokalmagasinet.no\/?p=21448"]}]},{"@type":"ImageObject","inLanguage":"nn-NO","@id":"https:\/\/lokalmagasinet.no\/?p=21448#primaryimage","url":"https:\/\/lokalmagasinet.no\/wp-content\/uploads\/2023\/02\/Gardemusikken-juni-1965-i-Store-Studio-NRK.jpg","contentUrl":"https:\/\/lokalmagasinet.no\/wp-content\/uploads\/2023\/02\/Gardemusikken-juni-1965-i-Store-Studio-NRK.jpg","width":590,"height":303,"caption":"Gardemusikken i Store Studio juni 1965, p\u00e5 innspilling til Janitsjarhalvtimen i NRK Radio."},{"@type":"BreadcrumbList","@id":"https:\/\/lokalmagasinet.no\/?p=21448#breadcrumb","itemListElement":[{"@type":"ListItem","position":1,"name":"Hjem","item":"https:\/\/lokalmagasinet.no\/"},{"@type":"ListItem","position":2,"name":"Gardemusikken 1965 &#8211; Rom 28 i 2015 og p\u00e5 \u00d8velse i 2018"}]},{"@type":"WebSite","@id":"https:\/\/lokalmagasinet.no\/#website","url":"https:\/\/lokalmagasinet.no\/","name":"Lokalmagasinet.no","description":"Fra fortid og n\u00e5tid. Med st\u00e5sted i det n\u00e6re. Siden 2002.","publisher":{"@id":"https:\/\/lokalmagasinet.no\/#organization"},"potentialAction":[{"@type":"SearchAction","target":{"@type":"EntryPoint","urlTemplate":"https:\/\/lokalmagasinet.no\/?s={search_term_string}"},"query-input":{"@type":"PropertyValueSpecification","valueRequired":true,"valueName":"search_term_string"}}],"inLanguage":"nn-NO"},{"@type":"Organization","@id":"https:\/\/lokalmagasinet.no\/#organization","name":"Lokalmagasinet.no","url":"https:\/\/lokalmagasinet.no\/","logo":{"@type":"ImageObject","inLanguage":"nn-NO","@id":"https:\/\/lokalmagasinet.no\/#\/schema\/logo\/image\/","url":"https:\/\/lokalmagasinet.no\/wp-content\/uploads\/2021\/03\/cropped-cropped-cropped-cropped-cropped-cropped-lmlogo-e1640691300821.jpg","contentUrl":"https:\/\/lokalmagasinet.no\/wp-content\/uploads\/2021\/03\/cropped-cropped-cropped-cropped-cropped-cropped-lmlogo-e1640691300821.jpg","width":72,"height":118,"caption":"Lokalmagasinet.no"},"image":{"@id":"https:\/\/lokalmagasinet.no\/#\/schema\/logo\/image\/"},"sameAs":["https:\/\/www.facebook.com\/sveinharald.strand.1","https:\/\/x.com\/LMExtra"]},{"@type":"Person","@id":"https:\/\/lokalmagasinet.no\/#\/schema\/person\/2e8d221708d3aaf6f577275b5bba4310","name":"Svein-Harald Strand","image":{"@type":"ImageObject","inLanguage":"nn-NO","@id":"https:\/\/secure.gravatar.com\/avatar\/c487434bdf6cd7c12e4a88877ae4b12c38d22b7ad64292b49d33ed7503bb7ce1?s=96&d=mm&r=g","url":"https:\/\/secure.gravatar.com\/avatar\/c487434bdf6cd7c12e4a88877ae4b12c38d22b7ad64292b49d33ed7503bb7ce1?s=96&d=mm&r=g","contentUrl":"https:\/\/secure.gravatar.com\/avatar\/c487434bdf6cd7c12e4a88877ae4b12c38d22b7ad64292b49d33ed7503bb7ce1?s=96&d=mm&r=g","caption":"Svein-Harald Strand"},"description":"(F. 26.12.1945) Redakt\u00f8r, journalist og informasjonsarbeider siden 1968. ||| I 1963: Redaksjonell praktikant i 8 m\u00e5neder p\u00e5 full tid i Helgeland Arbeiderblad i hjembyen Mosj\u00f8en. ||| Arbeidende pensjonist med hjemmekontor fra 2008 (AFP) og videre som folkepensjonist til n\u00e5.","sameAs":["https:\/\/lokalmagasinet.no\/","https:\/\/www.facebook.com\/sveinharald.strand.1","https:\/\/x.com\/LMExtra"],"url":"https:\/\/lokalmagasinet.no\/?author=6"}]}},"_links":{"self":[{"href":"https:\/\/lokalmagasinet.no\/index.php?rest_route=\/wp\/v2\/posts\/21448","targetHints":{"allow":["GET"]}}],"collection":[{"href":"https:\/\/lokalmagasinet.no\/index.php?rest_route=\/wp\/v2\/posts"}],"about":[{"href":"https:\/\/lokalmagasinet.no\/index.php?rest_route=\/wp\/v2\/types\/post"}],"author":[{"embeddable":true,"href":"https:\/\/lokalmagasinet.no\/index.php?rest_route=\/wp\/v2\/users\/6"}],"replies":[{"embeddable":true,"href":"https:\/\/lokalmagasinet.no\/index.php?rest_route=%2Fwp%2Fv2%2Fcomments&post=21448"}],"version-history":[{"count":24,"href":"https:\/\/lokalmagasinet.no\/index.php?rest_route=\/wp\/v2\/posts\/21448\/revisions"}],"predecessor-version":[{"id":24718,"href":"https:\/\/lokalmagasinet.no\/index.php?rest_route=\/wp\/v2\/posts\/21448\/revisions\/24718"}],"wp:attachment":[{"href":"https:\/\/lokalmagasinet.no\/index.php?rest_route=%2Fwp%2Fv2%2Fmedia&parent=21448"}],"wp:term":[{"taxonomy":"category","embeddable":true,"href":"https:\/\/lokalmagasinet.no\/index.php?rest_route=%2Fwp%2Fv2%2Fcategories&post=21448"},{"taxonomy":"post_tag","embeddable":true,"href":"https:\/\/lokalmagasinet.no\/index.php?rest_route=%2Fwp%2Fv2%2Ftags&post=21448"}],"curies":[{"name":"wp","href":"https:\/\/api.w.org\/{rel}","templated":true}]}}