{"id":21702,"date":"2024-02-02T12:53:47","date_gmt":"2024-02-02T11:53:47","guid":{"rendered":"https:\/\/lokalmagasinet.no\/?p=21702"},"modified":"2024-02-02T13:10:04","modified_gmt":"2024-02-02T12:10:04","slug":"forste-norske-kvinnepolitiske-lp","status":"publish","type":"post","link":"https:\/\/lokalmagasinet.no\/?p=21702","title":{"rendered":"F\u00f8rste norske kvinnepolitiske LP"},"content":{"rendered":"\r\n\r\n\r\n<p><img loading=\"lazy\" decoding=\"async\" class=\"wp-image-12097 size-medium alignleft\" src=\"https:\/\/lokalmagasinet.no\/wp-content\/uploads\/2022\/09\/Kjerringrokk-scaled-e1662394294759-300x278.jpg\" alt=\"\" width=\"300\" height=\"278\" srcset=\"https:\/\/lokalmagasinet.no\/wp-content\/uploads\/2022\/09\/Kjerringrokk-scaled-e1662394294759-300x278.jpg 300w, https:\/\/lokalmagasinet.no\/wp-content\/uploads\/2022\/09\/Kjerringrokk-scaled-e1662394294759-1024x951.jpg 1024w, https:\/\/lokalmagasinet.no\/wp-content\/uploads\/2022\/09\/Kjerringrokk-scaled-e1662394294759-150x139.jpg 150w, https:\/\/lokalmagasinet.no\/wp-content\/uploads\/2022\/09\/Kjerringrokk-scaled-e1662394294759-768x713.jpg 768w, https:\/\/lokalmagasinet.no\/wp-content\/uploads\/2022\/09\/Kjerringrokk-scaled-e1662394294759-1536x1426.jpg 1536w, https:\/\/lokalmagasinet.no\/wp-content\/uploads\/2022\/09\/Kjerringrokk-scaled-e1662394294759.jpg 2048w\" sizes=\"auto, (max-width: 300px) 100vw, 300px\" \/>(Publisert 02.01.24) <strong>Kjerringrokk var ei feministisk musikkgruppe som var aktiv midt i 1970-\u00e5ra. Dei var f\u00f8rst i Noreg til \u00e5 gi ut ei kvinnepolitisk LP-plate p\u00e5 eit kommersielt plateselskap.<\/strong><\/p>\r\n\r\n\r\n\r\n\r\n\r\n<p>Gruppa vart skipa i 1974 av seks l\u00e6rarstudentar i Bergen: Torunn Bakken, Maud Birkrem, Ingrid-Karin Gilje, Bente Gudbrandsen, Camilla Nortvedt og Sophie \u00abPhie\u00bb Slaatta. Alle i gruppa song og spela fleire ulike instrument.<\/p>\r\n<p>Motivasjonen for \u00e5 starte gruppa var \u00e5 kombinere eiga musikalsk utvikling med formidling av kvinnesak, og gruppa heldt den f\u00f8rste konserten sin p\u00e5 kvinnedagen 8. mars same \u00e5ret.<\/p>\r\n\r\n\r\n\r\n\r\n\r\n<p>I byrjinga av 1970-\u00e5ra voks det fram mange ulike, feministiske grupper. Kjerringrokk var ein del av denne framveksten, men var ikkje knytt til ei spesifikk kvinnepolitisk retning.<\/p>\r\n<p>Dei framf\u00f8rte ei blanding av sj\u00f8lvskrivne songar, folkemusikk, omsette viser og tonesette dikt av mellom anna Edvard Hoem og Arnljot Eggen. Tekstane tok opp saker som porno, abort, vald og andre kvinnepolitiske saker.<\/p>\r\n\r\n\r\n\r\n<h4><strong>Platekontrakt etter TV-program i kvinne\u00e5ret<\/strong><\/h4>\r\n<p>10. mars i kvinne\u00e5ret 1975 var Kjerringrokk, saman med den feministiske visegruppa Amtmandens D\u00f8tre og visesongaren Kristin Berglund, med i TV-programmet <em>Syng ut, jenter<\/em> p\u00e5 NRK. Etterp\u00e5 fekk gruppa tilbod om platekontrakt med Polydor.<\/p>\r\n<p><strong>Dei fekk med seg Terje Rypdal som produsent. P\u00e5 seinhausten 1975 kom s\u00e5 plata ut p\u00e5 LP og kassett, ei utgiving som speglar den musikalske breidda til gruppa.<\/strong><\/p>\r\n\r\n\r\n\r\n\r\n\r\n<p>I tida etter plateutgivinga flytta fleire av medlemene, sidan dei var ferdige med utdanninga si. Det vart vanskeleg \u00e5 halde fram med \u00e5 spele saman, og Kjerringrokk vart i praksis oppl\u00f8yst. Dei kom likevel saman for \u00e5 spele nokre konsertar i 1976, i tillegg til at dei var med p\u00e5 ein stor visekonsert i Oslo konserthus i 1980.<\/p>\r\n<p><em>Tekst: Svein-H. Strand, tidlegare nytta som del av ei lokalt vinkla lengre historie om bandet. Her litt omredigert.<\/em><\/p><p>Views: 102<\/p>","protected":false},"excerpt":{"rendered":"<p>(Publisert 02.01.24) Kjerringrokk var ei feministisk musikkgruppe som var aktiv midt i 1970-\u00e5ra. Dei var f\u00f8rst i Noreg til \u00e5 gi ut ei kvinnepolitisk LP-plate p\u00e5 eit kommersielt plateselskap. Gruppa &#8230; <\/p>\n<p class=\"read-more-container\"><a title=\"F\u00f8rste norske kvinnepolitiske LP\" class=\"read-more button\" href=\"https:\/\/lokalmagasinet.no\/?p=21702#more-21702\">Les mer<span class=\"screen-reader-text\">F\u00f8rste norske kvinnepolitiske LP<\/span><\/a><\/p>\n","protected":false},"author":6,"featured_media":0,"comment_status":"closed","ping_status":"closed","sticky":false,"template":"","format":"standard","meta":{"footnotes":""},"categories":[35,31],"tags":[],"class_list":["post-21702","post","type-post","status-publish","format-standard","hentry","category-minner","category-musikk"],"yoast_head":"<!-- This site is optimized with the Yoast SEO plugin v27.4 - https:\/\/yoast.com\/product\/yoast-seo-wordpress\/ -->\n<title>F\u00f8rste norske kvinnepolitiske LP | Lokalmagasinet.no<\/title>\n<meta name=\"robots\" content=\"index, follow, max-snippet:-1, max-image-preview:large, max-video-preview:-1\" \/>\n<link rel=\"canonical\" href=\"https:\/\/lokalmagasinet.no\/?p=21702\" \/>\n<meta property=\"og:locale\" content=\"nn_NO\" \/>\n<meta property=\"og:type\" content=\"article\" \/>\n<meta property=\"og:title\" content=\"F\u00f8rste norske kvinnepolitiske LP | Lokalmagasinet.no\" \/>\n<meta property=\"og:description\" content=\"(Publisert 02.01.24) Kjerringrokk var ei feministisk musikkgruppe som var aktiv midt i 1970-\u00e5ra. Dei var f\u00f8rst i Noreg til \u00e5 gi ut ei kvinnepolitisk LP-plate p\u00e5 eit kommersielt plateselskap. Gruppa ... Les merF\u00f8rste norske kvinnepolitiske LP\" \/>\n<meta property=\"og:url\" content=\"https:\/\/lokalmagasinet.no\/?p=21702\" \/>\n<meta property=\"og:site_name\" content=\"Lokalmagasinet.no\" \/>\n<meta property=\"article:publisher\" content=\"https:\/\/www.facebook.com\/sveinharald.strand.1\" \/>\n<meta property=\"article:author\" content=\"https:\/\/www.facebook.com\/sveinharald.strand.1\" \/>\n<meta property=\"article:published_time\" content=\"2024-02-02T11:53:47+00:00\" \/>\n<meta property=\"article:modified_time\" content=\"2024-02-02T12:10:04+00:00\" \/>\n<meta property=\"og:image\" content=\"https:\/\/lokalmagasinet.no\/wp-content\/uploads\/2022\/09\/Kjerringrokk-scaled-e1662394294759-300x278.jpg\" \/>\n<meta name=\"author\" content=\"Svein-Harald Strand\" \/>\n<meta name=\"twitter:card\" content=\"summary_large_image\" \/>\n<meta name=\"twitter:creator\" content=\"@LMExtra\" \/>\n<meta name=\"twitter:site\" content=\"@LMExtra\" \/>\n<meta name=\"twitter:label1\" content=\"Written by\" \/>\n\t<meta name=\"twitter:data1\" content=\"Svein-Harald Strand\" \/>\n\t<meta name=\"twitter:label2\" content=\"Est. reading time\" \/>\n\t<meta name=\"twitter:data2\" content=\"1 minutt\" \/>\n<script type=\"application\/ld+json\" class=\"yoast-schema-graph\">{\"@context\":\"https:\\\/\\\/schema.org\",\"@graph\":[{\"@type\":\"Article\",\"@id\":\"https:\\\/\\\/lokalmagasinet.no\\\/?p=21702#article\",\"isPartOf\":{\"@id\":\"https:\\\/\\\/lokalmagasinet.no\\\/?p=21702\"},\"author\":{\"name\":\"Svein-Harald Strand\",\"@id\":\"https:\\\/\\\/lokalmagasinet.no\\\/#\\\/schema\\\/person\\\/2e8d221708d3aaf6f577275b5bba4310\"},\"headline\":\"F\u00f8rste norske kvinnepolitiske LP\",\"datePublished\":\"2024-02-02T11:53:47+00:00\",\"dateModified\":\"2024-02-02T12:10:04+00:00\",\"mainEntityOfPage\":{\"@id\":\"https:\\\/\\\/lokalmagasinet.no\\\/?p=21702\"},\"wordCount\":295,\"publisher\":{\"@id\":\"https:\\\/\\\/lokalmagasinet.no\\\/#organization\"},\"image\":{\"@id\":\"https:\\\/\\\/lokalmagasinet.no\\\/?p=21702#primaryimage\"},\"thumbnailUrl\":\"https:\\\/\\\/lokalmagasinet.no\\\/wp-content\\\/uploads\\\/2022\\\/09\\\/Kjerringrokk-scaled-e1662394294759-300x278.jpg\",\"articleSection\":[\"Minner\",\"Musikk\"],\"inLanguage\":\"nn-NO\"},{\"@type\":\"WebPage\",\"@id\":\"https:\\\/\\\/lokalmagasinet.no\\\/?p=21702\",\"url\":\"https:\\\/\\\/lokalmagasinet.no\\\/?p=21702\",\"name\":\"F\u00f8rste norske kvinnepolitiske LP | Lokalmagasinet.no\",\"isPartOf\":{\"@id\":\"https:\\\/\\\/lokalmagasinet.no\\\/#website\"},\"primaryImageOfPage\":{\"@id\":\"https:\\\/\\\/lokalmagasinet.no\\\/?p=21702#primaryimage\"},\"image\":{\"@id\":\"https:\\\/\\\/lokalmagasinet.no\\\/?p=21702#primaryimage\"},\"thumbnailUrl\":\"https:\\\/\\\/lokalmagasinet.no\\\/wp-content\\\/uploads\\\/2022\\\/09\\\/Kjerringrokk-scaled-e1662394294759-300x278.jpg\",\"datePublished\":\"2024-02-02T11:53:47+00:00\",\"dateModified\":\"2024-02-02T12:10:04+00:00\",\"breadcrumb\":{\"@id\":\"https:\\\/\\\/lokalmagasinet.no\\\/?p=21702#breadcrumb\"},\"inLanguage\":\"nn-NO\",\"potentialAction\":[{\"@type\":\"ReadAction\",\"target\":[\"https:\\\/\\\/lokalmagasinet.no\\\/?p=21702\"]}]},{\"@type\":\"ImageObject\",\"inLanguage\":\"nn-NO\",\"@id\":\"https:\\\/\\\/lokalmagasinet.no\\\/?p=21702#primaryimage\",\"url\":\"https:\\\/\\\/lokalmagasinet.no\\\/wp-content\\\/uploads\\\/2022\\\/09\\\/Kjerringrokk-scaled-e1662394294759.jpg\",\"contentUrl\":\"https:\\\/\\\/lokalmagasinet.no\\\/wp-content\\\/uploads\\\/2022\\\/09\\\/Kjerringrokk-scaled-e1662394294759.jpg\",\"width\":2048,\"height\":1901},{\"@type\":\"BreadcrumbList\",\"@id\":\"https:\\\/\\\/lokalmagasinet.no\\\/?p=21702#breadcrumb\",\"itemListElement\":[{\"@type\":\"ListItem\",\"position\":1,\"name\":\"Hjem\",\"item\":\"https:\\\/\\\/lokalmagasinet.no\\\/\"},{\"@type\":\"ListItem\",\"position\":2,\"name\":\"F\u00f8rste norske kvinnepolitiske LP\"}]},{\"@type\":\"WebSite\",\"@id\":\"https:\\\/\\\/lokalmagasinet.no\\\/#website\",\"url\":\"https:\\\/\\\/lokalmagasinet.no\\\/\",\"name\":\"Lokalmagasinet.no\",\"description\":\"Fra fortid og n\u00e5tid. Med st\u00e5sted i det n\u00e6re. Siden 2002.\",\"publisher\":{\"@id\":\"https:\\\/\\\/lokalmagasinet.no\\\/#organization\"},\"potentialAction\":[{\"@type\":\"SearchAction\",\"target\":{\"@type\":\"EntryPoint\",\"urlTemplate\":\"https:\\\/\\\/lokalmagasinet.no\\\/?s={search_term_string}\"},\"query-input\":{\"@type\":\"PropertyValueSpecification\",\"valueRequired\":true,\"valueName\":\"search_term_string\"}}],\"inLanguage\":\"nn-NO\"},{\"@type\":\"Organization\",\"@id\":\"https:\\\/\\\/lokalmagasinet.no\\\/#organization\",\"name\":\"Lokalmagasinet.no\",\"url\":\"https:\\\/\\\/lokalmagasinet.no\\\/\",\"logo\":{\"@type\":\"ImageObject\",\"inLanguage\":\"nn-NO\",\"@id\":\"https:\\\/\\\/lokalmagasinet.no\\\/#\\\/schema\\\/logo\\\/image\\\/\",\"url\":\"https:\\\/\\\/lokalmagasinet.no\\\/wp-content\\\/uploads\\\/2021\\\/03\\\/cropped-cropped-cropped-cropped-cropped-cropped-lmlogo-e1640691300821.jpg\",\"contentUrl\":\"https:\\\/\\\/lokalmagasinet.no\\\/wp-content\\\/uploads\\\/2021\\\/03\\\/cropped-cropped-cropped-cropped-cropped-cropped-lmlogo-e1640691300821.jpg\",\"width\":72,\"height\":118,\"caption\":\"Lokalmagasinet.no\"},\"image\":{\"@id\":\"https:\\\/\\\/lokalmagasinet.no\\\/#\\\/schema\\\/logo\\\/image\\\/\"},\"sameAs\":[\"https:\\\/\\\/www.facebook.com\\\/sveinharald.strand.1\",\"https:\\\/\\\/x.com\\\/LMExtra\"]},{\"@type\":\"Person\",\"@id\":\"https:\\\/\\\/lokalmagasinet.no\\\/#\\\/schema\\\/person\\\/2e8d221708d3aaf6f577275b5bba4310\",\"name\":\"Svein-Harald Strand\",\"image\":{\"@type\":\"ImageObject\",\"inLanguage\":\"nn-NO\",\"@id\":\"https:\\\/\\\/secure.gravatar.com\\\/avatar\\\/c487434bdf6cd7c12e4a88877ae4b12c38d22b7ad64292b49d33ed7503bb7ce1?s=96&d=mm&r=g\",\"url\":\"https:\\\/\\\/secure.gravatar.com\\\/avatar\\\/c487434bdf6cd7c12e4a88877ae4b12c38d22b7ad64292b49d33ed7503bb7ce1?s=96&d=mm&r=g\",\"contentUrl\":\"https:\\\/\\\/secure.gravatar.com\\\/avatar\\\/c487434bdf6cd7c12e4a88877ae4b12c38d22b7ad64292b49d33ed7503bb7ce1?s=96&d=mm&r=g\",\"caption\":\"Svein-Harald Strand\"},\"description\":\"(F. 26.12.1945) Redakt\u00f8r, journalist og informasjonsarbeider siden 1968. ||| I 1963: Redaksjonell praktikant i 8 m\u00e5neder p\u00e5 full tid i Helgeland Arbeiderblad i hjembyen Mosj\u00f8en. ||| Arbeidende pensjonist med hjemmekontor fra 2008 (AFP) og videre som folkepensjonist til n\u00e5.\",\"sameAs\":[\"https:\\\/\\\/lokalmagasinet.no\\\/\",\"https:\\\/\\\/www.facebook.com\\\/sveinharald.strand.1\",\"https:\\\/\\\/x.com\\\/LMExtra\"],\"url\":\"https:\\\/\\\/lokalmagasinet.no\\\/?author=6\"}]}<\/script>\n<!-- \/ Yoast SEO plugin. -->","yoast_head_json":{"title":"F\u00f8rste norske kvinnepolitiske LP | Lokalmagasinet.no","robots":{"index":"index","follow":"follow","max-snippet":"max-snippet:-1","max-image-preview":"max-image-preview:large","max-video-preview":"max-video-preview:-1"},"canonical":"https:\/\/lokalmagasinet.no\/?p=21702","og_locale":"nn_NO","og_type":"article","og_title":"F\u00f8rste norske kvinnepolitiske LP | Lokalmagasinet.no","og_description":"(Publisert 02.01.24) Kjerringrokk var ei feministisk musikkgruppe som var aktiv midt i 1970-\u00e5ra. Dei var f\u00f8rst i Noreg til \u00e5 gi ut ei kvinnepolitisk LP-plate p\u00e5 eit kommersielt plateselskap. Gruppa ... Les merF\u00f8rste norske kvinnepolitiske LP","og_url":"https:\/\/lokalmagasinet.no\/?p=21702","og_site_name":"Lokalmagasinet.no","article_publisher":"https:\/\/www.facebook.com\/sveinharald.strand.1","article_author":"https:\/\/www.facebook.com\/sveinharald.strand.1","article_published_time":"2024-02-02T11:53:47+00:00","article_modified_time":"2024-02-02T12:10:04+00:00","og_image":[{"url":"https:\/\/lokalmagasinet.no\/wp-content\/uploads\/2022\/09\/Kjerringrokk-scaled-e1662394294759-300x278.jpg","type":"","width":"","height":""}],"author":"Svein-Harald Strand","twitter_card":"summary_large_image","twitter_creator":"@LMExtra","twitter_site":"@LMExtra","twitter_misc":{"Written by":"Svein-Harald Strand","Est. reading time":"1 minutt"},"schema":{"@context":"https:\/\/schema.org","@graph":[{"@type":"Article","@id":"https:\/\/lokalmagasinet.no\/?p=21702#article","isPartOf":{"@id":"https:\/\/lokalmagasinet.no\/?p=21702"},"author":{"name":"Svein-Harald Strand","@id":"https:\/\/lokalmagasinet.no\/#\/schema\/person\/2e8d221708d3aaf6f577275b5bba4310"},"headline":"F\u00f8rste norske kvinnepolitiske LP","datePublished":"2024-02-02T11:53:47+00:00","dateModified":"2024-02-02T12:10:04+00:00","mainEntityOfPage":{"@id":"https:\/\/lokalmagasinet.no\/?p=21702"},"wordCount":295,"publisher":{"@id":"https:\/\/lokalmagasinet.no\/#organization"},"image":{"@id":"https:\/\/lokalmagasinet.no\/?p=21702#primaryimage"},"thumbnailUrl":"https:\/\/lokalmagasinet.no\/wp-content\/uploads\/2022\/09\/Kjerringrokk-scaled-e1662394294759-300x278.jpg","articleSection":["Minner","Musikk"],"inLanguage":"nn-NO"},{"@type":"WebPage","@id":"https:\/\/lokalmagasinet.no\/?p=21702","url":"https:\/\/lokalmagasinet.no\/?p=21702","name":"F\u00f8rste norske kvinnepolitiske LP | Lokalmagasinet.no","isPartOf":{"@id":"https:\/\/lokalmagasinet.no\/#website"},"primaryImageOfPage":{"@id":"https:\/\/lokalmagasinet.no\/?p=21702#primaryimage"},"image":{"@id":"https:\/\/lokalmagasinet.no\/?p=21702#primaryimage"},"thumbnailUrl":"https:\/\/lokalmagasinet.no\/wp-content\/uploads\/2022\/09\/Kjerringrokk-scaled-e1662394294759-300x278.jpg","datePublished":"2024-02-02T11:53:47+00:00","dateModified":"2024-02-02T12:10:04+00:00","breadcrumb":{"@id":"https:\/\/lokalmagasinet.no\/?p=21702#breadcrumb"},"inLanguage":"nn-NO","potentialAction":[{"@type":"ReadAction","target":["https:\/\/lokalmagasinet.no\/?p=21702"]}]},{"@type":"ImageObject","inLanguage":"nn-NO","@id":"https:\/\/lokalmagasinet.no\/?p=21702#primaryimage","url":"https:\/\/lokalmagasinet.no\/wp-content\/uploads\/2022\/09\/Kjerringrokk-scaled-e1662394294759.jpg","contentUrl":"https:\/\/lokalmagasinet.no\/wp-content\/uploads\/2022\/09\/Kjerringrokk-scaled-e1662394294759.jpg","width":2048,"height":1901},{"@type":"BreadcrumbList","@id":"https:\/\/lokalmagasinet.no\/?p=21702#breadcrumb","itemListElement":[{"@type":"ListItem","position":1,"name":"Hjem","item":"https:\/\/lokalmagasinet.no\/"},{"@type":"ListItem","position":2,"name":"F\u00f8rste norske kvinnepolitiske LP"}]},{"@type":"WebSite","@id":"https:\/\/lokalmagasinet.no\/#website","url":"https:\/\/lokalmagasinet.no\/","name":"Lokalmagasinet.no","description":"Fra fortid og n\u00e5tid. Med st\u00e5sted i det n\u00e6re. Siden 2002.","publisher":{"@id":"https:\/\/lokalmagasinet.no\/#organization"},"potentialAction":[{"@type":"SearchAction","target":{"@type":"EntryPoint","urlTemplate":"https:\/\/lokalmagasinet.no\/?s={search_term_string}"},"query-input":{"@type":"PropertyValueSpecification","valueRequired":true,"valueName":"search_term_string"}}],"inLanguage":"nn-NO"},{"@type":"Organization","@id":"https:\/\/lokalmagasinet.no\/#organization","name":"Lokalmagasinet.no","url":"https:\/\/lokalmagasinet.no\/","logo":{"@type":"ImageObject","inLanguage":"nn-NO","@id":"https:\/\/lokalmagasinet.no\/#\/schema\/logo\/image\/","url":"https:\/\/lokalmagasinet.no\/wp-content\/uploads\/2021\/03\/cropped-cropped-cropped-cropped-cropped-cropped-lmlogo-e1640691300821.jpg","contentUrl":"https:\/\/lokalmagasinet.no\/wp-content\/uploads\/2021\/03\/cropped-cropped-cropped-cropped-cropped-cropped-lmlogo-e1640691300821.jpg","width":72,"height":118,"caption":"Lokalmagasinet.no"},"image":{"@id":"https:\/\/lokalmagasinet.no\/#\/schema\/logo\/image\/"},"sameAs":["https:\/\/www.facebook.com\/sveinharald.strand.1","https:\/\/x.com\/LMExtra"]},{"@type":"Person","@id":"https:\/\/lokalmagasinet.no\/#\/schema\/person\/2e8d221708d3aaf6f577275b5bba4310","name":"Svein-Harald Strand","image":{"@type":"ImageObject","inLanguage":"nn-NO","@id":"https:\/\/secure.gravatar.com\/avatar\/c487434bdf6cd7c12e4a88877ae4b12c38d22b7ad64292b49d33ed7503bb7ce1?s=96&d=mm&r=g","url":"https:\/\/secure.gravatar.com\/avatar\/c487434bdf6cd7c12e4a88877ae4b12c38d22b7ad64292b49d33ed7503bb7ce1?s=96&d=mm&r=g","contentUrl":"https:\/\/secure.gravatar.com\/avatar\/c487434bdf6cd7c12e4a88877ae4b12c38d22b7ad64292b49d33ed7503bb7ce1?s=96&d=mm&r=g","caption":"Svein-Harald Strand"},"description":"(F. 26.12.1945) Redakt\u00f8r, journalist og informasjonsarbeider siden 1968. ||| I 1963: Redaksjonell praktikant i 8 m\u00e5neder p\u00e5 full tid i Helgeland Arbeiderblad i hjembyen Mosj\u00f8en. ||| Arbeidende pensjonist med hjemmekontor fra 2008 (AFP) og videre som folkepensjonist til n\u00e5.","sameAs":["https:\/\/lokalmagasinet.no\/","https:\/\/www.facebook.com\/sveinharald.strand.1","https:\/\/x.com\/LMExtra"],"url":"https:\/\/lokalmagasinet.no\/?author=6"}]}},"_links":{"self":[{"href":"https:\/\/lokalmagasinet.no\/index.php?rest_route=\/wp\/v2\/posts\/21702","targetHints":{"allow":["GET"]}}],"collection":[{"href":"https:\/\/lokalmagasinet.no\/index.php?rest_route=\/wp\/v2\/posts"}],"about":[{"href":"https:\/\/lokalmagasinet.no\/index.php?rest_route=\/wp\/v2\/types\/post"}],"author":[{"embeddable":true,"href":"https:\/\/lokalmagasinet.no\/index.php?rest_route=\/wp\/v2\/users\/6"}],"replies":[{"embeddable":true,"href":"https:\/\/lokalmagasinet.no\/index.php?rest_route=%2Fwp%2Fv2%2Fcomments&post=21702"}],"version-history":[{"count":8,"href":"https:\/\/lokalmagasinet.no\/index.php?rest_route=\/wp\/v2\/posts\/21702\/revisions"}],"predecessor-version":[{"id":21715,"href":"https:\/\/lokalmagasinet.no\/index.php?rest_route=\/wp\/v2\/posts\/21702\/revisions\/21715"}],"wp:attachment":[{"href":"https:\/\/lokalmagasinet.no\/index.php?rest_route=%2Fwp%2Fv2%2Fmedia&parent=21702"}],"wp:term":[{"taxonomy":"category","embeddable":true,"href":"https:\/\/lokalmagasinet.no\/index.php?rest_route=%2Fwp%2Fv2%2Fcategories&post=21702"},{"taxonomy":"post_tag","embeddable":true,"href":"https:\/\/lokalmagasinet.no\/index.php?rest_route=%2Fwp%2Fv2%2Ftags&post=21702"}],"curies":[{"name":"wp","href":"https:\/\/api.w.org\/{rel}","templated":true}]}}